{"id":38024,"date":"2021-04-13T13:29:31","date_gmt":"2021-04-13T11:29:31","guid":{"rendered":"https:\/\/www.ajeandalucia.org\/granada\/?p=38024"},"modified":"2021-04-13T13:35:23","modified_gmt":"2021-04-13T11:35:23","slug":"el-alumnado-de-juan-xxiii-cartuja-lucira-sus-cualidades-oradoras-en-el-ii-concurso-de-oratoria-bravekid","status":"publish","type":"post","link":"https:\/\/ajeandalucia.org\/granada\/2021\/04\/13\/el-alumnado-de-juan-xxiii-cartuja-lucira-sus-cualidades-oradoras-en-el-ii-concurso-de-oratoria-bravekid\/","title":{"rendered":"El alumnado de Juan XXIII Cartuja lucir\u00e1 sus cualidades oradoras en el II concurso de Oratoria \u201cBravekid\u201d"},"content":{"rendered":"<p>M\u00e1s de 200 ni\u00f1os han competido en la segunda edici\u00f3n de este campeonato, llegando s\u00f3lo 20 a la fase final y compitiendo en distintas categor\u00edas (debates, discursos formales y discursos improvisados), que se celebrar\u00e1 el <strong>s\u00e1bado 17 de abril de 10:00 a 13:00h.<\/strong><\/p>\n<p>Los alumnos y alumnas han sido capaces de superar su miedo esc\u00e9nico en tiempo r\u00e9cord, desde que comenz\u00f3 este curso tan especial. No solamente han superado con creces los objetivos, sino que se han superado a s\u00ed mismos d\u00e1ndonos una lecci\u00f3n de responsabilidad y creatividad, dise\u00f1ando una presentaci\u00f3n atractiva y ci\u00f1\u00e9ndose a un tiempo limitado.<\/p>\n<p>El concurso se celebra en la provincia de Granada. En Espa\u00f1a hay un gran h\u00e1ndicap con los alumnos de secundaria, ya que les cuesta mucho expresar sus ideas y presentarlas frente a un p\u00fablico; y entrenando con este programa, lo han conseguido.<\/p>\n<p>La clave reside en la constancia en el entrenamiento, que permite que hablar en p\u00fablico deje ser algo de valientes y se convierta en algo mucho m\u00e1s divertido y cercano para los alumnos.<\/p>\n<p>En Granada, esta actividad se imparte en el centro educativo \u2018\u2019Juan XXIII Cartuja\u2019\u2019, dentro del curr\u00edculum, erigi\u00e9ndose como un centro de referencia en innovaci\u00f3n educativa y enriqueciendo a sus alumnos con las competencias tan ansiadas por nuestro sistema educativo pero tan ut\u00f3picas en muchos casos, siendo la comunicaci\u00f3n una asignatura pendiente. Sin embargo, aqu\u00ed, m\u00e1s de 200 alumnos granadinos de 12 a 14 a\u00f1os mejoran sus habilidades de comunicaci\u00f3n entrenando con \u2018\u2019Bravekid\u2019\u2019. Se han convertido en unos \u2018\u2019chicos valientes\u2019\u2019.<\/p>\n<p>Hay que destacar que es el \u00fanico campeonato de oratoria de estas caracter\u00edsticas en Espa\u00f1a, algo que dota de singularidad y distinci\u00f3n a este evento.<\/p>\n<p><a href=\"http:\/\/proeduco.es\/wp\/\"><strong>PROEDUCO<\/strong><\/a><\/p>\n<p>&nbsp;<\/p>\n","protected":false},"excerpt":{"rendered":"<p>M\u00e1s de 200 ni\u00f1os han competido en la segunda edici\u00f3n de este campeonato, llegando s\u00f3lo 20 a la fase final [&hellip;]<\/p>\n","protected":false},"author":6,"featured_media":38025,"comment_status":"open","ping_status":"open","sticky":false,"template":"","format":"standard","meta":{"_acf_changed":false,"site-sidebar-layout":"default","site-content-layout":"","ast-site-content-layout":"default","site-content-style":"default","site-sidebar-style":"default","ast-global-header-display":"","ast-banner-title-visibility":"","ast-main-header-display":"","ast-hfb-above-header-display":"","ast-hfb-below-header-display":"","ast-hfb-mobile-header-display":"","site-post-title":"","ast-breadcrumbs-content":"","ast-featured-img":"","footer-sml-layout":"","ast-disable-related-posts":"","theme-transparent-header-meta":"","adv-header-id-meta":"","stick-header-meta":"","header-above-stick-meta":"","header-main-stick-meta":"","header-below-stick-meta":"","astra-migrate-meta-layouts":"default","ast-page-background-enabled":"default","ast-page-background-meta":{"desktop":{"background-color":"var(--ast-global-color-5)","background-image":"","background-repeat":"repeat","background-position":"center center","background-size":"auto","background-attachment":"scroll","background-type":"","background-media":"","overlay-type":"","overlay-color":"","overlay-opacity":"","overlay-gradient":""},"tablet":{"background-color":"","background-image":"","background-repeat":"repeat","background-position":"center center","background-size":"auto","background-attachment":"scroll","background-type":"","background-media":"","overlay-type":"","overlay-color":"","overlay-opacity":"","overlay-gradient":""},"mobile":{"background-color":"","background-image":"","background-repeat":"repeat","background-position":"center center","background-size":"auto","background-attachment":"scroll","background-type":"","background-media":"","overlay-type":"","overlay-color":"","overlay-opacity":"","overlay-gradient":""}},"ast-content-background-meta":{"desktop":{"background-color":"var(--ast-global-color-4)","background-image":"","background-repeat":"repeat","background-position":"center center","background-size":"auto","background-attachment":"scroll","background-type":"","background-media":"","overlay-type":"","overlay-color":"","overlay-opacity":"","overlay-gradient":""},"tablet":{"background-color":"var(--ast-global-color-4)","background-image":"","background-repeat":"repeat","background-position":"center center","background-size":"auto","background-attachment":"scroll","background-type":"","background-media":"","overlay-type":"","overlay-color":"","overlay-opacity":"","overlay-gradient":""},"mobile":{"background-color":"var(--ast-global-color-4)","background-image":"","background-repeat":"repeat","background-position":"center center","background-size":"auto","background-attachment":"scroll","background-type":"","background-media":"","overlay-type":"","overlay-color":"","overlay-opacity":"","overlay-gradient":""}},"footnotes":""},"categories":[2467,8],"tags":[],"class_list":["post-38024","post","type-post","status-publish","format-standard","has-post-thumbnail","hentry","category-eventos","category-noticias"],"acf":[],"yoast_head":"<!-- This site is optimized with the Yoast SEO plugin v26.9 - https:\/\/yoast.com\/product\/yoast-seo-wordpress\/ -->\n<title>El alumnado de Juan XXIII Cartuja lucir\u00e1 sus cualidades oradoras en el II concurso de Oratoria \u201cBravekid\u201d - AJE Granada<\/title>\n<meta name=\"robots\" content=\"index, follow, max-snippet:-1, max-image-preview:large, max-video-preview:-1\" \/>\n<link rel=\"canonical\" href=\"https:\/\/ajeandalucia.org\/granada\/2021\/04\/13\/el-alumnado-de-juan-xxiii-cartuja-lucira-sus-cualidades-oradoras-en-el-ii-concurso-de-oratoria-bravekid\/\" \/>\n<meta property=\"og:locale\" content=\"es_ES\" \/>\n<meta property=\"og:type\" content=\"article\" \/>\n<meta property=\"og:title\" content=\"El alumnado de Juan XXIII Cartuja lucir\u00e1 sus cualidades oradoras en el II concurso de Oratoria \u201cBravekid\u201d - AJE Granada\" \/>\n<meta property=\"og:description\" content=\"M\u00e1s de 200 ni\u00f1os han competido en la segunda edici\u00f3n de este campeonato, llegando s\u00f3lo 20 a la fase final [&hellip;]\" \/>\n<meta property=\"og:url\" content=\"https:\/\/ajeandalucia.org\/granada\/2021\/04\/13\/el-alumnado-de-juan-xxiii-cartuja-lucira-sus-cualidades-oradoras-en-el-ii-concurso-de-oratoria-bravekid\/\" \/>\n<meta property=\"og:site_name\" content=\"AJE Granada\" \/>\n<meta property=\"article:published_time\" content=\"2021-04-13T11:29:31+00:00\" \/>\n<meta property=\"article:modified_time\" content=\"2021-04-13T11:35:23+00:00\" \/>\n<meta property=\"og:image\" content=\"https:\/\/ajeandalucia.org\/granada\/wp-content\/uploads\/sites\/7\/2021\/04\/proeduco.png\" \/>\n\t<meta property=\"og:image:width\" content=\"768\" \/>\n\t<meta property=\"og:image:height\" content=\"229\" \/>\n\t<meta property=\"og:image:type\" content=\"image\/png\" \/>\n<meta name=\"author\" content=\"granada\" \/>\n<meta name=\"twitter:card\" content=\"summary_large_image\" \/>\n<meta name=\"twitter:label1\" content=\"Escrito por\" \/>\n\t<meta name=\"twitter:data1\" content=\"granada\" \/>\n\t<meta name=\"twitter:label2\" content=\"Tiempo de lectura\" \/>\n\t<meta name=\"twitter:data2\" content=\"2 minutos\" \/>\n<script type=\"application\/ld+json\" class=\"yoast-schema-graph\">{\"@context\":\"https:\/\/schema.org\",\"@graph\":[{\"@type\":\"Article\",\"@id\":\"https:\/\/ajeandalucia.org\/granada\/2021\/04\/13\/el-alumnado-de-juan-xxiii-cartuja-lucira-sus-cualidades-oradoras-en-el-ii-concurso-de-oratoria-bravekid\/#article\",\"isPartOf\":{\"@id\":\"https:\/\/ajeandalucia.org\/granada\/2021\/04\/13\/el-alumnado-de-juan-xxiii-cartuja-lucira-sus-cualidades-oradoras-en-el-ii-concurso-de-oratoria-bravekid\/\"},\"author\":{\"name\":\"granada\",\"@id\":\"https:\/\/ajeandalucia.org\/granada\/#\/schema\/person\/11740bd602b2087a5d9913ce7ad3b931\"},\"headline\":\"El alumnado de Juan XXIII Cartuja lucir\u00e1 sus cualidades oradoras en el II concurso de Oratoria \u201cBravekid\u201d\",\"datePublished\":\"2021-04-13T11:29:31+00:00\",\"dateModified\":\"2021-04-13T11:35:23+00:00\",\"mainEntityOfPage\":{\"@id\":\"https:\/\/ajeandalucia.org\/granada\/2021\/04\/13\/el-alumnado-de-juan-xxiii-cartuja-lucira-sus-cualidades-oradoras-en-el-ii-concurso-de-oratoria-bravekid\/\"},\"wordCount\":318,\"commentCount\":0,\"publisher\":{\"@id\":\"https:\/\/ajeandalucia.org\/granada\/#organization\"},\"image\":{\"@id\":\"https:\/\/ajeandalucia.org\/granada\/2021\/04\/13\/el-alumnado-de-juan-xxiii-cartuja-lucira-sus-cualidades-oradoras-en-el-ii-concurso-de-oratoria-bravekid\/#primaryimage\"},\"thumbnailUrl\":\"https:\/\/ajeandalucia.org\/granada\/wp-content\/uploads\/sites\/7\/2021\/04\/proeduco.png\",\"articleSection\":[\"Eventos\",\"Noticias\"],\"inLanguage\":\"es\",\"potentialAction\":[{\"@type\":\"CommentAction\",\"name\":\"Comment\",\"target\":[\"https:\/\/ajeandalucia.org\/granada\/2021\/04\/13\/el-alumnado-de-juan-xxiii-cartuja-lucira-sus-cualidades-oradoras-en-el-ii-concurso-de-oratoria-bravekid\/#respond\"]}]},{\"@type\":\"WebPage\",\"@id\":\"https:\/\/ajeandalucia.org\/granada\/2021\/04\/13\/el-alumnado-de-juan-xxiii-cartuja-lucira-sus-cualidades-oradoras-en-el-ii-concurso-de-oratoria-bravekid\/\",\"url\":\"https:\/\/ajeandalucia.org\/granada\/2021\/04\/13\/el-alumnado-de-juan-xxiii-cartuja-lucira-sus-cualidades-oradoras-en-el-ii-concurso-de-oratoria-bravekid\/\",\"name\":\"El alumnado de Juan XXIII Cartuja lucir\u00e1 sus cualidades oradoras en el II concurso de Oratoria \u201cBravekid\u201d - AJE Granada\",\"isPartOf\":{\"@id\":\"https:\/\/ajeandalucia.org\/granada\/#website\"},\"primaryImageOfPage\":{\"@id\":\"https:\/\/ajeandalucia.org\/granada\/2021\/04\/13\/el-alumnado-de-juan-xxiii-cartuja-lucira-sus-cualidades-oradoras-en-el-ii-concurso-de-oratoria-bravekid\/#primaryimage\"},\"image\":{\"@id\":\"https:\/\/ajeandalucia.org\/granada\/2021\/04\/13\/el-alumnado-de-juan-xxiii-cartuja-lucira-sus-cualidades-oradoras-en-el-ii-concurso-de-oratoria-bravekid\/#primaryimage\"},\"thumbnailUrl\":\"https:\/\/ajeandalucia.org\/granada\/wp-content\/uploads\/sites\/7\/2021\/04\/proeduco.png\",\"datePublished\":\"2021-04-13T11:29:31+00:00\",\"dateModified\":\"2021-04-13T11:35:23+00:00\",\"breadcrumb\":{\"@id\":\"https:\/\/ajeandalucia.org\/granada\/2021\/04\/13\/el-alumnado-de-juan-xxiii-cartuja-lucira-sus-cualidades-oradoras-en-el-ii-concurso-de-oratoria-bravekid\/#breadcrumb\"},\"inLanguage\":\"es\",\"potentialAction\":[{\"@type\":\"ReadAction\",\"target\":[\"https:\/\/ajeandalucia.org\/granada\/2021\/04\/13\/el-alumnado-de-juan-xxiii-cartuja-lucira-sus-cualidades-oradoras-en-el-ii-concurso-de-oratoria-bravekid\/\"]}]},{\"@type\":\"ImageObject\",\"inLanguage\":\"es\",\"@id\":\"https:\/\/ajeandalucia.org\/granada\/2021\/04\/13\/el-alumnado-de-juan-xxiii-cartuja-lucira-sus-cualidades-oradoras-en-el-ii-concurso-de-oratoria-bravekid\/#primaryimage\",\"url\":\"https:\/\/ajeandalucia.org\/granada\/wp-content\/uploads\/sites\/7\/2021\/04\/proeduco.png\",\"contentUrl\":\"https:\/\/ajeandalucia.org\/granada\/wp-content\/uploads\/sites\/7\/2021\/04\/proeduco.png\",\"width\":768,\"height\":229},{\"@type\":\"BreadcrumbList\",\"@id\":\"https:\/\/ajeandalucia.org\/granada\/2021\/04\/13\/el-alumnado-de-juan-xxiii-cartuja-lucira-sus-cualidades-oradoras-en-el-ii-concurso-de-oratoria-bravekid\/#breadcrumb\",\"itemListElement\":[{\"@type\":\"ListItem\",\"position\":1,\"name\":\"Portada\",\"item\":\"https:\/\/ajeandalucia.org\/granada\/\"},{\"@type\":\"ListItem\",\"position\":2,\"name\":\"El alumnado de Juan XXIII Cartuja lucir\u00e1 sus cualidades oradoras en el II concurso de Oratoria \u201cBravekid\u201d\"}]},{\"@type\":\"WebSite\",\"@id\":\"https:\/\/ajeandalucia.org\/granada\/#website\",\"url\":\"https:\/\/ajeandalucia.org\/granada\/\",\"name\":\"AJE Granada\",\"description\":\"J\u00f3venes Empresarios de Granada\",\"publisher\":{\"@id\":\"https:\/\/ajeandalucia.org\/granada\/#organization\"},\"potentialAction\":[{\"@type\":\"SearchAction\",\"target\":{\"@type\":\"EntryPoint\",\"urlTemplate\":\"https:\/\/ajeandalucia.org\/granada\/?s={search_term_string}\"},\"query-input\":{\"@type\":\"PropertyValueSpecification\",\"valueRequired\":true,\"valueName\":\"search_term_string\"}}],\"inLanguage\":\"es\"},{\"@type\":\"Organization\",\"@id\":\"https:\/\/ajeandalucia.org\/granada\/#organization\",\"name\":\"AJE Granada\",\"url\":\"https:\/\/ajeandalucia.org\/granada\/\",\"logo\":{\"@type\":\"ImageObject\",\"inLanguage\":\"es\",\"@id\":\"https:\/\/ajeandalucia.org\/granada\/#\/schema\/logo\/image\/\",\"url\":\"https:\/\/ajeandalucia.org\/granada\/wp-content\/uploads\/sites\/7\/2025\/02\/AJE-GRANADA-horizontal.png\",\"contentUrl\":\"https:\/\/ajeandalucia.org\/granada\/wp-content\/uploads\/sites\/7\/2025\/02\/AJE-GRANADA-horizontal.png\",\"width\":612,\"height\":200,\"caption\":\"AJE Granada\"},\"image\":{\"@id\":\"https:\/\/ajeandalucia.org\/granada\/#\/schema\/logo\/image\/\"}},{\"@type\":\"Person\",\"@id\":\"https:\/\/ajeandalucia.org\/granada\/#\/schema\/person\/11740bd602b2087a5d9913ce7ad3b931\",\"name\":\"granada\",\"image\":{\"@type\":\"ImageObject\",\"inLanguage\":\"es\",\"@id\":\"https:\/\/ajeandalucia.org\/granada\/#\/schema\/person\/image\/\",\"url\":\"https:\/\/secure.gravatar.com\/avatar\/d3efaa03945b79a8aad01845a3fd3b3535448eae49310ea0a5677e96e0e68b63?s=96&d=mm&r=g\",\"contentUrl\":\"https:\/\/secure.gravatar.com\/avatar\/d3efaa03945b79a8aad01845a3fd3b3535448eae49310ea0a5677e96e0e68b63?s=96&d=mm&r=g\",\"caption\":\"granada\"},\"url\":\"https:\/\/ajeandalucia.org\/granada\/author\/granada\/\"}]}<\/script>\n<!-- \/ Yoast SEO plugin. -->","yoast_head_json":{"title":"El alumnado de Juan XXIII Cartuja lucir\u00e1 sus cualidades oradoras en el II concurso de Oratoria \u201cBravekid\u201d - AJE Granada","robots":{"index":"index","follow":"follow","max-snippet":"max-snippet:-1","max-image-preview":"max-image-preview:large","max-video-preview":"max-video-preview:-1"},"canonical":"https:\/\/ajeandalucia.org\/granada\/2021\/04\/13\/el-alumnado-de-juan-xxiii-cartuja-lucira-sus-cualidades-oradoras-en-el-ii-concurso-de-oratoria-bravekid\/","og_locale":"es_ES","og_type":"article","og_title":"El alumnado de Juan XXIII Cartuja lucir\u00e1 sus cualidades oradoras en el II concurso de Oratoria \u201cBravekid\u201d - AJE Granada","og_description":"M\u00e1s de 200 ni\u00f1os han competido en la segunda edici\u00f3n de este campeonato, llegando s\u00f3lo 20 a la fase final [&hellip;]","og_url":"https:\/\/ajeandalucia.org\/granada\/2021\/04\/13\/el-alumnado-de-juan-xxiii-cartuja-lucira-sus-cualidades-oradoras-en-el-ii-concurso-de-oratoria-bravekid\/","og_site_name":"AJE Granada","article_published_time":"2021-04-13T11:29:31+00:00","article_modified_time":"2021-04-13T11:35:23+00:00","og_image":[{"width":768,"height":229,"url":"https:\/\/ajeandalucia.org\/granada\/wp-content\/uploads\/sites\/7\/2021\/04\/proeduco.png","type":"image\/png"}],"author":"granada","twitter_card":"summary_large_image","twitter_misc":{"Escrito por":"granada","Tiempo de lectura":"2 minutos"},"schema":{"@context":"https:\/\/schema.org","@graph":[{"@type":"Article","@id":"https:\/\/ajeandalucia.org\/granada\/2021\/04\/13\/el-alumnado-de-juan-xxiii-cartuja-lucira-sus-cualidades-oradoras-en-el-ii-concurso-de-oratoria-bravekid\/#article","isPartOf":{"@id":"https:\/\/ajeandalucia.org\/granada\/2021\/04\/13\/el-alumnado-de-juan-xxiii-cartuja-lucira-sus-cualidades-oradoras-en-el-ii-concurso-de-oratoria-bravekid\/"},"author":{"name":"granada","@id":"https:\/\/ajeandalucia.org\/granada\/#\/schema\/person\/11740bd602b2087a5d9913ce7ad3b931"},"headline":"El alumnado de Juan XXIII Cartuja lucir\u00e1 sus cualidades oradoras en el II concurso de Oratoria \u201cBravekid\u201d","datePublished":"2021-04-13T11:29:31+00:00","dateModified":"2021-04-13T11:35:23+00:00","mainEntityOfPage":{"@id":"https:\/\/ajeandalucia.org\/granada\/2021\/04\/13\/el-alumnado-de-juan-xxiii-cartuja-lucira-sus-cualidades-oradoras-en-el-ii-concurso-de-oratoria-bravekid\/"},"wordCount":318,"commentCount":0,"publisher":{"@id":"https:\/\/ajeandalucia.org\/granada\/#organization"},"image":{"@id":"https:\/\/ajeandalucia.org\/granada\/2021\/04\/13\/el-alumnado-de-juan-xxiii-cartuja-lucira-sus-cualidades-oradoras-en-el-ii-concurso-de-oratoria-bravekid\/#primaryimage"},"thumbnailUrl":"https:\/\/ajeandalucia.org\/granada\/wp-content\/uploads\/sites\/7\/2021\/04\/proeduco.png","articleSection":["Eventos","Noticias"],"inLanguage":"es","potentialAction":[{"@type":"CommentAction","name":"Comment","target":["https:\/\/ajeandalucia.org\/granada\/2021\/04\/13\/el-alumnado-de-juan-xxiii-cartuja-lucira-sus-cualidades-oradoras-en-el-ii-concurso-de-oratoria-bravekid\/#respond"]}]},{"@type":"WebPage","@id":"https:\/\/ajeandalucia.org\/granada\/2021\/04\/13\/el-alumnado-de-juan-xxiii-cartuja-lucira-sus-cualidades-oradoras-en-el-ii-concurso-de-oratoria-bravekid\/","url":"https:\/\/ajeandalucia.org\/granada\/2021\/04\/13\/el-alumnado-de-juan-xxiii-cartuja-lucira-sus-cualidades-oradoras-en-el-ii-concurso-de-oratoria-bravekid\/","name":"El alumnado de Juan XXIII Cartuja lucir\u00e1 sus cualidades oradoras en el II concurso de Oratoria \u201cBravekid\u201d - AJE Granada","isPartOf":{"@id":"https:\/\/ajeandalucia.org\/granada\/#website"},"primaryImageOfPage":{"@id":"https:\/\/ajeandalucia.org\/granada\/2021\/04\/13\/el-alumnado-de-juan-xxiii-cartuja-lucira-sus-cualidades-oradoras-en-el-ii-concurso-de-oratoria-bravekid\/#primaryimage"},"image":{"@id":"https:\/\/ajeandalucia.org\/granada\/2021\/04\/13\/el-alumnado-de-juan-xxiii-cartuja-lucira-sus-cualidades-oradoras-en-el-ii-concurso-de-oratoria-bravekid\/#primaryimage"},"thumbnailUrl":"https:\/\/ajeandalucia.org\/granada\/wp-content\/uploads\/sites\/7\/2021\/04\/proeduco.png","datePublished":"2021-04-13T11:29:31+00:00","dateModified":"2021-04-13T11:35:23+00:00","breadcrumb":{"@id":"https:\/\/ajeandalucia.org\/granada\/2021\/04\/13\/el-alumnado-de-juan-xxiii-cartuja-lucira-sus-cualidades-oradoras-en-el-ii-concurso-de-oratoria-bravekid\/#breadcrumb"},"inLanguage":"es","potentialAction":[{"@type":"ReadAction","target":["https:\/\/ajeandalucia.org\/granada\/2021\/04\/13\/el-alumnado-de-juan-xxiii-cartuja-lucira-sus-cualidades-oradoras-en-el-ii-concurso-de-oratoria-bravekid\/"]}]},{"@type":"ImageObject","inLanguage":"es","@id":"https:\/\/ajeandalucia.org\/granada\/2021\/04\/13\/el-alumnado-de-juan-xxiii-cartuja-lucira-sus-cualidades-oradoras-en-el-ii-concurso-de-oratoria-bravekid\/#primaryimage","url":"https:\/\/ajeandalucia.org\/granada\/wp-content\/uploads\/sites\/7\/2021\/04\/proeduco.png","contentUrl":"https:\/\/ajeandalucia.org\/granada\/wp-content\/uploads\/sites\/7\/2021\/04\/proeduco.png","width":768,"height":229},{"@type":"BreadcrumbList","@id":"https:\/\/ajeandalucia.org\/granada\/2021\/04\/13\/el-alumnado-de-juan-xxiii-cartuja-lucira-sus-cualidades-oradoras-en-el-ii-concurso-de-oratoria-bravekid\/#breadcrumb","itemListElement":[{"@type":"ListItem","position":1,"name":"Portada","item":"https:\/\/ajeandalucia.org\/granada\/"},{"@type":"ListItem","position":2,"name":"El alumnado de Juan XXIII Cartuja lucir\u00e1 sus cualidades oradoras en el II concurso de Oratoria \u201cBravekid\u201d"}]},{"@type":"WebSite","@id":"https:\/\/ajeandalucia.org\/granada\/#website","url":"https:\/\/ajeandalucia.org\/granada\/","name":"AJE Granada","description":"J\u00f3venes Empresarios de Granada","publisher":{"@id":"https:\/\/ajeandalucia.org\/granada\/#organization"},"potentialAction":[{"@type":"SearchAction","target":{"@type":"EntryPoint","urlTemplate":"https:\/\/ajeandalucia.org\/granada\/?s={search_term_string}"},"query-input":{"@type":"PropertyValueSpecification","valueRequired":true,"valueName":"search_term_string"}}],"inLanguage":"es"},{"@type":"Organization","@id":"https:\/\/ajeandalucia.org\/granada\/#organization","name":"AJE Granada","url":"https:\/\/ajeandalucia.org\/granada\/","logo":{"@type":"ImageObject","inLanguage":"es","@id":"https:\/\/ajeandalucia.org\/granada\/#\/schema\/logo\/image\/","url":"https:\/\/ajeandalucia.org\/granada\/wp-content\/uploads\/sites\/7\/2025\/02\/AJE-GRANADA-horizontal.png","contentUrl":"https:\/\/ajeandalucia.org\/granada\/wp-content\/uploads\/sites\/7\/2025\/02\/AJE-GRANADA-horizontal.png","width":612,"height":200,"caption":"AJE Granada"},"image":{"@id":"https:\/\/ajeandalucia.org\/granada\/#\/schema\/logo\/image\/"}},{"@type":"Person","@id":"https:\/\/ajeandalucia.org\/granada\/#\/schema\/person\/11740bd602b2087a5d9913ce7ad3b931","name":"granada","image":{"@type":"ImageObject","inLanguage":"es","@id":"https:\/\/ajeandalucia.org\/granada\/#\/schema\/person\/image\/","url":"https:\/\/secure.gravatar.com\/avatar\/d3efaa03945b79a8aad01845a3fd3b3535448eae49310ea0a5677e96e0e68b63?s=96&d=mm&r=g","contentUrl":"https:\/\/secure.gravatar.com\/avatar\/d3efaa03945b79a8aad01845a3fd3b3535448eae49310ea0a5677e96e0e68b63?s=96&d=mm&r=g","caption":"granada"},"url":"https:\/\/ajeandalucia.org\/granada\/author\/granada\/"}]}},"_links":{"self":[{"href":"https:\/\/ajeandalucia.org\/granada\/wp-json\/wp\/v2\/posts\/38024","targetHints":{"allow":["GET"]}}],"collection":[{"href":"https:\/\/ajeandalucia.org\/granada\/wp-json\/wp\/v2\/posts"}],"about":[{"href":"https:\/\/ajeandalucia.org\/granada\/wp-json\/wp\/v2\/types\/post"}],"author":[{"embeddable":true,"href":"https:\/\/ajeandalucia.org\/granada\/wp-json\/wp\/v2\/users\/6"}],"replies":[{"embeddable":true,"href":"https:\/\/ajeandalucia.org\/granada\/wp-json\/wp\/v2\/comments?post=38024"}],"version-history":[{"count":1,"href":"https:\/\/ajeandalucia.org\/granada\/wp-json\/wp\/v2\/posts\/38024\/revisions"}],"predecessor-version":[{"id":38026,"href":"https:\/\/ajeandalucia.org\/granada\/wp-json\/wp\/v2\/posts\/38024\/revisions\/38026"}],"wp:featuredmedia":[{"embeddable":true,"href":"https:\/\/ajeandalucia.org\/granada\/wp-json\/wp\/v2\/media\/38025"}],"wp:attachment":[{"href":"https:\/\/ajeandalucia.org\/granada\/wp-json\/wp\/v2\/media?parent=38024"}],"wp:term":[{"taxonomy":"category","embeddable":true,"href":"https:\/\/ajeandalucia.org\/granada\/wp-json\/wp\/v2\/categories?post=38024"},{"taxonomy":"post_tag","embeddable":true,"href":"https:\/\/ajeandalucia.org\/granada\/wp-json\/wp\/v2\/tags?post=38024"}],"curies":[{"name":"wp","href":"https:\/\/api.w.org\/{rel}","templated":true}]}}