{"id":38047,"date":"2021-04-15T17:56:07","date_gmt":"2021-04-15T15:56:07","guid":{"rendered":"https:\/\/www.ajeandalucia.org\/granada\/?p=38047"},"modified":"2021-04-20T16:50:28","modified_gmt":"2021-04-20T14:50:28","slug":"talleres-virtuales-para-personas-emprendedoras","status":"publish","type":"post","link":"https:\/\/ajeandalucia.org\/granada\/2021\/04\/15\/talleres-virtuales-para-personas-emprendedoras\/","title":{"rendered":"Talleres virtuales para personas emprendedoras"},"content":{"rendered":"<p style=\"font-weight: 400\">22 talleres con el foco en la persona y los aspectos esenciales para el dise\u00f1o y lanzamiento de la empresa con m\u00e1s garant\u00edas de \u00e9xito.<\/p>\n<p style=\"font-weight: 400\">Desde el <strong>20 abril hasta el 6 julio de 10h &#8211; 13h<\/strong><\/p>\n<p>&nbsp;<\/p>\n<p style=\"font-weight: 400\"><strong>Bloques de contenidos:<\/strong><\/p>\n<p style=\"font-weight: 400\">\u2022Dise\u00f1o modelo de negocio sostenible<br \/>\n\u2022 Plan Marketing y plan de empresa<br \/>\n\u2022 Competencias y habilidades de la persona emprendedora<br \/>\n\u2022 Viabilidad Econ\u00f3mico-financiera y Aspectos legales.<br \/>\n\u2022 Gesti\u00f3n Empresarial<br \/>\n\u2022 Marketing Digital<\/p>\n<p>&nbsp;<\/p>\n<p><a href=\"https:\/\/www.ajeandalucia.org\/granada\/wp-content\/uploads\/sites\/7\/2021\/04\/Ciclo-de-talleres.pdf\">Dossier talleres<\/a><\/p>\n<p style=\"font-weight: 400\"><a href=\"https:\/\/bit.ly\/3x1OusO\"><strong>INSCRIPCIONES AQU\u00cd<\/strong><strong>\u00a0<\/strong><\/a><\/p>\n<p>&nbsp;<\/p>\n<p><strong>Contacto:\u00a0680 491 167<\/strong><\/p>\n<p style=\"font-weight: 400\">\n","protected":false},"excerpt":{"rendered":"<p>22 talleres con el foco en la persona y los aspectos esenciales para el dise\u00f1o y lanzamiento de la empresa [&hellip;]<\/p>\n","protected":false},"author":6,"featured_media":38053,"comment_status":"open","ping_status":"open","sticky":false,"template":"","format":"standard","meta":{"_acf_changed":false,"site-sidebar-layout":"default","site-content-layout":"","ast-site-content-layout":"default","site-content-style":"default","site-sidebar-style":"default","ast-global-header-display":"","ast-banner-title-visibility":"","ast-main-header-display":"","ast-hfb-above-header-display":"","ast-hfb-below-header-display":"","ast-hfb-mobile-header-display":"","site-post-title":"","ast-breadcrumbs-content":"","ast-featured-img":"","footer-sml-layout":"","ast-disable-related-posts":"","theme-transparent-header-meta":"","adv-header-id-meta":"","stick-header-meta":"","header-above-stick-meta":"","header-main-stick-meta":"","header-below-stick-meta":"","astra-migrate-meta-layouts":"default","ast-page-background-enabled":"default","ast-page-background-meta":{"desktop":{"background-color":"var(--ast-global-color-5)","background-image":"","background-repeat":"repeat","background-position":"center center","background-size":"auto","background-attachment":"scroll","background-type":"","background-media":"","overlay-type":"","overlay-color":"","overlay-opacity":"","overlay-gradient":""},"tablet":{"background-color":"","background-image":"","background-repeat":"repeat","background-position":"center center","background-size":"auto","background-attachment":"scroll","background-type":"","background-media":"","overlay-type":"","overlay-color":"","overlay-opacity":"","overlay-gradient":""},"mobile":{"background-color":"","background-image":"","background-repeat":"repeat","background-position":"center center","background-size":"auto","background-attachment":"scroll","background-type":"","background-media":"","overlay-type":"","overlay-color":"","overlay-opacity":"","overlay-gradient":""}},"ast-content-background-meta":{"desktop":{"background-color":"var(--ast-global-color-4)","background-image":"","background-repeat":"repeat","background-position":"center center","background-size":"auto","background-attachment":"scroll","background-type":"","background-media":"","overlay-type":"","overlay-color":"","overlay-opacity":"","overlay-gradient":""},"tablet":{"background-color":"var(--ast-global-color-4)","background-image":"","background-repeat":"repeat","background-position":"center center","background-size":"auto","background-attachment":"scroll","background-type":"","background-media":"","overlay-type":"","overlay-color":"","overlay-opacity":"","overlay-gradient":""},"mobile":{"background-color":"var(--ast-global-color-4)","background-image":"","background-repeat":"repeat","background-position":"center center","background-size":"auto","background-attachment":"scroll","background-type":"","background-media":"","overlay-type":"","overlay-color":"","overlay-opacity":"","overlay-gradient":""}},"footnotes":""},"categories":[4342,8],"tags":[],"class_list":["post-38047","post","type-post","status-publish","format-standard","has-post-thumbnail","hentry","category-formacion-4","category-noticias"],"acf":[],"yoast_head":"<!-- This site is optimized with the Yoast SEO plugin v26.9 - https:\/\/yoast.com\/product\/yoast-seo-wordpress\/ -->\n<title>Talleres virtuales para personas emprendedoras - AJE Granada<\/title>\n<meta name=\"robots\" content=\"index, follow, max-snippet:-1, max-image-preview:large, max-video-preview:-1\" \/>\n<link rel=\"canonical\" href=\"https:\/\/ajeandalucia.org\/granada\/2021\/04\/15\/talleres-virtuales-para-personas-emprendedoras\/\" \/>\n<meta property=\"og:locale\" content=\"es_ES\" \/>\n<meta property=\"og:type\" content=\"article\" \/>\n<meta property=\"og:title\" content=\"Talleres virtuales para personas emprendedoras - AJE Granada\" \/>\n<meta property=\"og:description\" content=\"22 talleres con el foco en la persona y los aspectos esenciales para el dise\u00f1o y lanzamiento de la empresa [&hellip;]\" \/>\n<meta property=\"og:url\" content=\"https:\/\/ajeandalucia.org\/granada\/2021\/04\/15\/talleres-virtuales-para-personas-emprendedoras\/\" \/>\n<meta property=\"og:site_name\" content=\"AJE Granada\" \/>\n<meta property=\"article:published_time\" content=\"2021-04-15T15:56:07+00:00\" \/>\n<meta property=\"article:modified_time\" content=\"2021-04-20T14:50:28+00:00\" \/>\n<meta property=\"og:image\" content=\"https:\/\/ajeandalucia.org\/granada\/wp-content\/uploads\/sites\/7\/2021\/04\/Captura-de-pantalla-2021-04-15-a-las-17.56.35.png\" \/>\n\t<meta property=\"og:image:width\" content=\"1098\" \/>\n\t<meta property=\"og:image:height\" content=\"862\" \/>\n\t<meta property=\"og:image:type\" content=\"image\/png\" \/>\n<meta name=\"author\" content=\"granada\" \/>\n<meta name=\"twitter:card\" content=\"summary_large_image\" \/>\n<meta name=\"twitter:label1\" content=\"Escrito por\" \/>\n\t<meta name=\"twitter:data1\" content=\"granada\" \/>\n<script type=\"application\/ld+json\" class=\"yoast-schema-graph\">{\"@context\":\"https:\/\/schema.org\",\"@graph\":[{\"@type\":\"Article\",\"@id\":\"https:\/\/ajeandalucia.org\/granada\/2021\/04\/15\/talleres-virtuales-para-personas-emprendedoras\/#article\",\"isPartOf\":{\"@id\":\"https:\/\/ajeandalucia.org\/granada\/2021\/04\/15\/talleres-virtuales-para-personas-emprendedoras\/\"},\"author\":{\"name\":\"granada\",\"@id\":\"https:\/\/ajeandalucia.org\/granada\/#\/schema\/person\/11740bd602b2087a5d9913ce7ad3b931\"},\"headline\":\"Talleres virtuales para personas emprendedoras\",\"datePublished\":\"2021-04-15T15:56:07+00:00\",\"dateModified\":\"2021-04-20T14:50:28+00:00\",\"mainEntityOfPage\":{\"@id\":\"https:\/\/ajeandalucia.org\/granada\/2021\/04\/15\/talleres-virtuales-para-personas-emprendedoras\/\"},\"wordCount\":83,\"commentCount\":0,\"publisher\":{\"@id\":\"https:\/\/ajeandalucia.org\/granada\/#organization\"},\"image\":{\"@id\":\"https:\/\/ajeandalucia.org\/granada\/2021\/04\/15\/talleres-virtuales-para-personas-emprendedoras\/#primaryimage\"},\"thumbnailUrl\":\"https:\/\/ajeandalucia.org\/granada\/wp-content\/uploads\/sites\/7\/2021\/04\/Captura-de-pantalla-2021-04-15-a-las-17.56.35.png\",\"articleSection\":[\"Formaci\u00f3n\",\"Noticias\"],\"inLanguage\":\"es\",\"potentialAction\":[{\"@type\":\"CommentAction\",\"name\":\"Comment\",\"target\":[\"https:\/\/ajeandalucia.org\/granada\/2021\/04\/15\/talleres-virtuales-para-personas-emprendedoras\/#respond\"]}]},{\"@type\":\"WebPage\",\"@id\":\"https:\/\/ajeandalucia.org\/granada\/2021\/04\/15\/talleres-virtuales-para-personas-emprendedoras\/\",\"url\":\"https:\/\/ajeandalucia.org\/granada\/2021\/04\/15\/talleres-virtuales-para-personas-emprendedoras\/\",\"name\":\"Talleres virtuales para personas emprendedoras - AJE Granada\",\"isPartOf\":{\"@id\":\"https:\/\/ajeandalucia.org\/granada\/#website\"},\"primaryImageOfPage\":{\"@id\":\"https:\/\/ajeandalucia.org\/granada\/2021\/04\/15\/talleres-virtuales-para-personas-emprendedoras\/#primaryimage\"},\"image\":{\"@id\":\"https:\/\/ajeandalucia.org\/granada\/2021\/04\/15\/talleres-virtuales-para-personas-emprendedoras\/#primaryimage\"},\"thumbnailUrl\":\"https:\/\/ajeandalucia.org\/granada\/wp-content\/uploads\/sites\/7\/2021\/04\/Captura-de-pantalla-2021-04-15-a-las-17.56.35.png\",\"datePublished\":\"2021-04-15T15:56:07+00:00\",\"dateModified\":\"2021-04-20T14:50:28+00:00\",\"breadcrumb\":{\"@id\":\"https:\/\/ajeandalucia.org\/granada\/2021\/04\/15\/talleres-virtuales-para-personas-emprendedoras\/#breadcrumb\"},\"inLanguage\":\"es\",\"potentialAction\":[{\"@type\":\"ReadAction\",\"target\":[\"https:\/\/ajeandalucia.org\/granada\/2021\/04\/15\/talleres-virtuales-para-personas-emprendedoras\/\"]}]},{\"@type\":\"ImageObject\",\"inLanguage\":\"es\",\"@id\":\"https:\/\/ajeandalucia.org\/granada\/2021\/04\/15\/talleres-virtuales-para-personas-emprendedoras\/#primaryimage\",\"url\":\"https:\/\/ajeandalucia.org\/granada\/wp-content\/uploads\/sites\/7\/2021\/04\/Captura-de-pantalla-2021-04-15-a-las-17.56.35.png\",\"contentUrl\":\"https:\/\/ajeandalucia.org\/granada\/wp-content\/uploads\/sites\/7\/2021\/04\/Captura-de-pantalla-2021-04-15-a-las-17.56.35.png\",\"width\":1098,\"height\":862},{\"@type\":\"BreadcrumbList\",\"@id\":\"https:\/\/ajeandalucia.org\/granada\/2021\/04\/15\/talleres-virtuales-para-personas-emprendedoras\/#breadcrumb\",\"itemListElement\":[{\"@type\":\"ListItem\",\"position\":1,\"name\":\"Portada\",\"item\":\"https:\/\/ajeandalucia.org\/granada\/\"},{\"@type\":\"ListItem\",\"position\":2,\"name\":\"Talleres virtuales para personas emprendedoras\"}]},{\"@type\":\"WebSite\",\"@id\":\"https:\/\/ajeandalucia.org\/granada\/#website\",\"url\":\"https:\/\/ajeandalucia.org\/granada\/\",\"name\":\"AJE Granada\",\"description\":\"J\u00f3venes Empresarios de Granada\",\"publisher\":{\"@id\":\"https:\/\/ajeandalucia.org\/granada\/#organization\"},\"potentialAction\":[{\"@type\":\"SearchAction\",\"target\":{\"@type\":\"EntryPoint\",\"urlTemplate\":\"https:\/\/ajeandalucia.org\/granada\/?s={search_term_string}\"},\"query-input\":{\"@type\":\"PropertyValueSpecification\",\"valueRequired\":true,\"valueName\":\"search_term_string\"}}],\"inLanguage\":\"es\"},{\"@type\":\"Organization\",\"@id\":\"https:\/\/ajeandalucia.org\/granada\/#organization\",\"name\":\"AJE Granada\",\"url\":\"https:\/\/ajeandalucia.org\/granada\/\",\"logo\":{\"@type\":\"ImageObject\",\"inLanguage\":\"es\",\"@id\":\"https:\/\/ajeandalucia.org\/granada\/#\/schema\/logo\/image\/\",\"url\":\"https:\/\/ajeandalucia.org\/granada\/wp-content\/uploads\/sites\/7\/2025\/02\/AJE-GRANADA-horizontal.png\",\"contentUrl\":\"https:\/\/ajeandalucia.org\/granada\/wp-content\/uploads\/sites\/7\/2025\/02\/AJE-GRANADA-horizontal.png\",\"width\":612,\"height\":200,\"caption\":\"AJE Granada\"},\"image\":{\"@id\":\"https:\/\/ajeandalucia.org\/granada\/#\/schema\/logo\/image\/\"}},{\"@type\":\"Person\",\"@id\":\"https:\/\/ajeandalucia.org\/granada\/#\/schema\/person\/11740bd602b2087a5d9913ce7ad3b931\",\"name\":\"granada\",\"image\":{\"@type\":\"ImageObject\",\"inLanguage\":\"es\",\"@id\":\"https:\/\/ajeandalucia.org\/granada\/#\/schema\/person\/image\/\",\"url\":\"https:\/\/secure.gravatar.com\/avatar\/d3efaa03945b79a8aad01845a3fd3b3535448eae49310ea0a5677e96e0e68b63?s=96&d=mm&r=g\",\"contentUrl\":\"https:\/\/secure.gravatar.com\/avatar\/d3efaa03945b79a8aad01845a3fd3b3535448eae49310ea0a5677e96e0e68b63?s=96&d=mm&r=g\",\"caption\":\"granada\"},\"url\":\"https:\/\/ajeandalucia.org\/granada\/author\/granada\/\"}]}<\/script>\n<!-- \/ Yoast SEO plugin. -->","yoast_head_json":{"title":"Talleres virtuales para personas emprendedoras - AJE Granada","robots":{"index":"index","follow":"follow","max-snippet":"max-snippet:-1","max-image-preview":"max-image-preview:large","max-video-preview":"max-video-preview:-1"},"canonical":"https:\/\/ajeandalucia.org\/granada\/2021\/04\/15\/talleres-virtuales-para-personas-emprendedoras\/","og_locale":"es_ES","og_type":"article","og_title":"Talleres virtuales para personas emprendedoras - AJE Granada","og_description":"22 talleres con el foco en la persona y los aspectos esenciales para el dise\u00f1o y lanzamiento de la empresa [&hellip;]","og_url":"https:\/\/ajeandalucia.org\/granada\/2021\/04\/15\/talleres-virtuales-para-personas-emprendedoras\/","og_site_name":"AJE Granada","article_published_time":"2021-04-15T15:56:07+00:00","article_modified_time":"2021-04-20T14:50:28+00:00","og_image":[{"width":1098,"height":862,"url":"https:\/\/ajeandalucia.org\/granada\/wp-content\/uploads\/sites\/7\/2021\/04\/Captura-de-pantalla-2021-04-15-a-las-17.56.35.png","type":"image\/png"}],"author":"granada","twitter_card":"summary_large_image","twitter_misc":{"Escrito por":"granada"},"schema":{"@context":"https:\/\/schema.org","@graph":[{"@type":"Article","@id":"https:\/\/ajeandalucia.org\/granada\/2021\/04\/15\/talleres-virtuales-para-personas-emprendedoras\/#article","isPartOf":{"@id":"https:\/\/ajeandalucia.org\/granada\/2021\/04\/15\/talleres-virtuales-para-personas-emprendedoras\/"},"author":{"name":"granada","@id":"https:\/\/ajeandalucia.org\/granada\/#\/schema\/person\/11740bd602b2087a5d9913ce7ad3b931"},"headline":"Talleres virtuales para personas emprendedoras","datePublished":"2021-04-15T15:56:07+00:00","dateModified":"2021-04-20T14:50:28+00:00","mainEntityOfPage":{"@id":"https:\/\/ajeandalucia.org\/granada\/2021\/04\/15\/talleres-virtuales-para-personas-emprendedoras\/"},"wordCount":83,"commentCount":0,"publisher":{"@id":"https:\/\/ajeandalucia.org\/granada\/#organization"},"image":{"@id":"https:\/\/ajeandalucia.org\/granada\/2021\/04\/15\/talleres-virtuales-para-personas-emprendedoras\/#primaryimage"},"thumbnailUrl":"https:\/\/ajeandalucia.org\/granada\/wp-content\/uploads\/sites\/7\/2021\/04\/Captura-de-pantalla-2021-04-15-a-las-17.56.35.png","articleSection":["Formaci\u00f3n","Noticias"],"inLanguage":"es","potentialAction":[{"@type":"CommentAction","name":"Comment","target":["https:\/\/ajeandalucia.org\/granada\/2021\/04\/15\/talleres-virtuales-para-personas-emprendedoras\/#respond"]}]},{"@type":"WebPage","@id":"https:\/\/ajeandalucia.org\/granada\/2021\/04\/15\/talleres-virtuales-para-personas-emprendedoras\/","url":"https:\/\/ajeandalucia.org\/granada\/2021\/04\/15\/talleres-virtuales-para-personas-emprendedoras\/","name":"Talleres virtuales para personas emprendedoras - AJE Granada","isPartOf":{"@id":"https:\/\/ajeandalucia.org\/granada\/#website"},"primaryImageOfPage":{"@id":"https:\/\/ajeandalucia.org\/granada\/2021\/04\/15\/talleres-virtuales-para-personas-emprendedoras\/#primaryimage"},"image":{"@id":"https:\/\/ajeandalucia.org\/granada\/2021\/04\/15\/talleres-virtuales-para-personas-emprendedoras\/#primaryimage"},"thumbnailUrl":"https:\/\/ajeandalucia.org\/granada\/wp-content\/uploads\/sites\/7\/2021\/04\/Captura-de-pantalla-2021-04-15-a-las-17.56.35.png","datePublished":"2021-04-15T15:56:07+00:00","dateModified":"2021-04-20T14:50:28+00:00","breadcrumb":{"@id":"https:\/\/ajeandalucia.org\/granada\/2021\/04\/15\/talleres-virtuales-para-personas-emprendedoras\/#breadcrumb"},"inLanguage":"es","potentialAction":[{"@type":"ReadAction","target":["https:\/\/ajeandalucia.org\/granada\/2021\/04\/15\/talleres-virtuales-para-personas-emprendedoras\/"]}]},{"@type":"ImageObject","inLanguage":"es","@id":"https:\/\/ajeandalucia.org\/granada\/2021\/04\/15\/talleres-virtuales-para-personas-emprendedoras\/#primaryimage","url":"https:\/\/ajeandalucia.org\/granada\/wp-content\/uploads\/sites\/7\/2021\/04\/Captura-de-pantalla-2021-04-15-a-las-17.56.35.png","contentUrl":"https:\/\/ajeandalucia.org\/granada\/wp-content\/uploads\/sites\/7\/2021\/04\/Captura-de-pantalla-2021-04-15-a-las-17.56.35.png","width":1098,"height":862},{"@type":"BreadcrumbList","@id":"https:\/\/ajeandalucia.org\/granada\/2021\/04\/15\/talleres-virtuales-para-personas-emprendedoras\/#breadcrumb","itemListElement":[{"@type":"ListItem","position":1,"name":"Portada","item":"https:\/\/ajeandalucia.org\/granada\/"},{"@type":"ListItem","position":2,"name":"Talleres virtuales para personas emprendedoras"}]},{"@type":"WebSite","@id":"https:\/\/ajeandalucia.org\/granada\/#website","url":"https:\/\/ajeandalucia.org\/granada\/","name":"AJE Granada","description":"J\u00f3venes Empresarios de Granada","publisher":{"@id":"https:\/\/ajeandalucia.org\/granada\/#organization"},"potentialAction":[{"@type":"SearchAction","target":{"@type":"EntryPoint","urlTemplate":"https:\/\/ajeandalucia.org\/granada\/?s={search_term_string}"},"query-input":{"@type":"PropertyValueSpecification","valueRequired":true,"valueName":"search_term_string"}}],"inLanguage":"es"},{"@type":"Organization","@id":"https:\/\/ajeandalucia.org\/granada\/#organization","name":"AJE Granada","url":"https:\/\/ajeandalucia.org\/granada\/","logo":{"@type":"ImageObject","inLanguage":"es","@id":"https:\/\/ajeandalucia.org\/granada\/#\/schema\/logo\/image\/","url":"https:\/\/ajeandalucia.org\/granada\/wp-content\/uploads\/sites\/7\/2025\/02\/AJE-GRANADA-horizontal.png","contentUrl":"https:\/\/ajeandalucia.org\/granada\/wp-content\/uploads\/sites\/7\/2025\/02\/AJE-GRANADA-horizontal.png","width":612,"height":200,"caption":"AJE Granada"},"image":{"@id":"https:\/\/ajeandalucia.org\/granada\/#\/schema\/logo\/image\/"}},{"@type":"Person","@id":"https:\/\/ajeandalucia.org\/granada\/#\/schema\/person\/11740bd602b2087a5d9913ce7ad3b931","name":"granada","image":{"@type":"ImageObject","inLanguage":"es","@id":"https:\/\/ajeandalucia.org\/granada\/#\/schema\/person\/image\/","url":"https:\/\/secure.gravatar.com\/avatar\/d3efaa03945b79a8aad01845a3fd3b3535448eae49310ea0a5677e96e0e68b63?s=96&d=mm&r=g","contentUrl":"https:\/\/secure.gravatar.com\/avatar\/d3efaa03945b79a8aad01845a3fd3b3535448eae49310ea0a5677e96e0e68b63?s=96&d=mm&r=g","caption":"granada"},"url":"https:\/\/ajeandalucia.org\/granada\/author\/granada\/"}]}},"_links":{"self":[{"href":"https:\/\/ajeandalucia.org\/granada\/wp-json\/wp\/v2\/posts\/38047","targetHints":{"allow":["GET"]}}],"collection":[{"href":"https:\/\/ajeandalucia.org\/granada\/wp-json\/wp\/v2\/posts"}],"about":[{"href":"https:\/\/ajeandalucia.org\/granada\/wp-json\/wp\/v2\/types\/post"}],"author":[{"embeddable":true,"href":"https:\/\/ajeandalucia.org\/granada\/wp-json\/wp\/v2\/users\/6"}],"replies":[{"embeddable":true,"href":"https:\/\/ajeandalucia.org\/granada\/wp-json\/wp\/v2\/comments?post=38047"}],"version-history":[{"count":3,"href":"https:\/\/ajeandalucia.org\/granada\/wp-json\/wp\/v2\/posts\/38047\/revisions"}],"predecessor-version":[{"id":38071,"href":"https:\/\/ajeandalucia.org\/granada\/wp-json\/wp\/v2\/posts\/38047\/revisions\/38071"}],"wp:featuredmedia":[{"embeddable":true,"href":"https:\/\/ajeandalucia.org\/granada\/wp-json\/wp\/v2\/media\/38053"}],"wp:attachment":[{"href":"https:\/\/ajeandalucia.org\/granada\/wp-json\/wp\/v2\/media?parent=38047"}],"wp:term":[{"taxonomy":"category","embeddable":true,"href":"https:\/\/ajeandalucia.org\/granada\/wp-json\/wp\/v2\/categories?post=38047"},{"taxonomy":"post_tag","embeddable":true,"href":"https:\/\/ajeandalucia.org\/granada\/wp-json\/wp\/v2\/tags?post=38047"}],"curies":[{"name":"wp","href":"https:\/\/api.w.org\/{rel}","templated":true}]}}