{"id":39322,"date":"2021-09-27T15:39:38","date_gmt":"2021-09-27T13:39:38","guid":{"rendered":"https:\/\/www.ajeandalucia.org\/granada\/?p=39322"},"modified":"2021-09-27T15:39:49","modified_gmt":"2021-09-27T13:39:49","slug":"una-empresa-granadina-se-hace-con-el-galardon-regional-de-los-premios-aje-2020","status":"publish","type":"post","link":"https:\/\/ajeandalucia.org\/granada\/2021\/09\/27\/una-empresa-granadina-se-hace-con-el-galardon-regional-de-los-premios-aje-2020\/","title":{"rendered":"Una empresa Granadina se hace con el galard\u00f3n regional de los premios AJE 2020"},"content":{"rendered":"<p><strong>PIENSOS Y MASCOTAS Y FACTORY ECOLOGIC, EMPRESAS GANADORAS DE LOS PREMIOS AJE ANDALUC\u00cdA 2020<\/strong><\/p>\n<ul>\n<li>Piensos y Mascotas es la empresa ganadora en Trayectoria Empresarial y Factory Ecologic en la modalidad de Iniciativa Emprendedora.<\/li>\n<\/ul>\n<ul>\n<li>La entrega de premios se ha desarrollado en el Auditorio Edgar Neville de la Diputaci\u00f3n Provincial de M\u00e1laga, en un acto que ha congregado a m\u00e1s de 300 asistentes entre autoridades, empresarios y asociados de toda Andaluc\u00eda.<\/li>\n<\/ul>\n<p>&nbsp;<\/p>\n<p>La Asociaci\u00f3n de J\u00f3venes Empresarios de Andaluc\u00eda hizo entrega el pasado jueves 23 de septiembre de los Premios AJE 2020 en las modalidades de Iniciativa Emprendedora y Trayectoria Empresarial en un acto que ha congregado a m\u00e1s de 300 asistentes en el Auditorio Edgar Neville de la Diputaci\u00f3n Provincial de M\u00e1laga.<\/p>\n<p>El acto, patrocinado por el Ayuntamiento de M\u00e1laga, Diputaci\u00f3n Provincial de M\u00e1laga, Eroski, Pinturas Andaluc\u00eda, Copyrap, Down M\u00e1laga, Directos con M\u00f3vil, Bumpers, Mann, Andaluc\u00eda Econ\u00f3mica e Ideal, ha estado presidido por los presidentes de AJE Andaluc\u00eda, Melesio Pe\u00f1a y AJE M\u00e1laga, Ricardo Nandwani, adem\u00e1s de la Consejera de Empleo, Formaci\u00f3n y Trabajo Aut\u00f3nomo, Roc\u00edo Blanco, el Alcalde de M\u00e1laga, Francisco de la Torre, el Presidente de la Diputaci\u00f3n Provincial de M\u00e1laga, el Presidente de la C\u00e1mara de Comercio de M\u00e1laga, Jer\u00f3nimo P\u00e9rez, el Secretario General de Empleo y Trabajo Aut\u00f3nomo de la Junta de Andaluc\u00eda, Jos\u00e9 Agust\u00edn Gonz\u00e1lez, la Directora General del IAJ, Mar\u00eda del Carmen Poyato y la Vicepresidenta de la Confederaci\u00f3n de Empresarios de Andaluc\u00eda, Natalia S\u00e1nchez, entre otras autoridades confirmadas<\/p>\n<p>Los Premios AJE, que esta edici\u00f3n se han convocado bajo el lema, \u201cUN MAR DE EMPRESAS\u201d, homenajean anualmente a los j\u00f3venes empresarios andaluces que, a pesar de las adversidades, son capaces de llevar a cabo con \u00e9xito sus proyectos empresariales.<\/p>\n<p>Tras la fase provincial, a la que se han presentado un total de 120 candidaturas de toda Andaluc\u00eda, entre ellas, las ganadoras de esta edici\u00f3n, PIENSOS Y MASCOTAS y FACTORY ECOLOGIC, se ha celebrado la gala regional en el Auditorio Edgar Neville de la Diputaci\u00f3n Provincial de M\u00e1laga<\/p>\n<p>Adem\u00e1s del premio obtenido en la fase provincial, los ganadores han obtenido el galard\u00f3n regional y un plan de comunicaci\u00f3n y difusi\u00f3n en los medios Ideal y Andaluc\u00eda Econ\u00f3mica.<\/p>\n<p>&nbsp;<\/p>\n<p><strong>TRAYECTORIA EMPRESARIAL<\/strong><\/p>\n<p>A estas empresas, se les ha premiado por su experiencia, por su trayectoria profesional, por su estabilidad comercial y laboral, por generar empleo y riqueza, sobre todo, en unos tiempos tan dif\u00edciles como los actuales.<br \/>\nSon empresarios consolidados en la actualidad, con unas cifras de negocio en constante crecimiento, con un importante grado de internacionalizaci\u00f3n en algunos casos, importantes inversores en I+D+i en otros, con estrechas relaciones con la Universidad, creadoras de empleo estable, que contribuyen a la igualdad de g\u00e9nero y en actividades de formaci\u00f3n permanente.<\/p>\n<p>La empresa ganadora en Trayectoria Empresarial, PIENSOS Y MASCOTAS es una empresa que comenz\u00f3 su actividad en 2012 y est\u00e1 dedicada a la comercializaci\u00f3n de piensos y accesorios para mascotas. El 99 % de las ventas es online a trav\u00e9s de su web principal. Cuentan con una marca internacional &#8220;wecanimal&#8221; a trav\u00e9s de la cual se han instalado en el mercado portugu\u00e9s e italiano. Cuentan con una plantilla de 34 empleados. En 2020 el importe neto de la cifra de negocio ascendi\u00f3 a 8.550.000\u20ac<\/p>\n<p>&nbsp;<\/p>\n<p><strong>INICIATIVA EMPRENDEDORA<\/strong><\/p>\n<p>Estos proyectos han sido valorados por su iniciativa, por su originalidad, su innovaci\u00f3n y por su viabilidad. Pero sobre todo por su esfuerzo, su gran capacidad de trabajo en equipo y su capacidad para aventurarse creando empresas capaces de generar riqueza y empleo.<\/p>\n<p>La empresa FACTORY ECOLOGIC, nace en 2018. Es una empresa especialista en la filtraci\u00f3n y depuraci\u00f3n de agua con sistemas innovadores en el mercado. Cuenta con un equipo de trabajo para la distribuci\u00f3n e implantaci\u00f3n de los sistemas a nivel nacional e internacional en Finlandia y Ecuador. Cuentan con 5 empleados. En 2020 ha cerrado acuerdos con Grupo Ilunion, Ferrovial Servicios, Granada CF, Ayuntamiento de Granada, nuevos mercados en Finlandia y Ecuador.<\/p>\n<p>La elecci\u00f3n del premiado de cada categor\u00eda ha estado a cargo de un jurado independiente compuesto por personas de reconocido prestigio del mundo de la econom\u00eda, de la empresa, de la comunicaci\u00f3n y de la Universidad y que esta edici\u00f3n ha estado compuesto por Melesio Pe\u00f1a, presidente de AJE Andaluc\u00eda; F\u00e9lix Almagro, secretario general AJE Andaluc\u00eda; Ricardo Nandwani, vicepresidente AJE Andaluc\u00eda; Jos\u00e9 Agust\u00edn Gonz\u00e1lez, secretario general de empleo y trabajo aut\u00f3nomo de la Junta de Andaluc\u00eda; Miguel Guardiola, director general del \u00e1rea internacional de la CEA; Loreto del Valle, directora general de econom\u00eda digital e innovaci\u00f3n de la Junta de Andaluc\u00eda; Mar\u00eda del Carmen Poyato, directora general del IAJ;\u00a0 Alfredo Ch\u00e1varri, director general de Andaluc\u00eda Econ\u00f3mica; Francisco Velasco, director general de la EOI; Francisco Jos\u00e9 P\u00e9rez, adjunto al rector de la Universidad Loyola; Manuel Fern\u00e1ndez de J\u00f3dar,\u00a0 director de actividades de formaci\u00f3n y alta direcci\u00f3n de San Telmo y Manuel Font\u00e1n, director provincial en GAR\u00c1NTIA.<\/p>\n<p>&nbsp;<\/p>\n<p>Relaci\u00f3n de empresas finalistas:<\/p>\n<table>\n<tbody>\n<tr>\n<td width=\"192\"><strong>Provincia<\/strong><\/td>\n<td width=\"192\"><strong>Finalista Iniciativa Emprendedora<\/strong><\/td>\n<td width=\"192\"><strong>Finalista Trayectoria Empresarial<\/strong><\/td>\n<\/tr>\n<tr>\n<td width=\"192\"><strong>Almer\u00eda<\/strong><\/td>\n<td width=\"192\">TU FISIO<\/td>\n<td width=\"192\">MUEBLES MAGO<\/td>\n<\/tr>\n<tr>\n<td width=\"192\"><strong>C\u00e1diz<\/strong><\/td>\n<td width=\"192\">TEACAMPA<\/td>\n<td width=\"192\">VERJIM<\/td>\n<\/tr>\n<tr>\n<td width=\"192\"><strong>C\u00f3rdoba <\/strong><\/td>\n<td width=\"192\">BIO KNOWLEDGE LAB<\/td>\n<td width=\"192\">PIENSOS Y MASCOTAS<\/td>\n<\/tr>\n<tr>\n<td width=\"192\"><strong>Granada<\/strong><\/td>\n<td width=\"192\">FACTORY ECOLOGIC<\/td>\n<td width=\"192\">ELCA<\/td>\n<\/tr>\n<tr>\n<td width=\"192\"><strong>Huelva <\/strong><\/td>\n<td width=\"192\">GA\u00d1AFOTE<\/td>\n<td width=\"192\">DB SOUND<\/td>\n<\/tr>\n<tr>\n<td width=\"192\"><strong>Ja\u00e9n <\/strong><\/td>\n<td width=\"192\">VYOOTRIP SOLUTIONS<\/td>\n<td width=\"192\">SALINAS DON DIEGO<\/td>\n<\/tr>\n<tr>\n<td width=\"192\"><strong>M\u00e1laga<\/strong><\/td>\n<td width=\"192\">BUMPERS<\/td>\n<td width=\"192\">MDG ASESORES<\/td>\n<\/tr>\n<tr>\n<td width=\"192\"><strong>Sevilla<\/strong><\/td>\n<td width=\"192\">NEFIC<\/td>\n<td width=\"192\">EXPRESS VIP PIZZAS<\/td>\n<\/tr>\n<\/tbody>\n<\/table>\n<p><strong>\u00a0<\/strong><\/p>\n<p>&nbsp;<\/p>\n","protected":false},"excerpt":{"rendered":"<p>PIENSOS Y MASCOTAS Y FACTORY ECOLOGIC, EMPRESAS GANADORAS DE LOS PREMIOS AJE ANDALUC\u00cdA 2020 Piensos y Mascotas es la empresa [&hellip;]<\/p>\n","protected":false},"author":6,"featured_media":39323,"comment_status":"open","ping_status":"open","sticky":false,"template":"","format":"standard","meta":{"_acf_changed":false,"site-sidebar-layout":"default","site-content-layout":"","ast-site-content-layout":"default","site-content-style":"default","site-sidebar-style":"default","ast-global-header-display":"","ast-banner-title-visibility":"","ast-main-header-display":"","ast-hfb-above-header-display":"","ast-hfb-below-header-display":"","ast-hfb-mobile-header-display":"","site-post-title":"","ast-breadcrumbs-content":"","ast-featured-img":"","footer-sml-layout":"","ast-disable-related-posts":"","theme-transparent-header-meta":"","adv-header-id-meta":"","stick-header-meta":"","header-above-stick-meta":"","header-main-stick-meta":"","header-below-stick-meta":"","astra-migrate-meta-layouts":"default","ast-page-background-enabled":"default","ast-page-background-meta":{"desktop":{"background-color":"var(--ast-global-color-5)","background-image":"","background-repeat":"repeat","background-position":"center center","background-size":"auto","background-attachment":"scroll","background-type":"","background-media":"","overlay-type":"","overlay-color":"","overlay-opacity":"","overlay-gradient":""},"tablet":{"background-color":"","background-image":"","background-repeat":"repeat","background-position":"center center","background-size":"auto","background-attachment":"scroll","background-type":"","background-media":"","overlay-type":"","overlay-color":"","overlay-opacity":"","overlay-gradient":""},"mobile":{"background-color":"","background-image":"","background-repeat":"repeat","background-position":"center center","background-size":"auto","background-attachment":"scroll","background-type":"","background-media":"","overlay-type":"","overlay-color":"","overlay-opacity":"","overlay-gradient":""}},"ast-content-background-meta":{"desktop":{"background-color":"var(--ast-global-color-4)","background-image":"","background-repeat":"repeat","background-position":"center center","background-size":"auto","background-attachment":"scroll","background-type":"","background-media":"","overlay-type":"","overlay-color":"","overlay-opacity":"","overlay-gradient":""},"tablet":{"background-color":"var(--ast-global-color-4)","background-image":"","background-repeat":"repeat","background-position":"center center","background-size":"auto","background-attachment":"scroll","background-type":"","background-media":"","overlay-type":"","overlay-color":"","overlay-opacity":"","overlay-gradient":""},"mobile":{"background-color":"var(--ast-global-color-4)","background-image":"","background-repeat":"repeat","background-position":"center center","background-size":"auto","background-attachment":"scroll","background-type":"","background-media":"","overlay-type":"","overlay-color":"","overlay-opacity":"","overlay-gradient":""}},"footnotes":""},"categories":[1,8,115],"tags":[],"class_list":["post-39322","post","type-post","status-publish","format-standard","has-post-thumbnail","hentry","category-blog","category-noticias","category-noticias-aje"],"acf":[],"yoast_head":"<!-- This site is optimized with the Yoast SEO plugin v26.9 - https:\/\/yoast.com\/product\/yoast-seo-wordpress\/ -->\n<title>Una empresa Granadina se hace con el galard\u00f3n regional de los premios AJE 2020 - AJE Granada<\/title>\n<meta name=\"robots\" content=\"index, follow, max-snippet:-1, max-image-preview:large, max-video-preview:-1\" \/>\n<link rel=\"canonical\" href=\"https:\/\/ajeandalucia.org\/granada\/2021\/09\/27\/una-empresa-granadina-se-hace-con-el-galardon-regional-de-los-premios-aje-2020\/\" \/>\n<meta property=\"og:locale\" content=\"es_ES\" \/>\n<meta property=\"og:type\" content=\"article\" \/>\n<meta property=\"og:title\" content=\"Una empresa Granadina se hace con el galard\u00f3n regional de los premios AJE 2020 - AJE Granada\" \/>\n<meta property=\"og:description\" content=\"PIENSOS Y MASCOTAS Y FACTORY ECOLOGIC, EMPRESAS GANADORAS DE LOS PREMIOS AJE ANDALUC\u00cdA 2020 Piensos y Mascotas es la empresa [&hellip;]\" \/>\n<meta property=\"og:url\" content=\"https:\/\/ajeandalucia.org\/granada\/2021\/09\/27\/una-empresa-granadina-se-hace-con-el-galardon-regional-de-los-premios-aje-2020\/\" \/>\n<meta property=\"og:site_name\" content=\"AJE Granada\" \/>\n<meta property=\"article:published_time\" content=\"2021-09-27T13:39:38+00:00\" \/>\n<meta property=\"article:modified_time\" content=\"2021-09-27T13:39:49+00:00\" \/>\n<meta property=\"og:image\" content=\"https:\/\/ajeandalucia.org\/granada\/wp-content\/uploads\/sites\/7\/2021\/09\/207A6003-001-1024x683.jpg\" \/>\n\t<meta property=\"og:image:width\" content=\"1024\" \/>\n\t<meta property=\"og:image:height\" content=\"683\" \/>\n\t<meta property=\"og:image:type\" content=\"image\/jpeg\" \/>\n<meta name=\"author\" content=\"granada\" \/>\n<meta name=\"twitter:card\" content=\"summary_large_image\" \/>\n<meta name=\"twitter:label1\" content=\"Escrito por\" \/>\n\t<meta name=\"twitter:data1\" content=\"granada\" \/>\n\t<meta name=\"twitter:label2\" content=\"Tiempo de lectura\" \/>\n\t<meta name=\"twitter:data2\" content=\"5 minutos\" \/>\n<script type=\"application\/ld+json\" class=\"yoast-schema-graph\">{\"@context\":\"https:\/\/schema.org\",\"@graph\":[{\"@type\":\"Article\",\"@id\":\"https:\/\/ajeandalucia.org\/granada\/2021\/09\/27\/una-empresa-granadina-se-hace-con-el-galardon-regional-de-los-premios-aje-2020\/#article\",\"isPartOf\":{\"@id\":\"https:\/\/ajeandalucia.org\/granada\/2021\/09\/27\/una-empresa-granadina-se-hace-con-el-galardon-regional-de-los-premios-aje-2020\/\"},\"author\":{\"name\":\"granada\",\"@id\":\"https:\/\/ajeandalucia.org\/granada\/#\/schema\/person\/11740bd602b2087a5d9913ce7ad3b931\"},\"headline\":\"Una empresa Granadina se hace con el galard\u00f3n regional de los premios AJE 2020\",\"datePublished\":\"2021-09-27T13:39:38+00:00\",\"dateModified\":\"2021-09-27T13:39:49+00:00\",\"mainEntityOfPage\":{\"@id\":\"https:\/\/ajeandalucia.org\/granada\/2021\/09\/27\/una-empresa-granadina-se-hace-con-el-galardon-regional-de-los-premios-aje-2020\/\"},\"wordCount\":962,\"commentCount\":0,\"publisher\":{\"@id\":\"https:\/\/ajeandalucia.org\/granada\/#organization\"},\"image\":{\"@id\":\"https:\/\/ajeandalucia.org\/granada\/2021\/09\/27\/una-empresa-granadina-se-hace-con-el-galardon-regional-de-los-premios-aje-2020\/#primaryimage\"},\"thumbnailUrl\":\"https:\/\/ajeandalucia.org\/granada\/wp-content\/uploads\/sites\/7\/2021\/09\/207A6003-001.jpg\",\"articleSection\":[\"Blog\",\"Noticias\",\"Noticias aje\"],\"inLanguage\":\"es\",\"potentialAction\":[{\"@type\":\"CommentAction\",\"name\":\"Comment\",\"target\":[\"https:\/\/ajeandalucia.org\/granada\/2021\/09\/27\/una-empresa-granadina-se-hace-con-el-galardon-regional-de-los-premios-aje-2020\/#respond\"]}]},{\"@type\":\"WebPage\",\"@id\":\"https:\/\/ajeandalucia.org\/granada\/2021\/09\/27\/una-empresa-granadina-se-hace-con-el-galardon-regional-de-los-premios-aje-2020\/\",\"url\":\"https:\/\/ajeandalucia.org\/granada\/2021\/09\/27\/una-empresa-granadina-se-hace-con-el-galardon-regional-de-los-premios-aje-2020\/\",\"name\":\"Una empresa Granadina se hace con el galard\u00f3n regional de los premios AJE 2020 - AJE Granada\",\"isPartOf\":{\"@id\":\"https:\/\/ajeandalucia.org\/granada\/#website\"},\"primaryImageOfPage\":{\"@id\":\"https:\/\/ajeandalucia.org\/granada\/2021\/09\/27\/una-empresa-granadina-se-hace-con-el-galardon-regional-de-los-premios-aje-2020\/#primaryimage\"},\"image\":{\"@id\":\"https:\/\/ajeandalucia.org\/granada\/2021\/09\/27\/una-empresa-granadina-se-hace-con-el-galardon-regional-de-los-premios-aje-2020\/#primaryimage\"},\"thumbnailUrl\":\"https:\/\/ajeandalucia.org\/granada\/wp-content\/uploads\/sites\/7\/2021\/09\/207A6003-001.jpg\",\"datePublished\":\"2021-09-27T13:39:38+00:00\",\"dateModified\":\"2021-09-27T13:39:49+00:00\",\"breadcrumb\":{\"@id\":\"https:\/\/ajeandalucia.org\/granada\/2021\/09\/27\/una-empresa-granadina-se-hace-con-el-galardon-regional-de-los-premios-aje-2020\/#breadcrumb\"},\"inLanguage\":\"es\",\"potentialAction\":[{\"@type\":\"ReadAction\",\"target\":[\"https:\/\/ajeandalucia.org\/granada\/2021\/09\/27\/una-empresa-granadina-se-hace-con-el-galardon-regional-de-los-premios-aje-2020\/\"]}]},{\"@type\":\"ImageObject\",\"inLanguage\":\"es\",\"@id\":\"https:\/\/ajeandalucia.org\/granada\/2021\/09\/27\/una-empresa-granadina-se-hace-con-el-galardon-regional-de-los-premios-aje-2020\/#primaryimage\",\"url\":\"https:\/\/ajeandalucia.org\/granada\/wp-content\/uploads\/sites\/7\/2021\/09\/207A6003-001.jpg\",\"contentUrl\":\"https:\/\/ajeandalucia.org\/granada\/wp-content\/uploads\/sites\/7\/2021\/09\/207A6003-001.jpg\",\"width\":6720,\"height\":4480},{\"@type\":\"BreadcrumbList\",\"@id\":\"https:\/\/ajeandalucia.org\/granada\/2021\/09\/27\/una-empresa-granadina-se-hace-con-el-galardon-regional-de-los-premios-aje-2020\/#breadcrumb\",\"itemListElement\":[{\"@type\":\"ListItem\",\"position\":1,\"name\":\"Portada\",\"item\":\"https:\/\/ajeandalucia.org\/granada\/\"},{\"@type\":\"ListItem\",\"position\":2,\"name\":\"Una empresa Granadina se hace con el galard\u00f3n regional de los premios AJE 2020\"}]},{\"@type\":\"WebSite\",\"@id\":\"https:\/\/ajeandalucia.org\/granada\/#website\",\"url\":\"https:\/\/ajeandalucia.org\/granada\/\",\"name\":\"AJE Granada\",\"description\":\"J\u00f3venes Empresarios de Granada\",\"publisher\":{\"@id\":\"https:\/\/ajeandalucia.org\/granada\/#organization\"},\"potentialAction\":[{\"@type\":\"SearchAction\",\"target\":{\"@type\":\"EntryPoint\",\"urlTemplate\":\"https:\/\/ajeandalucia.org\/granada\/?s={search_term_string}\"},\"query-input\":{\"@type\":\"PropertyValueSpecification\",\"valueRequired\":true,\"valueName\":\"search_term_string\"}}],\"inLanguage\":\"es\"},{\"@type\":\"Organization\",\"@id\":\"https:\/\/ajeandalucia.org\/granada\/#organization\",\"name\":\"AJE Granada\",\"url\":\"https:\/\/ajeandalucia.org\/granada\/\",\"logo\":{\"@type\":\"ImageObject\",\"inLanguage\":\"es\",\"@id\":\"https:\/\/ajeandalucia.org\/granada\/#\/schema\/logo\/image\/\",\"url\":\"https:\/\/ajeandalucia.org\/granada\/wp-content\/uploads\/sites\/7\/2025\/02\/AJE-GRANADA-horizontal.png\",\"contentUrl\":\"https:\/\/ajeandalucia.org\/granada\/wp-content\/uploads\/sites\/7\/2025\/02\/AJE-GRANADA-horizontal.png\",\"width\":612,\"height\":200,\"caption\":\"AJE Granada\"},\"image\":{\"@id\":\"https:\/\/ajeandalucia.org\/granada\/#\/schema\/logo\/image\/\"}},{\"@type\":\"Person\",\"@id\":\"https:\/\/ajeandalucia.org\/granada\/#\/schema\/person\/11740bd602b2087a5d9913ce7ad3b931\",\"name\":\"granada\",\"image\":{\"@type\":\"ImageObject\",\"inLanguage\":\"es\",\"@id\":\"https:\/\/ajeandalucia.org\/granada\/#\/schema\/person\/image\/\",\"url\":\"https:\/\/secure.gravatar.com\/avatar\/d3efaa03945b79a8aad01845a3fd3b3535448eae49310ea0a5677e96e0e68b63?s=96&d=mm&r=g\",\"contentUrl\":\"https:\/\/secure.gravatar.com\/avatar\/d3efaa03945b79a8aad01845a3fd3b3535448eae49310ea0a5677e96e0e68b63?s=96&d=mm&r=g\",\"caption\":\"granada\"},\"url\":\"https:\/\/ajeandalucia.org\/granada\/author\/granada\/\"}]}<\/script>\n<!-- \/ Yoast SEO plugin. -->","yoast_head_json":{"title":"Una empresa Granadina se hace con el galard\u00f3n regional de los premios AJE 2020 - AJE Granada","robots":{"index":"index","follow":"follow","max-snippet":"max-snippet:-1","max-image-preview":"max-image-preview:large","max-video-preview":"max-video-preview:-1"},"canonical":"https:\/\/ajeandalucia.org\/granada\/2021\/09\/27\/una-empresa-granadina-se-hace-con-el-galardon-regional-de-los-premios-aje-2020\/","og_locale":"es_ES","og_type":"article","og_title":"Una empresa Granadina se hace con el galard\u00f3n regional de los premios AJE 2020 - AJE Granada","og_description":"PIENSOS Y MASCOTAS Y FACTORY ECOLOGIC, EMPRESAS GANADORAS DE LOS PREMIOS AJE ANDALUC\u00cdA 2020 Piensos y Mascotas es la empresa [&hellip;]","og_url":"https:\/\/ajeandalucia.org\/granada\/2021\/09\/27\/una-empresa-granadina-se-hace-con-el-galardon-regional-de-los-premios-aje-2020\/","og_site_name":"AJE Granada","article_published_time":"2021-09-27T13:39:38+00:00","article_modified_time":"2021-09-27T13:39:49+00:00","og_image":[{"width":1024,"height":683,"url":"https:\/\/ajeandalucia.org\/granada\/wp-content\/uploads\/sites\/7\/2021\/09\/207A6003-001-1024x683.jpg","type":"image\/jpeg"}],"author":"granada","twitter_card":"summary_large_image","twitter_misc":{"Escrito por":"granada","Tiempo de lectura":"5 minutos"},"schema":{"@context":"https:\/\/schema.org","@graph":[{"@type":"Article","@id":"https:\/\/ajeandalucia.org\/granada\/2021\/09\/27\/una-empresa-granadina-se-hace-con-el-galardon-regional-de-los-premios-aje-2020\/#article","isPartOf":{"@id":"https:\/\/ajeandalucia.org\/granada\/2021\/09\/27\/una-empresa-granadina-se-hace-con-el-galardon-regional-de-los-premios-aje-2020\/"},"author":{"name":"granada","@id":"https:\/\/ajeandalucia.org\/granada\/#\/schema\/person\/11740bd602b2087a5d9913ce7ad3b931"},"headline":"Una empresa Granadina se hace con el galard\u00f3n regional de los premios AJE 2020","datePublished":"2021-09-27T13:39:38+00:00","dateModified":"2021-09-27T13:39:49+00:00","mainEntityOfPage":{"@id":"https:\/\/ajeandalucia.org\/granada\/2021\/09\/27\/una-empresa-granadina-se-hace-con-el-galardon-regional-de-los-premios-aje-2020\/"},"wordCount":962,"commentCount":0,"publisher":{"@id":"https:\/\/ajeandalucia.org\/granada\/#organization"},"image":{"@id":"https:\/\/ajeandalucia.org\/granada\/2021\/09\/27\/una-empresa-granadina-se-hace-con-el-galardon-regional-de-los-premios-aje-2020\/#primaryimage"},"thumbnailUrl":"https:\/\/ajeandalucia.org\/granada\/wp-content\/uploads\/sites\/7\/2021\/09\/207A6003-001.jpg","articleSection":["Blog","Noticias","Noticias aje"],"inLanguage":"es","potentialAction":[{"@type":"CommentAction","name":"Comment","target":["https:\/\/ajeandalucia.org\/granada\/2021\/09\/27\/una-empresa-granadina-se-hace-con-el-galardon-regional-de-los-premios-aje-2020\/#respond"]}]},{"@type":"WebPage","@id":"https:\/\/ajeandalucia.org\/granada\/2021\/09\/27\/una-empresa-granadina-se-hace-con-el-galardon-regional-de-los-premios-aje-2020\/","url":"https:\/\/ajeandalucia.org\/granada\/2021\/09\/27\/una-empresa-granadina-se-hace-con-el-galardon-regional-de-los-premios-aje-2020\/","name":"Una empresa Granadina se hace con el galard\u00f3n regional de los premios AJE 2020 - AJE Granada","isPartOf":{"@id":"https:\/\/ajeandalucia.org\/granada\/#website"},"primaryImageOfPage":{"@id":"https:\/\/ajeandalucia.org\/granada\/2021\/09\/27\/una-empresa-granadina-se-hace-con-el-galardon-regional-de-los-premios-aje-2020\/#primaryimage"},"image":{"@id":"https:\/\/ajeandalucia.org\/granada\/2021\/09\/27\/una-empresa-granadina-se-hace-con-el-galardon-regional-de-los-premios-aje-2020\/#primaryimage"},"thumbnailUrl":"https:\/\/ajeandalucia.org\/granada\/wp-content\/uploads\/sites\/7\/2021\/09\/207A6003-001.jpg","datePublished":"2021-09-27T13:39:38+00:00","dateModified":"2021-09-27T13:39:49+00:00","breadcrumb":{"@id":"https:\/\/ajeandalucia.org\/granada\/2021\/09\/27\/una-empresa-granadina-se-hace-con-el-galardon-regional-de-los-premios-aje-2020\/#breadcrumb"},"inLanguage":"es","potentialAction":[{"@type":"ReadAction","target":["https:\/\/ajeandalucia.org\/granada\/2021\/09\/27\/una-empresa-granadina-se-hace-con-el-galardon-regional-de-los-premios-aje-2020\/"]}]},{"@type":"ImageObject","inLanguage":"es","@id":"https:\/\/ajeandalucia.org\/granada\/2021\/09\/27\/una-empresa-granadina-se-hace-con-el-galardon-regional-de-los-premios-aje-2020\/#primaryimage","url":"https:\/\/ajeandalucia.org\/granada\/wp-content\/uploads\/sites\/7\/2021\/09\/207A6003-001.jpg","contentUrl":"https:\/\/ajeandalucia.org\/granada\/wp-content\/uploads\/sites\/7\/2021\/09\/207A6003-001.jpg","width":6720,"height":4480},{"@type":"BreadcrumbList","@id":"https:\/\/ajeandalucia.org\/granada\/2021\/09\/27\/una-empresa-granadina-se-hace-con-el-galardon-regional-de-los-premios-aje-2020\/#breadcrumb","itemListElement":[{"@type":"ListItem","position":1,"name":"Portada","item":"https:\/\/ajeandalucia.org\/granada\/"},{"@type":"ListItem","position":2,"name":"Una empresa Granadina se hace con el galard\u00f3n regional de los premios AJE 2020"}]},{"@type":"WebSite","@id":"https:\/\/ajeandalucia.org\/granada\/#website","url":"https:\/\/ajeandalucia.org\/granada\/","name":"AJE Granada","description":"J\u00f3venes Empresarios de Granada","publisher":{"@id":"https:\/\/ajeandalucia.org\/granada\/#organization"},"potentialAction":[{"@type":"SearchAction","target":{"@type":"EntryPoint","urlTemplate":"https:\/\/ajeandalucia.org\/granada\/?s={search_term_string}"},"query-input":{"@type":"PropertyValueSpecification","valueRequired":true,"valueName":"search_term_string"}}],"inLanguage":"es"},{"@type":"Organization","@id":"https:\/\/ajeandalucia.org\/granada\/#organization","name":"AJE Granada","url":"https:\/\/ajeandalucia.org\/granada\/","logo":{"@type":"ImageObject","inLanguage":"es","@id":"https:\/\/ajeandalucia.org\/granada\/#\/schema\/logo\/image\/","url":"https:\/\/ajeandalucia.org\/granada\/wp-content\/uploads\/sites\/7\/2025\/02\/AJE-GRANADA-horizontal.png","contentUrl":"https:\/\/ajeandalucia.org\/granada\/wp-content\/uploads\/sites\/7\/2025\/02\/AJE-GRANADA-horizontal.png","width":612,"height":200,"caption":"AJE Granada"},"image":{"@id":"https:\/\/ajeandalucia.org\/granada\/#\/schema\/logo\/image\/"}},{"@type":"Person","@id":"https:\/\/ajeandalucia.org\/granada\/#\/schema\/person\/11740bd602b2087a5d9913ce7ad3b931","name":"granada","image":{"@type":"ImageObject","inLanguage":"es","@id":"https:\/\/ajeandalucia.org\/granada\/#\/schema\/person\/image\/","url":"https:\/\/secure.gravatar.com\/avatar\/d3efaa03945b79a8aad01845a3fd3b3535448eae49310ea0a5677e96e0e68b63?s=96&d=mm&r=g","contentUrl":"https:\/\/secure.gravatar.com\/avatar\/d3efaa03945b79a8aad01845a3fd3b3535448eae49310ea0a5677e96e0e68b63?s=96&d=mm&r=g","caption":"granada"},"url":"https:\/\/ajeandalucia.org\/granada\/author\/granada\/"}]}},"_links":{"self":[{"href":"https:\/\/ajeandalucia.org\/granada\/wp-json\/wp\/v2\/posts\/39322","targetHints":{"allow":["GET"]}}],"collection":[{"href":"https:\/\/ajeandalucia.org\/granada\/wp-json\/wp\/v2\/posts"}],"about":[{"href":"https:\/\/ajeandalucia.org\/granada\/wp-json\/wp\/v2\/types\/post"}],"author":[{"embeddable":true,"href":"https:\/\/ajeandalucia.org\/granada\/wp-json\/wp\/v2\/users\/6"}],"replies":[{"embeddable":true,"href":"https:\/\/ajeandalucia.org\/granada\/wp-json\/wp\/v2\/comments?post=39322"}],"version-history":[{"count":1,"href":"https:\/\/ajeandalucia.org\/granada\/wp-json\/wp\/v2\/posts\/39322\/revisions"}],"predecessor-version":[{"id":39324,"href":"https:\/\/ajeandalucia.org\/granada\/wp-json\/wp\/v2\/posts\/39322\/revisions\/39324"}],"wp:featuredmedia":[{"embeddable":true,"href":"https:\/\/ajeandalucia.org\/granada\/wp-json\/wp\/v2\/media\/39323"}],"wp:attachment":[{"href":"https:\/\/ajeandalucia.org\/granada\/wp-json\/wp\/v2\/media?parent=39322"}],"wp:term":[{"taxonomy":"category","embeddable":true,"href":"https:\/\/ajeandalucia.org\/granada\/wp-json\/wp\/v2\/categories?post=39322"},{"taxonomy":"post_tag","embeddable":true,"href":"https:\/\/ajeandalucia.org\/granada\/wp-json\/wp\/v2\/tags?post=39322"}],"curies":[{"name":"wp","href":"https:\/\/api.w.org\/{rel}","templated":true}]}}