{"id":42507,"date":"2022-10-13T12:36:28","date_gmt":"2022-10-13T10:36:28","guid":{"rendered":"https:\/\/www.ajeandalucia.org\/granada\/?p=42507"},"modified":"2022-10-13T12:36:41","modified_gmt":"2022-10-13T10:36:41","slug":"cierra-la-mitica-sala-aliatar-por-el-fieston-de-terceto","status":"publish","type":"post","link":"https:\/\/ajeandalucia.org\/granada\/2022\/10\/13\/cierra-la-mitica-sala-aliatar-por-el-fieston-de-terceto\/","title":{"rendered":"Cierra la m\u00edtica sala Aliatar\u2026 \u00a1por el fiest\u00f3n de Terceto!"},"content":{"rendered":"<p>\u25cf La agencia especializada en comunicaci\u00f3n integral celebra su 10 aniversario con un<br \/>\ngran evento privado en la renovada discoteca granadina<\/p>\n<p><img loading=\"lazy\" decoding=\"async\" class=\"alignleft wp-image-42509 size-full\" src=\"https:\/\/www.ajeandalucia.org\/granada\/wp-content\/uploads\/sites\/7\/2022\/10\/Captura-de-pantalla-2022-10-13-123540.jpg\" alt=\"\" width=\"1653\" height=\"724\" srcset=\"https:\/\/ajeandalucia.org\/granada\/wp-content\/uploads\/sites\/7\/2022\/10\/Captura-de-pantalla-2022-10-13-123540.jpg 1653w, https:\/\/ajeandalucia.org\/granada\/wp-content\/uploads\/sites\/7\/2022\/10\/Captura-de-pantalla-2022-10-13-123540-300x131.jpg 300w, https:\/\/ajeandalucia.org\/granada\/wp-content\/uploads\/sites\/7\/2022\/10\/Captura-de-pantalla-2022-10-13-123540-768x336.jpg 768w, https:\/\/ajeandalucia.org\/granada\/wp-content\/uploads\/sites\/7\/2022\/10\/Captura-de-pantalla-2022-10-13-123540-1024x449.jpg 1024w\" sizes=\"auto, (max-width: 1653px) 100vw, 1653px\" \/><\/p>\n<p>&nbsp;<\/p>\n<p>&nbsp;<\/p>\n<p>Terceto ya calienta motores para un evento privado en la sala Aliatar con motivo del 10<br \/>\naniversario de la agencia de comunicaci\u00f3n integral.<br \/>\nEl pr\u00f3ximo 20 de octubre, el equipo de creativos y expertos en comunicaci\u00f3n reunir\u00e1 a sus<br \/>\nclientes, proveedores y representantes institucionales de Granada en la m\u00edtica discoteca<br \/>\ngranadina que, adem\u00e1s, acaba de renovar varios de sus espacios.<br \/>\nEl evento, con una clara vocaci\u00f3n de ser una fiesta distendida, cargada de buenos<br \/>\nmomentos y sorpresas para los asistentes, viene a demostrar la consolidaci\u00f3n de Terceto,<br \/>\nel compromiso del equipo y su proyecci\u00f3n de futuro.<br \/>\nComo en toda buena fiesta, y bajo el claim de su 10 Aniversario, Let\u2019s Rock. Born To be<br \/>\nTrend, no faltar\u00e1 buena m\u00fasica sobre el escenario y bebida y comida para los asistentes<br \/>\nque, como gui\u00f1o al esp\u00edritu festivalero del encuentro, podr\u00e1n acudir a la fiesta con zapatillas<br \/>\no el calzado m\u00e1s c\u00f3modo que tengan. Habr\u00e1 sorpresas para el entretenimiento de los<br \/>\ninvitados y la agencia desvelar\u00e1 noticias importantes sobre su actividad.<br \/>\nEl esperado evento cuenta con la colaboraci\u00f3n de empresas locales como Margarita<br \/>\nEmpanadas, Mostaza Green Burger, JNavarro Cortador de Jam\u00f3n y Bodegas<br \/>\nArcheles, entre otras.<\/p>\n<p>MA\u00d1ANA RADIOF\u00d3NICA EN TERCETO<br \/>\nPero el 20 de octubre va mucho m\u00e1s all\u00e1 que el evento nocturno en Aliatar. Por la ma\u00f1ana,<br \/>\nCope Granada y Radio Granada trasladan sus peceras a la oficina de la agencia creativa<br \/>\npara hacer su programa matinal en directo desde all\u00ed. Por los micros de ambas emisoras<br \/>\npasar\u00e1 parte del equipo de Terceto y clientes de la agencia para conversar sobre marketing<br \/>\ny el aniversario.<\/p>\n<p>SOBRE TERCETO<br \/>\nTerceto es especialista en el desarrollo de ecosistemas digitales creativos para empresas e<br \/>\ninstituciones. Sus servicios van desde la consultor\u00eda, el branding corporativo o el dise\u00f1o<br \/>\ngr\u00e1fico y editorial, hasta el e-commerce, el dise\u00f1o y desarrollo web, pasando por el<\/p>\n<p>desarrollo e implementaci\u00f3n de estrategias de marketing digital y redes sociales, que<br \/>\nengloban un amplio conocimiento en Branded Content, Social Media, posicionamiento<br \/>\nSEO\/SEM y Social Media Ads.<br \/>\nActualmente, su l\u00ednea de negocio de comunicaci\u00f3n online se est\u00e1 asentando con grandes<br \/>\nempresas e instituciones con un alto volumen de facturaci\u00f3n anual, por encima de los 50<br \/>\nmillones, y que pertenecen al sector sanitario, agroalimentario, de la banca o del campo de<br \/>\nla formaci\u00f3n. Estamos hablando, por citar solo algunos de ellos, del Hospital Universitario<br \/>\nTorrec\u00e1rdenas de Almer\u00eda, Caja Rural Granada, Herogra Group, Melgarejo, extra virgin, el<br \/>\nConsorcio Fernando de los R\u00edos-Guadalinfo o la Universidad de Murcia.<br \/>\nTodo este amplio abanico de acciones es posible gracias al equipo de 18 personas que hoy<br \/>\nd\u00eda suma experiencia y arrojo. La plantilla est\u00e1 compuesta por una cuidadosa combinaci\u00f3n<br \/>\nde perfiles creativos, de desarrollo web, de dise\u00f1o y experiencia UX, de redacci\u00f3n de<br \/>\ncontenidos y expertos en Social Media, entre otros perfiles, apoyados por perfiles de<br \/>\ngesti\u00f3n de cuentas y desarrollo de negocio.<\/p>\n","protected":false},"excerpt":{"rendered":"<p>\u25cf La agencia especializada en comunicaci\u00f3n integral celebra su 10 aniversario con un gran evento privado en la renovada discoteca [&hellip;]<\/p>\n","protected":false},"author":6,"featured_media":42508,"comment_status":"open","ping_status":"open","sticky":false,"template":"","format":"standard","meta":{"_acf_changed":false,"site-sidebar-layout":"default","site-content-layout":"","ast-site-content-layout":"default","site-content-style":"default","site-sidebar-style":"default","ast-global-header-display":"","ast-banner-title-visibility":"","ast-main-header-display":"","ast-hfb-above-header-display":"","ast-hfb-below-header-display":"","ast-hfb-mobile-header-display":"","site-post-title":"","ast-breadcrumbs-content":"","ast-featured-img":"","footer-sml-layout":"","ast-disable-related-posts":"","theme-transparent-header-meta":"","adv-header-id-meta":"","stick-header-meta":"","header-above-stick-meta":"","header-main-stick-meta":"","header-below-stick-meta":"","astra-migrate-meta-layouts":"default","ast-page-background-enabled":"default","ast-page-background-meta":{"desktop":{"background-color":"var(--ast-global-color-5)","background-image":"","background-repeat":"repeat","background-position":"center center","background-size":"auto","background-attachment":"scroll","background-type":"","background-media":"","overlay-type":"","overlay-color":"","overlay-opacity":"","overlay-gradient":""},"tablet":{"background-color":"","background-image":"","background-repeat":"repeat","background-position":"center center","background-size":"auto","background-attachment":"scroll","background-type":"","background-media":"","overlay-type":"","overlay-color":"","overlay-opacity":"","overlay-gradient":""},"mobile":{"background-color":"","background-image":"","background-repeat":"repeat","background-position":"center center","background-size":"auto","background-attachment":"scroll","background-type":"","background-media":"","overlay-type":"","overlay-color":"","overlay-opacity":"","overlay-gradient":""}},"ast-content-background-meta":{"desktop":{"background-color":"var(--ast-global-color-4)","background-image":"","background-repeat":"repeat","background-position":"center center","background-size":"auto","background-attachment":"scroll","background-type":"","background-media":"","overlay-type":"","overlay-color":"","overlay-opacity":"","overlay-gradient":""},"tablet":{"background-color":"var(--ast-global-color-4)","background-image":"","background-repeat":"repeat","background-position":"center center","background-size":"auto","background-attachment":"scroll","background-type":"","background-media":"","overlay-type":"","overlay-color":"","overlay-opacity":"","overlay-gradient":""},"mobile":{"background-color":"var(--ast-global-color-4)","background-image":"","background-repeat":"repeat","background-position":"center center","background-size":"auto","background-attachment":"scroll","background-type":"","background-media":"","overlay-type":"","overlay-color":"","overlay-opacity":"","overlay-gradient":""}},"footnotes":""},"categories":[1,8,115],"tags":[5456,437],"class_list":["post-42507","post","type-post","status-publish","format-standard","has-post-thumbnail","hentry","category-blog","category-noticias","category-noticias-aje","tag-aniversario-terceto","tag-terceto-comunicacion"],"acf":[],"yoast_head":"<!-- This site is optimized with the Yoast SEO plugin v26.9 - https:\/\/yoast.com\/product\/yoast-seo-wordpress\/ -->\n<title>Cierra la m\u00edtica sala Aliatar\u2026 \u00a1por el fiest\u00f3n de Terceto! - AJE Granada<\/title>\n<meta name=\"robots\" content=\"index, follow, max-snippet:-1, max-image-preview:large, max-video-preview:-1\" \/>\n<link rel=\"canonical\" href=\"https:\/\/ajeandalucia.org\/granada\/2022\/10\/13\/cierra-la-mitica-sala-aliatar-por-el-fieston-de-terceto\/\" \/>\n<meta property=\"og:locale\" content=\"es_ES\" \/>\n<meta property=\"og:type\" content=\"article\" \/>\n<meta property=\"og:title\" content=\"Cierra la m\u00edtica sala Aliatar\u2026 \u00a1por el fiest\u00f3n de Terceto! - AJE Granada\" \/>\n<meta property=\"og:description\" content=\"\u25cf La agencia especializada en comunicaci\u00f3n integral celebra su 10 aniversario con un gran evento privado en la renovada discoteca [&hellip;]\" \/>\n<meta property=\"og:url\" content=\"https:\/\/ajeandalucia.org\/granada\/2022\/10\/13\/cierra-la-mitica-sala-aliatar-por-el-fieston-de-terceto\/\" \/>\n<meta property=\"og:site_name\" content=\"AJE Granada\" \/>\n<meta property=\"article:published_time\" content=\"2022-10-13T10:36:28+00:00\" \/>\n<meta property=\"article:modified_time\" content=\"2022-10-13T10:36:41+00:00\" \/>\n<meta property=\"og:image\" content=\"https:\/\/ajeandalucia.org\/granada\/wp-content\/uploads\/sites\/7\/2022\/10\/Captura-de-pantalla-2022-10-13-123348.jpg\" \/>\n\t<meta property=\"og:image:width\" content=\"1254\" \/>\n\t<meta property=\"og:image:height\" content=\"853\" \/>\n\t<meta property=\"og:image:type\" content=\"image\/jpeg\" \/>\n<meta name=\"author\" content=\"granada\" \/>\n<meta name=\"twitter:card\" content=\"summary_large_image\" \/>\n<meta name=\"twitter:label1\" content=\"Escrito por\" \/>\n\t<meta name=\"twitter:data1\" content=\"granada\" \/>\n\t<meta name=\"twitter:label2\" content=\"Tiempo de lectura\" \/>\n\t<meta name=\"twitter:data2\" content=\"3 minutos\" \/>\n<script type=\"application\/ld+json\" class=\"yoast-schema-graph\">{\"@context\":\"https:\/\/schema.org\",\"@graph\":[{\"@type\":\"Article\",\"@id\":\"https:\/\/ajeandalucia.org\/granada\/2022\/10\/13\/cierra-la-mitica-sala-aliatar-por-el-fieston-de-terceto\/#article\",\"isPartOf\":{\"@id\":\"https:\/\/ajeandalucia.org\/granada\/2022\/10\/13\/cierra-la-mitica-sala-aliatar-por-el-fieston-de-terceto\/\"},\"author\":{\"name\":\"granada\",\"@id\":\"https:\/\/ajeandalucia.org\/granada\/#\/schema\/person\/11740bd602b2087a5d9913ce7ad3b931\"},\"headline\":\"Cierra la m\u00edtica sala Aliatar\u2026 \u00a1por el fiest\u00f3n de Terceto!\",\"datePublished\":\"2022-10-13T10:36:28+00:00\",\"dateModified\":\"2022-10-13T10:36:41+00:00\",\"mainEntityOfPage\":{\"@id\":\"https:\/\/ajeandalucia.org\/granada\/2022\/10\/13\/cierra-la-mitica-sala-aliatar-por-el-fieston-de-terceto\/\"},\"wordCount\":540,\"commentCount\":0,\"publisher\":{\"@id\":\"https:\/\/ajeandalucia.org\/granada\/#organization\"},\"image\":{\"@id\":\"https:\/\/ajeandalucia.org\/granada\/2022\/10\/13\/cierra-la-mitica-sala-aliatar-por-el-fieston-de-terceto\/#primaryimage\"},\"thumbnailUrl\":\"https:\/\/ajeandalucia.org\/granada\/wp-content\/uploads\/sites\/7\/2022\/10\/Captura-de-pantalla-2022-10-13-123348.jpg\",\"keywords\":[\"Aniversario Terceto\",\"terceto comunicacion\"],\"articleSection\":[\"Blog\",\"Noticias\",\"Noticias aje\"],\"inLanguage\":\"es\",\"potentialAction\":[{\"@type\":\"CommentAction\",\"name\":\"Comment\",\"target\":[\"https:\/\/ajeandalucia.org\/granada\/2022\/10\/13\/cierra-la-mitica-sala-aliatar-por-el-fieston-de-terceto\/#respond\"]}]},{\"@type\":\"WebPage\",\"@id\":\"https:\/\/ajeandalucia.org\/granada\/2022\/10\/13\/cierra-la-mitica-sala-aliatar-por-el-fieston-de-terceto\/\",\"url\":\"https:\/\/ajeandalucia.org\/granada\/2022\/10\/13\/cierra-la-mitica-sala-aliatar-por-el-fieston-de-terceto\/\",\"name\":\"Cierra la m\u00edtica sala Aliatar\u2026 \u00a1por el fiest\u00f3n de Terceto! - AJE Granada\",\"isPartOf\":{\"@id\":\"https:\/\/ajeandalucia.org\/granada\/#website\"},\"primaryImageOfPage\":{\"@id\":\"https:\/\/ajeandalucia.org\/granada\/2022\/10\/13\/cierra-la-mitica-sala-aliatar-por-el-fieston-de-terceto\/#primaryimage\"},\"image\":{\"@id\":\"https:\/\/ajeandalucia.org\/granada\/2022\/10\/13\/cierra-la-mitica-sala-aliatar-por-el-fieston-de-terceto\/#primaryimage\"},\"thumbnailUrl\":\"https:\/\/ajeandalucia.org\/granada\/wp-content\/uploads\/sites\/7\/2022\/10\/Captura-de-pantalla-2022-10-13-123348.jpg\",\"datePublished\":\"2022-10-13T10:36:28+00:00\",\"dateModified\":\"2022-10-13T10:36:41+00:00\",\"breadcrumb\":{\"@id\":\"https:\/\/ajeandalucia.org\/granada\/2022\/10\/13\/cierra-la-mitica-sala-aliatar-por-el-fieston-de-terceto\/#breadcrumb\"},\"inLanguage\":\"es\",\"potentialAction\":[{\"@type\":\"ReadAction\",\"target\":[\"https:\/\/ajeandalucia.org\/granada\/2022\/10\/13\/cierra-la-mitica-sala-aliatar-por-el-fieston-de-terceto\/\"]}]},{\"@type\":\"ImageObject\",\"inLanguage\":\"es\",\"@id\":\"https:\/\/ajeandalucia.org\/granada\/2022\/10\/13\/cierra-la-mitica-sala-aliatar-por-el-fieston-de-terceto\/#primaryimage\",\"url\":\"https:\/\/ajeandalucia.org\/granada\/wp-content\/uploads\/sites\/7\/2022\/10\/Captura-de-pantalla-2022-10-13-123348.jpg\",\"contentUrl\":\"https:\/\/ajeandalucia.org\/granada\/wp-content\/uploads\/sites\/7\/2022\/10\/Captura-de-pantalla-2022-10-13-123348.jpg\",\"width\":1254,\"height\":853},{\"@type\":\"BreadcrumbList\",\"@id\":\"https:\/\/ajeandalucia.org\/granada\/2022\/10\/13\/cierra-la-mitica-sala-aliatar-por-el-fieston-de-terceto\/#breadcrumb\",\"itemListElement\":[{\"@type\":\"ListItem\",\"position\":1,\"name\":\"Portada\",\"item\":\"https:\/\/ajeandalucia.org\/granada\/\"},{\"@type\":\"ListItem\",\"position\":2,\"name\":\"Cierra la m\u00edtica sala Aliatar\u2026 \u00a1por el fiest\u00f3n de Terceto!\"}]},{\"@type\":\"WebSite\",\"@id\":\"https:\/\/ajeandalucia.org\/granada\/#website\",\"url\":\"https:\/\/ajeandalucia.org\/granada\/\",\"name\":\"AJE Granada\",\"description\":\"J\u00f3venes Empresarios de Granada\",\"publisher\":{\"@id\":\"https:\/\/ajeandalucia.org\/granada\/#organization\"},\"potentialAction\":[{\"@type\":\"SearchAction\",\"target\":{\"@type\":\"EntryPoint\",\"urlTemplate\":\"https:\/\/ajeandalucia.org\/granada\/?s={search_term_string}\"},\"query-input\":{\"@type\":\"PropertyValueSpecification\",\"valueRequired\":true,\"valueName\":\"search_term_string\"}}],\"inLanguage\":\"es\"},{\"@type\":\"Organization\",\"@id\":\"https:\/\/ajeandalucia.org\/granada\/#organization\",\"name\":\"AJE Granada\",\"url\":\"https:\/\/ajeandalucia.org\/granada\/\",\"logo\":{\"@type\":\"ImageObject\",\"inLanguage\":\"es\",\"@id\":\"https:\/\/ajeandalucia.org\/granada\/#\/schema\/logo\/image\/\",\"url\":\"https:\/\/ajeandalucia.org\/granada\/wp-content\/uploads\/sites\/7\/2025\/02\/AJE-GRANADA-horizontal.png\",\"contentUrl\":\"https:\/\/ajeandalucia.org\/granada\/wp-content\/uploads\/sites\/7\/2025\/02\/AJE-GRANADA-horizontal.png\",\"width\":612,\"height\":200,\"caption\":\"AJE Granada\"},\"image\":{\"@id\":\"https:\/\/ajeandalucia.org\/granada\/#\/schema\/logo\/image\/\"}},{\"@type\":\"Person\",\"@id\":\"https:\/\/ajeandalucia.org\/granada\/#\/schema\/person\/11740bd602b2087a5d9913ce7ad3b931\",\"name\":\"granada\",\"image\":{\"@type\":\"ImageObject\",\"inLanguage\":\"es\",\"@id\":\"https:\/\/ajeandalucia.org\/granada\/#\/schema\/person\/image\/\",\"url\":\"https:\/\/secure.gravatar.com\/avatar\/d3efaa03945b79a8aad01845a3fd3b3535448eae49310ea0a5677e96e0e68b63?s=96&d=mm&r=g\",\"contentUrl\":\"https:\/\/secure.gravatar.com\/avatar\/d3efaa03945b79a8aad01845a3fd3b3535448eae49310ea0a5677e96e0e68b63?s=96&d=mm&r=g\",\"caption\":\"granada\"},\"url\":\"https:\/\/ajeandalucia.org\/granada\/author\/granada\/\"}]}<\/script>\n<!-- \/ Yoast SEO plugin. -->","yoast_head_json":{"title":"Cierra la m\u00edtica sala Aliatar\u2026 \u00a1por el fiest\u00f3n de Terceto! - AJE Granada","robots":{"index":"index","follow":"follow","max-snippet":"max-snippet:-1","max-image-preview":"max-image-preview:large","max-video-preview":"max-video-preview:-1"},"canonical":"https:\/\/ajeandalucia.org\/granada\/2022\/10\/13\/cierra-la-mitica-sala-aliatar-por-el-fieston-de-terceto\/","og_locale":"es_ES","og_type":"article","og_title":"Cierra la m\u00edtica sala Aliatar\u2026 \u00a1por el fiest\u00f3n de Terceto! - AJE Granada","og_description":"\u25cf La agencia especializada en comunicaci\u00f3n integral celebra su 10 aniversario con un gran evento privado en la renovada discoteca [&hellip;]","og_url":"https:\/\/ajeandalucia.org\/granada\/2022\/10\/13\/cierra-la-mitica-sala-aliatar-por-el-fieston-de-terceto\/","og_site_name":"AJE Granada","article_published_time":"2022-10-13T10:36:28+00:00","article_modified_time":"2022-10-13T10:36:41+00:00","og_image":[{"width":1254,"height":853,"url":"https:\/\/ajeandalucia.org\/granada\/wp-content\/uploads\/sites\/7\/2022\/10\/Captura-de-pantalla-2022-10-13-123348.jpg","type":"image\/jpeg"}],"author":"granada","twitter_card":"summary_large_image","twitter_misc":{"Escrito por":"granada","Tiempo de lectura":"3 minutos"},"schema":{"@context":"https:\/\/schema.org","@graph":[{"@type":"Article","@id":"https:\/\/ajeandalucia.org\/granada\/2022\/10\/13\/cierra-la-mitica-sala-aliatar-por-el-fieston-de-terceto\/#article","isPartOf":{"@id":"https:\/\/ajeandalucia.org\/granada\/2022\/10\/13\/cierra-la-mitica-sala-aliatar-por-el-fieston-de-terceto\/"},"author":{"name":"granada","@id":"https:\/\/ajeandalucia.org\/granada\/#\/schema\/person\/11740bd602b2087a5d9913ce7ad3b931"},"headline":"Cierra la m\u00edtica sala Aliatar\u2026 \u00a1por el fiest\u00f3n de Terceto!","datePublished":"2022-10-13T10:36:28+00:00","dateModified":"2022-10-13T10:36:41+00:00","mainEntityOfPage":{"@id":"https:\/\/ajeandalucia.org\/granada\/2022\/10\/13\/cierra-la-mitica-sala-aliatar-por-el-fieston-de-terceto\/"},"wordCount":540,"commentCount":0,"publisher":{"@id":"https:\/\/ajeandalucia.org\/granada\/#organization"},"image":{"@id":"https:\/\/ajeandalucia.org\/granada\/2022\/10\/13\/cierra-la-mitica-sala-aliatar-por-el-fieston-de-terceto\/#primaryimage"},"thumbnailUrl":"https:\/\/ajeandalucia.org\/granada\/wp-content\/uploads\/sites\/7\/2022\/10\/Captura-de-pantalla-2022-10-13-123348.jpg","keywords":["Aniversario Terceto","terceto comunicacion"],"articleSection":["Blog","Noticias","Noticias aje"],"inLanguage":"es","potentialAction":[{"@type":"CommentAction","name":"Comment","target":["https:\/\/ajeandalucia.org\/granada\/2022\/10\/13\/cierra-la-mitica-sala-aliatar-por-el-fieston-de-terceto\/#respond"]}]},{"@type":"WebPage","@id":"https:\/\/ajeandalucia.org\/granada\/2022\/10\/13\/cierra-la-mitica-sala-aliatar-por-el-fieston-de-terceto\/","url":"https:\/\/ajeandalucia.org\/granada\/2022\/10\/13\/cierra-la-mitica-sala-aliatar-por-el-fieston-de-terceto\/","name":"Cierra la m\u00edtica sala Aliatar\u2026 \u00a1por el fiest\u00f3n de Terceto! - AJE Granada","isPartOf":{"@id":"https:\/\/ajeandalucia.org\/granada\/#website"},"primaryImageOfPage":{"@id":"https:\/\/ajeandalucia.org\/granada\/2022\/10\/13\/cierra-la-mitica-sala-aliatar-por-el-fieston-de-terceto\/#primaryimage"},"image":{"@id":"https:\/\/ajeandalucia.org\/granada\/2022\/10\/13\/cierra-la-mitica-sala-aliatar-por-el-fieston-de-terceto\/#primaryimage"},"thumbnailUrl":"https:\/\/ajeandalucia.org\/granada\/wp-content\/uploads\/sites\/7\/2022\/10\/Captura-de-pantalla-2022-10-13-123348.jpg","datePublished":"2022-10-13T10:36:28+00:00","dateModified":"2022-10-13T10:36:41+00:00","breadcrumb":{"@id":"https:\/\/ajeandalucia.org\/granada\/2022\/10\/13\/cierra-la-mitica-sala-aliatar-por-el-fieston-de-terceto\/#breadcrumb"},"inLanguage":"es","potentialAction":[{"@type":"ReadAction","target":["https:\/\/ajeandalucia.org\/granada\/2022\/10\/13\/cierra-la-mitica-sala-aliatar-por-el-fieston-de-terceto\/"]}]},{"@type":"ImageObject","inLanguage":"es","@id":"https:\/\/ajeandalucia.org\/granada\/2022\/10\/13\/cierra-la-mitica-sala-aliatar-por-el-fieston-de-terceto\/#primaryimage","url":"https:\/\/ajeandalucia.org\/granada\/wp-content\/uploads\/sites\/7\/2022\/10\/Captura-de-pantalla-2022-10-13-123348.jpg","contentUrl":"https:\/\/ajeandalucia.org\/granada\/wp-content\/uploads\/sites\/7\/2022\/10\/Captura-de-pantalla-2022-10-13-123348.jpg","width":1254,"height":853},{"@type":"BreadcrumbList","@id":"https:\/\/ajeandalucia.org\/granada\/2022\/10\/13\/cierra-la-mitica-sala-aliatar-por-el-fieston-de-terceto\/#breadcrumb","itemListElement":[{"@type":"ListItem","position":1,"name":"Portada","item":"https:\/\/ajeandalucia.org\/granada\/"},{"@type":"ListItem","position":2,"name":"Cierra la m\u00edtica sala Aliatar\u2026 \u00a1por el fiest\u00f3n de Terceto!"}]},{"@type":"WebSite","@id":"https:\/\/ajeandalucia.org\/granada\/#website","url":"https:\/\/ajeandalucia.org\/granada\/","name":"AJE Granada","description":"J\u00f3venes Empresarios de Granada","publisher":{"@id":"https:\/\/ajeandalucia.org\/granada\/#organization"},"potentialAction":[{"@type":"SearchAction","target":{"@type":"EntryPoint","urlTemplate":"https:\/\/ajeandalucia.org\/granada\/?s={search_term_string}"},"query-input":{"@type":"PropertyValueSpecification","valueRequired":true,"valueName":"search_term_string"}}],"inLanguage":"es"},{"@type":"Organization","@id":"https:\/\/ajeandalucia.org\/granada\/#organization","name":"AJE Granada","url":"https:\/\/ajeandalucia.org\/granada\/","logo":{"@type":"ImageObject","inLanguage":"es","@id":"https:\/\/ajeandalucia.org\/granada\/#\/schema\/logo\/image\/","url":"https:\/\/ajeandalucia.org\/granada\/wp-content\/uploads\/sites\/7\/2025\/02\/AJE-GRANADA-horizontal.png","contentUrl":"https:\/\/ajeandalucia.org\/granada\/wp-content\/uploads\/sites\/7\/2025\/02\/AJE-GRANADA-horizontal.png","width":612,"height":200,"caption":"AJE Granada"},"image":{"@id":"https:\/\/ajeandalucia.org\/granada\/#\/schema\/logo\/image\/"}},{"@type":"Person","@id":"https:\/\/ajeandalucia.org\/granada\/#\/schema\/person\/11740bd602b2087a5d9913ce7ad3b931","name":"granada","image":{"@type":"ImageObject","inLanguage":"es","@id":"https:\/\/ajeandalucia.org\/granada\/#\/schema\/person\/image\/","url":"https:\/\/secure.gravatar.com\/avatar\/d3efaa03945b79a8aad01845a3fd3b3535448eae49310ea0a5677e96e0e68b63?s=96&d=mm&r=g","contentUrl":"https:\/\/secure.gravatar.com\/avatar\/d3efaa03945b79a8aad01845a3fd3b3535448eae49310ea0a5677e96e0e68b63?s=96&d=mm&r=g","caption":"granada"},"url":"https:\/\/ajeandalucia.org\/granada\/author\/granada\/"}]}},"_links":{"self":[{"href":"https:\/\/ajeandalucia.org\/granada\/wp-json\/wp\/v2\/posts\/42507","targetHints":{"allow":["GET"]}}],"collection":[{"href":"https:\/\/ajeandalucia.org\/granada\/wp-json\/wp\/v2\/posts"}],"about":[{"href":"https:\/\/ajeandalucia.org\/granada\/wp-json\/wp\/v2\/types\/post"}],"author":[{"embeddable":true,"href":"https:\/\/ajeandalucia.org\/granada\/wp-json\/wp\/v2\/users\/6"}],"replies":[{"embeddable":true,"href":"https:\/\/ajeandalucia.org\/granada\/wp-json\/wp\/v2\/comments?post=42507"}],"version-history":[{"count":1,"href":"https:\/\/ajeandalucia.org\/granada\/wp-json\/wp\/v2\/posts\/42507\/revisions"}],"predecessor-version":[{"id":42510,"href":"https:\/\/ajeandalucia.org\/granada\/wp-json\/wp\/v2\/posts\/42507\/revisions\/42510"}],"wp:featuredmedia":[{"embeddable":true,"href":"https:\/\/ajeandalucia.org\/granada\/wp-json\/wp\/v2\/media\/42508"}],"wp:attachment":[{"href":"https:\/\/ajeandalucia.org\/granada\/wp-json\/wp\/v2\/media?parent=42507"}],"wp:term":[{"taxonomy":"category","embeddable":true,"href":"https:\/\/ajeandalucia.org\/granada\/wp-json\/wp\/v2\/categories?post=42507"},{"taxonomy":"post_tag","embeddable":true,"href":"https:\/\/ajeandalucia.org\/granada\/wp-json\/wp\/v2\/tags?post=42507"}],"curies":[{"name":"wp","href":"https:\/\/api.w.org\/{rel}","templated":true}]}}