{"id":43756,"date":"2023-04-18T11:11:55","date_gmt":"2023-04-18T09:11:55","guid":{"rendered":"https:\/\/www.ajeandalucia.org\/granada\/?p=43756"},"modified":"2023-04-18T12:14:15","modified_gmt":"2023-04-18T10:14:15","slug":"convenio-aje-granada-y-grupo-iwi","status":"publish","type":"post","link":"https:\/\/ajeandalucia.org\/granada\/2023\/04\/18\/convenio-aje-granada-y-grupo-iwi\/","title":{"rendered":"Convenio AJE Granada y Grupo IWI"},"content":{"rendered":"<p><img loading=\"lazy\" decoding=\"async\" class=\"size-medium wp-image-43758 alignleft\" src=\"https:\/\/www.ajeandalucia.org\/granada\/wp-content\/uploads\/sites\/7\/2023\/04\/WhatsApp-Image-2023-04-18-at-11.45.27-e1681812720146-300x163.jpeg\" alt=\"\" width=\"300\" height=\"163\" srcset=\"https:\/\/ajeandalucia.org\/granada\/wp-content\/uploads\/sites\/7\/2023\/04\/WhatsApp-Image-2023-04-18-at-11.45.27-e1681812720146-300x163.jpeg 300w, https:\/\/ajeandalucia.org\/granada\/wp-content\/uploads\/sites\/7\/2023\/04\/WhatsApp-Image-2023-04-18-at-11.45.27-e1681812720146-768x418.jpeg 768w, https:\/\/ajeandalucia.org\/granada\/wp-content\/uploads\/sites\/7\/2023\/04\/WhatsApp-Image-2023-04-18-at-11.45.27-e1681812720146.jpeg 983w\" sizes=\"auto, (max-width: 300px) 100vw, 300px\" \/>Firmamos un nuevo convenio de colaboraci\u00f3n junto a <a href=\"https:\/\/www.grupoiwi.com\/\"><strong>Grupo IWI<\/strong><\/a> para seguir ofreciendo ventajas y descuentos a nuestros asociados. Grupo IWI son especialistas en\u00a0la consultor\u00eda de Protecci\u00f3n de Datos desde el a\u00f1o 2002\u00a0compuesto por diferentes perfiles profesionales que se unieron\u00a0 con la intenci\u00f3n com\u00fan de crear un sistema de consultor\u00eda en protecci\u00f3n de datos de calidad y asequible para todas aquellas entidades que se vieran obligadas a adaptarse a dicha legislaci\u00f3n.<\/p>\n<p>Este convenio firmado por nuestro presidente Carlos \u00c1lvarez y Jos\u00e9 Juan Lozano administrador de Grupo IWI; establece los siguientes beneficios para los asociados de AJE Granada:<\/p>\n<p>&nbsp;<\/p>\n<p>&nbsp;<\/p>\n<ul>\n<li><strong>20% de descuento en todos sus servicios:<\/strong><\/li>\n<\/ul>\n<p style=\"padding-left: 60px\"><b>Consultor\u00eda en protecci\u00f3n de datos:<\/b>\u00a0Servicio de consultor\u00eda dirigido a todas las empresas y aut\u00f3nomos que tratan datos personales.<\/p>\n<p style=\"padding-left: 60px\"><b>Prevenci\u00f3n de blanqueo de capitales:<\/b>\u00a0Servicio de consultor\u00eda dirigido a cubrir las actividades empresariales afectadas por la Ley 10\/2010.<\/p>\n<p style=\"padding-left: 60px\"><b>Medidas frente al acoso sexual y por raz\u00f3n de sexo:<\/b>\u00a0Producto dise\u00f1ado para prevenir el acoso sexual y por raz\u00f3n de sexo en el entorno laboral y para actuar en caso de producirse (protocolo frente al acoso).<\/p>\n<p style=\"padding-left: 60px\"><b>Elaboraci\u00f3n de planes generales de higiene:<\/b>\u00a0Redacci\u00f3n de la documentaci\u00f3n obligatoria para minoristas de la alimentaci\u00f3n y restauradores (salvo excepciones).<\/p>\n","protected":false},"excerpt":{"rendered":"<p>Firmamos un nuevo convenio de colaboraci\u00f3n junto a Grupo IWI para seguir ofreciendo ventajas y descuentos a nuestros asociados. Grupo [&hellip;]<\/p>\n","protected":false},"author":6,"featured_media":43759,"comment_status":"open","ping_status":"open","sticky":false,"template":"","format":"standard","meta":{"_acf_changed":false,"site-sidebar-layout":"default","site-content-layout":"","ast-site-content-layout":"default","site-content-style":"default","site-sidebar-style":"default","ast-global-header-display":"","ast-banner-title-visibility":"","ast-main-header-display":"","ast-hfb-above-header-display":"","ast-hfb-below-header-display":"","ast-hfb-mobile-header-display":"","site-post-title":"","ast-breadcrumbs-content":"","ast-featured-img":"","footer-sml-layout":"","ast-disable-related-posts":"","theme-transparent-header-meta":"","adv-header-id-meta":"","stick-header-meta":"","header-above-stick-meta":"","header-main-stick-meta":"","header-below-stick-meta":"","astra-migrate-meta-layouts":"default","ast-page-background-enabled":"default","ast-page-background-meta":{"desktop":{"background-color":"var(--ast-global-color-5)","background-image":"","background-repeat":"repeat","background-position":"center center","background-size":"auto","background-attachment":"scroll","background-type":"","background-media":"","overlay-type":"","overlay-color":"","overlay-opacity":"","overlay-gradient":""},"tablet":{"background-color":"","background-image":"","background-repeat":"repeat","background-position":"center center","background-size":"auto","background-attachment":"scroll","background-type":"","background-media":"","overlay-type":"","overlay-color":"","overlay-opacity":"","overlay-gradient":""},"mobile":{"background-color":"","background-image":"","background-repeat":"repeat","background-position":"center center","background-size":"auto","background-attachment":"scroll","background-type":"","background-media":"","overlay-type":"","overlay-color":"","overlay-opacity":"","overlay-gradient":""}},"ast-content-background-meta":{"desktop":{"background-color":"var(--ast-global-color-4)","background-image":"","background-repeat":"repeat","background-position":"center center","background-size":"auto","background-attachment":"scroll","background-type":"","background-media":"","overlay-type":"","overlay-color":"","overlay-opacity":"","overlay-gradient":""},"tablet":{"background-color":"var(--ast-global-color-4)","background-image":"","background-repeat":"repeat","background-position":"center center","background-size":"auto","background-attachment":"scroll","background-type":"","background-media":"","overlay-type":"","overlay-color":"","overlay-opacity":"","overlay-gradient":""},"mobile":{"background-color":"var(--ast-global-color-4)","background-image":"","background-repeat":"repeat","background-position":"center center","background-size":"auto","background-attachment":"scroll","background-type":"","background-media":"","overlay-type":"","overlay-color":"","overlay-opacity":"","overlay-gradient":""}},"footnotes":""},"categories":[1,7,89,5466],"tags":[5486,5010],"class_list":["post-43756","post","type-post","status-publish","format-standard","has-post-thumbnail","hentry","category-blog","category-convenios","category-convenios-aje-granada","category-convenios2023","tag-convenios-2023","tag-convenios-aje"],"acf":[],"yoast_head":"<!-- This site is optimized with the Yoast SEO plugin v26.9 - https:\/\/yoast.com\/product\/yoast-seo-wordpress\/ -->\n<title>Convenio AJE Granada y Grupo IWI - AJE Granada<\/title>\n<meta name=\"robots\" content=\"index, follow, max-snippet:-1, max-image-preview:large, max-video-preview:-1\" \/>\n<link rel=\"canonical\" href=\"https:\/\/ajeandalucia.org\/granada\/2023\/04\/18\/convenio-aje-granada-y-grupo-iwi\/\" \/>\n<meta property=\"og:locale\" content=\"es_ES\" \/>\n<meta property=\"og:type\" content=\"article\" \/>\n<meta property=\"og:title\" content=\"Convenio AJE Granada y Grupo IWI - AJE Granada\" \/>\n<meta property=\"og:description\" content=\"Firmamos un nuevo convenio de colaboraci\u00f3n junto a Grupo IWI para seguir ofreciendo ventajas y descuentos a nuestros asociados. Grupo [&hellip;]\" \/>\n<meta property=\"og:url\" content=\"https:\/\/ajeandalucia.org\/granada\/2023\/04\/18\/convenio-aje-granada-y-grupo-iwi\/\" \/>\n<meta property=\"og:site_name\" content=\"AJE Granada\" \/>\n<meta property=\"article:published_time\" content=\"2023-04-18T09:11:55+00:00\" \/>\n<meta property=\"article:modified_time\" content=\"2023-04-18T10:14:15+00:00\" \/>\n<meta property=\"og:image\" content=\"https:\/\/ajeandalucia.org\/granada\/wp-content\/uploads\/sites\/7\/2023\/04\/WhatsApp-Image-2023-04-18-at-11.44.23-1-e1681812815477.jpeg\" \/>\n\t<meta property=\"og:image:width\" content=\"737\" \/>\n\t<meta property=\"og:image:height\" content=\"640\" \/>\n\t<meta property=\"og:image:type\" content=\"image\/jpeg\" \/>\n<meta name=\"author\" content=\"granada\" \/>\n<meta name=\"twitter:card\" content=\"summary_large_image\" \/>\n<meta name=\"twitter:label1\" content=\"Escrito por\" \/>\n\t<meta name=\"twitter:data1\" content=\"granada\" \/>\n\t<meta name=\"twitter:label2\" content=\"Tiempo de lectura\" \/>\n\t<meta name=\"twitter:data2\" content=\"1 minuto\" \/>\n<script type=\"application\/ld+json\" class=\"yoast-schema-graph\">{\"@context\":\"https:\/\/schema.org\",\"@graph\":[{\"@type\":\"Article\",\"@id\":\"https:\/\/ajeandalucia.org\/granada\/2023\/04\/18\/convenio-aje-granada-y-grupo-iwi\/#article\",\"isPartOf\":{\"@id\":\"https:\/\/ajeandalucia.org\/granada\/2023\/04\/18\/convenio-aje-granada-y-grupo-iwi\/\"},\"author\":{\"name\":\"granada\",\"@id\":\"https:\/\/ajeandalucia.org\/granada\/#\/schema\/person\/11740bd602b2087a5d9913ce7ad3b931\"},\"headline\":\"Convenio AJE Granada y Grupo IWI\",\"datePublished\":\"2023-04-18T09:11:55+00:00\",\"dateModified\":\"2023-04-18T10:14:15+00:00\",\"mainEntityOfPage\":{\"@id\":\"https:\/\/ajeandalucia.org\/granada\/2023\/04\/18\/convenio-aje-granada-y-grupo-iwi\/\"},\"wordCount\":228,\"commentCount\":0,\"publisher\":{\"@id\":\"https:\/\/ajeandalucia.org\/granada\/#organization\"},\"image\":{\"@id\":\"https:\/\/ajeandalucia.org\/granada\/2023\/04\/18\/convenio-aje-granada-y-grupo-iwi\/#primaryimage\"},\"thumbnailUrl\":\"https:\/\/ajeandalucia.org\/granada\/wp-content\/uploads\/sites\/7\/2023\/04\/WhatsApp-Image-2023-04-18-at-11.44.23-1-e1681812815477.jpeg\",\"keywords\":[\"Convenios 2023\",\"convenios aje\"],\"articleSection\":[\"Blog\",\"Convenios\",\"Convenios AJE Granada\",\"Convenios2023\"],\"inLanguage\":\"es\",\"potentialAction\":[{\"@type\":\"CommentAction\",\"name\":\"Comment\",\"target\":[\"https:\/\/ajeandalucia.org\/granada\/2023\/04\/18\/convenio-aje-granada-y-grupo-iwi\/#respond\"]}]},{\"@type\":\"WebPage\",\"@id\":\"https:\/\/ajeandalucia.org\/granada\/2023\/04\/18\/convenio-aje-granada-y-grupo-iwi\/\",\"url\":\"https:\/\/ajeandalucia.org\/granada\/2023\/04\/18\/convenio-aje-granada-y-grupo-iwi\/\",\"name\":\"Convenio AJE Granada y Grupo IWI - AJE Granada\",\"isPartOf\":{\"@id\":\"https:\/\/ajeandalucia.org\/granada\/#website\"},\"primaryImageOfPage\":{\"@id\":\"https:\/\/ajeandalucia.org\/granada\/2023\/04\/18\/convenio-aje-granada-y-grupo-iwi\/#primaryimage\"},\"image\":{\"@id\":\"https:\/\/ajeandalucia.org\/granada\/2023\/04\/18\/convenio-aje-granada-y-grupo-iwi\/#primaryimage\"},\"thumbnailUrl\":\"https:\/\/ajeandalucia.org\/granada\/wp-content\/uploads\/sites\/7\/2023\/04\/WhatsApp-Image-2023-04-18-at-11.44.23-1-e1681812815477.jpeg\",\"datePublished\":\"2023-04-18T09:11:55+00:00\",\"dateModified\":\"2023-04-18T10:14:15+00:00\",\"breadcrumb\":{\"@id\":\"https:\/\/ajeandalucia.org\/granada\/2023\/04\/18\/convenio-aje-granada-y-grupo-iwi\/#breadcrumb\"},\"inLanguage\":\"es\",\"potentialAction\":[{\"@type\":\"ReadAction\",\"target\":[\"https:\/\/ajeandalucia.org\/granada\/2023\/04\/18\/convenio-aje-granada-y-grupo-iwi\/\"]}]},{\"@type\":\"ImageObject\",\"inLanguage\":\"es\",\"@id\":\"https:\/\/ajeandalucia.org\/granada\/2023\/04\/18\/convenio-aje-granada-y-grupo-iwi\/#primaryimage\",\"url\":\"https:\/\/ajeandalucia.org\/granada\/wp-content\/uploads\/sites\/7\/2023\/04\/WhatsApp-Image-2023-04-18-at-11.44.23-1-e1681812815477.jpeg\",\"contentUrl\":\"https:\/\/ajeandalucia.org\/granada\/wp-content\/uploads\/sites\/7\/2023\/04\/WhatsApp-Image-2023-04-18-at-11.44.23-1-e1681812815477.jpeg\",\"width\":737,\"height\":640},{\"@type\":\"BreadcrumbList\",\"@id\":\"https:\/\/ajeandalucia.org\/granada\/2023\/04\/18\/convenio-aje-granada-y-grupo-iwi\/#breadcrumb\",\"itemListElement\":[{\"@type\":\"ListItem\",\"position\":1,\"name\":\"Portada\",\"item\":\"https:\/\/ajeandalucia.org\/granada\/\"},{\"@type\":\"ListItem\",\"position\":2,\"name\":\"Convenio AJE Granada y Grupo IWI\"}]},{\"@type\":\"WebSite\",\"@id\":\"https:\/\/ajeandalucia.org\/granada\/#website\",\"url\":\"https:\/\/ajeandalucia.org\/granada\/\",\"name\":\"AJE Granada\",\"description\":\"J\u00f3venes Empresarios de Granada\",\"publisher\":{\"@id\":\"https:\/\/ajeandalucia.org\/granada\/#organization\"},\"potentialAction\":[{\"@type\":\"SearchAction\",\"target\":{\"@type\":\"EntryPoint\",\"urlTemplate\":\"https:\/\/ajeandalucia.org\/granada\/?s={search_term_string}\"},\"query-input\":{\"@type\":\"PropertyValueSpecification\",\"valueRequired\":true,\"valueName\":\"search_term_string\"}}],\"inLanguage\":\"es\"},{\"@type\":\"Organization\",\"@id\":\"https:\/\/ajeandalucia.org\/granada\/#organization\",\"name\":\"AJE Granada\",\"url\":\"https:\/\/ajeandalucia.org\/granada\/\",\"logo\":{\"@type\":\"ImageObject\",\"inLanguage\":\"es\",\"@id\":\"https:\/\/ajeandalucia.org\/granada\/#\/schema\/logo\/image\/\",\"url\":\"https:\/\/ajeandalucia.org\/granada\/wp-content\/uploads\/sites\/7\/2025\/02\/AJE-GRANADA-horizontal.png\",\"contentUrl\":\"https:\/\/ajeandalucia.org\/granada\/wp-content\/uploads\/sites\/7\/2025\/02\/AJE-GRANADA-horizontal.png\",\"width\":612,\"height\":200,\"caption\":\"AJE Granada\"},\"image\":{\"@id\":\"https:\/\/ajeandalucia.org\/granada\/#\/schema\/logo\/image\/\"}},{\"@type\":\"Person\",\"@id\":\"https:\/\/ajeandalucia.org\/granada\/#\/schema\/person\/11740bd602b2087a5d9913ce7ad3b931\",\"name\":\"granada\",\"image\":{\"@type\":\"ImageObject\",\"inLanguage\":\"es\",\"@id\":\"https:\/\/ajeandalucia.org\/granada\/#\/schema\/person\/image\/\",\"url\":\"https:\/\/secure.gravatar.com\/avatar\/d3efaa03945b79a8aad01845a3fd3b3535448eae49310ea0a5677e96e0e68b63?s=96&d=mm&r=g\",\"contentUrl\":\"https:\/\/secure.gravatar.com\/avatar\/d3efaa03945b79a8aad01845a3fd3b3535448eae49310ea0a5677e96e0e68b63?s=96&d=mm&r=g\",\"caption\":\"granada\"},\"url\":\"https:\/\/ajeandalucia.org\/granada\/author\/granada\/\"}]}<\/script>\n<!-- \/ Yoast SEO plugin. -->","yoast_head_json":{"title":"Convenio AJE Granada y Grupo IWI - AJE Granada","robots":{"index":"index","follow":"follow","max-snippet":"max-snippet:-1","max-image-preview":"max-image-preview:large","max-video-preview":"max-video-preview:-1"},"canonical":"https:\/\/ajeandalucia.org\/granada\/2023\/04\/18\/convenio-aje-granada-y-grupo-iwi\/","og_locale":"es_ES","og_type":"article","og_title":"Convenio AJE Granada y Grupo IWI - AJE Granada","og_description":"Firmamos un nuevo convenio de colaboraci\u00f3n junto a Grupo IWI para seguir ofreciendo ventajas y descuentos a nuestros asociados. Grupo [&hellip;]","og_url":"https:\/\/ajeandalucia.org\/granada\/2023\/04\/18\/convenio-aje-granada-y-grupo-iwi\/","og_site_name":"AJE Granada","article_published_time":"2023-04-18T09:11:55+00:00","article_modified_time":"2023-04-18T10:14:15+00:00","og_image":[{"width":737,"height":640,"url":"https:\/\/ajeandalucia.org\/granada\/wp-content\/uploads\/sites\/7\/2023\/04\/WhatsApp-Image-2023-04-18-at-11.44.23-1-e1681812815477.jpeg","type":"image\/jpeg"}],"author":"granada","twitter_card":"summary_large_image","twitter_misc":{"Escrito por":"granada","Tiempo de lectura":"1 minuto"},"schema":{"@context":"https:\/\/schema.org","@graph":[{"@type":"Article","@id":"https:\/\/ajeandalucia.org\/granada\/2023\/04\/18\/convenio-aje-granada-y-grupo-iwi\/#article","isPartOf":{"@id":"https:\/\/ajeandalucia.org\/granada\/2023\/04\/18\/convenio-aje-granada-y-grupo-iwi\/"},"author":{"name":"granada","@id":"https:\/\/ajeandalucia.org\/granada\/#\/schema\/person\/11740bd602b2087a5d9913ce7ad3b931"},"headline":"Convenio AJE Granada y Grupo IWI","datePublished":"2023-04-18T09:11:55+00:00","dateModified":"2023-04-18T10:14:15+00:00","mainEntityOfPage":{"@id":"https:\/\/ajeandalucia.org\/granada\/2023\/04\/18\/convenio-aje-granada-y-grupo-iwi\/"},"wordCount":228,"commentCount":0,"publisher":{"@id":"https:\/\/ajeandalucia.org\/granada\/#organization"},"image":{"@id":"https:\/\/ajeandalucia.org\/granada\/2023\/04\/18\/convenio-aje-granada-y-grupo-iwi\/#primaryimage"},"thumbnailUrl":"https:\/\/ajeandalucia.org\/granada\/wp-content\/uploads\/sites\/7\/2023\/04\/WhatsApp-Image-2023-04-18-at-11.44.23-1-e1681812815477.jpeg","keywords":["Convenios 2023","convenios aje"],"articleSection":["Blog","Convenios","Convenios AJE Granada","Convenios2023"],"inLanguage":"es","potentialAction":[{"@type":"CommentAction","name":"Comment","target":["https:\/\/ajeandalucia.org\/granada\/2023\/04\/18\/convenio-aje-granada-y-grupo-iwi\/#respond"]}]},{"@type":"WebPage","@id":"https:\/\/ajeandalucia.org\/granada\/2023\/04\/18\/convenio-aje-granada-y-grupo-iwi\/","url":"https:\/\/ajeandalucia.org\/granada\/2023\/04\/18\/convenio-aje-granada-y-grupo-iwi\/","name":"Convenio AJE Granada y Grupo IWI - AJE Granada","isPartOf":{"@id":"https:\/\/ajeandalucia.org\/granada\/#website"},"primaryImageOfPage":{"@id":"https:\/\/ajeandalucia.org\/granada\/2023\/04\/18\/convenio-aje-granada-y-grupo-iwi\/#primaryimage"},"image":{"@id":"https:\/\/ajeandalucia.org\/granada\/2023\/04\/18\/convenio-aje-granada-y-grupo-iwi\/#primaryimage"},"thumbnailUrl":"https:\/\/ajeandalucia.org\/granada\/wp-content\/uploads\/sites\/7\/2023\/04\/WhatsApp-Image-2023-04-18-at-11.44.23-1-e1681812815477.jpeg","datePublished":"2023-04-18T09:11:55+00:00","dateModified":"2023-04-18T10:14:15+00:00","breadcrumb":{"@id":"https:\/\/ajeandalucia.org\/granada\/2023\/04\/18\/convenio-aje-granada-y-grupo-iwi\/#breadcrumb"},"inLanguage":"es","potentialAction":[{"@type":"ReadAction","target":["https:\/\/ajeandalucia.org\/granada\/2023\/04\/18\/convenio-aje-granada-y-grupo-iwi\/"]}]},{"@type":"ImageObject","inLanguage":"es","@id":"https:\/\/ajeandalucia.org\/granada\/2023\/04\/18\/convenio-aje-granada-y-grupo-iwi\/#primaryimage","url":"https:\/\/ajeandalucia.org\/granada\/wp-content\/uploads\/sites\/7\/2023\/04\/WhatsApp-Image-2023-04-18-at-11.44.23-1-e1681812815477.jpeg","contentUrl":"https:\/\/ajeandalucia.org\/granada\/wp-content\/uploads\/sites\/7\/2023\/04\/WhatsApp-Image-2023-04-18-at-11.44.23-1-e1681812815477.jpeg","width":737,"height":640},{"@type":"BreadcrumbList","@id":"https:\/\/ajeandalucia.org\/granada\/2023\/04\/18\/convenio-aje-granada-y-grupo-iwi\/#breadcrumb","itemListElement":[{"@type":"ListItem","position":1,"name":"Portada","item":"https:\/\/ajeandalucia.org\/granada\/"},{"@type":"ListItem","position":2,"name":"Convenio AJE Granada y Grupo IWI"}]},{"@type":"WebSite","@id":"https:\/\/ajeandalucia.org\/granada\/#website","url":"https:\/\/ajeandalucia.org\/granada\/","name":"AJE Granada","description":"J\u00f3venes Empresarios de Granada","publisher":{"@id":"https:\/\/ajeandalucia.org\/granada\/#organization"},"potentialAction":[{"@type":"SearchAction","target":{"@type":"EntryPoint","urlTemplate":"https:\/\/ajeandalucia.org\/granada\/?s={search_term_string}"},"query-input":{"@type":"PropertyValueSpecification","valueRequired":true,"valueName":"search_term_string"}}],"inLanguage":"es"},{"@type":"Organization","@id":"https:\/\/ajeandalucia.org\/granada\/#organization","name":"AJE Granada","url":"https:\/\/ajeandalucia.org\/granada\/","logo":{"@type":"ImageObject","inLanguage":"es","@id":"https:\/\/ajeandalucia.org\/granada\/#\/schema\/logo\/image\/","url":"https:\/\/ajeandalucia.org\/granada\/wp-content\/uploads\/sites\/7\/2025\/02\/AJE-GRANADA-horizontal.png","contentUrl":"https:\/\/ajeandalucia.org\/granada\/wp-content\/uploads\/sites\/7\/2025\/02\/AJE-GRANADA-horizontal.png","width":612,"height":200,"caption":"AJE Granada"},"image":{"@id":"https:\/\/ajeandalucia.org\/granada\/#\/schema\/logo\/image\/"}},{"@type":"Person","@id":"https:\/\/ajeandalucia.org\/granada\/#\/schema\/person\/11740bd602b2087a5d9913ce7ad3b931","name":"granada","image":{"@type":"ImageObject","inLanguage":"es","@id":"https:\/\/ajeandalucia.org\/granada\/#\/schema\/person\/image\/","url":"https:\/\/secure.gravatar.com\/avatar\/d3efaa03945b79a8aad01845a3fd3b3535448eae49310ea0a5677e96e0e68b63?s=96&d=mm&r=g","contentUrl":"https:\/\/secure.gravatar.com\/avatar\/d3efaa03945b79a8aad01845a3fd3b3535448eae49310ea0a5677e96e0e68b63?s=96&d=mm&r=g","caption":"granada"},"url":"https:\/\/ajeandalucia.org\/granada\/author\/granada\/"}]}},"_links":{"self":[{"href":"https:\/\/ajeandalucia.org\/granada\/wp-json\/wp\/v2\/posts\/43756","targetHints":{"allow":["GET"]}}],"collection":[{"href":"https:\/\/ajeandalucia.org\/granada\/wp-json\/wp\/v2\/posts"}],"about":[{"href":"https:\/\/ajeandalucia.org\/granada\/wp-json\/wp\/v2\/types\/post"}],"author":[{"embeddable":true,"href":"https:\/\/ajeandalucia.org\/granada\/wp-json\/wp\/v2\/users\/6"}],"replies":[{"embeddable":true,"href":"https:\/\/ajeandalucia.org\/granada\/wp-json\/wp\/v2\/comments?post=43756"}],"version-history":[{"count":3,"href":"https:\/\/ajeandalucia.org\/granada\/wp-json\/wp\/v2\/posts\/43756\/revisions"}],"predecessor-version":[{"id":43761,"href":"https:\/\/ajeandalucia.org\/granada\/wp-json\/wp\/v2\/posts\/43756\/revisions\/43761"}],"wp:featuredmedia":[{"embeddable":true,"href":"https:\/\/ajeandalucia.org\/granada\/wp-json\/wp\/v2\/media\/43759"}],"wp:attachment":[{"href":"https:\/\/ajeandalucia.org\/granada\/wp-json\/wp\/v2\/media?parent=43756"}],"wp:term":[{"taxonomy":"category","embeddable":true,"href":"https:\/\/ajeandalucia.org\/granada\/wp-json\/wp\/v2\/categories?post=43756"},{"taxonomy":"post_tag","embeddable":true,"href":"https:\/\/ajeandalucia.org\/granada\/wp-json\/wp\/v2\/tags?post=43756"}],"curies":[{"name":"wp","href":"https:\/\/api.w.org\/{rel}","templated":true}]}}