{"id":44064,"date":"2023-05-31T11:09:25","date_gmt":"2023-05-31T09:09:25","guid":{"rendered":"https:\/\/www.ajeandalucia.org\/granada\/?p=44064"},"modified":"2023-05-31T11:13:54","modified_gmt":"2023-05-31T09:13:54","slug":"meet-aje-mj-ingenieria","status":"publish","type":"post","link":"https:\/\/ajeandalucia.org\/granada\/2023\/05\/31\/meet-aje-mj-ingenieria\/","title":{"rendered":"MEET AJE: MJ Ingenier\u00eda"},"content":{"rendered":"<p><em><strong>\u00a1Nueva edici\u00f3n Meet AJE!<\/strong><\/em>\u00a0Esta semana conocemos de cerca a Mar\u00eda Jos\u00e9 Gil Rodriguez, Fundadora de <a href=\"http:\/\/www.mjingenieria.es\/\"><strong>MJ Ingenier\u00eda<\/strong><\/a>. Una empresa consultora dedicada a la prestaci\u00f3n de servicios de Ingenier\u00eda Civil y Edificaci\u00f3n a Administraciones P\u00fablicas y Empresas Privadas.<\/p>\n<div>Su objetivo consiste en cubrir la demanda de Consultor\u00eda T\u00e9cnica tanto de Licitaciones y Proyectos de Construcci\u00f3n, Asistencias t\u00e9cnicas y Direcciones de obras.<\/div>\n<div>El sello de identidad de la empresa, se basa en realizar los trabajos en colaboraci\u00f3n directa con sus clientes, atendi\u00e9ndoles de manera personalizada y adapt\u00e1ndose siempre a sus necesidades.<\/div>\n<div><\/div>\n<div>Cuentan con un equipo t\u00e9cnico multidisciplinar, con acreditada solvencia t\u00e9cnica y en un proceso de formaci\u00f3n continua para mantenernos actualizados con los \u00faltimos avances, ofreciendo as\u00ed un producto con la m\u00e1xima calidad.<\/div>\n<p>&nbsp;<\/p>\n<p>&nbsp;<\/p>\n<p><strong><em>\u2013 Hola Mar\u00eda Jos\u00e9,\u00a0<\/em><\/strong><em><strong>cu\u00e9ntanos un poco que puesto desarrollas en MJ Ingenier\u00eda, qu\u00e9 funciones realizas y c\u00f3mo te decidiste a llevar a cabo este proyecto.<\/strong><\/em><\/p>\n<div>\n<p>Soy Mar\u00eda Jos\u00e9 Gil Rodr\u00edguez, Ingeniera de Caminos, Canales y Puertos. Soy la fundadora y propietaria de MJ INGENIER\u00cdA. Actualmente desarrollo todas las actividades, tanto t\u00e9cnicas como administrativas y comerciales. Si bien es cierto que cuento con 4 colaboradores externos: 2 Ingenieros de Caminos, 1 Arquitecta y 1 Aparejador.<\/p>\n<p>Tras m\u00e1s de 10 a\u00f1os trabajando en la construcci\u00f3n, tanto en el sector privado como en el p\u00fablico, decid\u00ed emprender mi negocio en octubre del pasado a\u00f1o. Era una idea que llevaba madurando desde hac\u00eda meses y tras barajar diferentes escenarios, llegu\u00e9 a la conclusi\u00f3n de que hab\u00eda llegado el momento.<\/p>\n<\/div>\n<p>&nbsp;<\/p>\n<p><b><i>\u2013 \u00bfQu\u00e9 servicios y l\u00edneas de negocio tiene tu empresa? \u00bfCu\u00e1l es vuestro valor diferencial?<\/i><\/b><\/p>\n<div>MJ INGENIER\u00cdA es una consultora especializada en licitaciones y proyectos de obra civil y edificaci\u00f3n. Estudiamos todo tipo de infraestructuras y edificaciones.<br \/>\nConsidero que nuestros valores diferenciales son la constancia, el compromiso con nuestros clientes y la calidad en cada uno de nuestros trabajos.<\/div>\n<p>&nbsp;<\/p>\n<p>&nbsp;<\/p>\n<p><b><i>\u2013 \u00bfPor qu\u00e9 perteneces a\u00a0AJE, qu\u00e9 beneficios encuentras y c\u00f3mo podr\u00edamos ayudarte?<\/i><\/b><\/p>\n<p>En AJE he encontrado un est\u00edmulo y un grupo de personas y profesionales dispuestos a ayudarme en el desarrollo de mis inquietudes laborales.<\/p>\n<p>&nbsp;<\/p>\n<p>&nbsp;<\/p>\n<p><img loading=\"lazy\" decoding=\"async\" class=\"wp-image-42712 alignright\" src=\"https:\/\/www.ajeandalucia.org\/granada\/wp-content\/uploads\/sites\/7\/2022\/12\/Sello-Yo-Soy-AJE-Granada-Color-300x300.png\" alt=\"\" width=\"162\" height=\"162\" srcset=\"https:\/\/ajeandalucia.org\/granada\/wp-content\/uploads\/sites\/7\/2022\/12\/Sello-Yo-Soy-AJE-Granada-Color-300x300.png 300w, https:\/\/ajeandalucia.org\/granada\/wp-content\/uploads\/sites\/7\/2022\/12\/Sello-Yo-Soy-AJE-Granada-Color-300x300-150x150.png 150w\" sizes=\"auto, (max-width: 162px) 100vw, 162px\" \/><\/p>\n<p>Contacta con\u00a0<strong>MJ Ingenier\u00eda<\/strong>\u00a0en:<\/p>\n<p>C. San Ant\u00f3n, 72, 4\u00aa planta, oficina 5, 18005 Granada<\/p>\n<p>&nbsp;<\/p>\n<p>&nbsp;<\/p>\n","protected":false},"excerpt":{"rendered":"<p>\u00a1Nueva edici\u00f3n Meet AJE!\u00a0Esta semana conocemos de cerca a Mar\u00eda Jos\u00e9 Gil Rodriguez, Fundadora de MJ Ingenier\u00eda. Una empresa consultora [&hellip;]<\/p>\n","protected":false},"author":6,"featured_media":44067,"comment_status":"open","ping_status":"open","sticky":false,"template":"","format":"standard","meta":{"_acf_changed":false,"site-sidebar-layout":"default","site-content-layout":"","ast-site-content-layout":"default","site-content-style":"default","site-sidebar-style":"default","ast-global-header-display":"","ast-banner-title-visibility":"","ast-main-header-display":"","ast-hfb-above-header-display":"","ast-hfb-below-header-display":"","ast-hfb-mobile-header-display":"","site-post-title":"","ast-breadcrumbs-content":"","ast-featured-img":"","footer-sml-layout":"","ast-disable-related-posts":"","theme-transparent-header-meta":"","adv-header-id-meta":"","stick-header-meta":"","header-above-stick-meta":"","header-main-stick-meta":"","header-below-stick-meta":"","astra-migrate-meta-layouts":"default","ast-page-background-enabled":"default","ast-page-background-meta":{"desktop":{"background-color":"var(--ast-global-color-5)","background-image":"","background-repeat":"repeat","background-position":"center center","background-size":"auto","background-attachment":"scroll","background-type":"","background-media":"","overlay-type":"","overlay-color":"","overlay-opacity":"","overlay-gradient":""},"tablet":{"background-color":"","background-image":"","background-repeat":"repeat","background-position":"center center","background-size":"auto","background-attachment":"scroll","background-type":"","background-media":"","overlay-type":"","overlay-color":"","overlay-opacity":"","overlay-gradient":""},"mobile":{"background-color":"","background-image":"","background-repeat":"repeat","background-position":"center center","background-size":"auto","background-attachment":"scroll","background-type":"","background-media":"","overlay-type":"","overlay-color":"","overlay-opacity":"","overlay-gradient":""}},"ast-content-background-meta":{"desktop":{"background-color":"var(--ast-global-color-4)","background-image":"","background-repeat":"repeat","background-position":"center center","background-size":"auto","background-attachment":"scroll","background-type":"","background-media":"","overlay-type":"","overlay-color":"","overlay-opacity":"","overlay-gradient":""},"tablet":{"background-color":"var(--ast-global-color-4)","background-image":"","background-repeat":"repeat","background-position":"center center","background-size":"auto","background-attachment":"scroll","background-type":"","background-media":"","overlay-type":"","overlay-color":"","overlay-opacity":"","overlay-gradient":""},"mobile":{"background-color":"var(--ast-global-color-4)","background-image":"","background-repeat":"repeat","background-position":"center center","background-size":"auto","background-attachment":"scroll","background-type":"","background-media":"","overlay-type":"","overlay-color":"","overlay-opacity":"","overlay-gradient":""}},"footnotes":""},"categories":[8,115],"tags":[5333,5494],"class_list":["post-44064","post","type-post","status-publish","format-standard","has-post-thumbnail","hentry","category-noticias","category-noticias-aje","tag-meet-aje","tag-mj-ingenieria"],"acf":[],"yoast_head":"<!-- This site is optimized with the Yoast SEO plugin v26.9 - https:\/\/yoast.com\/product\/yoast-seo-wordpress\/ -->\n<title>MEET AJE: MJ Ingenier\u00eda - AJE Granada<\/title>\n<meta name=\"robots\" content=\"index, follow, max-snippet:-1, max-image-preview:large, max-video-preview:-1\" \/>\n<link rel=\"canonical\" href=\"https:\/\/ajeandalucia.org\/granada\/2023\/05\/31\/meet-aje-mj-ingenieria\/\" \/>\n<meta property=\"og:locale\" content=\"es_ES\" \/>\n<meta property=\"og:type\" content=\"article\" \/>\n<meta property=\"og:title\" content=\"MEET AJE: MJ Ingenier\u00eda - AJE Granada\" \/>\n<meta property=\"og:description\" content=\"\u00a1Nueva edici\u00f3n Meet AJE!\u00a0Esta semana conocemos de cerca a Mar\u00eda Jos\u00e9 Gil Rodriguez, Fundadora de MJ Ingenier\u00eda. Una empresa consultora [&hellip;]\" \/>\n<meta property=\"og:url\" content=\"https:\/\/ajeandalucia.org\/granada\/2023\/05\/31\/meet-aje-mj-ingenieria\/\" \/>\n<meta property=\"og:site_name\" content=\"AJE Granada\" \/>\n<meta property=\"article:published_time\" content=\"2023-05-31T09:09:25+00:00\" \/>\n<meta property=\"article:modified_time\" content=\"2023-05-31T09:13:54+00:00\" \/>\n<meta property=\"og:image\" content=\"https:\/\/ajeandalucia.org\/granada\/wp-content\/uploads\/sites\/7\/2023\/05\/MEET-MJ-INGENIERIA.jpg\" \/>\n\t<meta property=\"og:image:width\" content=\"1080\" \/>\n\t<meta property=\"og:image:height\" content=\"865\" \/>\n\t<meta property=\"og:image:type\" content=\"image\/jpeg\" \/>\n<meta name=\"author\" content=\"granada\" \/>\n<meta name=\"twitter:card\" content=\"summary_large_image\" \/>\n<meta name=\"twitter:label1\" content=\"Escrito por\" \/>\n\t<meta name=\"twitter:data1\" content=\"granada\" \/>\n\t<meta name=\"twitter:label2\" content=\"Tiempo de lectura\" \/>\n\t<meta name=\"twitter:data2\" content=\"2 minutos\" \/>\n<script type=\"application\/ld+json\" class=\"yoast-schema-graph\">{\"@context\":\"https:\/\/schema.org\",\"@graph\":[{\"@type\":\"Article\",\"@id\":\"https:\/\/ajeandalucia.org\/granada\/2023\/05\/31\/meet-aje-mj-ingenieria\/#article\",\"isPartOf\":{\"@id\":\"https:\/\/ajeandalucia.org\/granada\/2023\/05\/31\/meet-aje-mj-ingenieria\/\"},\"author\":{\"name\":\"granada\",\"@id\":\"https:\/\/ajeandalucia.org\/granada\/#\/schema\/person\/11740bd602b2087a5d9913ce7ad3b931\"},\"headline\":\"MEET AJE: MJ Ingenier\u00eda\",\"datePublished\":\"2023-05-31T09:09:25+00:00\",\"dateModified\":\"2023-05-31T09:13:54+00:00\",\"mainEntityOfPage\":{\"@id\":\"https:\/\/ajeandalucia.org\/granada\/2023\/05\/31\/meet-aje-mj-ingenieria\/\"},\"wordCount\":403,\"commentCount\":0,\"publisher\":{\"@id\":\"https:\/\/ajeandalucia.org\/granada\/#organization\"},\"image\":{\"@id\":\"https:\/\/ajeandalucia.org\/granada\/2023\/05\/31\/meet-aje-mj-ingenieria\/#primaryimage\"},\"thumbnailUrl\":\"https:\/\/ajeandalucia.org\/granada\/wp-content\/uploads\/sites\/7\/2023\/05\/MEET-MJ-INGENIERIA.jpg\",\"keywords\":[\"Meet AJE\",\"MJ Ingenier\u00eda\"],\"articleSection\":[\"Noticias\",\"Noticias aje\"],\"inLanguage\":\"es\",\"potentialAction\":[{\"@type\":\"CommentAction\",\"name\":\"Comment\",\"target\":[\"https:\/\/ajeandalucia.org\/granada\/2023\/05\/31\/meet-aje-mj-ingenieria\/#respond\"]}]},{\"@type\":\"WebPage\",\"@id\":\"https:\/\/ajeandalucia.org\/granada\/2023\/05\/31\/meet-aje-mj-ingenieria\/\",\"url\":\"https:\/\/ajeandalucia.org\/granada\/2023\/05\/31\/meet-aje-mj-ingenieria\/\",\"name\":\"MEET AJE: MJ Ingenier\u00eda - AJE Granada\",\"isPartOf\":{\"@id\":\"https:\/\/ajeandalucia.org\/granada\/#website\"},\"primaryImageOfPage\":{\"@id\":\"https:\/\/ajeandalucia.org\/granada\/2023\/05\/31\/meet-aje-mj-ingenieria\/#primaryimage\"},\"image\":{\"@id\":\"https:\/\/ajeandalucia.org\/granada\/2023\/05\/31\/meet-aje-mj-ingenieria\/#primaryimage\"},\"thumbnailUrl\":\"https:\/\/ajeandalucia.org\/granada\/wp-content\/uploads\/sites\/7\/2023\/05\/MEET-MJ-INGENIERIA.jpg\",\"datePublished\":\"2023-05-31T09:09:25+00:00\",\"dateModified\":\"2023-05-31T09:13:54+00:00\",\"breadcrumb\":{\"@id\":\"https:\/\/ajeandalucia.org\/granada\/2023\/05\/31\/meet-aje-mj-ingenieria\/#breadcrumb\"},\"inLanguage\":\"es\",\"potentialAction\":[{\"@type\":\"ReadAction\",\"target\":[\"https:\/\/ajeandalucia.org\/granada\/2023\/05\/31\/meet-aje-mj-ingenieria\/\"]}]},{\"@type\":\"ImageObject\",\"inLanguage\":\"es\",\"@id\":\"https:\/\/ajeandalucia.org\/granada\/2023\/05\/31\/meet-aje-mj-ingenieria\/#primaryimage\",\"url\":\"https:\/\/ajeandalucia.org\/granada\/wp-content\/uploads\/sites\/7\/2023\/05\/MEET-MJ-INGENIERIA.jpg\",\"contentUrl\":\"https:\/\/ajeandalucia.org\/granada\/wp-content\/uploads\/sites\/7\/2023\/05\/MEET-MJ-INGENIERIA.jpg\",\"width\":1080,\"height\":865},{\"@type\":\"BreadcrumbList\",\"@id\":\"https:\/\/ajeandalucia.org\/granada\/2023\/05\/31\/meet-aje-mj-ingenieria\/#breadcrumb\",\"itemListElement\":[{\"@type\":\"ListItem\",\"position\":1,\"name\":\"Portada\",\"item\":\"https:\/\/ajeandalucia.org\/granada\/\"},{\"@type\":\"ListItem\",\"position\":2,\"name\":\"MEET AJE: MJ Ingenier\u00eda\"}]},{\"@type\":\"WebSite\",\"@id\":\"https:\/\/ajeandalucia.org\/granada\/#website\",\"url\":\"https:\/\/ajeandalucia.org\/granada\/\",\"name\":\"AJE Granada\",\"description\":\"J\u00f3venes Empresarios de Granada\",\"publisher\":{\"@id\":\"https:\/\/ajeandalucia.org\/granada\/#organization\"},\"potentialAction\":[{\"@type\":\"SearchAction\",\"target\":{\"@type\":\"EntryPoint\",\"urlTemplate\":\"https:\/\/ajeandalucia.org\/granada\/?s={search_term_string}\"},\"query-input\":{\"@type\":\"PropertyValueSpecification\",\"valueRequired\":true,\"valueName\":\"search_term_string\"}}],\"inLanguage\":\"es\"},{\"@type\":\"Organization\",\"@id\":\"https:\/\/ajeandalucia.org\/granada\/#organization\",\"name\":\"AJE Granada\",\"url\":\"https:\/\/ajeandalucia.org\/granada\/\",\"logo\":{\"@type\":\"ImageObject\",\"inLanguage\":\"es\",\"@id\":\"https:\/\/ajeandalucia.org\/granada\/#\/schema\/logo\/image\/\",\"url\":\"https:\/\/ajeandalucia.org\/granada\/wp-content\/uploads\/sites\/7\/2025\/02\/AJE-GRANADA-horizontal.png\",\"contentUrl\":\"https:\/\/ajeandalucia.org\/granada\/wp-content\/uploads\/sites\/7\/2025\/02\/AJE-GRANADA-horizontal.png\",\"width\":612,\"height\":200,\"caption\":\"AJE Granada\"},\"image\":{\"@id\":\"https:\/\/ajeandalucia.org\/granada\/#\/schema\/logo\/image\/\"}},{\"@type\":\"Person\",\"@id\":\"https:\/\/ajeandalucia.org\/granada\/#\/schema\/person\/11740bd602b2087a5d9913ce7ad3b931\",\"name\":\"granada\",\"image\":{\"@type\":\"ImageObject\",\"inLanguage\":\"es\",\"@id\":\"https:\/\/ajeandalucia.org\/granada\/#\/schema\/person\/image\/\",\"url\":\"https:\/\/secure.gravatar.com\/avatar\/d3efaa03945b79a8aad01845a3fd3b3535448eae49310ea0a5677e96e0e68b63?s=96&d=mm&r=g\",\"contentUrl\":\"https:\/\/secure.gravatar.com\/avatar\/d3efaa03945b79a8aad01845a3fd3b3535448eae49310ea0a5677e96e0e68b63?s=96&d=mm&r=g\",\"caption\":\"granada\"},\"url\":\"https:\/\/ajeandalucia.org\/granada\/author\/granada\/\"}]}<\/script>\n<!-- \/ Yoast SEO plugin. -->","yoast_head_json":{"title":"MEET AJE: MJ Ingenier\u00eda - AJE Granada","robots":{"index":"index","follow":"follow","max-snippet":"max-snippet:-1","max-image-preview":"max-image-preview:large","max-video-preview":"max-video-preview:-1"},"canonical":"https:\/\/ajeandalucia.org\/granada\/2023\/05\/31\/meet-aje-mj-ingenieria\/","og_locale":"es_ES","og_type":"article","og_title":"MEET AJE: MJ Ingenier\u00eda - AJE Granada","og_description":"\u00a1Nueva edici\u00f3n Meet AJE!\u00a0Esta semana conocemos de cerca a Mar\u00eda Jos\u00e9 Gil Rodriguez, Fundadora de MJ Ingenier\u00eda. Una empresa consultora [&hellip;]","og_url":"https:\/\/ajeandalucia.org\/granada\/2023\/05\/31\/meet-aje-mj-ingenieria\/","og_site_name":"AJE Granada","article_published_time":"2023-05-31T09:09:25+00:00","article_modified_time":"2023-05-31T09:13:54+00:00","og_image":[{"width":1080,"height":865,"url":"https:\/\/ajeandalucia.org\/granada\/wp-content\/uploads\/sites\/7\/2023\/05\/MEET-MJ-INGENIERIA.jpg","type":"image\/jpeg"}],"author":"granada","twitter_card":"summary_large_image","twitter_misc":{"Escrito por":"granada","Tiempo de lectura":"2 minutos"},"schema":{"@context":"https:\/\/schema.org","@graph":[{"@type":"Article","@id":"https:\/\/ajeandalucia.org\/granada\/2023\/05\/31\/meet-aje-mj-ingenieria\/#article","isPartOf":{"@id":"https:\/\/ajeandalucia.org\/granada\/2023\/05\/31\/meet-aje-mj-ingenieria\/"},"author":{"name":"granada","@id":"https:\/\/ajeandalucia.org\/granada\/#\/schema\/person\/11740bd602b2087a5d9913ce7ad3b931"},"headline":"MEET AJE: MJ Ingenier\u00eda","datePublished":"2023-05-31T09:09:25+00:00","dateModified":"2023-05-31T09:13:54+00:00","mainEntityOfPage":{"@id":"https:\/\/ajeandalucia.org\/granada\/2023\/05\/31\/meet-aje-mj-ingenieria\/"},"wordCount":403,"commentCount":0,"publisher":{"@id":"https:\/\/ajeandalucia.org\/granada\/#organization"},"image":{"@id":"https:\/\/ajeandalucia.org\/granada\/2023\/05\/31\/meet-aje-mj-ingenieria\/#primaryimage"},"thumbnailUrl":"https:\/\/ajeandalucia.org\/granada\/wp-content\/uploads\/sites\/7\/2023\/05\/MEET-MJ-INGENIERIA.jpg","keywords":["Meet AJE","MJ Ingenier\u00eda"],"articleSection":["Noticias","Noticias aje"],"inLanguage":"es","potentialAction":[{"@type":"CommentAction","name":"Comment","target":["https:\/\/ajeandalucia.org\/granada\/2023\/05\/31\/meet-aje-mj-ingenieria\/#respond"]}]},{"@type":"WebPage","@id":"https:\/\/ajeandalucia.org\/granada\/2023\/05\/31\/meet-aje-mj-ingenieria\/","url":"https:\/\/ajeandalucia.org\/granada\/2023\/05\/31\/meet-aje-mj-ingenieria\/","name":"MEET AJE: MJ Ingenier\u00eda - AJE Granada","isPartOf":{"@id":"https:\/\/ajeandalucia.org\/granada\/#website"},"primaryImageOfPage":{"@id":"https:\/\/ajeandalucia.org\/granada\/2023\/05\/31\/meet-aje-mj-ingenieria\/#primaryimage"},"image":{"@id":"https:\/\/ajeandalucia.org\/granada\/2023\/05\/31\/meet-aje-mj-ingenieria\/#primaryimage"},"thumbnailUrl":"https:\/\/ajeandalucia.org\/granada\/wp-content\/uploads\/sites\/7\/2023\/05\/MEET-MJ-INGENIERIA.jpg","datePublished":"2023-05-31T09:09:25+00:00","dateModified":"2023-05-31T09:13:54+00:00","breadcrumb":{"@id":"https:\/\/ajeandalucia.org\/granada\/2023\/05\/31\/meet-aje-mj-ingenieria\/#breadcrumb"},"inLanguage":"es","potentialAction":[{"@type":"ReadAction","target":["https:\/\/ajeandalucia.org\/granada\/2023\/05\/31\/meet-aje-mj-ingenieria\/"]}]},{"@type":"ImageObject","inLanguage":"es","@id":"https:\/\/ajeandalucia.org\/granada\/2023\/05\/31\/meet-aje-mj-ingenieria\/#primaryimage","url":"https:\/\/ajeandalucia.org\/granada\/wp-content\/uploads\/sites\/7\/2023\/05\/MEET-MJ-INGENIERIA.jpg","contentUrl":"https:\/\/ajeandalucia.org\/granada\/wp-content\/uploads\/sites\/7\/2023\/05\/MEET-MJ-INGENIERIA.jpg","width":1080,"height":865},{"@type":"BreadcrumbList","@id":"https:\/\/ajeandalucia.org\/granada\/2023\/05\/31\/meet-aje-mj-ingenieria\/#breadcrumb","itemListElement":[{"@type":"ListItem","position":1,"name":"Portada","item":"https:\/\/ajeandalucia.org\/granada\/"},{"@type":"ListItem","position":2,"name":"MEET AJE: MJ Ingenier\u00eda"}]},{"@type":"WebSite","@id":"https:\/\/ajeandalucia.org\/granada\/#website","url":"https:\/\/ajeandalucia.org\/granada\/","name":"AJE Granada","description":"J\u00f3venes Empresarios de Granada","publisher":{"@id":"https:\/\/ajeandalucia.org\/granada\/#organization"},"potentialAction":[{"@type":"SearchAction","target":{"@type":"EntryPoint","urlTemplate":"https:\/\/ajeandalucia.org\/granada\/?s={search_term_string}"},"query-input":{"@type":"PropertyValueSpecification","valueRequired":true,"valueName":"search_term_string"}}],"inLanguage":"es"},{"@type":"Organization","@id":"https:\/\/ajeandalucia.org\/granada\/#organization","name":"AJE Granada","url":"https:\/\/ajeandalucia.org\/granada\/","logo":{"@type":"ImageObject","inLanguage":"es","@id":"https:\/\/ajeandalucia.org\/granada\/#\/schema\/logo\/image\/","url":"https:\/\/ajeandalucia.org\/granada\/wp-content\/uploads\/sites\/7\/2025\/02\/AJE-GRANADA-horizontal.png","contentUrl":"https:\/\/ajeandalucia.org\/granada\/wp-content\/uploads\/sites\/7\/2025\/02\/AJE-GRANADA-horizontal.png","width":612,"height":200,"caption":"AJE Granada"},"image":{"@id":"https:\/\/ajeandalucia.org\/granada\/#\/schema\/logo\/image\/"}},{"@type":"Person","@id":"https:\/\/ajeandalucia.org\/granada\/#\/schema\/person\/11740bd602b2087a5d9913ce7ad3b931","name":"granada","image":{"@type":"ImageObject","inLanguage":"es","@id":"https:\/\/ajeandalucia.org\/granada\/#\/schema\/person\/image\/","url":"https:\/\/secure.gravatar.com\/avatar\/d3efaa03945b79a8aad01845a3fd3b3535448eae49310ea0a5677e96e0e68b63?s=96&d=mm&r=g","contentUrl":"https:\/\/secure.gravatar.com\/avatar\/d3efaa03945b79a8aad01845a3fd3b3535448eae49310ea0a5677e96e0e68b63?s=96&d=mm&r=g","caption":"granada"},"url":"https:\/\/ajeandalucia.org\/granada\/author\/granada\/"}]}},"_links":{"self":[{"href":"https:\/\/ajeandalucia.org\/granada\/wp-json\/wp\/v2\/posts\/44064","targetHints":{"allow":["GET"]}}],"collection":[{"href":"https:\/\/ajeandalucia.org\/granada\/wp-json\/wp\/v2\/posts"}],"about":[{"href":"https:\/\/ajeandalucia.org\/granada\/wp-json\/wp\/v2\/types\/post"}],"author":[{"embeddable":true,"href":"https:\/\/ajeandalucia.org\/granada\/wp-json\/wp\/v2\/users\/6"}],"replies":[{"embeddable":true,"href":"https:\/\/ajeandalucia.org\/granada\/wp-json\/wp\/v2\/comments?post=44064"}],"version-history":[{"count":3,"href":"https:\/\/ajeandalucia.org\/granada\/wp-json\/wp\/v2\/posts\/44064\/revisions"}],"predecessor-version":[{"id":44068,"href":"https:\/\/ajeandalucia.org\/granada\/wp-json\/wp\/v2\/posts\/44064\/revisions\/44068"}],"wp:featuredmedia":[{"embeddable":true,"href":"https:\/\/ajeandalucia.org\/granada\/wp-json\/wp\/v2\/media\/44067"}],"wp:attachment":[{"href":"https:\/\/ajeandalucia.org\/granada\/wp-json\/wp\/v2\/media?parent=44064"}],"wp:term":[{"taxonomy":"category","embeddable":true,"href":"https:\/\/ajeandalucia.org\/granada\/wp-json\/wp\/v2\/categories?post=44064"},{"taxonomy":"post_tag","embeddable":true,"href":"https:\/\/ajeandalucia.org\/granada\/wp-json\/wp\/v2\/tags?post=44064"}],"curies":[{"name":"wp","href":"https:\/\/api.w.org\/{rel}","templated":true}]}}