{"id":44092,"date":"2023-06-12T09:57:56","date_gmt":"2023-06-12T07:57:56","guid":{"rendered":"https:\/\/www.ajeandalucia.org\/granada\/?p=44092"},"modified":"2023-06-12T10:03:04","modified_gmt":"2023-06-12T08:03:04","slug":"empresas-e-instituciones-locales","status":"publish","type":"post","link":"https:\/\/ajeandalucia.org\/granada\/2023\/06\/12\/empresas-e-instituciones-locales\/","title":{"rendered":"Empresas e instituciones locales"},"content":{"rendered":"<p>La Ley Org\u00e1nica del R\u00e9gimen Electoral General indica que el vig\u00e9simo d\u00eda posterior a la celebraci\u00f3n de las elecciones se constituyen las nuevas Corporaciones municipales. Eso significa que, en breve, tendremos flamantes equipos de gobierno cargados de buenos prop\u00f3sitos para los pr\u00f3ximos cuatro a\u00f1os.<\/p>\n<p>Es importante entender con este art\u00edculo, el lazo estrecho de uni\u00f3n entre el mundo empresarial y el institucional, como ir de la mano se ha convertido en algo obligatorio, demandado por los ciudadanos que se establecen en territorios pr\u00f3speros y con futuro frente aquellos que no consiguen otorgar oportunidades.<\/p>\n<p>Una empresa siempre influye en su entorno, por las caracter\u00edsticas de su servicio, por la contrataci\u00f3n de su personal y por sus proyectos que, de una u otra forma, redundan en el bienestar local. La cooperaci\u00f3n p\u00fablica privada es muy necesaria, compartir una visi\u00f3n de futuro y alinear objetivos puede ser crucial.<\/p>\n<p>Las empresas se relacionan con sus ayuntamientos m\u00e1s all\u00e1 del sentido propio de la sede social. En mayor o menor medida, se producen contactos necesarios, obligatorios en algunos casos e importantes, que deben establecerse desde un comienzo con cordialidad y buen entendimiento.<\/p>\n<p>Por parte de los entes locales el fomento y apoyo de la actividad empresarial es necesario. Un municipio sin empresas es un municipio insostenible. No solo por los impuestos que pagan, la riqueza que crean o la actividad secundaria que generan. Son sensaciones, ilusiones, proyectos, sue\u00f1os\u2026conceptos que una sociedad debe tener para mantenerse viva.<\/p>\n<p>El acceso a un mercado laboral, las oportunidades de los trabajadores es una prioridad en la pol\u00edtica. Estableci\u00e9ndose, no como aspiraci\u00f3n sino como base de todos los dem\u00e1s anhelos y metas. Por tanto, esa relaci\u00f3n empresa-instituci\u00f3n es obligada, debe ser cuidada y vigilada por ambas partes.<\/p>\n<p>Desde AJE te animamos a abrir las puertas de tu empresa a las instituciones, a sentirte una pieza fundamental de la sociedad. Poder explicar lo que haces, compartir el fruto de tu esfuerzo, los miedos, certezas y ambiciones es provechoso para todos.<\/p>\n<p>Para ello ases\u00f3rate con nosotros como hacerlo. Debes presentarte e invita a tus representantes a tus instalaciones. Muestra tu funcionamiento en el d\u00eda a d\u00eda y explica tus procesos. Puede hacerse con car\u00e1cter rutinario, en reuniones internas o en momentos especiales como aniversarios, inauguraciones, traslados de sede y presentaciones de nuevos productos entre otras actividades.<\/p>\n<p>La vocaci\u00f3n de la empresa es crecer, al igual que la del municipio, debemos compartir ese fin en una andadura conjunta. No importa si el desarrollo de tu proyecto te lleva a muchos sitios o se concentra en uno solo, desde el origen a las posteriores implantaciones ser consciente de lo que se comparte es esencial para una adecuada relaci\u00f3n.<\/p>\n","protected":false},"excerpt":{"rendered":"<p>La Ley Org\u00e1nica del R\u00e9gimen Electoral General indica que el vig\u00e9simo d\u00eda posterior a la celebraci\u00f3n de las elecciones se [&hellip;]<\/p>\n","protected":false},"author":6,"featured_media":44091,"comment_status":"open","ping_status":"open","sticky":false,"template":"","format":"standard","meta":{"_acf_changed":false,"site-sidebar-layout":"default","site-content-layout":"","ast-site-content-layout":"default","site-content-style":"default","site-sidebar-style":"default","ast-global-header-display":"","ast-banner-title-visibility":"","ast-main-header-display":"","ast-hfb-above-header-display":"","ast-hfb-below-header-display":"","ast-hfb-mobile-header-display":"","site-post-title":"","ast-breadcrumbs-content":"","ast-featured-img":"","footer-sml-layout":"","ast-disable-related-posts":"","theme-transparent-header-meta":"","adv-header-id-meta":"","stick-header-meta":"","header-above-stick-meta":"","header-main-stick-meta":"","header-below-stick-meta":"","astra-migrate-meta-layouts":"default","ast-page-background-enabled":"default","ast-page-background-meta":{"desktop":{"background-color":"var(--ast-global-color-5)","background-image":"","background-repeat":"repeat","background-position":"center center","background-size":"auto","background-attachment":"scroll","background-type":"","background-media":"","overlay-type":"","overlay-color":"","overlay-opacity":"","overlay-gradient":""},"tablet":{"background-color":"","background-image":"","background-repeat":"repeat","background-position":"center center","background-size":"auto","background-attachment":"scroll","background-type":"","background-media":"","overlay-type":"","overlay-color":"","overlay-opacity":"","overlay-gradient":""},"mobile":{"background-color":"","background-image":"","background-repeat":"repeat","background-position":"center center","background-size":"auto","background-attachment":"scroll","background-type":"","background-media":"","overlay-type":"","overlay-color":"","overlay-opacity":"","overlay-gradient":""}},"ast-content-background-meta":{"desktop":{"background-color":"var(--ast-global-color-4)","background-image":"","background-repeat":"repeat","background-position":"center center","background-size":"auto","background-attachment":"scroll","background-type":"","background-media":"","overlay-type":"","overlay-color":"","overlay-opacity":"","overlay-gradient":""},"tablet":{"background-color":"var(--ast-global-color-4)","background-image":"","background-repeat":"repeat","background-position":"center center","background-size":"auto","background-attachment":"scroll","background-type":"","background-media":"","overlay-type":"","overlay-color":"","overlay-opacity":"","overlay-gradient":""},"mobile":{"background-color":"var(--ast-global-color-4)","background-image":"","background-repeat":"repeat","background-position":"center center","background-size":"auto","background-attachment":"scroll","background-type":"","background-media":"","overlay-type":"","overlay-color":"","overlay-opacity":"","overlay-gradient":""}},"footnotes":""},"categories":[8,115],"tags":[5496,5497],"class_list":["post-44092","post","type-post","status-publish","format-standard","has-post-thumbnail","hentry","category-noticias","category-noticias-aje","tag-articulo-de-interes","tag-novum"],"acf":[],"yoast_head":"<!-- This site is optimized with the Yoast SEO plugin v26.9 - https:\/\/yoast.com\/product\/yoast-seo-wordpress\/ -->\n<title>Empresas e instituciones locales - AJE Granada<\/title>\n<meta name=\"robots\" content=\"index, follow, max-snippet:-1, max-image-preview:large, max-video-preview:-1\" \/>\n<link rel=\"canonical\" href=\"https:\/\/ajeandalucia.org\/granada\/2023\/06\/12\/empresas-e-instituciones-locales\/\" \/>\n<meta property=\"og:locale\" content=\"es_ES\" \/>\n<meta property=\"og:type\" content=\"article\" \/>\n<meta property=\"og:title\" content=\"Empresas e instituciones locales - AJE Granada\" \/>\n<meta property=\"og:description\" content=\"La Ley Org\u00e1nica del R\u00e9gimen Electoral General indica que el vig\u00e9simo d\u00eda posterior a la celebraci\u00f3n de las elecciones se [&hellip;]\" \/>\n<meta property=\"og:url\" content=\"https:\/\/ajeandalucia.org\/granada\/2023\/06\/12\/empresas-e-instituciones-locales\/\" \/>\n<meta property=\"og:site_name\" content=\"AJE Granada\" \/>\n<meta property=\"article:published_time\" content=\"2023-06-12T07:57:56+00:00\" \/>\n<meta property=\"article:modified_time\" content=\"2023-06-12T08:03:04+00:00\" \/>\n<meta property=\"og:image\" content=\"https:\/\/ajeandalucia.org\/granada\/wp-content\/uploads\/sites\/7\/2023\/06\/adeolu-eletu-rFUFqjEKzfY-unsplash.jpg\" \/>\n\t<meta property=\"og:image:width\" content=\"4614\" \/>\n\t<meta property=\"og:image:height\" content=\"3099\" \/>\n\t<meta property=\"og:image:type\" content=\"image\/jpeg\" \/>\n<meta name=\"author\" content=\"granada\" \/>\n<meta name=\"twitter:card\" content=\"summary_large_image\" \/>\n<meta name=\"twitter:label1\" content=\"Escrito por\" \/>\n\t<meta name=\"twitter:data1\" content=\"granada\" \/>\n\t<meta name=\"twitter:label2\" content=\"Tiempo de lectura\" \/>\n\t<meta name=\"twitter:data2\" content=\"2 minutos\" \/>\n<script type=\"application\/ld+json\" class=\"yoast-schema-graph\">{\"@context\":\"https:\/\/schema.org\",\"@graph\":[{\"@type\":\"Article\",\"@id\":\"https:\/\/ajeandalucia.org\/granada\/2023\/06\/12\/empresas-e-instituciones-locales\/#article\",\"isPartOf\":{\"@id\":\"https:\/\/ajeandalucia.org\/granada\/2023\/06\/12\/empresas-e-instituciones-locales\/\"},\"author\":{\"name\":\"granada\",\"@id\":\"https:\/\/ajeandalucia.org\/granada\/#\/schema\/person\/11740bd602b2087a5d9913ce7ad3b931\"},\"headline\":\"Empresas e instituciones locales\",\"datePublished\":\"2023-06-12T07:57:56+00:00\",\"dateModified\":\"2023-06-12T08:03:04+00:00\",\"mainEntityOfPage\":{\"@id\":\"https:\/\/ajeandalucia.org\/granada\/2023\/06\/12\/empresas-e-instituciones-locales\/\"},\"wordCount\":479,\"commentCount\":0,\"publisher\":{\"@id\":\"https:\/\/ajeandalucia.org\/granada\/#organization\"},\"image\":{\"@id\":\"https:\/\/ajeandalucia.org\/granada\/2023\/06\/12\/empresas-e-instituciones-locales\/#primaryimage\"},\"thumbnailUrl\":\"https:\/\/ajeandalucia.org\/granada\/wp-content\/uploads\/sites\/7\/2023\/06\/adeolu-eletu-rFUFqjEKzfY-unsplash.jpg\",\"keywords\":[\"Art\u00edculo de Inter\u00e9s\",\"Novum\"],\"articleSection\":[\"Noticias\",\"Noticias aje\"],\"inLanguage\":\"es\",\"potentialAction\":[{\"@type\":\"CommentAction\",\"name\":\"Comment\",\"target\":[\"https:\/\/ajeandalucia.org\/granada\/2023\/06\/12\/empresas-e-instituciones-locales\/#respond\"]}]},{\"@type\":\"WebPage\",\"@id\":\"https:\/\/ajeandalucia.org\/granada\/2023\/06\/12\/empresas-e-instituciones-locales\/\",\"url\":\"https:\/\/ajeandalucia.org\/granada\/2023\/06\/12\/empresas-e-instituciones-locales\/\",\"name\":\"Empresas e instituciones locales - AJE Granada\",\"isPartOf\":{\"@id\":\"https:\/\/ajeandalucia.org\/granada\/#website\"},\"primaryImageOfPage\":{\"@id\":\"https:\/\/ajeandalucia.org\/granada\/2023\/06\/12\/empresas-e-instituciones-locales\/#primaryimage\"},\"image\":{\"@id\":\"https:\/\/ajeandalucia.org\/granada\/2023\/06\/12\/empresas-e-instituciones-locales\/#primaryimage\"},\"thumbnailUrl\":\"https:\/\/ajeandalucia.org\/granada\/wp-content\/uploads\/sites\/7\/2023\/06\/adeolu-eletu-rFUFqjEKzfY-unsplash.jpg\",\"datePublished\":\"2023-06-12T07:57:56+00:00\",\"dateModified\":\"2023-06-12T08:03:04+00:00\",\"breadcrumb\":{\"@id\":\"https:\/\/ajeandalucia.org\/granada\/2023\/06\/12\/empresas-e-instituciones-locales\/#breadcrumb\"},\"inLanguage\":\"es\",\"potentialAction\":[{\"@type\":\"ReadAction\",\"target\":[\"https:\/\/ajeandalucia.org\/granada\/2023\/06\/12\/empresas-e-instituciones-locales\/\"]}]},{\"@type\":\"ImageObject\",\"inLanguage\":\"es\",\"@id\":\"https:\/\/ajeandalucia.org\/granada\/2023\/06\/12\/empresas-e-instituciones-locales\/#primaryimage\",\"url\":\"https:\/\/ajeandalucia.org\/granada\/wp-content\/uploads\/sites\/7\/2023\/06\/adeolu-eletu-rFUFqjEKzfY-unsplash.jpg\",\"contentUrl\":\"https:\/\/ajeandalucia.org\/granada\/wp-content\/uploads\/sites\/7\/2023\/06\/adeolu-eletu-rFUFqjEKzfY-unsplash.jpg\",\"width\":4614,\"height\":3099},{\"@type\":\"BreadcrumbList\",\"@id\":\"https:\/\/ajeandalucia.org\/granada\/2023\/06\/12\/empresas-e-instituciones-locales\/#breadcrumb\",\"itemListElement\":[{\"@type\":\"ListItem\",\"position\":1,\"name\":\"Portada\",\"item\":\"https:\/\/ajeandalucia.org\/granada\/\"},{\"@type\":\"ListItem\",\"position\":2,\"name\":\"Empresas e instituciones locales\"}]},{\"@type\":\"WebSite\",\"@id\":\"https:\/\/ajeandalucia.org\/granada\/#website\",\"url\":\"https:\/\/ajeandalucia.org\/granada\/\",\"name\":\"AJE Granada\",\"description\":\"J\u00f3venes Empresarios de Granada\",\"publisher\":{\"@id\":\"https:\/\/ajeandalucia.org\/granada\/#organization\"},\"potentialAction\":[{\"@type\":\"SearchAction\",\"target\":{\"@type\":\"EntryPoint\",\"urlTemplate\":\"https:\/\/ajeandalucia.org\/granada\/?s={search_term_string}\"},\"query-input\":{\"@type\":\"PropertyValueSpecification\",\"valueRequired\":true,\"valueName\":\"search_term_string\"}}],\"inLanguage\":\"es\"},{\"@type\":\"Organization\",\"@id\":\"https:\/\/ajeandalucia.org\/granada\/#organization\",\"name\":\"AJE Granada\",\"url\":\"https:\/\/ajeandalucia.org\/granada\/\",\"logo\":{\"@type\":\"ImageObject\",\"inLanguage\":\"es\",\"@id\":\"https:\/\/ajeandalucia.org\/granada\/#\/schema\/logo\/image\/\",\"url\":\"https:\/\/ajeandalucia.org\/granada\/wp-content\/uploads\/sites\/7\/2025\/02\/AJE-GRANADA-horizontal.png\",\"contentUrl\":\"https:\/\/ajeandalucia.org\/granada\/wp-content\/uploads\/sites\/7\/2025\/02\/AJE-GRANADA-horizontal.png\",\"width\":612,\"height\":200,\"caption\":\"AJE Granada\"},\"image\":{\"@id\":\"https:\/\/ajeandalucia.org\/granada\/#\/schema\/logo\/image\/\"}},{\"@type\":\"Person\",\"@id\":\"https:\/\/ajeandalucia.org\/granada\/#\/schema\/person\/11740bd602b2087a5d9913ce7ad3b931\",\"name\":\"granada\",\"image\":{\"@type\":\"ImageObject\",\"inLanguage\":\"es\",\"@id\":\"https:\/\/ajeandalucia.org\/granada\/#\/schema\/person\/image\/\",\"url\":\"https:\/\/secure.gravatar.com\/avatar\/d3efaa03945b79a8aad01845a3fd3b3535448eae49310ea0a5677e96e0e68b63?s=96&d=mm&r=g\",\"contentUrl\":\"https:\/\/secure.gravatar.com\/avatar\/d3efaa03945b79a8aad01845a3fd3b3535448eae49310ea0a5677e96e0e68b63?s=96&d=mm&r=g\",\"caption\":\"granada\"},\"url\":\"https:\/\/ajeandalucia.org\/granada\/author\/granada\/\"}]}<\/script>\n<!-- \/ Yoast SEO plugin. -->","yoast_head_json":{"title":"Empresas e instituciones locales - AJE Granada","robots":{"index":"index","follow":"follow","max-snippet":"max-snippet:-1","max-image-preview":"max-image-preview:large","max-video-preview":"max-video-preview:-1"},"canonical":"https:\/\/ajeandalucia.org\/granada\/2023\/06\/12\/empresas-e-instituciones-locales\/","og_locale":"es_ES","og_type":"article","og_title":"Empresas e instituciones locales - AJE Granada","og_description":"La Ley Org\u00e1nica del R\u00e9gimen Electoral General indica que el vig\u00e9simo d\u00eda posterior a la celebraci\u00f3n de las elecciones se [&hellip;]","og_url":"https:\/\/ajeandalucia.org\/granada\/2023\/06\/12\/empresas-e-instituciones-locales\/","og_site_name":"AJE Granada","article_published_time":"2023-06-12T07:57:56+00:00","article_modified_time":"2023-06-12T08:03:04+00:00","og_image":[{"width":4614,"height":3099,"url":"https:\/\/ajeandalucia.org\/granada\/wp-content\/uploads\/sites\/7\/2023\/06\/adeolu-eletu-rFUFqjEKzfY-unsplash.jpg","type":"image\/jpeg"}],"author":"granada","twitter_card":"summary_large_image","twitter_misc":{"Escrito por":"granada","Tiempo de lectura":"2 minutos"},"schema":{"@context":"https:\/\/schema.org","@graph":[{"@type":"Article","@id":"https:\/\/ajeandalucia.org\/granada\/2023\/06\/12\/empresas-e-instituciones-locales\/#article","isPartOf":{"@id":"https:\/\/ajeandalucia.org\/granada\/2023\/06\/12\/empresas-e-instituciones-locales\/"},"author":{"name":"granada","@id":"https:\/\/ajeandalucia.org\/granada\/#\/schema\/person\/11740bd602b2087a5d9913ce7ad3b931"},"headline":"Empresas e instituciones locales","datePublished":"2023-06-12T07:57:56+00:00","dateModified":"2023-06-12T08:03:04+00:00","mainEntityOfPage":{"@id":"https:\/\/ajeandalucia.org\/granada\/2023\/06\/12\/empresas-e-instituciones-locales\/"},"wordCount":479,"commentCount":0,"publisher":{"@id":"https:\/\/ajeandalucia.org\/granada\/#organization"},"image":{"@id":"https:\/\/ajeandalucia.org\/granada\/2023\/06\/12\/empresas-e-instituciones-locales\/#primaryimage"},"thumbnailUrl":"https:\/\/ajeandalucia.org\/granada\/wp-content\/uploads\/sites\/7\/2023\/06\/adeolu-eletu-rFUFqjEKzfY-unsplash.jpg","keywords":["Art\u00edculo de Inter\u00e9s","Novum"],"articleSection":["Noticias","Noticias aje"],"inLanguage":"es","potentialAction":[{"@type":"CommentAction","name":"Comment","target":["https:\/\/ajeandalucia.org\/granada\/2023\/06\/12\/empresas-e-instituciones-locales\/#respond"]}]},{"@type":"WebPage","@id":"https:\/\/ajeandalucia.org\/granada\/2023\/06\/12\/empresas-e-instituciones-locales\/","url":"https:\/\/ajeandalucia.org\/granada\/2023\/06\/12\/empresas-e-instituciones-locales\/","name":"Empresas e instituciones locales - AJE Granada","isPartOf":{"@id":"https:\/\/ajeandalucia.org\/granada\/#website"},"primaryImageOfPage":{"@id":"https:\/\/ajeandalucia.org\/granada\/2023\/06\/12\/empresas-e-instituciones-locales\/#primaryimage"},"image":{"@id":"https:\/\/ajeandalucia.org\/granada\/2023\/06\/12\/empresas-e-instituciones-locales\/#primaryimage"},"thumbnailUrl":"https:\/\/ajeandalucia.org\/granada\/wp-content\/uploads\/sites\/7\/2023\/06\/adeolu-eletu-rFUFqjEKzfY-unsplash.jpg","datePublished":"2023-06-12T07:57:56+00:00","dateModified":"2023-06-12T08:03:04+00:00","breadcrumb":{"@id":"https:\/\/ajeandalucia.org\/granada\/2023\/06\/12\/empresas-e-instituciones-locales\/#breadcrumb"},"inLanguage":"es","potentialAction":[{"@type":"ReadAction","target":["https:\/\/ajeandalucia.org\/granada\/2023\/06\/12\/empresas-e-instituciones-locales\/"]}]},{"@type":"ImageObject","inLanguage":"es","@id":"https:\/\/ajeandalucia.org\/granada\/2023\/06\/12\/empresas-e-instituciones-locales\/#primaryimage","url":"https:\/\/ajeandalucia.org\/granada\/wp-content\/uploads\/sites\/7\/2023\/06\/adeolu-eletu-rFUFqjEKzfY-unsplash.jpg","contentUrl":"https:\/\/ajeandalucia.org\/granada\/wp-content\/uploads\/sites\/7\/2023\/06\/adeolu-eletu-rFUFqjEKzfY-unsplash.jpg","width":4614,"height":3099},{"@type":"BreadcrumbList","@id":"https:\/\/ajeandalucia.org\/granada\/2023\/06\/12\/empresas-e-instituciones-locales\/#breadcrumb","itemListElement":[{"@type":"ListItem","position":1,"name":"Portada","item":"https:\/\/ajeandalucia.org\/granada\/"},{"@type":"ListItem","position":2,"name":"Empresas e instituciones locales"}]},{"@type":"WebSite","@id":"https:\/\/ajeandalucia.org\/granada\/#website","url":"https:\/\/ajeandalucia.org\/granada\/","name":"AJE Granada","description":"J\u00f3venes Empresarios de Granada","publisher":{"@id":"https:\/\/ajeandalucia.org\/granada\/#organization"},"potentialAction":[{"@type":"SearchAction","target":{"@type":"EntryPoint","urlTemplate":"https:\/\/ajeandalucia.org\/granada\/?s={search_term_string}"},"query-input":{"@type":"PropertyValueSpecification","valueRequired":true,"valueName":"search_term_string"}}],"inLanguage":"es"},{"@type":"Organization","@id":"https:\/\/ajeandalucia.org\/granada\/#organization","name":"AJE Granada","url":"https:\/\/ajeandalucia.org\/granada\/","logo":{"@type":"ImageObject","inLanguage":"es","@id":"https:\/\/ajeandalucia.org\/granada\/#\/schema\/logo\/image\/","url":"https:\/\/ajeandalucia.org\/granada\/wp-content\/uploads\/sites\/7\/2025\/02\/AJE-GRANADA-horizontal.png","contentUrl":"https:\/\/ajeandalucia.org\/granada\/wp-content\/uploads\/sites\/7\/2025\/02\/AJE-GRANADA-horizontal.png","width":612,"height":200,"caption":"AJE Granada"},"image":{"@id":"https:\/\/ajeandalucia.org\/granada\/#\/schema\/logo\/image\/"}},{"@type":"Person","@id":"https:\/\/ajeandalucia.org\/granada\/#\/schema\/person\/11740bd602b2087a5d9913ce7ad3b931","name":"granada","image":{"@type":"ImageObject","inLanguage":"es","@id":"https:\/\/ajeandalucia.org\/granada\/#\/schema\/person\/image\/","url":"https:\/\/secure.gravatar.com\/avatar\/d3efaa03945b79a8aad01845a3fd3b3535448eae49310ea0a5677e96e0e68b63?s=96&d=mm&r=g","contentUrl":"https:\/\/secure.gravatar.com\/avatar\/d3efaa03945b79a8aad01845a3fd3b3535448eae49310ea0a5677e96e0e68b63?s=96&d=mm&r=g","caption":"granada"},"url":"https:\/\/ajeandalucia.org\/granada\/author\/granada\/"}]}},"_links":{"self":[{"href":"https:\/\/ajeandalucia.org\/granada\/wp-json\/wp\/v2\/posts\/44092","targetHints":{"allow":["GET"]}}],"collection":[{"href":"https:\/\/ajeandalucia.org\/granada\/wp-json\/wp\/v2\/posts"}],"about":[{"href":"https:\/\/ajeandalucia.org\/granada\/wp-json\/wp\/v2\/types\/post"}],"author":[{"embeddable":true,"href":"https:\/\/ajeandalucia.org\/granada\/wp-json\/wp\/v2\/users\/6"}],"replies":[{"embeddable":true,"href":"https:\/\/ajeandalucia.org\/granada\/wp-json\/wp\/v2\/comments?post=44092"}],"version-history":[{"count":1,"href":"https:\/\/ajeandalucia.org\/granada\/wp-json\/wp\/v2\/posts\/44092\/revisions"}],"predecessor-version":[{"id":44093,"href":"https:\/\/ajeandalucia.org\/granada\/wp-json\/wp\/v2\/posts\/44092\/revisions\/44093"}],"wp:featuredmedia":[{"embeddable":true,"href":"https:\/\/ajeandalucia.org\/granada\/wp-json\/wp\/v2\/media\/44091"}],"wp:attachment":[{"href":"https:\/\/ajeandalucia.org\/granada\/wp-json\/wp\/v2\/media?parent=44092"}],"wp:term":[{"taxonomy":"category","embeddable":true,"href":"https:\/\/ajeandalucia.org\/granada\/wp-json\/wp\/v2\/categories?post=44092"},{"taxonomy":"post_tag","embeddable":true,"href":"https:\/\/ajeandalucia.org\/granada\/wp-json\/wp\/v2\/tags?post=44092"}],"curies":[{"name":"wp","href":"https:\/\/api.w.org\/{rel}","templated":true}]}}