{"id":44168,"date":"2023-06-28T11:27:38","date_gmt":"2023-06-28T09:27:38","guid":{"rendered":"https:\/\/www.ajeandalucia.org\/granada\/?p=44168"},"modified":"2023-06-28T12:46:02","modified_gmt":"2023-06-28T10:46:02","slug":"convenio-aje-granada-y-sima-granada","status":"publish","type":"post","link":"https:\/\/ajeandalucia.org\/granada\/2023\/06\/28\/convenio-aje-granada-y-sima-granada\/","title":{"rendered":"Convenio AJE Granada y SIMA Granada"},"content":{"rendered":"<p><img loading=\"lazy\" decoding=\"async\" class=\"size-medium wp-image-44176 alignleft\" src=\"https:\/\/www.ajeandalucia.org\/granada\/wp-content\/uploads\/sites\/7\/2023\/06\/WhatsApp-Image-2023-06-28-at-11.43.32-300x225.jpeg\" alt=\"\" width=\"300\" height=\"225\" srcset=\"https:\/\/ajeandalucia.org\/granada\/wp-content\/uploads\/sites\/7\/2023\/06\/WhatsApp-Image-2023-06-28-at-11.43.32-300x225.jpeg 300w, https:\/\/ajeandalucia.org\/granada\/wp-content\/uploads\/sites\/7\/2023\/06\/WhatsApp-Image-2023-06-28-at-11.43.32-768x576.jpeg 768w, https:\/\/ajeandalucia.org\/granada\/wp-content\/uploads\/sites\/7\/2023\/06\/WhatsApp-Image-2023-06-28-at-11.43.32-1024x768.jpeg 1024w, https:\/\/ajeandalucia.org\/granada\/wp-content\/uploads\/sites\/7\/2023\/06\/WhatsApp-Image-2023-06-28-at-11.43.32.jpeg 2048w\" sizes=\"auto, (max-width: 300px) 100vw, 300px\" \/>Firmamos un nuevo convenio de colaboraci\u00f3n junto a <strong>SIMA Granada<\/strong>,\u00a0un hito en la colaboraci\u00f3n entre el mundo empresarial y el deporte local.<\/p>\n<p>Este acuerdo hist\u00f3rico, forjado con el objetivo de fortalecer la comunidad empresarial de Granada y promover el desarrollo del f\u00fatbol sala en la regi\u00f3n, marca un punto de inflexi\u00f3n en la forma en que las organizaciones locales trabajan juntas para impulsar el crecimiento y el progreso.<\/p>\n<p>AJE se compromete a respaldar al Granada F\u00fatbol Sala en sus actividades y eventos, proporcionando recursos, conocimientos y contactos en el \u00e1mbito empresarial. A su vez, el GFS ofrecer\u00e1 a los j\u00f3venes empresarios oportunidades exclusivas para participar en eventos deportivos y establecer relaciones con los jugadores y el cuerpo t\u00e9cnico, as\u00ed como difundir la marca Granada y sus empresas all\u00e1 por donde vayan.<\/p>\n","protected":false},"excerpt":{"rendered":"<p>Firmamos un nuevo convenio de colaboraci\u00f3n junto a SIMA Granada,\u00a0un hito en la colaboraci\u00f3n entre el mundo empresarial y el [&hellip;]<\/p>\n","protected":false},"author":6,"featured_media":44177,"comment_status":"open","ping_status":"open","sticky":false,"template":"","format":"standard","meta":{"_acf_changed":false,"site-sidebar-layout":"default","site-content-layout":"","ast-site-content-layout":"default","site-content-style":"default","site-sidebar-style":"default","ast-global-header-display":"","ast-banner-title-visibility":"","ast-main-header-display":"","ast-hfb-above-header-display":"","ast-hfb-below-header-display":"","ast-hfb-mobile-header-display":"","site-post-title":"","ast-breadcrumbs-content":"","ast-featured-img":"","footer-sml-layout":"","ast-disable-related-posts":"","theme-transparent-header-meta":"","adv-header-id-meta":"","stick-header-meta":"","header-above-stick-meta":"","header-main-stick-meta":"","header-below-stick-meta":"","astra-migrate-meta-layouts":"default","ast-page-background-enabled":"default","ast-page-background-meta":{"desktop":{"background-color":"var(--ast-global-color-5)","background-image":"","background-repeat":"repeat","background-position":"center center","background-size":"auto","background-attachment":"scroll","background-type":"","background-media":"","overlay-type":"","overlay-color":"","overlay-opacity":"","overlay-gradient":""},"tablet":{"background-color":"","background-image":"","background-repeat":"repeat","background-position":"center center","background-size":"auto","background-attachment":"scroll","background-type":"","background-media":"","overlay-type":"","overlay-color":"","overlay-opacity":"","overlay-gradient":""},"mobile":{"background-color":"","background-image":"","background-repeat":"repeat","background-position":"center center","background-size":"auto","background-attachment":"scroll","background-type":"","background-media":"","overlay-type":"","overlay-color":"","overlay-opacity":"","overlay-gradient":""}},"ast-content-background-meta":{"desktop":{"background-color":"var(--ast-global-color-4)","background-image":"","background-repeat":"repeat","background-position":"center center","background-size":"auto","background-attachment":"scroll","background-type":"","background-media":"","overlay-type":"","overlay-color":"","overlay-opacity":"","overlay-gradient":""},"tablet":{"background-color":"var(--ast-global-color-4)","background-image":"","background-repeat":"repeat","background-position":"center center","background-size":"auto","background-attachment":"scroll","background-type":"","background-media":"","overlay-type":"","overlay-color":"","overlay-opacity":"","overlay-gradient":""},"mobile":{"background-color":"var(--ast-global-color-4)","background-image":"","background-repeat":"repeat","background-position":"center center","background-size":"auto","background-attachment":"scroll","background-type":"","background-media":"","overlay-type":"","overlay-color":"","overlay-opacity":"","overlay-gradient":""}},"footnotes":""},"categories":[1,7,89,5466],"tags":[5420,5486,5501],"class_list":["post-44168","post","type-post","status-publish","format-standard","has-post-thumbnail","hentry","category-blog","category-convenios","category-convenios-aje-granada","category-convenios2023","tag-convenio-aje","tag-convenios-2023","tag-sima-granada"],"acf":[],"yoast_head":"<!-- This site is optimized with the Yoast SEO plugin v26.9 - https:\/\/yoast.com\/product\/yoast-seo-wordpress\/ -->\n<title>Convenio AJE Granada y SIMA Granada - AJE Granada<\/title>\n<meta name=\"robots\" content=\"index, follow, max-snippet:-1, max-image-preview:large, max-video-preview:-1\" \/>\n<link rel=\"canonical\" href=\"https:\/\/ajeandalucia.org\/granada\/2023\/06\/28\/convenio-aje-granada-y-sima-granada\/\" \/>\n<meta property=\"og:locale\" content=\"es_ES\" \/>\n<meta property=\"og:type\" content=\"article\" \/>\n<meta property=\"og:title\" content=\"Convenio AJE Granada y SIMA Granada - AJE Granada\" \/>\n<meta property=\"og:description\" content=\"Firmamos un nuevo convenio de colaboraci\u00f3n junto a SIMA Granada,\u00a0un hito en la colaboraci\u00f3n entre el mundo empresarial y el [&hellip;]\" \/>\n<meta property=\"og:url\" content=\"https:\/\/ajeandalucia.org\/granada\/2023\/06\/28\/convenio-aje-granada-y-sima-granada\/\" \/>\n<meta property=\"og:site_name\" content=\"AJE Granada\" \/>\n<meta property=\"article:published_time\" content=\"2023-06-28T09:27:38+00:00\" \/>\n<meta property=\"article:modified_time\" content=\"2023-06-28T10:46:02+00:00\" \/>\n<meta property=\"og:image\" content=\"https:\/\/ajeandalucia.org\/granada\/wp-content\/uploads\/sites\/7\/2023\/06\/WhatsApp-Image-2023-06-28-at-11.42.08-1.jpeg\" \/>\n\t<meta property=\"og:image:width\" content=\"1536\" \/>\n\t<meta property=\"og:image:height\" content=\"2048\" \/>\n\t<meta property=\"og:image:type\" content=\"image\/jpeg\" \/>\n<meta name=\"author\" content=\"granada\" \/>\n<meta name=\"twitter:card\" content=\"summary_large_image\" \/>\n<meta name=\"twitter:label1\" content=\"Escrito por\" \/>\n\t<meta name=\"twitter:data1\" content=\"granada\" \/>\n\t<meta name=\"twitter:label2\" content=\"Tiempo de lectura\" \/>\n\t<meta name=\"twitter:data2\" content=\"1 minuto\" \/>\n<script type=\"application\/ld+json\" class=\"yoast-schema-graph\">{\"@context\":\"https:\/\/schema.org\",\"@graph\":[{\"@type\":\"Article\",\"@id\":\"https:\/\/ajeandalucia.org\/granada\/2023\/06\/28\/convenio-aje-granada-y-sima-granada\/#article\",\"isPartOf\":{\"@id\":\"https:\/\/ajeandalucia.org\/granada\/2023\/06\/28\/convenio-aje-granada-y-sima-granada\/\"},\"author\":{\"name\":\"granada\",\"@id\":\"https:\/\/ajeandalucia.org\/granada\/#\/schema\/person\/11740bd602b2087a5d9913ce7ad3b931\"},\"headline\":\"Convenio AJE Granada y SIMA Granada\",\"datePublished\":\"2023-06-28T09:27:38+00:00\",\"dateModified\":\"2023-06-28T10:46:02+00:00\",\"mainEntityOfPage\":{\"@id\":\"https:\/\/ajeandalucia.org\/granada\/2023\/06\/28\/convenio-aje-granada-y-sima-granada\/\"},\"wordCount\":147,\"commentCount\":0,\"publisher\":{\"@id\":\"https:\/\/ajeandalucia.org\/granada\/#organization\"},\"image\":{\"@id\":\"https:\/\/ajeandalucia.org\/granada\/2023\/06\/28\/convenio-aje-granada-y-sima-granada\/#primaryimage\"},\"thumbnailUrl\":\"https:\/\/ajeandalucia.org\/granada\/wp-content\/uploads\/sites\/7\/2023\/06\/WhatsApp-Image-2023-06-28-at-11.42.08-1.jpeg\",\"keywords\":[\"Convenio AJE\",\"Convenios 2023\",\"SIMA Granada\"],\"articleSection\":[\"Blog\",\"Convenios\",\"Convenios AJE Granada\",\"Convenios2023\"],\"inLanguage\":\"es\",\"potentialAction\":[{\"@type\":\"CommentAction\",\"name\":\"Comment\",\"target\":[\"https:\/\/ajeandalucia.org\/granada\/2023\/06\/28\/convenio-aje-granada-y-sima-granada\/#respond\"]}]},{\"@type\":\"WebPage\",\"@id\":\"https:\/\/ajeandalucia.org\/granada\/2023\/06\/28\/convenio-aje-granada-y-sima-granada\/\",\"url\":\"https:\/\/ajeandalucia.org\/granada\/2023\/06\/28\/convenio-aje-granada-y-sima-granada\/\",\"name\":\"Convenio AJE Granada y SIMA Granada - AJE Granada\",\"isPartOf\":{\"@id\":\"https:\/\/ajeandalucia.org\/granada\/#website\"},\"primaryImageOfPage\":{\"@id\":\"https:\/\/ajeandalucia.org\/granada\/2023\/06\/28\/convenio-aje-granada-y-sima-granada\/#primaryimage\"},\"image\":{\"@id\":\"https:\/\/ajeandalucia.org\/granada\/2023\/06\/28\/convenio-aje-granada-y-sima-granada\/#primaryimage\"},\"thumbnailUrl\":\"https:\/\/ajeandalucia.org\/granada\/wp-content\/uploads\/sites\/7\/2023\/06\/WhatsApp-Image-2023-06-28-at-11.42.08-1.jpeg\",\"datePublished\":\"2023-06-28T09:27:38+00:00\",\"dateModified\":\"2023-06-28T10:46:02+00:00\",\"breadcrumb\":{\"@id\":\"https:\/\/ajeandalucia.org\/granada\/2023\/06\/28\/convenio-aje-granada-y-sima-granada\/#breadcrumb\"},\"inLanguage\":\"es\",\"potentialAction\":[{\"@type\":\"ReadAction\",\"target\":[\"https:\/\/ajeandalucia.org\/granada\/2023\/06\/28\/convenio-aje-granada-y-sima-granada\/\"]}]},{\"@type\":\"ImageObject\",\"inLanguage\":\"es\",\"@id\":\"https:\/\/ajeandalucia.org\/granada\/2023\/06\/28\/convenio-aje-granada-y-sima-granada\/#primaryimage\",\"url\":\"https:\/\/ajeandalucia.org\/granada\/wp-content\/uploads\/sites\/7\/2023\/06\/WhatsApp-Image-2023-06-28-at-11.42.08-1.jpeg\",\"contentUrl\":\"https:\/\/ajeandalucia.org\/granada\/wp-content\/uploads\/sites\/7\/2023\/06\/WhatsApp-Image-2023-06-28-at-11.42.08-1.jpeg\",\"width\":1536,\"height\":2048},{\"@type\":\"BreadcrumbList\",\"@id\":\"https:\/\/ajeandalucia.org\/granada\/2023\/06\/28\/convenio-aje-granada-y-sima-granada\/#breadcrumb\",\"itemListElement\":[{\"@type\":\"ListItem\",\"position\":1,\"name\":\"Portada\",\"item\":\"https:\/\/ajeandalucia.org\/granada\/\"},{\"@type\":\"ListItem\",\"position\":2,\"name\":\"Convenio AJE Granada y SIMA Granada\"}]},{\"@type\":\"WebSite\",\"@id\":\"https:\/\/ajeandalucia.org\/granada\/#website\",\"url\":\"https:\/\/ajeandalucia.org\/granada\/\",\"name\":\"AJE Granada\",\"description\":\"J\u00f3venes Empresarios de Granada\",\"publisher\":{\"@id\":\"https:\/\/ajeandalucia.org\/granada\/#organization\"},\"potentialAction\":[{\"@type\":\"SearchAction\",\"target\":{\"@type\":\"EntryPoint\",\"urlTemplate\":\"https:\/\/ajeandalucia.org\/granada\/?s={search_term_string}\"},\"query-input\":{\"@type\":\"PropertyValueSpecification\",\"valueRequired\":true,\"valueName\":\"search_term_string\"}}],\"inLanguage\":\"es\"},{\"@type\":\"Organization\",\"@id\":\"https:\/\/ajeandalucia.org\/granada\/#organization\",\"name\":\"AJE Granada\",\"url\":\"https:\/\/ajeandalucia.org\/granada\/\",\"logo\":{\"@type\":\"ImageObject\",\"inLanguage\":\"es\",\"@id\":\"https:\/\/ajeandalucia.org\/granada\/#\/schema\/logo\/image\/\",\"url\":\"https:\/\/ajeandalucia.org\/granada\/wp-content\/uploads\/sites\/7\/2025\/02\/AJE-GRANADA-horizontal.png\",\"contentUrl\":\"https:\/\/ajeandalucia.org\/granada\/wp-content\/uploads\/sites\/7\/2025\/02\/AJE-GRANADA-horizontal.png\",\"width\":612,\"height\":200,\"caption\":\"AJE Granada\"},\"image\":{\"@id\":\"https:\/\/ajeandalucia.org\/granada\/#\/schema\/logo\/image\/\"}},{\"@type\":\"Person\",\"@id\":\"https:\/\/ajeandalucia.org\/granada\/#\/schema\/person\/11740bd602b2087a5d9913ce7ad3b931\",\"name\":\"granada\",\"image\":{\"@type\":\"ImageObject\",\"inLanguage\":\"es\",\"@id\":\"https:\/\/ajeandalucia.org\/granada\/#\/schema\/person\/image\/\",\"url\":\"https:\/\/secure.gravatar.com\/avatar\/d3efaa03945b79a8aad01845a3fd3b3535448eae49310ea0a5677e96e0e68b63?s=96&d=mm&r=g\",\"contentUrl\":\"https:\/\/secure.gravatar.com\/avatar\/d3efaa03945b79a8aad01845a3fd3b3535448eae49310ea0a5677e96e0e68b63?s=96&d=mm&r=g\",\"caption\":\"granada\"},\"url\":\"https:\/\/ajeandalucia.org\/granada\/author\/granada\/\"}]}<\/script>\n<!-- \/ Yoast SEO plugin. -->","yoast_head_json":{"title":"Convenio AJE Granada y SIMA Granada - AJE Granada","robots":{"index":"index","follow":"follow","max-snippet":"max-snippet:-1","max-image-preview":"max-image-preview:large","max-video-preview":"max-video-preview:-1"},"canonical":"https:\/\/ajeandalucia.org\/granada\/2023\/06\/28\/convenio-aje-granada-y-sima-granada\/","og_locale":"es_ES","og_type":"article","og_title":"Convenio AJE Granada y SIMA Granada - AJE Granada","og_description":"Firmamos un nuevo convenio de colaboraci\u00f3n junto a SIMA Granada,\u00a0un hito en la colaboraci\u00f3n entre el mundo empresarial y el [&hellip;]","og_url":"https:\/\/ajeandalucia.org\/granada\/2023\/06\/28\/convenio-aje-granada-y-sima-granada\/","og_site_name":"AJE Granada","article_published_time":"2023-06-28T09:27:38+00:00","article_modified_time":"2023-06-28T10:46:02+00:00","og_image":[{"width":1536,"height":2048,"url":"https:\/\/ajeandalucia.org\/granada\/wp-content\/uploads\/sites\/7\/2023\/06\/WhatsApp-Image-2023-06-28-at-11.42.08-1.jpeg","type":"image\/jpeg"}],"author":"granada","twitter_card":"summary_large_image","twitter_misc":{"Escrito por":"granada","Tiempo de lectura":"1 minuto"},"schema":{"@context":"https:\/\/schema.org","@graph":[{"@type":"Article","@id":"https:\/\/ajeandalucia.org\/granada\/2023\/06\/28\/convenio-aje-granada-y-sima-granada\/#article","isPartOf":{"@id":"https:\/\/ajeandalucia.org\/granada\/2023\/06\/28\/convenio-aje-granada-y-sima-granada\/"},"author":{"name":"granada","@id":"https:\/\/ajeandalucia.org\/granada\/#\/schema\/person\/11740bd602b2087a5d9913ce7ad3b931"},"headline":"Convenio AJE Granada y SIMA Granada","datePublished":"2023-06-28T09:27:38+00:00","dateModified":"2023-06-28T10:46:02+00:00","mainEntityOfPage":{"@id":"https:\/\/ajeandalucia.org\/granada\/2023\/06\/28\/convenio-aje-granada-y-sima-granada\/"},"wordCount":147,"commentCount":0,"publisher":{"@id":"https:\/\/ajeandalucia.org\/granada\/#organization"},"image":{"@id":"https:\/\/ajeandalucia.org\/granada\/2023\/06\/28\/convenio-aje-granada-y-sima-granada\/#primaryimage"},"thumbnailUrl":"https:\/\/ajeandalucia.org\/granada\/wp-content\/uploads\/sites\/7\/2023\/06\/WhatsApp-Image-2023-06-28-at-11.42.08-1.jpeg","keywords":["Convenio AJE","Convenios 2023","SIMA Granada"],"articleSection":["Blog","Convenios","Convenios AJE Granada","Convenios2023"],"inLanguage":"es","potentialAction":[{"@type":"CommentAction","name":"Comment","target":["https:\/\/ajeandalucia.org\/granada\/2023\/06\/28\/convenio-aje-granada-y-sima-granada\/#respond"]}]},{"@type":"WebPage","@id":"https:\/\/ajeandalucia.org\/granada\/2023\/06\/28\/convenio-aje-granada-y-sima-granada\/","url":"https:\/\/ajeandalucia.org\/granada\/2023\/06\/28\/convenio-aje-granada-y-sima-granada\/","name":"Convenio AJE Granada y SIMA Granada - AJE Granada","isPartOf":{"@id":"https:\/\/ajeandalucia.org\/granada\/#website"},"primaryImageOfPage":{"@id":"https:\/\/ajeandalucia.org\/granada\/2023\/06\/28\/convenio-aje-granada-y-sima-granada\/#primaryimage"},"image":{"@id":"https:\/\/ajeandalucia.org\/granada\/2023\/06\/28\/convenio-aje-granada-y-sima-granada\/#primaryimage"},"thumbnailUrl":"https:\/\/ajeandalucia.org\/granada\/wp-content\/uploads\/sites\/7\/2023\/06\/WhatsApp-Image-2023-06-28-at-11.42.08-1.jpeg","datePublished":"2023-06-28T09:27:38+00:00","dateModified":"2023-06-28T10:46:02+00:00","breadcrumb":{"@id":"https:\/\/ajeandalucia.org\/granada\/2023\/06\/28\/convenio-aje-granada-y-sima-granada\/#breadcrumb"},"inLanguage":"es","potentialAction":[{"@type":"ReadAction","target":["https:\/\/ajeandalucia.org\/granada\/2023\/06\/28\/convenio-aje-granada-y-sima-granada\/"]}]},{"@type":"ImageObject","inLanguage":"es","@id":"https:\/\/ajeandalucia.org\/granada\/2023\/06\/28\/convenio-aje-granada-y-sima-granada\/#primaryimage","url":"https:\/\/ajeandalucia.org\/granada\/wp-content\/uploads\/sites\/7\/2023\/06\/WhatsApp-Image-2023-06-28-at-11.42.08-1.jpeg","contentUrl":"https:\/\/ajeandalucia.org\/granada\/wp-content\/uploads\/sites\/7\/2023\/06\/WhatsApp-Image-2023-06-28-at-11.42.08-1.jpeg","width":1536,"height":2048},{"@type":"BreadcrumbList","@id":"https:\/\/ajeandalucia.org\/granada\/2023\/06\/28\/convenio-aje-granada-y-sima-granada\/#breadcrumb","itemListElement":[{"@type":"ListItem","position":1,"name":"Portada","item":"https:\/\/ajeandalucia.org\/granada\/"},{"@type":"ListItem","position":2,"name":"Convenio AJE Granada y SIMA Granada"}]},{"@type":"WebSite","@id":"https:\/\/ajeandalucia.org\/granada\/#website","url":"https:\/\/ajeandalucia.org\/granada\/","name":"AJE Granada","description":"J\u00f3venes Empresarios de Granada","publisher":{"@id":"https:\/\/ajeandalucia.org\/granada\/#organization"},"potentialAction":[{"@type":"SearchAction","target":{"@type":"EntryPoint","urlTemplate":"https:\/\/ajeandalucia.org\/granada\/?s={search_term_string}"},"query-input":{"@type":"PropertyValueSpecification","valueRequired":true,"valueName":"search_term_string"}}],"inLanguage":"es"},{"@type":"Organization","@id":"https:\/\/ajeandalucia.org\/granada\/#organization","name":"AJE Granada","url":"https:\/\/ajeandalucia.org\/granada\/","logo":{"@type":"ImageObject","inLanguage":"es","@id":"https:\/\/ajeandalucia.org\/granada\/#\/schema\/logo\/image\/","url":"https:\/\/ajeandalucia.org\/granada\/wp-content\/uploads\/sites\/7\/2025\/02\/AJE-GRANADA-horizontal.png","contentUrl":"https:\/\/ajeandalucia.org\/granada\/wp-content\/uploads\/sites\/7\/2025\/02\/AJE-GRANADA-horizontal.png","width":612,"height":200,"caption":"AJE Granada"},"image":{"@id":"https:\/\/ajeandalucia.org\/granada\/#\/schema\/logo\/image\/"}},{"@type":"Person","@id":"https:\/\/ajeandalucia.org\/granada\/#\/schema\/person\/11740bd602b2087a5d9913ce7ad3b931","name":"granada","image":{"@type":"ImageObject","inLanguage":"es","@id":"https:\/\/ajeandalucia.org\/granada\/#\/schema\/person\/image\/","url":"https:\/\/secure.gravatar.com\/avatar\/d3efaa03945b79a8aad01845a3fd3b3535448eae49310ea0a5677e96e0e68b63?s=96&d=mm&r=g","contentUrl":"https:\/\/secure.gravatar.com\/avatar\/d3efaa03945b79a8aad01845a3fd3b3535448eae49310ea0a5677e96e0e68b63?s=96&d=mm&r=g","caption":"granada"},"url":"https:\/\/ajeandalucia.org\/granada\/author\/granada\/"}]}},"_links":{"self":[{"href":"https:\/\/ajeandalucia.org\/granada\/wp-json\/wp\/v2\/posts\/44168","targetHints":{"allow":["GET"]}}],"collection":[{"href":"https:\/\/ajeandalucia.org\/granada\/wp-json\/wp\/v2\/posts"}],"about":[{"href":"https:\/\/ajeandalucia.org\/granada\/wp-json\/wp\/v2\/types\/post"}],"author":[{"embeddable":true,"href":"https:\/\/ajeandalucia.org\/granada\/wp-json\/wp\/v2\/users\/6"}],"replies":[{"embeddable":true,"href":"https:\/\/ajeandalucia.org\/granada\/wp-json\/wp\/v2\/comments?post=44168"}],"version-history":[{"count":4,"href":"https:\/\/ajeandalucia.org\/granada\/wp-json\/wp\/v2\/posts\/44168\/revisions"}],"predecessor-version":[{"id":44175,"href":"https:\/\/ajeandalucia.org\/granada\/wp-json\/wp\/v2\/posts\/44168\/revisions\/44175"}],"wp:featuredmedia":[{"embeddable":true,"href":"https:\/\/ajeandalucia.org\/granada\/wp-json\/wp\/v2\/media\/44177"}],"wp:attachment":[{"href":"https:\/\/ajeandalucia.org\/granada\/wp-json\/wp\/v2\/media?parent=44168"}],"wp:term":[{"taxonomy":"category","embeddable":true,"href":"https:\/\/ajeandalucia.org\/granada\/wp-json\/wp\/v2\/categories?post=44168"},{"taxonomy":"post_tag","embeddable":true,"href":"https:\/\/ajeandalucia.org\/granada\/wp-json\/wp\/v2\/tags?post=44168"}],"curies":[{"name":"wp","href":"https:\/\/api.w.org\/{rel}","templated":true}]}}