{"id":44272,"date":"2023-08-28T13:36:55","date_gmt":"2023-08-28T11:36:55","guid":{"rendered":"https:\/\/www.ajeandalucia.org\/granada\/?p=44272"},"modified":"2023-08-28T13:36:55","modified_gmt":"2023-08-28T11:36:55","slug":"bracelit-implementa-pulseras-identificativas-para-mayor-seguridad-de-menores-en-las-playas-de-roquetas-de-mar","status":"publish","type":"post","link":"https:\/\/ajeandalucia.org\/granada\/2023\/08\/28\/bracelit-implementa-pulseras-identificativas-para-mayor-seguridad-de-menores-en-las-playas-de-roquetas-de-mar\/","title":{"rendered":"Bracelit implementa pulseras identificativas para mayor seguridad de menores en las playas de Roquetas de Mar"},"content":{"rendered":"<p>&nbsp;<\/p>\n<p><em>Nuestros asociados de <strong>Bracelit<\/strong>, l\u00edder en soluciones tecnol\u00f3gicas; se enorgullecen de anunciar su participaci\u00f3n en un proyecto en el que colabora con la localidad almeriense de Roquetas de Mar.<\/em><\/p>\n<p>&nbsp;<\/p>\n<p>Este gran proyecto busca aumentar la seguridad de los menores en las playas mediante pulseras inteligentes que ofrecen un enfoque revolucionario para abordar los desaf\u00edos de seguridad en estas. Al incorporar la tecnolog\u00eda de Bracelit, estas pulseras permiten recopilar datos relevantes y brindar una soluci\u00f3n eficiente para situaciones de p\u00e9rdida o desorientaci\u00f3n de menores en las playas de Roquetas de Mar.<\/p>\n<p>&nbsp;<\/p>\n<p>En l\u00ednea con el compromiso de Bracelit de proporcionar soluciones \u00fanicas y valiosas, se distribuir\u00e1n gratuitamente 5.000 pulseras identificativas entre ni\u00f1os de edades comprendidas entre los 2 y 12 a\u00f1os, as\u00ed como personas con necesidades especiales.<\/p>\n<p>&nbsp;<\/p>\n<p>Los datos recopilados en estas pulseras, previamente proporcionados por los padres o tutores, incluyen informaci\u00f3n vital como el nombre del menor y el n\u00famero de contacto. Adem\u00e1s, la distribuci\u00f3n de las pulseras estar\u00e1 a cargo de socorristas, voluntarios y miembros de la polic\u00eda local. Estas pulseras ofrecen tranquilidad a los padres y cuidadores, al tiempo que fomentan un entorno m\u00e1s seguro para los m\u00e1s peque\u00f1os.<\/p>\n<p>&nbsp;<\/p>\n<p>Bracelit se enorgullece de ser parte de este proyecto innovador y se compromete a continuar brindando soluciones tecnol\u00f3gicas que marcan la diferencia.<\/p>\n","protected":false},"excerpt":{"rendered":"<p>&nbsp; Nuestros asociados de Bracelit, l\u00edder en soluciones tecnol\u00f3gicas; se enorgullecen de anunciar su participaci\u00f3n en un proyecto en el [&hellip;]<\/p>\n","protected":false},"author":6,"featured_media":44273,"comment_status":"open","ping_status":"open","sticky":false,"template":"","format":"standard","meta":{"_acf_changed":false,"site-sidebar-layout":"default","site-content-layout":"","ast-site-content-layout":"default","site-content-style":"default","site-sidebar-style":"default","ast-global-header-display":"","ast-banner-title-visibility":"","ast-main-header-display":"","ast-hfb-above-header-display":"","ast-hfb-below-header-display":"","ast-hfb-mobile-header-display":"","site-post-title":"","ast-breadcrumbs-content":"","ast-featured-img":"","footer-sml-layout":"","ast-disable-related-posts":"","theme-transparent-header-meta":"","adv-header-id-meta":"","stick-header-meta":"","header-above-stick-meta":"","header-main-stick-meta":"","header-below-stick-meta":"","astra-migrate-meta-layouts":"default","ast-page-background-enabled":"default","ast-page-background-meta":{"desktop":{"background-color":"var(--ast-global-color-5)","background-image":"","background-repeat":"repeat","background-position":"center center","background-size":"auto","background-attachment":"scroll","background-type":"","background-media":"","overlay-type":"","overlay-color":"","overlay-opacity":"","overlay-gradient":""},"tablet":{"background-color":"","background-image":"","background-repeat":"repeat","background-position":"center center","background-size":"auto","background-attachment":"scroll","background-type":"","background-media":"","overlay-type":"","overlay-color":"","overlay-opacity":"","overlay-gradient":""},"mobile":{"background-color":"","background-image":"","background-repeat":"repeat","background-position":"center center","background-size":"auto","background-attachment":"scroll","background-type":"","background-media":"","overlay-type":"","overlay-color":"","overlay-opacity":"","overlay-gradient":""}},"ast-content-background-meta":{"desktop":{"background-color":"var(--ast-global-color-4)","background-image":"","background-repeat":"repeat","background-position":"center center","background-size":"auto","background-attachment":"scroll","background-type":"","background-media":"","overlay-type":"","overlay-color":"","overlay-opacity":"","overlay-gradient":""},"tablet":{"background-color":"var(--ast-global-color-4)","background-image":"","background-repeat":"repeat","background-position":"center center","background-size":"auto","background-attachment":"scroll","background-type":"","background-media":"","overlay-type":"","overlay-color":"","overlay-opacity":"","overlay-gradient":""},"mobile":{"background-color":"var(--ast-global-color-4)","background-image":"","background-repeat":"repeat","background-position":"center center","background-size":"auto","background-attachment":"scroll","background-type":"","background-media":"","overlay-type":"","overlay-color":"","overlay-opacity":"","overlay-gradient":""}},"footnotes":""},"categories":[8,115],"tags":[5504],"class_list":["post-44272","post","type-post","status-publish","format-standard","has-post-thumbnail","hentry","category-noticias","category-noticias-aje","tag-bracelit"],"acf":[],"yoast_head":"<!-- This site is optimized with the Yoast SEO plugin v26.9 - https:\/\/yoast.com\/product\/yoast-seo-wordpress\/ -->\n<title>Bracelit implementa pulseras identificativas para mayor seguridad de menores en las playas de Roquetas de Mar - AJE Granada<\/title>\n<meta name=\"robots\" content=\"index, follow, max-snippet:-1, max-image-preview:large, max-video-preview:-1\" \/>\n<link rel=\"canonical\" href=\"https:\/\/ajeandalucia.org\/granada\/2023\/08\/28\/bracelit-implementa-pulseras-identificativas-para-mayor-seguridad-de-menores-en-las-playas-de-roquetas-de-mar\/\" \/>\n<meta property=\"og:locale\" content=\"es_ES\" \/>\n<meta property=\"og:type\" content=\"article\" \/>\n<meta property=\"og:title\" content=\"Bracelit implementa pulseras identificativas para mayor seguridad de menores en las playas de Roquetas de Mar - AJE Granada\" \/>\n<meta property=\"og:description\" content=\"&nbsp; Nuestros asociados de Bracelit, l\u00edder en soluciones tecnol\u00f3gicas; se enorgullecen de anunciar su participaci\u00f3n en un proyecto en el [&hellip;]\" \/>\n<meta property=\"og:url\" content=\"https:\/\/ajeandalucia.org\/granada\/2023\/08\/28\/bracelit-implementa-pulseras-identificativas-para-mayor-seguridad-de-menores-en-las-playas-de-roquetas-de-mar\/\" \/>\n<meta property=\"og:site_name\" content=\"AJE Granada\" \/>\n<meta property=\"article:published_time\" content=\"2023-08-28T11:36:55+00:00\" \/>\n<meta property=\"og:image\" content=\"https:\/\/ajeandalucia.org\/granada\/wp-content\/uploads\/sites\/7\/2023\/08\/Portada-Noticia-Pulseras-Roquetas.jpg\" \/>\n\t<meta property=\"og:image:width\" content=\"1900\" \/>\n\t<meta property=\"og:image:height\" content=\"1070\" \/>\n\t<meta property=\"og:image:type\" content=\"image\/jpeg\" \/>\n<meta name=\"author\" content=\"granada\" \/>\n<meta name=\"twitter:card\" content=\"summary_large_image\" \/>\n<meta name=\"twitter:label1\" content=\"Escrito por\" \/>\n\t<meta name=\"twitter:data1\" content=\"granada\" \/>\n\t<meta name=\"twitter:label2\" content=\"Tiempo de lectura\" \/>\n\t<meta name=\"twitter:data2\" content=\"1 minuto\" \/>\n<script type=\"application\/ld+json\" class=\"yoast-schema-graph\">{\"@context\":\"https:\/\/schema.org\",\"@graph\":[{\"@type\":\"Article\",\"@id\":\"https:\/\/ajeandalucia.org\/granada\/2023\/08\/28\/bracelit-implementa-pulseras-identificativas-para-mayor-seguridad-de-menores-en-las-playas-de-roquetas-de-mar\/#article\",\"isPartOf\":{\"@id\":\"https:\/\/ajeandalucia.org\/granada\/2023\/08\/28\/bracelit-implementa-pulseras-identificativas-para-mayor-seguridad-de-menores-en-las-playas-de-roquetas-de-mar\/\"},\"author\":{\"name\":\"granada\",\"@id\":\"https:\/\/ajeandalucia.org\/granada\/#\/schema\/person\/11740bd602b2087a5d9913ce7ad3b931\"},\"headline\":\"Bracelit implementa pulseras identificativas para mayor seguridad de menores en las playas de Roquetas de Mar\",\"datePublished\":\"2023-08-28T11:36:55+00:00\",\"mainEntityOfPage\":{\"@id\":\"https:\/\/ajeandalucia.org\/granada\/2023\/08\/28\/bracelit-implementa-pulseras-identificativas-para-mayor-seguridad-de-menores-en-las-playas-de-roquetas-de-mar\/\"},\"wordCount\":252,\"commentCount\":0,\"publisher\":{\"@id\":\"https:\/\/ajeandalucia.org\/granada\/#organization\"},\"image\":{\"@id\":\"https:\/\/ajeandalucia.org\/granada\/2023\/08\/28\/bracelit-implementa-pulseras-identificativas-para-mayor-seguridad-de-menores-en-las-playas-de-roquetas-de-mar\/#primaryimage\"},\"thumbnailUrl\":\"https:\/\/ajeandalucia.org\/granada\/wp-content\/uploads\/sites\/7\/2023\/08\/Portada-Noticia-Pulseras-Roquetas.jpg\",\"keywords\":[\"Bracelit\"],\"articleSection\":[\"Noticias\",\"Noticias aje\"],\"inLanguage\":\"es\",\"potentialAction\":[{\"@type\":\"CommentAction\",\"name\":\"Comment\",\"target\":[\"https:\/\/ajeandalucia.org\/granada\/2023\/08\/28\/bracelit-implementa-pulseras-identificativas-para-mayor-seguridad-de-menores-en-las-playas-de-roquetas-de-mar\/#respond\"]}]},{\"@type\":\"WebPage\",\"@id\":\"https:\/\/ajeandalucia.org\/granada\/2023\/08\/28\/bracelit-implementa-pulseras-identificativas-para-mayor-seguridad-de-menores-en-las-playas-de-roquetas-de-mar\/\",\"url\":\"https:\/\/ajeandalucia.org\/granada\/2023\/08\/28\/bracelit-implementa-pulseras-identificativas-para-mayor-seguridad-de-menores-en-las-playas-de-roquetas-de-mar\/\",\"name\":\"Bracelit implementa pulseras identificativas para mayor seguridad de menores en las playas de Roquetas de Mar - AJE Granada\",\"isPartOf\":{\"@id\":\"https:\/\/ajeandalucia.org\/granada\/#website\"},\"primaryImageOfPage\":{\"@id\":\"https:\/\/ajeandalucia.org\/granada\/2023\/08\/28\/bracelit-implementa-pulseras-identificativas-para-mayor-seguridad-de-menores-en-las-playas-de-roquetas-de-mar\/#primaryimage\"},\"image\":{\"@id\":\"https:\/\/ajeandalucia.org\/granada\/2023\/08\/28\/bracelit-implementa-pulseras-identificativas-para-mayor-seguridad-de-menores-en-las-playas-de-roquetas-de-mar\/#primaryimage\"},\"thumbnailUrl\":\"https:\/\/ajeandalucia.org\/granada\/wp-content\/uploads\/sites\/7\/2023\/08\/Portada-Noticia-Pulseras-Roquetas.jpg\",\"datePublished\":\"2023-08-28T11:36:55+00:00\",\"breadcrumb\":{\"@id\":\"https:\/\/ajeandalucia.org\/granada\/2023\/08\/28\/bracelit-implementa-pulseras-identificativas-para-mayor-seguridad-de-menores-en-las-playas-de-roquetas-de-mar\/#breadcrumb\"},\"inLanguage\":\"es\",\"potentialAction\":[{\"@type\":\"ReadAction\",\"target\":[\"https:\/\/ajeandalucia.org\/granada\/2023\/08\/28\/bracelit-implementa-pulseras-identificativas-para-mayor-seguridad-de-menores-en-las-playas-de-roquetas-de-mar\/\"]}]},{\"@type\":\"ImageObject\",\"inLanguage\":\"es\",\"@id\":\"https:\/\/ajeandalucia.org\/granada\/2023\/08\/28\/bracelit-implementa-pulseras-identificativas-para-mayor-seguridad-de-menores-en-las-playas-de-roquetas-de-mar\/#primaryimage\",\"url\":\"https:\/\/ajeandalucia.org\/granada\/wp-content\/uploads\/sites\/7\/2023\/08\/Portada-Noticia-Pulseras-Roquetas.jpg\",\"contentUrl\":\"https:\/\/ajeandalucia.org\/granada\/wp-content\/uploads\/sites\/7\/2023\/08\/Portada-Noticia-Pulseras-Roquetas.jpg\",\"width\":1900,\"height\":1070},{\"@type\":\"BreadcrumbList\",\"@id\":\"https:\/\/ajeandalucia.org\/granada\/2023\/08\/28\/bracelit-implementa-pulseras-identificativas-para-mayor-seguridad-de-menores-en-las-playas-de-roquetas-de-mar\/#breadcrumb\",\"itemListElement\":[{\"@type\":\"ListItem\",\"position\":1,\"name\":\"Portada\",\"item\":\"https:\/\/ajeandalucia.org\/granada\/\"},{\"@type\":\"ListItem\",\"position\":2,\"name\":\"Bracelit implementa pulseras identificativas para mayor seguridad de menores en las playas de Roquetas de Mar\"}]},{\"@type\":\"WebSite\",\"@id\":\"https:\/\/ajeandalucia.org\/granada\/#website\",\"url\":\"https:\/\/ajeandalucia.org\/granada\/\",\"name\":\"AJE Granada\",\"description\":\"J\u00f3venes Empresarios de Granada\",\"publisher\":{\"@id\":\"https:\/\/ajeandalucia.org\/granada\/#organization\"},\"potentialAction\":[{\"@type\":\"SearchAction\",\"target\":{\"@type\":\"EntryPoint\",\"urlTemplate\":\"https:\/\/ajeandalucia.org\/granada\/?s={search_term_string}\"},\"query-input\":{\"@type\":\"PropertyValueSpecification\",\"valueRequired\":true,\"valueName\":\"search_term_string\"}}],\"inLanguage\":\"es\"},{\"@type\":\"Organization\",\"@id\":\"https:\/\/ajeandalucia.org\/granada\/#organization\",\"name\":\"AJE Granada\",\"url\":\"https:\/\/ajeandalucia.org\/granada\/\",\"logo\":{\"@type\":\"ImageObject\",\"inLanguage\":\"es\",\"@id\":\"https:\/\/ajeandalucia.org\/granada\/#\/schema\/logo\/image\/\",\"url\":\"https:\/\/ajeandalucia.org\/granada\/wp-content\/uploads\/sites\/7\/2025\/02\/AJE-GRANADA-horizontal.png\",\"contentUrl\":\"https:\/\/ajeandalucia.org\/granada\/wp-content\/uploads\/sites\/7\/2025\/02\/AJE-GRANADA-horizontal.png\",\"width\":612,\"height\":200,\"caption\":\"AJE Granada\"},\"image\":{\"@id\":\"https:\/\/ajeandalucia.org\/granada\/#\/schema\/logo\/image\/\"}},{\"@type\":\"Person\",\"@id\":\"https:\/\/ajeandalucia.org\/granada\/#\/schema\/person\/11740bd602b2087a5d9913ce7ad3b931\",\"name\":\"granada\",\"image\":{\"@type\":\"ImageObject\",\"inLanguage\":\"es\",\"@id\":\"https:\/\/ajeandalucia.org\/granada\/#\/schema\/person\/image\/\",\"url\":\"https:\/\/secure.gravatar.com\/avatar\/d3efaa03945b79a8aad01845a3fd3b3535448eae49310ea0a5677e96e0e68b63?s=96&d=mm&r=g\",\"contentUrl\":\"https:\/\/secure.gravatar.com\/avatar\/d3efaa03945b79a8aad01845a3fd3b3535448eae49310ea0a5677e96e0e68b63?s=96&d=mm&r=g\",\"caption\":\"granada\"},\"url\":\"https:\/\/ajeandalucia.org\/granada\/author\/granada\/\"}]}<\/script>\n<!-- \/ Yoast SEO plugin. -->","yoast_head_json":{"title":"Bracelit implementa pulseras identificativas para mayor seguridad de menores en las playas de Roquetas de Mar - AJE Granada","robots":{"index":"index","follow":"follow","max-snippet":"max-snippet:-1","max-image-preview":"max-image-preview:large","max-video-preview":"max-video-preview:-1"},"canonical":"https:\/\/ajeandalucia.org\/granada\/2023\/08\/28\/bracelit-implementa-pulseras-identificativas-para-mayor-seguridad-de-menores-en-las-playas-de-roquetas-de-mar\/","og_locale":"es_ES","og_type":"article","og_title":"Bracelit implementa pulseras identificativas para mayor seguridad de menores en las playas de Roquetas de Mar - AJE Granada","og_description":"&nbsp; Nuestros asociados de Bracelit, l\u00edder en soluciones tecnol\u00f3gicas; se enorgullecen de anunciar su participaci\u00f3n en un proyecto en el [&hellip;]","og_url":"https:\/\/ajeandalucia.org\/granada\/2023\/08\/28\/bracelit-implementa-pulseras-identificativas-para-mayor-seguridad-de-menores-en-las-playas-de-roquetas-de-mar\/","og_site_name":"AJE Granada","article_published_time":"2023-08-28T11:36:55+00:00","og_image":[{"width":1900,"height":1070,"url":"https:\/\/ajeandalucia.org\/granada\/wp-content\/uploads\/sites\/7\/2023\/08\/Portada-Noticia-Pulseras-Roquetas.jpg","type":"image\/jpeg"}],"author":"granada","twitter_card":"summary_large_image","twitter_misc":{"Escrito por":"granada","Tiempo de lectura":"1 minuto"},"schema":{"@context":"https:\/\/schema.org","@graph":[{"@type":"Article","@id":"https:\/\/ajeandalucia.org\/granada\/2023\/08\/28\/bracelit-implementa-pulseras-identificativas-para-mayor-seguridad-de-menores-en-las-playas-de-roquetas-de-mar\/#article","isPartOf":{"@id":"https:\/\/ajeandalucia.org\/granada\/2023\/08\/28\/bracelit-implementa-pulseras-identificativas-para-mayor-seguridad-de-menores-en-las-playas-de-roquetas-de-mar\/"},"author":{"name":"granada","@id":"https:\/\/ajeandalucia.org\/granada\/#\/schema\/person\/11740bd602b2087a5d9913ce7ad3b931"},"headline":"Bracelit implementa pulseras identificativas para mayor seguridad de menores en las playas de Roquetas de Mar","datePublished":"2023-08-28T11:36:55+00:00","mainEntityOfPage":{"@id":"https:\/\/ajeandalucia.org\/granada\/2023\/08\/28\/bracelit-implementa-pulseras-identificativas-para-mayor-seguridad-de-menores-en-las-playas-de-roquetas-de-mar\/"},"wordCount":252,"commentCount":0,"publisher":{"@id":"https:\/\/ajeandalucia.org\/granada\/#organization"},"image":{"@id":"https:\/\/ajeandalucia.org\/granada\/2023\/08\/28\/bracelit-implementa-pulseras-identificativas-para-mayor-seguridad-de-menores-en-las-playas-de-roquetas-de-mar\/#primaryimage"},"thumbnailUrl":"https:\/\/ajeandalucia.org\/granada\/wp-content\/uploads\/sites\/7\/2023\/08\/Portada-Noticia-Pulseras-Roquetas.jpg","keywords":["Bracelit"],"articleSection":["Noticias","Noticias aje"],"inLanguage":"es","potentialAction":[{"@type":"CommentAction","name":"Comment","target":["https:\/\/ajeandalucia.org\/granada\/2023\/08\/28\/bracelit-implementa-pulseras-identificativas-para-mayor-seguridad-de-menores-en-las-playas-de-roquetas-de-mar\/#respond"]}]},{"@type":"WebPage","@id":"https:\/\/ajeandalucia.org\/granada\/2023\/08\/28\/bracelit-implementa-pulseras-identificativas-para-mayor-seguridad-de-menores-en-las-playas-de-roquetas-de-mar\/","url":"https:\/\/ajeandalucia.org\/granada\/2023\/08\/28\/bracelit-implementa-pulseras-identificativas-para-mayor-seguridad-de-menores-en-las-playas-de-roquetas-de-mar\/","name":"Bracelit implementa pulseras identificativas para mayor seguridad de menores en las playas de Roquetas de Mar - AJE Granada","isPartOf":{"@id":"https:\/\/ajeandalucia.org\/granada\/#website"},"primaryImageOfPage":{"@id":"https:\/\/ajeandalucia.org\/granada\/2023\/08\/28\/bracelit-implementa-pulseras-identificativas-para-mayor-seguridad-de-menores-en-las-playas-de-roquetas-de-mar\/#primaryimage"},"image":{"@id":"https:\/\/ajeandalucia.org\/granada\/2023\/08\/28\/bracelit-implementa-pulseras-identificativas-para-mayor-seguridad-de-menores-en-las-playas-de-roquetas-de-mar\/#primaryimage"},"thumbnailUrl":"https:\/\/ajeandalucia.org\/granada\/wp-content\/uploads\/sites\/7\/2023\/08\/Portada-Noticia-Pulseras-Roquetas.jpg","datePublished":"2023-08-28T11:36:55+00:00","breadcrumb":{"@id":"https:\/\/ajeandalucia.org\/granada\/2023\/08\/28\/bracelit-implementa-pulseras-identificativas-para-mayor-seguridad-de-menores-en-las-playas-de-roquetas-de-mar\/#breadcrumb"},"inLanguage":"es","potentialAction":[{"@type":"ReadAction","target":["https:\/\/ajeandalucia.org\/granada\/2023\/08\/28\/bracelit-implementa-pulseras-identificativas-para-mayor-seguridad-de-menores-en-las-playas-de-roquetas-de-mar\/"]}]},{"@type":"ImageObject","inLanguage":"es","@id":"https:\/\/ajeandalucia.org\/granada\/2023\/08\/28\/bracelit-implementa-pulseras-identificativas-para-mayor-seguridad-de-menores-en-las-playas-de-roquetas-de-mar\/#primaryimage","url":"https:\/\/ajeandalucia.org\/granada\/wp-content\/uploads\/sites\/7\/2023\/08\/Portada-Noticia-Pulseras-Roquetas.jpg","contentUrl":"https:\/\/ajeandalucia.org\/granada\/wp-content\/uploads\/sites\/7\/2023\/08\/Portada-Noticia-Pulseras-Roquetas.jpg","width":1900,"height":1070},{"@type":"BreadcrumbList","@id":"https:\/\/ajeandalucia.org\/granada\/2023\/08\/28\/bracelit-implementa-pulseras-identificativas-para-mayor-seguridad-de-menores-en-las-playas-de-roquetas-de-mar\/#breadcrumb","itemListElement":[{"@type":"ListItem","position":1,"name":"Portada","item":"https:\/\/ajeandalucia.org\/granada\/"},{"@type":"ListItem","position":2,"name":"Bracelit implementa pulseras identificativas para mayor seguridad de menores en las playas de Roquetas de Mar"}]},{"@type":"WebSite","@id":"https:\/\/ajeandalucia.org\/granada\/#website","url":"https:\/\/ajeandalucia.org\/granada\/","name":"AJE Granada","description":"J\u00f3venes Empresarios de Granada","publisher":{"@id":"https:\/\/ajeandalucia.org\/granada\/#organization"},"potentialAction":[{"@type":"SearchAction","target":{"@type":"EntryPoint","urlTemplate":"https:\/\/ajeandalucia.org\/granada\/?s={search_term_string}"},"query-input":{"@type":"PropertyValueSpecification","valueRequired":true,"valueName":"search_term_string"}}],"inLanguage":"es"},{"@type":"Organization","@id":"https:\/\/ajeandalucia.org\/granada\/#organization","name":"AJE Granada","url":"https:\/\/ajeandalucia.org\/granada\/","logo":{"@type":"ImageObject","inLanguage":"es","@id":"https:\/\/ajeandalucia.org\/granada\/#\/schema\/logo\/image\/","url":"https:\/\/ajeandalucia.org\/granada\/wp-content\/uploads\/sites\/7\/2025\/02\/AJE-GRANADA-horizontal.png","contentUrl":"https:\/\/ajeandalucia.org\/granada\/wp-content\/uploads\/sites\/7\/2025\/02\/AJE-GRANADA-horizontal.png","width":612,"height":200,"caption":"AJE Granada"},"image":{"@id":"https:\/\/ajeandalucia.org\/granada\/#\/schema\/logo\/image\/"}},{"@type":"Person","@id":"https:\/\/ajeandalucia.org\/granada\/#\/schema\/person\/11740bd602b2087a5d9913ce7ad3b931","name":"granada","image":{"@type":"ImageObject","inLanguage":"es","@id":"https:\/\/ajeandalucia.org\/granada\/#\/schema\/person\/image\/","url":"https:\/\/secure.gravatar.com\/avatar\/d3efaa03945b79a8aad01845a3fd3b3535448eae49310ea0a5677e96e0e68b63?s=96&d=mm&r=g","contentUrl":"https:\/\/secure.gravatar.com\/avatar\/d3efaa03945b79a8aad01845a3fd3b3535448eae49310ea0a5677e96e0e68b63?s=96&d=mm&r=g","caption":"granada"},"url":"https:\/\/ajeandalucia.org\/granada\/author\/granada\/"}]}},"_links":{"self":[{"href":"https:\/\/ajeandalucia.org\/granada\/wp-json\/wp\/v2\/posts\/44272","targetHints":{"allow":["GET"]}}],"collection":[{"href":"https:\/\/ajeandalucia.org\/granada\/wp-json\/wp\/v2\/posts"}],"about":[{"href":"https:\/\/ajeandalucia.org\/granada\/wp-json\/wp\/v2\/types\/post"}],"author":[{"embeddable":true,"href":"https:\/\/ajeandalucia.org\/granada\/wp-json\/wp\/v2\/users\/6"}],"replies":[{"embeddable":true,"href":"https:\/\/ajeandalucia.org\/granada\/wp-json\/wp\/v2\/comments?post=44272"}],"version-history":[{"count":1,"href":"https:\/\/ajeandalucia.org\/granada\/wp-json\/wp\/v2\/posts\/44272\/revisions"}],"predecessor-version":[{"id":44274,"href":"https:\/\/ajeandalucia.org\/granada\/wp-json\/wp\/v2\/posts\/44272\/revisions\/44274"}],"wp:featuredmedia":[{"embeddable":true,"href":"https:\/\/ajeandalucia.org\/granada\/wp-json\/wp\/v2\/media\/44273"}],"wp:attachment":[{"href":"https:\/\/ajeandalucia.org\/granada\/wp-json\/wp\/v2\/media?parent=44272"}],"wp:term":[{"taxonomy":"category","embeddable":true,"href":"https:\/\/ajeandalucia.org\/granada\/wp-json\/wp\/v2\/categories?post=44272"},{"taxonomy":"post_tag","embeddable":true,"href":"https:\/\/ajeandalucia.org\/granada\/wp-json\/wp\/v2\/tags?post=44272"}],"curies":[{"name":"wp","href":"https:\/\/api.w.org\/{rel}","templated":true}]}}