{"id":44376,"date":"2023-09-11T13:15:55","date_gmt":"2023-09-11T11:15:55","guid":{"rendered":"https:\/\/www.ajeandalucia.org\/granada\/?p=44376"},"modified":"2023-09-19T15:06:29","modified_gmt":"2023-09-19T13:06:29","slug":"ii-premios-amega-a-la-trayectoria-empresarial-excelencia-empresarial-en-femenino","status":"publish","type":"post","link":"https:\/\/ajeandalucia.org\/granada\/2023\/09\/11\/ii-premios-amega-a-la-trayectoria-empresarial-excelencia-empresarial-en-femenino\/","title":{"rendered":"II Premios AMEGA  a la Trayectoria Empresarial, Excelencia Empresarial en femenino"},"content":{"rendered":"<h2>\u00bfQue es AMEGA?<\/h2>\n<p>AMEGA se crea con la finalidad de aunar esfuerzos entre las dos asociaciones de mujeres empresarias granadinas consolidadas dentro del tejido empresarial e institucional de Granada y provincia.<\/p>\n<h2>II Premios AMEGA<\/h2>\n<p>Con ocasi\u00f3n de la celebraci\u00f3n de la <strong>Gala de entrega de Premios<\/strong>, AMEGA pone en marcha su labor social ayudando cada a\u00f1o a otras asociaciones, colectivos o causas que est\u00e1n<br \/>\nhaciendo mejorar la vida de personas de forma directa o indirecta.<\/p>\n<p>En la edici\u00f3n 2023, AMEGA destinar\u00e1 la recaudaci\u00f3n a la asociaci\u00f3n ASPACE para ayudar a la adquisici\u00f3n del proyecto &#8220;Exoesqueleto&#8221; que facilitar\u00e1 la movilidad de ni\u00f1os y ni\u00f1as con necesidades especiales.<\/p>\n<p>En este evento, AMEGA otorga los premios a <strong>Mujeres Empresarias<\/strong> que destacan por su trayectoria y su excelencia empresarial, y un premio especial a la mujer empresaria que represente el talento grana\u00edno a nivel nacional o internacional.<\/p>\n<h3>AMEGA y ASPACE<\/h3>\n<p>En 2023, ASPACE est\u00e1 inmersa en la recaudaci\u00f3n de fondos para la adquisici\u00f3n de un exoesqueleto pedi\u00e1trico modelo Atlas 2030 de Marsi-Bionics.<\/p>\n<p>El exoesqueleto pedi\u00e1trico ATLAS 2030 cuya adquisici\u00f3n asciende a 176.648,40 euros, es el \u00fanico en el mundo dirigido exclusivamente a ni\u00f1os, asegurando un desarrollo integral tanto f\u00edsico como emocional. Est\u00e1 optimizado para ni\u00f1os y ni\u00f1as con enfermedades neuromusculares (atrofia muscular espinal, distrofias musculares, miopat\u00edas, etc.), y par\u00e1lisis cerebral.<\/p>\n<p>Su finalidad es mejorar el nivel motor del usuario, aumentar la esperanza de vida y reducir y retrasar complicaciones secundarias.<\/p>\n<p>Por este motivo, desde AMEGA, hemos elegido a ASPACE como beneficiaria de la recaudaci\u00f3n que se obtenga gracias a los patrocinios y colaboraciones de empresas e instituciones que deseen colaborar con esta importante causa.<\/p>\n<p>Puedes acceder al dossier completo aqu\u00ed\u00a0\u00a0<a href=\"https:\/\/www.ajeandalucia.org\/granada\/wp-content\/uploads\/sites\/7\/2023\/09\/Dossier-patrocinios-II-Gala-AMEGA.pdf\">Dossier patrocinios II Gala AMEGA<\/a><\/p>\n","protected":false},"excerpt":{"rendered":"<p>\u00bfQue es AMEGA? AMEGA se crea con la finalidad de aunar esfuerzos entre las dos asociaciones de mujeres empresarias granadinas [&hellip;]<\/p>\n","protected":false},"author":6,"featured_media":44378,"comment_status":"open","ping_status":"open","sticky":false,"template":"","format":"standard","meta":{"_acf_changed":false,"site-sidebar-layout":"default","site-content-layout":"","ast-site-content-layout":"default","site-content-style":"default","site-sidebar-style":"default","ast-global-header-display":"","ast-banner-title-visibility":"","ast-main-header-display":"","ast-hfb-above-header-display":"","ast-hfb-below-header-display":"","ast-hfb-mobile-header-display":"","site-post-title":"","ast-breadcrumbs-content":"","ast-featured-img":"","footer-sml-layout":"","ast-disable-related-posts":"","theme-transparent-header-meta":"","adv-header-id-meta":"","stick-header-meta":"","header-above-stick-meta":"","header-main-stick-meta":"","header-below-stick-meta":"","astra-migrate-meta-layouts":"default","ast-page-background-enabled":"default","ast-page-background-meta":{"desktop":{"background-color":"var(--ast-global-color-5)","background-image":"","background-repeat":"repeat","background-position":"center center","background-size":"auto","background-attachment":"scroll","background-type":"","background-media":"","overlay-type":"","overlay-color":"","overlay-opacity":"","overlay-gradient":""},"tablet":{"background-color":"","background-image":"","background-repeat":"repeat","background-position":"center center","background-size":"auto","background-attachment":"scroll","background-type":"","background-media":"","overlay-type":"","overlay-color":"","overlay-opacity":"","overlay-gradient":""},"mobile":{"background-color":"","background-image":"","background-repeat":"repeat","background-position":"center center","background-size":"auto","background-attachment":"scroll","background-type":"","background-media":"","overlay-type":"","overlay-color":"","overlay-opacity":"","overlay-gradient":""}},"ast-content-background-meta":{"desktop":{"background-color":"var(--ast-global-color-4)","background-image":"","background-repeat":"repeat","background-position":"center center","background-size":"auto","background-attachment":"scroll","background-type":"","background-media":"","overlay-type":"","overlay-color":"","overlay-opacity":"","overlay-gradient":""},"tablet":{"background-color":"var(--ast-global-color-4)","background-image":"","background-repeat":"repeat","background-position":"center center","background-size":"auto","background-attachment":"scroll","background-type":"","background-media":"","overlay-type":"","overlay-color":"","overlay-opacity":"","overlay-gradient":""},"mobile":{"background-color":"var(--ast-global-color-4)","background-image":"","background-repeat":"repeat","background-position":"center center","background-size":"auto","background-attachment":"scroll","background-type":"","background-media":"","overlay-type":"","overlay-color":"","overlay-opacity":"","overlay-gradient":""}},"footnotes":""},"categories":[1,91,8,115],"tags":[],"class_list":["post-44376","post","type-post","status-publish","format-standard","has-post-thumbnail","hentry","category-blog","category-empresas-asociadas","category-noticias","category-noticias-aje"],"acf":[],"yoast_head":"<!-- This site is optimized with the Yoast SEO plugin v26.9 - https:\/\/yoast.com\/product\/yoast-seo-wordpress\/ -->\n<title>II Premios AMEGA a la Trayectoria Empresarial, Excelencia Empresarial en femenino - AJE Granada<\/title>\n<meta name=\"robots\" content=\"index, follow, max-snippet:-1, max-image-preview:large, max-video-preview:-1\" \/>\n<link rel=\"canonical\" href=\"https:\/\/ajeandalucia.org\/granada\/2023\/09\/11\/ii-premios-amega-a-la-trayectoria-empresarial-excelencia-empresarial-en-femenino\/\" \/>\n<meta property=\"og:locale\" content=\"es_ES\" \/>\n<meta property=\"og:type\" content=\"article\" \/>\n<meta property=\"og:title\" content=\"II Premios AMEGA a la Trayectoria Empresarial, Excelencia Empresarial en femenino - AJE Granada\" \/>\n<meta property=\"og:description\" content=\"\u00bfQue es AMEGA? AMEGA se crea con la finalidad de aunar esfuerzos entre las dos asociaciones de mujeres empresarias granadinas [&hellip;]\" \/>\n<meta property=\"og:url\" content=\"https:\/\/ajeandalucia.org\/granada\/2023\/09\/11\/ii-premios-amega-a-la-trayectoria-empresarial-excelencia-empresarial-en-femenino\/\" \/>\n<meta property=\"og:site_name\" content=\"AJE Granada\" \/>\n<meta property=\"article:published_time\" content=\"2023-09-11T11:15:55+00:00\" \/>\n<meta property=\"article:modified_time\" content=\"2023-09-19T13:06:29+00:00\" \/>\n<meta property=\"og:image\" content=\"https:\/\/ajeandalucia.org\/granada\/wp-content\/uploads\/sites\/7\/2023\/09\/gala-amega.jpg\" \/>\n\t<meta property=\"og:image:width\" content=\"666\" \/>\n\t<meta property=\"og:image:height\" content=\"528\" \/>\n\t<meta property=\"og:image:type\" content=\"image\/jpeg\" \/>\n<meta name=\"author\" content=\"granada\" \/>\n<meta name=\"twitter:card\" content=\"summary_large_image\" \/>\n<meta name=\"twitter:label1\" content=\"Escrito por\" \/>\n\t<meta name=\"twitter:data1\" content=\"granada\" \/>\n\t<meta name=\"twitter:label2\" content=\"Tiempo de lectura\" \/>\n\t<meta name=\"twitter:data2\" content=\"1 minuto\" \/>\n<script type=\"application\/ld+json\" class=\"yoast-schema-graph\">{\"@context\":\"https:\/\/schema.org\",\"@graph\":[{\"@type\":\"Article\",\"@id\":\"https:\/\/ajeandalucia.org\/granada\/2023\/09\/11\/ii-premios-amega-a-la-trayectoria-empresarial-excelencia-empresarial-en-femenino\/#article\",\"isPartOf\":{\"@id\":\"https:\/\/ajeandalucia.org\/granada\/2023\/09\/11\/ii-premios-amega-a-la-trayectoria-empresarial-excelencia-empresarial-en-femenino\/\"},\"author\":{\"name\":\"granada\",\"@id\":\"https:\/\/ajeandalucia.org\/granada\/#\/schema\/person\/11740bd602b2087a5d9913ce7ad3b931\"},\"headline\":\"II Premios AMEGA a la Trayectoria Empresarial, Excelencia Empresarial en femenino\",\"datePublished\":\"2023-09-11T11:15:55+00:00\",\"dateModified\":\"2023-09-19T13:06:29+00:00\",\"mainEntityOfPage\":{\"@id\":\"https:\/\/ajeandalucia.org\/granada\/2023\/09\/11\/ii-premios-amega-a-la-trayectoria-empresarial-excelencia-empresarial-en-femenino\/\"},\"wordCount\":310,\"commentCount\":0,\"publisher\":{\"@id\":\"https:\/\/ajeandalucia.org\/granada\/#organization\"},\"image\":{\"@id\":\"https:\/\/ajeandalucia.org\/granada\/2023\/09\/11\/ii-premios-amega-a-la-trayectoria-empresarial-excelencia-empresarial-en-femenino\/#primaryimage\"},\"thumbnailUrl\":\"https:\/\/ajeandalucia.org\/granada\/wp-content\/uploads\/sites\/7\/2023\/09\/gala-amega.jpg\",\"articleSection\":[\"Blog\",\"Empresas asociadas\",\"Noticias\",\"Noticias aje\"],\"inLanguage\":\"es\",\"potentialAction\":[{\"@type\":\"CommentAction\",\"name\":\"Comment\",\"target\":[\"https:\/\/ajeandalucia.org\/granada\/2023\/09\/11\/ii-premios-amega-a-la-trayectoria-empresarial-excelencia-empresarial-en-femenino\/#respond\"]}]},{\"@type\":\"WebPage\",\"@id\":\"https:\/\/ajeandalucia.org\/granada\/2023\/09\/11\/ii-premios-amega-a-la-trayectoria-empresarial-excelencia-empresarial-en-femenino\/\",\"url\":\"https:\/\/ajeandalucia.org\/granada\/2023\/09\/11\/ii-premios-amega-a-la-trayectoria-empresarial-excelencia-empresarial-en-femenino\/\",\"name\":\"II Premios AMEGA a la Trayectoria Empresarial, Excelencia Empresarial en femenino - AJE Granada\",\"isPartOf\":{\"@id\":\"https:\/\/ajeandalucia.org\/granada\/#website\"},\"primaryImageOfPage\":{\"@id\":\"https:\/\/ajeandalucia.org\/granada\/2023\/09\/11\/ii-premios-amega-a-la-trayectoria-empresarial-excelencia-empresarial-en-femenino\/#primaryimage\"},\"image\":{\"@id\":\"https:\/\/ajeandalucia.org\/granada\/2023\/09\/11\/ii-premios-amega-a-la-trayectoria-empresarial-excelencia-empresarial-en-femenino\/#primaryimage\"},\"thumbnailUrl\":\"https:\/\/ajeandalucia.org\/granada\/wp-content\/uploads\/sites\/7\/2023\/09\/gala-amega.jpg\",\"datePublished\":\"2023-09-11T11:15:55+00:00\",\"dateModified\":\"2023-09-19T13:06:29+00:00\",\"breadcrumb\":{\"@id\":\"https:\/\/ajeandalucia.org\/granada\/2023\/09\/11\/ii-premios-amega-a-la-trayectoria-empresarial-excelencia-empresarial-en-femenino\/#breadcrumb\"},\"inLanguage\":\"es\",\"potentialAction\":[{\"@type\":\"ReadAction\",\"target\":[\"https:\/\/ajeandalucia.org\/granada\/2023\/09\/11\/ii-premios-amega-a-la-trayectoria-empresarial-excelencia-empresarial-en-femenino\/\"]}]},{\"@type\":\"ImageObject\",\"inLanguage\":\"es\",\"@id\":\"https:\/\/ajeandalucia.org\/granada\/2023\/09\/11\/ii-premios-amega-a-la-trayectoria-empresarial-excelencia-empresarial-en-femenino\/#primaryimage\",\"url\":\"https:\/\/ajeandalucia.org\/granada\/wp-content\/uploads\/sites\/7\/2023\/09\/gala-amega.jpg\",\"contentUrl\":\"https:\/\/ajeandalucia.org\/granada\/wp-content\/uploads\/sites\/7\/2023\/09\/gala-amega.jpg\",\"width\":666,\"height\":528},{\"@type\":\"BreadcrumbList\",\"@id\":\"https:\/\/ajeandalucia.org\/granada\/2023\/09\/11\/ii-premios-amega-a-la-trayectoria-empresarial-excelencia-empresarial-en-femenino\/#breadcrumb\",\"itemListElement\":[{\"@type\":\"ListItem\",\"position\":1,\"name\":\"Portada\",\"item\":\"https:\/\/ajeandalucia.org\/granada\/\"},{\"@type\":\"ListItem\",\"position\":2,\"name\":\"II Premios AMEGA a la Trayectoria Empresarial, Excelencia Empresarial en femenino\"}]},{\"@type\":\"WebSite\",\"@id\":\"https:\/\/ajeandalucia.org\/granada\/#website\",\"url\":\"https:\/\/ajeandalucia.org\/granada\/\",\"name\":\"AJE Granada\",\"description\":\"J\u00f3venes Empresarios de Granada\",\"publisher\":{\"@id\":\"https:\/\/ajeandalucia.org\/granada\/#organization\"},\"potentialAction\":[{\"@type\":\"SearchAction\",\"target\":{\"@type\":\"EntryPoint\",\"urlTemplate\":\"https:\/\/ajeandalucia.org\/granada\/?s={search_term_string}\"},\"query-input\":{\"@type\":\"PropertyValueSpecification\",\"valueRequired\":true,\"valueName\":\"search_term_string\"}}],\"inLanguage\":\"es\"},{\"@type\":\"Organization\",\"@id\":\"https:\/\/ajeandalucia.org\/granada\/#organization\",\"name\":\"AJE Granada\",\"url\":\"https:\/\/ajeandalucia.org\/granada\/\",\"logo\":{\"@type\":\"ImageObject\",\"inLanguage\":\"es\",\"@id\":\"https:\/\/ajeandalucia.org\/granada\/#\/schema\/logo\/image\/\",\"url\":\"https:\/\/ajeandalucia.org\/granada\/wp-content\/uploads\/sites\/7\/2025\/02\/AJE-GRANADA-horizontal.png\",\"contentUrl\":\"https:\/\/ajeandalucia.org\/granada\/wp-content\/uploads\/sites\/7\/2025\/02\/AJE-GRANADA-horizontal.png\",\"width\":612,\"height\":200,\"caption\":\"AJE Granada\"},\"image\":{\"@id\":\"https:\/\/ajeandalucia.org\/granada\/#\/schema\/logo\/image\/\"}},{\"@type\":\"Person\",\"@id\":\"https:\/\/ajeandalucia.org\/granada\/#\/schema\/person\/11740bd602b2087a5d9913ce7ad3b931\",\"name\":\"granada\",\"image\":{\"@type\":\"ImageObject\",\"inLanguage\":\"es\",\"@id\":\"https:\/\/ajeandalucia.org\/granada\/#\/schema\/person\/image\/\",\"url\":\"https:\/\/secure.gravatar.com\/avatar\/d3efaa03945b79a8aad01845a3fd3b3535448eae49310ea0a5677e96e0e68b63?s=96&d=mm&r=g\",\"contentUrl\":\"https:\/\/secure.gravatar.com\/avatar\/d3efaa03945b79a8aad01845a3fd3b3535448eae49310ea0a5677e96e0e68b63?s=96&d=mm&r=g\",\"caption\":\"granada\"},\"url\":\"https:\/\/ajeandalucia.org\/granada\/author\/granada\/\"}]}<\/script>\n<!-- \/ Yoast SEO plugin. -->","yoast_head_json":{"title":"II Premios AMEGA a la Trayectoria Empresarial, Excelencia Empresarial en femenino - AJE Granada","robots":{"index":"index","follow":"follow","max-snippet":"max-snippet:-1","max-image-preview":"max-image-preview:large","max-video-preview":"max-video-preview:-1"},"canonical":"https:\/\/ajeandalucia.org\/granada\/2023\/09\/11\/ii-premios-amega-a-la-trayectoria-empresarial-excelencia-empresarial-en-femenino\/","og_locale":"es_ES","og_type":"article","og_title":"II Premios AMEGA a la Trayectoria Empresarial, Excelencia Empresarial en femenino - AJE Granada","og_description":"\u00bfQue es AMEGA? AMEGA se crea con la finalidad de aunar esfuerzos entre las dos asociaciones de mujeres empresarias granadinas [&hellip;]","og_url":"https:\/\/ajeandalucia.org\/granada\/2023\/09\/11\/ii-premios-amega-a-la-trayectoria-empresarial-excelencia-empresarial-en-femenino\/","og_site_name":"AJE Granada","article_published_time":"2023-09-11T11:15:55+00:00","article_modified_time":"2023-09-19T13:06:29+00:00","og_image":[{"width":666,"height":528,"url":"https:\/\/ajeandalucia.org\/granada\/wp-content\/uploads\/sites\/7\/2023\/09\/gala-amega.jpg","type":"image\/jpeg"}],"author":"granada","twitter_card":"summary_large_image","twitter_misc":{"Escrito por":"granada","Tiempo de lectura":"1 minuto"},"schema":{"@context":"https:\/\/schema.org","@graph":[{"@type":"Article","@id":"https:\/\/ajeandalucia.org\/granada\/2023\/09\/11\/ii-premios-amega-a-la-trayectoria-empresarial-excelencia-empresarial-en-femenino\/#article","isPartOf":{"@id":"https:\/\/ajeandalucia.org\/granada\/2023\/09\/11\/ii-premios-amega-a-la-trayectoria-empresarial-excelencia-empresarial-en-femenino\/"},"author":{"name":"granada","@id":"https:\/\/ajeandalucia.org\/granada\/#\/schema\/person\/11740bd602b2087a5d9913ce7ad3b931"},"headline":"II Premios AMEGA a la Trayectoria Empresarial, Excelencia Empresarial en femenino","datePublished":"2023-09-11T11:15:55+00:00","dateModified":"2023-09-19T13:06:29+00:00","mainEntityOfPage":{"@id":"https:\/\/ajeandalucia.org\/granada\/2023\/09\/11\/ii-premios-amega-a-la-trayectoria-empresarial-excelencia-empresarial-en-femenino\/"},"wordCount":310,"commentCount":0,"publisher":{"@id":"https:\/\/ajeandalucia.org\/granada\/#organization"},"image":{"@id":"https:\/\/ajeandalucia.org\/granada\/2023\/09\/11\/ii-premios-amega-a-la-trayectoria-empresarial-excelencia-empresarial-en-femenino\/#primaryimage"},"thumbnailUrl":"https:\/\/ajeandalucia.org\/granada\/wp-content\/uploads\/sites\/7\/2023\/09\/gala-amega.jpg","articleSection":["Blog","Empresas asociadas","Noticias","Noticias aje"],"inLanguage":"es","potentialAction":[{"@type":"CommentAction","name":"Comment","target":["https:\/\/ajeandalucia.org\/granada\/2023\/09\/11\/ii-premios-amega-a-la-trayectoria-empresarial-excelencia-empresarial-en-femenino\/#respond"]}]},{"@type":"WebPage","@id":"https:\/\/ajeandalucia.org\/granada\/2023\/09\/11\/ii-premios-amega-a-la-trayectoria-empresarial-excelencia-empresarial-en-femenino\/","url":"https:\/\/ajeandalucia.org\/granada\/2023\/09\/11\/ii-premios-amega-a-la-trayectoria-empresarial-excelencia-empresarial-en-femenino\/","name":"II Premios AMEGA a la Trayectoria Empresarial, Excelencia Empresarial en femenino - AJE Granada","isPartOf":{"@id":"https:\/\/ajeandalucia.org\/granada\/#website"},"primaryImageOfPage":{"@id":"https:\/\/ajeandalucia.org\/granada\/2023\/09\/11\/ii-premios-amega-a-la-trayectoria-empresarial-excelencia-empresarial-en-femenino\/#primaryimage"},"image":{"@id":"https:\/\/ajeandalucia.org\/granada\/2023\/09\/11\/ii-premios-amega-a-la-trayectoria-empresarial-excelencia-empresarial-en-femenino\/#primaryimage"},"thumbnailUrl":"https:\/\/ajeandalucia.org\/granada\/wp-content\/uploads\/sites\/7\/2023\/09\/gala-amega.jpg","datePublished":"2023-09-11T11:15:55+00:00","dateModified":"2023-09-19T13:06:29+00:00","breadcrumb":{"@id":"https:\/\/ajeandalucia.org\/granada\/2023\/09\/11\/ii-premios-amega-a-la-trayectoria-empresarial-excelencia-empresarial-en-femenino\/#breadcrumb"},"inLanguage":"es","potentialAction":[{"@type":"ReadAction","target":["https:\/\/ajeandalucia.org\/granada\/2023\/09\/11\/ii-premios-amega-a-la-trayectoria-empresarial-excelencia-empresarial-en-femenino\/"]}]},{"@type":"ImageObject","inLanguage":"es","@id":"https:\/\/ajeandalucia.org\/granada\/2023\/09\/11\/ii-premios-amega-a-la-trayectoria-empresarial-excelencia-empresarial-en-femenino\/#primaryimage","url":"https:\/\/ajeandalucia.org\/granada\/wp-content\/uploads\/sites\/7\/2023\/09\/gala-amega.jpg","contentUrl":"https:\/\/ajeandalucia.org\/granada\/wp-content\/uploads\/sites\/7\/2023\/09\/gala-amega.jpg","width":666,"height":528},{"@type":"BreadcrumbList","@id":"https:\/\/ajeandalucia.org\/granada\/2023\/09\/11\/ii-premios-amega-a-la-trayectoria-empresarial-excelencia-empresarial-en-femenino\/#breadcrumb","itemListElement":[{"@type":"ListItem","position":1,"name":"Portada","item":"https:\/\/ajeandalucia.org\/granada\/"},{"@type":"ListItem","position":2,"name":"II Premios AMEGA a la Trayectoria Empresarial, Excelencia Empresarial en femenino"}]},{"@type":"WebSite","@id":"https:\/\/ajeandalucia.org\/granada\/#website","url":"https:\/\/ajeandalucia.org\/granada\/","name":"AJE Granada","description":"J\u00f3venes Empresarios de Granada","publisher":{"@id":"https:\/\/ajeandalucia.org\/granada\/#organization"},"potentialAction":[{"@type":"SearchAction","target":{"@type":"EntryPoint","urlTemplate":"https:\/\/ajeandalucia.org\/granada\/?s={search_term_string}"},"query-input":{"@type":"PropertyValueSpecification","valueRequired":true,"valueName":"search_term_string"}}],"inLanguage":"es"},{"@type":"Organization","@id":"https:\/\/ajeandalucia.org\/granada\/#organization","name":"AJE Granada","url":"https:\/\/ajeandalucia.org\/granada\/","logo":{"@type":"ImageObject","inLanguage":"es","@id":"https:\/\/ajeandalucia.org\/granada\/#\/schema\/logo\/image\/","url":"https:\/\/ajeandalucia.org\/granada\/wp-content\/uploads\/sites\/7\/2025\/02\/AJE-GRANADA-horizontal.png","contentUrl":"https:\/\/ajeandalucia.org\/granada\/wp-content\/uploads\/sites\/7\/2025\/02\/AJE-GRANADA-horizontal.png","width":612,"height":200,"caption":"AJE Granada"},"image":{"@id":"https:\/\/ajeandalucia.org\/granada\/#\/schema\/logo\/image\/"}},{"@type":"Person","@id":"https:\/\/ajeandalucia.org\/granada\/#\/schema\/person\/11740bd602b2087a5d9913ce7ad3b931","name":"granada","image":{"@type":"ImageObject","inLanguage":"es","@id":"https:\/\/ajeandalucia.org\/granada\/#\/schema\/person\/image\/","url":"https:\/\/secure.gravatar.com\/avatar\/d3efaa03945b79a8aad01845a3fd3b3535448eae49310ea0a5677e96e0e68b63?s=96&d=mm&r=g","contentUrl":"https:\/\/secure.gravatar.com\/avatar\/d3efaa03945b79a8aad01845a3fd3b3535448eae49310ea0a5677e96e0e68b63?s=96&d=mm&r=g","caption":"granada"},"url":"https:\/\/ajeandalucia.org\/granada\/author\/granada\/"}]}},"_links":{"self":[{"href":"https:\/\/ajeandalucia.org\/granada\/wp-json\/wp\/v2\/posts\/44376","targetHints":{"allow":["GET"]}}],"collection":[{"href":"https:\/\/ajeandalucia.org\/granada\/wp-json\/wp\/v2\/posts"}],"about":[{"href":"https:\/\/ajeandalucia.org\/granada\/wp-json\/wp\/v2\/types\/post"}],"author":[{"embeddable":true,"href":"https:\/\/ajeandalucia.org\/granada\/wp-json\/wp\/v2\/users\/6"}],"replies":[{"embeddable":true,"href":"https:\/\/ajeandalucia.org\/granada\/wp-json\/wp\/v2\/comments?post=44376"}],"version-history":[{"count":2,"href":"https:\/\/ajeandalucia.org\/granada\/wp-json\/wp\/v2\/posts\/44376\/revisions"}],"predecessor-version":[{"id":44380,"href":"https:\/\/ajeandalucia.org\/granada\/wp-json\/wp\/v2\/posts\/44376\/revisions\/44380"}],"wp:featuredmedia":[{"embeddable":true,"href":"https:\/\/ajeandalucia.org\/granada\/wp-json\/wp\/v2\/media\/44378"}],"wp:attachment":[{"href":"https:\/\/ajeandalucia.org\/granada\/wp-json\/wp\/v2\/media?parent=44376"}],"wp:term":[{"taxonomy":"category","embeddable":true,"href":"https:\/\/ajeandalucia.org\/granada\/wp-json\/wp\/v2\/categories?post=44376"},{"taxonomy":"post_tag","embeddable":true,"href":"https:\/\/ajeandalucia.org\/granada\/wp-json\/wp\/v2\/tags?post=44376"}],"curies":[{"name":"wp","href":"https:\/\/api.w.org\/{rel}","templated":true}]}}