{"id":44427,"date":"2023-09-26T14:12:26","date_gmt":"2023-09-26T12:12:26","guid":{"rendered":"https:\/\/www.ajeandalucia.org\/granada\/?p=44427"},"modified":"2023-09-26T14:20:07","modified_gmt":"2023-09-26T12:20:07","slug":"44427","status":"publish","type":"post","link":"https:\/\/ajeandalucia.org\/granada\/2023\/09\/26\/44427\/","title":{"rendered":"Convenio Fundaci\u00f3n Fulgencio Meseguer y AJE Granada"},"content":{"rendered":"<div>\n<div>El pasado lunes 25 de Septiembre, la Junta Directiva de AJE Granada se reuni\u00f3 con la\u00a0<a href=\"https:\/\/fundacionfulgenciomeseguer.org\/\" target=\"_blank\" rel=\"noopener\">Fundaci\u00f3n Fulgencio Meseguer<\/a>\u00a0para renovar el Convenio de Colaboraci\u00f3n existente entre ambas entidades durante el pr\u00f3ximo a\u00f1o.<\/div>\n<div><\/div>\n<\/div>\n<div>El presente convenio tiene por objeto regular la relaci\u00f3n entre la Fundaci\u00f3n Fulgencio Meseguer y AJE Granada para fomentar la colaboraci\u00f3n entre ambas entidades, de manera que se generen sinergias y actuaciones entre ambas, con la finalidad de favorecer la imagen y proyectos de ambas entidades, cada uno en sus respectivos \u00e1mbitos, repercutiendo de una manera directa entre sus asociados,en el caso de AJE Granada.<\/div>\n<div><\/div>\n<div>\n<div><i><a href=\"https:\/\/www.linkedin.com\/feed\/hashtag\/?keywords=somosaje&amp;highlightedUpdateUrns=urn%3Ali%3Aactivity%3A7112108586792554496\" target=\"_blank\" rel=\"noopener\">#SomosAJE<\/a><a href=\"https:\/\/www.linkedin.com\/feed\/hashtag\/?keywords=sumandofuerzas&amp;highlightedUpdateUrns=urn%3Ali%3Aactivity%3A7112108586792554496\" target=\"_blank\" rel=\"noopener\">#SumandoFuerzas<\/a><\/i><\/div>\n<\/div>\n<div><\/div>\n<div><\/div>\n","protected":false},"excerpt":{"rendered":"<p>El pasado lunes 25 de Septiembre, la Junta Directiva de AJE Granada se reuni\u00f3 con la\u00a0Fundaci\u00f3n Fulgencio Meseguer\u00a0para renovar el [&hellip;]<\/p>\n","protected":false},"author":6,"featured_media":44432,"comment_status":"open","ping_status":"open","sticky":false,"template":"","format":"standard","meta":{"_acf_changed":false,"site-sidebar-layout":"default","site-content-layout":"","ast-site-content-layout":"default","site-content-style":"default","site-sidebar-style":"default","ast-global-header-display":"","ast-banner-title-visibility":"","ast-main-header-display":"","ast-hfb-above-header-display":"","ast-hfb-below-header-display":"","ast-hfb-mobile-header-display":"","site-post-title":"","ast-breadcrumbs-content":"","ast-featured-img":"","footer-sml-layout":"","ast-disable-related-posts":"","theme-transparent-header-meta":"","adv-header-id-meta":"","stick-header-meta":"","header-above-stick-meta":"","header-main-stick-meta":"","header-below-stick-meta":"","astra-migrate-meta-layouts":"default","ast-page-background-enabled":"default","ast-page-background-meta":{"desktop":{"background-color":"var(--ast-global-color-5)","background-image":"","background-repeat":"repeat","background-position":"center center","background-size":"auto","background-attachment":"scroll","background-type":"","background-media":"","overlay-type":"","overlay-color":"","overlay-opacity":"","overlay-gradient":""},"tablet":{"background-color":"","background-image":"","background-repeat":"repeat","background-position":"center center","background-size":"auto","background-attachment":"scroll","background-type":"","background-media":"","overlay-type":"","overlay-color":"","overlay-opacity":"","overlay-gradient":""},"mobile":{"background-color":"","background-image":"","background-repeat":"repeat","background-position":"center center","background-size":"auto","background-attachment":"scroll","background-type":"","background-media":"","overlay-type":"","overlay-color":"","overlay-opacity":"","overlay-gradient":""}},"ast-content-background-meta":{"desktop":{"background-color":"var(--ast-global-color-4)","background-image":"","background-repeat":"repeat","background-position":"center center","background-size":"auto","background-attachment":"scroll","background-type":"","background-media":"","overlay-type":"","overlay-color":"","overlay-opacity":"","overlay-gradient":""},"tablet":{"background-color":"var(--ast-global-color-4)","background-image":"","background-repeat":"repeat","background-position":"center center","background-size":"auto","background-attachment":"scroll","background-type":"","background-media":"","overlay-type":"","overlay-color":"","overlay-opacity":"","overlay-gradient":""},"mobile":{"background-color":"var(--ast-global-color-4)","background-image":"","background-repeat":"repeat","background-position":"center center","background-size":"auto","background-attachment":"scroll","background-type":"","background-media":"","overlay-type":"","overlay-color":"","overlay-opacity":"","overlay-gradient":""}},"footnotes":""},"categories":[90,7,89,5466,8,115],"tags":[],"class_list":["post-44427","post","type-post","status-publish","format-standard","has-post-thumbnail","hentry","category-beneficios","category-convenios","category-convenios-aje-granada","category-convenios2023","category-noticias","category-noticias-aje"],"acf":[],"yoast_head":"<!-- This site is optimized with the Yoast SEO plugin v26.9 - https:\/\/yoast.com\/product\/yoast-seo-wordpress\/ -->\n<title>Convenio Fundaci\u00f3n Fulgencio Meseguer y AJE Granada - AJE Granada<\/title>\n<meta name=\"robots\" content=\"index, follow, max-snippet:-1, max-image-preview:large, max-video-preview:-1\" \/>\n<link rel=\"canonical\" href=\"https:\/\/ajeandalucia.org\/granada\/2023\/09\/26\/44427\/\" \/>\n<meta property=\"og:locale\" content=\"es_ES\" \/>\n<meta property=\"og:type\" content=\"article\" \/>\n<meta property=\"og:title\" content=\"Convenio Fundaci\u00f3n Fulgencio Meseguer y AJE Granada - AJE Granada\" \/>\n<meta property=\"og:description\" content=\"El pasado lunes 25 de Septiembre, la Junta Directiva de AJE Granada se reuni\u00f3 con la\u00a0Fundaci\u00f3n Fulgencio Meseguer\u00a0para renovar el [&hellip;]\" \/>\n<meta property=\"og:url\" content=\"https:\/\/ajeandalucia.org\/granada\/2023\/09\/26\/44427\/\" \/>\n<meta property=\"og:site_name\" content=\"AJE Granada\" \/>\n<meta property=\"article:published_time\" content=\"2023-09-26T12:12:26+00:00\" \/>\n<meta property=\"article:modified_time\" content=\"2023-09-26T12:20:07+00:00\" \/>\n<meta property=\"og:image\" content=\"https:\/\/ajeandalucia.org\/granada\/wp-content\/uploads\/sites\/7\/2023\/09\/processed-2C91392A-B882-442A-9055-3E86877E3732-08218056-AB47-4F13-9BAE-9C611DA6CF92.jpeg\" \/>\n\t<meta property=\"og:image:width\" content=\"2573\" \/>\n\t<meta property=\"og:image:height\" content=\"1448\" \/>\n\t<meta property=\"og:image:type\" content=\"image\/jpeg\" \/>\n<meta name=\"author\" content=\"granada\" \/>\n<meta name=\"twitter:card\" content=\"summary_large_image\" \/>\n<meta name=\"twitter:label1\" content=\"Escrito por\" \/>\n\t<meta name=\"twitter:data1\" content=\"granada\" \/>\n\t<meta name=\"twitter:label2\" content=\"Tiempo de lectura\" \/>\n\t<meta name=\"twitter:data2\" content=\"1 minuto\" \/>\n<script type=\"application\/ld+json\" class=\"yoast-schema-graph\">{\"@context\":\"https:\/\/schema.org\",\"@graph\":[{\"@type\":\"Article\",\"@id\":\"https:\/\/ajeandalucia.org\/granada\/2023\/09\/26\/44427\/#article\",\"isPartOf\":{\"@id\":\"https:\/\/ajeandalucia.org\/granada\/2023\/09\/26\/44427\/\"},\"author\":{\"name\":\"granada\",\"@id\":\"https:\/\/ajeandalucia.org\/granada\/#\/schema\/person\/11740bd602b2087a5d9913ce7ad3b931\"},\"headline\":\"Convenio Fundaci\u00f3n Fulgencio Meseguer y AJE Granada\",\"datePublished\":\"2023-09-26T12:12:26+00:00\",\"dateModified\":\"2023-09-26T12:20:07+00:00\",\"mainEntityOfPage\":{\"@id\":\"https:\/\/ajeandalucia.org\/granada\/2023\/09\/26\/44427\/\"},\"wordCount\":115,\"commentCount\":0,\"publisher\":{\"@id\":\"https:\/\/ajeandalucia.org\/granada\/#organization\"},\"image\":{\"@id\":\"https:\/\/ajeandalucia.org\/granada\/2023\/09\/26\/44427\/#primaryimage\"},\"thumbnailUrl\":\"https:\/\/ajeandalucia.org\/granada\/wp-content\/uploads\/sites\/7\/2023\/09\/processed-2C91392A-B882-442A-9055-3E86877E3732-08218056-AB47-4F13-9BAE-9C611DA6CF92.jpeg\",\"articleSection\":[\"beneficios entre socios\",\"Convenios\",\"Convenios AJE Granada\",\"Convenios2023\",\"Noticias\",\"Noticias aje\"],\"inLanguage\":\"es\",\"potentialAction\":[{\"@type\":\"CommentAction\",\"name\":\"Comment\",\"target\":[\"https:\/\/ajeandalucia.org\/granada\/2023\/09\/26\/44427\/#respond\"]}]},{\"@type\":\"WebPage\",\"@id\":\"https:\/\/ajeandalucia.org\/granada\/2023\/09\/26\/44427\/\",\"url\":\"https:\/\/ajeandalucia.org\/granada\/2023\/09\/26\/44427\/\",\"name\":\"Convenio Fundaci\u00f3n Fulgencio Meseguer y AJE Granada - AJE Granada\",\"isPartOf\":{\"@id\":\"https:\/\/ajeandalucia.org\/granada\/#website\"},\"primaryImageOfPage\":{\"@id\":\"https:\/\/ajeandalucia.org\/granada\/2023\/09\/26\/44427\/#primaryimage\"},\"image\":{\"@id\":\"https:\/\/ajeandalucia.org\/granada\/2023\/09\/26\/44427\/#primaryimage\"},\"thumbnailUrl\":\"https:\/\/ajeandalucia.org\/granada\/wp-content\/uploads\/sites\/7\/2023\/09\/processed-2C91392A-B882-442A-9055-3E86877E3732-08218056-AB47-4F13-9BAE-9C611DA6CF92.jpeg\",\"datePublished\":\"2023-09-26T12:12:26+00:00\",\"dateModified\":\"2023-09-26T12:20:07+00:00\",\"breadcrumb\":{\"@id\":\"https:\/\/ajeandalucia.org\/granada\/2023\/09\/26\/44427\/#breadcrumb\"},\"inLanguage\":\"es\",\"potentialAction\":[{\"@type\":\"ReadAction\",\"target\":[\"https:\/\/ajeandalucia.org\/granada\/2023\/09\/26\/44427\/\"]}]},{\"@type\":\"ImageObject\",\"inLanguage\":\"es\",\"@id\":\"https:\/\/ajeandalucia.org\/granada\/2023\/09\/26\/44427\/#primaryimage\",\"url\":\"https:\/\/ajeandalucia.org\/granada\/wp-content\/uploads\/sites\/7\/2023\/09\/processed-2C91392A-B882-442A-9055-3E86877E3732-08218056-AB47-4F13-9BAE-9C611DA6CF92.jpeg\",\"contentUrl\":\"https:\/\/ajeandalucia.org\/granada\/wp-content\/uploads\/sites\/7\/2023\/09\/processed-2C91392A-B882-442A-9055-3E86877E3732-08218056-AB47-4F13-9BAE-9C611DA6CF92.jpeg\",\"width\":2573,\"height\":1448},{\"@type\":\"BreadcrumbList\",\"@id\":\"https:\/\/ajeandalucia.org\/granada\/2023\/09\/26\/44427\/#breadcrumb\",\"itemListElement\":[{\"@type\":\"ListItem\",\"position\":1,\"name\":\"Portada\",\"item\":\"https:\/\/ajeandalucia.org\/granada\/\"},{\"@type\":\"ListItem\",\"position\":2,\"name\":\"Convenio Fundaci\u00f3n Fulgencio Meseguer y AJE Granada\"}]},{\"@type\":\"WebSite\",\"@id\":\"https:\/\/ajeandalucia.org\/granada\/#website\",\"url\":\"https:\/\/ajeandalucia.org\/granada\/\",\"name\":\"AJE Granada\",\"description\":\"J\u00f3venes Empresarios de Granada\",\"publisher\":{\"@id\":\"https:\/\/ajeandalucia.org\/granada\/#organization\"},\"potentialAction\":[{\"@type\":\"SearchAction\",\"target\":{\"@type\":\"EntryPoint\",\"urlTemplate\":\"https:\/\/ajeandalucia.org\/granada\/?s={search_term_string}\"},\"query-input\":{\"@type\":\"PropertyValueSpecification\",\"valueRequired\":true,\"valueName\":\"search_term_string\"}}],\"inLanguage\":\"es\"},{\"@type\":\"Organization\",\"@id\":\"https:\/\/ajeandalucia.org\/granada\/#organization\",\"name\":\"AJE Granada\",\"url\":\"https:\/\/ajeandalucia.org\/granada\/\",\"logo\":{\"@type\":\"ImageObject\",\"inLanguage\":\"es\",\"@id\":\"https:\/\/ajeandalucia.org\/granada\/#\/schema\/logo\/image\/\",\"url\":\"https:\/\/ajeandalucia.org\/granada\/wp-content\/uploads\/sites\/7\/2025\/02\/AJE-GRANADA-horizontal.png\",\"contentUrl\":\"https:\/\/ajeandalucia.org\/granada\/wp-content\/uploads\/sites\/7\/2025\/02\/AJE-GRANADA-horizontal.png\",\"width\":612,\"height\":200,\"caption\":\"AJE Granada\"},\"image\":{\"@id\":\"https:\/\/ajeandalucia.org\/granada\/#\/schema\/logo\/image\/\"}},{\"@type\":\"Person\",\"@id\":\"https:\/\/ajeandalucia.org\/granada\/#\/schema\/person\/11740bd602b2087a5d9913ce7ad3b931\",\"name\":\"granada\",\"image\":{\"@type\":\"ImageObject\",\"inLanguage\":\"es\",\"@id\":\"https:\/\/ajeandalucia.org\/granada\/#\/schema\/person\/image\/\",\"url\":\"https:\/\/secure.gravatar.com\/avatar\/d3efaa03945b79a8aad01845a3fd3b3535448eae49310ea0a5677e96e0e68b63?s=96&d=mm&r=g\",\"contentUrl\":\"https:\/\/secure.gravatar.com\/avatar\/d3efaa03945b79a8aad01845a3fd3b3535448eae49310ea0a5677e96e0e68b63?s=96&d=mm&r=g\",\"caption\":\"granada\"},\"url\":\"https:\/\/ajeandalucia.org\/granada\/author\/granada\/\"}]}<\/script>\n<!-- \/ Yoast SEO plugin. -->","yoast_head_json":{"title":"Convenio Fundaci\u00f3n Fulgencio Meseguer y AJE Granada - AJE Granada","robots":{"index":"index","follow":"follow","max-snippet":"max-snippet:-1","max-image-preview":"max-image-preview:large","max-video-preview":"max-video-preview:-1"},"canonical":"https:\/\/ajeandalucia.org\/granada\/2023\/09\/26\/44427\/","og_locale":"es_ES","og_type":"article","og_title":"Convenio Fundaci\u00f3n Fulgencio Meseguer y AJE Granada - AJE Granada","og_description":"El pasado lunes 25 de Septiembre, la Junta Directiva de AJE Granada se reuni\u00f3 con la\u00a0Fundaci\u00f3n Fulgencio Meseguer\u00a0para renovar el [&hellip;]","og_url":"https:\/\/ajeandalucia.org\/granada\/2023\/09\/26\/44427\/","og_site_name":"AJE Granada","article_published_time":"2023-09-26T12:12:26+00:00","article_modified_time":"2023-09-26T12:20:07+00:00","og_image":[{"width":2573,"height":1448,"url":"https:\/\/ajeandalucia.org\/granada\/wp-content\/uploads\/sites\/7\/2023\/09\/processed-2C91392A-B882-442A-9055-3E86877E3732-08218056-AB47-4F13-9BAE-9C611DA6CF92.jpeg","type":"image\/jpeg"}],"author":"granada","twitter_card":"summary_large_image","twitter_misc":{"Escrito por":"granada","Tiempo de lectura":"1 minuto"},"schema":{"@context":"https:\/\/schema.org","@graph":[{"@type":"Article","@id":"https:\/\/ajeandalucia.org\/granada\/2023\/09\/26\/44427\/#article","isPartOf":{"@id":"https:\/\/ajeandalucia.org\/granada\/2023\/09\/26\/44427\/"},"author":{"name":"granada","@id":"https:\/\/ajeandalucia.org\/granada\/#\/schema\/person\/11740bd602b2087a5d9913ce7ad3b931"},"headline":"Convenio Fundaci\u00f3n Fulgencio Meseguer y AJE Granada","datePublished":"2023-09-26T12:12:26+00:00","dateModified":"2023-09-26T12:20:07+00:00","mainEntityOfPage":{"@id":"https:\/\/ajeandalucia.org\/granada\/2023\/09\/26\/44427\/"},"wordCount":115,"commentCount":0,"publisher":{"@id":"https:\/\/ajeandalucia.org\/granada\/#organization"},"image":{"@id":"https:\/\/ajeandalucia.org\/granada\/2023\/09\/26\/44427\/#primaryimage"},"thumbnailUrl":"https:\/\/ajeandalucia.org\/granada\/wp-content\/uploads\/sites\/7\/2023\/09\/processed-2C91392A-B882-442A-9055-3E86877E3732-08218056-AB47-4F13-9BAE-9C611DA6CF92.jpeg","articleSection":["beneficios entre socios","Convenios","Convenios AJE Granada","Convenios2023","Noticias","Noticias aje"],"inLanguage":"es","potentialAction":[{"@type":"CommentAction","name":"Comment","target":["https:\/\/ajeandalucia.org\/granada\/2023\/09\/26\/44427\/#respond"]}]},{"@type":"WebPage","@id":"https:\/\/ajeandalucia.org\/granada\/2023\/09\/26\/44427\/","url":"https:\/\/ajeandalucia.org\/granada\/2023\/09\/26\/44427\/","name":"Convenio Fundaci\u00f3n Fulgencio Meseguer y AJE Granada - AJE Granada","isPartOf":{"@id":"https:\/\/ajeandalucia.org\/granada\/#website"},"primaryImageOfPage":{"@id":"https:\/\/ajeandalucia.org\/granada\/2023\/09\/26\/44427\/#primaryimage"},"image":{"@id":"https:\/\/ajeandalucia.org\/granada\/2023\/09\/26\/44427\/#primaryimage"},"thumbnailUrl":"https:\/\/ajeandalucia.org\/granada\/wp-content\/uploads\/sites\/7\/2023\/09\/processed-2C91392A-B882-442A-9055-3E86877E3732-08218056-AB47-4F13-9BAE-9C611DA6CF92.jpeg","datePublished":"2023-09-26T12:12:26+00:00","dateModified":"2023-09-26T12:20:07+00:00","breadcrumb":{"@id":"https:\/\/ajeandalucia.org\/granada\/2023\/09\/26\/44427\/#breadcrumb"},"inLanguage":"es","potentialAction":[{"@type":"ReadAction","target":["https:\/\/ajeandalucia.org\/granada\/2023\/09\/26\/44427\/"]}]},{"@type":"ImageObject","inLanguage":"es","@id":"https:\/\/ajeandalucia.org\/granada\/2023\/09\/26\/44427\/#primaryimage","url":"https:\/\/ajeandalucia.org\/granada\/wp-content\/uploads\/sites\/7\/2023\/09\/processed-2C91392A-B882-442A-9055-3E86877E3732-08218056-AB47-4F13-9BAE-9C611DA6CF92.jpeg","contentUrl":"https:\/\/ajeandalucia.org\/granada\/wp-content\/uploads\/sites\/7\/2023\/09\/processed-2C91392A-B882-442A-9055-3E86877E3732-08218056-AB47-4F13-9BAE-9C611DA6CF92.jpeg","width":2573,"height":1448},{"@type":"BreadcrumbList","@id":"https:\/\/ajeandalucia.org\/granada\/2023\/09\/26\/44427\/#breadcrumb","itemListElement":[{"@type":"ListItem","position":1,"name":"Portada","item":"https:\/\/ajeandalucia.org\/granada\/"},{"@type":"ListItem","position":2,"name":"Convenio Fundaci\u00f3n Fulgencio Meseguer y AJE Granada"}]},{"@type":"WebSite","@id":"https:\/\/ajeandalucia.org\/granada\/#website","url":"https:\/\/ajeandalucia.org\/granada\/","name":"AJE Granada","description":"J\u00f3venes Empresarios de Granada","publisher":{"@id":"https:\/\/ajeandalucia.org\/granada\/#organization"},"potentialAction":[{"@type":"SearchAction","target":{"@type":"EntryPoint","urlTemplate":"https:\/\/ajeandalucia.org\/granada\/?s={search_term_string}"},"query-input":{"@type":"PropertyValueSpecification","valueRequired":true,"valueName":"search_term_string"}}],"inLanguage":"es"},{"@type":"Organization","@id":"https:\/\/ajeandalucia.org\/granada\/#organization","name":"AJE Granada","url":"https:\/\/ajeandalucia.org\/granada\/","logo":{"@type":"ImageObject","inLanguage":"es","@id":"https:\/\/ajeandalucia.org\/granada\/#\/schema\/logo\/image\/","url":"https:\/\/ajeandalucia.org\/granada\/wp-content\/uploads\/sites\/7\/2025\/02\/AJE-GRANADA-horizontal.png","contentUrl":"https:\/\/ajeandalucia.org\/granada\/wp-content\/uploads\/sites\/7\/2025\/02\/AJE-GRANADA-horizontal.png","width":612,"height":200,"caption":"AJE Granada"},"image":{"@id":"https:\/\/ajeandalucia.org\/granada\/#\/schema\/logo\/image\/"}},{"@type":"Person","@id":"https:\/\/ajeandalucia.org\/granada\/#\/schema\/person\/11740bd602b2087a5d9913ce7ad3b931","name":"granada","image":{"@type":"ImageObject","inLanguage":"es","@id":"https:\/\/ajeandalucia.org\/granada\/#\/schema\/person\/image\/","url":"https:\/\/secure.gravatar.com\/avatar\/d3efaa03945b79a8aad01845a3fd3b3535448eae49310ea0a5677e96e0e68b63?s=96&d=mm&r=g","contentUrl":"https:\/\/secure.gravatar.com\/avatar\/d3efaa03945b79a8aad01845a3fd3b3535448eae49310ea0a5677e96e0e68b63?s=96&d=mm&r=g","caption":"granada"},"url":"https:\/\/ajeandalucia.org\/granada\/author\/granada\/"}]}},"_links":{"self":[{"href":"https:\/\/ajeandalucia.org\/granada\/wp-json\/wp\/v2\/posts\/44427","targetHints":{"allow":["GET"]}}],"collection":[{"href":"https:\/\/ajeandalucia.org\/granada\/wp-json\/wp\/v2\/posts"}],"about":[{"href":"https:\/\/ajeandalucia.org\/granada\/wp-json\/wp\/v2\/types\/post"}],"author":[{"embeddable":true,"href":"https:\/\/ajeandalucia.org\/granada\/wp-json\/wp\/v2\/users\/6"}],"replies":[{"embeddable":true,"href":"https:\/\/ajeandalucia.org\/granada\/wp-json\/wp\/v2\/comments?post=44427"}],"version-history":[{"count":3,"href":"https:\/\/ajeandalucia.org\/granada\/wp-json\/wp\/v2\/posts\/44427\/revisions"}],"predecessor-version":[{"id":44436,"href":"https:\/\/ajeandalucia.org\/granada\/wp-json\/wp\/v2\/posts\/44427\/revisions\/44436"}],"wp:featuredmedia":[{"embeddable":true,"href":"https:\/\/ajeandalucia.org\/granada\/wp-json\/wp\/v2\/media\/44432"}],"wp:attachment":[{"href":"https:\/\/ajeandalucia.org\/granada\/wp-json\/wp\/v2\/media?parent=44427"}],"wp:term":[{"taxonomy":"category","embeddable":true,"href":"https:\/\/ajeandalucia.org\/granada\/wp-json\/wp\/v2\/categories?post=44427"},{"taxonomy":"post_tag","embeddable":true,"href":"https:\/\/ajeandalucia.org\/granada\/wp-json\/wp\/v2\/tags?post=44427"}],"curies":[{"name":"wp","href":"https:\/\/api.w.org\/{rel}","templated":true}]}}