{"id":44456,"date":"2023-10-02T13:39:29","date_gmt":"2023-10-02T11:39:29","guid":{"rendered":"https:\/\/www.ajeandalucia.org\/granada\/?p=44456"},"modified":"2023-10-02T13:39:29","modified_gmt":"2023-10-02T11:39:29","slug":"sun-depot-excellence-distributor-of-the-year-in-spain","status":"publish","type":"post","link":"https:\/\/ajeandalucia.org\/granada\/2023\/10\/02\/sun-depot-excellence-distributor-of-the-year-in-spain\/","title":{"rendered":"Sun Depot:  &#8220;Excellence Distributor of the Year in Spain&#8221;"},"content":{"rendered":"<p class=\"p1\"><b><\/b><span class=\"s2\">Nuestro asociado<b>, Sun Depot, recibe el premio &#8220;Excellence Distributor of the Year in Spain&#8221;, de Energy Box<\/b><\/span><\/p>\n<ul class=\"ul1\">\n<li class=\"li3\"><span class=\"s2\">Este galard\u00f3n reconoce la excelencia en la distribuci\u00f3n de material fotovoltaico, el compromiso con la calidad y el servicio al cliente por parte de la empresa. <\/span><\/li>\n<\/ul>\n<p class=\"p6\"><span class=\"s4\"><b>Granada, 01 de octubre de 2023.<\/b> <\/span><span class=\"s2\">Sun Depot, empresa andaluza especializada en la distribuci\u00f3n y asesoramiento a profesionales del sector fotovoltaico, ha sido galardonada como <b>&#8220;Excellence Distributor of the Year in Spain<\/b>&#8221; por parte de <b>Energy Box<\/b>. <\/span><\/p>\n<p class=\"p6\"><span class=\"s2\">Energy Box, compa\u00f1\u00eda dedicada a la energ\u00eda renovable a trav\u00e9s de la consultor\u00eda, desarrollo de proyectos y financiaci\u00f3n, promueve la energ\u00eda verde a trav\u00e9s de eventos en todo el mundo y en su gala<\/span> <span class=\"s2\">\u201c4th Solar Energy Storage Future Spain 2023\u201d del pasado jueves ha otorgado el premio <b>&#8220;Excellence Distributor of the Year in Spain<\/b>&#8221; a Sun Depot, entre m\u00e1s de 40 candidaturas. El premio, que se otorga anualmente, reconoce la <b>excelencia en la distribuci\u00f3n de material fotovoltaico, as\u00ed como el compromiso con la calidad y el servicio al cliente<\/b>. <\/span><\/p>\n<p class=\"p6\"><span class=\"s2\">Sun Depot se ha destacado en esta edici\u00f3n por su amplia gama de productos, su servicio de atenci\u00f3n al cliente 24\/7 y su compromiso con la innovaci\u00f3n. <i>&#8220;Estamos muy orgullosos de recibir este premio que supone un reconocimiento a nuestro trabajo y esfuerzo para ofrecer a nuestros clientes los mejores productos y servicio del mercado&#8221;<\/i>, afirma Alfonso V\u00e1zquez Mart\u00edn, director de Sun Depot. <\/span><\/p>\n<p class=\"p6\"><span class=\"s2\">La empresa granadina, que tambi\u00e9n cuenta con otro centro de distribuci\u00f3n en Madrid, abierto en enero de este a\u00f1o, comenz\u00f3 su andadura en 2019 de la mano de Alfonso V\u00e1zquez y de Luis Crovetto Rodr\u00edguez, y en el a\u00f1o 2023 se integr\u00f3 en la estructura de la compa\u00f1\u00eda Splitmania, perteneciente al grupo franc\u00e9s Axdis Pro, a trav\u00e9s de un proceso de adquisici\u00f3n. <\/span><\/p>\n<p class=\"p6\"><span class=\"s2\">La empresa cuenta con un amplio stock de productos de primeras marcas y ofrece un servicio de asesoramiento personalizado a sus clientes. La compa\u00f1\u00eda est\u00e1 comprometida con el desarrollo de las energ\u00edas renovables y trabaja para promover el autoconsumo fotovoltaico como una soluci\u00f3n sostenible para la generaci\u00f3n de energ\u00eda el\u00e9ctrica.<\/span><\/p>\n<p><img loading=\"lazy\" decoding=\"async\" class=\"alignnone  wp-image-44457\" src=\"https:\/\/www.ajeandalucia.org\/granada\/wp-content\/uploads\/sites\/7\/2023\/10\/cartel-300x169.jpeg\" alt=\"\" width=\"611\" height=\"344\" srcset=\"https:\/\/ajeandalucia.org\/granada\/wp-content\/uploads\/sites\/7\/2023\/10\/cartel-300x169.jpeg 300w, https:\/\/ajeandalucia.org\/granada\/wp-content\/uploads\/sites\/7\/2023\/10\/cartel-768x432.jpeg 768w, https:\/\/ajeandalucia.org\/granada\/wp-content\/uploads\/sites\/7\/2023\/10\/cartel.jpeg 800w\" sizes=\"auto, (max-width: 611px) 100vw, 611px\" \/><\/p>\n","protected":false},"excerpt":{"rendered":"<p>Nuestro asociado, Sun Depot, recibe el premio &#8220;Excellence Distributor of the Year in Spain&#8221;, de Energy Box Este galard\u00f3n reconoce [&hellip;]<\/p>\n","protected":false},"author":6,"featured_media":44457,"comment_status":"open","ping_status":"open","sticky":false,"template":"","format":"standard","meta":{"_acf_changed":false,"site-sidebar-layout":"default","site-content-layout":"","ast-site-content-layout":"default","site-content-style":"default","site-sidebar-style":"default","ast-global-header-display":"","ast-banner-title-visibility":"","ast-main-header-display":"","ast-hfb-above-header-display":"","ast-hfb-below-header-display":"","ast-hfb-mobile-header-display":"","site-post-title":"","ast-breadcrumbs-content":"","ast-featured-img":"","footer-sml-layout":"","ast-disable-related-posts":"","theme-transparent-header-meta":"","adv-header-id-meta":"","stick-header-meta":"","header-above-stick-meta":"","header-main-stick-meta":"","header-below-stick-meta":"","astra-migrate-meta-layouts":"default","ast-page-background-enabled":"default","ast-page-background-meta":{"desktop":{"background-color":"var(--ast-global-color-5)","background-image":"","background-repeat":"repeat","background-position":"center center","background-size":"auto","background-attachment":"scroll","background-type":"","background-media":"","overlay-type":"","overlay-color":"","overlay-opacity":"","overlay-gradient":""},"tablet":{"background-color":"","background-image":"","background-repeat":"repeat","background-position":"center center","background-size":"auto","background-attachment":"scroll","background-type":"","background-media":"","overlay-type":"","overlay-color":"","overlay-opacity":"","overlay-gradient":""},"mobile":{"background-color":"","background-image":"","background-repeat":"repeat","background-position":"center center","background-size":"auto","background-attachment":"scroll","background-type":"","background-media":"","overlay-type":"","overlay-color":"","overlay-opacity":"","overlay-gradient":""}},"ast-content-background-meta":{"desktop":{"background-color":"var(--ast-global-color-4)","background-image":"","background-repeat":"repeat","background-position":"center center","background-size":"auto","background-attachment":"scroll","background-type":"","background-media":"","overlay-type":"","overlay-color":"","overlay-opacity":"","overlay-gradient":""},"tablet":{"background-color":"var(--ast-global-color-4)","background-image":"","background-repeat":"repeat","background-position":"center center","background-size":"auto","background-attachment":"scroll","background-type":"","background-media":"","overlay-type":"","overlay-color":"","overlay-opacity":"","overlay-gradient":""},"mobile":{"background-color":"var(--ast-global-color-4)","background-image":"","background-repeat":"repeat","background-position":"center center","background-size":"auto","background-attachment":"scroll","background-type":"","background-media":"","overlay-type":"","overlay-color":"","overlay-opacity":"","overlay-gradient":""}},"footnotes":""},"categories":[91,115],"tags":[],"class_list":["post-44456","post","type-post","status-publish","format-standard","has-post-thumbnail","hentry","category-empresas-asociadas","category-noticias-aje"],"acf":[],"yoast_head":"<!-- This site is optimized with the Yoast SEO plugin v26.9 - https:\/\/yoast.com\/product\/yoast-seo-wordpress\/ -->\n<title>Sun Depot: &quot;Excellence Distributor of the Year in Spain&quot; - AJE Granada<\/title>\n<meta name=\"robots\" content=\"index, follow, max-snippet:-1, max-image-preview:large, max-video-preview:-1\" \/>\n<link rel=\"canonical\" href=\"https:\/\/ajeandalucia.org\/granada\/2023\/10\/02\/sun-depot-excellence-distributor-of-the-year-in-spain\/\" \/>\n<meta property=\"og:locale\" content=\"es_ES\" \/>\n<meta property=\"og:type\" content=\"article\" \/>\n<meta property=\"og:title\" content=\"Sun Depot: &quot;Excellence Distributor of the Year in Spain&quot; - AJE Granada\" \/>\n<meta property=\"og:description\" content=\"Nuestro asociado, Sun Depot, recibe el premio &#8220;Excellence Distributor of the Year in Spain&#8221;, de Energy Box Este galard\u00f3n reconoce [&hellip;]\" \/>\n<meta property=\"og:url\" content=\"https:\/\/ajeandalucia.org\/granada\/2023\/10\/02\/sun-depot-excellence-distributor-of-the-year-in-spain\/\" \/>\n<meta property=\"og:site_name\" content=\"AJE Granada\" \/>\n<meta property=\"article:published_time\" content=\"2023-10-02T11:39:29+00:00\" \/>\n<meta property=\"og:image\" content=\"https:\/\/ajeandalucia.org\/granada\/wp-content\/uploads\/sites\/7\/2023\/10\/cartel.jpeg\" \/>\n\t<meta property=\"og:image:width\" content=\"800\" \/>\n\t<meta property=\"og:image:height\" content=\"450\" \/>\n\t<meta property=\"og:image:type\" content=\"image\/jpeg\" \/>\n<meta name=\"author\" content=\"granada\" \/>\n<meta name=\"twitter:card\" content=\"summary_large_image\" \/>\n<meta name=\"twitter:label1\" content=\"Escrito por\" \/>\n\t<meta name=\"twitter:data1\" content=\"granada\" \/>\n\t<meta name=\"twitter:label2\" content=\"Tiempo de lectura\" \/>\n\t<meta name=\"twitter:data2\" content=\"2 minutos\" \/>\n<script type=\"application\/ld+json\" class=\"yoast-schema-graph\">{\"@context\":\"https:\/\/schema.org\",\"@graph\":[{\"@type\":\"Article\",\"@id\":\"https:\/\/ajeandalucia.org\/granada\/2023\/10\/02\/sun-depot-excellence-distributor-of-the-year-in-spain\/#article\",\"isPartOf\":{\"@id\":\"https:\/\/ajeandalucia.org\/granada\/2023\/10\/02\/sun-depot-excellence-distributor-of-the-year-in-spain\/\"},\"author\":{\"name\":\"granada\",\"@id\":\"https:\/\/ajeandalucia.org\/granada\/#\/schema\/person\/11740bd602b2087a5d9913ce7ad3b931\"},\"headline\":\"Sun Depot: &#8220;Excellence Distributor of the Year in Spain&#8221;\",\"datePublished\":\"2023-10-02T11:39:29+00:00\",\"mainEntityOfPage\":{\"@id\":\"https:\/\/ajeandalucia.org\/granada\/2023\/10\/02\/sun-depot-excellence-distributor-of-the-year-in-spain\/\"},\"wordCount\":380,\"commentCount\":0,\"publisher\":{\"@id\":\"https:\/\/ajeandalucia.org\/granada\/#organization\"},\"image\":{\"@id\":\"https:\/\/ajeandalucia.org\/granada\/2023\/10\/02\/sun-depot-excellence-distributor-of-the-year-in-spain\/#primaryimage\"},\"thumbnailUrl\":\"https:\/\/ajeandalucia.org\/granada\/wp-content\/uploads\/sites\/7\/2023\/10\/cartel.jpeg\",\"articleSection\":[\"Empresas asociadas\",\"Noticias aje\"],\"inLanguage\":\"es\",\"potentialAction\":[{\"@type\":\"CommentAction\",\"name\":\"Comment\",\"target\":[\"https:\/\/ajeandalucia.org\/granada\/2023\/10\/02\/sun-depot-excellence-distributor-of-the-year-in-spain\/#respond\"]}]},{\"@type\":\"WebPage\",\"@id\":\"https:\/\/ajeandalucia.org\/granada\/2023\/10\/02\/sun-depot-excellence-distributor-of-the-year-in-spain\/\",\"url\":\"https:\/\/ajeandalucia.org\/granada\/2023\/10\/02\/sun-depot-excellence-distributor-of-the-year-in-spain\/\",\"name\":\"Sun Depot: \\\"Excellence Distributor of the Year in Spain\\\" - AJE Granada\",\"isPartOf\":{\"@id\":\"https:\/\/ajeandalucia.org\/granada\/#website\"},\"primaryImageOfPage\":{\"@id\":\"https:\/\/ajeandalucia.org\/granada\/2023\/10\/02\/sun-depot-excellence-distributor-of-the-year-in-spain\/#primaryimage\"},\"image\":{\"@id\":\"https:\/\/ajeandalucia.org\/granada\/2023\/10\/02\/sun-depot-excellence-distributor-of-the-year-in-spain\/#primaryimage\"},\"thumbnailUrl\":\"https:\/\/ajeandalucia.org\/granada\/wp-content\/uploads\/sites\/7\/2023\/10\/cartel.jpeg\",\"datePublished\":\"2023-10-02T11:39:29+00:00\",\"breadcrumb\":{\"@id\":\"https:\/\/ajeandalucia.org\/granada\/2023\/10\/02\/sun-depot-excellence-distributor-of-the-year-in-spain\/#breadcrumb\"},\"inLanguage\":\"es\",\"potentialAction\":[{\"@type\":\"ReadAction\",\"target\":[\"https:\/\/ajeandalucia.org\/granada\/2023\/10\/02\/sun-depot-excellence-distributor-of-the-year-in-spain\/\"]}]},{\"@type\":\"ImageObject\",\"inLanguage\":\"es\",\"@id\":\"https:\/\/ajeandalucia.org\/granada\/2023\/10\/02\/sun-depot-excellence-distributor-of-the-year-in-spain\/#primaryimage\",\"url\":\"https:\/\/ajeandalucia.org\/granada\/wp-content\/uploads\/sites\/7\/2023\/10\/cartel.jpeg\",\"contentUrl\":\"https:\/\/ajeandalucia.org\/granada\/wp-content\/uploads\/sites\/7\/2023\/10\/cartel.jpeg\",\"width\":800,\"height\":450},{\"@type\":\"BreadcrumbList\",\"@id\":\"https:\/\/ajeandalucia.org\/granada\/2023\/10\/02\/sun-depot-excellence-distributor-of-the-year-in-spain\/#breadcrumb\",\"itemListElement\":[{\"@type\":\"ListItem\",\"position\":1,\"name\":\"Portada\",\"item\":\"https:\/\/ajeandalucia.org\/granada\/\"},{\"@type\":\"ListItem\",\"position\":2,\"name\":\"Sun Depot: &#8220;Excellence Distributor of the Year in Spain&#8221;\"}]},{\"@type\":\"WebSite\",\"@id\":\"https:\/\/ajeandalucia.org\/granada\/#website\",\"url\":\"https:\/\/ajeandalucia.org\/granada\/\",\"name\":\"AJE Granada\",\"description\":\"J\u00f3venes Empresarios de Granada\",\"publisher\":{\"@id\":\"https:\/\/ajeandalucia.org\/granada\/#organization\"},\"potentialAction\":[{\"@type\":\"SearchAction\",\"target\":{\"@type\":\"EntryPoint\",\"urlTemplate\":\"https:\/\/ajeandalucia.org\/granada\/?s={search_term_string}\"},\"query-input\":{\"@type\":\"PropertyValueSpecification\",\"valueRequired\":true,\"valueName\":\"search_term_string\"}}],\"inLanguage\":\"es\"},{\"@type\":\"Organization\",\"@id\":\"https:\/\/ajeandalucia.org\/granada\/#organization\",\"name\":\"AJE Granada\",\"url\":\"https:\/\/ajeandalucia.org\/granada\/\",\"logo\":{\"@type\":\"ImageObject\",\"inLanguage\":\"es\",\"@id\":\"https:\/\/ajeandalucia.org\/granada\/#\/schema\/logo\/image\/\",\"url\":\"https:\/\/ajeandalucia.org\/granada\/wp-content\/uploads\/sites\/7\/2025\/02\/AJE-GRANADA-horizontal.png\",\"contentUrl\":\"https:\/\/ajeandalucia.org\/granada\/wp-content\/uploads\/sites\/7\/2025\/02\/AJE-GRANADA-horizontal.png\",\"width\":612,\"height\":200,\"caption\":\"AJE Granada\"},\"image\":{\"@id\":\"https:\/\/ajeandalucia.org\/granada\/#\/schema\/logo\/image\/\"}},{\"@type\":\"Person\",\"@id\":\"https:\/\/ajeandalucia.org\/granada\/#\/schema\/person\/11740bd602b2087a5d9913ce7ad3b931\",\"name\":\"granada\",\"image\":{\"@type\":\"ImageObject\",\"inLanguage\":\"es\",\"@id\":\"https:\/\/ajeandalucia.org\/granada\/#\/schema\/person\/image\/\",\"url\":\"https:\/\/secure.gravatar.com\/avatar\/d3efaa03945b79a8aad01845a3fd3b3535448eae49310ea0a5677e96e0e68b63?s=96&d=mm&r=g\",\"contentUrl\":\"https:\/\/secure.gravatar.com\/avatar\/d3efaa03945b79a8aad01845a3fd3b3535448eae49310ea0a5677e96e0e68b63?s=96&d=mm&r=g\",\"caption\":\"granada\"},\"url\":\"https:\/\/ajeandalucia.org\/granada\/author\/granada\/\"}]}<\/script>\n<!-- \/ Yoast SEO plugin. -->","yoast_head_json":{"title":"Sun Depot: \"Excellence Distributor of the Year in Spain\" - AJE Granada","robots":{"index":"index","follow":"follow","max-snippet":"max-snippet:-1","max-image-preview":"max-image-preview:large","max-video-preview":"max-video-preview:-1"},"canonical":"https:\/\/ajeandalucia.org\/granada\/2023\/10\/02\/sun-depot-excellence-distributor-of-the-year-in-spain\/","og_locale":"es_ES","og_type":"article","og_title":"Sun Depot: \"Excellence Distributor of the Year in Spain\" - AJE Granada","og_description":"Nuestro asociado, Sun Depot, recibe el premio &#8220;Excellence Distributor of the Year in Spain&#8221;, de Energy Box Este galard\u00f3n reconoce [&hellip;]","og_url":"https:\/\/ajeandalucia.org\/granada\/2023\/10\/02\/sun-depot-excellence-distributor-of-the-year-in-spain\/","og_site_name":"AJE Granada","article_published_time":"2023-10-02T11:39:29+00:00","og_image":[{"width":800,"height":450,"url":"https:\/\/ajeandalucia.org\/granada\/wp-content\/uploads\/sites\/7\/2023\/10\/cartel.jpeg","type":"image\/jpeg"}],"author":"granada","twitter_card":"summary_large_image","twitter_misc":{"Escrito por":"granada","Tiempo de lectura":"2 minutos"},"schema":{"@context":"https:\/\/schema.org","@graph":[{"@type":"Article","@id":"https:\/\/ajeandalucia.org\/granada\/2023\/10\/02\/sun-depot-excellence-distributor-of-the-year-in-spain\/#article","isPartOf":{"@id":"https:\/\/ajeandalucia.org\/granada\/2023\/10\/02\/sun-depot-excellence-distributor-of-the-year-in-spain\/"},"author":{"name":"granada","@id":"https:\/\/ajeandalucia.org\/granada\/#\/schema\/person\/11740bd602b2087a5d9913ce7ad3b931"},"headline":"Sun Depot: &#8220;Excellence Distributor of the Year in Spain&#8221;","datePublished":"2023-10-02T11:39:29+00:00","mainEntityOfPage":{"@id":"https:\/\/ajeandalucia.org\/granada\/2023\/10\/02\/sun-depot-excellence-distributor-of-the-year-in-spain\/"},"wordCount":380,"commentCount":0,"publisher":{"@id":"https:\/\/ajeandalucia.org\/granada\/#organization"},"image":{"@id":"https:\/\/ajeandalucia.org\/granada\/2023\/10\/02\/sun-depot-excellence-distributor-of-the-year-in-spain\/#primaryimage"},"thumbnailUrl":"https:\/\/ajeandalucia.org\/granada\/wp-content\/uploads\/sites\/7\/2023\/10\/cartel.jpeg","articleSection":["Empresas asociadas","Noticias aje"],"inLanguage":"es","potentialAction":[{"@type":"CommentAction","name":"Comment","target":["https:\/\/ajeandalucia.org\/granada\/2023\/10\/02\/sun-depot-excellence-distributor-of-the-year-in-spain\/#respond"]}]},{"@type":"WebPage","@id":"https:\/\/ajeandalucia.org\/granada\/2023\/10\/02\/sun-depot-excellence-distributor-of-the-year-in-spain\/","url":"https:\/\/ajeandalucia.org\/granada\/2023\/10\/02\/sun-depot-excellence-distributor-of-the-year-in-spain\/","name":"Sun Depot: \"Excellence Distributor of the Year in Spain\" - AJE Granada","isPartOf":{"@id":"https:\/\/ajeandalucia.org\/granada\/#website"},"primaryImageOfPage":{"@id":"https:\/\/ajeandalucia.org\/granada\/2023\/10\/02\/sun-depot-excellence-distributor-of-the-year-in-spain\/#primaryimage"},"image":{"@id":"https:\/\/ajeandalucia.org\/granada\/2023\/10\/02\/sun-depot-excellence-distributor-of-the-year-in-spain\/#primaryimage"},"thumbnailUrl":"https:\/\/ajeandalucia.org\/granada\/wp-content\/uploads\/sites\/7\/2023\/10\/cartel.jpeg","datePublished":"2023-10-02T11:39:29+00:00","breadcrumb":{"@id":"https:\/\/ajeandalucia.org\/granada\/2023\/10\/02\/sun-depot-excellence-distributor-of-the-year-in-spain\/#breadcrumb"},"inLanguage":"es","potentialAction":[{"@type":"ReadAction","target":["https:\/\/ajeandalucia.org\/granada\/2023\/10\/02\/sun-depot-excellence-distributor-of-the-year-in-spain\/"]}]},{"@type":"ImageObject","inLanguage":"es","@id":"https:\/\/ajeandalucia.org\/granada\/2023\/10\/02\/sun-depot-excellence-distributor-of-the-year-in-spain\/#primaryimage","url":"https:\/\/ajeandalucia.org\/granada\/wp-content\/uploads\/sites\/7\/2023\/10\/cartel.jpeg","contentUrl":"https:\/\/ajeandalucia.org\/granada\/wp-content\/uploads\/sites\/7\/2023\/10\/cartel.jpeg","width":800,"height":450},{"@type":"BreadcrumbList","@id":"https:\/\/ajeandalucia.org\/granada\/2023\/10\/02\/sun-depot-excellence-distributor-of-the-year-in-spain\/#breadcrumb","itemListElement":[{"@type":"ListItem","position":1,"name":"Portada","item":"https:\/\/ajeandalucia.org\/granada\/"},{"@type":"ListItem","position":2,"name":"Sun Depot: &#8220;Excellence Distributor of the Year in Spain&#8221;"}]},{"@type":"WebSite","@id":"https:\/\/ajeandalucia.org\/granada\/#website","url":"https:\/\/ajeandalucia.org\/granada\/","name":"AJE Granada","description":"J\u00f3venes Empresarios de Granada","publisher":{"@id":"https:\/\/ajeandalucia.org\/granada\/#organization"},"potentialAction":[{"@type":"SearchAction","target":{"@type":"EntryPoint","urlTemplate":"https:\/\/ajeandalucia.org\/granada\/?s={search_term_string}"},"query-input":{"@type":"PropertyValueSpecification","valueRequired":true,"valueName":"search_term_string"}}],"inLanguage":"es"},{"@type":"Organization","@id":"https:\/\/ajeandalucia.org\/granada\/#organization","name":"AJE Granada","url":"https:\/\/ajeandalucia.org\/granada\/","logo":{"@type":"ImageObject","inLanguage":"es","@id":"https:\/\/ajeandalucia.org\/granada\/#\/schema\/logo\/image\/","url":"https:\/\/ajeandalucia.org\/granada\/wp-content\/uploads\/sites\/7\/2025\/02\/AJE-GRANADA-horizontal.png","contentUrl":"https:\/\/ajeandalucia.org\/granada\/wp-content\/uploads\/sites\/7\/2025\/02\/AJE-GRANADA-horizontal.png","width":612,"height":200,"caption":"AJE Granada"},"image":{"@id":"https:\/\/ajeandalucia.org\/granada\/#\/schema\/logo\/image\/"}},{"@type":"Person","@id":"https:\/\/ajeandalucia.org\/granada\/#\/schema\/person\/11740bd602b2087a5d9913ce7ad3b931","name":"granada","image":{"@type":"ImageObject","inLanguage":"es","@id":"https:\/\/ajeandalucia.org\/granada\/#\/schema\/person\/image\/","url":"https:\/\/secure.gravatar.com\/avatar\/d3efaa03945b79a8aad01845a3fd3b3535448eae49310ea0a5677e96e0e68b63?s=96&d=mm&r=g","contentUrl":"https:\/\/secure.gravatar.com\/avatar\/d3efaa03945b79a8aad01845a3fd3b3535448eae49310ea0a5677e96e0e68b63?s=96&d=mm&r=g","caption":"granada"},"url":"https:\/\/ajeandalucia.org\/granada\/author\/granada\/"}]}},"_links":{"self":[{"href":"https:\/\/ajeandalucia.org\/granada\/wp-json\/wp\/v2\/posts\/44456","targetHints":{"allow":["GET"]}}],"collection":[{"href":"https:\/\/ajeandalucia.org\/granada\/wp-json\/wp\/v2\/posts"}],"about":[{"href":"https:\/\/ajeandalucia.org\/granada\/wp-json\/wp\/v2\/types\/post"}],"author":[{"embeddable":true,"href":"https:\/\/ajeandalucia.org\/granada\/wp-json\/wp\/v2\/users\/6"}],"replies":[{"embeddable":true,"href":"https:\/\/ajeandalucia.org\/granada\/wp-json\/wp\/v2\/comments?post=44456"}],"version-history":[{"count":1,"href":"https:\/\/ajeandalucia.org\/granada\/wp-json\/wp\/v2\/posts\/44456\/revisions"}],"predecessor-version":[{"id":44458,"href":"https:\/\/ajeandalucia.org\/granada\/wp-json\/wp\/v2\/posts\/44456\/revisions\/44458"}],"wp:featuredmedia":[{"embeddable":true,"href":"https:\/\/ajeandalucia.org\/granada\/wp-json\/wp\/v2\/media\/44457"}],"wp:attachment":[{"href":"https:\/\/ajeandalucia.org\/granada\/wp-json\/wp\/v2\/media?parent=44456"}],"wp:term":[{"taxonomy":"category","embeddable":true,"href":"https:\/\/ajeandalucia.org\/granada\/wp-json\/wp\/v2\/categories?post=44456"},{"taxonomy":"post_tag","embeddable":true,"href":"https:\/\/ajeandalucia.org\/granada\/wp-json\/wp\/v2\/tags?post=44456"}],"curies":[{"name":"wp","href":"https:\/\/api.w.org\/{rel}","templated":true}]}}