{"id":44488,"date":"2023-10-16T12:59:54","date_gmt":"2023-10-16T10:59:54","guid":{"rendered":"https:\/\/www.ajeandalucia.org\/granada\/?p=44488"},"modified":"2023-10-16T12:59:54","modified_gmt":"2023-10-16T10:59:54","slug":"meet-aje-monkraf","status":"publish","type":"post","link":"https:\/\/ajeandalucia.org\/granada\/2023\/10\/16\/meet-aje-monkraf\/","title":{"rendered":"Meet AJE: Monkraf"},"content":{"rendered":"<p><em><strong>\u00a1Nueva edici\u00f3n Meet AJE!<\/strong><\/em><\/p>\n<p>Esta semana conocemos de cerca a Jos\u00e9 Miguel Mill\u00e1n Rubio, CEO de <a href=\"http:\/\/www.monkraf.com\/\" target=\"_blank\" rel=\"noopener\">Monkraf<\/a>. Una firma de ropa masculina 100% granadina que ofrece todo tipo de prendas de vestir adem\u00e1s de un exclusivo servicio de sastrer\u00eda y camiser\u00eda.<\/p>\n<div><strong>&#8211; Hola Jos\u00e9, cu\u00e9ntanos un poco qu\u00e9 puesto desarrollas en la empresa y por qu\u00e9 motivo te decidiste a ponerla en marcha.\u00a0<\/strong><\/p>\n<p>Mi nombre es Jos\u00e9 Miguel Mill\u00e1n y soy el CEO de Monkraf.<\/p><\/div>\n<div>Monkraf, como dir\u00eda Sabina, surgi\u00f3 como surgen las cosas que no tienen mucho sentido. Dedicados a otros sectores profesionales, hicimos una incursi\u00f3n en el sector textil, que nos llev\u00f3 a realizar un &#8220;m\u00e1ster&#8221; en esta actividad. Fueron meses fren\u00e9ticos, visitando f\u00e1bricas en Portugal y distintos puntos de Espa\u00f1a. Algunas de estas f\u00e1bricas, aut\u00e9nticos monstruos del sector que nos apoyaron. Monkraf ha ido reinvent\u00e1ndose. Mejorando procesos desde el dise\u00f1o de las prendas hasta su producci\u00f3n, apostando, cada vez m\u00e1s, por la fabricaci\u00f3n en nuestra provincia.<br \/>\nMuy pronto, empezaremos con alguna apertura fuera de Granada. Queremos ser una firma granadina, desde Granada, para el mundo.<br \/>\nContamos con clientes en distintos pa\u00edses de Europa, centro am\u00e9rica y norte am\u00e9rica.<\/p>\n<p><strong>&#8211;\u00a0 \u00bfQu\u00e9 servicios y l\u00edneas de negocio tiene tu empresa? \u00bfCu\u00e1l\u00a0es vuestro valor diferencial?<\/strong><\/p>\n<p>Contamos con dos l\u00edneas muy diferenciadas. Por un lado, una l\u00ednea m\u00e1s casual, informal, donde utilizamos un cuidado patronaje y tejidos naturales, para el d\u00eda a d\u00eda.<br \/>\nDel otro lado, nuestra l\u00ednea de sastrer\u00eda a medida. Trabajamos probablemente con el mejor taller de sastrer\u00eda; con\u00a0 profesionales que han desarrollado su carrera en Saville Row (Londres),<br \/>\ndonde elaboramos aut\u00e9nticas maravillas con los mejores tejidos del mundo (Cerruti; Holland &amp; Sherry; Vitale Barberis &#8230;). Nuestros clientes personalizan por completo sus piezas, por lo que el resultado es \u00fanico. No existen dos piezas iguales.<\/p>\n<p><strong>&#8211; \u00bfPor qu\u00e9 perteneces a AJE, qu\u00e9 beneficios encuentras y c\u00f3mo podr\u00edamos ayudarte?<\/strong><\/p>\n<p>Nos encanta estar en contacto con empresarios j\u00f3venes de nuestra ciudad.<br \/>\nCompa\u00f1eros con los que intercambiar opiniones y sinergias. El trabajo que desarrolla AJE es incre\u00edble, aunando al tejido empresarial joven y ya no tan joven de la ciudad. Queremos estar con todos, con nuestra ciudad y provincia.<br \/>\nCreemos en la generaci\u00f3n de empresarios que ha nacido en Granada. En su talento. Es la hora de Granada.<\/p><\/div>\n<div><\/div>\n<div>\n<p>Contacta con\u00a0<strong>Monkraf<\/strong>\u00a0en:<\/p>\n<p>C. Salamanca, 10, 18001 Granada<\/p>\n<\/div>\n","protected":false},"excerpt":{"rendered":"<p>\u00a1Nueva edici\u00f3n Meet AJE! Esta semana conocemos de cerca a Jos\u00e9 Miguel Mill\u00e1n Rubio, CEO de Monkraf. Una firma de [&hellip;]<\/p>\n","protected":false},"author":6,"featured_media":44491,"comment_status":"open","ping_status":"open","sticky":false,"template":"","format":"standard","meta":{"_acf_changed":false,"site-sidebar-layout":"default","site-content-layout":"","ast-site-content-layout":"default","site-content-style":"default","site-sidebar-style":"default","ast-global-header-display":"","ast-banner-title-visibility":"","ast-main-header-display":"","ast-hfb-above-header-display":"","ast-hfb-below-header-display":"","ast-hfb-mobile-header-display":"","site-post-title":"","ast-breadcrumbs-content":"","ast-featured-img":"","footer-sml-layout":"","ast-disable-related-posts":"","theme-transparent-header-meta":"","adv-header-id-meta":"","stick-header-meta":"","header-above-stick-meta":"","header-main-stick-meta":"","header-below-stick-meta":"","astra-migrate-meta-layouts":"default","ast-page-background-enabled":"default","ast-page-background-meta":{"desktop":{"background-color":"var(--ast-global-color-5)","background-image":"","background-repeat":"repeat","background-position":"center center","background-size":"auto","background-attachment":"scroll","background-type":"","background-media":"","overlay-type":"","overlay-color":"","overlay-opacity":"","overlay-gradient":""},"tablet":{"background-color":"","background-image":"","background-repeat":"repeat","background-position":"center center","background-size":"auto","background-attachment":"scroll","background-type":"","background-media":"","overlay-type":"","overlay-color":"","overlay-opacity":"","overlay-gradient":""},"mobile":{"background-color":"","background-image":"","background-repeat":"repeat","background-position":"center center","background-size":"auto","background-attachment":"scroll","background-type":"","background-media":"","overlay-type":"","overlay-color":"","overlay-opacity":"","overlay-gradient":""}},"ast-content-background-meta":{"desktop":{"background-color":"var(--ast-global-color-4)","background-image":"","background-repeat":"repeat","background-position":"center center","background-size":"auto","background-attachment":"scroll","background-type":"","background-media":"","overlay-type":"","overlay-color":"","overlay-opacity":"","overlay-gradient":""},"tablet":{"background-color":"var(--ast-global-color-4)","background-image":"","background-repeat":"repeat","background-position":"center center","background-size":"auto","background-attachment":"scroll","background-type":"","background-media":"","overlay-type":"","overlay-color":"","overlay-opacity":"","overlay-gradient":""},"mobile":{"background-color":"var(--ast-global-color-4)","background-image":"","background-repeat":"repeat","background-position":"center center","background-size":"auto","background-attachment":"scroll","background-type":"","background-media":"","overlay-type":"","overlay-color":"","overlay-opacity":"","overlay-gradient":""}},"footnotes":""},"categories":[91,115],"tags":[5333],"class_list":["post-44488","post","type-post","status-publish","format-standard","has-post-thumbnail","hentry","category-empresas-asociadas","category-noticias-aje","tag-meet-aje"],"acf":[],"yoast_head":"<!-- This site is optimized with the Yoast SEO plugin v26.9 - https:\/\/yoast.com\/product\/yoast-seo-wordpress\/ -->\n<title>Meet AJE: Monkraf - AJE Granada<\/title>\n<meta name=\"robots\" content=\"index, follow, max-snippet:-1, max-image-preview:large, max-video-preview:-1\" \/>\n<link rel=\"canonical\" href=\"https:\/\/ajeandalucia.org\/granada\/2023\/10\/16\/meet-aje-monkraf\/\" \/>\n<meta property=\"og:locale\" content=\"es_ES\" \/>\n<meta property=\"og:type\" content=\"article\" \/>\n<meta property=\"og:title\" content=\"Meet AJE: Monkraf - AJE Granada\" \/>\n<meta property=\"og:description\" content=\"\u00a1Nueva edici\u00f3n Meet AJE! Esta semana conocemos de cerca a Jos\u00e9 Miguel Mill\u00e1n Rubio, CEO de Monkraf. Una firma de [&hellip;]\" \/>\n<meta property=\"og:url\" content=\"https:\/\/ajeandalucia.org\/granada\/2023\/10\/16\/meet-aje-monkraf\/\" \/>\n<meta property=\"og:site_name\" content=\"AJE Granada\" \/>\n<meta property=\"article:published_time\" content=\"2023-10-16T10:59:54+00:00\" \/>\n<meta property=\"og:image\" content=\"https:\/\/ajeandalucia.org\/granada\/wp-content\/uploads\/sites\/7\/2023\/10\/IMG_7635-1-monkraf.jpeg\" \/>\n\t<meta property=\"og:image:width\" content=\"3024\" \/>\n\t<meta property=\"og:image:height\" content=\"4032\" \/>\n\t<meta property=\"og:image:type\" content=\"image\/jpeg\" \/>\n<meta name=\"author\" content=\"granada\" \/>\n<meta name=\"twitter:card\" content=\"summary_large_image\" \/>\n<meta name=\"twitter:label1\" content=\"Escrito por\" \/>\n\t<meta name=\"twitter:data1\" content=\"granada\" \/>\n\t<meta name=\"twitter:label2\" content=\"Tiempo de lectura\" \/>\n\t<meta name=\"twitter:data2\" content=\"2 minutos\" \/>\n<script type=\"application\/ld+json\" class=\"yoast-schema-graph\">{\"@context\":\"https:\/\/schema.org\",\"@graph\":[{\"@type\":\"Article\",\"@id\":\"https:\/\/ajeandalucia.org\/granada\/2023\/10\/16\/meet-aje-monkraf\/#article\",\"isPartOf\":{\"@id\":\"https:\/\/ajeandalucia.org\/granada\/2023\/10\/16\/meet-aje-monkraf\/\"},\"author\":{\"name\":\"granada\",\"@id\":\"https:\/\/ajeandalucia.org\/granada\/#\/schema\/person\/11740bd602b2087a5d9913ce7ad3b931\"},\"headline\":\"Meet AJE: Monkraf\",\"datePublished\":\"2023-10-16T10:59:54+00:00\",\"mainEntityOfPage\":{\"@id\":\"https:\/\/ajeandalucia.org\/granada\/2023\/10\/16\/meet-aje-monkraf\/\"},\"wordCount\":425,\"commentCount\":0,\"publisher\":{\"@id\":\"https:\/\/ajeandalucia.org\/granada\/#organization\"},\"image\":{\"@id\":\"https:\/\/ajeandalucia.org\/granada\/2023\/10\/16\/meet-aje-monkraf\/#primaryimage\"},\"thumbnailUrl\":\"https:\/\/ajeandalucia.org\/granada\/wp-content\/uploads\/sites\/7\/2023\/10\/IMG_7635-1-monkraf.jpeg\",\"keywords\":[\"Meet AJE\"],\"articleSection\":[\"Empresas asociadas\",\"Noticias aje\"],\"inLanguage\":\"es\",\"potentialAction\":[{\"@type\":\"CommentAction\",\"name\":\"Comment\",\"target\":[\"https:\/\/ajeandalucia.org\/granada\/2023\/10\/16\/meet-aje-monkraf\/#respond\"]}]},{\"@type\":\"WebPage\",\"@id\":\"https:\/\/ajeandalucia.org\/granada\/2023\/10\/16\/meet-aje-monkraf\/\",\"url\":\"https:\/\/ajeandalucia.org\/granada\/2023\/10\/16\/meet-aje-monkraf\/\",\"name\":\"Meet AJE: Monkraf - AJE Granada\",\"isPartOf\":{\"@id\":\"https:\/\/ajeandalucia.org\/granada\/#website\"},\"primaryImageOfPage\":{\"@id\":\"https:\/\/ajeandalucia.org\/granada\/2023\/10\/16\/meet-aje-monkraf\/#primaryimage\"},\"image\":{\"@id\":\"https:\/\/ajeandalucia.org\/granada\/2023\/10\/16\/meet-aje-monkraf\/#primaryimage\"},\"thumbnailUrl\":\"https:\/\/ajeandalucia.org\/granada\/wp-content\/uploads\/sites\/7\/2023\/10\/IMG_7635-1-monkraf.jpeg\",\"datePublished\":\"2023-10-16T10:59:54+00:00\",\"breadcrumb\":{\"@id\":\"https:\/\/ajeandalucia.org\/granada\/2023\/10\/16\/meet-aje-monkraf\/#breadcrumb\"},\"inLanguage\":\"es\",\"potentialAction\":[{\"@type\":\"ReadAction\",\"target\":[\"https:\/\/ajeandalucia.org\/granada\/2023\/10\/16\/meet-aje-monkraf\/\"]}]},{\"@type\":\"ImageObject\",\"inLanguage\":\"es\",\"@id\":\"https:\/\/ajeandalucia.org\/granada\/2023\/10\/16\/meet-aje-monkraf\/#primaryimage\",\"url\":\"https:\/\/ajeandalucia.org\/granada\/wp-content\/uploads\/sites\/7\/2023\/10\/IMG_7635-1-monkraf.jpeg\",\"contentUrl\":\"https:\/\/ajeandalucia.org\/granada\/wp-content\/uploads\/sites\/7\/2023\/10\/IMG_7635-1-monkraf.jpeg\",\"width\":3024,\"height\":4032},{\"@type\":\"BreadcrumbList\",\"@id\":\"https:\/\/ajeandalucia.org\/granada\/2023\/10\/16\/meet-aje-monkraf\/#breadcrumb\",\"itemListElement\":[{\"@type\":\"ListItem\",\"position\":1,\"name\":\"Portada\",\"item\":\"https:\/\/ajeandalucia.org\/granada\/\"},{\"@type\":\"ListItem\",\"position\":2,\"name\":\"Meet AJE: Monkraf\"}]},{\"@type\":\"WebSite\",\"@id\":\"https:\/\/ajeandalucia.org\/granada\/#website\",\"url\":\"https:\/\/ajeandalucia.org\/granada\/\",\"name\":\"AJE Granada\",\"description\":\"J\u00f3venes Empresarios de Granada\",\"publisher\":{\"@id\":\"https:\/\/ajeandalucia.org\/granada\/#organization\"},\"potentialAction\":[{\"@type\":\"SearchAction\",\"target\":{\"@type\":\"EntryPoint\",\"urlTemplate\":\"https:\/\/ajeandalucia.org\/granada\/?s={search_term_string}\"},\"query-input\":{\"@type\":\"PropertyValueSpecification\",\"valueRequired\":true,\"valueName\":\"search_term_string\"}}],\"inLanguage\":\"es\"},{\"@type\":\"Organization\",\"@id\":\"https:\/\/ajeandalucia.org\/granada\/#organization\",\"name\":\"AJE Granada\",\"url\":\"https:\/\/ajeandalucia.org\/granada\/\",\"logo\":{\"@type\":\"ImageObject\",\"inLanguage\":\"es\",\"@id\":\"https:\/\/ajeandalucia.org\/granada\/#\/schema\/logo\/image\/\",\"url\":\"https:\/\/ajeandalucia.org\/granada\/wp-content\/uploads\/sites\/7\/2025\/02\/AJE-GRANADA-horizontal.png\",\"contentUrl\":\"https:\/\/ajeandalucia.org\/granada\/wp-content\/uploads\/sites\/7\/2025\/02\/AJE-GRANADA-horizontal.png\",\"width\":612,\"height\":200,\"caption\":\"AJE Granada\"},\"image\":{\"@id\":\"https:\/\/ajeandalucia.org\/granada\/#\/schema\/logo\/image\/\"}},{\"@type\":\"Person\",\"@id\":\"https:\/\/ajeandalucia.org\/granada\/#\/schema\/person\/11740bd602b2087a5d9913ce7ad3b931\",\"name\":\"granada\",\"image\":{\"@type\":\"ImageObject\",\"inLanguage\":\"es\",\"@id\":\"https:\/\/ajeandalucia.org\/granada\/#\/schema\/person\/image\/\",\"url\":\"https:\/\/secure.gravatar.com\/avatar\/d3efaa03945b79a8aad01845a3fd3b3535448eae49310ea0a5677e96e0e68b63?s=96&d=mm&r=g\",\"contentUrl\":\"https:\/\/secure.gravatar.com\/avatar\/d3efaa03945b79a8aad01845a3fd3b3535448eae49310ea0a5677e96e0e68b63?s=96&d=mm&r=g\",\"caption\":\"granada\"},\"url\":\"https:\/\/ajeandalucia.org\/granada\/author\/granada\/\"}]}<\/script>\n<!-- \/ Yoast SEO plugin. -->","yoast_head_json":{"title":"Meet AJE: Monkraf - AJE Granada","robots":{"index":"index","follow":"follow","max-snippet":"max-snippet:-1","max-image-preview":"max-image-preview:large","max-video-preview":"max-video-preview:-1"},"canonical":"https:\/\/ajeandalucia.org\/granada\/2023\/10\/16\/meet-aje-monkraf\/","og_locale":"es_ES","og_type":"article","og_title":"Meet AJE: Monkraf - AJE Granada","og_description":"\u00a1Nueva edici\u00f3n Meet AJE! Esta semana conocemos de cerca a Jos\u00e9 Miguel Mill\u00e1n Rubio, CEO de Monkraf. Una firma de [&hellip;]","og_url":"https:\/\/ajeandalucia.org\/granada\/2023\/10\/16\/meet-aje-monkraf\/","og_site_name":"AJE Granada","article_published_time":"2023-10-16T10:59:54+00:00","og_image":[{"width":3024,"height":4032,"url":"https:\/\/ajeandalucia.org\/granada\/wp-content\/uploads\/sites\/7\/2023\/10\/IMG_7635-1-monkraf.jpeg","type":"image\/jpeg"}],"author":"granada","twitter_card":"summary_large_image","twitter_misc":{"Escrito por":"granada","Tiempo de lectura":"2 minutos"},"schema":{"@context":"https:\/\/schema.org","@graph":[{"@type":"Article","@id":"https:\/\/ajeandalucia.org\/granada\/2023\/10\/16\/meet-aje-monkraf\/#article","isPartOf":{"@id":"https:\/\/ajeandalucia.org\/granada\/2023\/10\/16\/meet-aje-monkraf\/"},"author":{"name":"granada","@id":"https:\/\/ajeandalucia.org\/granada\/#\/schema\/person\/11740bd602b2087a5d9913ce7ad3b931"},"headline":"Meet AJE: Monkraf","datePublished":"2023-10-16T10:59:54+00:00","mainEntityOfPage":{"@id":"https:\/\/ajeandalucia.org\/granada\/2023\/10\/16\/meet-aje-monkraf\/"},"wordCount":425,"commentCount":0,"publisher":{"@id":"https:\/\/ajeandalucia.org\/granada\/#organization"},"image":{"@id":"https:\/\/ajeandalucia.org\/granada\/2023\/10\/16\/meet-aje-monkraf\/#primaryimage"},"thumbnailUrl":"https:\/\/ajeandalucia.org\/granada\/wp-content\/uploads\/sites\/7\/2023\/10\/IMG_7635-1-monkraf.jpeg","keywords":["Meet AJE"],"articleSection":["Empresas asociadas","Noticias aje"],"inLanguage":"es","potentialAction":[{"@type":"CommentAction","name":"Comment","target":["https:\/\/ajeandalucia.org\/granada\/2023\/10\/16\/meet-aje-monkraf\/#respond"]}]},{"@type":"WebPage","@id":"https:\/\/ajeandalucia.org\/granada\/2023\/10\/16\/meet-aje-monkraf\/","url":"https:\/\/ajeandalucia.org\/granada\/2023\/10\/16\/meet-aje-monkraf\/","name":"Meet AJE: Monkraf - AJE Granada","isPartOf":{"@id":"https:\/\/ajeandalucia.org\/granada\/#website"},"primaryImageOfPage":{"@id":"https:\/\/ajeandalucia.org\/granada\/2023\/10\/16\/meet-aje-monkraf\/#primaryimage"},"image":{"@id":"https:\/\/ajeandalucia.org\/granada\/2023\/10\/16\/meet-aje-monkraf\/#primaryimage"},"thumbnailUrl":"https:\/\/ajeandalucia.org\/granada\/wp-content\/uploads\/sites\/7\/2023\/10\/IMG_7635-1-monkraf.jpeg","datePublished":"2023-10-16T10:59:54+00:00","breadcrumb":{"@id":"https:\/\/ajeandalucia.org\/granada\/2023\/10\/16\/meet-aje-monkraf\/#breadcrumb"},"inLanguage":"es","potentialAction":[{"@type":"ReadAction","target":["https:\/\/ajeandalucia.org\/granada\/2023\/10\/16\/meet-aje-monkraf\/"]}]},{"@type":"ImageObject","inLanguage":"es","@id":"https:\/\/ajeandalucia.org\/granada\/2023\/10\/16\/meet-aje-monkraf\/#primaryimage","url":"https:\/\/ajeandalucia.org\/granada\/wp-content\/uploads\/sites\/7\/2023\/10\/IMG_7635-1-monkraf.jpeg","contentUrl":"https:\/\/ajeandalucia.org\/granada\/wp-content\/uploads\/sites\/7\/2023\/10\/IMG_7635-1-monkraf.jpeg","width":3024,"height":4032},{"@type":"BreadcrumbList","@id":"https:\/\/ajeandalucia.org\/granada\/2023\/10\/16\/meet-aje-monkraf\/#breadcrumb","itemListElement":[{"@type":"ListItem","position":1,"name":"Portada","item":"https:\/\/ajeandalucia.org\/granada\/"},{"@type":"ListItem","position":2,"name":"Meet AJE: Monkraf"}]},{"@type":"WebSite","@id":"https:\/\/ajeandalucia.org\/granada\/#website","url":"https:\/\/ajeandalucia.org\/granada\/","name":"AJE Granada","description":"J\u00f3venes Empresarios de Granada","publisher":{"@id":"https:\/\/ajeandalucia.org\/granada\/#organization"},"potentialAction":[{"@type":"SearchAction","target":{"@type":"EntryPoint","urlTemplate":"https:\/\/ajeandalucia.org\/granada\/?s={search_term_string}"},"query-input":{"@type":"PropertyValueSpecification","valueRequired":true,"valueName":"search_term_string"}}],"inLanguage":"es"},{"@type":"Organization","@id":"https:\/\/ajeandalucia.org\/granada\/#organization","name":"AJE Granada","url":"https:\/\/ajeandalucia.org\/granada\/","logo":{"@type":"ImageObject","inLanguage":"es","@id":"https:\/\/ajeandalucia.org\/granada\/#\/schema\/logo\/image\/","url":"https:\/\/ajeandalucia.org\/granada\/wp-content\/uploads\/sites\/7\/2025\/02\/AJE-GRANADA-horizontal.png","contentUrl":"https:\/\/ajeandalucia.org\/granada\/wp-content\/uploads\/sites\/7\/2025\/02\/AJE-GRANADA-horizontal.png","width":612,"height":200,"caption":"AJE Granada"},"image":{"@id":"https:\/\/ajeandalucia.org\/granada\/#\/schema\/logo\/image\/"}},{"@type":"Person","@id":"https:\/\/ajeandalucia.org\/granada\/#\/schema\/person\/11740bd602b2087a5d9913ce7ad3b931","name":"granada","image":{"@type":"ImageObject","inLanguage":"es","@id":"https:\/\/ajeandalucia.org\/granada\/#\/schema\/person\/image\/","url":"https:\/\/secure.gravatar.com\/avatar\/d3efaa03945b79a8aad01845a3fd3b3535448eae49310ea0a5677e96e0e68b63?s=96&d=mm&r=g","contentUrl":"https:\/\/secure.gravatar.com\/avatar\/d3efaa03945b79a8aad01845a3fd3b3535448eae49310ea0a5677e96e0e68b63?s=96&d=mm&r=g","caption":"granada"},"url":"https:\/\/ajeandalucia.org\/granada\/author\/granada\/"}]}},"_links":{"self":[{"href":"https:\/\/ajeandalucia.org\/granada\/wp-json\/wp\/v2\/posts\/44488","targetHints":{"allow":["GET"]}}],"collection":[{"href":"https:\/\/ajeandalucia.org\/granada\/wp-json\/wp\/v2\/posts"}],"about":[{"href":"https:\/\/ajeandalucia.org\/granada\/wp-json\/wp\/v2\/types\/post"}],"author":[{"embeddable":true,"href":"https:\/\/ajeandalucia.org\/granada\/wp-json\/wp\/v2\/users\/6"}],"replies":[{"embeddable":true,"href":"https:\/\/ajeandalucia.org\/granada\/wp-json\/wp\/v2\/comments?post=44488"}],"version-history":[{"count":1,"href":"https:\/\/ajeandalucia.org\/granada\/wp-json\/wp\/v2\/posts\/44488\/revisions"}],"predecessor-version":[{"id":44493,"href":"https:\/\/ajeandalucia.org\/granada\/wp-json\/wp\/v2\/posts\/44488\/revisions\/44493"}],"wp:featuredmedia":[{"embeddable":true,"href":"https:\/\/ajeandalucia.org\/granada\/wp-json\/wp\/v2\/media\/44491"}],"wp:attachment":[{"href":"https:\/\/ajeandalucia.org\/granada\/wp-json\/wp\/v2\/media?parent=44488"}],"wp:term":[{"taxonomy":"category","embeddable":true,"href":"https:\/\/ajeandalucia.org\/granada\/wp-json\/wp\/v2\/categories?post=44488"},{"taxonomy":"post_tag","embeddable":true,"href":"https:\/\/ajeandalucia.org\/granada\/wp-json\/wp\/v2\/tags?post=44488"}],"curies":[{"name":"wp","href":"https:\/\/api.w.org\/{rel}","templated":true}]}}