{"id":44592,"date":"2023-11-15T01:44:27","date_gmt":"2023-11-15T00:44:27","guid":{"rendered":"https:\/\/www.ajeandalucia.org\/granada\/?p=44592"},"modified":"2023-11-15T01:44:27","modified_gmt":"2023-11-15T00:44:27","slug":"landscapers-premiado-por-su-espacio-dehesa-en-marbella-design-art","status":"publish","type":"post","link":"https:\/\/ajeandalucia.org\/granada\/2023\/11\/15\/landscapers-premiado-por-su-espacio-dehesa-en-marbella-design-art\/","title":{"rendered":"Landscapers, premiado por su espacio Dehesa, en Marbella Design &amp; Art"},"content":{"rendered":"<p><b>LANDSCAPERS, ESTUDIO DE PAISAJISMO DE GRANADA, PREMIADO POR SU ESPACIO \u201cDEHESA\u201d EN MARBELLA DESIGN &amp; ART<\/b><\/p>\n<p><span style=\"font-weight: 400\">\u00a0<strong>Landscapers<\/strong>, el destacado estudio de paisajismo con sede en Granada, ha sido galardonado con el<strong> primer premio al espacio m\u00e1s ecol\u00f3gico y sostenible<\/strong> en el prestigioso certamen de interiorismo, <strong>Marbella Design &amp; Art<\/strong>, gracias al espacio denominado DEHESA. El evento, reconocido como uno de los m\u00e1s destacados en el mundo del dise\u00f1o de interiores en Espa\u00f1a, celebr\u00f3 su \u00faltima edici\u00f3n en Marbella, atrayendo a los mejores talentos del pa\u00eds, figuras como Pepe Leal, Alfons y Dami\u00e1n, Laura Carrillo y Marisa Gallo (ganadora del a\u00f1o anterior) se encuentran tambi\u00e9n entre los premiados<\/span><\/p>\n<p><span style=\"font-weight: 400\">Dirigido por el visionario paisajista <strong>Paco D\u00edaz<\/strong>, residente en Churriana de la Vega (Granada), Landscapers se destac\u00f3 por su propuesta innovadora, ecol\u00f3gica y emotiva. La propuesta del estudio <strong>transform\u00f3 la terraza del palacio de congresos de Marbella en una dehesa extreme\u00f1a<\/strong>, cautivando a todos los visitantes con un paisaje que evocaba los recuerdos de la infancia de D\u00edaz, llev\u00e1ndolos a estar en otro lugar como expresaban literalmente muchos de los asistentes.<\/span><\/p>\n<p><span style=\"font-weight: 400\">&#8220;El hilo conductor de nuestra propuesta se basa en los <strong>recuerdos de mi infancia<\/strong>, donde merendaba a la luz del atardecer en el campo extreme\u00f1o y el camino que he recorrido hasta dedicarme a lo que m\u00e1s me gusta, que es llevar naturaleza a hogares y otros espacios para que la gente sea m\u00e1s feliz. Quer\u00edamos compartir esa experiencia \u00fanica y evocadora con los visitantes del palacio de congresos. Adem\u00e1s hemos sido capaces de realizar un espacio elegante, funcional y de dise\u00f1o s\u00f3lo con piedra, madera, corcho y plantas naturales\u201d destac\u00f3 Paco D\u00edaz.<\/span><\/p>\n<p><span style=\"font-weight: 400\">Desde sus inicios en Granada, Landscapers ha seguido un extraordinario camino que lo ha llevado a <strong>dise\u00f1ar jardines exclusivos en destinos de renombre<\/strong> como Marbella, Sotogrande, Madrid y, m\u00e1s recientemente, la Rep\u00fablica Dominicana. Adem\u00e1s, <strong>el estudio es reconocido por su contribuci\u00f3n al interiorismo vegetal de las multinacionales m\u00e1s prestigiosas del mundo.<\/strong><\/span><\/p>\n<p><span style=\"font-weight: 400\">Landscapers celebra no solo el reconocimiento en Marbella Design &amp; Art sino tambi\u00e9n la distinci\u00f3n de compartir premios con destacadas figuras del interiorismo internacional. <strong>Este logro consolida su posici\u00f3n en un nuevo nivel dentro de la industria, subrayando la excelencia y la creatividad que caracterizan a Landscapers.<\/strong><\/span><\/p>\n<p><img loading=\"lazy\" decoding=\"async\" class=\"alignnone  wp-image-44593\" src=\"https:\/\/www.ajeandalucia.org\/granada\/wp-content\/uploads\/sites\/7\/2023\/11\/33A9267-HDR-300x200.jpg\" alt=\"\" width=\"347\" height=\"231\" srcset=\"https:\/\/ajeandalucia.org\/granada\/wp-content\/uploads\/sites\/7\/2023\/11\/33A9267-HDR-300x200.jpg 300w, https:\/\/ajeandalucia.org\/granada\/wp-content\/uploads\/sites\/7\/2023\/11\/33A9267-HDR-768x512.jpg 768w, https:\/\/ajeandalucia.org\/granada\/wp-content\/uploads\/sites\/7\/2023\/11\/33A9267-HDR-1024x682.jpg 1024w, https:\/\/ajeandalucia.org\/granada\/wp-content\/uploads\/sites\/7\/2023\/11\/33A9267-HDR.jpg 2000w\" sizes=\"auto, (max-width: 347px) 100vw, 347px\" \/><\/p>\n","protected":false},"excerpt":{"rendered":"<p>LANDSCAPERS, ESTUDIO DE PAISAJISMO DE GRANADA, PREMIADO POR SU ESPACIO \u201cDEHESA\u201d EN MARBELLA DESIGN &amp; ART \u00a0Landscapers, el destacado estudio [&hellip;]<\/p>\n","protected":false},"author":6,"featured_media":44594,"comment_status":"open","ping_status":"open","sticky":false,"template":"","format":"standard","meta":{"_acf_changed":false,"site-sidebar-layout":"default","site-content-layout":"","ast-site-content-layout":"default","site-content-style":"default","site-sidebar-style":"default","ast-global-header-display":"","ast-banner-title-visibility":"","ast-main-header-display":"","ast-hfb-above-header-display":"","ast-hfb-below-header-display":"","ast-hfb-mobile-header-display":"","site-post-title":"","ast-breadcrumbs-content":"","ast-featured-img":"","footer-sml-layout":"","ast-disable-related-posts":"","theme-transparent-header-meta":"","adv-header-id-meta":"","stick-header-meta":"","header-above-stick-meta":"","header-main-stick-meta":"","header-below-stick-meta":"","astra-migrate-meta-layouts":"default","ast-page-background-enabled":"default","ast-page-background-meta":{"desktop":{"background-color":"var(--ast-global-color-5)","background-image":"","background-repeat":"repeat","background-position":"center center","background-size":"auto","background-attachment":"scroll","background-type":"","background-media":"","overlay-type":"","overlay-color":"","overlay-opacity":"","overlay-gradient":""},"tablet":{"background-color":"","background-image":"","background-repeat":"repeat","background-position":"center center","background-size":"auto","background-attachment":"scroll","background-type":"","background-media":"","overlay-type":"","overlay-color":"","overlay-opacity":"","overlay-gradient":""},"mobile":{"background-color":"","background-image":"","background-repeat":"repeat","background-position":"center center","background-size":"auto","background-attachment":"scroll","background-type":"","background-media":"","overlay-type":"","overlay-color":"","overlay-opacity":"","overlay-gradient":""}},"ast-content-background-meta":{"desktop":{"background-color":"var(--ast-global-color-4)","background-image":"","background-repeat":"repeat","background-position":"center center","background-size":"auto","background-attachment":"scroll","background-type":"","background-media":"","overlay-type":"","overlay-color":"","overlay-opacity":"","overlay-gradient":""},"tablet":{"background-color":"var(--ast-global-color-4)","background-image":"","background-repeat":"repeat","background-position":"center center","background-size":"auto","background-attachment":"scroll","background-type":"","background-media":"","overlay-type":"","overlay-color":"","overlay-opacity":"","overlay-gradient":""},"mobile":{"background-color":"var(--ast-global-color-4)","background-image":"","background-repeat":"repeat","background-position":"center center","background-size":"auto","background-attachment":"scroll","background-type":"","background-media":"","overlay-type":"","overlay-color":"","overlay-opacity":"","overlay-gradient":""}},"footnotes":""},"categories":[1,91,108,8,115],"tags":[],"class_list":["post-44592","post","type-post","status-publish","format-standard","has-post-thumbnail","hentry","category-blog","category-empresas-asociadas","category-fotos","category-noticias","category-noticias-aje"],"acf":[],"yoast_head":"<!-- This site is optimized with the Yoast SEO plugin v26.9 - https:\/\/yoast.com\/product\/yoast-seo-wordpress\/ -->\n<title>Landscapers, premiado por su espacio Dehesa, en Marbella Design &amp; Art - AJE Granada<\/title>\n<meta name=\"robots\" content=\"index, follow, max-snippet:-1, max-image-preview:large, max-video-preview:-1\" \/>\n<link rel=\"canonical\" href=\"https:\/\/ajeandalucia.org\/granada\/2023\/11\/15\/landscapers-premiado-por-su-espacio-dehesa-en-marbella-design-art\/\" \/>\n<meta property=\"og:locale\" content=\"es_ES\" \/>\n<meta property=\"og:type\" content=\"article\" \/>\n<meta property=\"og:title\" content=\"Landscapers, premiado por su espacio Dehesa, en Marbella Design &amp; Art - AJE Granada\" \/>\n<meta property=\"og:description\" content=\"LANDSCAPERS, ESTUDIO DE PAISAJISMO DE GRANADA, PREMIADO POR SU ESPACIO \u201cDEHESA\u201d EN MARBELLA DESIGN &amp; ART \u00a0Landscapers, el destacado estudio [&hellip;]\" \/>\n<meta property=\"og:url\" content=\"https:\/\/ajeandalucia.org\/granada\/2023\/11\/15\/landscapers-premiado-por-su-espacio-dehesa-en-marbella-design-art\/\" \/>\n<meta property=\"og:site_name\" content=\"AJE Granada\" \/>\n<meta property=\"article:published_time\" content=\"2023-11-15T00:44:27+00:00\" \/>\n<meta property=\"og:image\" content=\"https:\/\/ajeandalucia.org\/granada\/wp-content\/uploads\/sites\/7\/2023\/11\/33A9293.jpg\" \/>\n\t<meta property=\"og:image:width\" content=\"1333\" \/>\n\t<meta property=\"og:image:height\" content=\"2000\" \/>\n\t<meta property=\"og:image:type\" content=\"image\/jpeg\" \/>\n<meta name=\"author\" content=\"granada\" \/>\n<meta name=\"twitter:card\" content=\"summary_large_image\" \/>\n<meta name=\"twitter:label1\" content=\"Escrito por\" \/>\n\t<meta name=\"twitter:data1\" content=\"granada\" \/>\n\t<meta name=\"twitter:label2\" content=\"Tiempo de lectura\" \/>\n\t<meta name=\"twitter:data2\" content=\"2 minutos\" \/>\n<script type=\"application\/ld+json\" class=\"yoast-schema-graph\">{\"@context\":\"https:\/\/schema.org\",\"@graph\":[{\"@type\":\"Article\",\"@id\":\"https:\/\/ajeandalucia.org\/granada\/2023\/11\/15\/landscapers-premiado-por-su-espacio-dehesa-en-marbella-design-art\/#article\",\"isPartOf\":{\"@id\":\"https:\/\/ajeandalucia.org\/granada\/2023\/11\/15\/landscapers-premiado-por-su-espacio-dehesa-en-marbella-design-art\/\"},\"author\":{\"name\":\"granada\",\"@id\":\"https:\/\/ajeandalucia.org\/granada\/#\/schema\/person\/11740bd602b2087a5d9913ce7ad3b931\"},\"headline\":\"Landscapers, premiado por su espacio Dehesa, en Marbella Design &amp; Art\",\"datePublished\":\"2023-11-15T00:44:27+00:00\",\"mainEntityOfPage\":{\"@id\":\"https:\/\/ajeandalucia.org\/granada\/2023\/11\/15\/landscapers-premiado-por-su-espacio-dehesa-en-marbella-design-art\/\"},\"wordCount\":412,\"commentCount\":0,\"publisher\":{\"@id\":\"https:\/\/ajeandalucia.org\/granada\/#organization\"},\"image\":{\"@id\":\"https:\/\/ajeandalucia.org\/granada\/2023\/11\/15\/landscapers-premiado-por-su-espacio-dehesa-en-marbella-design-art\/#primaryimage\"},\"thumbnailUrl\":\"https:\/\/ajeandalucia.org\/granada\/wp-content\/uploads\/sites\/7\/2023\/11\/33A9293.jpg\",\"articleSection\":[\"Blog\",\"Empresas asociadas\",\"Galerias de Fotos\",\"Noticias\",\"Noticias aje\"],\"inLanguage\":\"es\",\"potentialAction\":[{\"@type\":\"CommentAction\",\"name\":\"Comment\",\"target\":[\"https:\/\/ajeandalucia.org\/granada\/2023\/11\/15\/landscapers-premiado-por-su-espacio-dehesa-en-marbella-design-art\/#respond\"]}]},{\"@type\":\"WebPage\",\"@id\":\"https:\/\/ajeandalucia.org\/granada\/2023\/11\/15\/landscapers-premiado-por-su-espacio-dehesa-en-marbella-design-art\/\",\"url\":\"https:\/\/ajeandalucia.org\/granada\/2023\/11\/15\/landscapers-premiado-por-su-espacio-dehesa-en-marbella-design-art\/\",\"name\":\"Landscapers, premiado por su espacio Dehesa, en Marbella Design &amp; Art - AJE Granada\",\"isPartOf\":{\"@id\":\"https:\/\/ajeandalucia.org\/granada\/#website\"},\"primaryImageOfPage\":{\"@id\":\"https:\/\/ajeandalucia.org\/granada\/2023\/11\/15\/landscapers-premiado-por-su-espacio-dehesa-en-marbella-design-art\/#primaryimage\"},\"image\":{\"@id\":\"https:\/\/ajeandalucia.org\/granada\/2023\/11\/15\/landscapers-premiado-por-su-espacio-dehesa-en-marbella-design-art\/#primaryimage\"},\"thumbnailUrl\":\"https:\/\/ajeandalucia.org\/granada\/wp-content\/uploads\/sites\/7\/2023\/11\/33A9293.jpg\",\"datePublished\":\"2023-11-15T00:44:27+00:00\",\"breadcrumb\":{\"@id\":\"https:\/\/ajeandalucia.org\/granada\/2023\/11\/15\/landscapers-premiado-por-su-espacio-dehesa-en-marbella-design-art\/#breadcrumb\"},\"inLanguage\":\"es\",\"potentialAction\":[{\"@type\":\"ReadAction\",\"target\":[\"https:\/\/ajeandalucia.org\/granada\/2023\/11\/15\/landscapers-premiado-por-su-espacio-dehesa-en-marbella-design-art\/\"]}]},{\"@type\":\"ImageObject\",\"inLanguage\":\"es\",\"@id\":\"https:\/\/ajeandalucia.org\/granada\/2023\/11\/15\/landscapers-premiado-por-su-espacio-dehesa-en-marbella-design-art\/#primaryimage\",\"url\":\"https:\/\/ajeandalucia.org\/granada\/wp-content\/uploads\/sites\/7\/2023\/11\/33A9293.jpg\",\"contentUrl\":\"https:\/\/ajeandalucia.org\/granada\/wp-content\/uploads\/sites\/7\/2023\/11\/33A9293.jpg\",\"width\":1333,\"height\":2000},{\"@type\":\"BreadcrumbList\",\"@id\":\"https:\/\/ajeandalucia.org\/granada\/2023\/11\/15\/landscapers-premiado-por-su-espacio-dehesa-en-marbella-design-art\/#breadcrumb\",\"itemListElement\":[{\"@type\":\"ListItem\",\"position\":1,\"name\":\"Portada\",\"item\":\"https:\/\/ajeandalucia.org\/granada\/\"},{\"@type\":\"ListItem\",\"position\":2,\"name\":\"Landscapers, premiado por su espacio Dehesa, en Marbella Design &amp; Art\"}]},{\"@type\":\"WebSite\",\"@id\":\"https:\/\/ajeandalucia.org\/granada\/#website\",\"url\":\"https:\/\/ajeandalucia.org\/granada\/\",\"name\":\"AJE Granada\",\"description\":\"J\u00f3venes Empresarios de Granada\",\"publisher\":{\"@id\":\"https:\/\/ajeandalucia.org\/granada\/#organization\"},\"potentialAction\":[{\"@type\":\"SearchAction\",\"target\":{\"@type\":\"EntryPoint\",\"urlTemplate\":\"https:\/\/ajeandalucia.org\/granada\/?s={search_term_string}\"},\"query-input\":{\"@type\":\"PropertyValueSpecification\",\"valueRequired\":true,\"valueName\":\"search_term_string\"}}],\"inLanguage\":\"es\"},{\"@type\":\"Organization\",\"@id\":\"https:\/\/ajeandalucia.org\/granada\/#organization\",\"name\":\"AJE Granada\",\"url\":\"https:\/\/ajeandalucia.org\/granada\/\",\"logo\":{\"@type\":\"ImageObject\",\"inLanguage\":\"es\",\"@id\":\"https:\/\/ajeandalucia.org\/granada\/#\/schema\/logo\/image\/\",\"url\":\"https:\/\/ajeandalucia.org\/granada\/wp-content\/uploads\/sites\/7\/2025\/02\/AJE-GRANADA-horizontal.png\",\"contentUrl\":\"https:\/\/ajeandalucia.org\/granada\/wp-content\/uploads\/sites\/7\/2025\/02\/AJE-GRANADA-horizontal.png\",\"width\":612,\"height\":200,\"caption\":\"AJE Granada\"},\"image\":{\"@id\":\"https:\/\/ajeandalucia.org\/granada\/#\/schema\/logo\/image\/\"}},{\"@type\":\"Person\",\"@id\":\"https:\/\/ajeandalucia.org\/granada\/#\/schema\/person\/11740bd602b2087a5d9913ce7ad3b931\",\"name\":\"granada\",\"image\":{\"@type\":\"ImageObject\",\"inLanguage\":\"es\",\"@id\":\"https:\/\/ajeandalucia.org\/granada\/#\/schema\/person\/image\/\",\"url\":\"https:\/\/secure.gravatar.com\/avatar\/d3efaa03945b79a8aad01845a3fd3b3535448eae49310ea0a5677e96e0e68b63?s=96&d=mm&r=g\",\"contentUrl\":\"https:\/\/secure.gravatar.com\/avatar\/d3efaa03945b79a8aad01845a3fd3b3535448eae49310ea0a5677e96e0e68b63?s=96&d=mm&r=g\",\"caption\":\"granada\"},\"url\":\"https:\/\/ajeandalucia.org\/granada\/author\/granada\/\"}]}<\/script>\n<!-- \/ Yoast SEO plugin. -->","yoast_head_json":{"title":"Landscapers, premiado por su espacio Dehesa, en Marbella Design &amp; Art - AJE Granada","robots":{"index":"index","follow":"follow","max-snippet":"max-snippet:-1","max-image-preview":"max-image-preview:large","max-video-preview":"max-video-preview:-1"},"canonical":"https:\/\/ajeandalucia.org\/granada\/2023\/11\/15\/landscapers-premiado-por-su-espacio-dehesa-en-marbella-design-art\/","og_locale":"es_ES","og_type":"article","og_title":"Landscapers, premiado por su espacio Dehesa, en Marbella Design &amp; Art - AJE Granada","og_description":"LANDSCAPERS, ESTUDIO DE PAISAJISMO DE GRANADA, PREMIADO POR SU ESPACIO \u201cDEHESA\u201d EN MARBELLA DESIGN &amp; ART \u00a0Landscapers, el destacado estudio [&hellip;]","og_url":"https:\/\/ajeandalucia.org\/granada\/2023\/11\/15\/landscapers-premiado-por-su-espacio-dehesa-en-marbella-design-art\/","og_site_name":"AJE Granada","article_published_time":"2023-11-15T00:44:27+00:00","og_image":[{"width":1333,"height":2000,"url":"https:\/\/ajeandalucia.org\/granada\/wp-content\/uploads\/sites\/7\/2023\/11\/33A9293.jpg","type":"image\/jpeg"}],"author":"granada","twitter_card":"summary_large_image","twitter_misc":{"Escrito por":"granada","Tiempo de lectura":"2 minutos"},"schema":{"@context":"https:\/\/schema.org","@graph":[{"@type":"Article","@id":"https:\/\/ajeandalucia.org\/granada\/2023\/11\/15\/landscapers-premiado-por-su-espacio-dehesa-en-marbella-design-art\/#article","isPartOf":{"@id":"https:\/\/ajeandalucia.org\/granada\/2023\/11\/15\/landscapers-premiado-por-su-espacio-dehesa-en-marbella-design-art\/"},"author":{"name":"granada","@id":"https:\/\/ajeandalucia.org\/granada\/#\/schema\/person\/11740bd602b2087a5d9913ce7ad3b931"},"headline":"Landscapers, premiado por su espacio Dehesa, en Marbella Design &amp; Art","datePublished":"2023-11-15T00:44:27+00:00","mainEntityOfPage":{"@id":"https:\/\/ajeandalucia.org\/granada\/2023\/11\/15\/landscapers-premiado-por-su-espacio-dehesa-en-marbella-design-art\/"},"wordCount":412,"commentCount":0,"publisher":{"@id":"https:\/\/ajeandalucia.org\/granada\/#organization"},"image":{"@id":"https:\/\/ajeandalucia.org\/granada\/2023\/11\/15\/landscapers-premiado-por-su-espacio-dehesa-en-marbella-design-art\/#primaryimage"},"thumbnailUrl":"https:\/\/ajeandalucia.org\/granada\/wp-content\/uploads\/sites\/7\/2023\/11\/33A9293.jpg","articleSection":["Blog","Empresas asociadas","Galerias de Fotos","Noticias","Noticias aje"],"inLanguage":"es","potentialAction":[{"@type":"CommentAction","name":"Comment","target":["https:\/\/ajeandalucia.org\/granada\/2023\/11\/15\/landscapers-premiado-por-su-espacio-dehesa-en-marbella-design-art\/#respond"]}]},{"@type":"WebPage","@id":"https:\/\/ajeandalucia.org\/granada\/2023\/11\/15\/landscapers-premiado-por-su-espacio-dehesa-en-marbella-design-art\/","url":"https:\/\/ajeandalucia.org\/granada\/2023\/11\/15\/landscapers-premiado-por-su-espacio-dehesa-en-marbella-design-art\/","name":"Landscapers, premiado por su espacio Dehesa, en Marbella Design &amp; Art - AJE Granada","isPartOf":{"@id":"https:\/\/ajeandalucia.org\/granada\/#website"},"primaryImageOfPage":{"@id":"https:\/\/ajeandalucia.org\/granada\/2023\/11\/15\/landscapers-premiado-por-su-espacio-dehesa-en-marbella-design-art\/#primaryimage"},"image":{"@id":"https:\/\/ajeandalucia.org\/granada\/2023\/11\/15\/landscapers-premiado-por-su-espacio-dehesa-en-marbella-design-art\/#primaryimage"},"thumbnailUrl":"https:\/\/ajeandalucia.org\/granada\/wp-content\/uploads\/sites\/7\/2023\/11\/33A9293.jpg","datePublished":"2023-11-15T00:44:27+00:00","breadcrumb":{"@id":"https:\/\/ajeandalucia.org\/granada\/2023\/11\/15\/landscapers-premiado-por-su-espacio-dehesa-en-marbella-design-art\/#breadcrumb"},"inLanguage":"es","potentialAction":[{"@type":"ReadAction","target":["https:\/\/ajeandalucia.org\/granada\/2023\/11\/15\/landscapers-premiado-por-su-espacio-dehesa-en-marbella-design-art\/"]}]},{"@type":"ImageObject","inLanguage":"es","@id":"https:\/\/ajeandalucia.org\/granada\/2023\/11\/15\/landscapers-premiado-por-su-espacio-dehesa-en-marbella-design-art\/#primaryimage","url":"https:\/\/ajeandalucia.org\/granada\/wp-content\/uploads\/sites\/7\/2023\/11\/33A9293.jpg","contentUrl":"https:\/\/ajeandalucia.org\/granada\/wp-content\/uploads\/sites\/7\/2023\/11\/33A9293.jpg","width":1333,"height":2000},{"@type":"BreadcrumbList","@id":"https:\/\/ajeandalucia.org\/granada\/2023\/11\/15\/landscapers-premiado-por-su-espacio-dehesa-en-marbella-design-art\/#breadcrumb","itemListElement":[{"@type":"ListItem","position":1,"name":"Portada","item":"https:\/\/ajeandalucia.org\/granada\/"},{"@type":"ListItem","position":2,"name":"Landscapers, premiado por su espacio Dehesa, en Marbella Design &amp; Art"}]},{"@type":"WebSite","@id":"https:\/\/ajeandalucia.org\/granada\/#website","url":"https:\/\/ajeandalucia.org\/granada\/","name":"AJE Granada","description":"J\u00f3venes Empresarios de Granada","publisher":{"@id":"https:\/\/ajeandalucia.org\/granada\/#organization"},"potentialAction":[{"@type":"SearchAction","target":{"@type":"EntryPoint","urlTemplate":"https:\/\/ajeandalucia.org\/granada\/?s={search_term_string}"},"query-input":{"@type":"PropertyValueSpecification","valueRequired":true,"valueName":"search_term_string"}}],"inLanguage":"es"},{"@type":"Organization","@id":"https:\/\/ajeandalucia.org\/granada\/#organization","name":"AJE Granada","url":"https:\/\/ajeandalucia.org\/granada\/","logo":{"@type":"ImageObject","inLanguage":"es","@id":"https:\/\/ajeandalucia.org\/granada\/#\/schema\/logo\/image\/","url":"https:\/\/ajeandalucia.org\/granada\/wp-content\/uploads\/sites\/7\/2025\/02\/AJE-GRANADA-horizontal.png","contentUrl":"https:\/\/ajeandalucia.org\/granada\/wp-content\/uploads\/sites\/7\/2025\/02\/AJE-GRANADA-horizontal.png","width":612,"height":200,"caption":"AJE Granada"},"image":{"@id":"https:\/\/ajeandalucia.org\/granada\/#\/schema\/logo\/image\/"}},{"@type":"Person","@id":"https:\/\/ajeandalucia.org\/granada\/#\/schema\/person\/11740bd602b2087a5d9913ce7ad3b931","name":"granada","image":{"@type":"ImageObject","inLanguage":"es","@id":"https:\/\/ajeandalucia.org\/granada\/#\/schema\/person\/image\/","url":"https:\/\/secure.gravatar.com\/avatar\/d3efaa03945b79a8aad01845a3fd3b3535448eae49310ea0a5677e96e0e68b63?s=96&d=mm&r=g","contentUrl":"https:\/\/secure.gravatar.com\/avatar\/d3efaa03945b79a8aad01845a3fd3b3535448eae49310ea0a5677e96e0e68b63?s=96&d=mm&r=g","caption":"granada"},"url":"https:\/\/ajeandalucia.org\/granada\/author\/granada\/"}]}},"_links":{"self":[{"href":"https:\/\/ajeandalucia.org\/granada\/wp-json\/wp\/v2\/posts\/44592","targetHints":{"allow":["GET"]}}],"collection":[{"href":"https:\/\/ajeandalucia.org\/granada\/wp-json\/wp\/v2\/posts"}],"about":[{"href":"https:\/\/ajeandalucia.org\/granada\/wp-json\/wp\/v2\/types\/post"}],"author":[{"embeddable":true,"href":"https:\/\/ajeandalucia.org\/granada\/wp-json\/wp\/v2\/users\/6"}],"replies":[{"embeddable":true,"href":"https:\/\/ajeandalucia.org\/granada\/wp-json\/wp\/v2\/comments?post=44592"}],"version-history":[{"count":1,"href":"https:\/\/ajeandalucia.org\/granada\/wp-json\/wp\/v2\/posts\/44592\/revisions"}],"predecessor-version":[{"id":44596,"href":"https:\/\/ajeandalucia.org\/granada\/wp-json\/wp\/v2\/posts\/44592\/revisions\/44596"}],"wp:featuredmedia":[{"embeddable":true,"href":"https:\/\/ajeandalucia.org\/granada\/wp-json\/wp\/v2\/media\/44594"}],"wp:attachment":[{"href":"https:\/\/ajeandalucia.org\/granada\/wp-json\/wp\/v2\/media?parent=44592"}],"wp:term":[{"taxonomy":"category","embeddable":true,"href":"https:\/\/ajeandalucia.org\/granada\/wp-json\/wp\/v2\/categories?post=44592"},{"taxonomy":"post_tag","embeddable":true,"href":"https:\/\/ajeandalucia.org\/granada\/wp-json\/wp\/v2\/tags?post=44592"}],"curies":[{"name":"wp","href":"https:\/\/api.w.org\/{rel}","templated":true}]}}