{"id":44717,"date":"2024-01-04T13:46:33","date_gmt":"2024-01-04T12:46:33","guid":{"rendered":"https:\/\/www.ajeandalucia.org\/granada\/?p=44717"},"modified":"2024-01-04T13:58:43","modified_gmt":"2024-01-04T12:58:43","slug":"novedades-para-los-empresarios-en-2024","status":"publish","type":"post","link":"https:\/\/ajeandalucia.org\/granada\/2024\/01\/04\/novedades-para-los-empresarios-en-2024\/","title":{"rendered":"Novedades para los Empresarios en 2024"},"content":{"rendered":"<h1>Novedades Empresariales 2024<\/h1>\n<p>Con datos proporcionados por el Ministerio de Trabajo y analizados por Malt, observamos las<strong> transformaciones que afectar\u00e1n a los emprendedores y empresarios este 2024.<\/strong><\/p>\n<p>Os contamos m\u00e1s detalladamente que implican estas transformaciones:<\/p>\n<ol>\n<li><strong>Adaptaci\u00f3n en las contribuciones seg\u00fan ingresos reales:<\/strong> Las contribuciones experimentar\u00e1n una reconfiguraci\u00f3n que afectar\u00e1 de manera dispar a los aut\u00f3nomos. Se espera una disminuci\u00f3n de la carga para los tramos m\u00e1s bajos y un aumento para los tramos superiores. Los tramos 1, 2 y 3 ver\u00e1n reducciones entre el 2,1 % y el 3,8 %. En contraste, los tramos 4, 5 y 6 permanecer\u00e1n estables, mientras que los tramos del 7 al 15 enfrentar\u00e1n incrementos que oscilan entre el 2,5 % y el 6 %.<\/li>\n<li><strong>Nuevo enfoque en el r\u00e9gimen especial de IVA:<\/strong> Se instaura un l\u00edmite de facturaci\u00f3n anual de 85,000 euros en un r\u00e9gimen especial de franquicia del IVA. Aquellos aut\u00f3nomos que no alcancen esta cifra quedan exentos de realizar liquidaciones trimestrales y anuales del IVA, marcando un cambio significativo que entrar\u00e1 en vigor en 2025.<\/li>\n<li><strong>Obligatoriedad de la Declaraci\u00f3n de la Renta:<\/strong> A partir de 2024, se establece la obligatoriedad para todos los aut\u00f3nomos de presentar la declaraci\u00f3n de la renta, independientemente de sus ingresos o facturaci\u00f3n. Seg\u00fan la Gu\u00eda del Freelance, en colaboraci\u00f3n con TaxDown, se requerir\u00e1 la presentaci\u00f3n de una declaraci\u00f3n trimestral, y la declaraci\u00f3n anual ser\u00e1 obligatoria en todos los casos, dependiendo de la modalidad.<\/li>\n<li><strong>Apoyo digital renovado:<\/strong> Aunque no es una innovaci\u00f3n, el Kit Digital destaca como programa de asistencia econ\u00f3mica para la transformaci\u00f3n digital. Desde 2024, Comunidades de Bienes y Sociedades Civiles pueden acceder a este bono digital, siempre y cuando cumplan con requisitos como el cumplimiento de obligaciones fiscales y de la Seguridad Social.<\/li>\n<li><strong>Facilidades para nuevos aut\u00f3nomos y otras bonificaciones:<\/strong> La tarifa plana ofrece a los reci\u00e9n llegados al mundo aut\u00f3nomo reducciones en la cotizaci\u00f3n durante los primeros meses de actividad. Durante el primer a\u00f1o, el pago se reduce a 85,71\u20ac, con la posibilidad de prorrogarlo por otro a\u00f1o si la declaraci\u00f3n de la renta demuestra rendimientos econ\u00f3micos inferiores al Salario M\u00ednimo Interprofesional. Adem\u00e1s, se mantienen bonificaciones para colectivos espec\u00edficos, como mujeres menores de 35 a\u00f1os, hombres menores de 30, v\u00edctimas de violencia de g\u00e9nero o terrorismo, personas con discapacidad o en situaci\u00f3n de maternidad.<\/li>\n<li><strong>Desgravaciones fiscales en gastos:<\/strong> La legislaci\u00f3n contempla diversas oportunidades de desgravaci\u00f3n que reducen la base imponible del IRPF. Gastos corrientes, un porcentaje del IVA del veh\u00edculo particular (si se utiliza para la actividad) y otros costos como luz, agua, internet, electricidad, cursos y formaciones son aspectos detallados en la Gu\u00eda del Freelance de Malt &amp; TaxDown. Esta gu\u00eda destaca la importancia de aplicar correctamente estas medidas para gestionar eficientemente los desaf\u00edos fiscales del profesional independiente.<\/li>\n<\/ol>\n<p><img loading=\"lazy\" decoding=\"async\" class=\"aligncenter\" src=\"https:\/\/media.istockphoto.com\/id\/1484268315\/es\/foto\/empresario-que-sostiene-un-gr%C3%A1fico-t%C3%A9cnico-virtual-brillante-y-un-gr%C3%A1fico-para-el-an%C3%A1lisis-del.jpg?s=612x612&amp;w=0&amp;k=20&amp;c=orrLVHTc8WdRzF3rQUOEot8bVBmfP4gggB8ab9WG-UA=\" alt=\"Empresario que sostiene un gr\u00e1fico t\u00e9cnico virtual brillante y un gr\u00e1fico para el an\u00e1lisis del mercado de valores en 2024, la inversi\u00f3n en tecnolog\u00eda y el concepto de inversi\u00f3n de valor. - foto de stock\" width=\"577\" height=\"336\" \/><\/p>\n<p>&nbsp;<\/p>\n","protected":false},"excerpt":{"rendered":"<p>Novedades Empresariales 2024 Con datos proporcionados por el Ministerio de Trabajo y analizados por Malt, observamos las transformaciones que afectar\u00e1n [&hellip;]<\/p>\n","protected":false},"author":6,"featured_media":0,"comment_status":"open","ping_status":"open","sticky":false,"template":"","format":"standard","meta":{"_acf_changed":false,"site-sidebar-layout":"default","site-content-layout":"","ast-site-content-layout":"default","site-content-style":"default","site-sidebar-style":"default","ast-global-header-display":"","ast-banner-title-visibility":"","ast-main-header-display":"","ast-hfb-above-header-display":"","ast-hfb-below-header-display":"","ast-hfb-mobile-header-display":"","site-post-title":"","ast-breadcrumbs-content":"","ast-featured-img":"","footer-sml-layout":"","ast-disable-related-posts":"","theme-transparent-header-meta":"","adv-header-id-meta":"","stick-header-meta":"","header-above-stick-meta":"","header-main-stick-meta":"","header-below-stick-meta":"","astra-migrate-meta-layouts":"default","ast-page-background-enabled":"default","ast-page-background-meta":{"desktop":{"background-color":"var(--ast-global-color-5)","background-image":"","background-repeat":"repeat","background-position":"center center","background-size":"auto","background-attachment":"scroll","background-type":"","background-media":"","overlay-type":"","overlay-color":"","overlay-opacity":"","overlay-gradient":""},"tablet":{"background-color":"","background-image":"","background-repeat":"repeat","background-position":"center center","background-size":"auto","background-attachment":"scroll","background-type":"","background-media":"","overlay-type":"","overlay-color":"","overlay-opacity":"","overlay-gradient":""},"mobile":{"background-color":"","background-image":"","background-repeat":"repeat","background-position":"center center","background-size":"auto","background-attachment":"scroll","background-type":"","background-media":"","overlay-type":"","overlay-color":"","overlay-opacity":"","overlay-gradient":""}},"ast-content-background-meta":{"desktop":{"background-color":"var(--ast-global-color-4)","background-image":"","background-repeat":"repeat","background-position":"center center","background-size":"auto","background-attachment":"scroll","background-type":"","background-media":"","overlay-type":"","overlay-color":"","overlay-opacity":"","overlay-gradient":""},"tablet":{"background-color":"var(--ast-global-color-4)","background-image":"","background-repeat":"repeat","background-position":"center center","background-size":"auto","background-attachment":"scroll","background-type":"","background-media":"","overlay-type":"","overlay-color":"","overlay-opacity":"","overlay-gradient":""},"mobile":{"background-color":"var(--ast-global-color-4)","background-image":"","background-repeat":"repeat","background-position":"center center","background-size":"auto","background-attachment":"scroll","background-type":"","background-media":"","overlay-type":"","overlay-color":"","overlay-opacity":"","overlay-gradient":""}},"footnotes":""},"categories":[1,8,115],"tags":[],"class_list":["post-44717","post","type-post","status-publish","format-standard","hentry","category-blog","category-noticias","category-noticias-aje"],"acf":[],"yoast_head":"<!-- This site is optimized with the Yoast SEO plugin v26.9 - https:\/\/yoast.com\/product\/yoast-seo-wordpress\/ -->\n<title>Novedades para los Empresarios en 2024 - AJE Granada<\/title>\n<meta name=\"robots\" content=\"index, follow, max-snippet:-1, max-image-preview:large, max-video-preview:-1\" \/>\n<link rel=\"canonical\" href=\"https:\/\/ajeandalucia.org\/granada\/2024\/01\/04\/novedades-para-los-empresarios-en-2024\/\" \/>\n<meta property=\"og:locale\" content=\"es_ES\" \/>\n<meta property=\"og:type\" content=\"article\" \/>\n<meta property=\"og:title\" content=\"Novedades para los Empresarios en 2024 - AJE Granada\" \/>\n<meta property=\"og:description\" content=\"Novedades Empresariales 2024 Con datos proporcionados por el Ministerio de Trabajo y analizados por Malt, observamos las transformaciones que afectar\u00e1n [&hellip;]\" \/>\n<meta property=\"og:url\" content=\"https:\/\/ajeandalucia.org\/granada\/2024\/01\/04\/novedades-para-los-empresarios-en-2024\/\" \/>\n<meta property=\"og:site_name\" content=\"AJE Granada\" \/>\n<meta property=\"article:published_time\" content=\"2024-01-04T12:46:33+00:00\" \/>\n<meta property=\"article:modified_time\" content=\"2024-01-04T12:58:43+00:00\" \/>\n<meta property=\"og:image\" content=\"https:\/\/media.istockphoto.com\/id\/1484268315\/es\/foto\/empresario-que-sostiene-un-gr%C3%A1fico-t%C3%A9cnico-virtual-brillante-y-un-gr%C3%A1fico-para-el-an%C3%A1lisis-del.jpg?s=612x612&amp;w=0&amp;k=20&amp;c=orrLVHTc8WdRzF3rQUOEot8bVBmfP4gggB8ab9WG-UA=\" \/>\n<meta name=\"author\" content=\"granada\" \/>\n<meta name=\"twitter:card\" content=\"summary_large_image\" \/>\n<meta name=\"twitter:label1\" content=\"Escrito por\" \/>\n\t<meta name=\"twitter:data1\" content=\"granada\" \/>\n\t<meta name=\"twitter:label2\" content=\"Tiempo de lectura\" \/>\n\t<meta name=\"twitter:data2\" content=\"2 minutos\" \/>\n<script type=\"application\/ld+json\" class=\"yoast-schema-graph\">{\"@context\":\"https:\/\/schema.org\",\"@graph\":[{\"@type\":\"Article\",\"@id\":\"https:\/\/ajeandalucia.org\/granada\/2024\/01\/04\/novedades-para-los-empresarios-en-2024\/#article\",\"isPartOf\":{\"@id\":\"https:\/\/ajeandalucia.org\/granada\/2024\/01\/04\/novedades-para-los-empresarios-en-2024\/\"},\"author\":{\"name\":\"granada\",\"@id\":\"https:\/\/ajeandalucia.org\/granada\/#\/schema\/person\/11740bd602b2087a5d9913ce7ad3b931\"},\"headline\":\"Novedades para los Empresarios en 2024\",\"datePublished\":\"2024-01-04T12:46:33+00:00\",\"dateModified\":\"2024-01-04T12:58:43+00:00\",\"mainEntityOfPage\":{\"@id\":\"https:\/\/ajeandalucia.org\/granada\/2024\/01\/04\/novedades-para-los-empresarios-en-2024\/\"},\"wordCount\":487,\"commentCount\":0,\"publisher\":{\"@id\":\"https:\/\/ajeandalucia.org\/granada\/#organization\"},\"image\":{\"@id\":\"https:\/\/ajeandalucia.org\/granada\/2024\/01\/04\/novedades-para-los-empresarios-en-2024\/#primaryimage\"},\"thumbnailUrl\":\"https:\/\/media.istockphoto.com\/id\/1484268315\/es\/foto\/empresario-que-sostiene-un-gr%C3%A1fico-t%C3%A9cnico-virtual-brillante-y-un-gr%C3%A1fico-para-el-an%C3%A1lisis-del.jpg?s=612x612&amp;w=0&amp;k=20&amp;c=orrLVHTc8WdRzF3rQUOEot8bVBmfP4gggB8ab9WG-UA=\",\"articleSection\":[\"Blog\",\"Noticias\",\"Noticias aje\"],\"inLanguage\":\"es\",\"potentialAction\":[{\"@type\":\"CommentAction\",\"name\":\"Comment\",\"target\":[\"https:\/\/ajeandalucia.org\/granada\/2024\/01\/04\/novedades-para-los-empresarios-en-2024\/#respond\"]}]},{\"@type\":\"WebPage\",\"@id\":\"https:\/\/ajeandalucia.org\/granada\/2024\/01\/04\/novedades-para-los-empresarios-en-2024\/\",\"url\":\"https:\/\/ajeandalucia.org\/granada\/2024\/01\/04\/novedades-para-los-empresarios-en-2024\/\",\"name\":\"Novedades para los Empresarios en 2024 - AJE Granada\",\"isPartOf\":{\"@id\":\"https:\/\/ajeandalucia.org\/granada\/#website\"},\"primaryImageOfPage\":{\"@id\":\"https:\/\/ajeandalucia.org\/granada\/2024\/01\/04\/novedades-para-los-empresarios-en-2024\/#primaryimage\"},\"image\":{\"@id\":\"https:\/\/ajeandalucia.org\/granada\/2024\/01\/04\/novedades-para-los-empresarios-en-2024\/#primaryimage\"},\"thumbnailUrl\":\"https:\/\/media.istockphoto.com\/id\/1484268315\/es\/foto\/empresario-que-sostiene-un-gr%C3%A1fico-t%C3%A9cnico-virtual-brillante-y-un-gr%C3%A1fico-para-el-an%C3%A1lisis-del.jpg?s=612x612&amp;w=0&amp;k=20&amp;c=orrLVHTc8WdRzF3rQUOEot8bVBmfP4gggB8ab9WG-UA=\",\"datePublished\":\"2024-01-04T12:46:33+00:00\",\"dateModified\":\"2024-01-04T12:58:43+00:00\",\"breadcrumb\":{\"@id\":\"https:\/\/ajeandalucia.org\/granada\/2024\/01\/04\/novedades-para-los-empresarios-en-2024\/#breadcrumb\"},\"inLanguage\":\"es\",\"potentialAction\":[{\"@type\":\"ReadAction\",\"target\":[\"https:\/\/ajeandalucia.org\/granada\/2024\/01\/04\/novedades-para-los-empresarios-en-2024\/\"]}]},{\"@type\":\"ImageObject\",\"inLanguage\":\"es\",\"@id\":\"https:\/\/ajeandalucia.org\/granada\/2024\/01\/04\/novedades-para-los-empresarios-en-2024\/#primaryimage\",\"url\":\"https:\/\/media.istockphoto.com\/id\/1484268315\/es\/foto\/empresario-que-sostiene-un-gr%C3%A1fico-t%C3%A9cnico-virtual-brillante-y-un-gr%C3%A1fico-para-el-an%C3%A1lisis-del.jpg?s=612x612&amp;w=0&amp;k=20&amp;c=orrLVHTc8WdRzF3rQUOEot8bVBmfP4gggB8ab9WG-UA=\",\"contentUrl\":\"https:\/\/media.istockphoto.com\/id\/1484268315\/es\/foto\/empresario-que-sostiene-un-gr%C3%A1fico-t%C3%A9cnico-virtual-brillante-y-un-gr%C3%A1fico-para-el-an%C3%A1lisis-del.jpg?s=612x612&amp;w=0&amp;k=20&amp;c=orrLVHTc8WdRzF3rQUOEot8bVBmfP4gggB8ab9WG-UA=\"},{\"@type\":\"BreadcrumbList\",\"@id\":\"https:\/\/ajeandalucia.org\/granada\/2024\/01\/04\/novedades-para-los-empresarios-en-2024\/#breadcrumb\",\"itemListElement\":[{\"@type\":\"ListItem\",\"position\":1,\"name\":\"Portada\",\"item\":\"https:\/\/ajeandalucia.org\/granada\/\"},{\"@type\":\"ListItem\",\"position\":2,\"name\":\"Novedades para los Empresarios en 2024\"}]},{\"@type\":\"WebSite\",\"@id\":\"https:\/\/ajeandalucia.org\/granada\/#website\",\"url\":\"https:\/\/ajeandalucia.org\/granada\/\",\"name\":\"AJE Granada\",\"description\":\"J\u00f3venes Empresarios de Granada\",\"publisher\":{\"@id\":\"https:\/\/ajeandalucia.org\/granada\/#organization\"},\"potentialAction\":[{\"@type\":\"SearchAction\",\"target\":{\"@type\":\"EntryPoint\",\"urlTemplate\":\"https:\/\/ajeandalucia.org\/granada\/?s={search_term_string}\"},\"query-input\":{\"@type\":\"PropertyValueSpecification\",\"valueRequired\":true,\"valueName\":\"search_term_string\"}}],\"inLanguage\":\"es\"},{\"@type\":\"Organization\",\"@id\":\"https:\/\/ajeandalucia.org\/granada\/#organization\",\"name\":\"AJE Granada\",\"url\":\"https:\/\/ajeandalucia.org\/granada\/\",\"logo\":{\"@type\":\"ImageObject\",\"inLanguage\":\"es\",\"@id\":\"https:\/\/ajeandalucia.org\/granada\/#\/schema\/logo\/image\/\",\"url\":\"https:\/\/ajeandalucia.org\/granada\/wp-content\/uploads\/sites\/7\/2025\/02\/AJE-GRANADA-horizontal.png\",\"contentUrl\":\"https:\/\/ajeandalucia.org\/granada\/wp-content\/uploads\/sites\/7\/2025\/02\/AJE-GRANADA-horizontal.png\",\"width\":612,\"height\":200,\"caption\":\"AJE Granada\"},\"image\":{\"@id\":\"https:\/\/ajeandalucia.org\/granada\/#\/schema\/logo\/image\/\"}},{\"@type\":\"Person\",\"@id\":\"https:\/\/ajeandalucia.org\/granada\/#\/schema\/person\/11740bd602b2087a5d9913ce7ad3b931\",\"name\":\"granada\",\"image\":{\"@type\":\"ImageObject\",\"inLanguage\":\"es\",\"@id\":\"https:\/\/ajeandalucia.org\/granada\/#\/schema\/person\/image\/\",\"url\":\"https:\/\/secure.gravatar.com\/avatar\/d3efaa03945b79a8aad01845a3fd3b3535448eae49310ea0a5677e96e0e68b63?s=96&d=mm&r=g\",\"contentUrl\":\"https:\/\/secure.gravatar.com\/avatar\/d3efaa03945b79a8aad01845a3fd3b3535448eae49310ea0a5677e96e0e68b63?s=96&d=mm&r=g\",\"caption\":\"granada\"},\"url\":\"https:\/\/ajeandalucia.org\/granada\/author\/granada\/\"}]}<\/script>\n<!-- \/ Yoast SEO plugin. -->","yoast_head_json":{"title":"Novedades para los Empresarios en 2024 - AJE Granada","robots":{"index":"index","follow":"follow","max-snippet":"max-snippet:-1","max-image-preview":"max-image-preview:large","max-video-preview":"max-video-preview:-1"},"canonical":"https:\/\/ajeandalucia.org\/granada\/2024\/01\/04\/novedades-para-los-empresarios-en-2024\/","og_locale":"es_ES","og_type":"article","og_title":"Novedades para los Empresarios en 2024 - AJE Granada","og_description":"Novedades Empresariales 2024 Con datos proporcionados por el Ministerio de Trabajo y analizados por Malt, observamos las transformaciones que afectar\u00e1n [&hellip;]","og_url":"https:\/\/ajeandalucia.org\/granada\/2024\/01\/04\/novedades-para-los-empresarios-en-2024\/","og_site_name":"AJE Granada","article_published_time":"2024-01-04T12:46:33+00:00","article_modified_time":"2024-01-04T12:58:43+00:00","og_image":[{"url":"https:\/\/media.istockphoto.com\/id\/1484268315\/es\/foto\/empresario-que-sostiene-un-gr%C3%A1fico-t%C3%A9cnico-virtual-brillante-y-un-gr%C3%A1fico-para-el-an%C3%A1lisis-del.jpg?s=612x612&amp;w=0&amp;k=20&amp;c=orrLVHTc8WdRzF3rQUOEot8bVBmfP4gggB8ab9WG-UA=","type":"","width":"","height":""}],"author":"granada","twitter_card":"summary_large_image","twitter_misc":{"Escrito por":"granada","Tiempo de lectura":"2 minutos"},"schema":{"@context":"https:\/\/schema.org","@graph":[{"@type":"Article","@id":"https:\/\/ajeandalucia.org\/granada\/2024\/01\/04\/novedades-para-los-empresarios-en-2024\/#article","isPartOf":{"@id":"https:\/\/ajeandalucia.org\/granada\/2024\/01\/04\/novedades-para-los-empresarios-en-2024\/"},"author":{"name":"granada","@id":"https:\/\/ajeandalucia.org\/granada\/#\/schema\/person\/11740bd602b2087a5d9913ce7ad3b931"},"headline":"Novedades para los Empresarios en 2024","datePublished":"2024-01-04T12:46:33+00:00","dateModified":"2024-01-04T12:58:43+00:00","mainEntityOfPage":{"@id":"https:\/\/ajeandalucia.org\/granada\/2024\/01\/04\/novedades-para-los-empresarios-en-2024\/"},"wordCount":487,"commentCount":0,"publisher":{"@id":"https:\/\/ajeandalucia.org\/granada\/#organization"},"image":{"@id":"https:\/\/ajeandalucia.org\/granada\/2024\/01\/04\/novedades-para-los-empresarios-en-2024\/#primaryimage"},"thumbnailUrl":"https:\/\/media.istockphoto.com\/id\/1484268315\/es\/foto\/empresario-que-sostiene-un-gr%C3%A1fico-t%C3%A9cnico-virtual-brillante-y-un-gr%C3%A1fico-para-el-an%C3%A1lisis-del.jpg?s=612x612&amp;w=0&amp;k=20&amp;c=orrLVHTc8WdRzF3rQUOEot8bVBmfP4gggB8ab9WG-UA=","articleSection":["Blog","Noticias","Noticias aje"],"inLanguage":"es","potentialAction":[{"@type":"CommentAction","name":"Comment","target":["https:\/\/ajeandalucia.org\/granada\/2024\/01\/04\/novedades-para-los-empresarios-en-2024\/#respond"]}]},{"@type":"WebPage","@id":"https:\/\/ajeandalucia.org\/granada\/2024\/01\/04\/novedades-para-los-empresarios-en-2024\/","url":"https:\/\/ajeandalucia.org\/granada\/2024\/01\/04\/novedades-para-los-empresarios-en-2024\/","name":"Novedades para los Empresarios en 2024 - AJE Granada","isPartOf":{"@id":"https:\/\/ajeandalucia.org\/granada\/#website"},"primaryImageOfPage":{"@id":"https:\/\/ajeandalucia.org\/granada\/2024\/01\/04\/novedades-para-los-empresarios-en-2024\/#primaryimage"},"image":{"@id":"https:\/\/ajeandalucia.org\/granada\/2024\/01\/04\/novedades-para-los-empresarios-en-2024\/#primaryimage"},"thumbnailUrl":"https:\/\/media.istockphoto.com\/id\/1484268315\/es\/foto\/empresario-que-sostiene-un-gr%C3%A1fico-t%C3%A9cnico-virtual-brillante-y-un-gr%C3%A1fico-para-el-an%C3%A1lisis-del.jpg?s=612x612&amp;w=0&amp;k=20&amp;c=orrLVHTc8WdRzF3rQUOEot8bVBmfP4gggB8ab9WG-UA=","datePublished":"2024-01-04T12:46:33+00:00","dateModified":"2024-01-04T12:58:43+00:00","breadcrumb":{"@id":"https:\/\/ajeandalucia.org\/granada\/2024\/01\/04\/novedades-para-los-empresarios-en-2024\/#breadcrumb"},"inLanguage":"es","potentialAction":[{"@type":"ReadAction","target":["https:\/\/ajeandalucia.org\/granada\/2024\/01\/04\/novedades-para-los-empresarios-en-2024\/"]}]},{"@type":"ImageObject","inLanguage":"es","@id":"https:\/\/ajeandalucia.org\/granada\/2024\/01\/04\/novedades-para-los-empresarios-en-2024\/#primaryimage","url":"https:\/\/media.istockphoto.com\/id\/1484268315\/es\/foto\/empresario-que-sostiene-un-gr%C3%A1fico-t%C3%A9cnico-virtual-brillante-y-un-gr%C3%A1fico-para-el-an%C3%A1lisis-del.jpg?s=612x612&amp;w=0&amp;k=20&amp;c=orrLVHTc8WdRzF3rQUOEot8bVBmfP4gggB8ab9WG-UA=","contentUrl":"https:\/\/media.istockphoto.com\/id\/1484268315\/es\/foto\/empresario-que-sostiene-un-gr%C3%A1fico-t%C3%A9cnico-virtual-brillante-y-un-gr%C3%A1fico-para-el-an%C3%A1lisis-del.jpg?s=612x612&amp;w=0&amp;k=20&amp;c=orrLVHTc8WdRzF3rQUOEot8bVBmfP4gggB8ab9WG-UA="},{"@type":"BreadcrumbList","@id":"https:\/\/ajeandalucia.org\/granada\/2024\/01\/04\/novedades-para-los-empresarios-en-2024\/#breadcrumb","itemListElement":[{"@type":"ListItem","position":1,"name":"Portada","item":"https:\/\/ajeandalucia.org\/granada\/"},{"@type":"ListItem","position":2,"name":"Novedades para los Empresarios en 2024"}]},{"@type":"WebSite","@id":"https:\/\/ajeandalucia.org\/granada\/#website","url":"https:\/\/ajeandalucia.org\/granada\/","name":"AJE Granada","description":"J\u00f3venes Empresarios de Granada","publisher":{"@id":"https:\/\/ajeandalucia.org\/granada\/#organization"},"potentialAction":[{"@type":"SearchAction","target":{"@type":"EntryPoint","urlTemplate":"https:\/\/ajeandalucia.org\/granada\/?s={search_term_string}"},"query-input":{"@type":"PropertyValueSpecification","valueRequired":true,"valueName":"search_term_string"}}],"inLanguage":"es"},{"@type":"Organization","@id":"https:\/\/ajeandalucia.org\/granada\/#organization","name":"AJE Granada","url":"https:\/\/ajeandalucia.org\/granada\/","logo":{"@type":"ImageObject","inLanguage":"es","@id":"https:\/\/ajeandalucia.org\/granada\/#\/schema\/logo\/image\/","url":"https:\/\/ajeandalucia.org\/granada\/wp-content\/uploads\/sites\/7\/2025\/02\/AJE-GRANADA-horizontal.png","contentUrl":"https:\/\/ajeandalucia.org\/granada\/wp-content\/uploads\/sites\/7\/2025\/02\/AJE-GRANADA-horizontal.png","width":612,"height":200,"caption":"AJE Granada"},"image":{"@id":"https:\/\/ajeandalucia.org\/granada\/#\/schema\/logo\/image\/"}},{"@type":"Person","@id":"https:\/\/ajeandalucia.org\/granada\/#\/schema\/person\/11740bd602b2087a5d9913ce7ad3b931","name":"granada","image":{"@type":"ImageObject","inLanguage":"es","@id":"https:\/\/ajeandalucia.org\/granada\/#\/schema\/person\/image\/","url":"https:\/\/secure.gravatar.com\/avatar\/d3efaa03945b79a8aad01845a3fd3b3535448eae49310ea0a5677e96e0e68b63?s=96&d=mm&r=g","contentUrl":"https:\/\/secure.gravatar.com\/avatar\/d3efaa03945b79a8aad01845a3fd3b3535448eae49310ea0a5677e96e0e68b63?s=96&d=mm&r=g","caption":"granada"},"url":"https:\/\/ajeandalucia.org\/granada\/author\/granada\/"}]}},"_links":{"self":[{"href":"https:\/\/ajeandalucia.org\/granada\/wp-json\/wp\/v2\/posts\/44717","targetHints":{"allow":["GET"]}}],"collection":[{"href":"https:\/\/ajeandalucia.org\/granada\/wp-json\/wp\/v2\/posts"}],"about":[{"href":"https:\/\/ajeandalucia.org\/granada\/wp-json\/wp\/v2\/types\/post"}],"author":[{"embeddable":true,"href":"https:\/\/ajeandalucia.org\/granada\/wp-json\/wp\/v2\/users\/6"}],"replies":[{"embeddable":true,"href":"https:\/\/ajeandalucia.org\/granada\/wp-json\/wp\/v2\/comments?post=44717"}],"version-history":[{"count":5,"href":"https:\/\/ajeandalucia.org\/granada\/wp-json\/wp\/v2\/posts\/44717\/revisions"}],"predecessor-version":[{"id":44723,"href":"https:\/\/ajeandalucia.org\/granada\/wp-json\/wp\/v2\/posts\/44717\/revisions\/44723"}],"wp:attachment":[{"href":"https:\/\/ajeandalucia.org\/granada\/wp-json\/wp\/v2\/media?parent=44717"}],"wp:term":[{"taxonomy":"category","embeddable":true,"href":"https:\/\/ajeandalucia.org\/granada\/wp-json\/wp\/v2\/categories?post=44717"},{"taxonomy":"post_tag","embeddable":true,"href":"https:\/\/ajeandalucia.org\/granada\/wp-json\/wp\/v2\/tags?post=44717"}],"curies":[{"name":"wp","href":"https:\/\/api.w.org\/{rel}","templated":true}]}}