{"id":44985,"date":"2024-03-12T17:43:24","date_gmt":"2024-03-12T16:43:24","guid":{"rendered":"https:\/\/www.ajeandalucia.org\/granada\/?p=44985"},"modified":"2024-03-12T17:43:24","modified_gmt":"2024-03-12T16:43:24","slug":"pacto-por-la-mujer-joven-y-emprendedora-12m","status":"publish","type":"post","link":"https:\/\/ajeandalucia.org\/granada\/2024\/03\/12\/pacto-por-la-mujer-joven-y-emprendedora-12m\/","title":{"rendered":"Pacto por la mujer joven y emprendedora (12M)"},"content":{"rendered":"<p><strong>Pacto por la mujer joven y emprendedora (12M)<\/strong><\/p>\n<p><strong>Granada, 12 de marzo de 2024<\/strong><\/p>\n<p>En un acto significativo que resalta la importancia de la inclusi\u00f3n y el empoderamiento femenino en el mundo empresarial, l\u00edderes empresariales y representantes institucionales se han congregado hoy en la sede de la Diputaci\u00f3n de Granada, en Ni\u00f1as Nobles. Este encuentro, realizado dentro del marco del mes de la mujer, ha culminado con la firma de un pacto liderado por la Asociaci\u00f3n de Mujeres Empresarias Granadinas y Aut\u00f3nomas (AMEGA) y la Asociaci\u00f3n de J\u00f3venes Empresarios de Granada (AJE), con el apoyo de destacadas instituciones empresariales y la propia Diputaci\u00f3n de Granada.<\/p>\n<p><strong>Patricia P\u00e9rez Soler<\/strong>, Presidenta de Amega, ha destacado: &#8220;Este pacto no es solo un documento; es un compromiso vivo para avanzar hacia un futuro donde la igualdad de oportunidades para las emprendedoras j\u00f3venes sea una realidad palpable. Desde Amega, estamos dedicadas a este cambio.&#8221; Siguiendo en esta l\u00ednea,\u00a0<strong>Rafaela Garc\u00eda Nieto<\/strong>, Vicepresidenta de Amega, a\u00f1adi\u00f3: &#8220;Este acuerdo simboliza un paso monumental hacia la creaci\u00f3n de un entorno que celebra y apoya el emprendimiento femenino, ofreciendo una plataforma s\u00f3lida desde la cual podemos impulsar y celebrar el \u00e9xito de nuestras j\u00f3venes empresarias.&#8221;<\/p>\n<p><strong>Carlos \u00c1lvarez Navas-Parejo<\/strong>, Presidente de AJE Granada, refiri\u00e9ndose a la colaboraci\u00f3n y el apoyo mutuo entre organizaciones, destac\u00f3: &#8220;Este es un paso adelante en nuestro esfuerzo por garantizar un ecosistema empresarial inclusivo. La firma de este pacto simboliza nuestra dedicaci\u00f3n a promover y apoyar el emprendimiento femenino.&#8221;<\/p>\n<p style=\"font-weight: 400\"><strong>Inma Mart\u00edn<\/strong>, vocal del Comit\u00e9 Ejecutivo de la C\u00e1mara de Comercio de Granada, reiteraba el apoyo a ambas asociaciones y destacaba la importancia de visibilizar el rol fundamental de la mujer empresaria joven en nuestro tejido econ\u00f3mico y social. \u201cEs crucial reconocer el impacto que las mujeres j\u00f3venes empresarias tienen en nuestras comunidades, no solo en t\u00e9rminos de generaci\u00f3n de riqueza, sino tambi\u00e9n en la creaci\u00f3n de oportunidades y en la promoci\u00f3n de la igualdad de g\u00e9nero\u201d.<\/p>\n<p><strong>Concha de Luna<\/strong>, vicepresidenta de la CGE (Confederaci\u00f3n Granadina de Empresarios), afirm\u00f3: la evoluci\u00f3n de la mujer es fundamental, y el papel de la mujer hace a la empresa m\u00e1s competitiva y m\u00e1s productiva y est\u00e1 evolucionando muy positivamente y es indiscutible \u00a0\u00a0que el papel de la mujer con el hombre es esencial y nos falta poco para equipararnos en derechos. &#8220;Desde la CGE, apoyamos firmemente iniciativas que promuevan el liderazgo y la visibilidad de las mujeres en el sector empresarial, reconociendo su papel crucial en la innovaci\u00f3n y el crecimiento.&#8221;<\/p>\n<p><strong>Mar\u00eda Jos\u00e9 Gonz\u00e1lez<\/strong>, Directora de Emprendimiento de la Universidad de Granada, subray\u00f3 la importancia de la educaci\u00f3n, la investigaci\u00f3n y el apoyo acad\u00e9mico en el fomento del emprendimiento femenino: &#8220;La Universidad de Granada se enorgullece de contribuir a este esfuerzo colectivo, proporcionando las herramientas y conocimientos necesarios para que las futuras empresarias prosperen y desarrollen iniciativas con un alto potencial de crecimiento e innovaci\u00f3n.&#8221;<\/p>\n<p>Las directivas de AJE,\u00a0<strong>Claudia Fuentes y Mar\u00eda Jos\u00e9 Gil<\/strong>, han jugado un papel crucial en la formulaci\u00f3n y promoci\u00f3n de este pacto, demostrando el liderazgo femenino dentro de la misma asociaci\u00f3n. Claudia Fuentes se\u00f1al\u00f3: &#8220;Estamos comprometidas a crear un entorno donde las mujeres j\u00f3venes puedan ver el emprendimiento no solo como una posibilidad, sino como una opci\u00f3n viable y apoyada.&#8221; Mar\u00eda Jos\u00e9 Gil a\u00f1adi\u00f3: &#8220;Este pacto es un reflejo de nuestro compromiso con la generaci\u00f3n de oportunidades para todas, promoviendo un futuro empresarial m\u00e1s inclusivo.&#8221;<\/p>\n<p><strong>Elena Duque Merino<\/strong>, Diputada provincial de Granada de Bienestar Social, Igualdad y Familia, concluy\u00f3: &#8220;La Diputaci\u00f3n de Granada apoya fervientemente este pacto, reconociendo la necesidad vital de promover la igualdad de g\u00e9nero y el empoderamiento de las mujeres en todos los sectores de la sociedad.&#8221;<\/p>\n<p>\u201cLa mujeres est\u00e1n sacando los pi\u00e9s\u201d la mayor\u00eda de las empresarias de la ciudad y de la provincia son mujeres, mujeres valientes y esto hace que el acceso a ser empresaria sea y es muy importante y desde Diputaci\u00f3n ayudamos con subvenciones para el mantenimiento o inicio de cualquier actividad.<\/p>\n<p>Esta iniciativa no solo simboliza un compromiso renovado con la igualdad de g\u00e9nero en el \u00e1mbito empresarial, sino que tambi\u00e9n destaca la importancia de la colaboraci\u00f3n interinstitucional para crear un ecosistema m\u00e1s fuerte y diverso. Es un paso adelante hacia una sociedad donde el g\u00e9nero no sea una barrera para el \u00e9xito empresarial, sino un aspecto celebrado por su contribuci\u00f3n \u00fanica al tejido econ\u00f3mico y social. Este pacto es un testimonio de la determinaci\u00f3n colectiva para construir un futuro donde la igualdad de oportunidades para todas y todos sea una realidad palpable, asegurando que las j\u00f3venes emprendedoras de Granada y m\u00e1s all\u00e1 tengan los recursos y el apoyo necesarios para florecer en sus respectivos campos.<\/p>\n<p><strong>Marta Nievas<\/strong>,\u00a0 Diputada provincial de Turismo de la ciudad de Granada, desde la diputaci\u00f3n provincial tenemos la responsabilidad de trabajar de manera transversal, d\u00f3nde la mujer tiene un papel fundamental, donde hay que apoyar la conciliaci\u00f3n para no encontrarnos limitaciones profesionales. Hay que visualizar el papel de la mujer y apostar desde las administraciones a todas las mujeres. En nuestra ciudad hay grandes mujeres, grandes empresarias y no hay mejor formar de que los hechos son las mejores muestras de la val\u00eda que tenemos las mujeres.<\/p>\n<p><strong>Empresarias del futuro<\/strong><\/p>\n<p>Este acto del pacto por la mujer joven y emprendedora no solo marca un hito importante en la lucha por la igualdad de g\u00e9nero en el \u00e1mbito empresarial, sino que tambi\u00e9n se suma a la reciente campa\u00f1a &#8220;Empresarias del futuro&#8221;, lanzada con motivo del 8M. Esta iniciativa, que cont\u00f3 con la colaboraci\u00f3n de Amega, la Confederaci\u00f3n Granadina de Empresarios, C\u00e1mara Granada, y el Ayuntamiento de Granada, destac\u00f3 el papel vital que las ni\u00f1as de hoy desempe\u00f1ar\u00e1n en el futuro empresarial de Granada. La campa\u00f1a enfoc\u00f3 en inspirar a las ni\u00f1as a trav\u00e9s de v\u00eddeos y retratos en mupis por toda la ciudad, mostrando sus aspiraciones empresariales y reconociendo el legado de las empresarias actuales que pavimentan el camino para las generaciones futuras.<\/p>\n<p>Este pacto, firmado hoy, refuerza el compromiso de las instituciones y asociaciones empresariales de Granada con la creaci\u00f3n de un ecosistema inclusivo que no solo honra y apoya a las mujeres empresarias de hoy, sino que tambi\u00e9n se dedica a fomentar y nutrir las ambiciones de las ni\u00f1as que ser\u00e1n las l\u00edderes empresariales del ma\u00f1ana. La alianza entre estas campa\u00f1as subraya una visi\u00f3n compartida: una Granada donde la igualdad de oportunidades en el \u00e1mbito empresarial sea una realidad tangible para todos, independientemente del g\u00e9nero, asegurando que las futuras empresarias puedan perseguir sus sue\u00f1os con el pleno apoyo de su comunidad.<\/p>\n<p><img loading=\"lazy\" decoding=\"async\" class=\"alignnone  wp-image-44993\" src=\"https:\/\/www.ajeandalucia.org\/granada\/wp-content\/uploads\/sites\/7\/2024\/03\/Captura-de-pantalla-2024-03-12-174159-300x229.png\" alt=\"\" width=\"357\" height=\"272\" srcset=\"https:\/\/ajeandalucia.org\/granada\/wp-content\/uploads\/sites\/7\/2024\/03\/Captura-de-pantalla-2024-03-12-174159-300x229.png 300w, https:\/\/ajeandalucia.org\/granada\/wp-content\/uploads\/sites\/7\/2024\/03\/Captura-de-pantalla-2024-03-12-174159-768x586.png 768w, https:\/\/ajeandalucia.org\/granada\/wp-content\/uploads\/sites\/7\/2024\/03\/Captura-de-pantalla-2024-03-12-174159.png 918w\" sizes=\"auto, (max-width: 357px) 100vw, 357px\" \/><\/p>\n<p>&nbsp;<\/p>\n<p>&nbsp;<\/p>\n","protected":false},"excerpt":{"rendered":"<p>Pacto por la mujer joven y emprendedora (12M) Granada, 12 de marzo de 2024 En un acto significativo que resalta [&hellip;]<\/p>\n","protected":false},"author":6,"featured_media":44994,"comment_status":"open","ping_status":"open","sticky":false,"template":"","format":"standard","meta":{"_acf_changed":false,"site-sidebar-layout":"default","site-content-layout":"","ast-site-content-layout":"default","site-content-style":"default","site-sidebar-style":"default","ast-global-header-display":"","ast-banner-title-visibility":"","ast-main-header-display":"","ast-hfb-above-header-display":"","ast-hfb-below-header-display":"","ast-hfb-mobile-header-display":"","site-post-title":"","ast-breadcrumbs-content":"","ast-featured-img":"","footer-sml-layout":"","ast-disable-related-posts":"","theme-transparent-header-meta":"","adv-header-id-meta":"","stick-header-meta":"","header-above-stick-meta":"","header-main-stick-meta":"","header-below-stick-meta":"","astra-migrate-meta-layouts":"default","ast-page-background-enabled":"default","ast-page-background-meta":{"desktop":{"background-color":"var(--ast-global-color-5)","background-image":"","background-repeat":"repeat","background-position":"center center","background-size":"auto","background-attachment":"scroll","background-type":"","background-media":"","overlay-type":"","overlay-color":"","overlay-opacity":"","overlay-gradient":""},"tablet":{"background-color":"","background-image":"","background-repeat":"repeat","background-position":"center center","background-size":"auto","background-attachment":"scroll","background-type":"","background-media":"","overlay-type":"","overlay-color":"","overlay-opacity":"","overlay-gradient":""},"mobile":{"background-color":"","background-image":"","background-repeat":"repeat","background-position":"center center","background-size":"auto","background-attachment":"scroll","background-type":"","background-media":"","overlay-type":"","overlay-color":"","overlay-opacity":"","overlay-gradient":""}},"ast-content-background-meta":{"desktop":{"background-color":"var(--ast-global-color-4)","background-image":"","background-repeat":"repeat","background-position":"center center","background-size":"auto","background-attachment":"scroll","background-type":"","background-media":"","overlay-type":"","overlay-color":"","overlay-opacity":"","overlay-gradient":""},"tablet":{"background-color":"var(--ast-global-color-4)","background-image":"","background-repeat":"repeat","background-position":"center center","background-size":"auto","background-attachment":"scroll","background-type":"","background-media":"","overlay-type":"","overlay-color":"","overlay-opacity":"","overlay-gradient":""},"mobile":{"background-color":"var(--ast-global-color-4)","background-image":"","background-repeat":"repeat","background-position":"center center","background-size":"auto","background-attachment":"scroll","background-type":"","background-media":"","overlay-type":"","overlay-color":"","overlay-opacity":"","overlay-gradient":""}},"footnotes":""},"categories":[90,1,2467,8,115],"tags":[],"class_list":["post-44985","post","type-post","status-publish","format-standard","has-post-thumbnail","hentry","category-beneficios","category-blog","category-eventos","category-noticias","category-noticias-aje"],"acf":[],"yoast_head":"<!-- This site is optimized with the Yoast SEO plugin v26.9 - https:\/\/yoast.com\/product\/yoast-seo-wordpress\/ -->\n<title>Pacto por la mujer joven y emprendedora (12M) - AJE Granada<\/title>\n<meta name=\"robots\" content=\"index, follow, max-snippet:-1, max-image-preview:large, max-video-preview:-1\" \/>\n<link rel=\"canonical\" href=\"https:\/\/ajeandalucia.org\/granada\/2024\/03\/12\/pacto-por-la-mujer-joven-y-emprendedora-12m\/\" \/>\n<meta property=\"og:locale\" content=\"es_ES\" \/>\n<meta property=\"og:type\" content=\"article\" \/>\n<meta property=\"og:title\" content=\"Pacto por la mujer joven y emprendedora (12M) - AJE Granada\" \/>\n<meta property=\"og:description\" content=\"Pacto por la mujer joven y emprendedora (12M) Granada, 12 de marzo de 2024 En un acto significativo que resalta [&hellip;]\" \/>\n<meta property=\"og:url\" content=\"https:\/\/ajeandalucia.org\/granada\/2024\/03\/12\/pacto-por-la-mujer-joven-y-emprendedora-12m\/\" \/>\n<meta property=\"og:site_name\" content=\"AJE Granada\" \/>\n<meta property=\"article:published_time\" content=\"2024-03-12T16:43:24+00:00\" \/>\n<meta property=\"og:image\" content=\"https:\/\/ajeandalucia.org\/granada\/wp-content\/uploads\/sites\/7\/2024\/03\/Captura-de-pantalla-2024-03-12-174146.png\" \/>\n\t<meta property=\"og:image:width\" content=\"918\" \/>\n\t<meta property=\"og:image:height\" content=\"612\" \/>\n\t<meta property=\"og:image:type\" content=\"image\/png\" \/>\n<meta name=\"author\" content=\"granada\" \/>\n<meta name=\"twitter:card\" content=\"summary_large_image\" \/>\n<meta name=\"twitter:label1\" content=\"Escrito por\" \/>\n\t<meta name=\"twitter:data1\" content=\"granada\" \/>\n\t<meta name=\"twitter:label2\" content=\"Tiempo de lectura\" \/>\n\t<meta name=\"twitter:data2\" content=\"6 minutos\" \/>\n<script type=\"application\/ld+json\" class=\"yoast-schema-graph\">{\"@context\":\"https:\/\/schema.org\",\"@graph\":[{\"@type\":\"Article\",\"@id\":\"https:\/\/ajeandalucia.org\/granada\/2024\/03\/12\/pacto-por-la-mujer-joven-y-emprendedora-12m\/#article\",\"isPartOf\":{\"@id\":\"https:\/\/ajeandalucia.org\/granada\/2024\/03\/12\/pacto-por-la-mujer-joven-y-emprendedora-12m\/\"},\"author\":{\"name\":\"granada\",\"@id\":\"https:\/\/ajeandalucia.org\/granada\/#\/schema\/person\/11740bd602b2087a5d9913ce7ad3b931\"},\"headline\":\"Pacto por la mujer joven y emprendedora (12M)\",\"datePublished\":\"2024-03-12T16:43:24+00:00\",\"mainEntityOfPage\":{\"@id\":\"https:\/\/ajeandalucia.org\/granada\/2024\/03\/12\/pacto-por-la-mujer-joven-y-emprendedora-12m\/\"},\"wordCount\":1185,\"commentCount\":0,\"publisher\":{\"@id\":\"https:\/\/ajeandalucia.org\/granada\/#organization\"},\"image\":{\"@id\":\"https:\/\/ajeandalucia.org\/granada\/2024\/03\/12\/pacto-por-la-mujer-joven-y-emprendedora-12m\/#primaryimage\"},\"thumbnailUrl\":\"https:\/\/ajeandalucia.org\/granada\/wp-content\/uploads\/sites\/7\/2024\/03\/Captura-de-pantalla-2024-03-12-174146.png\",\"articleSection\":[\"beneficios entre socios\",\"Blog\",\"Eventos\",\"Noticias\",\"Noticias aje\"],\"inLanguage\":\"es\",\"potentialAction\":[{\"@type\":\"CommentAction\",\"name\":\"Comment\",\"target\":[\"https:\/\/ajeandalucia.org\/granada\/2024\/03\/12\/pacto-por-la-mujer-joven-y-emprendedora-12m\/#respond\"]}]},{\"@type\":\"WebPage\",\"@id\":\"https:\/\/ajeandalucia.org\/granada\/2024\/03\/12\/pacto-por-la-mujer-joven-y-emprendedora-12m\/\",\"url\":\"https:\/\/ajeandalucia.org\/granada\/2024\/03\/12\/pacto-por-la-mujer-joven-y-emprendedora-12m\/\",\"name\":\"Pacto por la mujer joven y emprendedora (12M) - AJE Granada\",\"isPartOf\":{\"@id\":\"https:\/\/ajeandalucia.org\/granada\/#website\"},\"primaryImageOfPage\":{\"@id\":\"https:\/\/ajeandalucia.org\/granada\/2024\/03\/12\/pacto-por-la-mujer-joven-y-emprendedora-12m\/#primaryimage\"},\"image\":{\"@id\":\"https:\/\/ajeandalucia.org\/granada\/2024\/03\/12\/pacto-por-la-mujer-joven-y-emprendedora-12m\/#primaryimage\"},\"thumbnailUrl\":\"https:\/\/ajeandalucia.org\/granada\/wp-content\/uploads\/sites\/7\/2024\/03\/Captura-de-pantalla-2024-03-12-174146.png\",\"datePublished\":\"2024-03-12T16:43:24+00:00\",\"breadcrumb\":{\"@id\":\"https:\/\/ajeandalucia.org\/granada\/2024\/03\/12\/pacto-por-la-mujer-joven-y-emprendedora-12m\/#breadcrumb\"},\"inLanguage\":\"es\",\"potentialAction\":[{\"@type\":\"ReadAction\",\"target\":[\"https:\/\/ajeandalucia.org\/granada\/2024\/03\/12\/pacto-por-la-mujer-joven-y-emprendedora-12m\/\"]}]},{\"@type\":\"ImageObject\",\"inLanguage\":\"es\",\"@id\":\"https:\/\/ajeandalucia.org\/granada\/2024\/03\/12\/pacto-por-la-mujer-joven-y-emprendedora-12m\/#primaryimage\",\"url\":\"https:\/\/ajeandalucia.org\/granada\/wp-content\/uploads\/sites\/7\/2024\/03\/Captura-de-pantalla-2024-03-12-174146.png\",\"contentUrl\":\"https:\/\/ajeandalucia.org\/granada\/wp-content\/uploads\/sites\/7\/2024\/03\/Captura-de-pantalla-2024-03-12-174146.png\",\"width\":918,\"height\":612},{\"@type\":\"BreadcrumbList\",\"@id\":\"https:\/\/ajeandalucia.org\/granada\/2024\/03\/12\/pacto-por-la-mujer-joven-y-emprendedora-12m\/#breadcrumb\",\"itemListElement\":[{\"@type\":\"ListItem\",\"position\":1,\"name\":\"Portada\",\"item\":\"https:\/\/ajeandalucia.org\/granada\/\"},{\"@type\":\"ListItem\",\"position\":2,\"name\":\"Pacto por la mujer joven y emprendedora (12M)\"}]},{\"@type\":\"WebSite\",\"@id\":\"https:\/\/ajeandalucia.org\/granada\/#website\",\"url\":\"https:\/\/ajeandalucia.org\/granada\/\",\"name\":\"AJE Granada\",\"description\":\"J\u00f3venes Empresarios de Granada\",\"publisher\":{\"@id\":\"https:\/\/ajeandalucia.org\/granada\/#organization\"},\"potentialAction\":[{\"@type\":\"SearchAction\",\"target\":{\"@type\":\"EntryPoint\",\"urlTemplate\":\"https:\/\/ajeandalucia.org\/granada\/?s={search_term_string}\"},\"query-input\":{\"@type\":\"PropertyValueSpecification\",\"valueRequired\":true,\"valueName\":\"search_term_string\"}}],\"inLanguage\":\"es\"},{\"@type\":\"Organization\",\"@id\":\"https:\/\/ajeandalucia.org\/granada\/#organization\",\"name\":\"AJE Granada\",\"url\":\"https:\/\/ajeandalucia.org\/granada\/\",\"logo\":{\"@type\":\"ImageObject\",\"inLanguage\":\"es\",\"@id\":\"https:\/\/ajeandalucia.org\/granada\/#\/schema\/logo\/image\/\",\"url\":\"https:\/\/ajeandalucia.org\/granada\/wp-content\/uploads\/sites\/7\/2025\/02\/AJE-GRANADA-horizontal.png\",\"contentUrl\":\"https:\/\/ajeandalucia.org\/granada\/wp-content\/uploads\/sites\/7\/2025\/02\/AJE-GRANADA-horizontal.png\",\"width\":612,\"height\":200,\"caption\":\"AJE Granada\"},\"image\":{\"@id\":\"https:\/\/ajeandalucia.org\/granada\/#\/schema\/logo\/image\/\"}},{\"@type\":\"Person\",\"@id\":\"https:\/\/ajeandalucia.org\/granada\/#\/schema\/person\/11740bd602b2087a5d9913ce7ad3b931\",\"name\":\"granada\",\"image\":{\"@type\":\"ImageObject\",\"inLanguage\":\"es\",\"@id\":\"https:\/\/ajeandalucia.org\/granada\/#\/schema\/person\/image\/\",\"url\":\"https:\/\/secure.gravatar.com\/avatar\/d3efaa03945b79a8aad01845a3fd3b3535448eae49310ea0a5677e96e0e68b63?s=96&d=mm&r=g\",\"contentUrl\":\"https:\/\/secure.gravatar.com\/avatar\/d3efaa03945b79a8aad01845a3fd3b3535448eae49310ea0a5677e96e0e68b63?s=96&d=mm&r=g\",\"caption\":\"granada\"},\"url\":\"https:\/\/ajeandalucia.org\/granada\/author\/granada\/\"}]}<\/script>\n<!-- \/ Yoast SEO plugin. -->","yoast_head_json":{"title":"Pacto por la mujer joven y emprendedora (12M) - AJE Granada","robots":{"index":"index","follow":"follow","max-snippet":"max-snippet:-1","max-image-preview":"max-image-preview:large","max-video-preview":"max-video-preview:-1"},"canonical":"https:\/\/ajeandalucia.org\/granada\/2024\/03\/12\/pacto-por-la-mujer-joven-y-emprendedora-12m\/","og_locale":"es_ES","og_type":"article","og_title":"Pacto por la mujer joven y emprendedora (12M) - AJE Granada","og_description":"Pacto por la mujer joven y emprendedora (12M) Granada, 12 de marzo de 2024 En un acto significativo que resalta [&hellip;]","og_url":"https:\/\/ajeandalucia.org\/granada\/2024\/03\/12\/pacto-por-la-mujer-joven-y-emprendedora-12m\/","og_site_name":"AJE Granada","article_published_time":"2024-03-12T16:43:24+00:00","og_image":[{"width":918,"height":612,"url":"https:\/\/ajeandalucia.org\/granada\/wp-content\/uploads\/sites\/7\/2024\/03\/Captura-de-pantalla-2024-03-12-174146.png","type":"image\/png"}],"author":"granada","twitter_card":"summary_large_image","twitter_misc":{"Escrito por":"granada","Tiempo de lectura":"6 minutos"},"schema":{"@context":"https:\/\/schema.org","@graph":[{"@type":"Article","@id":"https:\/\/ajeandalucia.org\/granada\/2024\/03\/12\/pacto-por-la-mujer-joven-y-emprendedora-12m\/#article","isPartOf":{"@id":"https:\/\/ajeandalucia.org\/granada\/2024\/03\/12\/pacto-por-la-mujer-joven-y-emprendedora-12m\/"},"author":{"name":"granada","@id":"https:\/\/ajeandalucia.org\/granada\/#\/schema\/person\/11740bd602b2087a5d9913ce7ad3b931"},"headline":"Pacto por la mujer joven y emprendedora (12M)","datePublished":"2024-03-12T16:43:24+00:00","mainEntityOfPage":{"@id":"https:\/\/ajeandalucia.org\/granada\/2024\/03\/12\/pacto-por-la-mujer-joven-y-emprendedora-12m\/"},"wordCount":1185,"commentCount":0,"publisher":{"@id":"https:\/\/ajeandalucia.org\/granada\/#organization"},"image":{"@id":"https:\/\/ajeandalucia.org\/granada\/2024\/03\/12\/pacto-por-la-mujer-joven-y-emprendedora-12m\/#primaryimage"},"thumbnailUrl":"https:\/\/ajeandalucia.org\/granada\/wp-content\/uploads\/sites\/7\/2024\/03\/Captura-de-pantalla-2024-03-12-174146.png","articleSection":["beneficios entre socios","Blog","Eventos","Noticias","Noticias aje"],"inLanguage":"es","potentialAction":[{"@type":"CommentAction","name":"Comment","target":["https:\/\/ajeandalucia.org\/granada\/2024\/03\/12\/pacto-por-la-mujer-joven-y-emprendedora-12m\/#respond"]}]},{"@type":"WebPage","@id":"https:\/\/ajeandalucia.org\/granada\/2024\/03\/12\/pacto-por-la-mujer-joven-y-emprendedora-12m\/","url":"https:\/\/ajeandalucia.org\/granada\/2024\/03\/12\/pacto-por-la-mujer-joven-y-emprendedora-12m\/","name":"Pacto por la mujer joven y emprendedora (12M) - AJE Granada","isPartOf":{"@id":"https:\/\/ajeandalucia.org\/granada\/#website"},"primaryImageOfPage":{"@id":"https:\/\/ajeandalucia.org\/granada\/2024\/03\/12\/pacto-por-la-mujer-joven-y-emprendedora-12m\/#primaryimage"},"image":{"@id":"https:\/\/ajeandalucia.org\/granada\/2024\/03\/12\/pacto-por-la-mujer-joven-y-emprendedora-12m\/#primaryimage"},"thumbnailUrl":"https:\/\/ajeandalucia.org\/granada\/wp-content\/uploads\/sites\/7\/2024\/03\/Captura-de-pantalla-2024-03-12-174146.png","datePublished":"2024-03-12T16:43:24+00:00","breadcrumb":{"@id":"https:\/\/ajeandalucia.org\/granada\/2024\/03\/12\/pacto-por-la-mujer-joven-y-emprendedora-12m\/#breadcrumb"},"inLanguage":"es","potentialAction":[{"@type":"ReadAction","target":["https:\/\/ajeandalucia.org\/granada\/2024\/03\/12\/pacto-por-la-mujer-joven-y-emprendedora-12m\/"]}]},{"@type":"ImageObject","inLanguage":"es","@id":"https:\/\/ajeandalucia.org\/granada\/2024\/03\/12\/pacto-por-la-mujer-joven-y-emprendedora-12m\/#primaryimage","url":"https:\/\/ajeandalucia.org\/granada\/wp-content\/uploads\/sites\/7\/2024\/03\/Captura-de-pantalla-2024-03-12-174146.png","contentUrl":"https:\/\/ajeandalucia.org\/granada\/wp-content\/uploads\/sites\/7\/2024\/03\/Captura-de-pantalla-2024-03-12-174146.png","width":918,"height":612},{"@type":"BreadcrumbList","@id":"https:\/\/ajeandalucia.org\/granada\/2024\/03\/12\/pacto-por-la-mujer-joven-y-emprendedora-12m\/#breadcrumb","itemListElement":[{"@type":"ListItem","position":1,"name":"Portada","item":"https:\/\/ajeandalucia.org\/granada\/"},{"@type":"ListItem","position":2,"name":"Pacto por la mujer joven y emprendedora (12M)"}]},{"@type":"WebSite","@id":"https:\/\/ajeandalucia.org\/granada\/#website","url":"https:\/\/ajeandalucia.org\/granada\/","name":"AJE Granada","description":"J\u00f3venes Empresarios de Granada","publisher":{"@id":"https:\/\/ajeandalucia.org\/granada\/#organization"},"potentialAction":[{"@type":"SearchAction","target":{"@type":"EntryPoint","urlTemplate":"https:\/\/ajeandalucia.org\/granada\/?s={search_term_string}"},"query-input":{"@type":"PropertyValueSpecification","valueRequired":true,"valueName":"search_term_string"}}],"inLanguage":"es"},{"@type":"Organization","@id":"https:\/\/ajeandalucia.org\/granada\/#organization","name":"AJE Granada","url":"https:\/\/ajeandalucia.org\/granada\/","logo":{"@type":"ImageObject","inLanguage":"es","@id":"https:\/\/ajeandalucia.org\/granada\/#\/schema\/logo\/image\/","url":"https:\/\/ajeandalucia.org\/granada\/wp-content\/uploads\/sites\/7\/2025\/02\/AJE-GRANADA-horizontal.png","contentUrl":"https:\/\/ajeandalucia.org\/granada\/wp-content\/uploads\/sites\/7\/2025\/02\/AJE-GRANADA-horizontal.png","width":612,"height":200,"caption":"AJE Granada"},"image":{"@id":"https:\/\/ajeandalucia.org\/granada\/#\/schema\/logo\/image\/"}},{"@type":"Person","@id":"https:\/\/ajeandalucia.org\/granada\/#\/schema\/person\/11740bd602b2087a5d9913ce7ad3b931","name":"granada","image":{"@type":"ImageObject","inLanguage":"es","@id":"https:\/\/ajeandalucia.org\/granada\/#\/schema\/person\/image\/","url":"https:\/\/secure.gravatar.com\/avatar\/d3efaa03945b79a8aad01845a3fd3b3535448eae49310ea0a5677e96e0e68b63?s=96&d=mm&r=g","contentUrl":"https:\/\/secure.gravatar.com\/avatar\/d3efaa03945b79a8aad01845a3fd3b3535448eae49310ea0a5677e96e0e68b63?s=96&d=mm&r=g","caption":"granada"},"url":"https:\/\/ajeandalucia.org\/granada\/author\/granada\/"}]}},"_links":{"self":[{"href":"https:\/\/ajeandalucia.org\/granada\/wp-json\/wp\/v2\/posts\/44985","targetHints":{"allow":["GET"]}}],"collection":[{"href":"https:\/\/ajeandalucia.org\/granada\/wp-json\/wp\/v2\/posts"}],"about":[{"href":"https:\/\/ajeandalucia.org\/granada\/wp-json\/wp\/v2\/types\/post"}],"author":[{"embeddable":true,"href":"https:\/\/ajeandalucia.org\/granada\/wp-json\/wp\/v2\/users\/6"}],"replies":[{"embeddable":true,"href":"https:\/\/ajeandalucia.org\/granada\/wp-json\/wp\/v2\/comments?post=44985"}],"version-history":[{"count":1,"href":"https:\/\/ajeandalucia.org\/granada\/wp-json\/wp\/v2\/posts\/44985\/revisions"}],"predecessor-version":[{"id":44995,"href":"https:\/\/ajeandalucia.org\/granada\/wp-json\/wp\/v2\/posts\/44985\/revisions\/44995"}],"wp:featuredmedia":[{"embeddable":true,"href":"https:\/\/ajeandalucia.org\/granada\/wp-json\/wp\/v2\/media\/44994"}],"wp:attachment":[{"href":"https:\/\/ajeandalucia.org\/granada\/wp-json\/wp\/v2\/media?parent=44985"}],"wp:term":[{"taxonomy":"category","embeddable":true,"href":"https:\/\/ajeandalucia.org\/granada\/wp-json\/wp\/v2\/categories?post=44985"},{"taxonomy":"post_tag","embeddable":true,"href":"https:\/\/ajeandalucia.org\/granada\/wp-json\/wp\/v2\/tags?post=44985"}],"curies":[{"name":"wp","href":"https:\/\/api.w.org\/{rel}","templated":true}]}}