{"id":45167,"date":"2024-04-16T16:45:12","date_gmt":"2024-04-16T14:45:12","guid":{"rendered":"https:\/\/www.ajeandalucia.org\/granada\/?p=45167"},"modified":"2024-04-16T16:45:12","modified_gmt":"2024-04-16T14:45:12","slug":"los-jovenes-empresarios-senalan-el-futuro-de-granada-en-el-dia-mundial-del-emprendimiento","status":"publish","type":"post","link":"https:\/\/ajeandalucia.org\/granada\/2024\/04\/16\/los-jovenes-empresarios-senalan-el-futuro-de-granada-en-el-dia-mundial-del-emprendimiento\/","title":{"rendered":"Los j\u00f3venes empresarios se\u00f1alan el futuro de Granada en el D\u00eda Mundial del Emprendimiento"},"content":{"rendered":"<p><strong>Los j\u00f3venes empresarios se\u00f1alan el futuro de Granada en el D\u00eda Mundial del Emprendimiento<\/strong><\/p>\n<p><strong>Granada, 16 de abril de 2024<\/strong> &#8211; En el marco del D\u00eda Mundial del Emprendimiento, que se celebra hoy, los j\u00f3venes empresarios de la provincia de Granada se unen para destacar el papel crucial del emprendimiento en el futuro de la provincia. En un gesto simb\u00f3lico, para resaltar el potencial emprendedor de Granada y su contribuci\u00f3n al desarrollo econ\u00f3mico y social de la provincia, la Junta Directiva de AJE Granada se ha reunido hoy en el mirador de San Nicol\u00e1s, con la Alhambra de fondo.<\/p>\n<p>Carlos \u00c1lvarez Navas-Parejo, presidente de AJE Granada y de las comisiones de emprendimiento de la C\u00e1mara de Comercio de Granada y la Confederaci\u00f3n Granadina de Empresarios, afirm\u00f3: \u201cCelebramos el D\u00eda Mundial del Emprendimiento con la convicci\u00f3n de que los j\u00f3venes empresarios somos el motor de cambio y progreso en nuestra provincia. Es fundamental promover un entorno favorable para el emprendimiento, donde la innovaci\u00f3n y la creatividad puedan florecer y consolidarse\u201d.<\/p>\n<p>\u00c1lvarez Navas-Parejo tambi\u00e9n destac\u00f3 la importancia del Plan General de Emprendimiento de la Junta de Andaluc\u00eda, al que AJE Granada apoya y se adhiere. &#8220;Uno de los objetivos principales de este plan es mejorar la visibilidad y promover el esp\u00edritu emprendedor en toda la provincia&#8221;, se\u00f1al\u00f3. &#8220;En este d\u00eda, reiteramos la importancia de crear incentivos y apoyos para fortalecer a las empresas emergentes y garantizar su consolidaci\u00f3n en el mercado&#8221;.<\/p>\n<p>Asimismo, expres\u00f3 su preocupaci\u00f3n por la falta de talante del gobierno central para abordar medidas cruciales, como la jornada laboral. Esta falta de voluntad para negociar con los agentes sociales ha generado inseguridad legislativa y ha ahuyentado la inversi\u00f3n privada, obstaculizando el desarrollo empresarial en la provincia, lo que sin duda es un freno al emprendimiento.<\/p>\n<p>Con una tasa de desempleo juvenil en Andaluc\u00eda del 38,90%, es evidente la urgencia de implementar medidas efectivas para combatir esta situaci\u00f3n. A pesar del potencial emprendedor de los j\u00f3venes, es necesario seguir apostando por pol\u00edticas que fomenten la consolidaci\u00f3n empresarial y generen oportunidades de empleo sostenibles. En este sentido, AJE Granada se posiciona como el soporte fundamental para todos los j\u00f3venes empresarios y emprendedores de la provincia. La asociaci\u00f3n proporciona la experiencia profesional y la formaci\u00f3n empresarial necesaria para impulsar el \u00e9xito de los nuevos proyectos y garantizar su crecimiento a largo plazo.<\/p>\n<p>&nbsp;<\/p>\n<p><strong>Unidad de la patronal en torno al emprendimiento<\/strong><\/p>\n<p>Otros representantes empresariales acudieron a la cita como Mar\u00eda Vera, Secretaria General de la Confederaci\u00f3n Granadina de Empresarios, que agreg\u00f3: &#8220;La Confederaci\u00f3n Granadina de Empresarios respalda firmemente el esp\u00edritu emprendedor de los j\u00f3venes empresarios de nuestra provincia. Celebramos este d\u00eda como una oportunidad para destacar su valiosa contribuci\u00f3n al tejido empresarial y para promover un entorno favorable para la creaci\u00f3n y consolidaci\u00f3n de empresas en Granada\u201d.<\/p>\n<p>Por su parte, tambi\u00e9n presente, Isabel Contreras, Secretaria General de la C\u00e1mara de Comercio de Granada, expres\u00f3: &#8220;Desde la C\u00e1mara de Comercio de Granada, reconocemos la importancia del emprendimiento como motor de crecimiento econ\u00f3mico y generaci\u00f3n de empleo en nuestra provincia. Granada necesita m\u00e1s que nunca del talento joven y emprendedor para afrontar con \u00e9xito todos los proyectos de futuro en los que est\u00e1 inmersa. Estamos comprometidos en apoyar a los j\u00f3venes empresarios y en colaborar con iniciativas como esta que promueven el desarrollo empresarial en nuestro territorio&#8221;.<\/p>\n<p>Alejandro Aguado, vicepresidente de AJE Granada, quiso finalizar la intervenci\u00f3n de la Junta Directiva reiterando: \u201cEl D\u00eda Mundial del Emprendimiento es una oportunidad para inspirar a la pr\u00f3xima generaci\u00f3n de empresarios y empresarias. En AJE Granada, estamos comprometidos en apoyar y promover el talento emprendedor de nuestra provincia\u201d.<\/p>\n<p>En la foto simb\u00f3lica que se realiz\u00f3 en el mirador de San Nicol\u00e1s, estuvieron presentes los miembros de la Junta Directiva de AJE Granada, as\u00ed como las t\u00e9cnicas de la asociaci\u00f3n: Pilar Rivas, gerente; Ana Gonz\u00e1lez, t\u00e9cnico de la asociaci\u00f3n; Carlos \u00c1lvarez Navas-Parejo Mar\u00eda Jos\u00e9 Gil; Dani Palumbo; , Alejandro Aguado, Patricia Porras y Raquel Maldonado. Junto a Isabel Contreras y Mar\u00eda Vera, representantes de la C\u00e1mara de Comercio de Granada y la Confederaci\u00f3n Granadina de Empresarios respectivamente.<\/p>\n","protected":false},"excerpt":{"rendered":"<p>Los j\u00f3venes empresarios se\u00f1alan el futuro de Granada en el D\u00eda Mundial del Emprendimiento Granada, 16 de abril de 2024 [&hellip;]<\/p>\n","protected":false},"author":6,"featured_media":45168,"comment_status":"open","ping_status":"open","sticky":false,"template":"","format":"standard","meta":{"_acf_changed":false,"site-sidebar-layout":"default","site-content-layout":"","ast-site-content-layout":"default","site-content-style":"default","site-sidebar-style":"default","ast-global-header-display":"","ast-banner-title-visibility":"","ast-main-header-display":"","ast-hfb-above-header-display":"","ast-hfb-below-header-display":"","ast-hfb-mobile-header-display":"","site-post-title":"","ast-breadcrumbs-content":"","ast-featured-img":"","footer-sml-layout":"","ast-disable-related-posts":"","theme-transparent-header-meta":"","adv-header-id-meta":"","stick-header-meta":"","header-above-stick-meta":"","header-main-stick-meta":"","header-below-stick-meta":"","astra-migrate-meta-layouts":"default","ast-page-background-enabled":"default","ast-page-background-meta":{"desktop":{"background-color":"var(--ast-global-color-5)","background-image":"","background-repeat":"repeat","background-position":"center center","background-size":"auto","background-attachment":"scroll","background-type":"","background-media":"","overlay-type":"","overlay-color":"","overlay-opacity":"","overlay-gradient":""},"tablet":{"background-color":"","background-image":"","background-repeat":"repeat","background-position":"center center","background-size":"auto","background-attachment":"scroll","background-type":"","background-media":"","overlay-type":"","overlay-color":"","overlay-opacity":"","overlay-gradient":""},"mobile":{"background-color":"","background-image":"","background-repeat":"repeat","background-position":"center center","background-size":"auto","background-attachment":"scroll","background-type":"","background-media":"","overlay-type":"","overlay-color":"","overlay-opacity":"","overlay-gradient":""}},"ast-content-background-meta":{"desktop":{"background-color":"var(--ast-global-color-4)","background-image":"","background-repeat":"repeat","background-position":"center center","background-size":"auto","background-attachment":"scroll","background-type":"","background-media":"","overlay-type":"","overlay-color":"","overlay-opacity":"","overlay-gradient":""},"tablet":{"background-color":"var(--ast-global-color-4)","background-image":"","background-repeat":"repeat","background-position":"center center","background-size":"auto","background-attachment":"scroll","background-type":"","background-media":"","overlay-type":"","overlay-color":"","overlay-opacity":"","overlay-gradient":""},"mobile":{"background-color":"var(--ast-global-color-4)","background-image":"","background-repeat":"repeat","background-position":"center center","background-size":"auto","background-attachment":"scroll","background-type":"","background-media":"","overlay-type":"","overlay-color":"","overlay-opacity":"","overlay-gradient":""}},"footnotes":""},"categories":[8,115],"tags":[],"class_list":["post-45167","post","type-post","status-publish","format-standard","has-post-thumbnail","hentry","category-noticias","category-noticias-aje"],"acf":[],"yoast_head":"<!-- This site is optimized with the Yoast SEO plugin v26.9 - https:\/\/yoast.com\/product\/yoast-seo-wordpress\/ -->\n<title>Los j\u00f3venes empresarios se\u00f1alan el futuro de Granada en el D\u00eda Mundial del Emprendimiento - AJE Granada<\/title>\n<meta name=\"robots\" content=\"index, follow, max-snippet:-1, max-image-preview:large, max-video-preview:-1\" \/>\n<link rel=\"canonical\" href=\"https:\/\/ajeandalucia.org\/granada\/2024\/04\/16\/los-jovenes-empresarios-senalan-el-futuro-de-granada-en-el-dia-mundial-del-emprendimiento\/\" \/>\n<meta property=\"og:locale\" content=\"es_ES\" \/>\n<meta property=\"og:type\" content=\"article\" \/>\n<meta property=\"og:title\" content=\"Los j\u00f3venes empresarios se\u00f1alan el futuro de Granada en el D\u00eda Mundial del Emprendimiento - AJE Granada\" \/>\n<meta property=\"og:description\" content=\"Los j\u00f3venes empresarios se\u00f1alan el futuro de Granada en el D\u00eda Mundial del Emprendimiento Granada, 16 de abril de 2024 [&hellip;]\" \/>\n<meta property=\"og:url\" content=\"https:\/\/ajeandalucia.org\/granada\/2024\/04\/16\/los-jovenes-empresarios-senalan-el-futuro-de-granada-en-el-dia-mundial-del-emprendimiento\/\" \/>\n<meta property=\"og:site_name\" content=\"AJE Granada\" \/>\n<meta property=\"article:published_time\" content=\"2024-04-16T14:45:12+00:00\" \/>\n<meta property=\"og:image\" content=\"https:\/\/ajeandalucia.org\/granada\/wp-content\/uploads\/sites\/7\/2024\/04\/Imagen-de-WhatsApp-2024-04-16-a-las-11.49.16_e7ffef15.jpg\" \/>\n\t<meta property=\"og:image:width\" content=\"1600\" \/>\n\t<meta property=\"og:image:height\" content=\"1200\" \/>\n\t<meta property=\"og:image:type\" content=\"image\/jpeg\" \/>\n<meta name=\"author\" content=\"granada\" \/>\n<meta name=\"twitter:card\" content=\"summary_large_image\" \/>\n<meta name=\"twitter:label1\" content=\"Escrito por\" \/>\n\t<meta name=\"twitter:data1\" content=\"granada\" \/>\n\t<meta name=\"twitter:label2\" content=\"Tiempo de lectura\" \/>\n\t<meta name=\"twitter:data2\" content=\"4 minutos\" \/>\n<script type=\"application\/ld+json\" class=\"yoast-schema-graph\">{\"@context\":\"https:\/\/schema.org\",\"@graph\":[{\"@type\":\"Article\",\"@id\":\"https:\/\/ajeandalucia.org\/granada\/2024\/04\/16\/los-jovenes-empresarios-senalan-el-futuro-de-granada-en-el-dia-mundial-del-emprendimiento\/#article\",\"isPartOf\":{\"@id\":\"https:\/\/ajeandalucia.org\/granada\/2024\/04\/16\/los-jovenes-empresarios-senalan-el-futuro-de-granada-en-el-dia-mundial-del-emprendimiento\/\"},\"author\":{\"name\":\"granada\",\"@id\":\"https:\/\/ajeandalucia.org\/granada\/#\/schema\/person\/11740bd602b2087a5d9913ce7ad3b931\"},\"headline\":\"Los j\u00f3venes empresarios se\u00f1alan el futuro de Granada en el D\u00eda Mundial del Emprendimiento\",\"datePublished\":\"2024-04-16T14:45:12+00:00\",\"mainEntityOfPage\":{\"@id\":\"https:\/\/ajeandalucia.org\/granada\/2024\/04\/16\/los-jovenes-empresarios-senalan-el-futuro-de-granada-en-el-dia-mundial-del-emprendimiento\/\"},\"wordCount\":753,\"commentCount\":0,\"publisher\":{\"@id\":\"https:\/\/ajeandalucia.org\/granada\/#organization\"},\"image\":{\"@id\":\"https:\/\/ajeandalucia.org\/granada\/2024\/04\/16\/los-jovenes-empresarios-senalan-el-futuro-de-granada-en-el-dia-mundial-del-emprendimiento\/#primaryimage\"},\"thumbnailUrl\":\"https:\/\/ajeandalucia.org\/granada\/wp-content\/uploads\/sites\/7\/2024\/04\/Imagen-de-WhatsApp-2024-04-16-a-las-11.49.16_e7ffef15.jpg\",\"articleSection\":[\"Noticias\",\"Noticias aje\"],\"inLanguage\":\"es\",\"potentialAction\":[{\"@type\":\"CommentAction\",\"name\":\"Comment\",\"target\":[\"https:\/\/ajeandalucia.org\/granada\/2024\/04\/16\/los-jovenes-empresarios-senalan-el-futuro-de-granada-en-el-dia-mundial-del-emprendimiento\/#respond\"]}]},{\"@type\":\"WebPage\",\"@id\":\"https:\/\/ajeandalucia.org\/granada\/2024\/04\/16\/los-jovenes-empresarios-senalan-el-futuro-de-granada-en-el-dia-mundial-del-emprendimiento\/\",\"url\":\"https:\/\/ajeandalucia.org\/granada\/2024\/04\/16\/los-jovenes-empresarios-senalan-el-futuro-de-granada-en-el-dia-mundial-del-emprendimiento\/\",\"name\":\"Los j\u00f3venes empresarios se\u00f1alan el futuro de Granada en el D\u00eda Mundial del Emprendimiento - AJE Granada\",\"isPartOf\":{\"@id\":\"https:\/\/ajeandalucia.org\/granada\/#website\"},\"primaryImageOfPage\":{\"@id\":\"https:\/\/ajeandalucia.org\/granada\/2024\/04\/16\/los-jovenes-empresarios-senalan-el-futuro-de-granada-en-el-dia-mundial-del-emprendimiento\/#primaryimage\"},\"image\":{\"@id\":\"https:\/\/ajeandalucia.org\/granada\/2024\/04\/16\/los-jovenes-empresarios-senalan-el-futuro-de-granada-en-el-dia-mundial-del-emprendimiento\/#primaryimage\"},\"thumbnailUrl\":\"https:\/\/ajeandalucia.org\/granada\/wp-content\/uploads\/sites\/7\/2024\/04\/Imagen-de-WhatsApp-2024-04-16-a-las-11.49.16_e7ffef15.jpg\",\"datePublished\":\"2024-04-16T14:45:12+00:00\",\"breadcrumb\":{\"@id\":\"https:\/\/ajeandalucia.org\/granada\/2024\/04\/16\/los-jovenes-empresarios-senalan-el-futuro-de-granada-en-el-dia-mundial-del-emprendimiento\/#breadcrumb\"},\"inLanguage\":\"es\",\"potentialAction\":[{\"@type\":\"ReadAction\",\"target\":[\"https:\/\/ajeandalucia.org\/granada\/2024\/04\/16\/los-jovenes-empresarios-senalan-el-futuro-de-granada-en-el-dia-mundial-del-emprendimiento\/\"]}]},{\"@type\":\"ImageObject\",\"inLanguage\":\"es\",\"@id\":\"https:\/\/ajeandalucia.org\/granada\/2024\/04\/16\/los-jovenes-empresarios-senalan-el-futuro-de-granada-en-el-dia-mundial-del-emprendimiento\/#primaryimage\",\"url\":\"https:\/\/ajeandalucia.org\/granada\/wp-content\/uploads\/sites\/7\/2024\/04\/Imagen-de-WhatsApp-2024-04-16-a-las-11.49.16_e7ffef15.jpg\",\"contentUrl\":\"https:\/\/ajeandalucia.org\/granada\/wp-content\/uploads\/sites\/7\/2024\/04\/Imagen-de-WhatsApp-2024-04-16-a-las-11.49.16_e7ffef15.jpg\",\"width\":1600,\"height\":1200},{\"@type\":\"BreadcrumbList\",\"@id\":\"https:\/\/ajeandalucia.org\/granada\/2024\/04\/16\/los-jovenes-empresarios-senalan-el-futuro-de-granada-en-el-dia-mundial-del-emprendimiento\/#breadcrumb\",\"itemListElement\":[{\"@type\":\"ListItem\",\"position\":1,\"name\":\"Portada\",\"item\":\"https:\/\/ajeandalucia.org\/granada\/\"},{\"@type\":\"ListItem\",\"position\":2,\"name\":\"Los j\u00f3venes empresarios se\u00f1alan el futuro de Granada en el D\u00eda Mundial del Emprendimiento\"}]},{\"@type\":\"WebSite\",\"@id\":\"https:\/\/ajeandalucia.org\/granada\/#website\",\"url\":\"https:\/\/ajeandalucia.org\/granada\/\",\"name\":\"AJE Granada\",\"description\":\"J\u00f3venes Empresarios de Granada\",\"publisher\":{\"@id\":\"https:\/\/ajeandalucia.org\/granada\/#organization\"},\"potentialAction\":[{\"@type\":\"SearchAction\",\"target\":{\"@type\":\"EntryPoint\",\"urlTemplate\":\"https:\/\/ajeandalucia.org\/granada\/?s={search_term_string}\"},\"query-input\":{\"@type\":\"PropertyValueSpecification\",\"valueRequired\":true,\"valueName\":\"search_term_string\"}}],\"inLanguage\":\"es\"},{\"@type\":\"Organization\",\"@id\":\"https:\/\/ajeandalucia.org\/granada\/#organization\",\"name\":\"AJE Granada\",\"url\":\"https:\/\/ajeandalucia.org\/granada\/\",\"logo\":{\"@type\":\"ImageObject\",\"inLanguage\":\"es\",\"@id\":\"https:\/\/ajeandalucia.org\/granada\/#\/schema\/logo\/image\/\",\"url\":\"https:\/\/ajeandalucia.org\/granada\/wp-content\/uploads\/sites\/7\/2025\/02\/AJE-GRANADA-horizontal.png\",\"contentUrl\":\"https:\/\/ajeandalucia.org\/granada\/wp-content\/uploads\/sites\/7\/2025\/02\/AJE-GRANADA-horizontal.png\",\"width\":612,\"height\":200,\"caption\":\"AJE Granada\"},\"image\":{\"@id\":\"https:\/\/ajeandalucia.org\/granada\/#\/schema\/logo\/image\/\"}},{\"@type\":\"Person\",\"@id\":\"https:\/\/ajeandalucia.org\/granada\/#\/schema\/person\/11740bd602b2087a5d9913ce7ad3b931\",\"name\":\"granada\",\"image\":{\"@type\":\"ImageObject\",\"inLanguage\":\"es\",\"@id\":\"https:\/\/ajeandalucia.org\/granada\/#\/schema\/person\/image\/\",\"url\":\"https:\/\/secure.gravatar.com\/avatar\/d3efaa03945b79a8aad01845a3fd3b3535448eae49310ea0a5677e96e0e68b63?s=96&d=mm&r=g\",\"contentUrl\":\"https:\/\/secure.gravatar.com\/avatar\/d3efaa03945b79a8aad01845a3fd3b3535448eae49310ea0a5677e96e0e68b63?s=96&d=mm&r=g\",\"caption\":\"granada\"},\"url\":\"https:\/\/ajeandalucia.org\/granada\/author\/granada\/\"}]}<\/script>\n<!-- \/ Yoast SEO plugin. -->","yoast_head_json":{"title":"Los j\u00f3venes empresarios se\u00f1alan el futuro de Granada en el D\u00eda Mundial del Emprendimiento - AJE Granada","robots":{"index":"index","follow":"follow","max-snippet":"max-snippet:-1","max-image-preview":"max-image-preview:large","max-video-preview":"max-video-preview:-1"},"canonical":"https:\/\/ajeandalucia.org\/granada\/2024\/04\/16\/los-jovenes-empresarios-senalan-el-futuro-de-granada-en-el-dia-mundial-del-emprendimiento\/","og_locale":"es_ES","og_type":"article","og_title":"Los j\u00f3venes empresarios se\u00f1alan el futuro de Granada en el D\u00eda Mundial del Emprendimiento - AJE Granada","og_description":"Los j\u00f3venes empresarios se\u00f1alan el futuro de Granada en el D\u00eda Mundial del Emprendimiento Granada, 16 de abril de 2024 [&hellip;]","og_url":"https:\/\/ajeandalucia.org\/granada\/2024\/04\/16\/los-jovenes-empresarios-senalan-el-futuro-de-granada-en-el-dia-mundial-del-emprendimiento\/","og_site_name":"AJE Granada","article_published_time":"2024-04-16T14:45:12+00:00","og_image":[{"width":1600,"height":1200,"url":"https:\/\/ajeandalucia.org\/granada\/wp-content\/uploads\/sites\/7\/2024\/04\/Imagen-de-WhatsApp-2024-04-16-a-las-11.49.16_e7ffef15.jpg","type":"image\/jpeg"}],"author":"granada","twitter_card":"summary_large_image","twitter_misc":{"Escrito por":"granada","Tiempo de lectura":"4 minutos"},"schema":{"@context":"https:\/\/schema.org","@graph":[{"@type":"Article","@id":"https:\/\/ajeandalucia.org\/granada\/2024\/04\/16\/los-jovenes-empresarios-senalan-el-futuro-de-granada-en-el-dia-mundial-del-emprendimiento\/#article","isPartOf":{"@id":"https:\/\/ajeandalucia.org\/granada\/2024\/04\/16\/los-jovenes-empresarios-senalan-el-futuro-de-granada-en-el-dia-mundial-del-emprendimiento\/"},"author":{"name":"granada","@id":"https:\/\/ajeandalucia.org\/granada\/#\/schema\/person\/11740bd602b2087a5d9913ce7ad3b931"},"headline":"Los j\u00f3venes empresarios se\u00f1alan el futuro de Granada en el D\u00eda Mundial del Emprendimiento","datePublished":"2024-04-16T14:45:12+00:00","mainEntityOfPage":{"@id":"https:\/\/ajeandalucia.org\/granada\/2024\/04\/16\/los-jovenes-empresarios-senalan-el-futuro-de-granada-en-el-dia-mundial-del-emprendimiento\/"},"wordCount":753,"commentCount":0,"publisher":{"@id":"https:\/\/ajeandalucia.org\/granada\/#organization"},"image":{"@id":"https:\/\/ajeandalucia.org\/granada\/2024\/04\/16\/los-jovenes-empresarios-senalan-el-futuro-de-granada-en-el-dia-mundial-del-emprendimiento\/#primaryimage"},"thumbnailUrl":"https:\/\/ajeandalucia.org\/granada\/wp-content\/uploads\/sites\/7\/2024\/04\/Imagen-de-WhatsApp-2024-04-16-a-las-11.49.16_e7ffef15.jpg","articleSection":["Noticias","Noticias aje"],"inLanguage":"es","potentialAction":[{"@type":"CommentAction","name":"Comment","target":["https:\/\/ajeandalucia.org\/granada\/2024\/04\/16\/los-jovenes-empresarios-senalan-el-futuro-de-granada-en-el-dia-mundial-del-emprendimiento\/#respond"]}]},{"@type":"WebPage","@id":"https:\/\/ajeandalucia.org\/granada\/2024\/04\/16\/los-jovenes-empresarios-senalan-el-futuro-de-granada-en-el-dia-mundial-del-emprendimiento\/","url":"https:\/\/ajeandalucia.org\/granada\/2024\/04\/16\/los-jovenes-empresarios-senalan-el-futuro-de-granada-en-el-dia-mundial-del-emprendimiento\/","name":"Los j\u00f3venes empresarios se\u00f1alan el futuro de Granada en el D\u00eda Mundial del Emprendimiento - AJE Granada","isPartOf":{"@id":"https:\/\/ajeandalucia.org\/granada\/#website"},"primaryImageOfPage":{"@id":"https:\/\/ajeandalucia.org\/granada\/2024\/04\/16\/los-jovenes-empresarios-senalan-el-futuro-de-granada-en-el-dia-mundial-del-emprendimiento\/#primaryimage"},"image":{"@id":"https:\/\/ajeandalucia.org\/granada\/2024\/04\/16\/los-jovenes-empresarios-senalan-el-futuro-de-granada-en-el-dia-mundial-del-emprendimiento\/#primaryimage"},"thumbnailUrl":"https:\/\/ajeandalucia.org\/granada\/wp-content\/uploads\/sites\/7\/2024\/04\/Imagen-de-WhatsApp-2024-04-16-a-las-11.49.16_e7ffef15.jpg","datePublished":"2024-04-16T14:45:12+00:00","breadcrumb":{"@id":"https:\/\/ajeandalucia.org\/granada\/2024\/04\/16\/los-jovenes-empresarios-senalan-el-futuro-de-granada-en-el-dia-mundial-del-emprendimiento\/#breadcrumb"},"inLanguage":"es","potentialAction":[{"@type":"ReadAction","target":["https:\/\/ajeandalucia.org\/granada\/2024\/04\/16\/los-jovenes-empresarios-senalan-el-futuro-de-granada-en-el-dia-mundial-del-emprendimiento\/"]}]},{"@type":"ImageObject","inLanguage":"es","@id":"https:\/\/ajeandalucia.org\/granada\/2024\/04\/16\/los-jovenes-empresarios-senalan-el-futuro-de-granada-en-el-dia-mundial-del-emprendimiento\/#primaryimage","url":"https:\/\/ajeandalucia.org\/granada\/wp-content\/uploads\/sites\/7\/2024\/04\/Imagen-de-WhatsApp-2024-04-16-a-las-11.49.16_e7ffef15.jpg","contentUrl":"https:\/\/ajeandalucia.org\/granada\/wp-content\/uploads\/sites\/7\/2024\/04\/Imagen-de-WhatsApp-2024-04-16-a-las-11.49.16_e7ffef15.jpg","width":1600,"height":1200},{"@type":"BreadcrumbList","@id":"https:\/\/ajeandalucia.org\/granada\/2024\/04\/16\/los-jovenes-empresarios-senalan-el-futuro-de-granada-en-el-dia-mundial-del-emprendimiento\/#breadcrumb","itemListElement":[{"@type":"ListItem","position":1,"name":"Portada","item":"https:\/\/ajeandalucia.org\/granada\/"},{"@type":"ListItem","position":2,"name":"Los j\u00f3venes empresarios se\u00f1alan el futuro de Granada en el D\u00eda Mundial del Emprendimiento"}]},{"@type":"WebSite","@id":"https:\/\/ajeandalucia.org\/granada\/#website","url":"https:\/\/ajeandalucia.org\/granada\/","name":"AJE Granada","description":"J\u00f3venes Empresarios de Granada","publisher":{"@id":"https:\/\/ajeandalucia.org\/granada\/#organization"},"potentialAction":[{"@type":"SearchAction","target":{"@type":"EntryPoint","urlTemplate":"https:\/\/ajeandalucia.org\/granada\/?s={search_term_string}"},"query-input":{"@type":"PropertyValueSpecification","valueRequired":true,"valueName":"search_term_string"}}],"inLanguage":"es"},{"@type":"Organization","@id":"https:\/\/ajeandalucia.org\/granada\/#organization","name":"AJE Granada","url":"https:\/\/ajeandalucia.org\/granada\/","logo":{"@type":"ImageObject","inLanguage":"es","@id":"https:\/\/ajeandalucia.org\/granada\/#\/schema\/logo\/image\/","url":"https:\/\/ajeandalucia.org\/granada\/wp-content\/uploads\/sites\/7\/2025\/02\/AJE-GRANADA-horizontal.png","contentUrl":"https:\/\/ajeandalucia.org\/granada\/wp-content\/uploads\/sites\/7\/2025\/02\/AJE-GRANADA-horizontal.png","width":612,"height":200,"caption":"AJE Granada"},"image":{"@id":"https:\/\/ajeandalucia.org\/granada\/#\/schema\/logo\/image\/"}},{"@type":"Person","@id":"https:\/\/ajeandalucia.org\/granada\/#\/schema\/person\/11740bd602b2087a5d9913ce7ad3b931","name":"granada","image":{"@type":"ImageObject","inLanguage":"es","@id":"https:\/\/ajeandalucia.org\/granada\/#\/schema\/person\/image\/","url":"https:\/\/secure.gravatar.com\/avatar\/d3efaa03945b79a8aad01845a3fd3b3535448eae49310ea0a5677e96e0e68b63?s=96&d=mm&r=g","contentUrl":"https:\/\/secure.gravatar.com\/avatar\/d3efaa03945b79a8aad01845a3fd3b3535448eae49310ea0a5677e96e0e68b63?s=96&d=mm&r=g","caption":"granada"},"url":"https:\/\/ajeandalucia.org\/granada\/author\/granada\/"}]}},"_links":{"self":[{"href":"https:\/\/ajeandalucia.org\/granada\/wp-json\/wp\/v2\/posts\/45167","targetHints":{"allow":["GET"]}}],"collection":[{"href":"https:\/\/ajeandalucia.org\/granada\/wp-json\/wp\/v2\/posts"}],"about":[{"href":"https:\/\/ajeandalucia.org\/granada\/wp-json\/wp\/v2\/types\/post"}],"author":[{"embeddable":true,"href":"https:\/\/ajeandalucia.org\/granada\/wp-json\/wp\/v2\/users\/6"}],"replies":[{"embeddable":true,"href":"https:\/\/ajeandalucia.org\/granada\/wp-json\/wp\/v2\/comments?post=45167"}],"version-history":[{"count":1,"href":"https:\/\/ajeandalucia.org\/granada\/wp-json\/wp\/v2\/posts\/45167\/revisions"}],"predecessor-version":[{"id":45169,"href":"https:\/\/ajeandalucia.org\/granada\/wp-json\/wp\/v2\/posts\/45167\/revisions\/45169"}],"wp:featuredmedia":[{"embeddable":true,"href":"https:\/\/ajeandalucia.org\/granada\/wp-json\/wp\/v2\/media\/45168"}],"wp:attachment":[{"href":"https:\/\/ajeandalucia.org\/granada\/wp-json\/wp\/v2\/media?parent=45167"}],"wp:term":[{"taxonomy":"category","embeddable":true,"href":"https:\/\/ajeandalucia.org\/granada\/wp-json\/wp\/v2\/categories?post=45167"},{"taxonomy":"post_tag","embeddable":true,"href":"https:\/\/ajeandalucia.org\/granada\/wp-json\/wp\/v2\/tags?post=45167"}],"curies":[{"name":"wp","href":"https:\/\/api.w.org\/{rel}","templated":true}]}}