{"id":45363,"date":"2024-06-12T12:56:15","date_gmt":"2024-06-12T10:56:15","guid":{"rendered":"https:\/\/www.ajeandalucia.org\/granada\/?p=45363"},"modified":"2024-06-12T12:57:23","modified_gmt":"2024-06-12T10:57:23","slug":"meet-grupo-jumadi","status":"publish","type":"post","link":"https:\/\/ajeandalucia.org\/granada\/2024\/06\/12\/meet-grupo-jumadi\/","title":{"rendered":"Meet Grupo Jumadi"},"content":{"rendered":"<div><em><strong>Nueva edici\u00f3n Meet AJE<\/strong><\/em><\/div>\n<div>\n<p>Esta semana conocemos de cerca a Inma, consejera delegada y parte de la direcci\u00f3n general de Grupo Jumadi.<\/p>\n<p>&nbsp;<\/p>\n<p><strong>Cu\u00e9ntanos Inma,\u00a0\u00a0\u00bfqu\u00e9 puesto desarrollas en la empresa?, \u00bfpor qu\u00e9 motivo te decidiste a ponerla en marcha? Cu\u00e9ntanos un poco tu experiencia.<\/strong><\/p>\n<\/div>\n<p>Qu\u00e9 puesto desarrollas en la empresa, por qu\u00e9 motivo te decidiste a ponerla en marcha, cuenta un poco tu experiencia&#8230;<\/p>\n<p>Soy Consejera delegada y formo parte de la direcci\u00f3n general de JUMADI. Al tratarse de una empresa familiar que fundo mi padre desde que nacimos mi padre nos ha inculcado esa forma de vida de un empresario,<\/p>\n<p>As\u00ed que desde ni\u00f1a yo ten\u00eda claro que quer\u00eda ser una alta ejecutiva. Estudie la carrera de administraci\u00f3n de empresas en la universidad de granada y justo cuando termine me incorpore a la empresa<\/p>\n<p>pasando por los distintos departamentos: atenci\u00f3n al cliente, calidad, departamento financiero y donde mas a\u00f1os he pasado ha sido en la venta, en especial venta a distribuidores a nivel nacional e internacional.<\/p>\n<p>Hasta que en Enero de 2018 comenc\u00e9 a ejercer funciones de direcci\u00f3n general junto a mis dos hermanos, tenemos un consejo de administraci\u00f3n.<\/p>\n<p>&nbsp;<\/p>\n<p><strong>\u00bfQu\u00e9 servicios y l\u00edneas de negocio tiene tu empresa? \u00bfCu\u00e1l es vuestro valor diferencial?<\/strong><\/p>\n<p>Tenemos dos l\u00edneas de negocio diferenciadas venta directa y venta a distribuci\u00f3n.<\/p>\n<p>La venta directa nuestra est\u00e1 enfocada a empresas, hablamos de sectores profesionales tales como: RESTAURACION, HOTELES, RESIDENCIAS,FABRICAS E INDUSTRIAS , SECTOR INSTITUCIONAL Y OTRAS EMPRESAS<\/p>\n<p>El departamento de distribuci\u00f3n vendemos a otras empresas como nosotros mas peque\u00f1as o bien que podamos venderles referencias que ellos no trabajen. Esta l\u00ednea de negocio representa algo mas del 20% de nuestra facturaci\u00f3n,<\/p>\n<p>Y parte de esta venta la realizamos de manera Online.<\/p>\n<p>&nbsp;<\/p>\n<p><strong>\u00a0\u00bfPor qu\u00e9 perteneces a AJE, qu\u00e9 beneficios encuentras y c\u00f3mo podr\u00edamos ayudarte?<\/strong><\/p>\n<p>Grupo Jumadi pertenece a AJE desde hace muchos a\u00f1os no recuerdo cuantos,,, lo que si recuerdo es que fui yo misma quien solicite informaci\u00f3n y en ese momento nos hicimos socios hasta hoy.<\/p>\n<p>Siempre he cre\u00eddo en las alianzas como motor de fuerza para el crecimiento de las empresas que de forma individual siempre seria mas dif\u00edcil o imposible. Y la prueba esta en que hoy por hoy estamos y representamos a muchas otras asociaciones.<\/p>\n","protected":false},"excerpt":{"rendered":"<p>Nueva edici\u00f3n Meet AJE Esta semana conocemos de cerca a Inma, consejera delegada y parte de la direcci\u00f3n general de [&hellip;]<\/p>\n","protected":false},"author":6,"featured_media":45364,"comment_status":"open","ping_status":"open","sticky":false,"template":"","format":"standard","meta":{"_acf_changed":false,"site-sidebar-layout":"default","site-content-layout":"","ast-site-content-layout":"default","site-content-style":"default","site-sidebar-style":"default","ast-global-header-display":"","ast-banner-title-visibility":"","ast-main-header-display":"","ast-hfb-above-header-display":"","ast-hfb-below-header-display":"","ast-hfb-mobile-header-display":"","site-post-title":"","ast-breadcrumbs-content":"","ast-featured-img":"","footer-sml-layout":"","ast-disable-related-posts":"","theme-transparent-header-meta":"","adv-header-id-meta":"","stick-header-meta":"","header-above-stick-meta":"","header-main-stick-meta":"","header-below-stick-meta":"","astra-migrate-meta-layouts":"default","ast-page-background-enabled":"default","ast-page-background-meta":{"desktop":{"background-color":"var(--ast-global-color-5)","background-image":"","background-repeat":"repeat","background-position":"center center","background-size":"auto","background-attachment":"scroll","background-type":"","background-media":"","overlay-type":"","overlay-color":"","overlay-opacity":"","overlay-gradient":""},"tablet":{"background-color":"","background-image":"","background-repeat":"repeat","background-position":"center center","background-size":"auto","background-attachment":"scroll","background-type":"","background-media":"","overlay-type":"","overlay-color":"","overlay-opacity":"","overlay-gradient":""},"mobile":{"background-color":"","background-image":"","background-repeat":"repeat","background-position":"center center","background-size":"auto","background-attachment":"scroll","background-type":"","background-media":"","overlay-type":"","overlay-color":"","overlay-opacity":"","overlay-gradient":""}},"ast-content-background-meta":{"desktop":{"background-color":"var(--ast-global-color-4)","background-image":"","background-repeat":"repeat","background-position":"center center","background-size":"auto","background-attachment":"scroll","background-type":"","background-media":"","overlay-type":"","overlay-color":"","overlay-opacity":"","overlay-gradient":""},"tablet":{"background-color":"var(--ast-global-color-4)","background-image":"","background-repeat":"repeat","background-position":"center center","background-size":"auto","background-attachment":"scroll","background-type":"","background-media":"","overlay-type":"","overlay-color":"","overlay-opacity":"","overlay-gradient":""},"mobile":{"background-color":"var(--ast-global-color-4)","background-image":"","background-repeat":"repeat","background-position":"center center","background-size":"auto","background-attachment":"scroll","background-type":"","background-media":"","overlay-type":"","overlay-color":"","overlay-opacity":"","overlay-gradient":""}},"footnotes":""},"categories":[90,1,8,115],"tags":[],"class_list":["post-45363","post","type-post","status-publish","format-standard","has-post-thumbnail","hentry","category-beneficios","category-blog","category-noticias","category-noticias-aje"],"acf":[],"yoast_head":"<!-- This site is optimized with the Yoast SEO plugin v26.9 - https:\/\/yoast.com\/product\/yoast-seo-wordpress\/ -->\n<title>Meet Grupo Jumadi - AJE Granada<\/title>\n<meta name=\"robots\" content=\"index, follow, max-snippet:-1, max-image-preview:large, max-video-preview:-1\" \/>\n<link rel=\"canonical\" href=\"https:\/\/ajeandalucia.org\/granada\/2024\/06\/12\/meet-grupo-jumadi\/\" \/>\n<meta property=\"og:locale\" content=\"es_ES\" \/>\n<meta property=\"og:type\" content=\"article\" \/>\n<meta property=\"og:title\" content=\"Meet Grupo Jumadi - AJE Granada\" \/>\n<meta property=\"og:description\" content=\"Nueva edici\u00f3n Meet AJE Esta semana conocemos de cerca a Inma, consejera delegada y parte de la direcci\u00f3n general de [&hellip;]\" \/>\n<meta property=\"og:url\" content=\"https:\/\/ajeandalucia.org\/granada\/2024\/06\/12\/meet-grupo-jumadi\/\" \/>\n<meta property=\"og:site_name\" content=\"AJE Granada\" \/>\n<meta property=\"article:published_time\" content=\"2024-06-12T10:56:15+00:00\" \/>\n<meta property=\"article:modified_time\" content=\"2024-06-12T10:57:23+00:00\" \/>\n<meta property=\"og:image\" content=\"https:\/\/ajeandalucia.org\/granada\/wp-content\/uploads\/sites\/7\/2024\/06\/Plantillas-AJE-39.png\" \/>\n\t<meta property=\"og:image:width\" content=\"1080\" \/>\n\t<meta property=\"og:image:height\" content=\"1080\" \/>\n\t<meta property=\"og:image:type\" content=\"image\/png\" \/>\n<meta name=\"author\" content=\"granada\" \/>\n<meta name=\"twitter:card\" content=\"summary_large_image\" \/>\n<meta name=\"twitter:label1\" content=\"Escrito por\" \/>\n\t<meta name=\"twitter:data1\" content=\"granada\" \/>\n\t<meta name=\"twitter:label2\" content=\"Tiempo de lectura\" \/>\n\t<meta name=\"twitter:data2\" content=\"2 minutos\" \/>\n<script type=\"application\/ld+json\" class=\"yoast-schema-graph\">{\"@context\":\"https:\/\/schema.org\",\"@graph\":[{\"@type\":\"Article\",\"@id\":\"https:\/\/ajeandalucia.org\/granada\/2024\/06\/12\/meet-grupo-jumadi\/#article\",\"isPartOf\":{\"@id\":\"https:\/\/ajeandalucia.org\/granada\/2024\/06\/12\/meet-grupo-jumadi\/\"},\"author\":{\"name\":\"granada\",\"@id\":\"https:\/\/ajeandalucia.org\/granada\/#\/schema\/person\/11740bd602b2087a5d9913ce7ad3b931\"},\"headline\":\"Meet Grupo Jumadi\",\"datePublished\":\"2024-06-12T10:56:15+00:00\",\"dateModified\":\"2024-06-12T10:57:23+00:00\",\"mainEntityOfPage\":{\"@id\":\"https:\/\/ajeandalucia.org\/granada\/2024\/06\/12\/meet-grupo-jumadi\/\"},\"wordCount\":403,\"commentCount\":0,\"publisher\":{\"@id\":\"https:\/\/ajeandalucia.org\/granada\/#organization\"},\"image\":{\"@id\":\"https:\/\/ajeandalucia.org\/granada\/2024\/06\/12\/meet-grupo-jumadi\/#primaryimage\"},\"thumbnailUrl\":\"https:\/\/ajeandalucia.org\/granada\/wp-content\/uploads\/sites\/7\/2024\/06\/Plantillas-AJE-39.png\",\"articleSection\":[\"beneficios entre socios\",\"Blog\",\"Noticias\",\"Noticias aje\"],\"inLanguage\":\"es\",\"potentialAction\":[{\"@type\":\"CommentAction\",\"name\":\"Comment\",\"target\":[\"https:\/\/ajeandalucia.org\/granada\/2024\/06\/12\/meet-grupo-jumadi\/#respond\"]}]},{\"@type\":\"WebPage\",\"@id\":\"https:\/\/ajeandalucia.org\/granada\/2024\/06\/12\/meet-grupo-jumadi\/\",\"url\":\"https:\/\/ajeandalucia.org\/granada\/2024\/06\/12\/meet-grupo-jumadi\/\",\"name\":\"Meet Grupo Jumadi - AJE Granada\",\"isPartOf\":{\"@id\":\"https:\/\/ajeandalucia.org\/granada\/#website\"},\"primaryImageOfPage\":{\"@id\":\"https:\/\/ajeandalucia.org\/granada\/2024\/06\/12\/meet-grupo-jumadi\/#primaryimage\"},\"image\":{\"@id\":\"https:\/\/ajeandalucia.org\/granada\/2024\/06\/12\/meet-grupo-jumadi\/#primaryimage\"},\"thumbnailUrl\":\"https:\/\/ajeandalucia.org\/granada\/wp-content\/uploads\/sites\/7\/2024\/06\/Plantillas-AJE-39.png\",\"datePublished\":\"2024-06-12T10:56:15+00:00\",\"dateModified\":\"2024-06-12T10:57:23+00:00\",\"breadcrumb\":{\"@id\":\"https:\/\/ajeandalucia.org\/granada\/2024\/06\/12\/meet-grupo-jumadi\/#breadcrumb\"},\"inLanguage\":\"es\",\"potentialAction\":[{\"@type\":\"ReadAction\",\"target\":[\"https:\/\/ajeandalucia.org\/granada\/2024\/06\/12\/meet-grupo-jumadi\/\"]}]},{\"@type\":\"ImageObject\",\"inLanguage\":\"es\",\"@id\":\"https:\/\/ajeandalucia.org\/granada\/2024\/06\/12\/meet-grupo-jumadi\/#primaryimage\",\"url\":\"https:\/\/ajeandalucia.org\/granada\/wp-content\/uploads\/sites\/7\/2024\/06\/Plantillas-AJE-39.png\",\"contentUrl\":\"https:\/\/ajeandalucia.org\/granada\/wp-content\/uploads\/sites\/7\/2024\/06\/Plantillas-AJE-39.png\",\"width\":1080,\"height\":1080},{\"@type\":\"BreadcrumbList\",\"@id\":\"https:\/\/ajeandalucia.org\/granada\/2024\/06\/12\/meet-grupo-jumadi\/#breadcrumb\",\"itemListElement\":[{\"@type\":\"ListItem\",\"position\":1,\"name\":\"Portada\",\"item\":\"https:\/\/ajeandalucia.org\/granada\/\"},{\"@type\":\"ListItem\",\"position\":2,\"name\":\"Meet Grupo Jumadi\"}]},{\"@type\":\"WebSite\",\"@id\":\"https:\/\/ajeandalucia.org\/granada\/#website\",\"url\":\"https:\/\/ajeandalucia.org\/granada\/\",\"name\":\"AJE Granada\",\"description\":\"J\u00f3venes Empresarios de Granada\",\"publisher\":{\"@id\":\"https:\/\/ajeandalucia.org\/granada\/#organization\"},\"potentialAction\":[{\"@type\":\"SearchAction\",\"target\":{\"@type\":\"EntryPoint\",\"urlTemplate\":\"https:\/\/ajeandalucia.org\/granada\/?s={search_term_string}\"},\"query-input\":{\"@type\":\"PropertyValueSpecification\",\"valueRequired\":true,\"valueName\":\"search_term_string\"}}],\"inLanguage\":\"es\"},{\"@type\":\"Organization\",\"@id\":\"https:\/\/ajeandalucia.org\/granada\/#organization\",\"name\":\"AJE Granada\",\"url\":\"https:\/\/ajeandalucia.org\/granada\/\",\"logo\":{\"@type\":\"ImageObject\",\"inLanguage\":\"es\",\"@id\":\"https:\/\/ajeandalucia.org\/granada\/#\/schema\/logo\/image\/\",\"url\":\"https:\/\/ajeandalucia.org\/granada\/wp-content\/uploads\/sites\/7\/2025\/02\/AJE-GRANADA-horizontal.png\",\"contentUrl\":\"https:\/\/ajeandalucia.org\/granada\/wp-content\/uploads\/sites\/7\/2025\/02\/AJE-GRANADA-horizontal.png\",\"width\":612,\"height\":200,\"caption\":\"AJE Granada\"},\"image\":{\"@id\":\"https:\/\/ajeandalucia.org\/granada\/#\/schema\/logo\/image\/\"}},{\"@type\":\"Person\",\"@id\":\"https:\/\/ajeandalucia.org\/granada\/#\/schema\/person\/11740bd602b2087a5d9913ce7ad3b931\",\"name\":\"granada\",\"image\":{\"@type\":\"ImageObject\",\"inLanguage\":\"es\",\"@id\":\"https:\/\/ajeandalucia.org\/granada\/#\/schema\/person\/image\/\",\"url\":\"https:\/\/secure.gravatar.com\/avatar\/d3efaa03945b79a8aad01845a3fd3b3535448eae49310ea0a5677e96e0e68b63?s=96&d=mm&r=g\",\"contentUrl\":\"https:\/\/secure.gravatar.com\/avatar\/d3efaa03945b79a8aad01845a3fd3b3535448eae49310ea0a5677e96e0e68b63?s=96&d=mm&r=g\",\"caption\":\"granada\"},\"url\":\"https:\/\/ajeandalucia.org\/granada\/author\/granada\/\"}]}<\/script>\n<!-- \/ Yoast SEO plugin. -->","yoast_head_json":{"title":"Meet Grupo Jumadi - AJE Granada","robots":{"index":"index","follow":"follow","max-snippet":"max-snippet:-1","max-image-preview":"max-image-preview:large","max-video-preview":"max-video-preview:-1"},"canonical":"https:\/\/ajeandalucia.org\/granada\/2024\/06\/12\/meet-grupo-jumadi\/","og_locale":"es_ES","og_type":"article","og_title":"Meet Grupo Jumadi - AJE Granada","og_description":"Nueva edici\u00f3n Meet AJE Esta semana conocemos de cerca a Inma, consejera delegada y parte de la direcci\u00f3n general de [&hellip;]","og_url":"https:\/\/ajeandalucia.org\/granada\/2024\/06\/12\/meet-grupo-jumadi\/","og_site_name":"AJE Granada","article_published_time":"2024-06-12T10:56:15+00:00","article_modified_time":"2024-06-12T10:57:23+00:00","og_image":[{"width":1080,"height":1080,"url":"https:\/\/ajeandalucia.org\/granada\/wp-content\/uploads\/sites\/7\/2024\/06\/Plantillas-AJE-39.png","type":"image\/png"}],"author":"granada","twitter_card":"summary_large_image","twitter_misc":{"Escrito por":"granada","Tiempo de lectura":"2 minutos"},"schema":{"@context":"https:\/\/schema.org","@graph":[{"@type":"Article","@id":"https:\/\/ajeandalucia.org\/granada\/2024\/06\/12\/meet-grupo-jumadi\/#article","isPartOf":{"@id":"https:\/\/ajeandalucia.org\/granada\/2024\/06\/12\/meet-grupo-jumadi\/"},"author":{"name":"granada","@id":"https:\/\/ajeandalucia.org\/granada\/#\/schema\/person\/11740bd602b2087a5d9913ce7ad3b931"},"headline":"Meet Grupo Jumadi","datePublished":"2024-06-12T10:56:15+00:00","dateModified":"2024-06-12T10:57:23+00:00","mainEntityOfPage":{"@id":"https:\/\/ajeandalucia.org\/granada\/2024\/06\/12\/meet-grupo-jumadi\/"},"wordCount":403,"commentCount":0,"publisher":{"@id":"https:\/\/ajeandalucia.org\/granada\/#organization"},"image":{"@id":"https:\/\/ajeandalucia.org\/granada\/2024\/06\/12\/meet-grupo-jumadi\/#primaryimage"},"thumbnailUrl":"https:\/\/ajeandalucia.org\/granada\/wp-content\/uploads\/sites\/7\/2024\/06\/Plantillas-AJE-39.png","articleSection":["beneficios entre socios","Blog","Noticias","Noticias aje"],"inLanguage":"es","potentialAction":[{"@type":"CommentAction","name":"Comment","target":["https:\/\/ajeandalucia.org\/granada\/2024\/06\/12\/meet-grupo-jumadi\/#respond"]}]},{"@type":"WebPage","@id":"https:\/\/ajeandalucia.org\/granada\/2024\/06\/12\/meet-grupo-jumadi\/","url":"https:\/\/ajeandalucia.org\/granada\/2024\/06\/12\/meet-grupo-jumadi\/","name":"Meet Grupo Jumadi - AJE Granada","isPartOf":{"@id":"https:\/\/ajeandalucia.org\/granada\/#website"},"primaryImageOfPage":{"@id":"https:\/\/ajeandalucia.org\/granada\/2024\/06\/12\/meet-grupo-jumadi\/#primaryimage"},"image":{"@id":"https:\/\/ajeandalucia.org\/granada\/2024\/06\/12\/meet-grupo-jumadi\/#primaryimage"},"thumbnailUrl":"https:\/\/ajeandalucia.org\/granada\/wp-content\/uploads\/sites\/7\/2024\/06\/Plantillas-AJE-39.png","datePublished":"2024-06-12T10:56:15+00:00","dateModified":"2024-06-12T10:57:23+00:00","breadcrumb":{"@id":"https:\/\/ajeandalucia.org\/granada\/2024\/06\/12\/meet-grupo-jumadi\/#breadcrumb"},"inLanguage":"es","potentialAction":[{"@type":"ReadAction","target":["https:\/\/ajeandalucia.org\/granada\/2024\/06\/12\/meet-grupo-jumadi\/"]}]},{"@type":"ImageObject","inLanguage":"es","@id":"https:\/\/ajeandalucia.org\/granada\/2024\/06\/12\/meet-grupo-jumadi\/#primaryimage","url":"https:\/\/ajeandalucia.org\/granada\/wp-content\/uploads\/sites\/7\/2024\/06\/Plantillas-AJE-39.png","contentUrl":"https:\/\/ajeandalucia.org\/granada\/wp-content\/uploads\/sites\/7\/2024\/06\/Plantillas-AJE-39.png","width":1080,"height":1080},{"@type":"BreadcrumbList","@id":"https:\/\/ajeandalucia.org\/granada\/2024\/06\/12\/meet-grupo-jumadi\/#breadcrumb","itemListElement":[{"@type":"ListItem","position":1,"name":"Portada","item":"https:\/\/ajeandalucia.org\/granada\/"},{"@type":"ListItem","position":2,"name":"Meet Grupo Jumadi"}]},{"@type":"WebSite","@id":"https:\/\/ajeandalucia.org\/granada\/#website","url":"https:\/\/ajeandalucia.org\/granada\/","name":"AJE Granada","description":"J\u00f3venes Empresarios de Granada","publisher":{"@id":"https:\/\/ajeandalucia.org\/granada\/#organization"},"potentialAction":[{"@type":"SearchAction","target":{"@type":"EntryPoint","urlTemplate":"https:\/\/ajeandalucia.org\/granada\/?s={search_term_string}"},"query-input":{"@type":"PropertyValueSpecification","valueRequired":true,"valueName":"search_term_string"}}],"inLanguage":"es"},{"@type":"Organization","@id":"https:\/\/ajeandalucia.org\/granada\/#organization","name":"AJE Granada","url":"https:\/\/ajeandalucia.org\/granada\/","logo":{"@type":"ImageObject","inLanguage":"es","@id":"https:\/\/ajeandalucia.org\/granada\/#\/schema\/logo\/image\/","url":"https:\/\/ajeandalucia.org\/granada\/wp-content\/uploads\/sites\/7\/2025\/02\/AJE-GRANADA-horizontal.png","contentUrl":"https:\/\/ajeandalucia.org\/granada\/wp-content\/uploads\/sites\/7\/2025\/02\/AJE-GRANADA-horizontal.png","width":612,"height":200,"caption":"AJE Granada"},"image":{"@id":"https:\/\/ajeandalucia.org\/granada\/#\/schema\/logo\/image\/"}},{"@type":"Person","@id":"https:\/\/ajeandalucia.org\/granada\/#\/schema\/person\/11740bd602b2087a5d9913ce7ad3b931","name":"granada","image":{"@type":"ImageObject","inLanguage":"es","@id":"https:\/\/ajeandalucia.org\/granada\/#\/schema\/person\/image\/","url":"https:\/\/secure.gravatar.com\/avatar\/d3efaa03945b79a8aad01845a3fd3b3535448eae49310ea0a5677e96e0e68b63?s=96&d=mm&r=g","contentUrl":"https:\/\/secure.gravatar.com\/avatar\/d3efaa03945b79a8aad01845a3fd3b3535448eae49310ea0a5677e96e0e68b63?s=96&d=mm&r=g","caption":"granada"},"url":"https:\/\/ajeandalucia.org\/granada\/author\/granada\/"}]}},"_links":{"self":[{"href":"https:\/\/ajeandalucia.org\/granada\/wp-json\/wp\/v2\/posts\/45363","targetHints":{"allow":["GET"]}}],"collection":[{"href":"https:\/\/ajeandalucia.org\/granada\/wp-json\/wp\/v2\/posts"}],"about":[{"href":"https:\/\/ajeandalucia.org\/granada\/wp-json\/wp\/v2\/types\/post"}],"author":[{"embeddable":true,"href":"https:\/\/ajeandalucia.org\/granada\/wp-json\/wp\/v2\/users\/6"}],"replies":[{"embeddable":true,"href":"https:\/\/ajeandalucia.org\/granada\/wp-json\/wp\/v2\/comments?post=45363"}],"version-history":[{"count":3,"href":"https:\/\/ajeandalucia.org\/granada\/wp-json\/wp\/v2\/posts\/45363\/revisions"}],"predecessor-version":[{"id":45367,"href":"https:\/\/ajeandalucia.org\/granada\/wp-json\/wp\/v2\/posts\/45363\/revisions\/45367"}],"wp:featuredmedia":[{"embeddable":true,"href":"https:\/\/ajeandalucia.org\/granada\/wp-json\/wp\/v2\/media\/45364"}],"wp:attachment":[{"href":"https:\/\/ajeandalucia.org\/granada\/wp-json\/wp\/v2\/media?parent=45363"}],"wp:term":[{"taxonomy":"category","embeddable":true,"href":"https:\/\/ajeandalucia.org\/granada\/wp-json\/wp\/v2\/categories?post=45363"},{"taxonomy":"post_tag","embeddable":true,"href":"https:\/\/ajeandalucia.org\/granada\/wp-json\/wp\/v2\/tags?post=45363"}],"curies":[{"name":"wp","href":"https:\/\/api.w.org\/{rel}","templated":true}]}}