{"id":45387,"date":"2024-06-18T10:56:40","date_gmt":"2024-06-18T08:56:40","guid":{"rendered":"https:\/\/www.ajeandalucia.org\/granada\/?p=45387"},"modified":"2024-06-18T10:56:40","modified_gmt":"2024-06-18T08:56:40","slug":"meet-grupo-2000","status":"publish","type":"post","link":"https:\/\/ajeandalucia.org\/granada\/2024\/06\/18\/meet-grupo-2000\/","title":{"rendered":"Meet Grupo 2000"},"content":{"rendered":"<div>\n<div><em><strong>Nueva edici\u00f3n Meet AJE<\/strong><\/em><\/div>\n<div>\n<p>Esta semana conocemos de cerca a Sensi,\u00a0CEO del Centro de Formaci\u00f3n en<a href=\"https:\/\/www.grupo2000.es\/\"> Grupo2000<\/a><\/p>\n<\/div>\n<\/div>\n<div dir=\"ltr\">\n<div><b>Qu\u00e9 puesto desarrollas en la empresa, por qu\u00e9 motivo te decidiste a ponerla en marcha, cuenta un poco tu experiencia&#8230;<br \/>\n<\/b><\/div>\n<\/div>\n<div>Sensi Cort\u00e9s es la CEO del Centro de Formaci\u00f3n en Grupo2000<\/div>\n<div><\/div>\n<div>Desde hace dos a\u00f1os tom\u00f3 las riendas de este negocio familiar, tras una larga trayectoria profesional liderando proyectos formativos.<\/div>\n<div>Sensi ha impulsado en este tiempo medidas importantes para la empresa como la digitalizaci\u00f3n de todos los procesos, nuevas estrategias de mercado.<\/div>\n<div><\/div>\n<div>Y sobre todo, algo muy valorado por todo el equipo, ha implantado el teletrabajo y medidas de conciliaci\u00f3n y desarrollado diferentes iniciativas para fomentar valores como la igualdad y sostenibilidad.<\/div>\n<div><\/div>\n<div><b>\u00bfQu\u00e9 servicios y l\u00edneas de negocio tiene tu empresa? \u00bfCu\u00e1l es vuestro valor diferencial?<\/b><\/div>\n<div><\/div>\n<div>Nuestro centro de formaci\u00f3n es referente a nivel nacional en la impartici\u00f3n de la formaci\u00f3n para contratos de formaci\u00f3n en alternancia y formaci\u00f3n bonificada para empresas para todos los sectores profesionales.<\/div>\n<div>Nuestros clientes valoran la tranquilidad de ser asesorados por expertos en la modalidad de contrato de formaci\u00f3n para realizar todos los tr\u00e1mites, tenemos m\u00e1s de 25 a\u00f1os de experiencia.<\/div>\n<div>Y la comodidad de no tener que preocuparse por nada, desde Grupo2000 les ayudamos incluso a encontrar personal para sus contratos de formaci\u00f3n, sin coste adicional.<\/div>\n<div><\/div>\n<div><b>\u00bfPor qu\u00e9 perteneces a AJE, qu\u00e9 beneficios encuentras y c\u00f3mo podr\u00edamos ayudarte?<\/b><\/div>\n<div>AJE es una asociaci\u00f3n que va mucho con los valores de Grupo2000, ambas entidades tenemos como fin ayudar a las empresas a crecer, les ayudamos a formarse y todo buscando siempre ser nuestra mejor versi\u00f3n, con un trato cercano y accesible.<\/div>\n<div>AJE nos hace sentir como en casa siempre que participamos en sus actividades.<\/div>\n","protected":false},"excerpt":{"rendered":"<p>Nueva edici\u00f3n Meet AJE Esta semana conocemos de cerca a Sensi,\u00a0CEO del Centro de Formaci\u00f3n en Grupo2000 Qu\u00e9 puesto desarrollas [&hellip;]<\/p>\n","protected":false},"author":6,"featured_media":45388,"comment_status":"open","ping_status":"open","sticky":false,"template":"","format":"standard","meta":{"_acf_changed":false,"site-sidebar-layout":"default","site-content-layout":"","ast-site-content-layout":"default","site-content-style":"default","site-sidebar-style":"default","ast-global-header-display":"","ast-banner-title-visibility":"","ast-main-header-display":"","ast-hfb-above-header-display":"","ast-hfb-below-header-display":"","ast-hfb-mobile-header-display":"","site-post-title":"","ast-breadcrumbs-content":"","ast-featured-img":"","footer-sml-layout":"","ast-disable-related-posts":"","theme-transparent-header-meta":"","adv-header-id-meta":"","stick-header-meta":"","header-above-stick-meta":"","header-main-stick-meta":"","header-below-stick-meta":"","astra-migrate-meta-layouts":"default","ast-page-background-enabled":"default","ast-page-background-meta":{"desktop":{"background-color":"var(--ast-global-color-5)","background-image":"","background-repeat":"repeat","background-position":"center center","background-size":"auto","background-attachment":"scroll","background-type":"","background-media":"","overlay-type":"","overlay-color":"","overlay-opacity":"","overlay-gradient":""},"tablet":{"background-color":"","background-image":"","background-repeat":"repeat","background-position":"center center","background-size":"auto","background-attachment":"scroll","background-type":"","background-media":"","overlay-type":"","overlay-color":"","overlay-opacity":"","overlay-gradient":""},"mobile":{"background-color":"","background-image":"","background-repeat":"repeat","background-position":"center center","background-size":"auto","background-attachment":"scroll","background-type":"","background-media":"","overlay-type":"","overlay-color":"","overlay-opacity":"","overlay-gradient":""}},"ast-content-background-meta":{"desktop":{"background-color":"var(--ast-global-color-4)","background-image":"","background-repeat":"repeat","background-position":"center center","background-size":"auto","background-attachment":"scroll","background-type":"","background-media":"","overlay-type":"","overlay-color":"","overlay-opacity":"","overlay-gradient":""},"tablet":{"background-color":"var(--ast-global-color-4)","background-image":"","background-repeat":"repeat","background-position":"center center","background-size":"auto","background-attachment":"scroll","background-type":"","background-media":"","overlay-type":"","overlay-color":"","overlay-opacity":"","overlay-gradient":""},"mobile":{"background-color":"var(--ast-global-color-4)","background-image":"","background-repeat":"repeat","background-position":"center center","background-size":"auto","background-attachment":"scroll","background-type":"","background-media":"","overlay-type":"","overlay-color":"","overlay-opacity":"","overlay-gradient":""}},"footnotes":""},"categories":[90,1,8,115,1953],"tags":[],"class_list":["post-45387","post","type-post","status-publish","format-standard","has-post-thumbnail","hentry","category-beneficios","category-blog","category-noticias","category-noticias-aje","category-promociones"],"acf":[],"yoast_head":"<!-- This site is optimized with the Yoast SEO plugin v26.9 - https:\/\/yoast.com\/product\/yoast-seo-wordpress\/ -->\n<title>Meet Grupo 2000 - AJE Granada<\/title>\n<meta name=\"robots\" content=\"index, follow, max-snippet:-1, max-image-preview:large, max-video-preview:-1\" \/>\n<link rel=\"canonical\" href=\"https:\/\/ajeandalucia.org\/granada\/2024\/06\/18\/meet-grupo-2000\/\" \/>\n<meta property=\"og:locale\" content=\"es_ES\" \/>\n<meta property=\"og:type\" content=\"article\" \/>\n<meta property=\"og:title\" content=\"Meet Grupo 2000 - AJE Granada\" \/>\n<meta property=\"og:description\" content=\"Nueva edici\u00f3n Meet AJE Esta semana conocemos de cerca a Sensi,\u00a0CEO del Centro de Formaci\u00f3n en Grupo2000 Qu\u00e9 puesto desarrollas [&hellip;]\" \/>\n<meta property=\"og:url\" content=\"https:\/\/ajeandalucia.org\/granada\/2024\/06\/18\/meet-grupo-2000\/\" \/>\n<meta property=\"og:site_name\" content=\"AJE Granada\" \/>\n<meta property=\"article:published_time\" content=\"2024-06-18T08:56:40+00:00\" \/>\n<meta property=\"og:image\" content=\"https:\/\/ajeandalucia.org\/granada\/wp-content\/uploads\/sites\/7\/2024\/06\/Plantillas-AJE-40.png\" \/>\n\t<meta property=\"og:image:width\" content=\"1080\" \/>\n\t<meta property=\"og:image:height\" content=\"1080\" \/>\n\t<meta property=\"og:image:type\" content=\"image\/png\" \/>\n<meta name=\"author\" content=\"granada\" \/>\n<meta name=\"twitter:card\" content=\"summary_large_image\" \/>\n<meta name=\"twitter:label1\" content=\"Escrito por\" \/>\n\t<meta name=\"twitter:data1\" content=\"granada\" \/>\n\t<meta name=\"twitter:label2\" content=\"Tiempo de lectura\" \/>\n\t<meta name=\"twitter:data2\" content=\"2 minutos\" \/>\n<script type=\"application\/ld+json\" class=\"yoast-schema-graph\">{\"@context\":\"https:\/\/schema.org\",\"@graph\":[{\"@type\":\"Article\",\"@id\":\"https:\/\/ajeandalucia.org\/granada\/2024\/06\/18\/meet-grupo-2000\/#article\",\"isPartOf\":{\"@id\":\"https:\/\/ajeandalucia.org\/granada\/2024\/06\/18\/meet-grupo-2000\/\"},\"author\":{\"name\":\"granada\",\"@id\":\"https:\/\/ajeandalucia.org\/granada\/#\/schema\/person\/11740bd602b2087a5d9913ce7ad3b931\"},\"headline\":\"Meet Grupo 2000\",\"datePublished\":\"2024-06-18T08:56:40+00:00\",\"mainEntityOfPage\":{\"@id\":\"https:\/\/ajeandalucia.org\/granada\/2024\/06\/18\/meet-grupo-2000\/\"},\"wordCount\":310,\"commentCount\":0,\"publisher\":{\"@id\":\"https:\/\/ajeandalucia.org\/granada\/#organization\"},\"image\":{\"@id\":\"https:\/\/ajeandalucia.org\/granada\/2024\/06\/18\/meet-grupo-2000\/#primaryimage\"},\"thumbnailUrl\":\"https:\/\/ajeandalucia.org\/granada\/wp-content\/uploads\/sites\/7\/2024\/06\/Plantillas-AJE-40.png\",\"articleSection\":[\"beneficios entre socios\",\"Blog\",\"Noticias\",\"Noticias aje\",\"Promociones\"],\"inLanguage\":\"es\",\"potentialAction\":[{\"@type\":\"CommentAction\",\"name\":\"Comment\",\"target\":[\"https:\/\/ajeandalucia.org\/granada\/2024\/06\/18\/meet-grupo-2000\/#respond\"]}]},{\"@type\":\"WebPage\",\"@id\":\"https:\/\/ajeandalucia.org\/granada\/2024\/06\/18\/meet-grupo-2000\/\",\"url\":\"https:\/\/ajeandalucia.org\/granada\/2024\/06\/18\/meet-grupo-2000\/\",\"name\":\"Meet Grupo 2000 - AJE Granada\",\"isPartOf\":{\"@id\":\"https:\/\/ajeandalucia.org\/granada\/#website\"},\"primaryImageOfPage\":{\"@id\":\"https:\/\/ajeandalucia.org\/granada\/2024\/06\/18\/meet-grupo-2000\/#primaryimage\"},\"image\":{\"@id\":\"https:\/\/ajeandalucia.org\/granada\/2024\/06\/18\/meet-grupo-2000\/#primaryimage\"},\"thumbnailUrl\":\"https:\/\/ajeandalucia.org\/granada\/wp-content\/uploads\/sites\/7\/2024\/06\/Plantillas-AJE-40.png\",\"datePublished\":\"2024-06-18T08:56:40+00:00\",\"breadcrumb\":{\"@id\":\"https:\/\/ajeandalucia.org\/granada\/2024\/06\/18\/meet-grupo-2000\/#breadcrumb\"},\"inLanguage\":\"es\",\"potentialAction\":[{\"@type\":\"ReadAction\",\"target\":[\"https:\/\/ajeandalucia.org\/granada\/2024\/06\/18\/meet-grupo-2000\/\"]}]},{\"@type\":\"ImageObject\",\"inLanguage\":\"es\",\"@id\":\"https:\/\/ajeandalucia.org\/granada\/2024\/06\/18\/meet-grupo-2000\/#primaryimage\",\"url\":\"https:\/\/ajeandalucia.org\/granada\/wp-content\/uploads\/sites\/7\/2024\/06\/Plantillas-AJE-40.png\",\"contentUrl\":\"https:\/\/ajeandalucia.org\/granada\/wp-content\/uploads\/sites\/7\/2024\/06\/Plantillas-AJE-40.png\",\"width\":1080,\"height\":1080},{\"@type\":\"BreadcrumbList\",\"@id\":\"https:\/\/ajeandalucia.org\/granada\/2024\/06\/18\/meet-grupo-2000\/#breadcrumb\",\"itemListElement\":[{\"@type\":\"ListItem\",\"position\":1,\"name\":\"Portada\",\"item\":\"https:\/\/ajeandalucia.org\/granada\/\"},{\"@type\":\"ListItem\",\"position\":2,\"name\":\"Meet Grupo 2000\"}]},{\"@type\":\"WebSite\",\"@id\":\"https:\/\/ajeandalucia.org\/granada\/#website\",\"url\":\"https:\/\/ajeandalucia.org\/granada\/\",\"name\":\"AJE Granada\",\"description\":\"J\u00f3venes Empresarios de Granada\",\"publisher\":{\"@id\":\"https:\/\/ajeandalucia.org\/granada\/#organization\"},\"potentialAction\":[{\"@type\":\"SearchAction\",\"target\":{\"@type\":\"EntryPoint\",\"urlTemplate\":\"https:\/\/ajeandalucia.org\/granada\/?s={search_term_string}\"},\"query-input\":{\"@type\":\"PropertyValueSpecification\",\"valueRequired\":true,\"valueName\":\"search_term_string\"}}],\"inLanguage\":\"es\"},{\"@type\":\"Organization\",\"@id\":\"https:\/\/ajeandalucia.org\/granada\/#organization\",\"name\":\"AJE Granada\",\"url\":\"https:\/\/ajeandalucia.org\/granada\/\",\"logo\":{\"@type\":\"ImageObject\",\"inLanguage\":\"es\",\"@id\":\"https:\/\/ajeandalucia.org\/granada\/#\/schema\/logo\/image\/\",\"url\":\"https:\/\/ajeandalucia.org\/granada\/wp-content\/uploads\/sites\/7\/2025\/02\/AJE-GRANADA-horizontal.png\",\"contentUrl\":\"https:\/\/ajeandalucia.org\/granada\/wp-content\/uploads\/sites\/7\/2025\/02\/AJE-GRANADA-horizontal.png\",\"width\":612,\"height\":200,\"caption\":\"AJE Granada\"},\"image\":{\"@id\":\"https:\/\/ajeandalucia.org\/granada\/#\/schema\/logo\/image\/\"}},{\"@type\":\"Person\",\"@id\":\"https:\/\/ajeandalucia.org\/granada\/#\/schema\/person\/11740bd602b2087a5d9913ce7ad3b931\",\"name\":\"granada\",\"image\":{\"@type\":\"ImageObject\",\"inLanguage\":\"es\",\"@id\":\"https:\/\/ajeandalucia.org\/granada\/#\/schema\/person\/image\/\",\"url\":\"https:\/\/secure.gravatar.com\/avatar\/d3efaa03945b79a8aad01845a3fd3b3535448eae49310ea0a5677e96e0e68b63?s=96&d=mm&r=g\",\"contentUrl\":\"https:\/\/secure.gravatar.com\/avatar\/d3efaa03945b79a8aad01845a3fd3b3535448eae49310ea0a5677e96e0e68b63?s=96&d=mm&r=g\",\"caption\":\"granada\"},\"url\":\"https:\/\/ajeandalucia.org\/granada\/author\/granada\/\"}]}<\/script>\n<!-- \/ Yoast SEO plugin. -->","yoast_head_json":{"title":"Meet Grupo 2000 - AJE Granada","robots":{"index":"index","follow":"follow","max-snippet":"max-snippet:-1","max-image-preview":"max-image-preview:large","max-video-preview":"max-video-preview:-1"},"canonical":"https:\/\/ajeandalucia.org\/granada\/2024\/06\/18\/meet-grupo-2000\/","og_locale":"es_ES","og_type":"article","og_title":"Meet Grupo 2000 - AJE Granada","og_description":"Nueva edici\u00f3n Meet AJE Esta semana conocemos de cerca a Sensi,\u00a0CEO del Centro de Formaci\u00f3n en Grupo2000 Qu\u00e9 puesto desarrollas [&hellip;]","og_url":"https:\/\/ajeandalucia.org\/granada\/2024\/06\/18\/meet-grupo-2000\/","og_site_name":"AJE Granada","article_published_time":"2024-06-18T08:56:40+00:00","og_image":[{"width":1080,"height":1080,"url":"https:\/\/ajeandalucia.org\/granada\/wp-content\/uploads\/sites\/7\/2024\/06\/Plantillas-AJE-40.png","type":"image\/png"}],"author":"granada","twitter_card":"summary_large_image","twitter_misc":{"Escrito por":"granada","Tiempo de lectura":"2 minutos"},"schema":{"@context":"https:\/\/schema.org","@graph":[{"@type":"Article","@id":"https:\/\/ajeandalucia.org\/granada\/2024\/06\/18\/meet-grupo-2000\/#article","isPartOf":{"@id":"https:\/\/ajeandalucia.org\/granada\/2024\/06\/18\/meet-grupo-2000\/"},"author":{"name":"granada","@id":"https:\/\/ajeandalucia.org\/granada\/#\/schema\/person\/11740bd602b2087a5d9913ce7ad3b931"},"headline":"Meet Grupo 2000","datePublished":"2024-06-18T08:56:40+00:00","mainEntityOfPage":{"@id":"https:\/\/ajeandalucia.org\/granada\/2024\/06\/18\/meet-grupo-2000\/"},"wordCount":310,"commentCount":0,"publisher":{"@id":"https:\/\/ajeandalucia.org\/granada\/#organization"},"image":{"@id":"https:\/\/ajeandalucia.org\/granada\/2024\/06\/18\/meet-grupo-2000\/#primaryimage"},"thumbnailUrl":"https:\/\/ajeandalucia.org\/granada\/wp-content\/uploads\/sites\/7\/2024\/06\/Plantillas-AJE-40.png","articleSection":["beneficios entre socios","Blog","Noticias","Noticias aje","Promociones"],"inLanguage":"es","potentialAction":[{"@type":"CommentAction","name":"Comment","target":["https:\/\/ajeandalucia.org\/granada\/2024\/06\/18\/meet-grupo-2000\/#respond"]}]},{"@type":"WebPage","@id":"https:\/\/ajeandalucia.org\/granada\/2024\/06\/18\/meet-grupo-2000\/","url":"https:\/\/ajeandalucia.org\/granada\/2024\/06\/18\/meet-grupo-2000\/","name":"Meet Grupo 2000 - AJE Granada","isPartOf":{"@id":"https:\/\/ajeandalucia.org\/granada\/#website"},"primaryImageOfPage":{"@id":"https:\/\/ajeandalucia.org\/granada\/2024\/06\/18\/meet-grupo-2000\/#primaryimage"},"image":{"@id":"https:\/\/ajeandalucia.org\/granada\/2024\/06\/18\/meet-grupo-2000\/#primaryimage"},"thumbnailUrl":"https:\/\/ajeandalucia.org\/granada\/wp-content\/uploads\/sites\/7\/2024\/06\/Plantillas-AJE-40.png","datePublished":"2024-06-18T08:56:40+00:00","breadcrumb":{"@id":"https:\/\/ajeandalucia.org\/granada\/2024\/06\/18\/meet-grupo-2000\/#breadcrumb"},"inLanguage":"es","potentialAction":[{"@type":"ReadAction","target":["https:\/\/ajeandalucia.org\/granada\/2024\/06\/18\/meet-grupo-2000\/"]}]},{"@type":"ImageObject","inLanguage":"es","@id":"https:\/\/ajeandalucia.org\/granada\/2024\/06\/18\/meet-grupo-2000\/#primaryimage","url":"https:\/\/ajeandalucia.org\/granada\/wp-content\/uploads\/sites\/7\/2024\/06\/Plantillas-AJE-40.png","contentUrl":"https:\/\/ajeandalucia.org\/granada\/wp-content\/uploads\/sites\/7\/2024\/06\/Plantillas-AJE-40.png","width":1080,"height":1080},{"@type":"BreadcrumbList","@id":"https:\/\/ajeandalucia.org\/granada\/2024\/06\/18\/meet-grupo-2000\/#breadcrumb","itemListElement":[{"@type":"ListItem","position":1,"name":"Portada","item":"https:\/\/ajeandalucia.org\/granada\/"},{"@type":"ListItem","position":2,"name":"Meet Grupo 2000"}]},{"@type":"WebSite","@id":"https:\/\/ajeandalucia.org\/granada\/#website","url":"https:\/\/ajeandalucia.org\/granada\/","name":"AJE Granada","description":"J\u00f3venes Empresarios de Granada","publisher":{"@id":"https:\/\/ajeandalucia.org\/granada\/#organization"},"potentialAction":[{"@type":"SearchAction","target":{"@type":"EntryPoint","urlTemplate":"https:\/\/ajeandalucia.org\/granada\/?s={search_term_string}"},"query-input":{"@type":"PropertyValueSpecification","valueRequired":true,"valueName":"search_term_string"}}],"inLanguage":"es"},{"@type":"Organization","@id":"https:\/\/ajeandalucia.org\/granada\/#organization","name":"AJE Granada","url":"https:\/\/ajeandalucia.org\/granada\/","logo":{"@type":"ImageObject","inLanguage":"es","@id":"https:\/\/ajeandalucia.org\/granada\/#\/schema\/logo\/image\/","url":"https:\/\/ajeandalucia.org\/granada\/wp-content\/uploads\/sites\/7\/2025\/02\/AJE-GRANADA-horizontal.png","contentUrl":"https:\/\/ajeandalucia.org\/granada\/wp-content\/uploads\/sites\/7\/2025\/02\/AJE-GRANADA-horizontal.png","width":612,"height":200,"caption":"AJE Granada"},"image":{"@id":"https:\/\/ajeandalucia.org\/granada\/#\/schema\/logo\/image\/"}},{"@type":"Person","@id":"https:\/\/ajeandalucia.org\/granada\/#\/schema\/person\/11740bd602b2087a5d9913ce7ad3b931","name":"granada","image":{"@type":"ImageObject","inLanguage":"es","@id":"https:\/\/ajeandalucia.org\/granada\/#\/schema\/person\/image\/","url":"https:\/\/secure.gravatar.com\/avatar\/d3efaa03945b79a8aad01845a3fd3b3535448eae49310ea0a5677e96e0e68b63?s=96&d=mm&r=g","contentUrl":"https:\/\/secure.gravatar.com\/avatar\/d3efaa03945b79a8aad01845a3fd3b3535448eae49310ea0a5677e96e0e68b63?s=96&d=mm&r=g","caption":"granada"},"url":"https:\/\/ajeandalucia.org\/granada\/author\/granada\/"}]}},"_links":{"self":[{"href":"https:\/\/ajeandalucia.org\/granada\/wp-json\/wp\/v2\/posts\/45387","targetHints":{"allow":["GET"]}}],"collection":[{"href":"https:\/\/ajeandalucia.org\/granada\/wp-json\/wp\/v2\/posts"}],"about":[{"href":"https:\/\/ajeandalucia.org\/granada\/wp-json\/wp\/v2\/types\/post"}],"author":[{"embeddable":true,"href":"https:\/\/ajeandalucia.org\/granada\/wp-json\/wp\/v2\/users\/6"}],"replies":[{"embeddable":true,"href":"https:\/\/ajeandalucia.org\/granada\/wp-json\/wp\/v2\/comments?post=45387"}],"version-history":[{"count":1,"href":"https:\/\/ajeandalucia.org\/granada\/wp-json\/wp\/v2\/posts\/45387\/revisions"}],"predecessor-version":[{"id":45389,"href":"https:\/\/ajeandalucia.org\/granada\/wp-json\/wp\/v2\/posts\/45387\/revisions\/45389"}],"wp:featuredmedia":[{"embeddable":true,"href":"https:\/\/ajeandalucia.org\/granada\/wp-json\/wp\/v2\/media\/45388"}],"wp:attachment":[{"href":"https:\/\/ajeandalucia.org\/granada\/wp-json\/wp\/v2\/media?parent=45387"}],"wp:term":[{"taxonomy":"category","embeddable":true,"href":"https:\/\/ajeandalucia.org\/granada\/wp-json\/wp\/v2\/categories?post=45387"},{"taxonomy":"post_tag","embeddable":true,"href":"https:\/\/ajeandalucia.org\/granada\/wp-json\/wp\/v2\/tags?post=45387"}],"curies":[{"name":"wp","href":"https:\/\/api.w.org\/{rel}","templated":true}]}}