{"id":45506,"date":"2024-07-11T14:32:17","date_gmt":"2024-07-11T12:32:17","guid":{"rendered":"https:\/\/www.ajeandalucia.org\/granada\/?p=45506"},"modified":"2024-07-17T13:02:39","modified_gmt":"2024-07-17T11:02:39","slug":"la-alcaldesa-adelanta-la-creacion-del-hub-de-industria-creativa-hubic-granada-de-la-mano-de-la-asociacion-de-jovenes-empresarios","status":"publish","type":"post","link":"https:\/\/ajeandalucia.org\/granada\/2024\/07\/11\/la-alcaldesa-adelanta-la-creacion-del-hub-de-industria-creativa-hubic-granada-de-la-mano-de-la-asociacion-de-jovenes-empresarios\/","title":{"rendered":"La alcaldesa adelanta la creaci\u00f3n del Hub de Industria Creativa \u2018HUBIC Granada\u2019 de la mano de la Asociaci\u00f3n de J\u00f3venes Empresarios"},"content":{"rendered":"<p><strong>La alcaldesa adelanta la creaci\u00f3n del Hub de Industria Creativa \u2018HUBIC Granada\u2019 de la mano de la Asociaci\u00f3n de J\u00f3venes Empresarios<\/strong><\/p>\n<ul>\n<li><em>Marifr\u00e1n Carazo avanza la firma de un acuerdo de cesi\u00f3n de la Antigua F\u00e1brica Textil San Patricio a \u2018AJE Granada\u2019 para la \u201ccreaci\u00f3n de un centro de innovaci\u00f3n y emprendimiento de creatividad y cultura\u201d, con el objetivo de \u201ccrear industria y una red empresarial ligada a la cultura en un polo que estar\u00e1 dirigido por el Ayuntamiento\u201d<\/em><\/li>\n<li><em>Carazo se\u00f1ala que \u201cdamos este importante paso para el sector cultural de cara a conseguir retener talento y que se creen empresas en este sector que es tan puntero en Granada y que puede colaborar tambi\u00e9n en la creaci\u00f3n de empleo en la ciudad\u201d<\/em><\/li>\n<li><em>La alcaldesa indica que \u201cesta iniciativa viene a sumar a nuestra candidatura Granada Capital Europea de la Cultura 2031, para lo que buscamos que nuestra ciudad se convierta en capital nacional e internacional de la cultura y sea faro de inspiraci\u00f3n y creatividad, tambi\u00e9n de la mano de la innovaci\u00f3n y el emprendimiento\u201d<\/em><\/li>\n<li><em>El presidente de AJE, Carlos \u00c1lvarez,<\/em> <em>expresa que \u201ceste proyecto es un hito para los j\u00f3venes empresarios de toda Espa\u00f1a. Agradecemos al Ayuntamiento de Granada por su apoyo y visi\u00f3n para convertir esta ciudad en un epicentro de innovaci\u00f3n y cultura con este ic\u00f3nico espacio, cedido a los j\u00f3venes empresarios, para hacerlo posible\u201d<\/em><\/li>\n<\/ul>\n<p><strong>11 de julio de 2024<\/strong><\/p>\n<p>La alcaldesa de Granada, Marifr\u00e1n Carazo, ha anunciado esta ma\u00f1ana la cesi\u00f3n de la Antigua F\u00e1brica Textil San Patricio (antiguas dependencias de la empresa municipal Gegsa) a la Asociaci\u00f3n de J\u00f3venes Empresarios \u2018AJE Granada\u2019 para la creaci\u00f3n del Hub de Industria Creativa \u2018HUBIC Granada\u2019, con el objetivo de \u201ccrear industria y una red empresarial ligada a la cultura en un polo que estar\u00e1 dirigido por el Ayuntamiento\u201d.<\/p>\n<p>Seg\u00fan Marifr\u00e1n Carazo, \u201cdamos este importante paso para el sector cultural de cara a conseguir retener talento y que se creen empresas en este sector que es tan puntero en Granada y que puede colaborar tambi\u00e9n en la creaci\u00f3n de empleo en la ciudad\u201d.<\/p>\n<p>La alcaldesa ha indicado que \u201cse trata atraer a los n\u00f3madas culturales, esos j\u00f3venes que viajan hasta nuestra ciudad para inspirarse\u201d. Al hilo, Carazo ha rese\u00f1ado que \u201cbuscamos que tengan facilidades para realizar su labor creativa y que busquen establecerse en Granada, para lo cual tambi\u00e9n se acompa\u00f1ar\u00e1n sus proyectos creativos, culturalesy emprendedores a trav\u00e9s del HUBIC, creando una ciudad m\u00e1s atractiva para vivir y para inspirarse\u201d.<\/p>\n<p>\u201cIgualmente, esta iniciativa viene a sumar a nuestra candidatura Granada Capital Europea de la Cultura 2031, para lo que buscamos que nuestra ciudad se convierta en capital nacional e internacional de la cultura y sea faro de inspiraci\u00f3n y creatividad, tambi\u00e9n de la mano de la innovaci\u00f3n y el emprendimiento\u201d, ya se\u00f1alado la alcaldesa.<\/p>\n<p>As\u00ed, ha puntualizado Marifr\u00e1n Carazo, \u201cproponemos la creaci\u00f3n de un centro de innovaci\u00f3n y emprendimiento de creatividad y cultura, cuya cesi\u00f3n esperamos aprobar em Junta de Gobierno Local antes de que acabe el mes de julio, similar a los que hay en otras ciudades, como Madrid, Nueva York, Miami o Buenos Aires, donde los hubs culturales se han consolidado como espacios fundamentales en la econom\u00eda cultural y creativa, fomentando la innovaci\u00f3n.<\/p>\n<p>Por su parte, el presidente de AJE Granada, Carlos \u00c1lvarez, ha destacado que \u201cla creaci\u00f3n del HUBIC Granada marca un hito significativo para los j\u00f3venes empresarios de toda Espa\u00f1a. Este proyecto no solo impulsar\u00e1 la econom\u00eda granadina, sino que tambi\u00e9n atraer\u00e1 talento y creatividad a nuestra ciudad. Agradecemos al Ayuntamiento de Granada por su apoyo y visi\u00f3n para convertir este proyecto en una realidad\u201d.<\/p>\n<p><strong>HUBIC AYUNTAMIENTO + AJE GRANADA<\/strong><\/p>\n<p>Este convenio de cesi\u00f3n de espacio de dos plantas en el edifico donde va a ir el HUBIC y la sede de AJE Granada, conlleva la creaci\u00f3n de un centro de emprendimiento vinculado y con conexi\u00f3n tambi\u00e9n con la Confederaci\u00f3n Espa\u00f1ola de Asociaciones de J\u00f3venes Empresarios CEAJE, mediante una zona de reuniones para j\u00f3venes empresarios y empresarias de toda Espa\u00f1a que acudan a nuestra ciudad.<\/p>\n<p>Adem\u00e1s, tambi\u00e9n se contempla una zona de coworking para emprendedores empadronados en la ciudad de Granada, con el objetivo de impulsar el talento local, fomentando as\u00ed la colaboraci\u00f3n, la innovaci\u00f3n, el crecimiento creativo en nuestra ciudad.<\/p>\n<p>Entre los puntos del acuerdo entre el Ayuntamiento y AJE Granada est\u00e1 la creaci\u00f3n de actividades de difusi\u00f3n cultural, enlazando el crecimiento y desarrollo econ\u00f3mico de la ciudad de Granada con el crecimiento empresarial a lo largo de los tiempos, todo ello a trav\u00e9s de diferentes eventos como foros culturales y mesas redondas entre distintos sectores empresariales, econ\u00f3micos y culturales; exposiciones art\u00edstico-culturales acercando el arte y la cultura a cualquier persona; ponencias y conferencias sobre trayectoria empresarial en el \u00e1mbito de la cultura y charlas coloquio con networking.<\/p>\n<p>Igualmente, habr\u00e1 otro bloque de actividades dirigidas especialmente a j\u00f3venes con ganas de emprender, donde AJE Granada facilitar\u00e1 el desarrollo de jornadas de juventud en las que se enlazar\u00e1 a j\u00f3venes empresarios con aquellos que quieren comenzar.<\/p>\n<p>&nbsp;<\/p>\n<p>&nbsp;<\/p>\n<p>&nbsp;<\/p>\n","protected":false},"excerpt":{"rendered":"<p>La alcaldesa adelanta la creaci\u00f3n del Hub de Industria Creativa \u2018HUBIC Granada\u2019 de la mano de la Asociaci\u00f3n de J\u00f3venes [&hellip;]<\/p>\n","protected":false},"author":6,"featured_media":45507,"comment_status":"open","ping_status":"open","sticky":false,"template":"","format":"standard","meta":{"_acf_changed":false,"site-sidebar-layout":"default","site-content-layout":"","ast-site-content-layout":"default","site-content-style":"default","site-sidebar-style":"default","ast-global-header-display":"","ast-banner-title-visibility":"","ast-main-header-display":"","ast-hfb-above-header-display":"","ast-hfb-below-header-display":"","ast-hfb-mobile-header-display":"","site-post-title":"","ast-breadcrumbs-content":"","ast-featured-img":"","footer-sml-layout":"","ast-disable-related-posts":"","theme-transparent-header-meta":"","adv-header-id-meta":"","stick-header-meta":"","header-above-stick-meta":"","header-main-stick-meta":"","header-below-stick-meta":"","astra-migrate-meta-layouts":"default","ast-page-background-enabled":"default","ast-page-background-meta":{"desktop":{"background-color":"var(--ast-global-color-5)","background-image":"","background-repeat":"repeat","background-position":"center center","background-size":"auto","background-attachment":"scroll","background-type":"","background-media":"","overlay-type":"","overlay-color":"","overlay-opacity":"","overlay-gradient":""},"tablet":{"background-color":"","background-image":"","background-repeat":"repeat","background-position":"center center","background-size":"auto","background-attachment":"scroll","background-type":"","background-media":"","overlay-type":"","overlay-color":"","overlay-opacity":"","overlay-gradient":""},"mobile":{"background-color":"","background-image":"","background-repeat":"repeat","background-position":"center center","background-size":"auto","background-attachment":"scroll","background-type":"","background-media":"","overlay-type":"","overlay-color":"","overlay-opacity":"","overlay-gradient":""}},"ast-content-background-meta":{"desktop":{"background-color":"var(--ast-global-color-4)","background-image":"","background-repeat":"repeat","background-position":"center center","background-size":"auto","background-attachment":"scroll","background-type":"","background-media":"","overlay-type":"","overlay-color":"","overlay-opacity":"","overlay-gradient":""},"tablet":{"background-color":"var(--ast-global-color-4)","background-image":"","background-repeat":"repeat","background-position":"center center","background-size":"auto","background-attachment":"scroll","background-type":"","background-media":"","overlay-type":"","overlay-color":"","overlay-opacity":"","overlay-gradient":""},"mobile":{"background-color":"var(--ast-global-color-4)","background-image":"","background-repeat":"repeat","background-position":"center center","background-size":"auto","background-attachment":"scroll","background-type":"","background-media":"","overlay-type":"","overlay-color":"","overlay-opacity":"","overlay-gradient":""}},"footnotes":""},"categories":[90,1,8,115],"tags":[],"class_list":["post-45506","post","type-post","status-publish","format-standard","has-post-thumbnail","hentry","category-beneficios","category-blog","category-noticias","category-noticias-aje"],"acf":[],"yoast_head":"<!-- This site is optimized with the Yoast SEO plugin v26.9 - https:\/\/yoast.com\/product\/yoast-seo-wordpress\/ -->\n<title>La alcaldesa adelanta la creaci\u00f3n del Hub de Industria Creativa \u2018HUBIC Granada\u2019 de la mano de la Asociaci\u00f3n de J\u00f3venes Empresarios - AJE Granada<\/title>\n<meta name=\"robots\" content=\"index, follow, max-snippet:-1, max-image-preview:large, max-video-preview:-1\" \/>\n<link rel=\"canonical\" href=\"https:\/\/ajeandalucia.org\/granada\/2024\/07\/11\/la-alcaldesa-adelanta-la-creacion-del-hub-de-industria-creativa-hubic-granada-de-la-mano-de-la-asociacion-de-jovenes-empresarios\/\" \/>\n<meta property=\"og:locale\" content=\"es_ES\" \/>\n<meta property=\"og:type\" content=\"article\" \/>\n<meta property=\"og:title\" content=\"La alcaldesa adelanta la creaci\u00f3n del Hub de Industria Creativa \u2018HUBIC Granada\u2019 de la mano de la Asociaci\u00f3n de J\u00f3venes Empresarios - AJE Granada\" \/>\n<meta property=\"og:description\" content=\"La alcaldesa adelanta la creaci\u00f3n del Hub de Industria Creativa \u2018HUBIC Granada\u2019 de la mano de la Asociaci\u00f3n de J\u00f3venes [&hellip;]\" \/>\n<meta property=\"og:url\" content=\"https:\/\/ajeandalucia.org\/granada\/2024\/07\/11\/la-alcaldesa-adelanta-la-creacion-del-hub-de-industria-creativa-hubic-granada-de-la-mano-de-la-asociacion-de-jovenes-empresarios\/\" \/>\n<meta property=\"og:site_name\" content=\"AJE Granada\" \/>\n<meta property=\"article:published_time\" content=\"2024-07-11T12:32:17+00:00\" \/>\n<meta property=\"article:modified_time\" content=\"2024-07-17T11:02:39+00:00\" \/>\n<meta property=\"og:image\" content=\"https:\/\/ajeandalucia.org\/granada\/wp-content\/uploads\/sites\/7\/2024\/07\/Imagen-de-WhatsApp-2024-07-11-a-las-12.26.24_2962b33a.jpg\" \/>\n\t<meta property=\"og:image:width\" content=\"5120\" \/>\n\t<meta property=\"og:image:height\" content=\"3840\" \/>\n\t<meta property=\"og:image:type\" content=\"image\/jpeg\" \/>\n<meta name=\"author\" content=\"granada\" \/>\n<meta name=\"twitter:card\" content=\"summary_large_image\" \/>\n<meta name=\"twitter:label1\" content=\"Escrito por\" \/>\n\t<meta name=\"twitter:data1\" content=\"granada\" \/>\n\t<meta name=\"twitter:label2\" content=\"Tiempo de lectura\" \/>\n\t<meta name=\"twitter:data2\" content=\"5 minutos\" \/>\n<script type=\"application\/ld+json\" class=\"yoast-schema-graph\">{\"@context\":\"https:\/\/schema.org\",\"@graph\":[{\"@type\":\"Article\",\"@id\":\"https:\/\/ajeandalucia.org\/granada\/2024\/07\/11\/la-alcaldesa-adelanta-la-creacion-del-hub-de-industria-creativa-hubic-granada-de-la-mano-de-la-asociacion-de-jovenes-empresarios\/#article\",\"isPartOf\":{\"@id\":\"https:\/\/ajeandalucia.org\/granada\/2024\/07\/11\/la-alcaldesa-adelanta-la-creacion-del-hub-de-industria-creativa-hubic-granada-de-la-mano-de-la-asociacion-de-jovenes-empresarios\/\"},\"author\":{\"name\":\"granada\",\"@id\":\"https:\/\/ajeandalucia.org\/granada\/#\/schema\/person\/11740bd602b2087a5d9913ce7ad3b931\"},\"headline\":\"La alcaldesa adelanta la creaci\u00f3n del Hub de Industria Creativa \u2018HUBIC Granada\u2019 de la mano de la Asociaci\u00f3n de J\u00f3venes Empresarios\",\"datePublished\":\"2024-07-11T12:32:17+00:00\",\"dateModified\":\"2024-07-17T11:02:39+00:00\",\"mainEntityOfPage\":{\"@id\":\"https:\/\/ajeandalucia.org\/granada\/2024\/07\/11\/la-alcaldesa-adelanta-la-creacion-del-hub-de-industria-creativa-hubic-granada-de-la-mano-de-la-asociacion-de-jovenes-empresarios\/\"},\"wordCount\":929,\"commentCount\":0,\"publisher\":{\"@id\":\"https:\/\/ajeandalucia.org\/granada\/#organization\"},\"image\":{\"@id\":\"https:\/\/ajeandalucia.org\/granada\/2024\/07\/11\/la-alcaldesa-adelanta-la-creacion-del-hub-de-industria-creativa-hubic-granada-de-la-mano-de-la-asociacion-de-jovenes-empresarios\/#primaryimage\"},\"thumbnailUrl\":\"https:\/\/ajeandalucia.org\/granada\/wp-content\/uploads\/sites\/7\/2024\/07\/Imagen-de-WhatsApp-2024-07-11-a-las-12.26.24_2962b33a.jpg\",\"articleSection\":[\"beneficios entre socios\",\"Blog\",\"Noticias\",\"Noticias aje\"],\"inLanguage\":\"es\",\"potentialAction\":[{\"@type\":\"CommentAction\",\"name\":\"Comment\",\"target\":[\"https:\/\/ajeandalucia.org\/granada\/2024\/07\/11\/la-alcaldesa-adelanta-la-creacion-del-hub-de-industria-creativa-hubic-granada-de-la-mano-de-la-asociacion-de-jovenes-empresarios\/#respond\"]}]},{\"@type\":\"WebPage\",\"@id\":\"https:\/\/ajeandalucia.org\/granada\/2024\/07\/11\/la-alcaldesa-adelanta-la-creacion-del-hub-de-industria-creativa-hubic-granada-de-la-mano-de-la-asociacion-de-jovenes-empresarios\/\",\"url\":\"https:\/\/ajeandalucia.org\/granada\/2024\/07\/11\/la-alcaldesa-adelanta-la-creacion-del-hub-de-industria-creativa-hubic-granada-de-la-mano-de-la-asociacion-de-jovenes-empresarios\/\",\"name\":\"La alcaldesa adelanta la creaci\u00f3n del Hub de Industria Creativa \u2018HUBIC Granada\u2019 de la mano de la Asociaci\u00f3n de J\u00f3venes Empresarios - AJE Granada\",\"isPartOf\":{\"@id\":\"https:\/\/ajeandalucia.org\/granada\/#website\"},\"primaryImageOfPage\":{\"@id\":\"https:\/\/ajeandalucia.org\/granada\/2024\/07\/11\/la-alcaldesa-adelanta-la-creacion-del-hub-de-industria-creativa-hubic-granada-de-la-mano-de-la-asociacion-de-jovenes-empresarios\/#primaryimage\"},\"image\":{\"@id\":\"https:\/\/ajeandalucia.org\/granada\/2024\/07\/11\/la-alcaldesa-adelanta-la-creacion-del-hub-de-industria-creativa-hubic-granada-de-la-mano-de-la-asociacion-de-jovenes-empresarios\/#primaryimage\"},\"thumbnailUrl\":\"https:\/\/ajeandalucia.org\/granada\/wp-content\/uploads\/sites\/7\/2024\/07\/Imagen-de-WhatsApp-2024-07-11-a-las-12.26.24_2962b33a.jpg\",\"datePublished\":\"2024-07-11T12:32:17+00:00\",\"dateModified\":\"2024-07-17T11:02:39+00:00\",\"breadcrumb\":{\"@id\":\"https:\/\/ajeandalucia.org\/granada\/2024\/07\/11\/la-alcaldesa-adelanta-la-creacion-del-hub-de-industria-creativa-hubic-granada-de-la-mano-de-la-asociacion-de-jovenes-empresarios\/#breadcrumb\"},\"inLanguage\":\"es\",\"potentialAction\":[{\"@type\":\"ReadAction\",\"target\":[\"https:\/\/ajeandalucia.org\/granada\/2024\/07\/11\/la-alcaldesa-adelanta-la-creacion-del-hub-de-industria-creativa-hubic-granada-de-la-mano-de-la-asociacion-de-jovenes-empresarios\/\"]}]},{\"@type\":\"ImageObject\",\"inLanguage\":\"es\",\"@id\":\"https:\/\/ajeandalucia.org\/granada\/2024\/07\/11\/la-alcaldesa-adelanta-la-creacion-del-hub-de-industria-creativa-hubic-granada-de-la-mano-de-la-asociacion-de-jovenes-empresarios\/#primaryimage\",\"url\":\"https:\/\/ajeandalucia.org\/granada\/wp-content\/uploads\/sites\/7\/2024\/07\/Imagen-de-WhatsApp-2024-07-11-a-las-12.26.24_2962b33a.jpg\",\"contentUrl\":\"https:\/\/ajeandalucia.org\/granada\/wp-content\/uploads\/sites\/7\/2024\/07\/Imagen-de-WhatsApp-2024-07-11-a-las-12.26.24_2962b33a.jpg\",\"width\":5120,\"height\":3840},{\"@type\":\"BreadcrumbList\",\"@id\":\"https:\/\/ajeandalucia.org\/granada\/2024\/07\/11\/la-alcaldesa-adelanta-la-creacion-del-hub-de-industria-creativa-hubic-granada-de-la-mano-de-la-asociacion-de-jovenes-empresarios\/#breadcrumb\",\"itemListElement\":[{\"@type\":\"ListItem\",\"position\":1,\"name\":\"Portada\",\"item\":\"https:\/\/ajeandalucia.org\/granada\/\"},{\"@type\":\"ListItem\",\"position\":2,\"name\":\"La alcaldesa adelanta la creaci\u00f3n del Hub de Industria Creativa \u2018HUBIC Granada\u2019 de la mano de la Asociaci\u00f3n de J\u00f3venes Empresarios\"}]},{\"@type\":\"WebSite\",\"@id\":\"https:\/\/ajeandalucia.org\/granada\/#website\",\"url\":\"https:\/\/ajeandalucia.org\/granada\/\",\"name\":\"AJE Granada\",\"description\":\"J\u00f3venes Empresarios de Granada\",\"publisher\":{\"@id\":\"https:\/\/ajeandalucia.org\/granada\/#organization\"},\"potentialAction\":[{\"@type\":\"SearchAction\",\"target\":{\"@type\":\"EntryPoint\",\"urlTemplate\":\"https:\/\/ajeandalucia.org\/granada\/?s={search_term_string}\"},\"query-input\":{\"@type\":\"PropertyValueSpecification\",\"valueRequired\":true,\"valueName\":\"search_term_string\"}}],\"inLanguage\":\"es\"},{\"@type\":\"Organization\",\"@id\":\"https:\/\/ajeandalucia.org\/granada\/#organization\",\"name\":\"AJE Granada\",\"url\":\"https:\/\/ajeandalucia.org\/granada\/\",\"logo\":{\"@type\":\"ImageObject\",\"inLanguage\":\"es\",\"@id\":\"https:\/\/ajeandalucia.org\/granada\/#\/schema\/logo\/image\/\",\"url\":\"https:\/\/ajeandalucia.org\/granada\/wp-content\/uploads\/sites\/7\/2025\/02\/AJE-GRANADA-horizontal.png\",\"contentUrl\":\"https:\/\/ajeandalucia.org\/granada\/wp-content\/uploads\/sites\/7\/2025\/02\/AJE-GRANADA-horizontal.png\",\"width\":612,\"height\":200,\"caption\":\"AJE Granada\"},\"image\":{\"@id\":\"https:\/\/ajeandalucia.org\/granada\/#\/schema\/logo\/image\/\"}},{\"@type\":\"Person\",\"@id\":\"https:\/\/ajeandalucia.org\/granada\/#\/schema\/person\/11740bd602b2087a5d9913ce7ad3b931\",\"name\":\"granada\",\"image\":{\"@type\":\"ImageObject\",\"inLanguage\":\"es\",\"@id\":\"https:\/\/ajeandalucia.org\/granada\/#\/schema\/person\/image\/\",\"url\":\"https:\/\/secure.gravatar.com\/avatar\/d3efaa03945b79a8aad01845a3fd3b3535448eae49310ea0a5677e96e0e68b63?s=96&d=mm&r=g\",\"contentUrl\":\"https:\/\/secure.gravatar.com\/avatar\/d3efaa03945b79a8aad01845a3fd3b3535448eae49310ea0a5677e96e0e68b63?s=96&d=mm&r=g\",\"caption\":\"granada\"},\"url\":\"https:\/\/ajeandalucia.org\/granada\/author\/granada\/\"}]}<\/script>\n<!-- \/ Yoast SEO plugin. -->","yoast_head_json":{"title":"La alcaldesa adelanta la creaci\u00f3n del Hub de Industria Creativa \u2018HUBIC Granada\u2019 de la mano de la Asociaci\u00f3n de J\u00f3venes Empresarios - AJE Granada","robots":{"index":"index","follow":"follow","max-snippet":"max-snippet:-1","max-image-preview":"max-image-preview:large","max-video-preview":"max-video-preview:-1"},"canonical":"https:\/\/ajeandalucia.org\/granada\/2024\/07\/11\/la-alcaldesa-adelanta-la-creacion-del-hub-de-industria-creativa-hubic-granada-de-la-mano-de-la-asociacion-de-jovenes-empresarios\/","og_locale":"es_ES","og_type":"article","og_title":"La alcaldesa adelanta la creaci\u00f3n del Hub de Industria Creativa \u2018HUBIC Granada\u2019 de la mano de la Asociaci\u00f3n de J\u00f3venes Empresarios - AJE Granada","og_description":"La alcaldesa adelanta la creaci\u00f3n del Hub de Industria Creativa \u2018HUBIC Granada\u2019 de la mano de la Asociaci\u00f3n de J\u00f3venes [&hellip;]","og_url":"https:\/\/ajeandalucia.org\/granada\/2024\/07\/11\/la-alcaldesa-adelanta-la-creacion-del-hub-de-industria-creativa-hubic-granada-de-la-mano-de-la-asociacion-de-jovenes-empresarios\/","og_site_name":"AJE Granada","article_published_time":"2024-07-11T12:32:17+00:00","article_modified_time":"2024-07-17T11:02:39+00:00","og_image":[{"width":5120,"height":3840,"url":"https:\/\/ajeandalucia.org\/granada\/wp-content\/uploads\/sites\/7\/2024\/07\/Imagen-de-WhatsApp-2024-07-11-a-las-12.26.24_2962b33a.jpg","type":"image\/jpeg"}],"author":"granada","twitter_card":"summary_large_image","twitter_misc":{"Escrito por":"granada","Tiempo de lectura":"5 minutos"},"schema":{"@context":"https:\/\/schema.org","@graph":[{"@type":"Article","@id":"https:\/\/ajeandalucia.org\/granada\/2024\/07\/11\/la-alcaldesa-adelanta-la-creacion-del-hub-de-industria-creativa-hubic-granada-de-la-mano-de-la-asociacion-de-jovenes-empresarios\/#article","isPartOf":{"@id":"https:\/\/ajeandalucia.org\/granada\/2024\/07\/11\/la-alcaldesa-adelanta-la-creacion-del-hub-de-industria-creativa-hubic-granada-de-la-mano-de-la-asociacion-de-jovenes-empresarios\/"},"author":{"name":"granada","@id":"https:\/\/ajeandalucia.org\/granada\/#\/schema\/person\/11740bd602b2087a5d9913ce7ad3b931"},"headline":"La alcaldesa adelanta la creaci\u00f3n del Hub de Industria Creativa \u2018HUBIC Granada\u2019 de la mano de la Asociaci\u00f3n de J\u00f3venes Empresarios","datePublished":"2024-07-11T12:32:17+00:00","dateModified":"2024-07-17T11:02:39+00:00","mainEntityOfPage":{"@id":"https:\/\/ajeandalucia.org\/granada\/2024\/07\/11\/la-alcaldesa-adelanta-la-creacion-del-hub-de-industria-creativa-hubic-granada-de-la-mano-de-la-asociacion-de-jovenes-empresarios\/"},"wordCount":929,"commentCount":0,"publisher":{"@id":"https:\/\/ajeandalucia.org\/granada\/#organization"},"image":{"@id":"https:\/\/ajeandalucia.org\/granada\/2024\/07\/11\/la-alcaldesa-adelanta-la-creacion-del-hub-de-industria-creativa-hubic-granada-de-la-mano-de-la-asociacion-de-jovenes-empresarios\/#primaryimage"},"thumbnailUrl":"https:\/\/ajeandalucia.org\/granada\/wp-content\/uploads\/sites\/7\/2024\/07\/Imagen-de-WhatsApp-2024-07-11-a-las-12.26.24_2962b33a.jpg","articleSection":["beneficios entre socios","Blog","Noticias","Noticias aje"],"inLanguage":"es","potentialAction":[{"@type":"CommentAction","name":"Comment","target":["https:\/\/ajeandalucia.org\/granada\/2024\/07\/11\/la-alcaldesa-adelanta-la-creacion-del-hub-de-industria-creativa-hubic-granada-de-la-mano-de-la-asociacion-de-jovenes-empresarios\/#respond"]}]},{"@type":"WebPage","@id":"https:\/\/ajeandalucia.org\/granada\/2024\/07\/11\/la-alcaldesa-adelanta-la-creacion-del-hub-de-industria-creativa-hubic-granada-de-la-mano-de-la-asociacion-de-jovenes-empresarios\/","url":"https:\/\/ajeandalucia.org\/granada\/2024\/07\/11\/la-alcaldesa-adelanta-la-creacion-del-hub-de-industria-creativa-hubic-granada-de-la-mano-de-la-asociacion-de-jovenes-empresarios\/","name":"La alcaldesa adelanta la creaci\u00f3n del Hub de Industria Creativa \u2018HUBIC Granada\u2019 de la mano de la Asociaci\u00f3n de J\u00f3venes Empresarios - AJE Granada","isPartOf":{"@id":"https:\/\/ajeandalucia.org\/granada\/#website"},"primaryImageOfPage":{"@id":"https:\/\/ajeandalucia.org\/granada\/2024\/07\/11\/la-alcaldesa-adelanta-la-creacion-del-hub-de-industria-creativa-hubic-granada-de-la-mano-de-la-asociacion-de-jovenes-empresarios\/#primaryimage"},"image":{"@id":"https:\/\/ajeandalucia.org\/granada\/2024\/07\/11\/la-alcaldesa-adelanta-la-creacion-del-hub-de-industria-creativa-hubic-granada-de-la-mano-de-la-asociacion-de-jovenes-empresarios\/#primaryimage"},"thumbnailUrl":"https:\/\/ajeandalucia.org\/granada\/wp-content\/uploads\/sites\/7\/2024\/07\/Imagen-de-WhatsApp-2024-07-11-a-las-12.26.24_2962b33a.jpg","datePublished":"2024-07-11T12:32:17+00:00","dateModified":"2024-07-17T11:02:39+00:00","breadcrumb":{"@id":"https:\/\/ajeandalucia.org\/granada\/2024\/07\/11\/la-alcaldesa-adelanta-la-creacion-del-hub-de-industria-creativa-hubic-granada-de-la-mano-de-la-asociacion-de-jovenes-empresarios\/#breadcrumb"},"inLanguage":"es","potentialAction":[{"@type":"ReadAction","target":["https:\/\/ajeandalucia.org\/granada\/2024\/07\/11\/la-alcaldesa-adelanta-la-creacion-del-hub-de-industria-creativa-hubic-granada-de-la-mano-de-la-asociacion-de-jovenes-empresarios\/"]}]},{"@type":"ImageObject","inLanguage":"es","@id":"https:\/\/ajeandalucia.org\/granada\/2024\/07\/11\/la-alcaldesa-adelanta-la-creacion-del-hub-de-industria-creativa-hubic-granada-de-la-mano-de-la-asociacion-de-jovenes-empresarios\/#primaryimage","url":"https:\/\/ajeandalucia.org\/granada\/wp-content\/uploads\/sites\/7\/2024\/07\/Imagen-de-WhatsApp-2024-07-11-a-las-12.26.24_2962b33a.jpg","contentUrl":"https:\/\/ajeandalucia.org\/granada\/wp-content\/uploads\/sites\/7\/2024\/07\/Imagen-de-WhatsApp-2024-07-11-a-las-12.26.24_2962b33a.jpg","width":5120,"height":3840},{"@type":"BreadcrumbList","@id":"https:\/\/ajeandalucia.org\/granada\/2024\/07\/11\/la-alcaldesa-adelanta-la-creacion-del-hub-de-industria-creativa-hubic-granada-de-la-mano-de-la-asociacion-de-jovenes-empresarios\/#breadcrumb","itemListElement":[{"@type":"ListItem","position":1,"name":"Portada","item":"https:\/\/ajeandalucia.org\/granada\/"},{"@type":"ListItem","position":2,"name":"La alcaldesa adelanta la creaci\u00f3n del Hub de Industria Creativa \u2018HUBIC Granada\u2019 de la mano de la Asociaci\u00f3n de J\u00f3venes Empresarios"}]},{"@type":"WebSite","@id":"https:\/\/ajeandalucia.org\/granada\/#website","url":"https:\/\/ajeandalucia.org\/granada\/","name":"AJE Granada","description":"J\u00f3venes Empresarios de Granada","publisher":{"@id":"https:\/\/ajeandalucia.org\/granada\/#organization"},"potentialAction":[{"@type":"SearchAction","target":{"@type":"EntryPoint","urlTemplate":"https:\/\/ajeandalucia.org\/granada\/?s={search_term_string}"},"query-input":{"@type":"PropertyValueSpecification","valueRequired":true,"valueName":"search_term_string"}}],"inLanguage":"es"},{"@type":"Organization","@id":"https:\/\/ajeandalucia.org\/granada\/#organization","name":"AJE Granada","url":"https:\/\/ajeandalucia.org\/granada\/","logo":{"@type":"ImageObject","inLanguage":"es","@id":"https:\/\/ajeandalucia.org\/granada\/#\/schema\/logo\/image\/","url":"https:\/\/ajeandalucia.org\/granada\/wp-content\/uploads\/sites\/7\/2025\/02\/AJE-GRANADA-horizontal.png","contentUrl":"https:\/\/ajeandalucia.org\/granada\/wp-content\/uploads\/sites\/7\/2025\/02\/AJE-GRANADA-horizontal.png","width":612,"height":200,"caption":"AJE Granada"},"image":{"@id":"https:\/\/ajeandalucia.org\/granada\/#\/schema\/logo\/image\/"}},{"@type":"Person","@id":"https:\/\/ajeandalucia.org\/granada\/#\/schema\/person\/11740bd602b2087a5d9913ce7ad3b931","name":"granada","image":{"@type":"ImageObject","inLanguage":"es","@id":"https:\/\/ajeandalucia.org\/granada\/#\/schema\/person\/image\/","url":"https:\/\/secure.gravatar.com\/avatar\/d3efaa03945b79a8aad01845a3fd3b3535448eae49310ea0a5677e96e0e68b63?s=96&d=mm&r=g","contentUrl":"https:\/\/secure.gravatar.com\/avatar\/d3efaa03945b79a8aad01845a3fd3b3535448eae49310ea0a5677e96e0e68b63?s=96&d=mm&r=g","caption":"granada"},"url":"https:\/\/ajeandalucia.org\/granada\/author\/granada\/"}]}},"_links":{"self":[{"href":"https:\/\/ajeandalucia.org\/granada\/wp-json\/wp\/v2\/posts\/45506","targetHints":{"allow":["GET"]}}],"collection":[{"href":"https:\/\/ajeandalucia.org\/granada\/wp-json\/wp\/v2\/posts"}],"about":[{"href":"https:\/\/ajeandalucia.org\/granada\/wp-json\/wp\/v2\/types\/post"}],"author":[{"embeddable":true,"href":"https:\/\/ajeandalucia.org\/granada\/wp-json\/wp\/v2\/users\/6"}],"replies":[{"embeddable":true,"href":"https:\/\/ajeandalucia.org\/granada\/wp-json\/wp\/v2\/comments?post=45506"}],"version-history":[{"count":2,"href":"https:\/\/ajeandalucia.org\/granada\/wp-json\/wp\/v2\/posts\/45506\/revisions"}],"predecessor-version":[{"id":45552,"href":"https:\/\/ajeandalucia.org\/granada\/wp-json\/wp\/v2\/posts\/45506\/revisions\/45552"}],"wp:featuredmedia":[{"embeddable":true,"href":"https:\/\/ajeandalucia.org\/granada\/wp-json\/wp\/v2\/media\/45507"}],"wp:attachment":[{"href":"https:\/\/ajeandalucia.org\/granada\/wp-json\/wp\/v2\/media?parent=45506"}],"wp:term":[{"taxonomy":"category","embeddable":true,"href":"https:\/\/ajeandalucia.org\/granada\/wp-json\/wp\/v2\/categories?post=45506"},{"taxonomy":"post_tag","embeddable":true,"href":"https:\/\/ajeandalucia.org\/granada\/wp-json\/wp\/v2\/tags?post=45506"}],"curies":[{"name":"wp","href":"https:\/\/api.w.org\/{rel}","templated":true}]}}