{"id":45512,"date":"2024-07-12T12:36:06","date_gmt":"2024-07-12T10:36:06","guid":{"rendered":"https:\/\/www.ajeandalucia.org\/granada\/?p=45512"},"modified":"2024-07-12T12:39:52","modified_gmt":"2024-07-12T10:39:52","slug":"meet-aje-centro-de-formacion-internacional-reina-isabel","status":"publish","type":"post","link":"https:\/\/ajeandalucia.org\/granada\/2024\/07\/12\/meet-aje-centro-de-formacion-internacional-reina-isabel\/","title":{"rendered":"Meet AJE &#8211; Centro de Formaci\u00f3n Internacional Reina Isabel"},"content":{"rendered":"<p>Ya tenemos disponible la siguiente edici\u00f3n de nuestro Meet AJE. En esta ocasi\u00f3n hablamos con Jose Rivera,\u00a0consejero delegado y cofundador del <a href=\"https:\/\/www.cfireinaisabel.com\/\" target=\"_blank\" rel=\"noopener\">Centro de Formaci\u00f3n Internacional Reina Isabel.<\/a><\/p>\n<p>&nbsp;<\/p>\n<p><strong>Cu\u00e9ntanos Jose, \u00bfqu\u00e9 puesto desarrollas en la empresa, por qu\u00e9 motivo te decidiste a ponerla en marcha?<\/strong><\/p>\n<p>Soy Jose Rivera, consejero delegado y cofundador del Centro de Formaci\u00f3n Internacional Reina Isabel.<\/p>\n<p>Los cofundadores, 3 socios-trabajadores que cumplimos ya la d\u00e9cada en nuestra empresa nos decidimos a crear nuestro propio empleo, siendo docentes en pro de una ense\u00f1anza diferenciadora, personalizada y dando soluciones actuales a problemas actuales, como son la educaci\u00f3n y el empleo.<\/p>\n<p><strong>\u00bfQu\u00e9 servicios y l\u00edneas de negocio tiene tu empresa? \u00bfCu\u00e1l es vuestro valor diferencial?<\/strong><\/p>\n<p>Formando profesionales del futuro de forma integral, con un itinerario formativo cuyo firme objetivo es hacer que cada persona encuentre su IKIGAY (su propia motivaci\u00f3n e ilusi\u00f3n) para as\u00ed dedicarse a lo que le haga feliz, le guste, y para lo que de verdad quiera hacer. Siempre digo que nuestro compromiso no es con nuestros alumnos, si no con su futuro\u2026<\/p>\n<p>El medio que en su momento escogimos fue la FP, pero como todo en esta vida est\u00e1 inventado, lo que hicimos fue darle una vuelta a la que hab\u00eda, procurando dejar atr\u00e1s esa fama de que la fp est\u00e1 muy por debajo de la Universidad. Nuestro perfil va<br \/>\ntras finalizar sus grados superiores a la Universidad, otros los tenemos que vienen tras ella, otros que se reinventan tras la pandemia, o tras un desafortunado despido. La Formaci\u00f3n profesional ha llegado para quedarse. Y Centro de Formaci\u00f3n Internacional Reina Isabel consigui\u00f3 en Granada, y lo sigue haciendo, formar profesionales, concienciados con su entorno, que disfrutan con lo que hacen\u2026<\/p>\n<p>El c\u00f3mo, muy simple, con un equipo docente espectacular, con una formaci\u00f3n amplia y extensa, que adem\u00e1s son profesionales del sector que imparten en sus ciclos. Lo que permite que ya haya en las aulas un desarrollo de habilidades y contenidos te\u00f3rico-pr\u00e1cticos muy diferenciadas del resto.<\/p>\n<p>Nuestros alumnos no son n\u00fameros o expedientes cerrados, cada uno es una persona, con inquietudes, objetivos, car\u00e1cter propio, y con nombres y apellidos, que analizamos desde el propio Centro, y su direcci\u00f3n docente. Para analizar donde y como hacer sus pr\u00e1cticas, y en que empresa desempe\u00f1ar\u00eda sus habilidades profesiones y personales de forma m\u00e1s eficaz y eficiente.<\/p>\n<p>Centro de Formaci\u00f3n Internacional Reina Isabel es un Centro con homologaci\u00f3n de la JJAA para sus ciclos formativos, pero no qued\u00e1ndonos ah\u00ed tenemos una bater\u00eda de Master Formativos muy espec\u00edficos y propios que completan el itinerario formativo diferenciador que venimos comentando. Adem\u00e1s de otras formaciones para nuestros alumnos, como los SUMAT5, micro formaciones que permiten ampliar los conocimientos de los alumnos, tengan que ver con el ciclo origen, o no.<\/p>\n<p>Actualmente tenemos los ciclos homologados de Grado Medio, y Superior:<\/p>\n<p>\uf0b7 GM<\/p>\n<p>1. TEGUIA, Conducci\u00f3n en el medio natural.<br \/>\n2. CAE, cuidados en auxiliar de enfermer\u00eda.<br \/>\n3. Farmacia y Parafarmacia<\/p>\n<p>\uf0b7 GS<\/p>\n<p>1. T\u00e9cnico en act. Socio deportivas<br \/>\n2. Acondicionamiento F\u00edsico<br \/>\n3. Diet\u00e9tica<br \/>\n4. Administraci\u00f3n Finanzas<br \/>\n5. Marketing y Publicidad<br \/>\n6. Integraci\u00f3n social<br \/>\n7. Ed. Infantil<br \/>\n8. Pr\u00f3tesis dental<br \/>\n9. Higiene Bucodental<br \/>\n10. Imagen y Diagn\u00f3stico<\/p>\n<p>\uf0b7 MASTER<\/p>\n<p>En\u00a0CFI Reina Isabel\u00a0ofrecemos una amplia variedad de m\u00e1steres PROPIOS en diferentes \u00e1reas de formaci\u00f3n.<\/p>\n<p>1. PROTESIS DENTAL<br \/>\n2. MASTER EN MARKETING DIGITAL<br \/>\n3. MASTER EN ORTODONCIA CL\u00cdNICA INVISIBLE Y DIGITAL<\/p>\n<p>\uf0b7 EXPERTOS:<\/p>\n<p>En\u00a0CFI Reina Isabel\u00a0ofrecemos una amplia variedad de cursos de expertos en diferentes \u00e1reas de formaci\u00f3n. Nuestros programas formativos est\u00e1n dise\u00f1ados para proporcionar a los estudiantes las habilidades y conocimientos especializados<br \/>\nnecesarios para destacar en su carrera profesional. Los cursos de expertos est\u00e1n concebidos para satisfacer las necesidades espec\u00edficas de cada estudiante, siendo flexibles y accesibles para adaptarse a sus horarios y responsabilidades.<\/p>\n<p>1. MEDICINA EST\u00c9TICA<br \/>\n2. MARKETING DIGITAL Y RRSS<br \/>\n3. ORTODONCIA DE LABORATORIO<br \/>\n4. CER\u00c1MICA DENTAL<br \/>\n5. CAD CAM<\/p>\n<p>\uf0b7 CURSOS<\/p>\n<p>1. FORMACI\u00d3N T\u00c9CNICA ECOGR\u00c1FICA DIAGN\u00d3STICA<br \/>\n2. INICIACI\u00d3N A LA ORTODONCIA DE LABORATORIO<\/p>\n<p>\uf0b7 DOBLE GRADO INTERNACIONAL EN YORK<\/p>\n<p>Ciclo Formativo de Grado Superior + Grado Universitario en York en solo 3 a\u00f1os Una vez finalizado tu Ciclo Formativo de Grado Superior en CFI Reina Isabel, puedes complementar tu formaci\u00f3n accediendo a un Grado Universitario en la Universidad de York (Reino Unido) con unas condiciones muy ventajosas. Un plus diferenciador para tu formaci\u00f3n. Es una evidencia m\u00e1s del car\u00e1cter diferenciador de CFI REINA ISABEL<\/p>\n<p>El\u00a0Grado Universitario\u00a0cursado en\u00a0York St John University\u00a0es oficial y con reconocimiento acad\u00e9mico en todo el Espacio Europeo de Educaci\u00f3n Superior.<\/p>\n<p>Los ciclos formativos de grado superior, son un tipo de programa de formaci\u00f3n profesional en el \u00e1mbito de la Educaci\u00f3n Superior en Espa\u00f1a. Cada uno de los m\u00f3dulos\/asignaturas de estos ciclos formativos, se valoran en los ya mencionados\u00a0cr\u00e9ditos ECTS\u00a0(European Credit Transfer and Accumulation System, Sistema Europeo de Transferencia y Acumulaci\u00f3n de Cr\u00e9ditos).<\/p>\n<p>La convalidaci\u00f3n de cr\u00e9ditos ECTS es el proceso, mediante el cual se reconocen y valoran los cr\u00e9ditos obtenidos en un programa de estudios, para su incorporaci\u00f3n a otro programa de estudios diferente, como un grado universitario.<\/p>\n<p>Para reconocer cr\u00e9ditos ECTS obtenidos en un ciclo formativo de grado superior a estudios universitarios de grado, es necesario que el estudiante cumpla con los requisitos de acceso a los estudios universitarios de grado y que presente una solicitud de convalidaci\u00f3n de cr\u00e9ditos ante la universidad. La universidad, en este caso York St John University, es la encargada de evaluar la solicitud de convalidaci\u00f3n y decidir si acepta o no los cr\u00e9ditos.<\/p>\n<p>En el caso de los ciclos superiores de CFI Reina Isabel, la convalidaci\u00f3n ya ha sido previamente estudiada por acad\u00e9micos de York St John University -en un proceso llamado mapping-.<\/p>\n<p>Se ha establecido un acuerdo marco, con un\u00a0reconocimiento de 120 ECTS, es decir, los dos a\u00f1os \u00edntegros, del Ciclo Superior. Por este motivo, y porque los grados universitarios ingleses duran tres cursos, los T\u00e9cnicos Superiores de CFI Reina Isabel acceder\u00e1n directamente a tercer y \u00faltimo a\u00f1o de carrera.<\/p>\n<p>En este caso y si no me falla la memoria, los ciclos superiores que dan acceso a esta opci\u00f3n, actualmente son:<\/p>\n<p>1. MARKETING Y PUBLICIDAD<br \/>\n2. TEC. ACT SOCIO DEPORTIVAS<br \/>\n3. ACONDICIONAMIENTO F\u00cdSICO<br \/>\n4. ADMINISTRACI\u00d3N Y FINANZAS<\/p>\n<p><strong>\u00bfPor qu\u00e9 perteneces a AJE, qu\u00e9 beneficios encuentras y c\u00f3mo podr\u00edamos ayudarte?<\/strong><\/p>\n<p>Es un placer pertenecer a una asociaci\u00f3n que promueve el esp\u00edritu emprendedor, y las sinergias entre la peque\u00f1a y mediana empresa que es el eje fundamental del funcionamiento de un pa\u00eds. Espero que nos seamos todo de gran utilidad, es bidireccional y ser\u00e1 un placer colaborar de forma activa con la entidad.<br \/>\nSomos lo que hacemos, por tanto, hagamos cosas, que luego el beneficio ser\u00e1 para TODOS.<\/p>\n","protected":false},"excerpt":{"rendered":"<p>Ya tenemos disponible la siguiente edici\u00f3n de nuestro Meet AJE. En esta ocasi\u00f3n hablamos con Jose Rivera,\u00a0consejero delegado y cofundador [&hellip;]<\/p>\n","protected":false},"author":6,"featured_media":45513,"comment_status":"open","ping_status":"open","sticky":false,"template":"","format":"standard","meta":{"_acf_changed":false,"site-sidebar-layout":"default","site-content-layout":"","ast-site-content-layout":"default","site-content-style":"default","site-sidebar-style":"default","ast-global-header-display":"","ast-banner-title-visibility":"","ast-main-header-display":"","ast-hfb-above-header-display":"","ast-hfb-below-header-display":"","ast-hfb-mobile-header-display":"","site-post-title":"","ast-breadcrumbs-content":"","ast-featured-img":"","footer-sml-layout":"","ast-disable-related-posts":"","theme-transparent-header-meta":"","adv-header-id-meta":"","stick-header-meta":"","header-above-stick-meta":"","header-main-stick-meta":"","header-below-stick-meta":"","astra-migrate-meta-layouts":"default","ast-page-background-enabled":"default","ast-page-background-meta":{"desktop":{"background-color":"var(--ast-global-color-5)","background-image":"","background-repeat":"repeat","background-position":"center center","background-size":"auto","background-attachment":"scroll","background-type":"","background-media":"","overlay-type":"","overlay-color":"","overlay-opacity":"","overlay-gradient":""},"tablet":{"background-color":"","background-image":"","background-repeat":"repeat","background-position":"center center","background-size":"auto","background-attachment":"scroll","background-type":"","background-media":"","overlay-type":"","overlay-color":"","overlay-opacity":"","overlay-gradient":""},"mobile":{"background-color":"","background-image":"","background-repeat":"repeat","background-position":"center center","background-size":"auto","background-attachment":"scroll","background-type":"","background-media":"","overlay-type":"","overlay-color":"","overlay-opacity":"","overlay-gradient":""}},"ast-content-background-meta":{"desktop":{"background-color":"var(--ast-global-color-4)","background-image":"","background-repeat":"repeat","background-position":"center center","background-size":"auto","background-attachment":"scroll","background-type":"","background-media":"","overlay-type":"","overlay-color":"","overlay-opacity":"","overlay-gradient":""},"tablet":{"background-color":"var(--ast-global-color-4)","background-image":"","background-repeat":"repeat","background-position":"center center","background-size":"auto","background-attachment":"scroll","background-type":"","background-media":"","overlay-type":"","overlay-color":"","overlay-opacity":"","overlay-gradient":""},"mobile":{"background-color":"var(--ast-global-color-4)","background-image":"","background-repeat":"repeat","background-position":"center center","background-size":"auto","background-attachment":"scroll","background-type":"","background-media":"","overlay-type":"","overlay-color":"","overlay-opacity":"","overlay-gradient":""}},"footnotes":""},"categories":[90,1,8,115],"tags":[],"class_list":["post-45512","post","type-post","status-publish","format-standard","has-post-thumbnail","hentry","category-beneficios","category-blog","category-noticias","category-noticias-aje"],"acf":[],"yoast_head":"<!-- This site is optimized with the Yoast SEO plugin v26.9 - https:\/\/yoast.com\/product\/yoast-seo-wordpress\/ -->\n<title>Meet AJE - Centro de Formaci\u00f3n Internacional Reina Isabel - AJE Granada<\/title>\n<meta name=\"robots\" content=\"index, follow, max-snippet:-1, max-image-preview:large, max-video-preview:-1\" \/>\n<link rel=\"canonical\" href=\"https:\/\/ajeandalucia.org\/granada\/2024\/07\/12\/meet-aje-centro-de-formacion-internacional-reina-isabel\/\" \/>\n<meta property=\"og:locale\" content=\"es_ES\" \/>\n<meta property=\"og:type\" content=\"article\" \/>\n<meta property=\"og:title\" content=\"Meet AJE - Centro de Formaci\u00f3n Internacional Reina Isabel - AJE Granada\" \/>\n<meta property=\"og:description\" content=\"Ya tenemos disponible la siguiente edici\u00f3n de nuestro Meet AJE. En esta ocasi\u00f3n hablamos con Jose Rivera,\u00a0consejero delegado y cofundador [&hellip;]\" \/>\n<meta property=\"og:url\" content=\"https:\/\/ajeandalucia.org\/granada\/2024\/07\/12\/meet-aje-centro-de-formacion-internacional-reina-isabel\/\" \/>\n<meta property=\"og:site_name\" content=\"AJE Granada\" \/>\n<meta property=\"article:published_time\" content=\"2024-07-12T10:36:06+00:00\" \/>\n<meta property=\"article:modified_time\" content=\"2024-07-12T10:39:52+00:00\" \/>\n<meta property=\"og:image\" content=\"https:\/\/ajeandalucia.org\/granada\/wp-content\/uploads\/sites\/7\/2024\/07\/Plantillas-AJE-41.png\" \/>\n\t<meta property=\"og:image:width\" content=\"1080\" \/>\n\t<meta property=\"og:image:height\" content=\"1080\" \/>\n\t<meta property=\"og:image:type\" content=\"image\/png\" \/>\n<meta name=\"author\" content=\"granada\" \/>\n<meta name=\"twitter:card\" content=\"summary_large_image\" \/>\n<meta name=\"twitter:label1\" content=\"Escrito por\" \/>\n\t<meta name=\"twitter:data1\" content=\"granada\" \/>\n\t<meta name=\"twitter:label2\" content=\"Tiempo de lectura\" \/>\n\t<meta name=\"twitter:data2\" content=\"6 minutos\" \/>\n<script type=\"application\/ld+json\" class=\"yoast-schema-graph\">{\"@context\":\"https:\/\/schema.org\",\"@graph\":[{\"@type\":\"Article\",\"@id\":\"https:\/\/ajeandalucia.org\/granada\/2024\/07\/12\/meet-aje-centro-de-formacion-internacional-reina-isabel\/#article\",\"isPartOf\":{\"@id\":\"https:\/\/ajeandalucia.org\/granada\/2024\/07\/12\/meet-aje-centro-de-formacion-internacional-reina-isabel\/\"},\"author\":{\"name\":\"granada\",\"@id\":\"https:\/\/ajeandalucia.org\/granada\/#\/schema\/person\/11740bd602b2087a5d9913ce7ad3b931\"},\"headline\":\"Meet AJE &#8211; Centro de Formaci\u00f3n Internacional Reina Isabel\",\"datePublished\":\"2024-07-12T10:36:06+00:00\",\"dateModified\":\"2024-07-12T10:39:52+00:00\",\"mainEntityOfPage\":{\"@id\":\"https:\/\/ajeandalucia.org\/granada\/2024\/07\/12\/meet-aje-centro-de-formacion-internacional-reina-isabel\/\"},\"wordCount\":1177,\"commentCount\":0,\"publisher\":{\"@id\":\"https:\/\/ajeandalucia.org\/granada\/#organization\"},\"image\":{\"@id\":\"https:\/\/ajeandalucia.org\/granada\/2024\/07\/12\/meet-aje-centro-de-formacion-internacional-reina-isabel\/#primaryimage\"},\"thumbnailUrl\":\"https:\/\/ajeandalucia.org\/granada\/wp-content\/uploads\/sites\/7\/2024\/07\/Plantillas-AJE-41.png\",\"articleSection\":[\"beneficios entre socios\",\"Blog\",\"Noticias\",\"Noticias aje\"],\"inLanguage\":\"es\",\"potentialAction\":[{\"@type\":\"CommentAction\",\"name\":\"Comment\",\"target\":[\"https:\/\/ajeandalucia.org\/granada\/2024\/07\/12\/meet-aje-centro-de-formacion-internacional-reina-isabel\/#respond\"]}]},{\"@type\":\"WebPage\",\"@id\":\"https:\/\/ajeandalucia.org\/granada\/2024\/07\/12\/meet-aje-centro-de-formacion-internacional-reina-isabel\/\",\"url\":\"https:\/\/ajeandalucia.org\/granada\/2024\/07\/12\/meet-aje-centro-de-formacion-internacional-reina-isabel\/\",\"name\":\"Meet AJE - Centro de Formaci\u00f3n Internacional Reina Isabel - AJE Granada\",\"isPartOf\":{\"@id\":\"https:\/\/ajeandalucia.org\/granada\/#website\"},\"primaryImageOfPage\":{\"@id\":\"https:\/\/ajeandalucia.org\/granada\/2024\/07\/12\/meet-aje-centro-de-formacion-internacional-reina-isabel\/#primaryimage\"},\"image\":{\"@id\":\"https:\/\/ajeandalucia.org\/granada\/2024\/07\/12\/meet-aje-centro-de-formacion-internacional-reina-isabel\/#primaryimage\"},\"thumbnailUrl\":\"https:\/\/ajeandalucia.org\/granada\/wp-content\/uploads\/sites\/7\/2024\/07\/Plantillas-AJE-41.png\",\"datePublished\":\"2024-07-12T10:36:06+00:00\",\"dateModified\":\"2024-07-12T10:39:52+00:00\",\"breadcrumb\":{\"@id\":\"https:\/\/ajeandalucia.org\/granada\/2024\/07\/12\/meet-aje-centro-de-formacion-internacional-reina-isabel\/#breadcrumb\"},\"inLanguage\":\"es\",\"potentialAction\":[{\"@type\":\"ReadAction\",\"target\":[\"https:\/\/ajeandalucia.org\/granada\/2024\/07\/12\/meet-aje-centro-de-formacion-internacional-reina-isabel\/\"]}]},{\"@type\":\"ImageObject\",\"inLanguage\":\"es\",\"@id\":\"https:\/\/ajeandalucia.org\/granada\/2024\/07\/12\/meet-aje-centro-de-formacion-internacional-reina-isabel\/#primaryimage\",\"url\":\"https:\/\/ajeandalucia.org\/granada\/wp-content\/uploads\/sites\/7\/2024\/07\/Plantillas-AJE-41.png\",\"contentUrl\":\"https:\/\/ajeandalucia.org\/granada\/wp-content\/uploads\/sites\/7\/2024\/07\/Plantillas-AJE-41.png\",\"width\":1080,\"height\":1080},{\"@type\":\"BreadcrumbList\",\"@id\":\"https:\/\/ajeandalucia.org\/granada\/2024\/07\/12\/meet-aje-centro-de-formacion-internacional-reina-isabel\/#breadcrumb\",\"itemListElement\":[{\"@type\":\"ListItem\",\"position\":1,\"name\":\"Portada\",\"item\":\"https:\/\/ajeandalucia.org\/granada\/\"},{\"@type\":\"ListItem\",\"position\":2,\"name\":\"Meet AJE &#8211; Centro de Formaci\u00f3n Internacional Reina Isabel\"}]},{\"@type\":\"WebSite\",\"@id\":\"https:\/\/ajeandalucia.org\/granada\/#website\",\"url\":\"https:\/\/ajeandalucia.org\/granada\/\",\"name\":\"AJE Granada\",\"description\":\"J\u00f3venes Empresarios de Granada\",\"publisher\":{\"@id\":\"https:\/\/ajeandalucia.org\/granada\/#organization\"},\"potentialAction\":[{\"@type\":\"SearchAction\",\"target\":{\"@type\":\"EntryPoint\",\"urlTemplate\":\"https:\/\/ajeandalucia.org\/granada\/?s={search_term_string}\"},\"query-input\":{\"@type\":\"PropertyValueSpecification\",\"valueRequired\":true,\"valueName\":\"search_term_string\"}}],\"inLanguage\":\"es\"},{\"@type\":\"Organization\",\"@id\":\"https:\/\/ajeandalucia.org\/granada\/#organization\",\"name\":\"AJE Granada\",\"url\":\"https:\/\/ajeandalucia.org\/granada\/\",\"logo\":{\"@type\":\"ImageObject\",\"inLanguage\":\"es\",\"@id\":\"https:\/\/ajeandalucia.org\/granada\/#\/schema\/logo\/image\/\",\"url\":\"https:\/\/ajeandalucia.org\/granada\/wp-content\/uploads\/sites\/7\/2025\/02\/AJE-GRANADA-horizontal.png\",\"contentUrl\":\"https:\/\/ajeandalucia.org\/granada\/wp-content\/uploads\/sites\/7\/2025\/02\/AJE-GRANADA-horizontal.png\",\"width\":612,\"height\":200,\"caption\":\"AJE Granada\"},\"image\":{\"@id\":\"https:\/\/ajeandalucia.org\/granada\/#\/schema\/logo\/image\/\"}},{\"@type\":\"Person\",\"@id\":\"https:\/\/ajeandalucia.org\/granada\/#\/schema\/person\/11740bd602b2087a5d9913ce7ad3b931\",\"name\":\"granada\",\"image\":{\"@type\":\"ImageObject\",\"inLanguage\":\"es\",\"@id\":\"https:\/\/ajeandalucia.org\/granada\/#\/schema\/person\/image\/\",\"url\":\"https:\/\/secure.gravatar.com\/avatar\/d3efaa03945b79a8aad01845a3fd3b3535448eae49310ea0a5677e96e0e68b63?s=96&d=mm&r=g\",\"contentUrl\":\"https:\/\/secure.gravatar.com\/avatar\/d3efaa03945b79a8aad01845a3fd3b3535448eae49310ea0a5677e96e0e68b63?s=96&d=mm&r=g\",\"caption\":\"granada\"},\"url\":\"https:\/\/ajeandalucia.org\/granada\/author\/granada\/\"}]}<\/script>\n<!-- \/ Yoast SEO plugin. -->","yoast_head_json":{"title":"Meet AJE - Centro de Formaci\u00f3n Internacional Reina Isabel - AJE Granada","robots":{"index":"index","follow":"follow","max-snippet":"max-snippet:-1","max-image-preview":"max-image-preview:large","max-video-preview":"max-video-preview:-1"},"canonical":"https:\/\/ajeandalucia.org\/granada\/2024\/07\/12\/meet-aje-centro-de-formacion-internacional-reina-isabel\/","og_locale":"es_ES","og_type":"article","og_title":"Meet AJE - Centro de Formaci\u00f3n Internacional Reina Isabel - AJE Granada","og_description":"Ya tenemos disponible la siguiente edici\u00f3n de nuestro Meet AJE. En esta ocasi\u00f3n hablamos con Jose Rivera,\u00a0consejero delegado y cofundador [&hellip;]","og_url":"https:\/\/ajeandalucia.org\/granada\/2024\/07\/12\/meet-aje-centro-de-formacion-internacional-reina-isabel\/","og_site_name":"AJE Granada","article_published_time":"2024-07-12T10:36:06+00:00","article_modified_time":"2024-07-12T10:39:52+00:00","og_image":[{"width":1080,"height":1080,"url":"https:\/\/ajeandalucia.org\/granada\/wp-content\/uploads\/sites\/7\/2024\/07\/Plantillas-AJE-41.png","type":"image\/png"}],"author":"granada","twitter_card":"summary_large_image","twitter_misc":{"Escrito por":"granada","Tiempo de lectura":"6 minutos"},"schema":{"@context":"https:\/\/schema.org","@graph":[{"@type":"Article","@id":"https:\/\/ajeandalucia.org\/granada\/2024\/07\/12\/meet-aje-centro-de-formacion-internacional-reina-isabel\/#article","isPartOf":{"@id":"https:\/\/ajeandalucia.org\/granada\/2024\/07\/12\/meet-aje-centro-de-formacion-internacional-reina-isabel\/"},"author":{"name":"granada","@id":"https:\/\/ajeandalucia.org\/granada\/#\/schema\/person\/11740bd602b2087a5d9913ce7ad3b931"},"headline":"Meet AJE &#8211; Centro de Formaci\u00f3n Internacional Reina Isabel","datePublished":"2024-07-12T10:36:06+00:00","dateModified":"2024-07-12T10:39:52+00:00","mainEntityOfPage":{"@id":"https:\/\/ajeandalucia.org\/granada\/2024\/07\/12\/meet-aje-centro-de-formacion-internacional-reina-isabel\/"},"wordCount":1177,"commentCount":0,"publisher":{"@id":"https:\/\/ajeandalucia.org\/granada\/#organization"},"image":{"@id":"https:\/\/ajeandalucia.org\/granada\/2024\/07\/12\/meet-aje-centro-de-formacion-internacional-reina-isabel\/#primaryimage"},"thumbnailUrl":"https:\/\/ajeandalucia.org\/granada\/wp-content\/uploads\/sites\/7\/2024\/07\/Plantillas-AJE-41.png","articleSection":["beneficios entre socios","Blog","Noticias","Noticias aje"],"inLanguage":"es","potentialAction":[{"@type":"CommentAction","name":"Comment","target":["https:\/\/ajeandalucia.org\/granada\/2024\/07\/12\/meet-aje-centro-de-formacion-internacional-reina-isabel\/#respond"]}]},{"@type":"WebPage","@id":"https:\/\/ajeandalucia.org\/granada\/2024\/07\/12\/meet-aje-centro-de-formacion-internacional-reina-isabel\/","url":"https:\/\/ajeandalucia.org\/granada\/2024\/07\/12\/meet-aje-centro-de-formacion-internacional-reina-isabel\/","name":"Meet AJE - Centro de Formaci\u00f3n Internacional Reina Isabel - AJE Granada","isPartOf":{"@id":"https:\/\/ajeandalucia.org\/granada\/#website"},"primaryImageOfPage":{"@id":"https:\/\/ajeandalucia.org\/granada\/2024\/07\/12\/meet-aje-centro-de-formacion-internacional-reina-isabel\/#primaryimage"},"image":{"@id":"https:\/\/ajeandalucia.org\/granada\/2024\/07\/12\/meet-aje-centro-de-formacion-internacional-reina-isabel\/#primaryimage"},"thumbnailUrl":"https:\/\/ajeandalucia.org\/granada\/wp-content\/uploads\/sites\/7\/2024\/07\/Plantillas-AJE-41.png","datePublished":"2024-07-12T10:36:06+00:00","dateModified":"2024-07-12T10:39:52+00:00","breadcrumb":{"@id":"https:\/\/ajeandalucia.org\/granada\/2024\/07\/12\/meet-aje-centro-de-formacion-internacional-reina-isabel\/#breadcrumb"},"inLanguage":"es","potentialAction":[{"@type":"ReadAction","target":["https:\/\/ajeandalucia.org\/granada\/2024\/07\/12\/meet-aje-centro-de-formacion-internacional-reina-isabel\/"]}]},{"@type":"ImageObject","inLanguage":"es","@id":"https:\/\/ajeandalucia.org\/granada\/2024\/07\/12\/meet-aje-centro-de-formacion-internacional-reina-isabel\/#primaryimage","url":"https:\/\/ajeandalucia.org\/granada\/wp-content\/uploads\/sites\/7\/2024\/07\/Plantillas-AJE-41.png","contentUrl":"https:\/\/ajeandalucia.org\/granada\/wp-content\/uploads\/sites\/7\/2024\/07\/Plantillas-AJE-41.png","width":1080,"height":1080},{"@type":"BreadcrumbList","@id":"https:\/\/ajeandalucia.org\/granada\/2024\/07\/12\/meet-aje-centro-de-formacion-internacional-reina-isabel\/#breadcrumb","itemListElement":[{"@type":"ListItem","position":1,"name":"Portada","item":"https:\/\/ajeandalucia.org\/granada\/"},{"@type":"ListItem","position":2,"name":"Meet AJE &#8211; Centro de Formaci\u00f3n Internacional Reina Isabel"}]},{"@type":"WebSite","@id":"https:\/\/ajeandalucia.org\/granada\/#website","url":"https:\/\/ajeandalucia.org\/granada\/","name":"AJE Granada","description":"J\u00f3venes Empresarios de Granada","publisher":{"@id":"https:\/\/ajeandalucia.org\/granada\/#organization"},"potentialAction":[{"@type":"SearchAction","target":{"@type":"EntryPoint","urlTemplate":"https:\/\/ajeandalucia.org\/granada\/?s={search_term_string}"},"query-input":{"@type":"PropertyValueSpecification","valueRequired":true,"valueName":"search_term_string"}}],"inLanguage":"es"},{"@type":"Organization","@id":"https:\/\/ajeandalucia.org\/granada\/#organization","name":"AJE Granada","url":"https:\/\/ajeandalucia.org\/granada\/","logo":{"@type":"ImageObject","inLanguage":"es","@id":"https:\/\/ajeandalucia.org\/granada\/#\/schema\/logo\/image\/","url":"https:\/\/ajeandalucia.org\/granada\/wp-content\/uploads\/sites\/7\/2025\/02\/AJE-GRANADA-horizontal.png","contentUrl":"https:\/\/ajeandalucia.org\/granada\/wp-content\/uploads\/sites\/7\/2025\/02\/AJE-GRANADA-horizontal.png","width":612,"height":200,"caption":"AJE Granada"},"image":{"@id":"https:\/\/ajeandalucia.org\/granada\/#\/schema\/logo\/image\/"}},{"@type":"Person","@id":"https:\/\/ajeandalucia.org\/granada\/#\/schema\/person\/11740bd602b2087a5d9913ce7ad3b931","name":"granada","image":{"@type":"ImageObject","inLanguage":"es","@id":"https:\/\/ajeandalucia.org\/granada\/#\/schema\/person\/image\/","url":"https:\/\/secure.gravatar.com\/avatar\/d3efaa03945b79a8aad01845a3fd3b3535448eae49310ea0a5677e96e0e68b63?s=96&d=mm&r=g","contentUrl":"https:\/\/secure.gravatar.com\/avatar\/d3efaa03945b79a8aad01845a3fd3b3535448eae49310ea0a5677e96e0e68b63?s=96&d=mm&r=g","caption":"granada"},"url":"https:\/\/ajeandalucia.org\/granada\/author\/granada\/"}]}},"_links":{"self":[{"href":"https:\/\/ajeandalucia.org\/granada\/wp-json\/wp\/v2\/posts\/45512","targetHints":{"allow":["GET"]}}],"collection":[{"href":"https:\/\/ajeandalucia.org\/granada\/wp-json\/wp\/v2\/posts"}],"about":[{"href":"https:\/\/ajeandalucia.org\/granada\/wp-json\/wp\/v2\/types\/post"}],"author":[{"embeddable":true,"href":"https:\/\/ajeandalucia.org\/granada\/wp-json\/wp\/v2\/users\/6"}],"replies":[{"embeddable":true,"href":"https:\/\/ajeandalucia.org\/granada\/wp-json\/wp\/v2\/comments?post=45512"}],"version-history":[{"count":3,"href":"https:\/\/ajeandalucia.org\/granada\/wp-json\/wp\/v2\/posts\/45512\/revisions"}],"predecessor-version":[{"id":45516,"href":"https:\/\/ajeandalucia.org\/granada\/wp-json\/wp\/v2\/posts\/45512\/revisions\/45516"}],"wp:featuredmedia":[{"embeddable":true,"href":"https:\/\/ajeandalucia.org\/granada\/wp-json\/wp\/v2\/media\/45513"}],"wp:attachment":[{"href":"https:\/\/ajeandalucia.org\/granada\/wp-json\/wp\/v2\/media?parent=45512"}],"wp:term":[{"taxonomy":"category","embeddable":true,"href":"https:\/\/ajeandalucia.org\/granada\/wp-json\/wp\/v2\/categories?post=45512"},{"taxonomy":"post_tag","embeddable":true,"href":"https:\/\/ajeandalucia.org\/granada\/wp-json\/wp\/v2\/tags?post=45512"}],"curies":[{"name":"wp","href":"https:\/\/api.w.org\/{rel}","templated":true}]}}