{"id":46062,"date":"2024-12-18T10:02:01","date_gmt":"2024-12-18T09:02:01","guid":{"rendered":"https:\/\/www.ajeandalucia.org\/granada\/?p=46062"},"modified":"2025-02-06T09:36:38","modified_gmt":"2025-02-06T08:36:38","slug":"meet-aje-trilby-events","status":"publish","type":"post","link":"https:\/\/ajeandalucia.org\/granada\/2024\/12\/18\/meet-aje-trilby-events\/","title":{"rendered":"Meet AJE &#8211; Trilby Events"},"content":{"rendered":"<p>Esta semana conocemos de cerca a Patricia Porras de <a href=\"https:\/\/trilbyevents.es\/\">Trilby Events<\/a><\/p>\n<p><b>&#8211; Qu\u00e9 puesto desarrollas en la empresa, por qu\u00e9 motivo te decidiste a ponerla en marcha, cuenta un poco tu experiencia&#8230;<\/b><\/p>\n<div>\n<div class=\"gmail_quote\">\n<div>Soy co-founder de Trilby Events, poner en marcha este proyecto fue un reto personal y profesional, conllevaba un cambio de vida, de ciudad y de mentalidad!, pero siempre me han apasionado los retos y los he intentado afrontar de la mejor forma, tom\u00e1ndome cada \u00e9xito como una motivaci\u00f3n y cada fracaso como un aprendizaje. Realmente los meses de confinamiento y medidas covid fue lo que, tanto a mi como a mi socia, nos hizo cambiar el chip, y pensar que la vida es corta y que el &#8220;ahora o nunca&#8221; es cierto, era el momento de arriesgar y comenzar un proyecto propio y com\u00fan, que para ambas es la rama m\u00e1s alta de nuestro \u00e1rbol. Fue dif\u00edcil el comienzo, como para todos los emprendedores y m\u00e1s a\u00fan el camino, pero creemos en nuestra marca y en nosotras, y nuestros clientes nos animan cada d\u00eda a ser mejores y seguir creciendo, hacemos lo que m\u00e1s nos gusta y lo que mejor sabemos hacer, no creemos que haya nada mejor que eso.<\/div>\n<div><b><i>\u00a0<\/i><\/b><\/div>\n<div><b>&#8211; \u00bfQu\u00e9 servicios y l\u00edneas de negocio tiene tu empresa? \u00bfCu\u00e1l es vuestro valor diferencial?<\/b><\/div>\n<div>Nuestra empresa es agencia de eventos 360, organizamos todo tipo de eventos, en cualquier ciudad de Espa\u00f1a y con el equipo especializado para cada l\u00ednea. Disponemos de un departamento MICE (especializado en corporate: reuniones, incentivos, conferencias &amp; exhibiciones \/ ferias \/ congresos) y un departamento dedicado a organizaci\u00f3n de eventos sociales (bodas, aniversarios, cumplea\u00f1os, fiestas tem\u00e1ticas&#8230;etc), trabajamos de la mano de los mejores proveedores de cada ciudad, para ofrecer al cliente un servicio integral, en el que le facilitamos todo lo referente al evento: b\u00fasqueda del espacio, catering o servicio de restauraci\u00f3n, transporte, protocolo, asistencia, decoraci\u00f3n, ambientaci\u00f3n, audiovisuales&#8230; en definitiva todo lo que necesite para llevar a cabo su idea, por supuesto trabajamos mucho la escucha activa, identificamos gusto, presupuesto y expectativas de nuestro cliente, para adaptarnos lo m\u00e1ximo al proyecto.<\/div>\n<div><b><i>\u00a0<\/i><\/b><\/div>\n<div><b>&#8211; \u00bfPor qu\u00e9 perteneces a\u00a0AJE, qu\u00e9 beneficios encuentras y c\u00f3mo podr\u00edamos ayudarte?<\/b><\/div>\n<div>Pertenecemos a AJE primero porque nos identificamos al 100% con su compromiso, emprendedores y j\u00f3venes empresarios que luchan por sacar adelante sus ideas y proyectos, confiamos en su<b><i>\u00a0visi\u00f3n y misi\u00f3n\u00a0<\/i><\/b>tanto del equipo como de la junta directiva, que no s\u00f3lo organizan formaciones, networking y eventos, si no que se re\u00fanen con otras instituciones para conseguir beneficios para sus asociados. De AJE esperamos facilidades para crear sinergias entre asociados, posibles negocios que salgan de estas relaciones o sinergias y ayuda y asesoramiento cuando nuestros proyectos lo requieran, adem\u00e1s de una visibilidad mayor que pueda acercarnos a nuestro p\u00fablico objetivo.<\/div>\n<\/div>\n<\/div>\n","protected":false},"excerpt":{"rendered":"<p>Esta semana conocemos de cerca a Patricia Porras de Trilby Events &#8211; Qu\u00e9 puesto desarrollas en la empresa, por qu\u00e9 [&hellip;]<\/p>\n","protected":false},"author":6,"featured_media":46644,"comment_status":"open","ping_status":"open","sticky":false,"template":"","format":"standard","meta":{"_acf_changed":false,"site-sidebar-layout":"default","site-content-layout":"","ast-site-content-layout":"default","site-content-style":"default","site-sidebar-style":"default","ast-global-header-display":"","ast-banner-title-visibility":"","ast-main-header-display":"","ast-hfb-above-header-display":"","ast-hfb-below-header-display":"","ast-hfb-mobile-header-display":"","site-post-title":"","ast-breadcrumbs-content":"","ast-featured-img":"","footer-sml-layout":"","ast-disable-related-posts":"","theme-transparent-header-meta":"default","adv-header-id-meta":"","stick-header-meta":"","header-above-stick-meta":"","header-main-stick-meta":"","header-below-stick-meta":"","astra-migrate-meta-layouts":"set","ast-page-background-enabled":"default","ast-page-background-meta":{"desktop":{"background-color":"var(--ast-global-color-5)","background-image":"","background-repeat":"repeat","background-position":"center center","background-size":"auto","background-attachment":"scroll","background-type":"","background-media":"","overlay-type":"","overlay-color":"","overlay-opacity":"","overlay-gradient":""},"tablet":{"background-color":"","background-image":"","background-repeat":"repeat","background-position":"center center","background-size":"auto","background-attachment":"scroll","background-type":"","background-media":"","overlay-type":"","overlay-color":"","overlay-opacity":"","overlay-gradient":""},"mobile":{"background-color":"","background-image":"","background-repeat":"repeat","background-position":"center center","background-size":"auto","background-attachment":"scroll","background-type":"","background-media":"","overlay-type":"","overlay-color":"","overlay-opacity":"","overlay-gradient":""}},"ast-content-background-meta":{"desktop":{"background-color":"var(--ast-global-color-4)","background-image":"","background-repeat":"repeat","background-position":"center center","background-size":"auto","background-attachment":"scroll","background-type":"","background-media":"","overlay-type":"","overlay-color":"","overlay-opacity":"","overlay-gradient":""},"tablet":{"background-color":"var(--ast-global-color-4)","background-image":"","background-repeat":"repeat","background-position":"center center","background-size":"auto","background-attachment":"scroll","background-type":"","background-media":"","overlay-type":"","overlay-color":"","overlay-opacity":"","overlay-gradient":""},"mobile":{"background-color":"var(--ast-global-color-4)","background-image":"","background-repeat":"repeat","background-position":"center center","background-size":"auto","background-attachment":"scroll","background-type":"","background-media":"","overlay-type":"","overlay-color":"","overlay-opacity":"","overlay-gradient":""}},"footnotes":""},"categories":[1,91,2467,8,115],"tags":[],"class_list":["post-46062","post","type-post","status-publish","format-standard","has-post-thumbnail","hentry","category-blog","category-empresas-asociadas","category-eventos","category-noticias","category-noticias-aje"],"acf":[],"yoast_head":"<!-- This site is optimized with the Yoast SEO plugin v26.9 - https:\/\/yoast.com\/product\/yoast-seo-wordpress\/ -->\n<title>Meet AJE - Trilby Events - AJE Granada<\/title>\n<meta name=\"robots\" content=\"index, follow, max-snippet:-1, max-image-preview:large, max-video-preview:-1\" \/>\n<link rel=\"canonical\" href=\"https:\/\/ajeandalucia.org\/granada\/2024\/12\/18\/meet-aje-trilby-events\/\" \/>\n<meta property=\"og:locale\" content=\"es_ES\" \/>\n<meta property=\"og:type\" content=\"article\" \/>\n<meta property=\"og:title\" content=\"Meet AJE - Trilby Events - AJE Granada\" \/>\n<meta property=\"og:description\" content=\"Esta semana conocemos de cerca a Patricia Porras de Trilby Events &#8211; Qu\u00e9 puesto desarrollas en la empresa, por qu\u00e9 [&hellip;]\" \/>\n<meta property=\"og:url\" content=\"https:\/\/ajeandalucia.org\/granada\/2024\/12\/18\/meet-aje-trilby-events\/\" \/>\n<meta property=\"og:site_name\" content=\"AJE Granada\" \/>\n<meta property=\"article:published_time\" content=\"2024-12-18T09:02:01+00:00\" \/>\n<meta property=\"article:modified_time\" content=\"2025-02-06T08:36:38+00:00\" \/>\n<meta property=\"og:image\" content=\"https:\/\/ajeandalucia.org\/granada\/wp-content\/uploads\/sites\/7\/2024\/12\/Plantillas-AJE-5.jpg\" \/>\n\t<meta property=\"og:image:width\" content=\"1080\" \/>\n\t<meta property=\"og:image:height\" content=\"1080\" \/>\n\t<meta property=\"og:image:type\" content=\"image\/jpeg\" \/>\n<meta name=\"author\" content=\"granada\" \/>\n<meta name=\"twitter:card\" content=\"summary_large_image\" \/>\n<meta name=\"twitter:label1\" content=\"Escrito por\" \/>\n\t<meta name=\"twitter:data1\" content=\"granada\" \/>\n\t<meta name=\"twitter:label2\" content=\"Tiempo de lectura\" \/>\n\t<meta name=\"twitter:data2\" content=\"3 minutos\" \/>\n<script type=\"application\/ld+json\" class=\"yoast-schema-graph\">{\"@context\":\"https:\/\/schema.org\",\"@graph\":[{\"@type\":\"Article\",\"@id\":\"https:\/\/ajeandalucia.org\/granada\/2024\/12\/18\/meet-aje-trilby-events\/#article\",\"isPartOf\":{\"@id\":\"https:\/\/ajeandalucia.org\/granada\/2024\/12\/18\/meet-aje-trilby-events\/\"},\"author\":{\"name\":\"granada\",\"@id\":\"https:\/\/ajeandalucia.org\/granada\/#\/schema\/person\/11740bd602b2087a5d9913ce7ad3b931\"},\"headline\":\"Meet AJE &#8211; Trilby Events\",\"datePublished\":\"2024-12-18T09:02:01+00:00\",\"dateModified\":\"2025-02-06T08:36:38+00:00\",\"mainEntityOfPage\":{\"@id\":\"https:\/\/ajeandalucia.org\/granada\/2024\/12\/18\/meet-aje-trilby-events\/\"},\"wordCount\":493,\"commentCount\":0,\"publisher\":{\"@id\":\"https:\/\/ajeandalucia.org\/granada\/#organization\"},\"image\":{\"@id\":\"https:\/\/ajeandalucia.org\/granada\/2024\/12\/18\/meet-aje-trilby-events\/#primaryimage\"},\"thumbnailUrl\":\"https:\/\/ajeandalucia.org\/granada\/wp-content\/uploads\/sites\/7\/2024\/12\/Plantillas-AJE-5.jpg\",\"articleSection\":[\"Blog\",\"Empresas asociadas\",\"Eventos\",\"Noticias\",\"Noticias aje\"],\"inLanguage\":\"es\",\"potentialAction\":[{\"@type\":\"CommentAction\",\"name\":\"Comment\",\"target\":[\"https:\/\/ajeandalucia.org\/granada\/2024\/12\/18\/meet-aje-trilby-events\/#respond\"]}]},{\"@type\":\"WebPage\",\"@id\":\"https:\/\/ajeandalucia.org\/granada\/2024\/12\/18\/meet-aje-trilby-events\/\",\"url\":\"https:\/\/ajeandalucia.org\/granada\/2024\/12\/18\/meet-aje-trilby-events\/\",\"name\":\"Meet AJE - Trilby Events - AJE Granada\",\"isPartOf\":{\"@id\":\"https:\/\/ajeandalucia.org\/granada\/#website\"},\"primaryImageOfPage\":{\"@id\":\"https:\/\/ajeandalucia.org\/granada\/2024\/12\/18\/meet-aje-trilby-events\/#primaryimage\"},\"image\":{\"@id\":\"https:\/\/ajeandalucia.org\/granada\/2024\/12\/18\/meet-aje-trilby-events\/#primaryimage\"},\"thumbnailUrl\":\"https:\/\/ajeandalucia.org\/granada\/wp-content\/uploads\/sites\/7\/2024\/12\/Plantillas-AJE-5.jpg\",\"datePublished\":\"2024-12-18T09:02:01+00:00\",\"dateModified\":\"2025-02-06T08:36:38+00:00\",\"breadcrumb\":{\"@id\":\"https:\/\/ajeandalucia.org\/granada\/2024\/12\/18\/meet-aje-trilby-events\/#breadcrumb\"},\"inLanguage\":\"es\",\"potentialAction\":[{\"@type\":\"ReadAction\",\"target\":[\"https:\/\/ajeandalucia.org\/granada\/2024\/12\/18\/meet-aje-trilby-events\/\"]}]},{\"@type\":\"ImageObject\",\"inLanguage\":\"es\",\"@id\":\"https:\/\/ajeandalucia.org\/granada\/2024\/12\/18\/meet-aje-trilby-events\/#primaryimage\",\"url\":\"https:\/\/ajeandalucia.org\/granada\/wp-content\/uploads\/sites\/7\/2024\/12\/Plantillas-AJE-5.jpg\",\"contentUrl\":\"https:\/\/ajeandalucia.org\/granada\/wp-content\/uploads\/sites\/7\/2024\/12\/Plantillas-AJE-5.jpg\",\"width\":1080,\"height\":1080},{\"@type\":\"BreadcrumbList\",\"@id\":\"https:\/\/ajeandalucia.org\/granada\/2024\/12\/18\/meet-aje-trilby-events\/#breadcrumb\",\"itemListElement\":[{\"@type\":\"ListItem\",\"position\":1,\"name\":\"Portada\",\"item\":\"https:\/\/ajeandalucia.org\/granada\/\"},{\"@type\":\"ListItem\",\"position\":2,\"name\":\"Meet AJE &#8211; Trilby Events\"}]},{\"@type\":\"WebSite\",\"@id\":\"https:\/\/ajeandalucia.org\/granada\/#website\",\"url\":\"https:\/\/ajeandalucia.org\/granada\/\",\"name\":\"AJE Granada\",\"description\":\"J\u00f3venes Empresarios de Granada\",\"publisher\":{\"@id\":\"https:\/\/ajeandalucia.org\/granada\/#organization\"},\"potentialAction\":[{\"@type\":\"SearchAction\",\"target\":{\"@type\":\"EntryPoint\",\"urlTemplate\":\"https:\/\/ajeandalucia.org\/granada\/?s={search_term_string}\"},\"query-input\":{\"@type\":\"PropertyValueSpecification\",\"valueRequired\":true,\"valueName\":\"search_term_string\"}}],\"inLanguage\":\"es\"},{\"@type\":\"Organization\",\"@id\":\"https:\/\/ajeandalucia.org\/granada\/#organization\",\"name\":\"AJE Granada\",\"url\":\"https:\/\/ajeandalucia.org\/granada\/\",\"logo\":{\"@type\":\"ImageObject\",\"inLanguage\":\"es\",\"@id\":\"https:\/\/ajeandalucia.org\/granada\/#\/schema\/logo\/image\/\",\"url\":\"https:\/\/ajeandalucia.org\/granada\/wp-content\/uploads\/sites\/7\/2025\/02\/AJE-GRANADA-horizontal.png\",\"contentUrl\":\"https:\/\/ajeandalucia.org\/granada\/wp-content\/uploads\/sites\/7\/2025\/02\/AJE-GRANADA-horizontal.png\",\"width\":612,\"height\":200,\"caption\":\"AJE Granada\"},\"image\":{\"@id\":\"https:\/\/ajeandalucia.org\/granada\/#\/schema\/logo\/image\/\"}},{\"@type\":\"Person\",\"@id\":\"https:\/\/ajeandalucia.org\/granada\/#\/schema\/person\/11740bd602b2087a5d9913ce7ad3b931\",\"name\":\"granada\",\"image\":{\"@type\":\"ImageObject\",\"inLanguage\":\"es\",\"@id\":\"https:\/\/ajeandalucia.org\/granada\/#\/schema\/person\/image\/\",\"url\":\"https:\/\/secure.gravatar.com\/avatar\/d3efaa03945b79a8aad01845a3fd3b3535448eae49310ea0a5677e96e0e68b63?s=96&d=mm&r=g\",\"contentUrl\":\"https:\/\/secure.gravatar.com\/avatar\/d3efaa03945b79a8aad01845a3fd3b3535448eae49310ea0a5677e96e0e68b63?s=96&d=mm&r=g\",\"caption\":\"granada\"},\"url\":\"https:\/\/ajeandalucia.org\/granada\/author\/granada\/\"}]}<\/script>\n<!-- \/ Yoast SEO plugin. -->","yoast_head_json":{"title":"Meet AJE - Trilby Events - AJE Granada","robots":{"index":"index","follow":"follow","max-snippet":"max-snippet:-1","max-image-preview":"max-image-preview:large","max-video-preview":"max-video-preview:-1"},"canonical":"https:\/\/ajeandalucia.org\/granada\/2024\/12\/18\/meet-aje-trilby-events\/","og_locale":"es_ES","og_type":"article","og_title":"Meet AJE - Trilby Events - AJE Granada","og_description":"Esta semana conocemos de cerca a Patricia Porras de Trilby Events &#8211; Qu\u00e9 puesto desarrollas en la empresa, por qu\u00e9 [&hellip;]","og_url":"https:\/\/ajeandalucia.org\/granada\/2024\/12\/18\/meet-aje-trilby-events\/","og_site_name":"AJE Granada","article_published_time":"2024-12-18T09:02:01+00:00","article_modified_time":"2025-02-06T08:36:38+00:00","og_image":[{"width":1080,"height":1080,"url":"https:\/\/ajeandalucia.org\/granada\/wp-content\/uploads\/sites\/7\/2024\/12\/Plantillas-AJE-5.jpg","type":"image\/jpeg"}],"author":"granada","twitter_card":"summary_large_image","twitter_misc":{"Escrito por":"granada","Tiempo de lectura":"3 minutos"},"schema":{"@context":"https:\/\/schema.org","@graph":[{"@type":"Article","@id":"https:\/\/ajeandalucia.org\/granada\/2024\/12\/18\/meet-aje-trilby-events\/#article","isPartOf":{"@id":"https:\/\/ajeandalucia.org\/granada\/2024\/12\/18\/meet-aje-trilby-events\/"},"author":{"name":"granada","@id":"https:\/\/ajeandalucia.org\/granada\/#\/schema\/person\/11740bd602b2087a5d9913ce7ad3b931"},"headline":"Meet AJE &#8211; Trilby Events","datePublished":"2024-12-18T09:02:01+00:00","dateModified":"2025-02-06T08:36:38+00:00","mainEntityOfPage":{"@id":"https:\/\/ajeandalucia.org\/granada\/2024\/12\/18\/meet-aje-trilby-events\/"},"wordCount":493,"commentCount":0,"publisher":{"@id":"https:\/\/ajeandalucia.org\/granada\/#organization"},"image":{"@id":"https:\/\/ajeandalucia.org\/granada\/2024\/12\/18\/meet-aje-trilby-events\/#primaryimage"},"thumbnailUrl":"https:\/\/ajeandalucia.org\/granada\/wp-content\/uploads\/sites\/7\/2024\/12\/Plantillas-AJE-5.jpg","articleSection":["Blog","Empresas asociadas","Eventos","Noticias","Noticias aje"],"inLanguage":"es","potentialAction":[{"@type":"CommentAction","name":"Comment","target":["https:\/\/ajeandalucia.org\/granada\/2024\/12\/18\/meet-aje-trilby-events\/#respond"]}]},{"@type":"WebPage","@id":"https:\/\/ajeandalucia.org\/granada\/2024\/12\/18\/meet-aje-trilby-events\/","url":"https:\/\/ajeandalucia.org\/granada\/2024\/12\/18\/meet-aje-trilby-events\/","name":"Meet AJE - Trilby Events - AJE Granada","isPartOf":{"@id":"https:\/\/ajeandalucia.org\/granada\/#website"},"primaryImageOfPage":{"@id":"https:\/\/ajeandalucia.org\/granada\/2024\/12\/18\/meet-aje-trilby-events\/#primaryimage"},"image":{"@id":"https:\/\/ajeandalucia.org\/granada\/2024\/12\/18\/meet-aje-trilby-events\/#primaryimage"},"thumbnailUrl":"https:\/\/ajeandalucia.org\/granada\/wp-content\/uploads\/sites\/7\/2024\/12\/Plantillas-AJE-5.jpg","datePublished":"2024-12-18T09:02:01+00:00","dateModified":"2025-02-06T08:36:38+00:00","breadcrumb":{"@id":"https:\/\/ajeandalucia.org\/granada\/2024\/12\/18\/meet-aje-trilby-events\/#breadcrumb"},"inLanguage":"es","potentialAction":[{"@type":"ReadAction","target":["https:\/\/ajeandalucia.org\/granada\/2024\/12\/18\/meet-aje-trilby-events\/"]}]},{"@type":"ImageObject","inLanguage":"es","@id":"https:\/\/ajeandalucia.org\/granada\/2024\/12\/18\/meet-aje-trilby-events\/#primaryimage","url":"https:\/\/ajeandalucia.org\/granada\/wp-content\/uploads\/sites\/7\/2024\/12\/Plantillas-AJE-5.jpg","contentUrl":"https:\/\/ajeandalucia.org\/granada\/wp-content\/uploads\/sites\/7\/2024\/12\/Plantillas-AJE-5.jpg","width":1080,"height":1080},{"@type":"BreadcrumbList","@id":"https:\/\/ajeandalucia.org\/granada\/2024\/12\/18\/meet-aje-trilby-events\/#breadcrumb","itemListElement":[{"@type":"ListItem","position":1,"name":"Portada","item":"https:\/\/ajeandalucia.org\/granada\/"},{"@type":"ListItem","position":2,"name":"Meet AJE &#8211; Trilby Events"}]},{"@type":"WebSite","@id":"https:\/\/ajeandalucia.org\/granada\/#website","url":"https:\/\/ajeandalucia.org\/granada\/","name":"AJE Granada","description":"J\u00f3venes Empresarios de Granada","publisher":{"@id":"https:\/\/ajeandalucia.org\/granada\/#organization"},"potentialAction":[{"@type":"SearchAction","target":{"@type":"EntryPoint","urlTemplate":"https:\/\/ajeandalucia.org\/granada\/?s={search_term_string}"},"query-input":{"@type":"PropertyValueSpecification","valueRequired":true,"valueName":"search_term_string"}}],"inLanguage":"es"},{"@type":"Organization","@id":"https:\/\/ajeandalucia.org\/granada\/#organization","name":"AJE Granada","url":"https:\/\/ajeandalucia.org\/granada\/","logo":{"@type":"ImageObject","inLanguage":"es","@id":"https:\/\/ajeandalucia.org\/granada\/#\/schema\/logo\/image\/","url":"https:\/\/ajeandalucia.org\/granada\/wp-content\/uploads\/sites\/7\/2025\/02\/AJE-GRANADA-horizontal.png","contentUrl":"https:\/\/ajeandalucia.org\/granada\/wp-content\/uploads\/sites\/7\/2025\/02\/AJE-GRANADA-horizontal.png","width":612,"height":200,"caption":"AJE Granada"},"image":{"@id":"https:\/\/ajeandalucia.org\/granada\/#\/schema\/logo\/image\/"}},{"@type":"Person","@id":"https:\/\/ajeandalucia.org\/granada\/#\/schema\/person\/11740bd602b2087a5d9913ce7ad3b931","name":"granada","image":{"@type":"ImageObject","inLanguage":"es","@id":"https:\/\/ajeandalucia.org\/granada\/#\/schema\/person\/image\/","url":"https:\/\/secure.gravatar.com\/avatar\/d3efaa03945b79a8aad01845a3fd3b3535448eae49310ea0a5677e96e0e68b63?s=96&d=mm&r=g","contentUrl":"https:\/\/secure.gravatar.com\/avatar\/d3efaa03945b79a8aad01845a3fd3b3535448eae49310ea0a5677e96e0e68b63?s=96&d=mm&r=g","caption":"granada"},"url":"https:\/\/ajeandalucia.org\/granada\/author\/granada\/"}]}},"_links":{"self":[{"href":"https:\/\/ajeandalucia.org\/granada\/wp-json\/wp\/v2\/posts\/46062","targetHints":{"allow":["GET"]}}],"collection":[{"href":"https:\/\/ajeandalucia.org\/granada\/wp-json\/wp\/v2\/posts"}],"about":[{"href":"https:\/\/ajeandalucia.org\/granada\/wp-json\/wp\/v2\/types\/post"}],"author":[{"embeddable":true,"href":"https:\/\/ajeandalucia.org\/granada\/wp-json\/wp\/v2\/users\/6"}],"replies":[{"embeddable":true,"href":"https:\/\/ajeandalucia.org\/granada\/wp-json\/wp\/v2\/comments?post=46062"}],"version-history":[{"count":1,"href":"https:\/\/ajeandalucia.org\/granada\/wp-json\/wp\/v2\/posts\/46062\/revisions"}],"predecessor-version":[{"id":46063,"href":"https:\/\/ajeandalucia.org\/granada\/wp-json\/wp\/v2\/posts\/46062\/revisions\/46063"}],"wp:featuredmedia":[{"embeddable":true,"href":"https:\/\/ajeandalucia.org\/granada\/wp-json\/wp\/v2\/media\/46644"}],"wp:attachment":[{"href":"https:\/\/ajeandalucia.org\/granada\/wp-json\/wp\/v2\/media?parent=46062"}],"wp:term":[{"taxonomy":"category","embeddable":true,"href":"https:\/\/ajeandalucia.org\/granada\/wp-json\/wp\/v2\/categories?post=46062"},{"taxonomy":"post_tag","embeddable":true,"href":"https:\/\/ajeandalucia.org\/granada\/wp-json\/wp\/v2\/tags?post=46062"}],"curies":[{"name":"wp","href":"https:\/\/api.w.org\/{rel}","templated":true}]}}