{"id":46870,"date":"2025-03-10T09:38:03","date_gmt":"2025-03-10T08:38:03","guid":{"rendered":"https:\/\/ajeandalucia.org\/granada\/?p=46870"},"modified":"2025-03-12T10:41:29","modified_gmt":"2025-03-12T09:41:29","slug":"meet-aje-jw-jw-jimenez-waddington-centro-entrenamiento","status":"publish","type":"post","link":"https:\/\/ajeandalucia.org\/granada\/2025\/03\/10\/meet-aje-jw-jw-jimenez-waddington-centro-entrenamiento\/","title":{"rendered":"Meet AJE- JW Jim\u00e9nez Waddington Centro entrenamiento"},"content":{"rendered":"<p>Esta semana conocemos de cerca a Javi y Dani de <a href=\"https:\/\/jimenezwaddington.com\/\">JW Jim\u00e9nez Waddington Centro entrenamiento<\/a><\/p>\n<p><strong>-Qu\u00e9 puesto desarrollas en la empresa, por qu\u00e9 motivo te decidiste a ponerla en marcha, cuenta un poco tu experiencia&#8230;<\/strong><\/p>\n<p>Dani y yo somos amigos, propietarios y co-ceos de la empresa JW y socios capitalistas de la empresa Elite (Brooklyn Fitboxing).<\/p>\n<p>Nuestros primeros pasos en el mundo laboral despu\u00e9s de nuestros estudios fue empezar a hacer pr\u00e1cticas en un el centro deportivo Yo10, donde en ese periodo nos ofrecieron la posibilidad de empezar a trabajar los fines de semana como t\u00e9cnicos en piscina y sala.<\/p>\n<p>La parte de entrenamiento siempre nos hab\u00eda llamado la atenci\u00f3n por lo que empezamos a trabajar dentro del \u00e1rea de entrenamiento personal en este centro. Paso a paso fuimos ganando cartera de clientes y nos dimos cuenta que la verdadera forma de ofrecer un servicio exclusivo y cercano viene de pasar tiempo con la gente, conocer bien cu\u00e1les son sus objetivos y poder ayudarles a conseguirlos.<\/p>\n<p>Un gimnasio grande pierde cercan\u00eda y mucha gente se encuentra perdida sin saber que hacer, no les gusta sentirse observados, perdiendo el tiempo esperando a tener espacio para usar una m\u00e1quina y esto los lleva a tirar por la borda las ganas de cuidarse, por lo que terminan por dejarlo. Este fue el motivo que nos llev\u00f3 a querer dar el paso y crear un servicio de entrenamiento que haga que la gente se enganche y se adhiera al ejercicio. Con \u00e9l, conseguimos que la gente incluya el ejercicio en sus vidas y cambie sus h\u00e1bitos para siempre.<\/p>\n<p><strong>-\u00bfQu\u00e9 servicios y l\u00edneas de negocio tiene tu empresa? \u00bfCu\u00e1l es vuestro valor diferencial?<\/strong><\/p>\n<p>Nuestro servicio estrella son los grupos reducidos, nuestro principal p\u00fablico son mujeres y hombres entre 30-55 a\u00f1os que quieren ponerse en forma y mejorar su calidad de vida, con poco tiempo, que se aburren en el gimnasio y no saben que es lo que tienen que hacer para de verdad conseguir un cambio a trav\u00e9s de un formato de entrenamiento en el que compartes tu sesi\u00f3n con personas con el mismo objetivo creando una experiencia y un gran ambiente en el que poder desconectar de las obligaciones, de las preocupaciones y del trabajo. Tenemos que ser conscientes de que vivimos muy acelerados en nuestra vida y si no somos capaces de sacar un m\u00ednimo de tiempo para cuidarnos antes o despu\u00e9s vamos a tener un problema o vamos a sufrir una enfermedad.<\/p>\n<p>Toda esta experiencia viene complementada con eventos repartidos durante todo el a\u00f1o para generar m\u00e1s conexi\u00f3n con nuestros entrenados, rutas de senderismo, tapeos, salidas a la playa, un evento especial en navidad, un retiro en verano, charlas y talleres&#8230;Todo hecho para conseguir generar cambios en tu calidad de vida y que te sientas parte de una familia<\/p>\n<p><strong>-\u00bfPor qu\u00e9 perteneces a AJE, qu\u00e9 beneficios encuentras y c\u00f3mo podr\u00edamos ayudarte?<\/strong><\/p>\n<p>Queremos ser parte del tejido empresarial de Granada y que l@s empresari@s de Aje conozcan la importancia de cuidarse y tener una buena salud. El mayor beneficio que creemos que Aje nos aportar\u00e1 ser\u00e1 aumentar nuestra red de contactos y darnos m\u00e1s visibilidad entre todos los negocios de Granada. Nos encantar\u00eda que nos ayudarais a seguir trasmitiendo la importancia de hacer ejercicio y cuidarse.<\/p>\n<p>Un due\u00f1o de una empresa o un negocio que haga ejercicio va a tener mejor salud, va a controlar su mejor su estr\u00e9s y sus d\u00edas malos van a ser menos malos ya que el ejercicio es una herramienta poderosa para que seas tu mejor versi\u00f3n.<\/p>\n","protected":false},"excerpt":{"rendered":"<p>Esta semana conocemos de cerca a Javi y Dani de JW Jim\u00e9nez Waddington Centro entrenamiento -Qu\u00e9 puesto desarrollas en la [&hellip;]<\/p>\n","protected":false},"author":6,"featured_media":46871,"comment_status":"closed","ping_status":"open","sticky":false,"template":"","format":"standard","meta":{"_acf_changed":false,"site-sidebar-layout":"default","site-content-layout":"","ast-site-content-layout":"default","site-content-style":"default","site-sidebar-style":"default","ast-global-header-display":"","ast-banner-title-visibility":"","ast-main-header-display":"","ast-hfb-above-header-display":"","ast-hfb-below-header-display":"","ast-hfb-mobile-header-display":"","site-post-title":"","ast-breadcrumbs-content":"","ast-featured-img":"","footer-sml-layout":"","ast-disable-related-posts":"","theme-transparent-header-meta":"default","adv-header-id-meta":"","stick-header-meta":"","header-above-stick-meta":"","header-main-stick-meta":"","header-below-stick-meta":"","astra-migrate-meta-layouts":"set","ast-page-background-enabled":"default","ast-page-background-meta":{"desktop":{"background-color":"var(--ast-global-color-5)","background-image":"","background-repeat":"repeat","background-position":"center center","background-size":"auto","background-attachment":"scroll","background-type":"","background-media":"","overlay-type":"","overlay-color":"","overlay-opacity":"","overlay-gradient":""},"tablet":{"background-color":"","background-image":"","background-repeat":"repeat","background-position":"center center","background-size":"auto","background-attachment":"scroll","background-type":"","background-media":"","overlay-type":"","overlay-color":"","overlay-opacity":"","overlay-gradient":""},"mobile":{"background-color":"","background-image":"","background-repeat":"repeat","background-position":"center center","background-size":"auto","background-attachment":"scroll","background-type":"","background-media":"","overlay-type":"","overlay-color":"","overlay-opacity":"","overlay-gradient":""}},"ast-content-background-meta":{"desktop":{"background-color":"var(--ast-global-color-4)","background-image":"","background-repeat":"repeat","background-position":"center center","background-size":"auto","background-attachment":"scroll","background-type":"","background-media":"","overlay-type":"","overlay-color":"","overlay-opacity":"","overlay-gradient":""},"tablet":{"background-color":"var(--ast-global-color-4)","background-image":"","background-repeat":"repeat","background-position":"center center","background-size":"auto","background-attachment":"scroll","background-type":"","background-media":"","overlay-type":"","overlay-color":"","overlay-opacity":"","overlay-gradient":""},"mobile":{"background-color":"var(--ast-global-color-4)","background-image":"","background-repeat":"repeat","background-position":"center center","background-size":"auto","background-attachment":"scroll","background-type":"","background-media":"","overlay-type":"","overlay-color":"","overlay-opacity":"","overlay-gradient":""}},"footnotes":""},"categories":[1,91,8,115],"tags":[],"class_list":["post-46870","post","type-post","status-publish","format-standard","has-post-thumbnail","hentry","category-blog","category-empresas-asociadas","category-noticias","category-noticias-aje"],"acf":[],"yoast_head":"<!-- This site is optimized with the Yoast SEO plugin v26.9 - https:\/\/yoast.com\/product\/yoast-seo-wordpress\/ -->\n<title>Meet AJE- JW Jim\u00e9nez Waddington Centro entrenamiento - AJE Granada<\/title>\n<meta name=\"robots\" content=\"index, follow, max-snippet:-1, max-image-preview:large, max-video-preview:-1\" \/>\n<link rel=\"canonical\" href=\"https:\/\/ajeandalucia.org\/granada\/2025\/03\/10\/meet-aje-jw-jw-jimenez-waddington-centro-entrenamiento\/\" \/>\n<meta property=\"og:locale\" content=\"es_ES\" \/>\n<meta property=\"og:type\" content=\"article\" \/>\n<meta property=\"og:title\" content=\"Meet AJE- JW Jim\u00e9nez Waddington Centro entrenamiento - AJE Granada\" \/>\n<meta property=\"og:description\" content=\"Esta semana conocemos de cerca a Javi y Dani de JW Jim\u00e9nez Waddington Centro entrenamiento -Qu\u00e9 puesto desarrollas en la [&hellip;]\" \/>\n<meta property=\"og:url\" content=\"https:\/\/ajeandalucia.org\/granada\/2025\/03\/10\/meet-aje-jw-jw-jimenez-waddington-centro-entrenamiento\/\" \/>\n<meta property=\"og:site_name\" content=\"AJE Granada\" \/>\n<meta property=\"article:published_time\" content=\"2025-03-10T08:38:03+00:00\" \/>\n<meta property=\"article:modified_time\" content=\"2025-03-12T09:41:29+00:00\" \/>\n<meta property=\"og:image\" content=\"https:\/\/ajeandalucia.org\/granada\/wp-content\/uploads\/sites\/7\/2025\/03\/INSTAGRAM-POSTS-2025.jpg\" \/>\n\t<meta property=\"og:image:width\" content=\"1080\" \/>\n\t<meta property=\"og:image:height\" content=\"1350\" \/>\n\t<meta property=\"og:image:type\" content=\"image\/jpeg\" \/>\n<meta name=\"author\" content=\"granada\" \/>\n<meta name=\"twitter:card\" content=\"summary_large_image\" \/>\n<meta name=\"twitter:label1\" content=\"Escrito por\" \/>\n\t<meta name=\"twitter:data1\" content=\"granada\" \/>\n\t<meta name=\"twitter:label2\" content=\"Tiempo de lectura\" \/>\n\t<meta name=\"twitter:data2\" content=\"3 minutos\" \/>\n<script type=\"application\/ld+json\" class=\"yoast-schema-graph\">{\"@context\":\"https:\/\/schema.org\",\"@graph\":[{\"@type\":\"Article\",\"@id\":\"https:\/\/ajeandalucia.org\/granada\/2025\/03\/10\/meet-aje-jw-jw-jimenez-waddington-centro-entrenamiento\/#article\",\"isPartOf\":{\"@id\":\"https:\/\/ajeandalucia.org\/granada\/2025\/03\/10\/meet-aje-jw-jw-jimenez-waddington-centro-entrenamiento\/\"},\"author\":{\"name\":\"granada\",\"@id\":\"https:\/\/ajeandalucia.org\/granada\/#\/schema\/person\/11740bd602b2087a5d9913ce7ad3b931\"},\"headline\":\"Meet AJE- JW Jim\u00e9nez Waddington Centro entrenamiento\",\"datePublished\":\"2025-03-10T08:38:03+00:00\",\"dateModified\":\"2025-03-12T09:41:29+00:00\",\"mainEntityOfPage\":{\"@id\":\"https:\/\/ajeandalucia.org\/granada\/2025\/03\/10\/meet-aje-jw-jw-jimenez-waddington-centro-entrenamiento\/\"},\"wordCount\":631,\"publisher\":{\"@id\":\"https:\/\/ajeandalucia.org\/granada\/#organization\"},\"image\":{\"@id\":\"https:\/\/ajeandalucia.org\/granada\/2025\/03\/10\/meet-aje-jw-jw-jimenez-waddington-centro-entrenamiento\/#primaryimage\"},\"thumbnailUrl\":\"https:\/\/ajeandalucia.org\/granada\/wp-content\/uploads\/sites\/7\/2025\/03\/INSTAGRAM-POSTS-2025.jpg\",\"articleSection\":[\"Blog\",\"Empresas asociadas\",\"Noticias\",\"Noticias aje\"],\"inLanguage\":\"es\"},{\"@type\":\"WebPage\",\"@id\":\"https:\/\/ajeandalucia.org\/granada\/2025\/03\/10\/meet-aje-jw-jw-jimenez-waddington-centro-entrenamiento\/\",\"url\":\"https:\/\/ajeandalucia.org\/granada\/2025\/03\/10\/meet-aje-jw-jw-jimenez-waddington-centro-entrenamiento\/\",\"name\":\"Meet AJE- JW Jim\u00e9nez Waddington Centro entrenamiento - AJE Granada\",\"isPartOf\":{\"@id\":\"https:\/\/ajeandalucia.org\/granada\/#website\"},\"primaryImageOfPage\":{\"@id\":\"https:\/\/ajeandalucia.org\/granada\/2025\/03\/10\/meet-aje-jw-jw-jimenez-waddington-centro-entrenamiento\/#primaryimage\"},\"image\":{\"@id\":\"https:\/\/ajeandalucia.org\/granada\/2025\/03\/10\/meet-aje-jw-jw-jimenez-waddington-centro-entrenamiento\/#primaryimage\"},\"thumbnailUrl\":\"https:\/\/ajeandalucia.org\/granada\/wp-content\/uploads\/sites\/7\/2025\/03\/INSTAGRAM-POSTS-2025.jpg\",\"datePublished\":\"2025-03-10T08:38:03+00:00\",\"dateModified\":\"2025-03-12T09:41:29+00:00\",\"breadcrumb\":{\"@id\":\"https:\/\/ajeandalucia.org\/granada\/2025\/03\/10\/meet-aje-jw-jw-jimenez-waddington-centro-entrenamiento\/#breadcrumb\"},\"inLanguage\":\"es\",\"potentialAction\":[{\"@type\":\"ReadAction\",\"target\":[\"https:\/\/ajeandalucia.org\/granada\/2025\/03\/10\/meet-aje-jw-jw-jimenez-waddington-centro-entrenamiento\/\"]}]},{\"@type\":\"ImageObject\",\"inLanguage\":\"es\",\"@id\":\"https:\/\/ajeandalucia.org\/granada\/2025\/03\/10\/meet-aje-jw-jw-jimenez-waddington-centro-entrenamiento\/#primaryimage\",\"url\":\"https:\/\/ajeandalucia.org\/granada\/wp-content\/uploads\/sites\/7\/2025\/03\/INSTAGRAM-POSTS-2025.jpg\",\"contentUrl\":\"https:\/\/ajeandalucia.org\/granada\/wp-content\/uploads\/sites\/7\/2025\/03\/INSTAGRAM-POSTS-2025.jpg\",\"width\":1080,\"height\":1350},{\"@type\":\"BreadcrumbList\",\"@id\":\"https:\/\/ajeandalucia.org\/granada\/2025\/03\/10\/meet-aje-jw-jw-jimenez-waddington-centro-entrenamiento\/#breadcrumb\",\"itemListElement\":[{\"@type\":\"ListItem\",\"position\":1,\"name\":\"Portada\",\"item\":\"https:\/\/ajeandalucia.org\/granada\/\"},{\"@type\":\"ListItem\",\"position\":2,\"name\":\"Meet AJE- JW Jim\u00e9nez Waddington Centro entrenamiento\"}]},{\"@type\":\"WebSite\",\"@id\":\"https:\/\/ajeandalucia.org\/granada\/#website\",\"url\":\"https:\/\/ajeandalucia.org\/granada\/\",\"name\":\"AJE Granada\",\"description\":\"J\u00f3venes Empresarios de Granada\",\"publisher\":{\"@id\":\"https:\/\/ajeandalucia.org\/granada\/#organization\"},\"potentialAction\":[{\"@type\":\"SearchAction\",\"target\":{\"@type\":\"EntryPoint\",\"urlTemplate\":\"https:\/\/ajeandalucia.org\/granada\/?s={search_term_string}\"},\"query-input\":{\"@type\":\"PropertyValueSpecification\",\"valueRequired\":true,\"valueName\":\"search_term_string\"}}],\"inLanguage\":\"es\"},{\"@type\":\"Organization\",\"@id\":\"https:\/\/ajeandalucia.org\/granada\/#organization\",\"name\":\"AJE Granada\",\"url\":\"https:\/\/ajeandalucia.org\/granada\/\",\"logo\":{\"@type\":\"ImageObject\",\"inLanguage\":\"es\",\"@id\":\"https:\/\/ajeandalucia.org\/granada\/#\/schema\/logo\/image\/\",\"url\":\"https:\/\/ajeandalucia.org\/granada\/wp-content\/uploads\/sites\/7\/2025\/02\/AJE-GRANADA-horizontal.png\",\"contentUrl\":\"https:\/\/ajeandalucia.org\/granada\/wp-content\/uploads\/sites\/7\/2025\/02\/AJE-GRANADA-horizontal.png\",\"width\":612,\"height\":200,\"caption\":\"AJE Granada\"},\"image\":{\"@id\":\"https:\/\/ajeandalucia.org\/granada\/#\/schema\/logo\/image\/\"}},{\"@type\":\"Person\",\"@id\":\"https:\/\/ajeandalucia.org\/granada\/#\/schema\/person\/11740bd602b2087a5d9913ce7ad3b931\",\"name\":\"granada\",\"image\":{\"@type\":\"ImageObject\",\"inLanguage\":\"es\",\"@id\":\"https:\/\/ajeandalucia.org\/granada\/#\/schema\/person\/image\/\",\"url\":\"https:\/\/secure.gravatar.com\/avatar\/d3efaa03945b79a8aad01845a3fd3b3535448eae49310ea0a5677e96e0e68b63?s=96&d=mm&r=g\",\"contentUrl\":\"https:\/\/secure.gravatar.com\/avatar\/d3efaa03945b79a8aad01845a3fd3b3535448eae49310ea0a5677e96e0e68b63?s=96&d=mm&r=g\",\"caption\":\"granada\"},\"url\":\"https:\/\/ajeandalucia.org\/granada\/author\/granada\/\"}]}<\/script>\n<!-- \/ Yoast SEO plugin. -->","yoast_head_json":{"title":"Meet AJE- JW Jim\u00e9nez Waddington Centro entrenamiento - AJE Granada","robots":{"index":"index","follow":"follow","max-snippet":"max-snippet:-1","max-image-preview":"max-image-preview:large","max-video-preview":"max-video-preview:-1"},"canonical":"https:\/\/ajeandalucia.org\/granada\/2025\/03\/10\/meet-aje-jw-jw-jimenez-waddington-centro-entrenamiento\/","og_locale":"es_ES","og_type":"article","og_title":"Meet AJE- JW Jim\u00e9nez Waddington Centro entrenamiento - AJE Granada","og_description":"Esta semana conocemos de cerca a Javi y Dani de JW Jim\u00e9nez Waddington Centro entrenamiento -Qu\u00e9 puesto desarrollas en la [&hellip;]","og_url":"https:\/\/ajeandalucia.org\/granada\/2025\/03\/10\/meet-aje-jw-jw-jimenez-waddington-centro-entrenamiento\/","og_site_name":"AJE Granada","article_published_time":"2025-03-10T08:38:03+00:00","article_modified_time":"2025-03-12T09:41:29+00:00","og_image":[{"width":1080,"height":1350,"url":"https:\/\/ajeandalucia.org\/granada\/wp-content\/uploads\/sites\/7\/2025\/03\/INSTAGRAM-POSTS-2025.jpg","type":"image\/jpeg"}],"author":"granada","twitter_card":"summary_large_image","twitter_misc":{"Escrito por":"granada","Tiempo de lectura":"3 minutos"},"schema":{"@context":"https:\/\/schema.org","@graph":[{"@type":"Article","@id":"https:\/\/ajeandalucia.org\/granada\/2025\/03\/10\/meet-aje-jw-jw-jimenez-waddington-centro-entrenamiento\/#article","isPartOf":{"@id":"https:\/\/ajeandalucia.org\/granada\/2025\/03\/10\/meet-aje-jw-jw-jimenez-waddington-centro-entrenamiento\/"},"author":{"name":"granada","@id":"https:\/\/ajeandalucia.org\/granada\/#\/schema\/person\/11740bd602b2087a5d9913ce7ad3b931"},"headline":"Meet AJE- JW Jim\u00e9nez Waddington Centro entrenamiento","datePublished":"2025-03-10T08:38:03+00:00","dateModified":"2025-03-12T09:41:29+00:00","mainEntityOfPage":{"@id":"https:\/\/ajeandalucia.org\/granada\/2025\/03\/10\/meet-aje-jw-jw-jimenez-waddington-centro-entrenamiento\/"},"wordCount":631,"publisher":{"@id":"https:\/\/ajeandalucia.org\/granada\/#organization"},"image":{"@id":"https:\/\/ajeandalucia.org\/granada\/2025\/03\/10\/meet-aje-jw-jw-jimenez-waddington-centro-entrenamiento\/#primaryimage"},"thumbnailUrl":"https:\/\/ajeandalucia.org\/granada\/wp-content\/uploads\/sites\/7\/2025\/03\/INSTAGRAM-POSTS-2025.jpg","articleSection":["Blog","Empresas asociadas","Noticias","Noticias aje"],"inLanguage":"es"},{"@type":"WebPage","@id":"https:\/\/ajeandalucia.org\/granada\/2025\/03\/10\/meet-aje-jw-jw-jimenez-waddington-centro-entrenamiento\/","url":"https:\/\/ajeandalucia.org\/granada\/2025\/03\/10\/meet-aje-jw-jw-jimenez-waddington-centro-entrenamiento\/","name":"Meet AJE- JW Jim\u00e9nez Waddington Centro entrenamiento - AJE Granada","isPartOf":{"@id":"https:\/\/ajeandalucia.org\/granada\/#website"},"primaryImageOfPage":{"@id":"https:\/\/ajeandalucia.org\/granada\/2025\/03\/10\/meet-aje-jw-jw-jimenez-waddington-centro-entrenamiento\/#primaryimage"},"image":{"@id":"https:\/\/ajeandalucia.org\/granada\/2025\/03\/10\/meet-aje-jw-jw-jimenez-waddington-centro-entrenamiento\/#primaryimage"},"thumbnailUrl":"https:\/\/ajeandalucia.org\/granada\/wp-content\/uploads\/sites\/7\/2025\/03\/INSTAGRAM-POSTS-2025.jpg","datePublished":"2025-03-10T08:38:03+00:00","dateModified":"2025-03-12T09:41:29+00:00","breadcrumb":{"@id":"https:\/\/ajeandalucia.org\/granada\/2025\/03\/10\/meet-aje-jw-jw-jimenez-waddington-centro-entrenamiento\/#breadcrumb"},"inLanguage":"es","potentialAction":[{"@type":"ReadAction","target":["https:\/\/ajeandalucia.org\/granada\/2025\/03\/10\/meet-aje-jw-jw-jimenez-waddington-centro-entrenamiento\/"]}]},{"@type":"ImageObject","inLanguage":"es","@id":"https:\/\/ajeandalucia.org\/granada\/2025\/03\/10\/meet-aje-jw-jw-jimenez-waddington-centro-entrenamiento\/#primaryimage","url":"https:\/\/ajeandalucia.org\/granada\/wp-content\/uploads\/sites\/7\/2025\/03\/INSTAGRAM-POSTS-2025.jpg","contentUrl":"https:\/\/ajeandalucia.org\/granada\/wp-content\/uploads\/sites\/7\/2025\/03\/INSTAGRAM-POSTS-2025.jpg","width":1080,"height":1350},{"@type":"BreadcrumbList","@id":"https:\/\/ajeandalucia.org\/granada\/2025\/03\/10\/meet-aje-jw-jw-jimenez-waddington-centro-entrenamiento\/#breadcrumb","itemListElement":[{"@type":"ListItem","position":1,"name":"Portada","item":"https:\/\/ajeandalucia.org\/granada\/"},{"@type":"ListItem","position":2,"name":"Meet AJE- JW Jim\u00e9nez Waddington Centro entrenamiento"}]},{"@type":"WebSite","@id":"https:\/\/ajeandalucia.org\/granada\/#website","url":"https:\/\/ajeandalucia.org\/granada\/","name":"AJE Granada","description":"J\u00f3venes Empresarios de Granada","publisher":{"@id":"https:\/\/ajeandalucia.org\/granada\/#organization"},"potentialAction":[{"@type":"SearchAction","target":{"@type":"EntryPoint","urlTemplate":"https:\/\/ajeandalucia.org\/granada\/?s={search_term_string}"},"query-input":{"@type":"PropertyValueSpecification","valueRequired":true,"valueName":"search_term_string"}}],"inLanguage":"es"},{"@type":"Organization","@id":"https:\/\/ajeandalucia.org\/granada\/#organization","name":"AJE Granada","url":"https:\/\/ajeandalucia.org\/granada\/","logo":{"@type":"ImageObject","inLanguage":"es","@id":"https:\/\/ajeandalucia.org\/granada\/#\/schema\/logo\/image\/","url":"https:\/\/ajeandalucia.org\/granada\/wp-content\/uploads\/sites\/7\/2025\/02\/AJE-GRANADA-horizontal.png","contentUrl":"https:\/\/ajeandalucia.org\/granada\/wp-content\/uploads\/sites\/7\/2025\/02\/AJE-GRANADA-horizontal.png","width":612,"height":200,"caption":"AJE Granada"},"image":{"@id":"https:\/\/ajeandalucia.org\/granada\/#\/schema\/logo\/image\/"}},{"@type":"Person","@id":"https:\/\/ajeandalucia.org\/granada\/#\/schema\/person\/11740bd602b2087a5d9913ce7ad3b931","name":"granada","image":{"@type":"ImageObject","inLanguage":"es","@id":"https:\/\/ajeandalucia.org\/granada\/#\/schema\/person\/image\/","url":"https:\/\/secure.gravatar.com\/avatar\/d3efaa03945b79a8aad01845a3fd3b3535448eae49310ea0a5677e96e0e68b63?s=96&d=mm&r=g","contentUrl":"https:\/\/secure.gravatar.com\/avatar\/d3efaa03945b79a8aad01845a3fd3b3535448eae49310ea0a5677e96e0e68b63?s=96&d=mm&r=g","caption":"granada"},"url":"https:\/\/ajeandalucia.org\/granada\/author\/granada\/"}]}},"_links":{"self":[{"href":"https:\/\/ajeandalucia.org\/granada\/wp-json\/wp\/v2\/posts\/46870","targetHints":{"allow":["GET"]}}],"collection":[{"href":"https:\/\/ajeandalucia.org\/granada\/wp-json\/wp\/v2\/posts"}],"about":[{"href":"https:\/\/ajeandalucia.org\/granada\/wp-json\/wp\/v2\/types\/post"}],"author":[{"embeddable":true,"href":"https:\/\/ajeandalucia.org\/granada\/wp-json\/wp\/v2\/users\/6"}],"replies":[{"embeddable":true,"href":"https:\/\/ajeandalucia.org\/granada\/wp-json\/wp\/v2\/comments?post=46870"}],"version-history":[{"count":3,"href":"https:\/\/ajeandalucia.org\/granada\/wp-json\/wp\/v2\/posts\/46870\/revisions"}],"predecessor-version":[{"id":47167,"href":"https:\/\/ajeandalucia.org\/granada\/wp-json\/wp\/v2\/posts\/46870\/revisions\/47167"}],"wp:featuredmedia":[{"embeddable":true,"href":"https:\/\/ajeandalucia.org\/granada\/wp-json\/wp\/v2\/media\/46871"}],"wp:attachment":[{"href":"https:\/\/ajeandalucia.org\/granada\/wp-json\/wp\/v2\/media?parent=46870"}],"wp:term":[{"taxonomy":"category","embeddable":true,"href":"https:\/\/ajeandalucia.org\/granada\/wp-json\/wp\/v2\/categories?post=46870"},{"taxonomy":"post_tag","embeddable":true,"href":"https:\/\/ajeandalucia.org\/granada\/wp-json\/wp\/v2\/tags?post=46870"}],"curies":[{"name":"wp","href":"https:\/\/api.w.org\/{rel}","templated":true}]}}