{"id":47681,"date":"2025-05-09T10:58:32","date_gmt":"2025-05-09T08:58:32","guid":{"rendered":"https:\/\/ajeandalucia.org\/granada\/?p=47681"},"modified":"2025-05-09T10:58:32","modified_gmt":"2025-05-09T08:58:32","slug":"el-dia-8-de-mayo-se-reunio-el-jurado-para-la-votacion-de-los-premios-aje-2025","status":"publish","type":"post","link":"https:\/\/ajeandalucia.org\/granada\/2025\/05\/09\/el-dia-8-de-mayo-se-reunio-el-jurado-para-la-votacion-de-los-premios-aje-2025\/","title":{"rendered":"EL D\u00cdA 8 DE MAYO SE REUNI\u00d3 EL JURADO PARA LA VOTACI\u00d3N DE LOS PREMIOS AJE 2025"},"content":{"rendered":"<p class=\"\" data-start=\"198\" data-end=\"570\">Este 8 de mayo, en el espacio de innovaci\u00f3n HUBICC, tuvo lugar una jornada decisiva para los <strong data-start=\"338\" data-end=\"361\">Premios AJE Granada<\/strong>. El jurado, compuesto por profesionales del \u00e1mbito empresarial y representantes institucionales, se reuni\u00f3 para conocer de primera mano los proyectos inscritos que optan a los reconocimientos de esta edici\u00f3n.<\/p>\n<p class=\"\" data-start=\"572\" data-end=\"946\">Durante la jornada, las diferentes empresas participantes fueron presentando sus iniciativas una a una. Cada equipo dispuso de unos minutos para exponer el prop\u00f3sito de su empresa, su propuesta de valor y su impacto en el entorno. Las presentaciones permitieron al jurado evaluar con detenimiento la creatividad, la innovaci\u00f3n y el potencial de crecimiento de cada proyecto.<\/p>\n<p class=\"\" data-start=\"948\" data-end=\"1210\">Este encuentro puso de manifiesto el dinamismo y la diversidad del ecosistema emprendedor granadino, con propuestas que abarcan distintos sectores y que reflejan el talento y el compromiso de sus promotores con el desarrollo empresarial y social de la provincia.<\/p>\n<p class=\"\" data-start=\"1212\" data-end=\"1479\">Los ganadores de los Premios AJE Granada se dar\u00e1n a conocer durante la gala especial por el <strong data-start=\"1304\" data-end=\"1329\">25 aniversario de AJE<\/strong>, un evento muy esperado que celebrar\u00e1 el recorrido de la asociaci\u00f3n y reconocer\u00e1 el esfuerzo y la trayectoria de las empresas.<\/p>\n","protected":false},"excerpt":{"rendered":"<p>Este 8 de mayo, en el espacio de innovaci\u00f3n HUBICC, tuvo lugar una jornada decisiva para los Premios AJE Granada. [&hellip;]<\/p>\n","protected":false},"author":6,"featured_media":47682,"comment_status":"closed","ping_status":"open","sticky":false,"template":"","format":"standard","meta":{"_acf_changed":false,"site-sidebar-layout":"default","site-content-layout":"","ast-site-content-layout":"default","site-content-style":"default","site-sidebar-style":"default","ast-global-header-display":"","ast-banner-title-visibility":"","ast-main-header-display":"","ast-hfb-above-header-display":"","ast-hfb-below-header-display":"","ast-hfb-mobile-header-display":"","site-post-title":"","ast-breadcrumbs-content":"","ast-featured-img":"","footer-sml-layout":"","ast-disable-related-posts":"","theme-transparent-header-meta":"default","adv-header-id-meta":"","stick-header-meta":"","header-above-stick-meta":"","header-main-stick-meta":"","header-below-stick-meta":"","astra-migrate-meta-layouts":"set","ast-page-background-enabled":"default","ast-page-background-meta":{"desktop":{"background-color":"var(--ast-global-color-5)","background-image":"","background-repeat":"repeat","background-position":"center center","background-size":"auto","background-attachment":"scroll","background-type":"","background-media":"","overlay-type":"","overlay-color":"","overlay-opacity":"","overlay-gradient":""},"tablet":{"background-color":"","background-image":"","background-repeat":"repeat","background-position":"center center","background-size":"auto","background-attachment":"scroll","background-type":"","background-media":"","overlay-type":"","overlay-color":"","overlay-opacity":"","overlay-gradient":""},"mobile":{"background-color":"","background-image":"","background-repeat":"repeat","background-position":"center center","background-size":"auto","background-attachment":"scroll","background-type":"","background-media":"","overlay-type":"","overlay-color":"","overlay-opacity":"","overlay-gradient":""}},"ast-content-background-meta":{"desktop":{"background-color":"var(--ast-global-color-4)","background-image":"","background-repeat":"repeat","background-position":"center center","background-size":"auto","background-attachment":"scroll","background-type":"","background-media":"","overlay-type":"","overlay-color":"","overlay-opacity":"","overlay-gradient":""},"tablet":{"background-color":"var(--ast-global-color-4)","background-image":"","background-repeat":"repeat","background-position":"center center","background-size":"auto","background-attachment":"scroll","background-type":"","background-media":"","overlay-type":"","overlay-color":"","overlay-opacity":"","overlay-gradient":""},"mobile":{"background-color":"var(--ast-global-color-4)","background-image":"","background-repeat":"repeat","background-position":"center center","background-size":"auto","background-attachment":"scroll","background-type":"","background-media":"","overlay-type":"","overlay-color":"","overlay-opacity":"","overlay-gradient":""}},"footnotes":""},"categories":[4345,2467,8,115],"tags":[],"class_list":["post-47681","post","type-post","status-publish","format-standard","has-post-thumbnail","hentry","category-destacada","category-eventos","category-noticias","category-noticias-aje"],"acf":[],"yoast_head":"<!-- This site is optimized with the Yoast SEO plugin v26.9 - https:\/\/yoast.com\/product\/yoast-seo-wordpress\/ -->\n<title>EL D\u00cdA 8 DE MAYO SE REUNI\u00d3 EL JURADO PARA LA VOTACI\u00d3N DE LOS PREMIOS AJE 2025 - AJE Granada<\/title>\n<meta name=\"description\" content=\"El jurado de los Premios AJE se reuni\u00f3 en el HUBICC para valorar los proyectos inscritos. Los ganadores se anunciar\u00e1n en la gala del 25 aniversario.\" \/>\n<meta name=\"robots\" content=\"index, follow, max-snippet:-1, max-image-preview:large, max-video-preview:-1\" \/>\n<link rel=\"canonical\" href=\"https:\/\/ajeandalucia.org\/granada\/2025\/05\/09\/el-dia-8-de-mayo-se-reunio-el-jurado-para-la-votacion-de-los-premios-aje-2025\/\" \/>\n<meta property=\"og:locale\" content=\"es_ES\" \/>\n<meta property=\"og:type\" content=\"article\" \/>\n<meta property=\"og:title\" content=\"EL D\u00cdA 8 DE MAYO SE REUNI\u00d3 EL JURADO PARA LA VOTACI\u00d3N DE LOS PREMIOS AJE 2025 - AJE Granada\" \/>\n<meta property=\"og:description\" content=\"El jurado de los Premios AJE se reuni\u00f3 en el HUBICC para valorar los proyectos inscritos. Los ganadores se anunciar\u00e1n en la gala del 25 aniversario.\" \/>\n<meta property=\"og:url\" content=\"https:\/\/ajeandalucia.org\/granada\/2025\/05\/09\/el-dia-8-de-mayo-se-reunio-el-jurado-para-la-votacion-de-los-premios-aje-2025\/\" \/>\n<meta property=\"og:site_name\" content=\"AJE Granada\" \/>\n<meta property=\"article:published_time\" content=\"2025-05-09T08:58:32+00:00\" \/>\n<meta property=\"og:image\" content=\"https:\/\/ajeandalucia.org\/granada\/wp-content\/uploads\/sites\/7\/2025\/05\/WhatsApp-Image-2025-05-08-at-21.22.07-scaled.jpeg\" \/>\n\t<meta property=\"og:image:width\" content=\"2560\" \/>\n\t<meta property=\"og:image:height\" content=\"1920\" \/>\n\t<meta property=\"og:image:type\" content=\"image\/jpeg\" \/>\n<meta name=\"author\" content=\"granada\" \/>\n<meta name=\"twitter:card\" content=\"summary_large_image\" \/>\n<meta name=\"twitter:label1\" content=\"Escrito por\" \/>\n\t<meta name=\"twitter:data1\" content=\"granada\" \/>\n\t<meta name=\"twitter:label2\" content=\"Tiempo de lectura\" \/>\n\t<meta name=\"twitter:data2\" content=\"2 minutos\" \/>\n<script type=\"application\/ld+json\" class=\"yoast-schema-graph\">{\"@context\":\"https:\/\/schema.org\",\"@graph\":[{\"@type\":\"Article\",\"@id\":\"https:\/\/ajeandalucia.org\/granada\/2025\/05\/09\/el-dia-8-de-mayo-se-reunio-el-jurado-para-la-votacion-de-los-premios-aje-2025\/#article\",\"isPartOf\":{\"@id\":\"https:\/\/ajeandalucia.org\/granada\/2025\/05\/09\/el-dia-8-de-mayo-se-reunio-el-jurado-para-la-votacion-de-los-premios-aje-2025\/\"},\"author\":{\"name\":\"granada\",\"@id\":\"https:\/\/ajeandalucia.org\/granada\/#\/schema\/person\/11740bd602b2087a5d9913ce7ad3b931\"},\"headline\":\"EL D\u00cdA 8 DE MAYO SE REUNI\u00d3 EL JURADO PARA LA VOTACI\u00d3N DE LOS PREMIOS AJE 2025\",\"datePublished\":\"2025-05-09T08:58:32+00:00\",\"mainEntityOfPage\":{\"@id\":\"https:\/\/ajeandalucia.org\/granada\/2025\/05\/09\/el-dia-8-de-mayo-se-reunio-el-jurado-para-la-votacion-de-los-premios-aje-2025\/\"},\"wordCount\":209,\"publisher\":{\"@id\":\"https:\/\/ajeandalucia.org\/granada\/#organization\"},\"image\":{\"@id\":\"https:\/\/ajeandalucia.org\/granada\/2025\/05\/09\/el-dia-8-de-mayo-se-reunio-el-jurado-para-la-votacion-de-los-premios-aje-2025\/#primaryimage\"},\"thumbnailUrl\":\"https:\/\/ajeandalucia.org\/granada\/wp-content\/uploads\/sites\/7\/2025\/05\/WhatsApp-Image-2025-05-08-at-21.22.07-scaled.jpeg\",\"articleSection\":[\"Destacada\",\"Eventos\",\"Noticias\",\"Noticias aje\"],\"inLanguage\":\"es\"},{\"@type\":\"WebPage\",\"@id\":\"https:\/\/ajeandalucia.org\/granada\/2025\/05\/09\/el-dia-8-de-mayo-se-reunio-el-jurado-para-la-votacion-de-los-premios-aje-2025\/\",\"url\":\"https:\/\/ajeandalucia.org\/granada\/2025\/05\/09\/el-dia-8-de-mayo-se-reunio-el-jurado-para-la-votacion-de-los-premios-aje-2025\/\",\"name\":\"EL D\u00cdA 8 DE MAYO SE REUNI\u00d3 EL JURADO PARA LA VOTACI\u00d3N DE LOS PREMIOS AJE 2025 - AJE Granada\",\"isPartOf\":{\"@id\":\"https:\/\/ajeandalucia.org\/granada\/#website\"},\"primaryImageOfPage\":{\"@id\":\"https:\/\/ajeandalucia.org\/granada\/2025\/05\/09\/el-dia-8-de-mayo-se-reunio-el-jurado-para-la-votacion-de-los-premios-aje-2025\/#primaryimage\"},\"image\":{\"@id\":\"https:\/\/ajeandalucia.org\/granada\/2025\/05\/09\/el-dia-8-de-mayo-se-reunio-el-jurado-para-la-votacion-de-los-premios-aje-2025\/#primaryimage\"},\"thumbnailUrl\":\"https:\/\/ajeandalucia.org\/granada\/wp-content\/uploads\/sites\/7\/2025\/05\/WhatsApp-Image-2025-05-08-at-21.22.07-scaled.jpeg\",\"datePublished\":\"2025-05-09T08:58:32+00:00\",\"description\":\"El jurado de los Premios AJE se reuni\u00f3 en el HUBICC para valorar los proyectos inscritos. Los ganadores se anunciar\u00e1n en la gala del 25 aniversario.\",\"breadcrumb\":{\"@id\":\"https:\/\/ajeandalucia.org\/granada\/2025\/05\/09\/el-dia-8-de-mayo-se-reunio-el-jurado-para-la-votacion-de-los-premios-aje-2025\/#breadcrumb\"},\"inLanguage\":\"es\",\"potentialAction\":[{\"@type\":\"ReadAction\",\"target\":[\"https:\/\/ajeandalucia.org\/granada\/2025\/05\/09\/el-dia-8-de-mayo-se-reunio-el-jurado-para-la-votacion-de-los-premios-aje-2025\/\"]}]},{\"@type\":\"ImageObject\",\"inLanguage\":\"es\",\"@id\":\"https:\/\/ajeandalucia.org\/granada\/2025\/05\/09\/el-dia-8-de-mayo-se-reunio-el-jurado-para-la-votacion-de-los-premios-aje-2025\/#primaryimage\",\"url\":\"https:\/\/ajeandalucia.org\/granada\/wp-content\/uploads\/sites\/7\/2025\/05\/WhatsApp-Image-2025-05-08-at-21.22.07-scaled.jpeg\",\"contentUrl\":\"https:\/\/ajeandalucia.org\/granada\/wp-content\/uploads\/sites\/7\/2025\/05\/WhatsApp-Image-2025-05-08-at-21.22.07-scaled.jpeg\",\"width\":2560,\"height\":1920},{\"@type\":\"BreadcrumbList\",\"@id\":\"https:\/\/ajeandalucia.org\/granada\/2025\/05\/09\/el-dia-8-de-mayo-se-reunio-el-jurado-para-la-votacion-de-los-premios-aje-2025\/#breadcrumb\",\"itemListElement\":[{\"@type\":\"ListItem\",\"position\":1,\"name\":\"Portada\",\"item\":\"https:\/\/ajeandalucia.org\/granada\/\"},{\"@type\":\"ListItem\",\"position\":2,\"name\":\"EL D\u00cdA 8 DE MAYO SE REUNI\u00d3 EL JURADO PARA LA VOTACI\u00d3N DE LOS PREMIOS AJE 2025\"}]},{\"@type\":\"WebSite\",\"@id\":\"https:\/\/ajeandalucia.org\/granada\/#website\",\"url\":\"https:\/\/ajeandalucia.org\/granada\/\",\"name\":\"AJE Granada\",\"description\":\"J\u00f3venes Empresarios de Granada\",\"publisher\":{\"@id\":\"https:\/\/ajeandalucia.org\/granada\/#organization\"},\"potentialAction\":[{\"@type\":\"SearchAction\",\"target\":{\"@type\":\"EntryPoint\",\"urlTemplate\":\"https:\/\/ajeandalucia.org\/granada\/?s={search_term_string}\"},\"query-input\":{\"@type\":\"PropertyValueSpecification\",\"valueRequired\":true,\"valueName\":\"search_term_string\"}}],\"inLanguage\":\"es\"},{\"@type\":\"Organization\",\"@id\":\"https:\/\/ajeandalucia.org\/granada\/#organization\",\"name\":\"AJE Granada\",\"url\":\"https:\/\/ajeandalucia.org\/granada\/\",\"logo\":{\"@type\":\"ImageObject\",\"inLanguage\":\"es\",\"@id\":\"https:\/\/ajeandalucia.org\/granada\/#\/schema\/logo\/image\/\",\"url\":\"https:\/\/ajeandalucia.org\/granada\/wp-content\/uploads\/sites\/7\/2025\/02\/AJE-GRANADA-horizontal.png\",\"contentUrl\":\"https:\/\/ajeandalucia.org\/granada\/wp-content\/uploads\/sites\/7\/2025\/02\/AJE-GRANADA-horizontal.png\",\"width\":612,\"height\":200,\"caption\":\"AJE Granada\"},\"image\":{\"@id\":\"https:\/\/ajeandalucia.org\/granada\/#\/schema\/logo\/image\/\"}},{\"@type\":\"Person\",\"@id\":\"https:\/\/ajeandalucia.org\/granada\/#\/schema\/person\/11740bd602b2087a5d9913ce7ad3b931\",\"name\":\"granada\",\"image\":{\"@type\":\"ImageObject\",\"inLanguage\":\"es\",\"@id\":\"https:\/\/ajeandalucia.org\/granada\/#\/schema\/person\/image\/\",\"url\":\"https:\/\/secure.gravatar.com\/avatar\/d3efaa03945b79a8aad01845a3fd3b3535448eae49310ea0a5677e96e0e68b63?s=96&d=mm&r=g\",\"contentUrl\":\"https:\/\/secure.gravatar.com\/avatar\/d3efaa03945b79a8aad01845a3fd3b3535448eae49310ea0a5677e96e0e68b63?s=96&d=mm&r=g\",\"caption\":\"granada\"},\"url\":\"https:\/\/ajeandalucia.org\/granada\/author\/granada\/\"}]}<\/script>\n<!-- \/ Yoast SEO plugin. -->","yoast_head_json":{"title":"EL D\u00cdA 8 DE MAYO SE REUNI\u00d3 EL JURADO PARA LA VOTACI\u00d3N DE LOS PREMIOS AJE 2025 - AJE Granada","description":"El jurado de los Premios AJE se reuni\u00f3 en el HUBICC para valorar los proyectos inscritos. Los ganadores se anunciar\u00e1n en la gala del 25 aniversario.","robots":{"index":"index","follow":"follow","max-snippet":"max-snippet:-1","max-image-preview":"max-image-preview:large","max-video-preview":"max-video-preview:-1"},"canonical":"https:\/\/ajeandalucia.org\/granada\/2025\/05\/09\/el-dia-8-de-mayo-se-reunio-el-jurado-para-la-votacion-de-los-premios-aje-2025\/","og_locale":"es_ES","og_type":"article","og_title":"EL D\u00cdA 8 DE MAYO SE REUNI\u00d3 EL JURADO PARA LA VOTACI\u00d3N DE LOS PREMIOS AJE 2025 - AJE Granada","og_description":"El jurado de los Premios AJE se reuni\u00f3 en el HUBICC para valorar los proyectos inscritos. Los ganadores se anunciar\u00e1n en la gala del 25 aniversario.","og_url":"https:\/\/ajeandalucia.org\/granada\/2025\/05\/09\/el-dia-8-de-mayo-se-reunio-el-jurado-para-la-votacion-de-los-premios-aje-2025\/","og_site_name":"AJE Granada","article_published_time":"2025-05-09T08:58:32+00:00","og_image":[{"width":2560,"height":1920,"url":"https:\/\/ajeandalucia.org\/granada\/wp-content\/uploads\/sites\/7\/2025\/05\/WhatsApp-Image-2025-05-08-at-21.22.07-scaled.jpeg","type":"image\/jpeg"}],"author":"granada","twitter_card":"summary_large_image","twitter_misc":{"Escrito por":"granada","Tiempo de lectura":"2 minutos"},"schema":{"@context":"https:\/\/schema.org","@graph":[{"@type":"Article","@id":"https:\/\/ajeandalucia.org\/granada\/2025\/05\/09\/el-dia-8-de-mayo-se-reunio-el-jurado-para-la-votacion-de-los-premios-aje-2025\/#article","isPartOf":{"@id":"https:\/\/ajeandalucia.org\/granada\/2025\/05\/09\/el-dia-8-de-mayo-se-reunio-el-jurado-para-la-votacion-de-los-premios-aje-2025\/"},"author":{"name":"granada","@id":"https:\/\/ajeandalucia.org\/granada\/#\/schema\/person\/11740bd602b2087a5d9913ce7ad3b931"},"headline":"EL D\u00cdA 8 DE MAYO SE REUNI\u00d3 EL JURADO PARA LA VOTACI\u00d3N DE LOS PREMIOS AJE 2025","datePublished":"2025-05-09T08:58:32+00:00","mainEntityOfPage":{"@id":"https:\/\/ajeandalucia.org\/granada\/2025\/05\/09\/el-dia-8-de-mayo-se-reunio-el-jurado-para-la-votacion-de-los-premios-aje-2025\/"},"wordCount":209,"publisher":{"@id":"https:\/\/ajeandalucia.org\/granada\/#organization"},"image":{"@id":"https:\/\/ajeandalucia.org\/granada\/2025\/05\/09\/el-dia-8-de-mayo-se-reunio-el-jurado-para-la-votacion-de-los-premios-aje-2025\/#primaryimage"},"thumbnailUrl":"https:\/\/ajeandalucia.org\/granada\/wp-content\/uploads\/sites\/7\/2025\/05\/WhatsApp-Image-2025-05-08-at-21.22.07-scaled.jpeg","articleSection":["Destacada","Eventos","Noticias","Noticias aje"],"inLanguage":"es"},{"@type":"WebPage","@id":"https:\/\/ajeandalucia.org\/granada\/2025\/05\/09\/el-dia-8-de-mayo-se-reunio-el-jurado-para-la-votacion-de-los-premios-aje-2025\/","url":"https:\/\/ajeandalucia.org\/granada\/2025\/05\/09\/el-dia-8-de-mayo-se-reunio-el-jurado-para-la-votacion-de-los-premios-aje-2025\/","name":"EL D\u00cdA 8 DE MAYO SE REUNI\u00d3 EL JURADO PARA LA VOTACI\u00d3N DE LOS PREMIOS AJE 2025 - AJE Granada","isPartOf":{"@id":"https:\/\/ajeandalucia.org\/granada\/#website"},"primaryImageOfPage":{"@id":"https:\/\/ajeandalucia.org\/granada\/2025\/05\/09\/el-dia-8-de-mayo-se-reunio-el-jurado-para-la-votacion-de-los-premios-aje-2025\/#primaryimage"},"image":{"@id":"https:\/\/ajeandalucia.org\/granada\/2025\/05\/09\/el-dia-8-de-mayo-se-reunio-el-jurado-para-la-votacion-de-los-premios-aje-2025\/#primaryimage"},"thumbnailUrl":"https:\/\/ajeandalucia.org\/granada\/wp-content\/uploads\/sites\/7\/2025\/05\/WhatsApp-Image-2025-05-08-at-21.22.07-scaled.jpeg","datePublished":"2025-05-09T08:58:32+00:00","description":"El jurado de los Premios AJE se reuni\u00f3 en el HUBICC para valorar los proyectos inscritos. Los ganadores se anunciar\u00e1n en la gala del 25 aniversario.","breadcrumb":{"@id":"https:\/\/ajeandalucia.org\/granada\/2025\/05\/09\/el-dia-8-de-mayo-se-reunio-el-jurado-para-la-votacion-de-los-premios-aje-2025\/#breadcrumb"},"inLanguage":"es","potentialAction":[{"@type":"ReadAction","target":["https:\/\/ajeandalucia.org\/granada\/2025\/05\/09\/el-dia-8-de-mayo-se-reunio-el-jurado-para-la-votacion-de-los-premios-aje-2025\/"]}]},{"@type":"ImageObject","inLanguage":"es","@id":"https:\/\/ajeandalucia.org\/granada\/2025\/05\/09\/el-dia-8-de-mayo-se-reunio-el-jurado-para-la-votacion-de-los-premios-aje-2025\/#primaryimage","url":"https:\/\/ajeandalucia.org\/granada\/wp-content\/uploads\/sites\/7\/2025\/05\/WhatsApp-Image-2025-05-08-at-21.22.07-scaled.jpeg","contentUrl":"https:\/\/ajeandalucia.org\/granada\/wp-content\/uploads\/sites\/7\/2025\/05\/WhatsApp-Image-2025-05-08-at-21.22.07-scaled.jpeg","width":2560,"height":1920},{"@type":"BreadcrumbList","@id":"https:\/\/ajeandalucia.org\/granada\/2025\/05\/09\/el-dia-8-de-mayo-se-reunio-el-jurado-para-la-votacion-de-los-premios-aje-2025\/#breadcrumb","itemListElement":[{"@type":"ListItem","position":1,"name":"Portada","item":"https:\/\/ajeandalucia.org\/granada\/"},{"@type":"ListItem","position":2,"name":"EL D\u00cdA 8 DE MAYO SE REUNI\u00d3 EL JURADO PARA LA VOTACI\u00d3N DE LOS PREMIOS AJE 2025"}]},{"@type":"WebSite","@id":"https:\/\/ajeandalucia.org\/granada\/#website","url":"https:\/\/ajeandalucia.org\/granada\/","name":"AJE Granada","description":"J\u00f3venes Empresarios de Granada","publisher":{"@id":"https:\/\/ajeandalucia.org\/granada\/#organization"},"potentialAction":[{"@type":"SearchAction","target":{"@type":"EntryPoint","urlTemplate":"https:\/\/ajeandalucia.org\/granada\/?s={search_term_string}"},"query-input":{"@type":"PropertyValueSpecification","valueRequired":true,"valueName":"search_term_string"}}],"inLanguage":"es"},{"@type":"Organization","@id":"https:\/\/ajeandalucia.org\/granada\/#organization","name":"AJE Granada","url":"https:\/\/ajeandalucia.org\/granada\/","logo":{"@type":"ImageObject","inLanguage":"es","@id":"https:\/\/ajeandalucia.org\/granada\/#\/schema\/logo\/image\/","url":"https:\/\/ajeandalucia.org\/granada\/wp-content\/uploads\/sites\/7\/2025\/02\/AJE-GRANADA-horizontal.png","contentUrl":"https:\/\/ajeandalucia.org\/granada\/wp-content\/uploads\/sites\/7\/2025\/02\/AJE-GRANADA-horizontal.png","width":612,"height":200,"caption":"AJE Granada"},"image":{"@id":"https:\/\/ajeandalucia.org\/granada\/#\/schema\/logo\/image\/"}},{"@type":"Person","@id":"https:\/\/ajeandalucia.org\/granada\/#\/schema\/person\/11740bd602b2087a5d9913ce7ad3b931","name":"granada","image":{"@type":"ImageObject","inLanguage":"es","@id":"https:\/\/ajeandalucia.org\/granada\/#\/schema\/person\/image\/","url":"https:\/\/secure.gravatar.com\/avatar\/d3efaa03945b79a8aad01845a3fd3b3535448eae49310ea0a5677e96e0e68b63?s=96&d=mm&r=g","contentUrl":"https:\/\/secure.gravatar.com\/avatar\/d3efaa03945b79a8aad01845a3fd3b3535448eae49310ea0a5677e96e0e68b63?s=96&d=mm&r=g","caption":"granada"},"url":"https:\/\/ajeandalucia.org\/granada\/author\/granada\/"}]}},"_links":{"self":[{"href":"https:\/\/ajeandalucia.org\/granada\/wp-json\/wp\/v2\/posts\/47681","targetHints":{"allow":["GET"]}}],"collection":[{"href":"https:\/\/ajeandalucia.org\/granada\/wp-json\/wp\/v2\/posts"}],"about":[{"href":"https:\/\/ajeandalucia.org\/granada\/wp-json\/wp\/v2\/types\/post"}],"author":[{"embeddable":true,"href":"https:\/\/ajeandalucia.org\/granada\/wp-json\/wp\/v2\/users\/6"}],"replies":[{"embeddable":true,"href":"https:\/\/ajeandalucia.org\/granada\/wp-json\/wp\/v2\/comments?post=47681"}],"version-history":[{"count":1,"href":"https:\/\/ajeandalucia.org\/granada\/wp-json\/wp\/v2\/posts\/47681\/revisions"}],"predecessor-version":[{"id":47683,"href":"https:\/\/ajeandalucia.org\/granada\/wp-json\/wp\/v2\/posts\/47681\/revisions\/47683"}],"wp:featuredmedia":[{"embeddable":true,"href":"https:\/\/ajeandalucia.org\/granada\/wp-json\/wp\/v2\/media\/47682"}],"wp:attachment":[{"href":"https:\/\/ajeandalucia.org\/granada\/wp-json\/wp\/v2\/media?parent=47681"}],"wp:term":[{"taxonomy":"category","embeddable":true,"href":"https:\/\/ajeandalucia.org\/granada\/wp-json\/wp\/v2\/categories?post=47681"},{"taxonomy":"post_tag","embeddable":true,"href":"https:\/\/ajeandalucia.org\/granada\/wp-json\/wp\/v2\/tags?post=47681"}],"curies":[{"name":"wp","href":"https:\/\/api.w.org\/{rel}","templated":true}]}}