{"id":47705,"date":"2025-05-27T16:54:43","date_gmt":"2025-05-27T14:54:43","guid":{"rendered":"https:\/\/ajeandalucia.org\/granada\/?p=47705"},"modified":"2025-05-27T16:54:43","modified_gmt":"2025-05-27T14:54:43","slug":"asi-celebramos-los-25-anos-de-aje","status":"publish","type":"post","link":"https:\/\/ajeandalucia.org\/granada\/2025\/05\/27\/asi-celebramos-los-25-anos-de-aje\/","title":{"rendered":"AS\u00cd CELEBRAMOS LOS 25 A\u00d1OS DE AJE"},"content":{"rendered":"<p>El pasado 15 de mayo, AJE Granada celebr\u00f3 por todo lo alto su Gala del 25 Aniversario, un evento muy especial en el que conmemoramos un cuarto de siglo impulsando el emprendimiento joven en nuestra tierra.<\/p>\n<p>La gala se desarroll\u00f3 en tres momentos \u00fanicos:<br \/>\nComenzamos con una emotiva presentaci\u00f3n institucional, donde se hizo entrega de los Premios AJE 2025, reconociendo el esfuerzo, la creatividad y la trayectoria de nuestras empresas asociadas.<br \/>\nContinuamos con un elegante c\u00f3ctel al aire libre, amenizado por m\u00fasica en directo que puso banda sonora a los reencuentros, las conversaciones y nuevas conexiones.<br \/>\nY cerramos con una vibrante fiesta final, en la que un DJ nos acompa\u00f1\u00f3 a celebrar como solo AJE sabe hacerlo: con energ\u00eda, alegr\u00eda y en comunidad.<\/p>\n<p>Queremos dar la enhorabuena a las empresas galardonadas y agradecer la participaci\u00f3n de todas las personas que formaron parte de una noche tan significativa.<\/p>\n<p>Adem\u00e1s, esta gala marc\u00f3 el final de una etapa para Carlos \u00c1lvarez, presidente de AJE Granada, a quien agradecemos profundamente su compromiso, liderazgo y dedicaci\u00f3n durante su mandato.<\/p>\n<p>Por muchos a\u00f1os m\u00e1s de emprendimiento, innovaci\u00f3n y uni\u00f3n.<br \/>\n\u00a1Por otros 25 a\u00f1os, como m\u00ednimo!<\/p>\n<p><a href=\"https:\/\/www.facebook.com\/photo\/?fbid=1090623466436560&amp;set=pcb.1090633886435518\">Haz clic aqu\u00ed para ver todas las fotos.<\/a><\/p>\n","protected":false},"excerpt":{"rendered":"<p>El pasado 15 de mayo, AJE Granada celebr\u00f3 por todo lo alto su Gala del 25 Aniversario, un evento muy [&hellip;]<\/p>\n","protected":false},"author":6,"featured_media":47706,"comment_status":"closed","ping_status":"open","sticky":false,"template":"","format":"standard","meta":{"_acf_changed":false,"site-sidebar-layout":"default","site-content-layout":"","ast-site-content-layout":"default","site-content-style":"default","site-sidebar-style":"default","ast-global-header-display":"","ast-banner-title-visibility":"","ast-main-header-display":"","ast-hfb-above-header-display":"","ast-hfb-below-header-display":"","ast-hfb-mobile-header-display":"","site-post-title":"","ast-breadcrumbs-content":"","ast-featured-img":"","footer-sml-layout":"","ast-disable-related-posts":"","theme-transparent-header-meta":"default","adv-header-id-meta":"","stick-header-meta":"","header-above-stick-meta":"","header-main-stick-meta":"","header-below-stick-meta":"","astra-migrate-meta-layouts":"set","ast-page-background-enabled":"default","ast-page-background-meta":{"desktop":{"background-color":"var(--ast-global-color-5)","background-image":"","background-repeat":"repeat","background-position":"center center","background-size":"auto","background-attachment":"scroll","background-type":"","background-media":"","overlay-type":"","overlay-color":"","overlay-opacity":"","overlay-gradient":""},"tablet":{"background-color":"","background-image":"","background-repeat":"repeat","background-position":"center center","background-size":"auto","background-attachment":"scroll","background-type":"","background-media":"","overlay-type":"","overlay-color":"","overlay-opacity":"","overlay-gradient":""},"mobile":{"background-color":"","background-image":"","background-repeat":"repeat","background-position":"center center","background-size":"auto","background-attachment":"scroll","background-type":"","background-media":"","overlay-type":"","overlay-color":"","overlay-opacity":"","overlay-gradient":""}},"ast-content-background-meta":{"desktop":{"background-color":"var(--ast-global-color-4)","background-image":"","background-repeat":"repeat","background-position":"center center","background-size":"auto","background-attachment":"scroll","background-type":"","background-media":"","overlay-type":"","overlay-color":"","overlay-opacity":"","overlay-gradient":""},"tablet":{"background-color":"var(--ast-global-color-4)","background-image":"","background-repeat":"repeat","background-position":"center center","background-size":"auto","background-attachment":"scroll","background-type":"","background-media":"","overlay-type":"","overlay-color":"","overlay-opacity":"","overlay-gradient":""},"mobile":{"background-color":"var(--ast-global-color-4)","background-image":"","background-repeat":"repeat","background-position":"center center","background-size":"auto","background-attachment":"scroll","background-type":"","background-media":"","overlay-type":"","overlay-color":"","overlay-opacity":"","overlay-gradient":""}},"footnotes":""},"categories":[1],"tags":[],"class_list":["post-47705","post","type-post","status-publish","format-standard","has-post-thumbnail","hentry","category-blog"],"acf":[],"yoast_head":"<!-- This site is optimized with the Yoast SEO plugin v26.9 - https:\/\/yoast.com\/product\/yoast-seo-wordpress\/ -->\n<title>AS\u00cd CELEBRAMOS LOS 25 A\u00d1OS DE AJE - AJE Granada<\/title>\n<meta name=\"description\" content=\"Revive la Gala del 25 Aniversario de AJE Granada: una noche inolvidable con entrega de premios, m\u00fasica en directo y mucha emoci\u00f3n. \u00a1Celebramos 25 a\u00f1os de impulso al talento joven!\" \/>\n<meta name=\"robots\" content=\"index, follow, max-snippet:-1, max-image-preview:large, max-video-preview:-1\" \/>\n<link rel=\"canonical\" href=\"https:\/\/ajeandalucia.org\/granada\/2025\/05\/27\/asi-celebramos-los-25-anos-de-aje\/\" \/>\n<meta property=\"og:locale\" content=\"es_ES\" \/>\n<meta property=\"og:type\" content=\"article\" \/>\n<meta property=\"og:title\" content=\"AS\u00cd CELEBRAMOS LOS 25 A\u00d1OS DE AJE - AJE Granada\" \/>\n<meta property=\"og:description\" content=\"Revive la Gala del 25 Aniversario de AJE Granada: una noche inolvidable con entrega de premios, m\u00fasica en directo y mucha emoci\u00f3n. \u00a1Celebramos 25 a\u00f1os de impulso al talento joven!\" \/>\n<meta property=\"og:url\" content=\"https:\/\/ajeandalucia.org\/granada\/2025\/05\/27\/asi-celebramos-los-25-anos-de-aje\/\" \/>\n<meta property=\"og:site_name\" content=\"AJE Granada\" \/>\n<meta property=\"article:published_time\" content=\"2025-05-27T14:54:43+00:00\" \/>\n<meta property=\"og:image\" content=\"https:\/\/ajeandalucia.org\/granada\/wp-content\/uploads\/sites\/7\/2025\/05\/web_compressed.jpg\" \/>\n\t<meta property=\"og:image:width\" content=\"2048\" \/>\n\t<meta property=\"og:image:height\" content=\"1365\" \/>\n\t<meta property=\"og:image:type\" content=\"image\/jpeg\" \/>\n<meta name=\"author\" content=\"granada\" \/>\n<meta name=\"twitter:card\" content=\"summary_large_image\" \/>\n<meta name=\"twitter:label1\" content=\"Escrito por\" \/>\n\t<meta name=\"twitter:data1\" content=\"granada\" \/>\n\t<meta name=\"twitter:label2\" content=\"Tiempo de lectura\" \/>\n\t<meta name=\"twitter:data2\" content=\"2 minutos\" \/>\n<script type=\"application\/ld+json\" class=\"yoast-schema-graph\">{\"@context\":\"https:\/\/schema.org\",\"@graph\":[{\"@type\":\"Article\",\"@id\":\"https:\/\/ajeandalucia.org\/granada\/2025\/05\/27\/asi-celebramos-los-25-anos-de-aje\/#article\",\"isPartOf\":{\"@id\":\"https:\/\/ajeandalucia.org\/granada\/2025\/05\/27\/asi-celebramos-los-25-anos-de-aje\/\"},\"author\":{\"name\":\"granada\",\"@id\":\"https:\/\/ajeandalucia.org\/granada\/#\/schema\/person\/11740bd602b2087a5d9913ce7ad3b931\"},\"headline\":\"AS\u00cd CELEBRAMOS LOS 25 A\u00d1OS DE AJE\",\"datePublished\":\"2025-05-27T14:54:43+00:00\",\"mainEntityOfPage\":{\"@id\":\"https:\/\/ajeandalucia.org\/granada\/2025\/05\/27\/asi-celebramos-los-25-anos-de-aje\/\"},\"wordCount\":215,\"publisher\":{\"@id\":\"https:\/\/ajeandalucia.org\/granada\/#organization\"},\"image\":{\"@id\":\"https:\/\/ajeandalucia.org\/granada\/2025\/05\/27\/asi-celebramos-los-25-anos-de-aje\/#primaryimage\"},\"thumbnailUrl\":\"https:\/\/ajeandalucia.org\/granada\/wp-content\/uploads\/sites\/7\/2025\/05\/web_compressed.jpg\",\"articleSection\":[\"Blog\"],\"inLanguage\":\"es\"},{\"@type\":\"WebPage\",\"@id\":\"https:\/\/ajeandalucia.org\/granada\/2025\/05\/27\/asi-celebramos-los-25-anos-de-aje\/\",\"url\":\"https:\/\/ajeandalucia.org\/granada\/2025\/05\/27\/asi-celebramos-los-25-anos-de-aje\/\",\"name\":\"AS\u00cd CELEBRAMOS LOS 25 A\u00d1OS DE AJE - AJE Granada\",\"isPartOf\":{\"@id\":\"https:\/\/ajeandalucia.org\/granada\/#website\"},\"primaryImageOfPage\":{\"@id\":\"https:\/\/ajeandalucia.org\/granada\/2025\/05\/27\/asi-celebramos-los-25-anos-de-aje\/#primaryimage\"},\"image\":{\"@id\":\"https:\/\/ajeandalucia.org\/granada\/2025\/05\/27\/asi-celebramos-los-25-anos-de-aje\/#primaryimage\"},\"thumbnailUrl\":\"https:\/\/ajeandalucia.org\/granada\/wp-content\/uploads\/sites\/7\/2025\/05\/web_compressed.jpg\",\"datePublished\":\"2025-05-27T14:54:43+00:00\",\"description\":\"Revive la Gala del 25 Aniversario de AJE Granada: una noche inolvidable con entrega de premios, m\u00fasica en directo y mucha emoci\u00f3n. \u00a1Celebramos 25 a\u00f1os de impulso al talento joven!\",\"breadcrumb\":{\"@id\":\"https:\/\/ajeandalucia.org\/granada\/2025\/05\/27\/asi-celebramos-los-25-anos-de-aje\/#breadcrumb\"},\"inLanguage\":\"es\",\"potentialAction\":[{\"@type\":\"ReadAction\",\"target\":[\"https:\/\/ajeandalucia.org\/granada\/2025\/05\/27\/asi-celebramos-los-25-anos-de-aje\/\"]}]},{\"@type\":\"ImageObject\",\"inLanguage\":\"es\",\"@id\":\"https:\/\/ajeandalucia.org\/granada\/2025\/05\/27\/asi-celebramos-los-25-anos-de-aje\/#primaryimage\",\"url\":\"https:\/\/ajeandalucia.org\/granada\/wp-content\/uploads\/sites\/7\/2025\/05\/web_compressed.jpg\",\"contentUrl\":\"https:\/\/ajeandalucia.org\/granada\/wp-content\/uploads\/sites\/7\/2025\/05\/web_compressed.jpg\",\"width\":2048,\"height\":1365},{\"@type\":\"BreadcrumbList\",\"@id\":\"https:\/\/ajeandalucia.org\/granada\/2025\/05\/27\/asi-celebramos-los-25-anos-de-aje\/#breadcrumb\",\"itemListElement\":[{\"@type\":\"ListItem\",\"position\":1,\"name\":\"Portada\",\"item\":\"https:\/\/ajeandalucia.org\/granada\/\"},{\"@type\":\"ListItem\",\"position\":2,\"name\":\"AS\u00cd CELEBRAMOS LOS 25 A\u00d1OS DE AJE\"}]},{\"@type\":\"WebSite\",\"@id\":\"https:\/\/ajeandalucia.org\/granada\/#website\",\"url\":\"https:\/\/ajeandalucia.org\/granada\/\",\"name\":\"AJE Granada\",\"description\":\"J\u00f3venes Empresarios de Granada\",\"publisher\":{\"@id\":\"https:\/\/ajeandalucia.org\/granada\/#organization\"},\"potentialAction\":[{\"@type\":\"SearchAction\",\"target\":{\"@type\":\"EntryPoint\",\"urlTemplate\":\"https:\/\/ajeandalucia.org\/granada\/?s={search_term_string}\"},\"query-input\":{\"@type\":\"PropertyValueSpecification\",\"valueRequired\":true,\"valueName\":\"search_term_string\"}}],\"inLanguage\":\"es\"},{\"@type\":\"Organization\",\"@id\":\"https:\/\/ajeandalucia.org\/granada\/#organization\",\"name\":\"AJE Granada\",\"url\":\"https:\/\/ajeandalucia.org\/granada\/\",\"logo\":{\"@type\":\"ImageObject\",\"inLanguage\":\"es\",\"@id\":\"https:\/\/ajeandalucia.org\/granada\/#\/schema\/logo\/image\/\",\"url\":\"https:\/\/ajeandalucia.org\/granada\/wp-content\/uploads\/sites\/7\/2025\/02\/AJE-GRANADA-horizontal.png\",\"contentUrl\":\"https:\/\/ajeandalucia.org\/granada\/wp-content\/uploads\/sites\/7\/2025\/02\/AJE-GRANADA-horizontal.png\",\"width\":612,\"height\":200,\"caption\":\"AJE Granada\"},\"image\":{\"@id\":\"https:\/\/ajeandalucia.org\/granada\/#\/schema\/logo\/image\/\"}},{\"@type\":\"Person\",\"@id\":\"https:\/\/ajeandalucia.org\/granada\/#\/schema\/person\/11740bd602b2087a5d9913ce7ad3b931\",\"name\":\"granada\",\"image\":{\"@type\":\"ImageObject\",\"inLanguage\":\"es\",\"@id\":\"https:\/\/ajeandalucia.org\/granada\/#\/schema\/person\/image\/\",\"url\":\"https:\/\/secure.gravatar.com\/avatar\/d3efaa03945b79a8aad01845a3fd3b3535448eae49310ea0a5677e96e0e68b63?s=96&d=mm&r=g\",\"contentUrl\":\"https:\/\/secure.gravatar.com\/avatar\/d3efaa03945b79a8aad01845a3fd3b3535448eae49310ea0a5677e96e0e68b63?s=96&d=mm&r=g\",\"caption\":\"granada\"},\"url\":\"https:\/\/ajeandalucia.org\/granada\/author\/granada\/\"}]}<\/script>\n<!-- \/ Yoast SEO plugin. -->","yoast_head_json":{"title":"AS\u00cd CELEBRAMOS LOS 25 A\u00d1OS DE AJE - AJE Granada","description":"Revive la Gala del 25 Aniversario de AJE Granada: una noche inolvidable con entrega de premios, m\u00fasica en directo y mucha emoci\u00f3n. \u00a1Celebramos 25 a\u00f1os de impulso al talento joven!","robots":{"index":"index","follow":"follow","max-snippet":"max-snippet:-1","max-image-preview":"max-image-preview:large","max-video-preview":"max-video-preview:-1"},"canonical":"https:\/\/ajeandalucia.org\/granada\/2025\/05\/27\/asi-celebramos-los-25-anos-de-aje\/","og_locale":"es_ES","og_type":"article","og_title":"AS\u00cd CELEBRAMOS LOS 25 A\u00d1OS DE AJE - AJE Granada","og_description":"Revive la Gala del 25 Aniversario de AJE Granada: una noche inolvidable con entrega de premios, m\u00fasica en directo y mucha emoci\u00f3n. \u00a1Celebramos 25 a\u00f1os de impulso al talento joven!","og_url":"https:\/\/ajeandalucia.org\/granada\/2025\/05\/27\/asi-celebramos-los-25-anos-de-aje\/","og_site_name":"AJE Granada","article_published_time":"2025-05-27T14:54:43+00:00","og_image":[{"width":2048,"height":1365,"url":"https:\/\/ajeandalucia.org\/granada\/wp-content\/uploads\/sites\/7\/2025\/05\/web_compressed.jpg","type":"image\/jpeg"}],"author":"granada","twitter_card":"summary_large_image","twitter_misc":{"Escrito por":"granada","Tiempo de lectura":"2 minutos"},"schema":{"@context":"https:\/\/schema.org","@graph":[{"@type":"Article","@id":"https:\/\/ajeandalucia.org\/granada\/2025\/05\/27\/asi-celebramos-los-25-anos-de-aje\/#article","isPartOf":{"@id":"https:\/\/ajeandalucia.org\/granada\/2025\/05\/27\/asi-celebramos-los-25-anos-de-aje\/"},"author":{"name":"granada","@id":"https:\/\/ajeandalucia.org\/granada\/#\/schema\/person\/11740bd602b2087a5d9913ce7ad3b931"},"headline":"AS\u00cd CELEBRAMOS LOS 25 A\u00d1OS DE AJE","datePublished":"2025-05-27T14:54:43+00:00","mainEntityOfPage":{"@id":"https:\/\/ajeandalucia.org\/granada\/2025\/05\/27\/asi-celebramos-los-25-anos-de-aje\/"},"wordCount":215,"publisher":{"@id":"https:\/\/ajeandalucia.org\/granada\/#organization"},"image":{"@id":"https:\/\/ajeandalucia.org\/granada\/2025\/05\/27\/asi-celebramos-los-25-anos-de-aje\/#primaryimage"},"thumbnailUrl":"https:\/\/ajeandalucia.org\/granada\/wp-content\/uploads\/sites\/7\/2025\/05\/web_compressed.jpg","articleSection":["Blog"],"inLanguage":"es"},{"@type":"WebPage","@id":"https:\/\/ajeandalucia.org\/granada\/2025\/05\/27\/asi-celebramos-los-25-anos-de-aje\/","url":"https:\/\/ajeandalucia.org\/granada\/2025\/05\/27\/asi-celebramos-los-25-anos-de-aje\/","name":"AS\u00cd CELEBRAMOS LOS 25 A\u00d1OS DE AJE - AJE Granada","isPartOf":{"@id":"https:\/\/ajeandalucia.org\/granada\/#website"},"primaryImageOfPage":{"@id":"https:\/\/ajeandalucia.org\/granada\/2025\/05\/27\/asi-celebramos-los-25-anos-de-aje\/#primaryimage"},"image":{"@id":"https:\/\/ajeandalucia.org\/granada\/2025\/05\/27\/asi-celebramos-los-25-anos-de-aje\/#primaryimage"},"thumbnailUrl":"https:\/\/ajeandalucia.org\/granada\/wp-content\/uploads\/sites\/7\/2025\/05\/web_compressed.jpg","datePublished":"2025-05-27T14:54:43+00:00","description":"Revive la Gala del 25 Aniversario de AJE Granada: una noche inolvidable con entrega de premios, m\u00fasica en directo y mucha emoci\u00f3n. \u00a1Celebramos 25 a\u00f1os de impulso al talento joven!","breadcrumb":{"@id":"https:\/\/ajeandalucia.org\/granada\/2025\/05\/27\/asi-celebramos-los-25-anos-de-aje\/#breadcrumb"},"inLanguage":"es","potentialAction":[{"@type":"ReadAction","target":["https:\/\/ajeandalucia.org\/granada\/2025\/05\/27\/asi-celebramos-los-25-anos-de-aje\/"]}]},{"@type":"ImageObject","inLanguage":"es","@id":"https:\/\/ajeandalucia.org\/granada\/2025\/05\/27\/asi-celebramos-los-25-anos-de-aje\/#primaryimage","url":"https:\/\/ajeandalucia.org\/granada\/wp-content\/uploads\/sites\/7\/2025\/05\/web_compressed.jpg","contentUrl":"https:\/\/ajeandalucia.org\/granada\/wp-content\/uploads\/sites\/7\/2025\/05\/web_compressed.jpg","width":2048,"height":1365},{"@type":"BreadcrumbList","@id":"https:\/\/ajeandalucia.org\/granada\/2025\/05\/27\/asi-celebramos-los-25-anos-de-aje\/#breadcrumb","itemListElement":[{"@type":"ListItem","position":1,"name":"Portada","item":"https:\/\/ajeandalucia.org\/granada\/"},{"@type":"ListItem","position":2,"name":"AS\u00cd CELEBRAMOS LOS 25 A\u00d1OS DE AJE"}]},{"@type":"WebSite","@id":"https:\/\/ajeandalucia.org\/granada\/#website","url":"https:\/\/ajeandalucia.org\/granada\/","name":"AJE Granada","description":"J\u00f3venes Empresarios de Granada","publisher":{"@id":"https:\/\/ajeandalucia.org\/granada\/#organization"},"potentialAction":[{"@type":"SearchAction","target":{"@type":"EntryPoint","urlTemplate":"https:\/\/ajeandalucia.org\/granada\/?s={search_term_string}"},"query-input":{"@type":"PropertyValueSpecification","valueRequired":true,"valueName":"search_term_string"}}],"inLanguage":"es"},{"@type":"Organization","@id":"https:\/\/ajeandalucia.org\/granada\/#organization","name":"AJE Granada","url":"https:\/\/ajeandalucia.org\/granada\/","logo":{"@type":"ImageObject","inLanguage":"es","@id":"https:\/\/ajeandalucia.org\/granada\/#\/schema\/logo\/image\/","url":"https:\/\/ajeandalucia.org\/granada\/wp-content\/uploads\/sites\/7\/2025\/02\/AJE-GRANADA-horizontal.png","contentUrl":"https:\/\/ajeandalucia.org\/granada\/wp-content\/uploads\/sites\/7\/2025\/02\/AJE-GRANADA-horizontal.png","width":612,"height":200,"caption":"AJE Granada"},"image":{"@id":"https:\/\/ajeandalucia.org\/granada\/#\/schema\/logo\/image\/"}},{"@type":"Person","@id":"https:\/\/ajeandalucia.org\/granada\/#\/schema\/person\/11740bd602b2087a5d9913ce7ad3b931","name":"granada","image":{"@type":"ImageObject","inLanguage":"es","@id":"https:\/\/ajeandalucia.org\/granada\/#\/schema\/person\/image\/","url":"https:\/\/secure.gravatar.com\/avatar\/d3efaa03945b79a8aad01845a3fd3b3535448eae49310ea0a5677e96e0e68b63?s=96&d=mm&r=g","contentUrl":"https:\/\/secure.gravatar.com\/avatar\/d3efaa03945b79a8aad01845a3fd3b3535448eae49310ea0a5677e96e0e68b63?s=96&d=mm&r=g","caption":"granada"},"url":"https:\/\/ajeandalucia.org\/granada\/author\/granada\/"}]}},"_links":{"self":[{"href":"https:\/\/ajeandalucia.org\/granada\/wp-json\/wp\/v2\/posts\/47705","targetHints":{"allow":["GET"]}}],"collection":[{"href":"https:\/\/ajeandalucia.org\/granada\/wp-json\/wp\/v2\/posts"}],"about":[{"href":"https:\/\/ajeandalucia.org\/granada\/wp-json\/wp\/v2\/types\/post"}],"author":[{"embeddable":true,"href":"https:\/\/ajeandalucia.org\/granada\/wp-json\/wp\/v2\/users\/6"}],"replies":[{"embeddable":true,"href":"https:\/\/ajeandalucia.org\/granada\/wp-json\/wp\/v2\/comments?post=47705"}],"version-history":[{"count":2,"href":"https:\/\/ajeandalucia.org\/granada\/wp-json\/wp\/v2\/posts\/47705\/revisions"}],"predecessor-version":[{"id":47708,"href":"https:\/\/ajeandalucia.org\/granada\/wp-json\/wp\/v2\/posts\/47705\/revisions\/47708"}],"wp:featuredmedia":[{"embeddable":true,"href":"https:\/\/ajeandalucia.org\/granada\/wp-json\/wp\/v2\/media\/47706"}],"wp:attachment":[{"href":"https:\/\/ajeandalucia.org\/granada\/wp-json\/wp\/v2\/media?parent=47705"}],"wp:term":[{"taxonomy":"category","embeddable":true,"href":"https:\/\/ajeandalucia.org\/granada\/wp-json\/wp\/v2\/categories?post=47705"},{"taxonomy":"post_tag","embeddable":true,"href":"https:\/\/ajeandalucia.org\/granada\/wp-json\/wp\/v2\/tags?post=47705"}],"curies":[{"name":"wp","href":"https:\/\/api.w.org\/{rel}","templated":true}]}}