{"id":47769,"date":"2025-06-12T12:58:41","date_gmt":"2025-06-12T10:58:41","guid":{"rendered":"https:\/\/ajeandalucia.org\/granada\/?p=47769"},"modified":"2025-06-12T13:48:18","modified_gmt":"2025-06-12T11:48:18","slug":"mentoriz-aje-2025","status":"publish","type":"post","link":"https:\/\/ajeandalucia.org\/granada\/2025\/06\/12\/mentoriz-aje-2025\/","title":{"rendered":"Mentoriz-AJE 2025"},"content":{"rendered":"<p><strong>Mentoriz-AJE 2025<\/strong><\/p>\n<p><strong>Mentorizaci\u00f3n gratuita para j\u00f3venes emprendedores de Granada<\/strong><\/p>\n<p><em>La Asociaci\u00f3n de J\u00f3venes Empresarios de Granada (AJE Granada), en colaboraci\u00f3n con la Concejal\u00eda de Juventud del Ayuntamiento de Granada, pone en marcha Mentoriz-AJE 2025, un ciclo gratuito de sesiones formativas y de mentorizaci\u00f3n dirigido a j\u00f3venes y emprendedores de la provincia que quieran impulsar sus proyectos de la mano de empresarios consolidados de nuestra ciudad.<\/em><\/p>\n<p><strong>\u00bfA qui\u00e9n va dirigido?<\/strong><\/p>\n<ul>\n<li>J\u00f3venes de la provincia de Granada con inquietudes emprendedoras.<\/li>\n<li>Personas que ya han iniciado un proyecto y buscan orientaci\u00f3n profesional.<\/li>\n<li>Estudiantes, aut\u00f3nomos, startups y cualquier persona con ideas y ganas de crecer.<\/li>\n<\/ul>\n<p><strong>Formato y lugar<\/strong><\/p>\n<p><em>Lugar<\/em>: HUBICC \u2013 Sede de AJE Granada (Calle Aguas Bravas S\/N, 18008 Granada)<\/p>\n<p><em>Horario<\/em>: Tardes de 17:00 a 19:30 h (cada sesi\u00f3n incluye un espacio de networking)<\/p>\n<p><strong>Calendario de sesiones<\/strong><\/p>\n<p>Martes, 25 de junio de 2025<\/p>\n<p>\u201c\u00a1Atr\u00e9vete a vender! Claves para que tu proyecto enamore desde el minuto uno\u201d<\/p>\n<ul>\n<li><em>Daniele Palumbo<\/em> (Especialista en Ventas)<\/li>\n<\/ul>\n<p>Martes, 16 de septiembre de 2025<\/p>\n<p>\u201cEmprende con garant\u00edas: lo legal tambi\u00e9n importa (y mucho)\u201d<\/p>\n<ul>\n<li><em>Alejandro Aguado Meg\u00edas<\/em> (LTA Abogados y Economistas)<\/li>\n<\/ul>\n<p>Martes, 7 de octubre de 2025<\/p>\n<p>\u201cC\u00f3mo organizar eventos que te abran puertas (y te llenen la agenda)\u201d<\/p>\n<ul>\n<li><em>Patricia Porras S\u00e1nchez<\/em> (Trilby Events)<\/li>\n<\/ul>\n<p>Martes, 4 de noviembre de 2025<\/p>\n<p>\u201cTu marca, tu voz: aprende a comunicar en redes y destacar sin gastar una fortuna\u201d<\/p>\n<ul>\n<li><em>Adam Hajjaj<\/em> (Escuela Internacional de \u00c1rabe)<\/li>\n<\/ul>\n<p>Martes, 2 de diciembre de 2025<\/p>\n<p>\u201c\u00bfY si vendes fuera? C\u00f3mo llegar a clientes en Europa sin perderte en el intento\u201d<\/p>\n<ul>\n<li><em>Raquel Maldonado Mor\u00f3n<\/em> (Globalite)<\/li>\n<\/ul>\n<p><strong>\u00bfQu\u00e9 ofrece Mentoriz-AJE?<\/strong><\/p>\n<ul>\n<li>\u00a0Formaci\u00f3n pr\u00e1ctica basada en la experiencia real de profesionales locales<\/li>\n<li>Espacio para el intercambio de ideas, dudas y contactos<\/li>\n<li>Actividades de networking tras cada sesi\u00f3n<\/li>\n<li>Asistencia gratuita<\/li>\n<li>Certificado de participaci\u00f3n expedido por AJE Granada<\/li>\n<\/ul>\n<p><strong>Inscripci\u00f3n<\/strong><\/p>\n<p>La participaci\u00f3n es gratuita, pero las plazas son limitadas.<\/p>\n<p>La inscripci\u00f3n debe realizarse a trav\u00e9s de la web oficial de AJE Granada:<\/p>\n<p>www.ajegranada.org<\/p>\n","protected":false},"excerpt":{"rendered":"<p>Mentoriz-AJE 2025 Mentorizaci\u00f3n gratuita para j\u00f3venes emprendedores de Granada La Asociaci\u00f3n de J\u00f3venes Empresarios de Granada (AJE Granada), en colaboraci\u00f3n [&hellip;]<\/p>\n","protected":false},"author":6,"featured_media":47770,"comment_status":"closed","ping_status":"open","sticky":false,"template":"","format":"standard","meta":{"_acf_changed":false,"site-sidebar-layout":"default","site-content-layout":"","ast-site-content-layout":"default","site-content-style":"default","site-sidebar-style":"default","ast-global-header-display":"","ast-banner-title-visibility":"","ast-main-header-display":"","ast-hfb-above-header-display":"","ast-hfb-below-header-display":"","ast-hfb-mobile-header-display":"","site-post-title":"","ast-breadcrumbs-content":"","ast-featured-img":"","footer-sml-layout":"","ast-disable-related-posts":"","theme-transparent-header-meta":"default","adv-header-id-meta":"","stick-header-meta":"","header-above-stick-meta":"","header-main-stick-meta":"","header-below-stick-meta":"","astra-migrate-meta-layouts":"set","ast-page-background-enabled":"default","ast-page-background-meta":{"desktop":{"background-color":"var(--ast-global-color-5)","background-image":"","background-repeat":"repeat","background-position":"center center","background-size":"auto","background-attachment":"scroll","background-type":"","background-media":"","overlay-type":"","overlay-color":"","overlay-opacity":"","overlay-gradient":""},"tablet":{"background-color":"","background-image":"","background-repeat":"repeat","background-position":"center center","background-size":"auto","background-attachment":"scroll","background-type":"","background-media":"","overlay-type":"","overlay-color":"","overlay-opacity":"","overlay-gradient":""},"mobile":{"background-color":"","background-image":"","background-repeat":"repeat","background-position":"center center","background-size":"auto","background-attachment":"scroll","background-type":"","background-media":"","overlay-type":"","overlay-color":"","overlay-opacity":"","overlay-gradient":""}},"ast-content-background-meta":{"desktop":{"background-color":"var(--ast-global-color-4)","background-image":"","background-repeat":"repeat","background-position":"center center","background-size":"auto","background-attachment":"scroll","background-type":"","background-media":"","overlay-type":"","overlay-color":"","overlay-opacity":"","overlay-gradient":""},"tablet":{"background-color":"var(--ast-global-color-4)","background-image":"","background-repeat":"repeat","background-position":"center center","background-size":"auto","background-attachment":"scroll","background-type":"","background-media":"","overlay-type":"","overlay-color":"","overlay-opacity":"","overlay-gradient":""},"mobile":{"background-color":"var(--ast-global-color-4)","background-image":"","background-repeat":"repeat","background-position":"center center","background-size":"auto","background-attachment":"scroll","background-type":"","background-media":"","overlay-type":"","overlay-color":"","overlay-opacity":"","overlay-gradient":""}},"footnotes":""},"categories":[4345,2467,8,115],"tags":[],"class_list":["post-47769","post","type-post","status-publish","format-standard","has-post-thumbnail","hentry","category-destacada","category-eventos","category-noticias","category-noticias-aje"],"acf":[],"yoast_head":"<!-- This site is optimized with the Yoast SEO plugin v26.9 - https:\/\/yoast.com\/product\/yoast-seo-wordpress\/ -->\n<title>Mentoriz-AJE 2025 - AJE Granada<\/title>\n<meta name=\"robots\" content=\"index, follow, max-snippet:-1, max-image-preview:large, max-video-preview:-1\" \/>\n<link rel=\"canonical\" href=\"https:\/\/ajeandalucia.org\/granada\/2025\/06\/12\/mentoriz-aje-2025\/\" \/>\n<meta property=\"og:locale\" content=\"es_ES\" \/>\n<meta property=\"og:type\" content=\"article\" \/>\n<meta property=\"og:title\" content=\"Mentoriz-AJE 2025 - AJE Granada\" \/>\n<meta property=\"og:description\" content=\"Mentoriz-AJE 2025 Mentorizaci\u00f3n gratuita para j\u00f3venes emprendedores de Granada La Asociaci\u00f3n de J\u00f3venes Empresarios de Granada (AJE Granada), en colaboraci\u00f3n [&hellip;]\" \/>\n<meta property=\"og:url\" content=\"https:\/\/ajeandalucia.org\/granada\/2025\/06\/12\/mentoriz-aje-2025\/\" \/>\n<meta property=\"og:site_name\" content=\"AJE Granada\" \/>\n<meta property=\"article:published_time\" content=\"2025-06-12T10:58:41+00:00\" \/>\n<meta property=\"article:modified_time\" content=\"2025-06-12T11:48:18+00:00\" \/>\n<meta property=\"og:image\" content=\"https:\/\/ajeandalucia.org\/granada\/wp-content\/uploads\/sites\/7\/2025\/06\/IMG-20250612-WA0030.jpg\" \/>\n\t<meta property=\"og:image:width\" content=\"1280\" \/>\n\t<meta property=\"og:image:height\" content=\"1600\" \/>\n\t<meta property=\"og:image:type\" content=\"image\/jpeg\" \/>\n<meta name=\"author\" content=\"granada\" \/>\n<meta name=\"twitter:card\" content=\"summary_large_image\" \/>\n<meta name=\"twitter:label1\" content=\"Escrito por\" \/>\n\t<meta name=\"twitter:data1\" content=\"granada\" \/>\n\t<meta name=\"twitter:label2\" content=\"Tiempo de lectura\" \/>\n\t<meta name=\"twitter:data2\" content=\"2 minutos\" \/>\n<script type=\"application\/ld+json\" class=\"yoast-schema-graph\">{\"@context\":\"https:\/\/schema.org\",\"@graph\":[{\"@type\":\"Article\",\"@id\":\"https:\/\/ajeandalucia.org\/granada\/2025\/06\/12\/mentoriz-aje-2025\/#article\",\"isPartOf\":{\"@id\":\"https:\/\/ajeandalucia.org\/granada\/2025\/06\/12\/mentoriz-aje-2025\/\"},\"author\":{\"name\":\"granada\",\"@id\":\"https:\/\/ajeandalucia.org\/granada\/#\/schema\/person\/11740bd602b2087a5d9913ce7ad3b931\"},\"headline\":\"Mentoriz-AJE 2025\",\"datePublished\":\"2025-06-12T10:58:41+00:00\",\"dateModified\":\"2025-06-12T11:48:18+00:00\",\"mainEntityOfPage\":{\"@id\":\"https:\/\/ajeandalucia.org\/granada\/2025\/06\/12\/mentoriz-aje-2025\/\"},\"wordCount\":333,\"publisher\":{\"@id\":\"https:\/\/ajeandalucia.org\/granada\/#organization\"},\"image\":{\"@id\":\"https:\/\/ajeandalucia.org\/granada\/2025\/06\/12\/mentoriz-aje-2025\/#primaryimage\"},\"thumbnailUrl\":\"https:\/\/ajeandalucia.org\/granada\/wp-content\/uploads\/sites\/7\/2025\/06\/IMG-20250612-WA0030.jpg\",\"articleSection\":[\"Destacada\",\"Eventos\",\"Noticias\",\"Noticias aje\"],\"inLanguage\":\"es\"},{\"@type\":\"WebPage\",\"@id\":\"https:\/\/ajeandalucia.org\/granada\/2025\/06\/12\/mentoriz-aje-2025\/\",\"url\":\"https:\/\/ajeandalucia.org\/granada\/2025\/06\/12\/mentoriz-aje-2025\/\",\"name\":\"Mentoriz-AJE 2025 - AJE Granada\",\"isPartOf\":{\"@id\":\"https:\/\/ajeandalucia.org\/granada\/#website\"},\"primaryImageOfPage\":{\"@id\":\"https:\/\/ajeandalucia.org\/granada\/2025\/06\/12\/mentoriz-aje-2025\/#primaryimage\"},\"image\":{\"@id\":\"https:\/\/ajeandalucia.org\/granada\/2025\/06\/12\/mentoriz-aje-2025\/#primaryimage\"},\"thumbnailUrl\":\"https:\/\/ajeandalucia.org\/granada\/wp-content\/uploads\/sites\/7\/2025\/06\/IMG-20250612-WA0030.jpg\",\"datePublished\":\"2025-06-12T10:58:41+00:00\",\"dateModified\":\"2025-06-12T11:48:18+00:00\",\"breadcrumb\":{\"@id\":\"https:\/\/ajeandalucia.org\/granada\/2025\/06\/12\/mentoriz-aje-2025\/#breadcrumb\"},\"inLanguage\":\"es\",\"potentialAction\":[{\"@type\":\"ReadAction\",\"target\":[\"https:\/\/ajeandalucia.org\/granada\/2025\/06\/12\/mentoriz-aje-2025\/\"]}]},{\"@type\":\"ImageObject\",\"inLanguage\":\"es\",\"@id\":\"https:\/\/ajeandalucia.org\/granada\/2025\/06\/12\/mentoriz-aje-2025\/#primaryimage\",\"url\":\"https:\/\/ajeandalucia.org\/granada\/wp-content\/uploads\/sites\/7\/2025\/06\/IMG-20250612-WA0030.jpg\",\"contentUrl\":\"https:\/\/ajeandalucia.org\/granada\/wp-content\/uploads\/sites\/7\/2025\/06\/IMG-20250612-WA0030.jpg\",\"width\":1280,\"height\":1600},{\"@type\":\"BreadcrumbList\",\"@id\":\"https:\/\/ajeandalucia.org\/granada\/2025\/06\/12\/mentoriz-aje-2025\/#breadcrumb\",\"itemListElement\":[{\"@type\":\"ListItem\",\"position\":1,\"name\":\"Portada\",\"item\":\"https:\/\/ajeandalucia.org\/granada\/\"},{\"@type\":\"ListItem\",\"position\":2,\"name\":\"Mentoriz-AJE 2025\"}]},{\"@type\":\"WebSite\",\"@id\":\"https:\/\/ajeandalucia.org\/granada\/#website\",\"url\":\"https:\/\/ajeandalucia.org\/granada\/\",\"name\":\"AJE Granada\",\"description\":\"J\u00f3venes Empresarios de Granada\",\"publisher\":{\"@id\":\"https:\/\/ajeandalucia.org\/granada\/#organization\"},\"potentialAction\":[{\"@type\":\"SearchAction\",\"target\":{\"@type\":\"EntryPoint\",\"urlTemplate\":\"https:\/\/ajeandalucia.org\/granada\/?s={search_term_string}\"},\"query-input\":{\"@type\":\"PropertyValueSpecification\",\"valueRequired\":true,\"valueName\":\"search_term_string\"}}],\"inLanguage\":\"es\"},{\"@type\":\"Organization\",\"@id\":\"https:\/\/ajeandalucia.org\/granada\/#organization\",\"name\":\"AJE Granada\",\"url\":\"https:\/\/ajeandalucia.org\/granada\/\",\"logo\":{\"@type\":\"ImageObject\",\"inLanguage\":\"es\",\"@id\":\"https:\/\/ajeandalucia.org\/granada\/#\/schema\/logo\/image\/\",\"url\":\"https:\/\/ajeandalucia.org\/granada\/wp-content\/uploads\/sites\/7\/2025\/02\/AJE-GRANADA-horizontal.png\",\"contentUrl\":\"https:\/\/ajeandalucia.org\/granada\/wp-content\/uploads\/sites\/7\/2025\/02\/AJE-GRANADA-horizontal.png\",\"width\":612,\"height\":200,\"caption\":\"AJE Granada\"},\"image\":{\"@id\":\"https:\/\/ajeandalucia.org\/granada\/#\/schema\/logo\/image\/\"}},{\"@type\":\"Person\",\"@id\":\"https:\/\/ajeandalucia.org\/granada\/#\/schema\/person\/11740bd602b2087a5d9913ce7ad3b931\",\"name\":\"granada\",\"image\":{\"@type\":\"ImageObject\",\"inLanguage\":\"es\",\"@id\":\"https:\/\/ajeandalucia.org\/granada\/#\/schema\/person\/image\/\",\"url\":\"https:\/\/secure.gravatar.com\/avatar\/d3efaa03945b79a8aad01845a3fd3b3535448eae49310ea0a5677e96e0e68b63?s=96&d=mm&r=g\",\"contentUrl\":\"https:\/\/secure.gravatar.com\/avatar\/d3efaa03945b79a8aad01845a3fd3b3535448eae49310ea0a5677e96e0e68b63?s=96&d=mm&r=g\",\"caption\":\"granada\"},\"url\":\"https:\/\/ajeandalucia.org\/granada\/author\/granada\/\"}]}<\/script>\n<!-- \/ Yoast SEO plugin. -->","yoast_head_json":{"title":"Mentoriz-AJE 2025 - AJE Granada","robots":{"index":"index","follow":"follow","max-snippet":"max-snippet:-1","max-image-preview":"max-image-preview:large","max-video-preview":"max-video-preview:-1"},"canonical":"https:\/\/ajeandalucia.org\/granada\/2025\/06\/12\/mentoriz-aje-2025\/","og_locale":"es_ES","og_type":"article","og_title":"Mentoriz-AJE 2025 - AJE Granada","og_description":"Mentoriz-AJE 2025 Mentorizaci\u00f3n gratuita para j\u00f3venes emprendedores de Granada La Asociaci\u00f3n de J\u00f3venes Empresarios de Granada (AJE Granada), en colaboraci\u00f3n [&hellip;]","og_url":"https:\/\/ajeandalucia.org\/granada\/2025\/06\/12\/mentoriz-aje-2025\/","og_site_name":"AJE Granada","article_published_time":"2025-06-12T10:58:41+00:00","article_modified_time":"2025-06-12T11:48:18+00:00","og_image":[{"width":1280,"height":1600,"url":"https:\/\/ajeandalucia.org\/granada\/wp-content\/uploads\/sites\/7\/2025\/06\/IMG-20250612-WA0030.jpg","type":"image\/jpeg"}],"author":"granada","twitter_card":"summary_large_image","twitter_misc":{"Escrito por":"granada","Tiempo de lectura":"2 minutos"},"schema":{"@context":"https:\/\/schema.org","@graph":[{"@type":"Article","@id":"https:\/\/ajeandalucia.org\/granada\/2025\/06\/12\/mentoriz-aje-2025\/#article","isPartOf":{"@id":"https:\/\/ajeandalucia.org\/granada\/2025\/06\/12\/mentoriz-aje-2025\/"},"author":{"name":"granada","@id":"https:\/\/ajeandalucia.org\/granada\/#\/schema\/person\/11740bd602b2087a5d9913ce7ad3b931"},"headline":"Mentoriz-AJE 2025","datePublished":"2025-06-12T10:58:41+00:00","dateModified":"2025-06-12T11:48:18+00:00","mainEntityOfPage":{"@id":"https:\/\/ajeandalucia.org\/granada\/2025\/06\/12\/mentoriz-aje-2025\/"},"wordCount":333,"publisher":{"@id":"https:\/\/ajeandalucia.org\/granada\/#organization"},"image":{"@id":"https:\/\/ajeandalucia.org\/granada\/2025\/06\/12\/mentoriz-aje-2025\/#primaryimage"},"thumbnailUrl":"https:\/\/ajeandalucia.org\/granada\/wp-content\/uploads\/sites\/7\/2025\/06\/IMG-20250612-WA0030.jpg","articleSection":["Destacada","Eventos","Noticias","Noticias aje"],"inLanguage":"es"},{"@type":"WebPage","@id":"https:\/\/ajeandalucia.org\/granada\/2025\/06\/12\/mentoriz-aje-2025\/","url":"https:\/\/ajeandalucia.org\/granada\/2025\/06\/12\/mentoriz-aje-2025\/","name":"Mentoriz-AJE 2025 - AJE Granada","isPartOf":{"@id":"https:\/\/ajeandalucia.org\/granada\/#website"},"primaryImageOfPage":{"@id":"https:\/\/ajeandalucia.org\/granada\/2025\/06\/12\/mentoriz-aje-2025\/#primaryimage"},"image":{"@id":"https:\/\/ajeandalucia.org\/granada\/2025\/06\/12\/mentoriz-aje-2025\/#primaryimage"},"thumbnailUrl":"https:\/\/ajeandalucia.org\/granada\/wp-content\/uploads\/sites\/7\/2025\/06\/IMG-20250612-WA0030.jpg","datePublished":"2025-06-12T10:58:41+00:00","dateModified":"2025-06-12T11:48:18+00:00","breadcrumb":{"@id":"https:\/\/ajeandalucia.org\/granada\/2025\/06\/12\/mentoriz-aje-2025\/#breadcrumb"},"inLanguage":"es","potentialAction":[{"@type":"ReadAction","target":["https:\/\/ajeandalucia.org\/granada\/2025\/06\/12\/mentoriz-aje-2025\/"]}]},{"@type":"ImageObject","inLanguage":"es","@id":"https:\/\/ajeandalucia.org\/granada\/2025\/06\/12\/mentoriz-aje-2025\/#primaryimage","url":"https:\/\/ajeandalucia.org\/granada\/wp-content\/uploads\/sites\/7\/2025\/06\/IMG-20250612-WA0030.jpg","contentUrl":"https:\/\/ajeandalucia.org\/granada\/wp-content\/uploads\/sites\/7\/2025\/06\/IMG-20250612-WA0030.jpg","width":1280,"height":1600},{"@type":"BreadcrumbList","@id":"https:\/\/ajeandalucia.org\/granada\/2025\/06\/12\/mentoriz-aje-2025\/#breadcrumb","itemListElement":[{"@type":"ListItem","position":1,"name":"Portada","item":"https:\/\/ajeandalucia.org\/granada\/"},{"@type":"ListItem","position":2,"name":"Mentoriz-AJE 2025"}]},{"@type":"WebSite","@id":"https:\/\/ajeandalucia.org\/granada\/#website","url":"https:\/\/ajeandalucia.org\/granada\/","name":"AJE Granada","description":"J\u00f3venes Empresarios de Granada","publisher":{"@id":"https:\/\/ajeandalucia.org\/granada\/#organization"},"potentialAction":[{"@type":"SearchAction","target":{"@type":"EntryPoint","urlTemplate":"https:\/\/ajeandalucia.org\/granada\/?s={search_term_string}"},"query-input":{"@type":"PropertyValueSpecification","valueRequired":true,"valueName":"search_term_string"}}],"inLanguage":"es"},{"@type":"Organization","@id":"https:\/\/ajeandalucia.org\/granada\/#organization","name":"AJE Granada","url":"https:\/\/ajeandalucia.org\/granada\/","logo":{"@type":"ImageObject","inLanguage":"es","@id":"https:\/\/ajeandalucia.org\/granada\/#\/schema\/logo\/image\/","url":"https:\/\/ajeandalucia.org\/granada\/wp-content\/uploads\/sites\/7\/2025\/02\/AJE-GRANADA-horizontal.png","contentUrl":"https:\/\/ajeandalucia.org\/granada\/wp-content\/uploads\/sites\/7\/2025\/02\/AJE-GRANADA-horizontal.png","width":612,"height":200,"caption":"AJE Granada"},"image":{"@id":"https:\/\/ajeandalucia.org\/granada\/#\/schema\/logo\/image\/"}},{"@type":"Person","@id":"https:\/\/ajeandalucia.org\/granada\/#\/schema\/person\/11740bd602b2087a5d9913ce7ad3b931","name":"granada","image":{"@type":"ImageObject","inLanguage":"es","@id":"https:\/\/ajeandalucia.org\/granada\/#\/schema\/person\/image\/","url":"https:\/\/secure.gravatar.com\/avatar\/d3efaa03945b79a8aad01845a3fd3b3535448eae49310ea0a5677e96e0e68b63?s=96&d=mm&r=g","contentUrl":"https:\/\/secure.gravatar.com\/avatar\/d3efaa03945b79a8aad01845a3fd3b3535448eae49310ea0a5677e96e0e68b63?s=96&d=mm&r=g","caption":"granada"},"url":"https:\/\/ajeandalucia.org\/granada\/author\/granada\/"}]}},"_links":{"self":[{"href":"https:\/\/ajeandalucia.org\/granada\/wp-json\/wp\/v2\/posts\/47769","targetHints":{"allow":["GET"]}}],"collection":[{"href":"https:\/\/ajeandalucia.org\/granada\/wp-json\/wp\/v2\/posts"}],"about":[{"href":"https:\/\/ajeandalucia.org\/granada\/wp-json\/wp\/v2\/types\/post"}],"author":[{"embeddable":true,"href":"https:\/\/ajeandalucia.org\/granada\/wp-json\/wp\/v2\/users\/6"}],"replies":[{"embeddable":true,"href":"https:\/\/ajeandalucia.org\/granada\/wp-json\/wp\/v2\/comments?post=47769"}],"version-history":[{"count":3,"href":"https:\/\/ajeandalucia.org\/granada\/wp-json\/wp\/v2\/posts\/47769\/revisions"}],"predecessor-version":[{"id":47780,"href":"https:\/\/ajeandalucia.org\/granada\/wp-json\/wp\/v2\/posts\/47769\/revisions\/47780"}],"wp:featuredmedia":[{"embeddable":true,"href":"https:\/\/ajeandalucia.org\/granada\/wp-json\/wp\/v2\/media\/47770"}],"wp:attachment":[{"href":"https:\/\/ajeandalucia.org\/granada\/wp-json\/wp\/v2\/media?parent=47769"}],"wp:term":[{"taxonomy":"category","embeddable":true,"href":"https:\/\/ajeandalucia.org\/granada\/wp-json\/wp\/v2\/categories?post=47769"},{"taxonomy":"post_tag","embeddable":true,"href":"https:\/\/ajeandalucia.org\/granada\/wp-json\/wp\/v2\/tags?post=47769"}],"curies":[{"name":"wp","href":"https:\/\/api.w.org\/{rel}","templated":true}]}}