{"id":47863,"date":"2025-08-01T11:14:29","date_gmt":"2025-08-01T09:14:29","guid":{"rendered":"https:\/\/ajeandalucia.org\/granada\/?p=47863"},"modified":"2025-08-01T11:14:29","modified_gmt":"2025-08-01T09:14:29","slug":"convenio-aje-hospes-palacio-de-los-patos","status":"publish","type":"post","link":"https:\/\/ajeandalucia.org\/granada\/2025\/08\/01\/convenio-aje-hospes-palacio-de-los-patos\/","title":{"rendered":"CONVENIO AJE &#8211; HOSPES PALACIO DE LOS PATOS"},"content":{"rendered":"<p data-start=\"84\" data-end=\"157\"><strong data-start=\"84\" data-end=\"157\">AJE Granada firma un nuevo convenio de colaboraci\u00f3n con Hospes Hotels<\/strong><\/p>\n<p data-start=\"159\" data-end=\"449\">AJE Granada ha firmado un convenio de colaboraci\u00f3n con <strong data-start=\"214\" data-end=\"231\">Hospes Hotels<\/strong>, una reconocida cadena hotelera que cuenta con establecimientos singulares y de alto nivel en algunas de las ciudades m\u00e1s emblem\u00e1ticas de Espa\u00f1a, entre ellas Granada, con el elegante <strong>Hotel Hospes Palacio de los Patos<\/strong>.<\/p>\n<p data-start=\"451\" data-end=\"656\">Gracias a este acuerdo, todos los asociados de AJE podr\u00e1n disfrutar de <strong data-start=\"522\" data-end=\"545\">ventajas exclusivas<\/strong> en servicios de alojamiento, restauraci\u00f3n y bienestar en cualquiera de los hoteles de la cadena Hospes Hotels.<\/p>\n<p data-start=\"658\" data-end=\"917\">Este convenio ofrece a nuestros empresarios la posibilidad de acceder a espacios \u00fanicos para el descanso, reuniones o eventos corporativos, con una atenci\u00f3n personalizada y una propuesta de valor alineada con el estilo y exigencia de los profesionales de AJE.<\/p>\n<p data-start=\"919\" data-end=\"1058\"><em>Para conocer todos los detalles y condiciones del acuerdo, <strong data-start=\"978\" data-end=\"1021\">puedes ponerte en contacto con nosotros<\/strong>. <\/em><\/p>\n<p data-start=\"919\" data-end=\"1058\"><em>Estaremos encantados de informarte<\/em><\/p>\n","protected":false},"excerpt":{"rendered":"<p>AJE Granada firma un nuevo convenio de colaboraci\u00f3n con Hospes Hotels AJE Granada ha firmado un convenio de colaboraci\u00f3n con [&hellip;]<\/p>\n","protected":false},"author":6,"featured_media":47864,"comment_status":"closed","ping_status":"open","sticky":false,"template":"","format":"standard","meta":{"_acf_changed":false,"site-sidebar-layout":"default","site-content-layout":"","ast-site-content-layout":"default","site-content-style":"default","site-sidebar-style":"default","ast-global-header-display":"","ast-banner-title-visibility":"","ast-main-header-display":"","ast-hfb-above-header-display":"","ast-hfb-below-header-display":"","ast-hfb-mobile-header-display":"","site-post-title":"","ast-breadcrumbs-content":"","ast-featured-img":"","footer-sml-layout":"","ast-disable-related-posts":"","theme-transparent-header-meta":"default","adv-header-id-meta":"","stick-header-meta":"","header-above-stick-meta":"","header-main-stick-meta":"","header-below-stick-meta":"","astra-migrate-meta-layouts":"set","ast-page-background-enabled":"default","ast-page-background-meta":{"desktop":{"background-color":"var(--ast-global-color-5)","background-image":"","background-repeat":"repeat","background-position":"center center","background-size":"auto","background-attachment":"scroll","background-type":"","background-media":"","overlay-type":"","overlay-color":"","overlay-opacity":"","overlay-gradient":""},"tablet":{"background-color":"","background-image":"","background-repeat":"repeat","background-position":"center center","background-size":"auto","background-attachment":"scroll","background-type":"","background-media":"","overlay-type":"","overlay-color":"","overlay-opacity":"","overlay-gradient":""},"mobile":{"background-color":"","background-image":"","background-repeat":"repeat","background-position":"center center","background-size":"auto","background-attachment":"scroll","background-type":"","background-media":"","overlay-type":"","overlay-color":"","overlay-opacity":"","overlay-gradient":""}},"ast-content-background-meta":{"desktop":{"background-color":"var(--ast-global-color-4)","background-image":"","background-repeat":"repeat","background-position":"center center","background-size":"auto","background-attachment":"scroll","background-type":"","background-media":"","overlay-type":"","overlay-color":"","overlay-opacity":"","overlay-gradient":""},"tablet":{"background-color":"var(--ast-global-color-4)","background-image":"","background-repeat":"repeat","background-position":"center center","background-size":"auto","background-attachment":"scroll","background-type":"","background-media":"","overlay-type":"","overlay-color":"","overlay-opacity":"","overlay-gradient":""},"mobile":{"background-color":"var(--ast-global-color-4)","background-image":"","background-repeat":"repeat","background-position":"center center","background-size":"auto","background-attachment":"scroll","background-type":"","background-media":"","overlay-type":"","overlay-color":"","overlay-opacity":"","overlay-gradient":""}},"footnotes":""},"categories":[7,89],"tags":[],"class_list":["post-47863","post","type-post","status-publish","format-standard","has-post-thumbnail","hentry","category-convenios","category-convenios-aje-granada"],"acf":[],"yoast_head":"<!-- This site is optimized with the Yoast SEO plugin v26.9 - https:\/\/yoast.com\/product\/yoast-seo-wordpress\/ -->\n<title>CONVENIO AJE - HOSPES PALACIO DE LOS PATOS - AJE Granada<\/title>\n<meta name=\"robots\" content=\"index, follow, max-snippet:-1, max-image-preview:large, max-video-preview:-1\" \/>\n<link rel=\"canonical\" href=\"https:\/\/ajeandalucia.org\/granada\/2025\/08\/01\/convenio-aje-hospes-palacio-de-los-patos\/\" \/>\n<meta property=\"og:locale\" content=\"es_ES\" \/>\n<meta property=\"og:type\" content=\"article\" \/>\n<meta property=\"og:title\" content=\"CONVENIO AJE - HOSPES PALACIO DE LOS PATOS - AJE Granada\" \/>\n<meta property=\"og:description\" content=\"AJE Granada firma un nuevo convenio de colaboraci\u00f3n con Hospes Hotels AJE Granada ha firmado un convenio de colaboraci\u00f3n con [&hellip;]\" \/>\n<meta property=\"og:url\" content=\"https:\/\/ajeandalucia.org\/granada\/2025\/08\/01\/convenio-aje-hospes-palacio-de-los-patos\/\" \/>\n<meta property=\"og:site_name\" content=\"AJE Granada\" \/>\n<meta property=\"article:published_time\" content=\"2025-08-01T09:14:29+00:00\" \/>\n<meta property=\"og:image\" content=\"https:\/\/ajeandalucia.org\/granada\/wp-content\/uploads\/sites\/7\/2025\/08\/Convenios-aje-1.png\" \/>\n\t<meta property=\"og:image:width\" content=\"1080\" \/>\n\t<meta property=\"og:image:height\" content=\"1350\" \/>\n\t<meta property=\"og:image:type\" content=\"image\/png\" \/>\n<meta name=\"author\" content=\"granada\" \/>\n<meta name=\"twitter:card\" content=\"summary_large_image\" \/>\n<meta name=\"twitter:label1\" content=\"Escrito por\" \/>\n\t<meta name=\"twitter:data1\" content=\"granada\" \/>\n\t<meta name=\"twitter:label2\" content=\"Tiempo de lectura\" \/>\n\t<meta name=\"twitter:data2\" content=\"1 minuto\" \/>\n<script type=\"application\/ld+json\" class=\"yoast-schema-graph\">{\"@context\":\"https:\/\/schema.org\",\"@graph\":[{\"@type\":\"Article\",\"@id\":\"https:\/\/ajeandalucia.org\/granada\/2025\/08\/01\/convenio-aje-hospes-palacio-de-los-patos\/#article\",\"isPartOf\":{\"@id\":\"https:\/\/ajeandalucia.org\/granada\/2025\/08\/01\/convenio-aje-hospes-palacio-de-los-patos\/\"},\"author\":{\"name\":\"granada\",\"@id\":\"https:\/\/ajeandalucia.org\/granada\/#\/schema\/person\/11740bd602b2087a5d9913ce7ad3b931\"},\"headline\":\"CONVENIO AJE &#8211; HOSPES PALACIO DE LOS PATOS\",\"datePublished\":\"2025-08-01T09:14:29+00:00\",\"mainEntityOfPage\":{\"@id\":\"https:\/\/ajeandalucia.org\/granada\/2025\/08\/01\/convenio-aje-hospes-palacio-de-los-patos\/\"},\"wordCount\":162,\"publisher\":{\"@id\":\"https:\/\/ajeandalucia.org\/granada\/#organization\"},\"image\":{\"@id\":\"https:\/\/ajeandalucia.org\/granada\/2025\/08\/01\/convenio-aje-hospes-palacio-de-los-patos\/#primaryimage\"},\"thumbnailUrl\":\"https:\/\/ajeandalucia.org\/granada\/wp-content\/uploads\/sites\/7\/2025\/08\/Convenios-aje-1.png\",\"articleSection\":[\"Convenios\",\"Convenios AJE Granada\"],\"inLanguage\":\"es\"},{\"@type\":\"WebPage\",\"@id\":\"https:\/\/ajeandalucia.org\/granada\/2025\/08\/01\/convenio-aje-hospes-palacio-de-los-patos\/\",\"url\":\"https:\/\/ajeandalucia.org\/granada\/2025\/08\/01\/convenio-aje-hospes-palacio-de-los-patos\/\",\"name\":\"CONVENIO AJE - HOSPES PALACIO DE LOS PATOS - AJE Granada\",\"isPartOf\":{\"@id\":\"https:\/\/ajeandalucia.org\/granada\/#website\"},\"primaryImageOfPage\":{\"@id\":\"https:\/\/ajeandalucia.org\/granada\/2025\/08\/01\/convenio-aje-hospes-palacio-de-los-patos\/#primaryimage\"},\"image\":{\"@id\":\"https:\/\/ajeandalucia.org\/granada\/2025\/08\/01\/convenio-aje-hospes-palacio-de-los-patos\/#primaryimage\"},\"thumbnailUrl\":\"https:\/\/ajeandalucia.org\/granada\/wp-content\/uploads\/sites\/7\/2025\/08\/Convenios-aje-1.png\",\"datePublished\":\"2025-08-01T09:14:29+00:00\",\"breadcrumb\":{\"@id\":\"https:\/\/ajeandalucia.org\/granada\/2025\/08\/01\/convenio-aje-hospes-palacio-de-los-patos\/#breadcrumb\"},\"inLanguage\":\"es\",\"potentialAction\":[{\"@type\":\"ReadAction\",\"target\":[\"https:\/\/ajeandalucia.org\/granada\/2025\/08\/01\/convenio-aje-hospes-palacio-de-los-patos\/\"]}]},{\"@type\":\"ImageObject\",\"inLanguage\":\"es\",\"@id\":\"https:\/\/ajeandalucia.org\/granada\/2025\/08\/01\/convenio-aje-hospes-palacio-de-los-patos\/#primaryimage\",\"url\":\"https:\/\/ajeandalucia.org\/granada\/wp-content\/uploads\/sites\/7\/2025\/08\/Convenios-aje-1.png\",\"contentUrl\":\"https:\/\/ajeandalucia.org\/granada\/wp-content\/uploads\/sites\/7\/2025\/08\/Convenios-aje-1.png\",\"width\":1080,\"height\":1350},{\"@type\":\"BreadcrumbList\",\"@id\":\"https:\/\/ajeandalucia.org\/granada\/2025\/08\/01\/convenio-aje-hospes-palacio-de-los-patos\/#breadcrumb\",\"itemListElement\":[{\"@type\":\"ListItem\",\"position\":1,\"name\":\"Portada\",\"item\":\"https:\/\/ajeandalucia.org\/granada\/\"},{\"@type\":\"ListItem\",\"position\":2,\"name\":\"CONVENIO AJE &#8211; HOSPES PALACIO DE LOS PATOS\"}]},{\"@type\":\"WebSite\",\"@id\":\"https:\/\/ajeandalucia.org\/granada\/#website\",\"url\":\"https:\/\/ajeandalucia.org\/granada\/\",\"name\":\"AJE Granada\",\"description\":\"J\u00f3venes Empresarios de Granada\",\"publisher\":{\"@id\":\"https:\/\/ajeandalucia.org\/granada\/#organization\"},\"potentialAction\":[{\"@type\":\"SearchAction\",\"target\":{\"@type\":\"EntryPoint\",\"urlTemplate\":\"https:\/\/ajeandalucia.org\/granada\/?s={search_term_string}\"},\"query-input\":{\"@type\":\"PropertyValueSpecification\",\"valueRequired\":true,\"valueName\":\"search_term_string\"}}],\"inLanguage\":\"es\"},{\"@type\":\"Organization\",\"@id\":\"https:\/\/ajeandalucia.org\/granada\/#organization\",\"name\":\"AJE Granada\",\"url\":\"https:\/\/ajeandalucia.org\/granada\/\",\"logo\":{\"@type\":\"ImageObject\",\"inLanguage\":\"es\",\"@id\":\"https:\/\/ajeandalucia.org\/granada\/#\/schema\/logo\/image\/\",\"url\":\"https:\/\/ajeandalucia.org\/granada\/wp-content\/uploads\/sites\/7\/2025\/02\/AJE-GRANADA-horizontal.png\",\"contentUrl\":\"https:\/\/ajeandalucia.org\/granada\/wp-content\/uploads\/sites\/7\/2025\/02\/AJE-GRANADA-horizontal.png\",\"width\":612,\"height\":200,\"caption\":\"AJE Granada\"},\"image\":{\"@id\":\"https:\/\/ajeandalucia.org\/granada\/#\/schema\/logo\/image\/\"}},{\"@type\":\"Person\",\"@id\":\"https:\/\/ajeandalucia.org\/granada\/#\/schema\/person\/11740bd602b2087a5d9913ce7ad3b931\",\"name\":\"granada\",\"image\":{\"@type\":\"ImageObject\",\"inLanguage\":\"es\",\"@id\":\"https:\/\/ajeandalucia.org\/granada\/#\/schema\/person\/image\/\",\"url\":\"https:\/\/secure.gravatar.com\/avatar\/d3efaa03945b79a8aad01845a3fd3b3535448eae49310ea0a5677e96e0e68b63?s=96&d=mm&r=g\",\"contentUrl\":\"https:\/\/secure.gravatar.com\/avatar\/d3efaa03945b79a8aad01845a3fd3b3535448eae49310ea0a5677e96e0e68b63?s=96&d=mm&r=g\",\"caption\":\"granada\"},\"url\":\"https:\/\/ajeandalucia.org\/granada\/author\/granada\/\"}]}<\/script>\n<!-- \/ Yoast SEO plugin. -->","yoast_head_json":{"title":"CONVENIO AJE - HOSPES PALACIO DE LOS PATOS - AJE Granada","robots":{"index":"index","follow":"follow","max-snippet":"max-snippet:-1","max-image-preview":"max-image-preview:large","max-video-preview":"max-video-preview:-1"},"canonical":"https:\/\/ajeandalucia.org\/granada\/2025\/08\/01\/convenio-aje-hospes-palacio-de-los-patos\/","og_locale":"es_ES","og_type":"article","og_title":"CONVENIO AJE - HOSPES PALACIO DE LOS PATOS - AJE Granada","og_description":"AJE Granada firma un nuevo convenio de colaboraci\u00f3n con Hospes Hotels AJE Granada ha firmado un convenio de colaboraci\u00f3n con [&hellip;]","og_url":"https:\/\/ajeandalucia.org\/granada\/2025\/08\/01\/convenio-aje-hospes-palacio-de-los-patos\/","og_site_name":"AJE Granada","article_published_time":"2025-08-01T09:14:29+00:00","og_image":[{"width":1080,"height":1350,"url":"https:\/\/ajeandalucia.org\/granada\/wp-content\/uploads\/sites\/7\/2025\/08\/Convenios-aje-1.png","type":"image\/png"}],"author":"granada","twitter_card":"summary_large_image","twitter_misc":{"Escrito por":"granada","Tiempo de lectura":"1 minuto"},"schema":{"@context":"https:\/\/schema.org","@graph":[{"@type":"Article","@id":"https:\/\/ajeandalucia.org\/granada\/2025\/08\/01\/convenio-aje-hospes-palacio-de-los-patos\/#article","isPartOf":{"@id":"https:\/\/ajeandalucia.org\/granada\/2025\/08\/01\/convenio-aje-hospes-palacio-de-los-patos\/"},"author":{"name":"granada","@id":"https:\/\/ajeandalucia.org\/granada\/#\/schema\/person\/11740bd602b2087a5d9913ce7ad3b931"},"headline":"CONVENIO AJE &#8211; HOSPES PALACIO DE LOS PATOS","datePublished":"2025-08-01T09:14:29+00:00","mainEntityOfPage":{"@id":"https:\/\/ajeandalucia.org\/granada\/2025\/08\/01\/convenio-aje-hospes-palacio-de-los-patos\/"},"wordCount":162,"publisher":{"@id":"https:\/\/ajeandalucia.org\/granada\/#organization"},"image":{"@id":"https:\/\/ajeandalucia.org\/granada\/2025\/08\/01\/convenio-aje-hospes-palacio-de-los-patos\/#primaryimage"},"thumbnailUrl":"https:\/\/ajeandalucia.org\/granada\/wp-content\/uploads\/sites\/7\/2025\/08\/Convenios-aje-1.png","articleSection":["Convenios","Convenios AJE Granada"],"inLanguage":"es"},{"@type":"WebPage","@id":"https:\/\/ajeandalucia.org\/granada\/2025\/08\/01\/convenio-aje-hospes-palacio-de-los-patos\/","url":"https:\/\/ajeandalucia.org\/granada\/2025\/08\/01\/convenio-aje-hospes-palacio-de-los-patos\/","name":"CONVENIO AJE - HOSPES PALACIO DE LOS PATOS - AJE Granada","isPartOf":{"@id":"https:\/\/ajeandalucia.org\/granada\/#website"},"primaryImageOfPage":{"@id":"https:\/\/ajeandalucia.org\/granada\/2025\/08\/01\/convenio-aje-hospes-palacio-de-los-patos\/#primaryimage"},"image":{"@id":"https:\/\/ajeandalucia.org\/granada\/2025\/08\/01\/convenio-aje-hospes-palacio-de-los-patos\/#primaryimage"},"thumbnailUrl":"https:\/\/ajeandalucia.org\/granada\/wp-content\/uploads\/sites\/7\/2025\/08\/Convenios-aje-1.png","datePublished":"2025-08-01T09:14:29+00:00","breadcrumb":{"@id":"https:\/\/ajeandalucia.org\/granada\/2025\/08\/01\/convenio-aje-hospes-palacio-de-los-patos\/#breadcrumb"},"inLanguage":"es","potentialAction":[{"@type":"ReadAction","target":["https:\/\/ajeandalucia.org\/granada\/2025\/08\/01\/convenio-aje-hospes-palacio-de-los-patos\/"]}]},{"@type":"ImageObject","inLanguage":"es","@id":"https:\/\/ajeandalucia.org\/granada\/2025\/08\/01\/convenio-aje-hospes-palacio-de-los-patos\/#primaryimage","url":"https:\/\/ajeandalucia.org\/granada\/wp-content\/uploads\/sites\/7\/2025\/08\/Convenios-aje-1.png","contentUrl":"https:\/\/ajeandalucia.org\/granada\/wp-content\/uploads\/sites\/7\/2025\/08\/Convenios-aje-1.png","width":1080,"height":1350},{"@type":"BreadcrumbList","@id":"https:\/\/ajeandalucia.org\/granada\/2025\/08\/01\/convenio-aje-hospes-palacio-de-los-patos\/#breadcrumb","itemListElement":[{"@type":"ListItem","position":1,"name":"Portada","item":"https:\/\/ajeandalucia.org\/granada\/"},{"@type":"ListItem","position":2,"name":"CONVENIO AJE &#8211; HOSPES PALACIO DE LOS PATOS"}]},{"@type":"WebSite","@id":"https:\/\/ajeandalucia.org\/granada\/#website","url":"https:\/\/ajeandalucia.org\/granada\/","name":"AJE Granada","description":"J\u00f3venes Empresarios de Granada","publisher":{"@id":"https:\/\/ajeandalucia.org\/granada\/#organization"},"potentialAction":[{"@type":"SearchAction","target":{"@type":"EntryPoint","urlTemplate":"https:\/\/ajeandalucia.org\/granada\/?s={search_term_string}"},"query-input":{"@type":"PropertyValueSpecification","valueRequired":true,"valueName":"search_term_string"}}],"inLanguage":"es"},{"@type":"Organization","@id":"https:\/\/ajeandalucia.org\/granada\/#organization","name":"AJE Granada","url":"https:\/\/ajeandalucia.org\/granada\/","logo":{"@type":"ImageObject","inLanguage":"es","@id":"https:\/\/ajeandalucia.org\/granada\/#\/schema\/logo\/image\/","url":"https:\/\/ajeandalucia.org\/granada\/wp-content\/uploads\/sites\/7\/2025\/02\/AJE-GRANADA-horizontal.png","contentUrl":"https:\/\/ajeandalucia.org\/granada\/wp-content\/uploads\/sites\/7\/2025\/02\/AJE-GRANADA-horizontal.png","width":612,"height":200,"caption":"AJE Granada"},"image":{"@id":"https:\/\/ajeandalucia.org\/granada\/#\/schema\/logo\/image\/"}},{"@type":"Person","@id":"https:\/\/ajeandalucia.org\/granada\/#\/schema\/person\/11740bd602b2087a5d9913ce7ad3b931","name":"granada","image":{"@type":"ImageObject","inLanguage":"es","@id":"https:\/\/ajeandalucia.org\/granada\/#\/schema\/person\/image\/","url":"https:\/\/secure.gravatar.com\/avatar\/d3efaa03945b79a8aad01845a3fd3b3535448eae49310ea0a5677e96e0e68b63?s=96&d=mm&r=g","contentUrl":"https:\/\/secure.gravatar.com\/avatar\/d3efaa03945b79a8aad01845a3fd3b3535448eae49310ea0a5677e96e0e68b63?s=96&d=mm&r=g","caption":"granada"},"url":"https:\/\/ajeandalucia.org\/granada\/author\/granada\/"}]}},"_links":{"self":[{"href":"https:\/\/ajeandalucia.org\/granada\/wp-json\/wp\/v2\/posts\/47863","targetHints":{"allow":["GET"]}}],"collection":[{"href":"https:\/\/ajeandalucia.org\/granada\/wp-json\/wp\/v2\/posts"}],"about":[{"href":"https:\/\/ajeandalucia.org\/granada\/wp-json\/wp\/v2\/types\/post"}],"author":[{"embeddable":true,"href":"https:\/\/ajeandalucia.org\/granada\/wp-json\/wp\/v2\/users\/6"}],"replies":[{"embeddable":true,"href":"https:\/\/ajeandalucia.org\/granada\/wp-json\/wp\/v2\/comments?post=47863"}],"version-history":[{"count":2,"href":"https:\/\/ajeandalucia.org\/granada\/wp-json\/wp\/v2\/posts\/47863\/revisions"}],"predecessor-version":[{"id":47866,"href":"https:\/\/ajeandalucia.org\/granada\/wp-json\/wp\/v2\/posts\/47863\/revisions\/47866"}],"wp:featuredmedia":[{"embeddable":true,"href":"https:\/\/ajeandalucia.org\/granada\/wp-json\/wp\/v2\/media\/47864"}],"wp:attachment":[{"href":"https:\/\/ajeandalucia.org\/granada\/wp-json\/wp\/v2\/media?parent=47863"}],"wp:term":[{"taxonomy":"category","embeddable":true,"href":"https:\/\/ajeandalucia.org\/granada\/wp-json\/wp\/v2\/categories?post=47863"},{"taxonomy":"post_tag","embeddable":true,"href":"https:\/\/ajeandalucia.org\/granada\/wp-json\/wp\/v2\/tags?post=47863"}],"curies":[{"name":"wp","href":"https:\/\/api.w.org\/{rel}","templated":true}]}}