{"id":5220,"date":"2012-07-31T12:25:22","date_gmt":"2012-07-31T12:25:22","guid":{"rendered":"http:\/\/www.ajeandalucia.org\/granada\/2012\/07\/31\/cuestionario-formaci%c3%b3n-aje\/"},"modified":"2012-07-31T12:25:22","modified_gmt":"2012-07-31T12:25:22","slug":"cuestionario-formaci%c3%b3n-aje","status":"publish","type":"post","link":"https:\/\/ajeandalucia.org\/granada\/2012\/07\/31\/cuestionario-formaci%c3%b3n-aje\/","title":{"rendered":"Cuestionario Formaci\u00f3n AJE"},"content":{"rendered":"\n<p align=\"center\"><strong>Cuestionario Formaci\u00f3n AJE<\/strong><strong><\/strong><\/p>\n<p align=\"center\"><strong><img loading=\"lazy\" decoding=\"async\" style=\"margin: 5px;vertical-align: top\" src=\"http:\/\/www.ajegranada.org\/wp-content\/uploads\/LOGO_AJE_GRANADA.jpg\" alt=\"LOGO_AJE_GRANADA\" width=\"200\" height=\"74\" \/>&nbsp;<\/strong><\/p>\n<p>Desde AJE Granada queremos ofreceros un <strong>Plan de Formaci\u00f3n Continua<\/strong> acorde a vuestras necesidades en materia de formaci\u00f3n. Por ello y con el fin de conocer vuestras necesidades, situaci\u00f3n actual y elaborar nuevas propuestas de formaci\u00f3n , os pedimos vuestra colaboraci\u00f3n rellenando el siguiente cuestionario. No os quitar\u00e1 m\u00e1s de 2 minutos!<\/p>\n<p align=\"center\"><strong>&nbsp;<\/strong><\/p>\n<p align=\"center\"><a href=\"https:\/\/docs.google.com\/spreadsheet\/viewform?fromEmail=true&amp;formkey=dGFkRVlXZXRKY2RhLVI5X0oxNlUxR0E6MQ\">https:\/\/docs.google.com\/spreadsheet\/viewform?fromEmail=true&amp;formkey=dGFkRVlXZXRKY2RhLVI5X0oxNlUxR0E6MQ<\/a><\/p>\n","protected":false},"excerpt":{"rendered":"<p>Cuestionario Formaci\u00f3n AJE &nbsp; Desde AJE Granada queremos ofreceros un Plan de Formaci\u00f3n Continua acorde a vuestras necesidades en materia [&hellip;]<\/p>\n","protected":false},"author":1,"featured_media":0,"comment_status":"open","ping_status":"open","sticky":false,"template":"","format":"standard","meta":{"_acf_changed":false,"site-sidebar-layout":"default","site-content-layout":"","ast-site-content-layout":"default","site-content-style":"default","site-sidebar-style":"default","ast-global-header-display":"","ast-banner-title-visibility":"","ast-main-header-display":"","ast-hfb-above-header-display":"","ast-hfb-below-header-display":"","ast-hfb-mobile-header-display":"","site-post-title":"","ast-breadcrumbs-content":"","ast-featured-img":"","footer-sml-layout":"","ast-disable-related-posts":"","theme-transparent-header-meta":"","adv-header-id-meta":"","stick-header-meta":"","header-above-stick-meta":"","header-main-stick-meta":"","header-below-stick-meta":"","astra-migrate-meta-layouts":"default","ast-page-background-enabled":"default","ast-page-background-meta":{"desktop":{"background-color":"var(--ast-global-color-5)","background-image":"","background-repeat":"repeat","background-position":"center center","background-size":"auto","background-attachment":"scroll","background-type":"","background-media":"","overlay-type":"","overlay-color":"","overlay-opacity":"","overlay-gradient":""},"tablet":{"background-color":"","background-image":"","background-repeat":"repeat","background-position":"center center","background-size":"auto","background-attachment":"scroll","background-type":"","background-media":"","overlay-type":"","overlay-color":"","overlay-opacity":"","overlay-gradient":""},"mobile":{"background-color":"","background-image":"","background-repeat":"repeat","background-position":"center center","background-size":"auto","background-attachment":"scroll","background-type":"","background-media":"","overlay-type":"","overlay-color":"","overlay-opacity":"","overlay-gradient":""}},"ast-content-background-meta":{"desktop":{"background-color":"var(--ast-global-color-4)","background-image":"","background-repeat":"repeat","background-position":"center center","background-size":"auto","background-attachment":"scroll","background-type":"","background-media":"","overlay-type":"","overlay-color":"","overlay-opacity":"","overlay-gradient":""},"tablet":{"background-color":"var(--ast-global-color-4)","background-image":"","background-repeat":"repeat","background-position":"center center","background-size":"auto","background-attachment":"scroll","background-type":"","background-media":"","overlay-type":"","overlay-color":"","overlay-opacity":"","overlay-gradient":""},"mobile":{"background-color":"var(--ast-global-color-4)","background-image":"","background-repeat":"repeat","background-position":"center center","background-size":"auto","background-attachment":"scroll","background-type":"","background-media":"","overlay-type":"","overlay-color":"","overlay-opacity":"","overlay-gradient":""}},"footnotes":""},"categories":[8],"tags":[96,94],"class_list":["post-5220","post","type-post","status-publish","format-standard","hentry","category-noticias","tag-formacion-2","tag-granada"],"acf":[],"yoast_head":"<!-- This site is optimized with the Yoast SEO plugin v26.9 - https:\/\/yoast.com\/product\/yoast-seo-wordpress\/ -->\n<title>Cuestionario Formaci\u00f3n AJE - AJE Granada<\/title>\n<meta name=\"robots\" content=\"index, follow, max-snippet:-1, max-image-preview:large, max-video-preview:-1\" \/>\n<link rel=\"canonical\" href=\"https:\/\/ajeandalucia.org\/granada\/2012\/07\/31\/cuestionario-formaci\u00f3n-aje\/\" \/>\n<meta property=\"og:locale\" content=\"es_ES\" \/>\n<meta property=\"og:type\" content=\"article\" \/>\n<meta property=\"og:title\" content=\"Cuestionario Formaci\u00f3n AJE - AJE Granada\" \/>\n<meta property=\"og:description\" content=\"Cuestionario Formaci\u00f3n AJE &nbsp; Desde AJE Granada queremos ofreceros un Plan de Formaci\u00f3n Continua acorde a vuestras necesidades en materia [&hellip;]\" \/>\n<meta property=\"og:url\" content=\"https:\/\/ajeandalucia.org\/granada\/2012\/07\/31\/cuestionario-formaci\u00f3n-aje\/\" \/>\n<meta property=\"og:site_name\" content=\"AJE Granada\" \/>\n<meta property=\"article:published_time\" content=\"2012-07-31T12:25:22+00:00\" \/>\n<meta property=\"og:image\" content=\"http:\/\/www.ajegranada.org\/wp-content\/uploads\/LOGO_AJE_GRANADA.jpg\" \/>\n<meta name=\"twitter:card\" content=\"summary_large_image\" \/>\n<meta name=\"twitter:label1\" content=\"Escrito por\" \/>\n\t<meta name=\"twitter:data1\" content=\"\" \/>\n<script type=\"application\/ld+json\" class=\"yoast-schema-graph\">{\"@context\":\"https:\/\/schema.org\",\"@graph\":[{\"@type\":\"Article\",\"@id\":\"https:\/\/ajeandalucia.org\/granada\/2012\/07\/31\/cuestionario-formaci%c3%b3n-aje\/#article\",\"isPartOf\":{\"@id\":\"https:\/\/ajeandalucia.org\/granada\/2012\/07\/31\/cuestionario-formaci%c3%b3n-aje\/\"},\"author\":{\"name\":\"\",\"@id\":\"\"},\"headline\":\"Cuestionario Formaci\u00f3n AJE\",\"datePublished\":\"2012-07-31T12:25:22+00:00\",\"mainEntityOfPage\":{\"@id\":\"https:\/\/ajeandalucia.org\/granada\/2012\/07\/31\/cuestionario-formaci%c3%b3n-aje\/\"},\"wordCount\":82,\"commentCount\":0,\"publisher\":{\"@id\":\"https:\/\/ajeandalucia.org\/granada\/#organization\"},\"image\":{\"@id\":\"https:\/\/ajeandalucia.org\/granada\/2012\/07\/31\/cuestionario-formaci%c3%b3n-aje\/#primaryimage\"},\"thumbnailUrl\":\"http:\/\/www.ajegranada.org\/wp-content\/uploads\/LOGO_AJE_GRANADA.jpg\",\"keywords\":[\"Formaci\u00f3n\",\"Granada\"],\"articleSection\":[\"Noticias\"],\"inLanguage\":\"es\",\"potentialAction\":[{\"@type\":\"CommentAction\",\"name\":\"Comment\",\"target\":[\"https:\/\/ajeandalucia.org\/granada\/2012\/07\/31\/cuestionario-formaci%c3%b3n-aje\/#respond\"]}]},{\"@type\":\"WebPage\",\"@id\":\"https:\/\/ajeandalucia.org\/granada\/2012\/07\/31\/cuestionario-formaci%c3%b3n-aje\/\",\"url\":\"https:\/\/ajeandalucia.org\/granada\/2012\/07\/31\/cuestionario-formaci%c3%b3n-aje\/\",\"name\":\"Cuestionario Formaci\u00f3n AJE - AJE Granada\",\"isPartOf\":{\"@id\":\"https:\/\/ajeandalucia.org\/granada\/#website\"},\"primaryImageOfPage\":{\"@id\":\"https:\/\/ajeandalucia.org\/granada\/2012\/07\/31\/cuestionario-formaci%c3%b3n-aje\/#primaryimage\"},\"image\":{\"@id\":\"https:\/\/ajeandalucia.org\/granada\/2012\/07\/31\/cuestionario-formaci%c3%b3n-aje\/#primaryimage\"},\"thumbnailUrl\":\"http:\/\/www.ajegranada.org\/wp-content\/uploads\/LOGO_AJE_GRANADA.jpg\",\"datePublished\":\"2012-07-31T12:25:22+00:00\",\"breadcrumb\":{\"@id\":\"https:\/\/ajeandalucia.org\/granada\/2012\/07\/31\/cuestionario-formaci%c3%b3n-aje\/#breadcrumb\"},\"inLanguage\":\"es\",\"potentialAction\":[{\"@type\":\"ReadAction\",\"target\":[\"https:\/\/ajeandalucia.org\/granada\/2012\/07\/31\/cuestionario-formaci%c3%b3n-aje\/\"]}]},{\"@type\":\"ImageObject\",\"inLanguage\":\"es\",\"@id\":\"https:\/\/ajeandalucia.org\/granada\/2012\/07\/31\/cuestionario-formaci%c3%b3n-aje\/#primaryimage\",\"url\":\"http:\/\/www.ajegranada.org\/wp-content\/uploads\/LOGO_AJE_GRANADA.jpg\",\"contentUrl\":\"http:\/\/www.ajegranada.org\/wp-content\/uploads\/LOGO_AJE_GRANADA.jpg\"},{\"@type\":\"BreadcrumbList\",\"@id\":\"https:\/\/ajeandalucia.org\/granada\/2012\/07\/31\/cuestionario-formaci%c3%b3n-aje\/#breadcrumb\",\"itemListElement\":[{\"@type\":\"ListItem\",\"position\":1,\"name\":\"Portada\",\"item\":\"https:\/\/ajeandalucia.org\/granada\/\"},{\"@type\":\"ListItem\",\"position\":2,\"name\":\"Cuestionario Formaci\u00f3n AJE\"}]},{\"@type\":\"WebSite\",\"@id\":\"https:\/\/ajeandalucia.org\/granada\/#website\",\"url\":\"https:\/\/ajeandalucia.org\/granada\/\",\"name\":\"AJE Granada\",\"description\":\"J\u00f3venes Empresarios de Granada\",\"publisher\":{\"@id\":\"https:\/\/ajeandalucia.org\/granada\/#organization\"},\"potentialAction\":[{\"@type\":\"SearchAction\",\"target\":{\"@type\":\"EntryPoint\",\"urlTemplate\":\"https:\/\/ajeandalucia.org\/granada\/?s={search_term_string}\"},\"query-input\":{\"@type\":\"PropertyValueSpecification\",\"valueRequired\":true,\"valueName\":\"search_term_string\"}}],\"inLanguage\":\"es\"},{\"@type\":\"Organization\",\"@id\":\"https:\/\/ajeandalucia.org\/granada\/#organization\",\"name\":\"AJE Granada\",\"url\":\"https:\/\/ajeandalucia.org\/granada\/\",\"logo\":{\"@type\":\"ImageObject\",\"inLanguage\":\"es\",\"@id\":\"https:\/\/ajeandalucia.org\/granada\/#\/schema\/logo\/image\/\",\"url\":\"https:\/\/ajeandalucia.org\/granada\/wp-content\/uploads\/sites\/7\/2025\/02\/AJE-GRANADA-horizontal.png\",\"contentUrl\":\"https:\/\/ajeandalucia.org\/granada\/wp-content\/uploads\/sites\/7\/2025\/02\/AJE-GRANADA-horizontal.png\",\"width\":612,\"height\":200,\"caption\":\"AJE Granada\"},\"image\":{\"@id\":\"https:\/\/ajeandalucia.org\/granada\/#\/schema\/logo\/image\/\"}},{\"@type\":\"Person\",\"@id\":\"\",\"url\":\"https:\/\/ajeandalucia.org\/granada\/author\/\"}]}<\/script>\n<!-- \/ Yoast SEO plugin. -->","yoast_head_json":{"title":"Cuestionario Formaci\u00f3n AJE - AJE Granada","robots":{"index":"index","follow":"follow","max-snippet":"max-snippet:-1","max-image-preview":"max-image-preview:large","max-video-preview":"max-video-preview:-1"},"canonical":"https:\/\/ajeandalucia.org\/granada\/2012\/07\/31\/cuestionario-formaci\u00f3n-aje\/","og_locale":"es_ES","og_type":"article","og_title":"Cuestionario Formaci\u00f3n AJE - AJE Granada","og_description":"Cuestionario Formaci\u00f3n AJE &nbsp; Desde AJE Granada queremos ofreceros un Plan de Formaci\u00f3n Continua acorde a vuestras necesidades en materia [&hellip;]","og_url":"https:\/\/ajeandalucia.org\/granada\/2012\/07\/31\/cuestionario-formaci\u00f3n-aje\/","og_site_name":"AJE Granada","article_published_time":"2012-07-31T12:25:22+00:00","og_image":[{"url":"http:\/\/www.ajegranada.org\/wp-content\/uploads\/LOGO_AJE_GRANADA.jpg","type":"","width":"","height":""}],"twitter_card":"summary_large_image","twitter_misc":{"Escrito por":""},"schema":{"@context":"https:\/\/schema.org","@graph":[{"@type":"Article","@id":"https:\/\/ajeandalucia.org\/granada\/2012\/07\/31\/cuestionario-formaci%c3%b3n-aje\/#article","isPartOf":{"@id":"https:\/\/ajeandalucia.org\/granada\/2012\/07\/31\/cuestionario-formaci%c3%b3n-aje\/"},"author":{"name":"","@id":""},"headline":"Cuestionario Formaci\u00f3n AJE","datePublished":"2012-07-31T12:25:22+00:00","mainEntityOfPage":{"@id":"https:\/\/ajeandalucia.org\/granada\/2012\/07\/31\/cuestionario-formaci%c3%b3n-aje\/"},"wordCount":82,"commentCount":0,"publisher":{"@id":"https:\/\/ajeandalucia.org\/granada\/#organization"},"image":{"@id":"https:\/\/ajeandalucia.org\/granada\/2012\/07\/31\/cuestionario-formaci%c3%b3n-aje\/#primaryimage"},"thumbnailUrl":"http:\/\/www.ajegranada.org\/wp-content\/uploads\/LOGO_AJE_GRANADA.jpg","keywords":["Formaci\u00f3n","Granada"],"articleSection":["Noticias"],"inLanguage":"es","potentialAction":[{"@type":"CommentAction","name":"Comment","target":["https:\/\/ajeandalucia.org\/granada\/2012\/07\/31\/cuestionario-formaci%c3%b3n-aje\/#respond"]}]},{"@type":"WebPage","@id":"https:\/\/ajeandalucia.org\/granada\/2012\/07\/31\/cuestionario-formaci%c3%b3n-aje\/","url":"https:\/\/ajeandalucia.org\/granada\/2012\/07\/31\/cuestionario-formaci%c3%b3n-aje\/","name":"Cuestionario Formaci\u00f3n AJE - AJE Granada","isPartOf":{"@id":"https:\/\/ajeandalucia.org\/granada\/#website"},"primaryImageOfPage":{"@id":"https:\/\/ajeandalucia.org\/granada\/2012\/07\/31\/cuestionario-formaci%c3%b3n-aje\/#primaryimage"},"image":{"@id":"https:\/\/ajeandalucia.org\/granada\/2012\/07\/31\/cuestionario-formaci%c3%b3n-aje\/#primaryimage"},"thumbnailUrl":"http:\/\/www.ajegranada.org\/wp-content\/uploads\/LOGO_AJE_GRANADA.jpg","datePublished":"2012-07-31T12:25:22+00:00","breadcrumb":{"@id":"https:\/\/ajeandalucia.org\/granada\/2012\/07\/31\/cuestionario-formaci%c3%b3n-aje\/#breadcrumb"},"inLanguage":"es","potentialAction":[{"@type":"ReadAction","target":["https:\/\/ajeandalucia.org\/granada\/2012\/07\/31\/cuestionario-formaci%c3%b3n-aje\/"]}]},{"@type":"ImageObject","inLanguage":"es","@id":"https:\/\/ajeandalucia.org\/granada\/2012\/07\/31\/cuestionario-formaci%c3%b3n-aje\/#primaryimage","url":"http:\/\/www.ajegranada.org\/wp-content\/uploads\/LOGO_AJE_GRANADA.jpg","contentUrl":"http:\/\/www.ajegranada.org\/wp-content\/uploads\/LOGO_AJE_GRANADA.jpg"},{"@type":"BreadcrumbList","@id":"https:\/\/ajeandalucia.org\/granada\/2012\/07\/31\/cuestionario-formaci%c3%b3n-aje\/#breadcrumb","itemListElement":[{"@type":"ListItem","position":1,"name":"Portada","item":"https:\/\/ajeandalucia.org\/granada\/"},{"@type":"ListItem","position":2,"name":"Cuestionario Formaci\u00f3n AJE"}]},{"@type":"WebSite","@id":"https:\/\/ajeandalucia.org\/granada\/#website","url":"https:\/\/ajeandalucia.org\/granada\/","name":"AJE Granada","description":"J\u00f3venes Empresarios de Granada","publisher":{"@id":"https:\/\/ajeandalucia.org\/granada\/#organization"},"potentialAction":[{"@type":"SearchAction","target":{"@type":"EntryPoint","urlTemplate":"https:\/\/ajeandalucia.org\/granada\/?s={search_term_string}"},"query-input":{"@type":"PropertyValueSpecification","valueRequired":true,"valueName":"search_term_string"}}],"inLanguage":"es"},{"@type":"Organization","@id":"https:\/\/ajeandalucia.org\/granada\/#organization","name":"AJE Granada","url":"https:\/\/ajeandalucia.org\/granada\/","logo":{"@type":"ImageObject","inLanguage":"es","@id":"https:\/\/ajeandalucia.org\/granada\/#\/schema\/logo\/image\/","url":"https:\/\/ajeandalucia.org\/granada\/wp-content\/uploads\/sites\/7\/2025\/02\/AJE-GRANADA-horizontal.png","contentUrl":"https:\/\/ajeandalucia.org\/granada\/wp-content\/uploads\/sites\/7\/2025\/02\/AJE-GRANADA-horizontal.png","width":612,"height":200,"caption":"AJE Granada"},"image":{"@id":"https:\/\/ajeandalucia.org\/granada\/#\/schema\/logo\/image\/"}},{"@type":"Person","@id":"","url":"https:\/\/ajeandalucia.org\/granada\/author\/"}]}},"_links":{"self":[{"href":"https:\/\/ajeandalucia.org\/granada\/wp-json\/wp\/v2\/posts\/5220","targetHints":{"allow":["GET"]}}],"collection":[{"href":"https:\/\/ajeandalucia.org\/granada\/wp-json\/wp\/v2\/posts"}],"about":[{"href":"https:\/\/ajeandalucia.org\/granada\/wp-json\/wp\/v2\/types\/post"}],"author":[{"embeddable":true,"href":"https:\/\/ajeandalucia.org\/granada\/wp-json\/wp\/v2\/users\/1"}],"replies":[{"embeddable":true,"href":"https:\/\/ajeandalucia.org\/granada\/wp-json\/wp\/v2\/comments?post=5220"}],"version-history":[{"count":0,"href":"https:\/\/ajeandalucia.org\/granada\/wp-json\/wp\/v2\/posts\/5220\/revisions"}],"wp:attachment":[{"href":"https:\/\/ajeandalucia.org\/granada\/wp-json\/wp\/v2\/media?parent=5220"}],"wp:term":[{"taxonomy":"category","embeddable":true,"href":"https:\/\/ajeandalucia.org\/granada\/wp-json\/wp\/v2\/categories?post=5220"},{"taxonomy":"post_tag","embeddable":true,"href":"https:\/\/ajeandalucia.org\/granada\/wp-json\/wp\/v2\/tags?post=5220"}],"curies":[{"name":"wp","href":"https:\/\/api.w.org\/{rel}","templated":true}]}}