{"id":5226,"date":"2012-09-06T11:58:18","date_gmt":"2012-09-06T11:58:18","guid":{"rendered":"http:\/\/www.ajeandalucia.org\/granada\/2012\/09\/06\/curso-community-manager-combo-comunicaci%c3%b3n\/"},"modified":"2012-09-06T11:58:18","modified_gmt":"2012-09-06T11:58:18","slug":"curso-community-manager-combo-comunicaci%c3%b3n","status":"publish","type":"post","link":"https:\/\/ajeandalucia.org\/granada\/2012\/09\/06\/curso-community-manager-combo-comunicaci%c3%b3n\/","title":{"rendered":"Curso Community Manager Combo Comunicaci\u00f3n"},"content":{"rendered":"\n<p><img loading=\"lazy\" decoding=\"async\" style=\"margin: 5px auto;vertical-align: top\" src=\"http:\/\/www.ajegranada.org\/wp-content\/uploads\/combo_comunicacion.jpg\" alt=\"combo_comunicacion\" width=\"200\" height=\"55\" \/><\/p>\n<p>Os informamos que nuestro asociado Combo Comunicaci\u00f3n organiza un curso de community manager, que tendr\u00e1 lugar en Granada del 10 al 14 de septiembre (lugar a\u00fan pendiente de determinar), en horario de 10.00h a 14.00h. El curso ser\u00e1 impartido por Comunicanova Formaci\u00f3n y las ponentes ser\u00e1n Maria Jose Segura y Lucia Palomo Gil.<\/p>\n<p><!--more--><\/p>\n<p>El precio del curso es de 260 Euros, no obstante se realizar\u00e1 una <strong>bonificaci\u00f3n del 10%<\/strong> a todos aquellos que sean asociados de AJE.<\/p>\n<p>Para m\u00e1s informaci\u00f3n del curso y de sus contenidos , consultar documento adjunto.<\/p>\n<p>Informaci\u00f3n y reservas:<\/p>\n<p>Juan Aguilar<\/p>\n<p>Telf.: 662193304<\/p>\n<p><a href=\"mailto:comercial@juan_combo\">comercial@juan_combo<\/a><\/p>\n","protected":false},"excerpt":{"rendered":"<p>Os informamos que nuestro asociado Combo Comunicaci\u00f3n organiza un curso de community manager, que tendr\u00e1 lugar en Granada del 10 [&hellip;]<\/p>\n","protected":false},"author":1,"featured_media":0,"comment_status":"open","ping_status":"open","sticky":false,"template":"","format":"standard","meta":{"_acf_changed":false,"site-sidebar-layout":"default","site-content-layout":"","ast-site-content-layout":"default","site-content-style":"default","site-sidebar-style":"default","ast-global-header-display":"","ast-banner-title-visibility":"","ast-main-header-display":"","ast-hfb-above-header-display":"","ast-hfb-below-header-display":"","ast-hfb-mobile-header-display":"","site-post-title":"","ast-breadcrumbs-content":"","ast-featured-img":"","footer-sml-layout":"","ast-disable-related-posts":"","theme-transparent-header-meta":"","adv-header-id-meta":"","stick-header-meta":"","header-above-stick-meta":"","header-main-stick-meta":"","header-below-stick-meta":"","astra-migrate-meta-layouts":"default","ast-page-background-enabled":"default","ast-page-background-meta":{"desktop":{"background-color":"var(--ast-global-color-5)","background-image":"","background-repeat":"repeat","background-position":"center center","background-size":"auto","background-attachment":"scroll","background-type":"","background-media":"","overlay-type":"","overlay-color":"","overlay-opacity":"","overlay-gradient":""},"tablet":{"background-color":"","background-image":"","background-repeat":"repeat","background-position":"center center","background-size":"auto","background-attachment":"scroll","background-type":"","background-media":"","overlay-type":"","overlay-color":"","overlay-opacity":"","overlay-gradient":""},"mobile":{"background-color":"","background-image":"","background-repeat":"repeat","background-position":"center center","background-size":"auto","background-attachment":"scroll","background-type":"","background-media":"","overlay-type":"","overlay-color":"","overlay-opacity":"","overlay-gradient":""}},"ast-content-background-meta":{"desktop":{"background-color":"var(--ast-global-color-4)","background-image":"","background-repeat":"repeat","background-position":"center center","background-size":"auto","background-attachment":"scroll","background-type":"","background-media":"","overlay-type":"","overlay-color":"","overlay-opacity":"","overlay-gradient":""},"tablet":{"background-color":"var(--ast-global-color-4)","background-image":"","background-repeat":"repeat","background-position":"center center","background-size":"auto","background-attachment":"scroll","background-type":"","background-media":"","overlay-type":"","overlay-color":"","overlay-opacity":"","overlay-gradient":""},"mobile":{"background-color":"var(--ast-global-color-4)","background-image":"","background-repeat":"repeat","background-position":"center center","background-size":"auto","background-attachment":"scroll","background-type":"","background-media":"","overlay-type":"","overlay-color":"","overlay-opacity":"","overlay-gradient":""}},"footnotes":""},"categories":[8],"tags":[112,96,94],"class_list":["post-5226","post","type-post","status-publish","format-standard","hentry","category-noticias","tag-community-manager","tag-formacion-2","tag-granada"],"acf":[],"yoast_head":"<!-- This site is optimized with the Yoast SEO plugin v26.9 - https:\/\/yoast.com\/product\/yoast-seo-wordpress\/ -->\n<title>Curso Community Manager Combo Comunicaci\u00f3n - AJE Granada<\/title>\n<meta name=\"robots\" content=\"index, follow, max-snippet:-1, max-image-preview:large, max-video-preview:-1\" \/>\n<link rel=\"canonical\" href=\"https:\/\/ajeandalucia.org\/granada\/2012\/09\/06\/curso-community-manager-combo-comunicaci\u00f3n\/\" \/>\n<meta property=\"og:locale\" content=\"es_ES\" \/>\n<meta property=\"og:type\" content=\"article\" \/>\n<meta property=\"og:title\" content=\"Curso Community Manager Combo Comunicaci\u00f3n - AJE Granada\" \/>\n<meta property=\"og:description\" content=\"Os informamos que nuestro asociado Combo Comunicaci\u00f3n organiza un curso de community manager, que tendr\u00e1 lugar en Granada del 10 [&hellip;]\" \/>\n<meta property=\"og:url\" content=\"https:\/\/ajeandalucia.org\/granada\/2012\/09\/06\/curso-community-manager-combo-comunicaci\u00f3n\/\" \/>\n<meta property=\"og:site_name\" content=\"AJE Granada\" \/>\n<meta property=\"article:published_time\" content=\"2012-09-06T11:58:18+00:00\" \/>\n<meta property=\"og:image\" content=\"http:\/\/www.ajegranada.org\/wp-content\/uploads\/combo_comunicacion.jpg\" \/>\n<meta name=\"twitter:card\" content=\"summary_large_image\" \/>\n<meta name=\"twitter:label1\" content=\"Escrito por\" \/>\n\t<meta name=\"twitter:data1\" content=\"\" \/>\n\t<meta name=\"twitter:label2\" content=\"Tiempo de lectura\" \/>\n\t<meta name=\"twitter:data2\" content=\"1 minuto\" \/>\n<script type=\"application\/ld+json\" class=\"yoast-schema-graph\">{\"@context\":\"https:\/\/schema.org\",\"@graph\":[{\"@type\":\"Article\",\"@id\":\"https:\/\/ajeandalucia.org\/granada\/2012\/09\/06\/curso-community-manager-combo-comunicaci%c3%b3n\/#article\",\"isPartOf\":{\"@id\":\"https:\/\/ajeandalucia.org\/granada\/2012\/09\/06\/curso-community-manager-combo-comunicaci%c3%b3n\/\"},\"author\":{\"name\":\"\",\"@id\":\"\"},\"headline\":\"Curso Community Manager Combo Comunicaci\u00f3n\",\"datePublished\":\"2012-09-06T11:58:18+00:00\",\"mainEntityOfPage\":{\"@id\":\"https:\/\/ajeandalucia.org\/granada\/2012\/09\/06\/curso-community-manager-combo-comunicaci%c3%b3n\/\"},\"wordCount\":108,\"commentCount\":0,\"publisher\":{\"@id\":\"https:\/\/ajeandalucia.org\/granada\/#organization\"},\"image\":{\"@id\":\"https:\/\/ajeandalucia.org\/granada\/2012\/09\/06\/curso-community-manager-combo-comunicaci%c3%b3n\/#primaryimage\"},\"thumbnailUrl\":\"http:\/\/www.ajegranada.org\/wp-content\/uploads\/combo_comunicacion.jpg\",\"keywords\":[\"Community Manager\",\"Formaci\u00f3n\",\"Granada\"],\"articleSection\":[\"Noticias\"],\"inLanguage\":\"es\",\"potentialAction\":[{\"@type\":\"CommentAction\",\"name\":\"Comment\",\"target\":[\"https:\/\/ajeandalucia.org\/granada\/2012\/09\/06\/curso-community-manager-combo-comunicaci%c3%b3n\/#respond\"]}]},{\"@type\":\"WebPage\",\"@id\":\"https:\/\/ajeandalucia.org\/granada\/2012\/09\/06\/curso-community-manager-combo-comunicaci%c3%b3n\/\",\"url\":\"https:\/\/ajeandalucia.org\/granada\/2012\/09\/06\/curso-community-manager-combo-comunicaci%c3%b3n\/\",\"name\":\"Curso Community Manager Combo Comunicaci\u00f3n - AJE Granada\",\"isPartOf\":{\"@id\":\"https:\/\/ajeandalucia.org\/granada\/#website\"},\"primaryImageOfPage\":{\"@id\":\"https:\/\/ajeandalucia.org\/granada\/2012\/09\/06\/curso-community-manager-combo-comunicaci%c3%b3n\/#primaryimage\"},\"image\":{\"@id\":\"https:\/\/ajeandalucia.org\/granada\/2012\/09\/06\/curso-community-manager-combo-comunicaci%c3%b3n\/#primaryimage\"},\"thumbnailUrl\":\"http:\/\/www.ajegranada.org\/wp-content\/uploads\/combo_comunicacion.jpg\",\"datePublished\":\"2012-09-06T11:58:18+00:00\",\"breadcrumb\":{\"@id\":\"https:\/\/ajeandalucia.org\/granada\/2012\/09\/06\/curso-community-manager-combo-comunicaci%c3%b3n\/#breadcrumb\"},\"inLanguage\":\"es\",\"potentialAction\":[{\"@type\":\"ReadAction\",\"target\":[\"https:\/\/ajeandalucia.org\/granada\/2012\/09\/06\/curso-community-manager-combo-comunicaci%c3%b3n\/\"]}]},{\"@type\":\"ImageObject\",\"inLanguage\":\"es\",\"@id\":\"https:\/\/ajeandalucia.org\/granada\/2012\/09\/06\/curso-community-manager-combo-comunicaci%c3%b3n\/#primaryimage\",\"url\":\"http:\/\/www.ajegranada.org\/wp-content\/uploads\/combo_comunicacion.jpg\",\"contentUrl\":\"http:\/\/www.ajegranada.org\/wp-content\/uploads\/combo_comunicacion.jpg\"},{\"@type\":\"BreadcrumbList\",\"@id\":\"https:\/\/ajeandalucia.org\/granada\/2012\/09\/06\/curso-community-manager-combo-comunicaci%c3%b3n\/#breadcrumb\",\"itemListElement\":[{\"@type\":\"ListItem\",\"position\":1,\"name\":\"Portada\",\"item\":\"https:\/\/ajeandalucia.org\/granada\/\"},{\"@type\":\"ListItem\",\"position\":2,\"name\":\"Curso Community Manager Combo Comunicaci\u00f3n\"}]},{\"@type\":\"WebSite\",\"@id\":\"https:\/\/ajeandalucia.org\/granada\/#website\",\"url\":\"https:\/\/ajeandalucia.org\/granada\/\",\"name\":\"AJE Granada\",\"description\":\"J\u00f3venes Empresarios de Granada\",\"publisher\":{\"@id\":\"https:\/\/ajeandalucia.org\/granada\/#organization\"},\"potentialAction\":[{\"@type\":\"SearchAction\",\"target\":{\"@type\":\"EntryPoint\",\"urlTemplate\":\"https:\/\/ajeandalucia.org\/granada\/?s={search_term_string}\"},\"query-input\":{\"@type\":\"PropertyValueSpecification\",\"valueRequired\":true,\"valueName\":\"search_term_string\"}}],\"inLanguage\":\"es\"},{\"@type\":\"Organization\",\"@id\":\"https:\/\/ajeandalucia.org\/granada\/#organization\",\"name\":\"AJE Granada\",\"url\":\"https:\/\/ajeandalucia.org\/granada\/\",\"logo\":{\"@type\":\"ImageObject\",\"inLanguage\":\"es\",\"@id\":\"https:\/\/ajeandalucia.org\/granada\/#\/schema\/logo\/image\/\",\"url\":\"https:\/\/ajeandalucia.org\/granada\/wp-content\/uploads\/sites\/7\/2025\/02\/AJE-GRANADA-horizontal.png\",\"contentUrl\":\"https:\/\/ajeandalucia.org\/granada\/wp-content\/uploads\/sites\/7\/2025\/02\/AJE-GRANADA-horizontal.png\",\"width\":612,\"height\":200,\"caption\":\"AJE Granada\"},\"image\":{\"@id\":\"https:\/\/ajeandalucia.org\/granada\/#\/schema\/logo\/image\/\"}},{\"@type\":\"Person\",\"@id\":\"\",\"url\":\"https:\/\/ajeandalucia.org\/granada\/author\/\"}]}<\/script>\n<!-- \/ Yoast SEO plugin. -->","yoast_head_json":{"title":"Curso Community Manager Combo Comunicaci\u00f3n - AJE Granada","robots":{"index":"index","follow":"follow","max-snippet":"max-snippet:-1","max-image-preview":"max-image-preview:large","max-video-preview":"max-video-preview:-1"},"canonical":"https:\/\/ajeandalucia.org\/granada\/2012\/09\/06\/curso-community-manager-combo-comunicaci\u00f3n\/","og_locale":"es_ES","og_type":"article","og_title":"Curso Community Manager Combo Comunicaci\u00f3n - AJE Granada","og_description":"Os informamos que nuestro asociado Combo Comunicaci\u00f3n organiza un curso de community manager, que tendr\u00e1 lugar en Granada del 10 [&hellip;]","og_url":"https:\/\/ajeandalucia.org\/granada\/2012\/09\/06\/curso-community-manager-combo-comunicaci\u00f3n\/","og_site_name":"AJE Granada","article_published_time":"2012-09-06T11:58:18+00:00","og_image":[{"url":"http:\/\/www.ajegranada.org\/wp-content\/uploads\/combo_comunicacion.jpg","type":"","width":"","height":""}],"twitter_card":"summary_large_image","twitter_misc":{"Escrito por":"","Tiempo de lectura":"1 minuto"},"schema":{"@context":"https:\/\/schema.org","@graph":[{"@type":"Article","@id":"https:\/\/ajeandalucia.org\/granada\/2012\/09\/06\/curso-community-manager-combo-comunicaci%c3%b3n\/#article","isPartOf":{"@id":"https:\/\/ajeandalucia.org\/granada\/2012\/09\/06\/curso-community-manager-combo-comunicaci%c3%b3n\/"},"author":{"name":"","@id":""},"headline":"Curso Community Manager Combo Comunicaci\u00f3n","datePublished":"2012-09-06T11:58:18+00:00","mainEntityOfPage":{"@id":"https:\/\/ajeandalucia.org\/granada\/2012\/09\/06\/curso-community-manager-combo-comunicaci%c3%b3n\/"},"wordCount":108,"commentCount":0,"publisher":{"@id":"https:\/\/ajeandalucia.org\/granada\/#organization"},"image":{"@id":"https:\/\/ajeandalucia.org\/granada\/2012\/09\/06\/curso-community-manager-combo-comunicaci%c3%b3n\/#primaryimage"},"thumbnailUrl":"http:\/\/www.ajegranada.org\/wp-content\/uploads\/combo_comunicacion.jpg","keywords":["Community Manager","Formaci\u00f3n","Granada"],"articleSection":["Noticias"],"inLanguage":"es","potentialAction":[{"@type":"CommentAction","name":"Comment","target":["https:\/\/ajeandalucia.org\/granada\/2012\/09\/06\/curso-community-manager-combo-comunicaci%c3%b3n\/#respond"]}]},{"@type":"WebPage","@id":"https:\/\/ajeandalucia.org\/granada\/2012\/09\/06\/curso-community-manager-combo-comunicaci%c3%b3n\/","url":"https:\/\/ajeandalucia.org\/granada\/2012\/09\/06\/curso-community-manager-combo-comunicaci%c3%b3n\/","name":"Curso Community Manager Combo Comunicaci\u00f3n - AJE Granada","isPartOf":{"@id":"https:\/\/ajeandalucia.org\/granada\/#website"},"primaryImageOfPage":{"@id":"https:\/\/ajeandalucia.org\/granada\/2012\/09\/06\/curso-community-manager-combo-comunicaci%c3%b3n\/#primaryimage"},"image":{"@id":"https:\/\/ajeandalucia.org\/granada\/2012\/09\/06\/curso-community-manager-combo-comunicaci%c3%b3n\/#primaryimage"},"thumbnailUrl":"http:\/\/www.ajegranada.org\/wp-content\/uploads\/combo_comunicacion.jpg","datePublished":"2012-09-06T11:58:18+00:00","breadcrumb":{"@id":"https:\/\/ajeandalucia.org\/granada\/2012\/09\/06\/curso-community-manager-combo-comunicaci%c3%b3n\/#breadcrumb"},"inLanguage":"es","potentialAction":[{"@type":"ReadAction","target":["https:\/\/ajeandalucia.org\/granada\/2012\/09\/06\/curso-community-manager-combo-comunicaci%c3%b3n\/"]}]},{"@type":"ImageObject","inLanguage":"es","@id":"https:\/\/ajeandalucia.org\/granada\/2012\/09\/06\/curso-community-manager-combo-comunicaci%c3%b3n\/#primaryimage","url":"http:\/\/www.ajegranada.org\/wp-content\/uploads\/combo_comunicacion.jpg","contentUrl":"http:\/\/www.ajegranada.org\/wp-content\/uploads\/combo_comunicacion.jpg"},{"@type":"BreadcrumbList","@id":"https:\/\/ajeandalucia.org\/granada\/2012\/09\/06\/curso-community-manager-combo-comunicaci%c3%b3n\/#breadcrumb","itemListElement":[{"@type":"ListItem","position":1,"name":"Portada","item":"https:\/\/ajeandalucia.org\/granada\/"},{"@type":"ListItem","position":2,"name":"Curso Community Manager Combo Comunicaci\u00f3n"}]},{"@type":"WebSite","@id":"https:\/\/ajeandalucia.org\/granada\/#website","url":"https:\/\/ajeandalucia.org\/granada\/","name":"AJE Granada","description":"J\u00f3venes Empresarios de Granada","publisher":{"@id":"https:\/\/ajeandalucia.org\/granada\/#organization"},"potentialAction":[{"@type":"SearchAction","target":{"@type":"EntryPoint","urlTemplate":"https:\/\/ajeandalucia.org\/granada\/?s={search_term_string}"},"query-input":{"@type":"PropertyValueSpecification","valueRequired":true,"valueName":"search_term_string"}}],"inLanguage":"es"},{"@type":"Organization","@id":"https:\/\/ajeandalucia.org\/granada\/#organization","name":"AJE Granada","url":"https:\/\/ajeandalucia.org\/granada\/","logo":{"@type":"ImageObject","inLanguage":"es","@id":"https:\/\/ajeandalucia.org\/granada\/#\/schema\/logo\/image\/","url":"https:\/\/ajeandalucia.org\/granada\/wp-content\/uploads\/sites\/7\/2025\/02\/AJE-GRANADA-horizontal.png","contentUrl":"https:\/\/ajeandalucia.org\/granada\/wp-content\/uploads\/sites\/7\/2025\/02\/AJE-GRANADA-horizontal.png","width":612,"height":200,"caption":"AJE Granada"},"image":{"@id":"https:\/\/ajeandalucia.org\/granada\/#\/schema\/logo\/image\/"}},{"@type":"Person","@id":"","url":"https:\/\/ajeandalucia.org\/granada\/author\/"}]}},"_links":{"self":[{"href":"https:\/\/ajeandalucia.org\/granada\/wp-json\/wp\/v2\/posts\/5226","targetHints":{"allow":["GET"]}}],"collection":[{"href":"https:\/\/ajeandalucia.org\/granada\/wp-json\/wp\/v2\/posts"}],"about":[{"href":"https:\/\/ajeandalucia.org\/granada\/wp-json\/wp\/v2\/types\/post"}],"author":[{"embeddable":true,"href":"https:\/\/ajeandalucia.org\/granada\/wp-json\/wp\/v2\/users\/1"}],"replies":[{"embeddable":true,"href":"https:\/\/ajeandalucia.org\/granada\/wp-json\/wp\/v2\/comments?post=5226"}],"version-history":[{"count":0,"href":"https:\/\/ajeandalucia.org\/granada\/wp-json\/wp\/v2\/posts\/5226\/revisions"}],"wp:attachment":[{"href":"https:\/\/ajeandalucia.org\/granada\/wp-json\/wp\/v2\/media?parent=5226"}],"wp:term":[{"taxonomy":"category","embeddable":true,"href":"https:\/\/ajeandalucia.org\/granada\/wp-json\/wp\/v2\/categories?post=5226"},{"taxonomy":"post_tag","embeddable":true,"href":"https:\/\/ajeandalucia.org\/granada\/wp-json\/wp\/v2\/tags?post=5226"}],"curies":[{"name":"wp","href":"https:\/\/api.w.org\/{rel}","templated":true}]}}