{"id":5227,"date":"2012-09-11T10:00:42","date_gmt":"2012-09-11T10:00:42","guid":{"rendered":"http:\/\/www.ajeandalucia.org\/granada\/2012\/09\/11\/cursos-de-p%c3%a1del\/"},"modified":"2012-09-11T10:00:42","modified_gmt":"2012-09-11T10:00:42","slug":"cursos-de-p%c3%a1del","status":"publish","type":"post","link":"https:\/\/ajeandalucia.org\/granada\/2012\/09\/11\/cursos-de-p%c3%a1del\/","title":{"rendered":"Cursos de P\u00e1del"},"content":{"rendered":"\n<p style=\"text-align: justify\"><strong>Nuestro asociado Jer\u00f3nimo Ca\u00f1as nos propone varios cursos <\/strong>relacionados con la ense\u00f1anza y aprendizaje del p\u00e1del, los cu\u00e1les se llevar\u00e1n a cabo junto con la Universidad de Granada. \u00a1Atenci\u00f3n estudiantes! se pueden reconocer cr\u00e9ditos de libre configuraci\u00f3n y ECTS con ellos, adem\u00e1s de obtener un diploma de la UGR.<\/p>\n<p><!--more--><\/p>\n<p style=\"text-align: justify\">Los cursos son los siguientes:<\/p>\n<p style=\"text-align: justify\">Curso: <strong>\u201cAprende m\u00e1s sobre p\u00e1del. Ense\u00f1anzas de un campe\u00f3n mundial\u201d.<\/strong> Este curso tiene como principal objetivo acercar al mundo del p\u00e1del a personas interesadas en este deporte en fase de iniciaci\u00f3n. Este curso tiene una duraci\u00f3n de 50 horas y un reconocimiento de 2 ECTS. Y est\u00e1 organizado por la Fundaci\u00f3n-General Ugr-Empresa.&nbsp;<\/p>\n<p style=\"text-align: justify\">&nbsp;<\/p>\n<p style=\"text-align: justify\"><a href=\"https:\/\/fundacionugrempresa.es\/index.php?option=com_listajax&amp;Itemid=222&amp;lang=es\">https:\/\/fundacionugrempresa.es\/index.php?option=com_listajax&amp;Itemid=222&amp;lang=es<\/a><\/p>\n<p style=\"text-align: justify\">&nbsp;<\/p>\n<p style=\"text-align: justify\">Curso: <strong>\u201cEnse\u00f1anza de p\u00e1del\u201d<\/strong>. Este curso est\u00e1 dirigido a personas con un nivel medio-avanzado de juego. El objetivo de este curso es formar a futuros monitores de p\u00e1del adem\u00e1s de mejorar el juego propio de los participantes, mediante una formaci\u00f3n multidisciplinar en todas las \u00e1reas involucradas en este deporte. Este curso tiene una duraci\u00f3n de 250 horas y un reconocimiento de 10 cr\u00e9ditos de libre configuraci\u00f3n y 10 ECTS. Y lo organiza la Escuela Internacional de Posgrado.<\/p>\n<p style=\"text-align: justify\">&nbsp;<\/p>\n<p style=\"text-align: justify\"><a href=\"http:\/\/escuelaposgrado.ugr.es\/static\/EP_Management\/*\/showCard\/12\/D\/047\">http:\/\/escuelaposgrado.ugr.es\/static\/EP_Management\/*\/showCard\/12\/D\/047<\/a><\/p>\n<p style=\"text-align: justify\"><a href=\"http:\/\/escuelaposgrado.ugr.es\/static\/EP_Management\/*\/showCard\/12\/D\/047A\">http:\/\/escuelaposgrado.ugr.es\/static\/EP_Management\/*\/showCard\/12\/D\/047A<\/a><\/p>\n<p style=\"text-align: justify\">&nbsp;<\/p>\n<p style=\"text-align: justify\">En ambos cursos participan grandes profesionales de diferentes disciplinas pero con un hobby en com\u00fan: El p\u00e1del.&nbsp; De esta forma contar\u00e1n con directores de la talla de Mikel Zabala, vicedecano de la facultad de INEF y&nbsp; F\u00e9lix Zurita, profesor de Ciencias de la Educaci\u00f3n. Como coordinador de ambos cursos,&nbsp; Jero Ca\u00f1as, campe\u00f3n mundial sub21. Profesorado:&nbsp;&nbsp; Jos\u00e9-Luis Guti\u00e9rrez \u201cGuti\u201d, profesor de la Federaci\u00f3n Espa\u00f1ola y Andaluza de p\u00e1del; Carlos de Teresa, experto en medicina deportiva, Milagros Arteaga, Crist\u00f3bal S\u00e1nchez, Enrique Zambrano,Miguel Martinez Pozo y un largo etc.<\/p>\n<p style=\"text-align: justify\">&nbsp;<\/p>\n<p style=\"text-align: justify\">Para m\u00e1s informaci\u00f3n:<\/p>\n<p style=\"text-align: justify\">Jer\u00f3nimo: 659042178<\/p>\n<p style=\"text-align: justify\">Email :<a href=\"mailto:jerocanias@yahoo.com\">jerocanias@yahoo.com<\/a><\/p>\n<p style=\"text-align: justify\">&nbsp;<\/p>\n<p style=\"text-align: justify\">Para consultas de plazos de inscripci\u00f3n , fechas de realizaci\u00f3n , precios , becas, etc..consultar los enlaces anteriores.<\/p>\n","protected":false},"excerpt":{"rendered":"<p>Nuestro asociado Jer\u00f3nimo Ca\u00f1as nos propone varios cursos relacionados con la ense\u00f1anza y aprendizaje del p\u00e1del, los cu\u00e1les se llevar\u00e1n [&hellip;]<\/p>\n","protected":false},"author":1,"featured_media":0,"comment_status":"open","ping_status":"open","sticky":false,"template":"","format":"standard","meta":{"_acf_changed":false,"site-sidebar-layout":"default","site-content-layout":"","ast-site-content-layout":"default","site-content-style":"default","site-sidebar-style":"default","ast-global-header-display":"","ast-banner-title-visibility":"","ast-main-header-display":"","ast-hfb-above-header-display":"","ast-hfb-below-header-display":"","ast-hfb-mobile-header-display":"","site-post-title":"","ast-breadcrumbs-content":"","ast-featured-img":"","footer-sml-layout":"","ast-disable-related-posts":"","theme-transparent-header-meta":"","adv-header-id-meta":"","stick-header-meta":"","header-above-stick-meta":"","header-main-stick-meta":"","header-below-stick-meta":"","astra-migrate-meta-layouts":"default","ast-page-background-enabled":"default","ast-page-background-meta":{"desktop":{"background-color":"var(--ast-global-color-5)","background-image":"","background-repeat":"repeat","background-position":"center center","background-size":"auto","background-attachment":"scroll","background-type":"","background-media":"","overlay-type":"","overlay-color":"","overlay-opacity":"","overlay-gradient":""},"tablet":{"background-color":"","background-image":"","background-repeat":"repeat","background-position":"center center","background-size":"auto","background-attachment":"scroll","background-type":"","background-media":"","overlay-type":"","overlay-color":"","overlay-opacity":"","overlay-gradient":""},"mobile":{"background-color":"","background-image":"","background-repeat":"repeat","background-position":"center center","background-size":"auto","background-attachment":"scroll","background-type":"","background-media":"","overlay-type":"","overlay-color":"","overlay-opacity":"","overlay-gradient":""}},"ast-content-background-meta":{"desktop":{"background-color":"var(--ast-global-color-4)","background-image":"","background-repeat":"repeat","background-position":"center center","background-size":"auto","background-attachment":"scroll","background-type":"","background-media":"","overlay-type":"","overlay-color":"","overlay-opacity":"","overlay-gradient":""},"tablet":{"background-color":"var(--ast-global-color-4)","background-image":"","background-repeat":"repeat","background-position":"center center","background-size":"auto","background-attachment":"scroll","background-type":"","background-media":"","overlay-type":"","overlay-color":"","overlay-opacity":"","overlay-gradient":""},"mobile":{"background-color":"var(--ast-global-color-4)","background-image":"","background-repeat":"repeat","background-position":"center center","background-size":"auto","background-attachment":"scroll","background-type":"","background-media":"","overlay-type":"","overlay-color":"","overlay-opacity":"","overlay-gradient":""}},"footnotes":""},"categories":[8],"tags":[121,96,113],"class_list":["post-5227","post","type-post","status-publish","format-standard","hentry","category-noticias","tag-deportes","tag-formacion-2","tag-ugr"],"acf":[],"yoast_head":"<!-- This site is optimized with the Yoast SEO plugin v26.9 - https:\/\/yoast.com\/product\/yoast-seo-wordpress\/ -->\n<title>Cursos de P\u00e1del - AJE Granada<\/title>\n<meta name=\"robots\" content=\"index, follow, max-snippet:-1, max-image-preview:large, max-video-preview:-1\" \/>\n<link rel=\"canonical\" href=\"https:\/\/ajeandalucia.org\/granada\/2012\/09\/11\/cursos-de-p\u00e1del\/\" \/>\n<meta property=\"og:locale\" content=\"es_ES\" \/>\n<meta property=\"og:type\" content=\"article\" \/>\n<meta property=\"og:title\" content=\"Cursos de P\u00e1del - AJE Granada\" \/>\n<meta property=\"og:description\" content=\"Nuestro asociado Jer\u00f3nimo Ca\u00f1as nos propone varios cursos relacionados con la ense\u00f1anza y aprendizaje del p\u00e1del, los cu\u00e1les se llevar\u00e1n [&hellip;]\" \/>\n<meta property=\"og:url\" content=\"https:\/\/ajeandalucia.org\/granada\/2012\/09\/11\/cursos-de-p\u00e1del\/\" \/>\n<meta property=\"og:site_name\" content=\"AJE Granada\" \/>\n<meta property=\"article:published_time\" content=\"2012-09-11T10:00:42+00:00\" \/>\n<meta name=\"twitter:card\" content=\"summary_large_image\" \/>\n<meta name=\"twitter:label1\" content=\"Escrito por\" \/>\n\t<meta name=\"twitter:data1\" content=\"\" \/>\n\t<meta name=\"twitter:label2\" content=\"Tiempo de lectura\" \/>\n\t<meta name=\"twitter:data2\" content=\"2 minutos\" \/>\n<script type=\"application\/ld+json\" class=\"yoast-schema-graph\">{\"@context\":\"https:\/\/schema.org\",\"@graph\":[{\"@type\":\"Article\",\"@id\":\"https:\/\/ajeandalucia.org\/granada\/2012\/09\/11\/cursos-de-p%c3%a1del\/#article\",\"isPartOf\":{\"@id\":\"https:\/\/ajeandalucia.org\/granada\/2012\/09\/11\/cursos-de-p%c3%a1del\/\"},\"author\":{\"name\":\"\",\"@id\":\"\"},\"headline\":\"Cursos de P\u00e1del\",\"datePublished\":\"2012-09-11T10:00:42+00:00\",\"mainEntityOfPage\":{\"@id\":\"https:\/\/ajeandalucia.org\/granada\/2012\/09\/11\/cursos-de-p%c3%a1del\/\"},\"wordCount\":382,\"commentCount\":0,\"publisher\":{\"@id\":\"https:\/\/ajeandalucia.org\/granada\/#organization\"},\"keywords\":[\"Deportes\",\"Formaci\u00f3n\",\"UGR\"],\"articleSection\":[\"Noticias\"],\"inLanguage\":\"es\",\"potentialAction\":[{\"@type\":\"CommentAction\",\"name\":\"Comment\",\"target\":[\"https:\/\/ajeandalucia.org\/granada\/2012\/09\/11\/cursos-de-p%c3%a1del\/#respond\"]}]},{\"@type\":\"WebPage\",\"@id\":\"https:\/\/ajeandalucia.org\/granada\/2012\/09\/11\/cursos-de-p%c3%a1del\/\",\"url\":\"https:\/\/ajeandalucia.org\/granada\/2012\/09\/11\/cursos-de-p%c3%a1del\/\",\"name\":\"Cursos de P\u00e1del - AJE Granada\",\"isPartOf\":{\"@id\":\"https:\/\/ajeandalucia.org\/granada\/#website\"},\"datePublished\":\"2012-09-11T10:00:42+00:00\",\"breadcrumb\":{\"@id\":\"https:\/\/ajeandalucia.org\/granada\/2012\/09\/11\/cursos-de-p%c3%a1del\/#breadcrumb\"},\"inLanguage\":\"es\",\"potentialAction\":[{\"@type\":\"ReadAction\",\"target\":[\"https:\/\/ajeandalucia.org\/granada\/2012\/09\/11\/cursos-de-p%c3%a1del\/\"]}]},{\"@type\":\"BreadcrumbList\",\"@id\":\"https:\/\/ajeandalucia.org\/granada\/2012\/09\/11\/cursos-de-p%c3%a1del\/#breadcrumb\",\"itemListElement\":[{\"@type\":\"ListItem\",\"position\":1,\"name\":\"Portada\",\"item\":\"https:\/\/ajeandalucia.org\/granada\/\"},{\"@type\":\"ListItem\",\"position\":2,\"name\":\"Cursos de P\u00e1del\"}]},{\"@type\":\"WebSite\",\"@id\":\"https:\/\/ajeandalucia.org\/granada\/#website\",\"url\":\"https:\/\/ajeandalucia.org\/granada\/\",\"name\":\"AJE Granada\",\"description\":\"J\u00f3venes Empresarios de Granada\",\"publisher\":{\"@id\":\"https:\/\/ajeandalucia.org\/granada\/#organization\"},\"potentialAction\":[{\"@type\":\"SearchAction\",\"target\":{\"@type\":\"EntryPoint\",\"urlTemplate\":\"https:\/\/ajeandalucia.org\/granada\/?s={search_term_string}\"},\"query-input\":{\"@type\":\"PropertyValueSpecification\",\"valueRequired\":true,\"valueName\":\"search_term_string\"}}],\"inLanguage\":\"es\"},{\"@type\":\"Organization\",\"@id\":\"https:\/\/ajeandalucia.org\/granada\/#organization\",\"name\":\"AJE Granada\",\"url\":\"https:\/\/ajeandalucia.org\/granada\/\",\"logo\":{\"@type\":\"ImageObject\",\"inLanguage\":\"es\",\"@id\":\"https:\/\/ajeandalucia.org\/granada\/#\/schema\/logo\/image\/\",\"url\":\"https:\/\/ajeandalucia.org\/granada\/wp-content\/uploads\/sites\/7\/2025\/02\/AJE-GRANADA-horizontal.png\",\"contentUrl\":\"https:\/\/ajeandalucia.org\/granada\/wp-content\/uploads\/sites\/7\/2025\/02\/AJE-GRANADA-horizontal.png\",\"width\":612,\"height\":200,\"caption\":\"AJE Granada\"},\"image\":{\"@id\":\"https:\/\/ajeandalucia.org\/granada\/#\/schema\/logo\/image\/\"}},{\"@type\":\"Person\",\"@id\":\"\",\"url\":\"https:\/\/ajeandalucia.org\/granada\/author\/\"}]}<\/script>\n<!-- \/ Yoast SEO plugin. -->","yoast_head_json":{"title":"Cursos de P\u00e1del - AJE Granada","robots":{"index":"index","follow":"follow","max-snippet":"max-snippet:-1","max-image-preview":"max-image-preview:large","max-video-preview":"max-video-preview:-1"},"canonical":"https:\/\/ajeandalucia.org\/granada\/2012\/09\/11\/cursos-de-p\u00e1del\/","og_locale":"es_ES","og_type":"article","og_title":"Cursos de P\u00e1del - AJE Granada","og_description":"Nuestro asociado Jer\u00f3nimo Ca\u00f1as nos propone varios cursos relacionados con la ense\u00f1anza y aprendizaje del p\u00e1del, los cu\u00e1les se llevar\u00e1n [&hellip;]","og_url":"https:\/\/ajeandalucia.org\/granada\/2012\/09\/11\/cursos-de-p\u00e1del\/","og_site_name":"AJE Granada","article_published_time":"2012-09-11T10:00:42+00:00","twitter_card":"summary_large_image","twitter_misc":{"Escrito por":"","Tiempo de lectura":"2 minutos"},"schema":{"@context":"https:\/\/schema.org","@graph":[{"@type":"Article","@id":"https:\/\/ajeandalucia.org\/granada\/2012\/09\/11\/cursos-de-p%c3%a1del\/#article","isPartOf":{"@id":"https:\/\/ajeandalucia.org\/granada\/2012\/09\/11\/cursos-de-p%c3%a1del\/"},"author":{"name":"","@id":""},"headline":"Cursos de P\u00e1del","datePublished":"2012-09-11T10:00:42+00:00","mainEntityOfPage":{"@id":"https:\/\/ajeandalucia.org\/granada\/2012\/09\/11\/cursos-de-p%c3%a1del\/"},"wordCount":382,"commentCount":0,"publisher":{"@id":"https:\/\/ajeandalucia.org\/granada\/#organization"},"keywords":["Deportes","Formaci\u00f3n","UGR"],"articleSection":["Noticias"],"inLanguage":"es","potentialAction":[{"@type":"CommentAction","name":"Comment","target":["https:\/\/ajeandalucia.org\/granada\/2012\/09\/11\/cursos-de-p%c3%a1del\/#respond"]}]},{"@type":"WebPage","@id":"https:\/\/ajeandalucia.org\/granada\/2012\/09\/11\/cursos-de-p%c3%a1del\/","url":"https:\/\/ajeandalucia.org\/granada\/2012\/09\/11\/cursos-de-p%c3%a1del\/","name":"Cursos de P\u00e1del - AJE Granada","isPartOf":{"@id":"https:\/\/ajeandalucia.org\/granada\/#website"},"datePublished":"2012-09-11T10:00:42+00:00","breadcrumb":{"@id":"https:\/\/ajeandalucia.org\/granada\/2012\/09\/11\/cursos-de-p%c3%a1del\/#breadcrumb"},"inLanguage":"es","potentialAction":[{"@type":"ReadAction","target":["https:\/\/ajeandalucia.org\/granada\/2012\/09\/11\/cursos-de-p%c3%a1del\/"]}]},{"@type":"BreadcrumbList","@id":"https:\/\/ajeandalucia.org\/granada\/2012\/09\/11\/cursos-de-p%c3%a1del\/#breadcrumb","itemListElement":[{"@type":"ListItem","position":1,"name":"Portada","item":"https:\/\/ajeandalucia.org\/granada\/"},{"@type":"ListItem","position":2,"name":"Cursos de P\u00e1del"}]},{"@type":"WebSite","@id":"https:\/\/ajeandalucia.org\/granada\/#website","url":"https:\/\/ajeandalucia.org\/granada\/","name":"AJE Granada","description":"J\u00f3venes Empresarios de Granada","publisher":{"@id":"https:\/\/ajeandalucia.org\/granada\/#organization"},"potentialAction":[{"@type":"SearchAction","target":{"@type":"EntryPoint","urlTemplate":"https:\/\/ajeandalucia.org\/granada\/?s={search_term_string}"},"query-input":{"@type":"PropertyValueSpecification","valueRequired":true,"valueName":"search_term_string"}}],"inLanguage":"es"},{"@type":"Organization","@id":"https:\/\/ajeandalucia.org\/granada\/#organization","name":"AJE Granada","url":"https:\/\/ajeandalucia.org\/granada\/","logo":{"@type":"ImageObject","inLanguage":"es","@id":"https:\/\/ajeandalucia.org\/granada\/#\/schema\/logo\/image\/","url":"https:\/\/ajeandalucia.org\/granada\/wp-content\/uploads\/sites\/7\/2025\/02\/AJE-GRANADA-horizontal.png","contentUrl":"https:\/\/ajeandalucia.org\/granada\/wp-content\/uploads\/sites\/7\/2025\/02\/AJE-GRANADA-horizontal.png","width":612,"height":200,"caption":"AJE Granada"},"image":{"@id":"https:\/\/ajeandalucia.org\/granada\/#\/schema\/logo\/image\/"}},{"@type":"Person","@id":"","url":"https:\/\/ajeandalucia.org\/granada\/author\/"}]}},"_links":{"self":[{"href":"https:\/\/ajeandalucia.org\/granada\/wp-json\/wp\/v2\/posts\/5227","targetHints":{"allow":["GET"]}}],"collection":[{"href":"https:\/\/ajeandalucia.org\/granada\/wp-json\/wp\/v2\/posts"}],"about":[{"href":"https:\/\/ajeandalucia.org\/granada\/wp-json\/wp\/v2\/types\/post"}],"author":[{"embeddable":true,"href":"https:\/\/ajeandalucia.org\/granada\/wp-json\/wp\/v2\/users\/1"}],"replies":[{"embeddable":true,"href":"https:\/\/ajeandalucia.org\/granada\/wp-json\/wp\/v2\/comments?post=5227"}],"version-history":[{"count":0,"href":"https:\/\/ajeandalucia.org\/granada\/wp-json\/wp\/v2\/posts\/5227\/revisions"}],"wp:attachment":[{"href":"https:\/\/ajeandalucia.org\/granada\/wp-json\/wp\/v2\/media?parent=5227"}],"wp:term":[{"taxonomy":"category","embeddable":true,"href":"https:\/\/ajeandalucia.org\/granada\/wp-json\/wp\/v2\/categories?post=5227"},{"taxonomy":"post_tag","embeddable":true,"href":"https:\/\/ajeandalucia.org\/granada\/wp-json\/wp\/v2\/tags?post=5227"}],"curies":[{"name":"wp","href":"https:\/\/api.w.org\/{rel}","templated":true}]}}