{"id":5321,"date":"2012-11-22T13:23:23","date_gmt":"2012-11-22T13:23:23","guid":{"rendered":"http:\/\/www.ajeandalucia.org\/granada\/2012\/11\/22\/taller-venta-creativa\/"},"modified":"2012-11-22T13:23:23","modified_gmt":"2012-11-22T13:23:23","slug":"taller-venta-creativa","status":"publish","type":"post","link":"https:\/\/ajeandalucia.org\/granada\/2012\/11\/22\/taller-venta-creativa\/","title":{"rendered":"Taller Venta Creativa"},"content":{"rendered":"\n<p style=\"text-align: justify\">AJE en colaboraci\u00f3n con Success Motivation Institute-Spain&nbsp;(SMI) organiza un taller sobre la din\u00e1mica de la Venta Creativa. &nbsp;En este seminario podr\u00e1s descubrir cu\u00e1les son las herramientas para mejorar tu productividad personal, optimizar tu planificaci\u00f3n, identificar actitudes y h\u00e1bitos de trabajo.<\/p>\n<p style=\"text-align: justify\">&nbsp;<\/p>\n<p style=\"text-align: justify\">Se trata de un seminario enfocado a grupos muy reducidos para garantizar que los participantes se lleven un plan de acci\u00f3n individual concreto.<\/p>\n<p><!--more--><\/p>\n<p style=\"text-align: justify\">&nbsp;<\/p>\n<p style=\"text-align: center\" align=\"center\">\u00bfTe cuestionas a ti mismo con seriedad cuando no se cierra una venta para identificar d\u00f3nde fallaste?<\/p>\n<p style=\"text-align: center\" align=\"center\">\u00bfDedicas tiempo de verdad a la labor comercial, en fidelizar tus clientes y captar nuevos?<\/p>\n<p style=\"text-align: center\" align=\"center\">Acostumbrado a salir a buscar clientes o \u00bfnecesitas aprender c\u00f3mo?<\/p>\n<p style=\"text-align: center\" align=\"center\">\u00bfNecesitas adquirir m\u00e1s confianza en ti mismo y preparaci\u00f3n antes de salir a la calle?<\/p>\n<p style=\"text-align: center\" align=\"center\">\u00bfQuieres aprender a tener m\u00e1s \u00e9xito en la venta?<\/p>\n<p align=\"center\">\u00bfTienes que mejorar tu estrategia comercial?<\/p>\n<p align=\"center\">&nbsp;<\/p>\n<p>OBJETIVOS<\/p>\n<p>&nbsp;<\/p>\n<p>\u00b7&nbsp;&nbsp;&nbsp;&nbsp;&nbsp;&nbsp;&nbsp;&nbsp; Desarrollo de un plan de prospecci\u00f3n.<\/p>\n<p>\u00b7&nbsp;&nbsp;&nbsp;&nbsp;&nbsp;&nbsp;&nbsp;&nbsp; Mejora de la entrevista\/presentaci\u00f3n de ventas.<\/p>\n<p>\u00b7&nbsp;&nbsp;&nbsp;&nbsp;&nbsp;&nbsp;&nbsp;&nbsp; El desarrollo de h\u00e1bitos eficaces y productivos en la venta.<\/p>\n<p>&nbsp;<\/p>\n<p>BENEFICIOS<\/p>\n<p>&nbsp;<\/p>\n<p>\u00b7&nbsp;&nbsp;&nbsp;&nbsp;&nbsp;&nbsp;&nbsp;&nbsp; Potenciar el tiempo dedicado a la venta a trav\u00e9s de la organizaci\u00f3n personal y la fijaci\u00f3n de metas.<\/p>\n<p>\u00b7&nbsp;&nbsp;&nbsp;&nbsp;&nbsp;&nbsp;&nbsp;&nbsp; Cuestionar y desarrollar la forma de prospeccionar para mejorar en la captaci\u00f3n de nuevos clientes.<\/p>\n<p>\u00b7&nbsp;&nbsp;&nbsp;&nbsp;&nbsp;&nbsp;&nbsp;&nbsp; Desarrollar la forma de hacer la presentaci\u00f3n\/entrevista de venta, de manera m\u00e1s eficaz y exitosa.<\/p>\n<p>\u00b7&nbsp;&nbsp;&nbsp;&nbsp;&nbsp;&nbsp;&nbsp;&nbsp; Modificar los h\u00e1bitos poco productivos, que perjudican a los resultados de las ventas.<\/p>\n<p>\u00b7&nbsp;&nbsp;&nbsp;&nbsp;&nbsp;&nbsp;&nbsp;&nbsp; Aprender a medir y hacer seguimiento de sus propios resultados.<\/p>\n<p>\u00b7&nbsp;&nbsp;&nbsp;&nbsp;&nbsp;&nbsp;&nbsp;&nbsp; Desarrollo de habilidades\/actitudes en \u201cel cierre\u201d y de c\u00f3mo \u201ctratar objeciones\u201d.<\/p>\n<p>&nbsp;<\/p>\n<p>El seminario tendr\u00e1 lugar el pr\u00f3ximo mi\u00e9rcoles <strong>28 de noviembre, de 16.30 a 20.00 horas <\/strong>en la sala de formaci\u00f3n de la <strong>Confederaci\u00f3n Granadina de Empresarios (C\/ Maestro Montero, 23)<\/strong><\/p>\n<p>Es necesario confirmar asistencia ya que las plazas son limitadas: 958225690\/ <a href=\"mailto:ajegranada@ajegranada.org\">ajegranada@ajegranada.org<\/a><\/p>\n","protected":false},"excerpt":{"rendered":"<p>AJE en colaboraci\u00f3n con Success Motivation Institute-Spain&nbsp;(SMI) organiza un taller sobre la din\u00e1mica de la Venta Creativa. &nbsp;En este seminario [&hellip;]<\/p>\n","protected":false},"author":1,"featured_media":0,"comment_status":"open","ping_status":"open","sticky":false,"template":"","format":"standard","meta":{"_acf_changed":false,"site-sidebar-layout":"default","site-content-layout":"","ast-site-content-layout":"default","site-content-style":"default","site-sidebar-style":"default","ast-global-header-display":"","ast-banner-title-visibility":"","ast-main-header-display":"","ast-hfb-above-header-display":"","ast-hfb-below-header-display":"","ast-hfb-mobile-header-display":"","site-post-title":"","ast-breadcrumbs-content":"","ast-featured-img":"","footer-sml-layout":"","ast-disable-related-posts":"","theme-transparent-header-meta":"","adv-header-id-meta":"","stick-header-meta":"","header-above-stick-meta":"","header-main-stick-meta":"","header-below-stick-meta":"","astra-migrate-meta-layouts":"default","ast-page-background-enabled":"default","ast-page-background-meta":{"desktop":{"background-color":"var(--ast-global-color-5)","background-image":"","background-repeat":"repeat","background-position":"center center","background-size":"auto","background-attachment":"scroll","background-type":"","background-media":"","overlay-type":"","overlay-color":"","overlay-opacity":"","overlay-gradient":""},"tablet":{"background-color":"","background-image":"","background-repeat":"repeat","background-position":"center center","background-size":"auto","background-attachment":"scroll","background-type":"","background-media":"","overlay-type":"","overlay-color":"","overlay-opacity":"","overlay-gradient":""},"mobile":{"background-color":"","background-image":"","background-repeat":"repeat","background-position":"center center","background-size":"auto","background-attachment":"scroll","background-type":"","background-media":"","overlay-type":"","overlay-color":"","overlay-opacity":"","overlay-gradient":""}},"ast-content-background-meta":{"desktop":{"background-color":"var(--ast-global-color-4)","background-image":"","background-repeat":"repeat","background-position":"center center","background-size":"auto","background-attachment":"scroll","background-type":"","background-media":"","overlay-type":"","overlay-color":"","overlay-opacity":"","overlay-gradient":""},"tablet":{"background-color":"var(--ast-global-color-4)","background-image":"","background-repeat":"repeat","background-position":"center center","background-size":"auto","background-attachment":"scroll","background-type":"","background-media":"","overlay-type":"","overlay-color":"","overlay-opacity":"","overlay-gradient":""},"mobile":{"background-color":"var(--ast-global-color-4)","background-image":"","background-repeat":"repeat","background-position":"center center","background-size":"auto","background-attachment":"scroll","background-type":"","background-media":"","overlay-type":"","overlay-color":"","overlay-opacity":"","overlay-gradient":""}},"footnotes":""},"categories":[8],"tags":[96],"class_list":["post-5321","post","type-post","status-publish","format-standard","hentry","category-noticias","tag-formacion-2"],"acf":[],"yoast_head":"<!-- This site is optimized with the Yoast SEO plugin v26.9 - https:\/\/yoast.com\/product\/yoast-seo-wordpress\/ -->\n<title>Taller Venta Creativa - AJE Granada<\/title>\n<meta name=\"robots\" content=\"index, follow, max-snippet:-1, max-image-preview:large, max-video-preview:-1\" \/>\n<link rel=\"canonical\" href=\"https:\/\/ajeandalucia.org\/granada\/2012\/11\/22\/taller-venta-creativa\/\" \/>\n<meta property=\"og:locale\" content=\"es_ES\" \/>\n<meta property=\"og:type\" content=\"article\" \/>\n<meta property=\"og:title\" content=\"Taller Venta Creativa - AJE Granada\" \/>\n<meta property=\"og:description\" content=\"AJE en colaboraci\u00f3n con Success Motivation Institute-Spain&nbsp;(SMI) organiza un taller sobre la din\u00e1mica de la Venta Creativa. &nbsp;En este seminario [&hellip;]\" \/>\n<meta property=\"og:url\" content=\"https:\/\/ajeandalucia.org\/granada\/2012\/11\/22\/taller-venta-creativa\/\" \/>\n<meta property=\"og:site_name\" content=\"AJE Granada\" \/>\n<meta property=\"article:published_time\" content=\"2012-11-22T13:23:23+00:00\" \/>\n<meta name=\"twitter:card\" content=\"summary_large_image\" \/>\n<meta name=\"twitter:label1\" content=\"Escrito por\" \/>\n\t<meta name=\"twitter:data1\" content=\"\" \/>\n\t<meta name=\"twitter:label2\" content=\"Tiempo de lectura\" \/>\n\t<meta name=\"twitter:data2\" content=\"2 minutos\" \/>\n<script type=\"application\/ld+json\" class=\"yoast-schema-graph\">{\"@context\":\"https:\/\/schema.org\",\"@graph\":[{\"@type\":\"Article\",\"@id\":\"https:\/\/ajeandalucia.org\/granada\/2012\/11\/22\/taller-venta-creativa\/#article\",\"isPartOf\":{\"@id\":\"https:\/\/ajeandalucia.org\/granada\/2012\/11\/22\/taller-venta-creativa\/\"},\"author\":{\"name\":\"\",\"@id\":\"\"},\"headline\":\"Taller Venta Creativa\",\"datePublished\":\"2012-11-22T13:23:23+00:00\",\"mainEntityOfPage\":{\"@id\":\"https:\/\/ajeandalucia.org\/granada\/2012\/11\/22\/taller-venta-creativa\/\"},\"wordCount\":395,\"commentCount\":0,\"publisher\":{\"@id\":\"https:\/\/ajeandalucia.org\/granada\/#organization\"},\"keywords\":[\"Formaci\u00f3n\"],\"articleSection\":[\"Noticias\"],\"inLanguage\":\"es\",\"potentialAction\":[{\"@type\":\"CommentAction\",\"name\":\"Comment\",\"target\":[\"https:\/\/ajeandalucia.org\/granada\/2012\/11\/22\/taller-venta-creativa\/#respond\"]}]},{\"@type\":\"WebPage\",\"@id\":\"https:\/\/ajeandalucia.org\/granada\/2012\/11\/22\/taller-venta-creativa\/\",\"url\":\"https:\/\/ajeandalucia.org\/granada\/2012\/11\/22\/taller-venta-creativa\/\",\"name\":\"Taller Venta Creativa - AJE Granada\",\"isPartOf\":{\"@id\":\"https:\/\/ajeandalucia.org\/granada\/#website\"},\"datePublished\":\"2012-11-22T13:23:23+00:00\",\"breadcrumb\":{\"@id\":\"https:\/\/ajeandalucia.org\/granada\/2012\/11\/22\/taller-venta-creativa\/#breadcrumb\"},\"inLanguage\":\"es\",\"potentialAction\":[{\"@type\":\"ReadAction\",\"target\":[\"https:\/\/ajeandalucia.org\/granada\/2012\/11\/22\/taller-venta-creativa\/\"]}]},{\"@type\":\"BreadcrumbList\",\"@id\":\"https:\/\/ajeandalucia.org\/granada\/2012\/11\/22\/taller-venta-creativa\/#breadcrumb\",\"itemListElement\":[{\"@type\":\"ListItem\",\"position\":1,\"name\":\"Portada\",\"item\":\"https:\/\/ajeandalucia.org\/granada\/\"},{\"@type\":\"ListItem\",\"position\":2,\"name\":\"Taller Venta Creativa\"}]},{\"@type\":\"WebSite\",\"@id\":\"https:\/\/ajeandalucia.org\/granada\/#website\",\"url\":\"https:\/\/ajeandalucia.org\/granada\/\",\"name\":\"AJE Granada\",\"description\":\"J\u00f3venes Empresarios de Granada\",\"publisher\":{\"@id\":\"https:\/\/ajeandalucia.org\/granada\/#organization\"},\"potentialAction\":[{\"@type\":\"SearchAction\",\"target\":{\"@type\":\"EntryPoint\",\"urlTemplate\":\"https:\/\/ajeandalucia.org\/granada\/?s={search_term_string}\"},\"query-input\":{\"@type\":\"PropertyValueSpecification\",\"valueRequired\":true,\"valueName\":\"search_term_string\"}}],\"inLanguage\":\"es\"},{\"@type\":\"Organization\",\"@id\":\"https:\/\/ajeandalucia.org\/granada\/#organization\",\"name\":\"AJE Granada\",\"url\":\"https:\/\/ajeandalucia.org\/granada\/\",\"logo\":{\"@type\":\"ImageObject\",\"inLanguage\":\"es\",\"@id\":\"https:\/\/ajeandalucia.org\/granada\/#\/schema\/logo\/image\/\",\"url\":\"https:\/\/ajeandalucia.org\/granada\/wp-content\/uploads\/sites\/7\/2025\/02\/AJE-GRANADA-horizontal.png\",\"contentUrl\":\"https:\/\/ajeandalucia.org\/granada\/wp-content\/uploads\/sites\/7\/2025\/02\/AJE-GRANADA-horizontal.png\",\"width\":612,\"height\":200,\"caption\":\"AJE Granada\"},\"image\":{\"@id\":\"https:\/\/ajeandalucia.org\/granada\/#\/schema\/logo\/image\/\"}},{\"@type\":\"Person\",\"@id\":\"\",\"url\":\"https:\/\/ajeandalucia.org\/granada\/author\/\"}]}<\/script>\n<!-- \/ Yoast SEO plugin. -->","yoast_head_json":{"title":"Taller Venta Creativa - AJE Granada","robots":{"index":"index","follow":"follow","max-snippet":"max-snippet:-1","max-image-preview":"max-image-preview:large","max-video-preview":"max-video-preview:-1"},"canonical":"https:\/\/ajeandalucia.org\/granada\/2012\/11\/22\/taller-venta-creativa\/","og_locale":"es_ES","og_type":"article","og_title":"Taller Venta Creativa - AJE Granada","og_description":"AJE en colaboraci\u00f3n con Success Motivation Institute-Spain&nbsp;(SMI) organiza un taller sobre la din\u00e1mica de la Venta Creativa. &nbsp;En este seminario [&hellip;]","og_url":"https:\/\/ajeandalucia.org\/granada\/2012\/11\/22\/taller-venta-creativa\/","og_site_name":"AJE Granada","article_published_time":"2012-11-22T13:23:23+00:00","twitter_card":"summary_large_image","twitter_misc":{"Escrito por":"","Tiempo de lectura":"2 minutos"},"schema":{"@context":"https:\/\/schema.org","@graph":[{"@type":"Article","@id":"https:\/\/ajeandalucia.org\/granada\/2012\/11\/22\/taller-venta-creativa\/#article","isPartOf":{"@id":"https:\/\/ajeandalucia.org\/granada\/2012\/11\/22\/taller-venta-creativa\/"},"author":{"name":"","@id":""},"headline":"Taller Venta Creativa","datePublished":"2012-11-22T13:23:23+00:00","mainEntityOfPage":{"@id":"https:\/\/ajeandalucia.org\/granada\/2012\/11\/22\/taller-venta-creativa\/"},"wordCount":395,"commentCount":0,"publisher":{"@id":"https:\/\/ajeandalucia.org\/granada\/#organization"},"keywords":["Formaci\u00f3n"],"articleSection":["Noticias"],"inLanguage":"es","potentialAction":[{"@type":"CommentAction","name":"Comment","target":["https:\/\/ajeandalucia.org\/granada\/2012\/11\/22\/taller-venta-creativa\/#respond"]}]},{"@type":"WebPage","@id":"https:\/\/ajeandalucia.org\/granada\/2012\/11\/22\/taller-venta-creativa\/","url":"https:\/\/ajeandalucia.org\/granada\/2012\/11\/22\/taller-venta-creativa\/","name":"Taller Venta Creativa - AJE Granada","isPartOf":{"@id":"https:\/\/ajeandalucia.org\/granada\/#website"},"datePublished":"2012-11-22T13:23:23+00:00","breadcrumb":{"@id":"https:\/\/ajeandalucia.org\/granada\/2012\/11\/22\/taller-venta-creativa\/#breadcrumb"},"inLanguage":"es","potentialAction":[{"@type":"ReadAction","target":["https:\/\/ajeandalucia.org\/granada\/2012\/11\/22\/taller-venta-creativa\/"]}]},{"@type":"BreadcrumbList","@id":"https:\/\/ajeandalucia.org\/granada\/2012\/11\/22\/taller-venta-creativa\/#breadcrumb","itemListElement":[{"@type":"ListItem","position":1,"name":"Portada","item":"https:\/\/ajeandalucia.org\/granada\/"},{"@type":"ListItem","position":2,"name":"Taller Venta Creativa"}]},{"@type":"WebSite","@id":"https:\/\/ajeandalucia.org\/granada\/#website","url":"https:\/\/ajeandalucia.org\/granada\/","name":"AJE Granada","description":"J\u00f3venes Empresarios de Granada","publisher":{"@id":"https:\/\/ajeandalucia.org\/granada\/#organization"},"potentialAction":[{"@type":"SearchAction","target":{"@type":"EntryPoint","urlTemplate":"https:\/\/ajeandalucia.org\/granada\/?s={search_term_string}"},"query-input":{"@type":"PropertyValueSpecification","valueRequired":true,"valueName":"search_term_string"}}],"inLanguage":"es"},{"@type":"Organization","@id":"https:\/\/ajeandalucia.org\/granada\/#organization","name":"AJE Granada","url":"https:\/\/ajeandalucia.org\/granada\/","logo":{"@type":"ImageObject","inLanguage":"es","@id":"https:\/\/ajeandalucia.org\/granada\/#\/schema\/logo\/image\/","url":"https:\/\/ajeandalucia.org\/granada\/wp-content\/uploads\/sites\/7\/2025\/02\/AJE-GRANADA-horizontal.png","contentUrl":"https:\/\/ajeandalucia.org\/granada\/wp-content\/uploads\/sites\/7\/2025\/02\/AJE-GRANADA-horizontal.png","width":612,"height":200,"caption":"AJE Granada"},"image":{"@id":"https:\/\/ajeandalucia.org\/granada\/#\/schema\/logo\/image\/"}},{"@type":"Person","@id":"","url":"https:\/\/ajeandalucia.org\/granada\/author\/"}]}},"_links":{"self":[{"href":"https:\/\/ajeandalucia.org\/granada\/wp-json\/wp\/v2\/posts\/5321","targetHints":{"allow":["GET"]}}],"collection":[{"href":"https:\/\/ajeandalucia.org\/granada\/wp-json\/wp\/v2\/posts"}],"about":[{"href":"https:\/\/ajeandalucia.org\/granada\/wp-json\/wp\/v2\/types\/post"}],"author":[{"embeddable":true,"href":"https:\/\/ajeandalucia.org\/granada\/wp-json\/wp\/v2\/users\/1"}],"replies":[{"embeddable":true,"href":"https:\/\/ajeandalucia.org\/granada\/wp-json\/wp\/v2\/comments?post=5321"}],"version-history":[{"count":0,"href":"https:\/\/ajeandalucia.org\/granada\/wp-json\/wp\/v2\/posts\/5321\/revisions"}],"wp:attachment":[{"href":"https:\/\/ajeandalucia.org\/granada\/wp-json\/wp\/v2\/media?parent=5321"}],"wp:term":[{"taxonomy":"category","embeddable":true,"href":"https:\/\/ajeandalucia.org\/granada\/wp-json\/wp\/v2\/categories?post=5321"},{"taxonomy":"post_tag","embeddable":true,"href":"https:\/\/ajeandalucia.org\/granada\/wp-json\/wp\/v2\/tags?post=5321"}],"curies":[{"name":"wp","href":"https:\/\/api.w.org\/{rel}","templated":true}]}}