{"id":9643,"date":"2013-09-02T10:26:23","date_gmt":"2013-09-02T08:26:23","guid":{"rendered":"http:\/\/www.ajegranada.org\/?p=9643"},"modified":"2013-09-02T10:26:23","modified_gmt":"2013-09-02T08:26:23","slug":"nueva-imagen-corporativa-grupo-13-formacion-y-eventos-oltuguedernau","status":"publish","type":"post","link":"https:\/\/ajeandalucia.org\/granada\/2013\/09\/02\/nueva-imagen-corporativa-grupo-13-formacion-y-eventos-oltuguedernau\/","title":{"rendered":"Nueva imagen corporativa Grupo 13 Formaci\u00f3n y Eventos: Oltuguedernau"},"content":{"rendered":"<p><a href=\"http:\/\/www.ajegranada.org\/wp-content\/uploads\/2013\/06\/Oltuguedernau.jpg\"><img loading=\"lazy\" decoding=\"async\" class=\"size-full wp-image-9640 alignleft\" alt=\"Oltuguedernau\" src=\"http:\/\/www.ajegranada.org\/wp-content\/uploads\/2013\/06\/Oltuguedernau.jpg\" width=\"200\" height=\"200\" \/><\/a>Grupo 13 Formaci\u00f3n y Eventos quiere presentaros la nueva imagen corporativa. A partir de ahora siguen su aventura como Oltuguedernau, mismo equipo de profesionales y mismo objetivo que al inicio de su andadura.<\/p>\n<p>La misi\u00f3n de Oltuguedernau, es que cada persona que se suba a nuestro submarino y quiera sumergirse con nosotros, tras una apasionante traves\u00eda, elevemos juntos el periscopio y avistemos el lugar donde quer\u00edamos llegar, donde quer\u00edas llegar. Que tras la experiencia inolvidable, siempre desees volver a embarcarte con nosotros&#8230;..<\/p>\n<p>Por eso os invitamos a visitar su nueva <a href=\"http:\/\/www.oltuguedernau.com\">p\u00e1gina web <\/a>y que\u00a0te subas a su submarino y dando pase\u00edto por el oc\u00e9ano&#8230; Navegaremos juntos mano a mano y descubriremos nuevos mundos llenos de sensaciones.<\/p>\n","protected":false},"excerpt":{"rendered":"<p>Grupo 13 Formaci\u00f3n y Eventos quiere presentaros la nueva imagen corporativa. A partir de ahora siguen su aventura como Oltuguedernau, [&hellip;]<\/p>\n","protected":false},"author":1,"featured_media":9640,"comment_status":"open","ping_status":"open","sticky":false,"template":"","format":"standard","meta":{"_acf_changed":false,"site-sidebar-layout":"default","site-content-layout":"","ast-site-content-layout":"default","site-content-style":"default","site-sidebar-style":"default","ast-global-header-display":"","ast-banner-title-visibility":"","ast-main-header-display":"","ast-hfb-above-header-display":"","ast-hfb-below-header-display":"","ast-hfb-mobile-header-display":"","site-post-title":"","ast-breadcrumbs-content":"","ast-featured-img":"","footer-sml-layout":"","ast-disable-related-posts":"","theme-transparent-header-meta":"","adv-header-id-meta":"","stick-header-meta":"","header-above-stick-meta":"","header-main-stick-meta":"","header-below-stick-meta":"","astra-migrate-meta-layouts":"default","ast-page-background-enabled":"default","ast-page-background-meta":{"desktop":{"background-color":"var(--ast-global-color-5)","background-image":"","background-repeat":"repeat","background-position":"center center","background-size":"auto","background-attachment":"scroll","background-type":"","background-media":"","overlay-type":"","overlay-color":"","overlay-opacity":"","overlay-gradient":""},"tablet":{"background-color":"","background-image":"","background-repeat":"repeat","background-position":"center center","background-size":"auto","background-attachment":"scroll","background-type":"","background-media":"","overlay-type":"","overlay-color":"","overlay-opacity":"","overlay-gradient":""},"mobile":{"background-color":"","background-image":"","background-repeat":"repeat","background-position":"center center","background-size":"auto","background-attachment":"scroll","background-type":"","background-media":"","overlay-type":"","overlay-color":"","overlay-opacity":"","overlay-gradient":""}},"ast-content-background-meta":{"desktop":{"background-color":"var(--ast-global-color-4)","background-image":"","background-repeat":"repeat","background-position":"center center","background-size":"auto","background-attachment":"scroll","background-type":"","background-media":"","overlay-type":"","overlay-color":"","overlay-opacity":"","overlay-gradient":""},"tablet":{"background-color":"var(--ast-global-color-4)","background-image":"","background-repeat":"repeat","background-position":"center center","background-size":"auto","background-attachment":"scroll","background-type":"","background-media":"","overlay-type":"","overlay-color":"","overlay-opacity":"","overlay-gradient":""},"mobile":{"background-color":"var(--ast-global-color-4)","background-image":"","background-repeat":"repeat","background-position":"center center","background-size":"auto","background-attachment":"scroll","background-type":"","background-media":"","overlay-type":"","overlay-color":"","overlay-opacity":"","overlay-gradient":""}},"footnotes":""},"categories":[91],"tags":[215,224],"class_list":["post-9643","post","type-post","status-publish","format-standard","has-post-thumbnail","hentry","category-empresas-asociadas","tag-asociados-2","tag-imagen-corporativa"],"acf":[],"yoast_head":"<!-- This site is optimized with the Yoast SEO plugin v26.9 - https:\/\/yoast.com\/product\/yoast-seo-wordpress\/ -->\n<title>Nueva imagen corporativa Grupo 13 Formaci\u00f3n y Eventos: Oltuguedernau - AJE Granada<\/title>\n<meta name=\"robots\" content=\"index, follow, max-snippet:-1, max-image-preview:large, max-video-preview:-1\" \/>\n<link rel=\"canonical\" href=\"https:\/\/ajeandalucia.org\/granada\/2013\/09\/02\/nueva-imagen-corporativa-grupo-13-formacion-y-eventos-oltuguedernau\/\" \/>\n<meta property=\"og:locale\" content=\"es_ES\" \/>\n<meta property=\"og:type\" content=\"article\" \/>\n<meta property=\"og:title\" content=\"Nueva imagen corporativa Grupo 13 Formaci\u00f3n y Eventos: Oltuguedernau - AJE Granada\" \/>\n<meta property=\"og:description\" content=\"Grupo 13 Formaci\u00f3n y Eventos quiere presentaros la nueva imagen corporativa. A partir de ahora siguen su aventura como Oltuguedernau, [&hellip;]\" \/>\n<meta property=\"og:url\" content=\"https:\/\/ajeandalucia.org\/granada\/2013\/09\/02\/nueva-imagen-corporativa-grupo-13-formacion-y-eventos-oltuguedernau\/\" \/>\n<meta property=\"og:site_name\" content=\"AJE Granada\" \/>\n<meta property=\"article:published_time\" content=\"2013-09-02T08:26:23+00:00\" \/>\n<meta name=\"twitter:card\" content=\"summary_large_image\" \/>\n<meta name=\"twitter:label1\" content=\"Escrito por\" \/>\n\t<meta name=\"twitter:data1\" content=\"\" \/>\n\t<meta name=\"twitter:label2\" content=\"Tiempo de lectura\" \/>\n\t<meta name=\"twitter:data2\" content=\"1 minuto\" \/>\n<script type=\"application\/ld+json\" class=\"yoast-schema-graph\">{\"@context\":\"https:\/\/schema.org\",\"@graph\":[{\"@type\":\"Article\",\"@id\":\"https:\/\/ajeandalucia.org\/granada\/2013\/09\/02\/nueva-imagen-corporativa-grupo-13-formacion-y-eventos-oltuguedernau\/#article\",\"isPartOf\":{\"@id\":\"https:\/\/ajeandalucia.org\/granada\/2013\/09\/02\/nueva-imagen-corporativa-grupo-13-formacion-y-eventos-oltuguedernau\/\"},\"author\":{\"name\":\"\",\"@id\":\"\"},\"headline\":\"Nueva imagen corporativa Grupo 13 Formaci\u00f3n y Eventos: Oltuguedernau\",\"datePublished\":\"2013-09-02T08:26:23+00:00\",\"mainEntityOfPage\":{\"@id\":\"https:\/\/ajeandalucia.org\/granada\/2013\/09\/02\/nueva-imagen-corporativa-grupo-13-formacion-y-eventos-oltuguedernau\/\"},\"wordCount\":133,\"commentCount\":0,\"publisher\":{\"@id\":\"https:\/\/ajeandalucia.org\/granada\/#organization\"},\"image\":{\"@id\":\"https:\/\/ajeandalucia.org\/granada\/2013\/09\/02\/nueva-imagen-corporativa-grupo-13-formacion-y-eventos-oltuguedernau\/#primaryimage\"},\"thumbnailUrl\":\"\",\"keywords\":[\"Asociados\",\"Imagen Corporativa\"],\"articleSection\":[\"Empresas asociadas\"],\"inLanguage\":\"es\",\"potentialAction\":[{\"@type\":\"CommentAction\",\"name\":\"Comment\",\"target\":[\"https:\/\/ajeandalucia.org\/granada\/2013\/09\/02\/nueva-imagen-corporativa-grupo-13-formacion-y-eventos-oltuguedernau\/#respond\"]}]},{\"@type\":\"WebPage\",\"@id\":\"https:\/\/ajeandalucia.org\/granada\/2013\/09\/02\/nueva-imagen-corporativa-grupo-13-formacion-y-eventos-oltuguedernau\/\",\"url\":\"https:\/\/ajeandalucia.org\/granada\/2013\/09\/02\/nueva-imagen-corporativa-grupo-13-formacion-y-eventos-oltuguedernau\/\",\"name\":\"Nueva imagen corporativa Grupo 13 Formaci\u00f3n y Eventos: Oltuguedernau - AJE Granada\",\"isPartOf\":{\"@id\":\"https:\/\/ajeandalucia.org\/granada\/#website\"},\"primaryImageOfPage\":{\"@id\":\"https:\/\/ajeandalucia.org\/granada\/2013\/09\/02\/nueva-imagen-corporativa-grupo-13-formacion-y-eventos-oltuguedernau\/#primaryimage\"},\"image\":{\"@id\":\"https:\/\/ajeandalucia.org\/granada\/2013\/09\/02\/nueva-imagen-corporativa-grupo-13-formacion-y-eventos-oltuguedernau\/#primaryimage\"},\"thumbnailUrl\":\"\",\"datePublished\":\"2013-09-02T08:26:23+00:00\",\"breadcrumb\":{\"@id\":\"https:\/\/ajeandalucia.org\/granada\/2013\/09\/02\/nueva-imagen-corporativa-grupo-13-formacion-y-eventos-oltuguedernau\/#breadcrumb\"},\"inLanguage\":\"es\",\"potentialAction\":[{\"@type\":\"ReadAction\",\"target\":[\"https:\/\/ajeandalucia.org\/granada\/2013\/09\/02\/nueva-imagen-corporativa-grupo-13-formacion-y-eventos-oltuguedernau\/\"]}]},{\"@type\":\"ImageObject\",\"inLanguage\":\"es\",\"@id\":\"https:\/\/ajeandalucia.org\/granada\/2013\/09\/02\/nueva-imagen-corporativa-grupo-13-formacion-y-eventos-oltuguedernau\/#primaryimage\",\"url\":\"\",\"contentUrl\":\"\"},{\"@type\":\"BreadcrumbList\",\"@id\":\"https:\/\/ajeandalucia.org\/granada\/2013\/09\/02\/nueva-imagen-corporativa-grupo-13-formacion-y-eventos-oltuguedernau\/#breadcrumb\",\"itemListElement\":[{\"@type\":\"ListItem\",\"position\":1,\"name\":\"Portada\",\"item\":\"https:\/\/ajeandalucia.org\/granada\/\"},{\"@type\":\"ListItem\",\"position\":2,\"name\":\"Nueva imagen corporativa Grupo 13 Formaci\u00f3n y Eventos: Oltuguedernau\"}]},{\"@type\":\"WebSite\",\"@id\":\"https:\/\/ajeandalucia.org\/granada\/#website\",\"url\":\"https:\/\/ajeandalucia.org\/granada\/\",\"name\":\"AJE Granada\",\"description\":\"J\u00f3venes Empresarios de Granada\",\"publisher\":{\"@id\":\"https:\/\/ajeandalucia.org\/granada\/#organization\"},\"potentialAction\":[{\"@type\":\"SearchAction\",\"target\":{\"@type\":\"EntryPoint\",\"urlTemplate\":\"https:\/\/ajeandalucia.org\/granada\/?s={search_term_string}\"},\"query-input\":{\"@type\":\"PropertyValueSpecification\",\"valueRequired\":true,\"valueName\":\"search_term_string\"}}],\"inLanguage\":\"es\"},{\"@type\":\"Organization\",\"@id\":\"https:\/\/ajeandalucia.org\/granada\/#organization\",\"name\":\"AJE Granada\",\"url\":\"https:\/\/ajeandalucia.org\/granada\/\",\"logo\":{\"@type\":\"ImageObject\",\"inLanguage\":\"es\",\"@id\":\"https:\/\/ajeandalucia.org\/granada\/#\/schema\/logo\/image\/\",\"url\":\"https:\/\/ajeandalucia.org\/granada\/wp-content\/uploads\/sites\/7\/2025\/02\/AJE-GRANADA-horizontal.png\",\"contentUrl\":\"https:\/\/ajeandalucia.org\/granada\/wp-content\/uploads\/sites\/7\/2025\/02\/AJE-GRANADA-horizontal.png\",\"width\":612,\"height\":200,\"caption\":\"AJE Granada\"},\"image\":{\"@id\":\"https:\/\/ajeandalucia.org\/granada\/#\/schema\/logo\/image\/\"}},{\"@type\":\"Person\",\"@id\":\"\",\"url\":\"https:\/\/ajeandalucia.org\/granada\/author\/\"}]}<\/script>\n<!-- \/ Yoast SEO plugin. -->","yoast_head_json":{"title":"Nueva imagen corporativa Grupo 13 Formaci\u00f3n y Eventos: Oltuguedernau - AJE Granada","robots":{"index":"index","follow":"follow","max-snippet":"max-snippet:-1","max-image-preview":"max-image-preview:large","max-video-preview":"max-video-preview:-1"},"canonical":"https:\/\/ajeandalucia.org\/granada\/2013\/09\/02\/nueva-imagen-corporativa-grupo-13-formacion-y-eventos-oltuguedernau\/","og_locale":"es_ES","og_type":"article","og_title":"Nueva imagen corporativa Grupo 13 Formaci\u00f3n y Eventos: Oltuguedernau - AJE Granada","og_description":"Grupo 13 Formaci\u00f3n y Eventos quiere presentaros la nueva imagen corporativa. A partir de ahora siguen su aventura como Oltuguedernau, [&hellip;]","og_url":"https:\/\/ajeandalucia.org\/granada\/2013\/09\/02\/nueva-imagen-corporativa-grupo-13-formacion-y-eventos-oltuguedernau\/","og_site_name":"AJE Granada","article_published_time":"2013-09-02T08:26:23+00:00","twitter_card":"summary_large_image","twitter_misc":{"Escrito por":"","Tiempo de lectura":"1 minuto"},"schema":{"@context":"https:\/\/schema.org","@graph":[{"@type":"Article","@id":"https:\/\/ajeandalucia.org\/granada\/2013\/09\/02\/nueva-imagen-corporativa-grupo-13-formacion-y-eventos-oltuguedernau\/#article","isPartOf":{"@id":"https:\/\/ajeandalucia.org\/granada\/2013\/09\/02\/nueva-imagen-corporativa-grupo-13-formacion-y-eventos-oltuguedernau\/"},"author":{"name":"","@id":""},"headline":"Nueva imagen corporativa Grupo 13 Formaci\u00f3n y Eventos: Oltuguedernau","datePublished":"2013-09-02T08:26:23+00:00","mainEntityOfPage":{"@id":"https:\/\/ajeandalucia.org\/granada\/2013\/09\/02\/nueva-imagen-corporativa-grupo-13-formacion-y-eventos-oltuguedernau\/"},"wordCount":133,"commentCount":0,"publisher":{"@id":"https:\/\/ajeandalucia.org\/granada\/#organization"},"image":{"@id":"https:\/\/ajeandalucia.org\/granada\/2013\/09\/02\/nueva-imagen-corporativa-grupo-13-formacion-y-eventos-oltuguedernau\/#primaryimage"},"thumbnailUrl":"","keywords":["Asociados","Imagen Corporativa"],"articleSection":["Empresas asociadas"],"inLanguage":"es","potentialAction":[{"@type":"CommentAction","name":"Comment","target":["https:\/\/ajeandalucia.org\/granada\/2013\/09\/02\/nueva-imagen-corporativa-grupo-13-formacion-y-eventos-oltuguedernau\/#respond"]}]},{"@type":"WebPage","@id":"https:\/\/ajeandalucia.org\/granada\/2013\/09\/02\/nueva-imagen-corporativa-grupo-13-formacion-y-eventos-oltuguedernau\/","url":"https:\/\/ajeandalucia.org\/granada\/2013\/09\/02\/nueva-imagen-corporativa-grupo-13-formacion-y-eventos-oltuguedernau\/","name":"Nueva imagen corporativa Grupo 13 Formaci\u00f3n y Eventos: Oltuguedernau - AJE Granada","isPartOf":{"@id":"https:\/\/ajeandalucia.org\/granada\/#website"},"primaryImageOfPage":{"@id":"https:\/\/ajeandalucia.org\/granada\/2013\/09\/02\/nueva-imagen-corporativa-grupo-13-formacion-y-eventos-oltuguedernau\/#primaryimage"},"image":{"@id":"https:\/\/ajeandalucia.org\/granada\/2013\/09\/02\/nueva-imagen-corporativa-grupo-13-formacion-y-eventos-oltuguedernau\/#primaryimage"},"thumbnailUrl":"","datePublished":"2013-09-02T08:26:23+00:00","breadcrumb":{"@id":"https:\/\/ajeandalucia.org\/granada\/2013\/09\/02\/nueva-imagen-corporativa-grupo-13-formacion-y-eventos-oltuguedernau\/#breadcrumb"},"inLanguage":"es","potentialAction":[{"@type":"ReadAction","target":["https:\/\/ajeandalucia.org\/granada\/2013\/09\/02\/nueva-imagen-corporativa-grupo-13-formacion-y-eventos-oltuguedernau\/"]}]},{"@type":"ImageObject","inLanguage":"es","@id":"https:\/\/ajeandalucia.org\/granada\/2013\/09\/02\/nueva-imagen-corporativa-grupo-13-formacion-y-eventos-oltuguedernau\/#primaryimage","url":"","contentUrl":""},{"@type":"BreadcrumbList","@id":"https:\/\/ajeandalucia.org\/granada\/2013\/09\/02\/nueva-imagen-corporativa-grupo-13-formacion-y-eventos-oltuguedernau\/#breadcrumb","itemListElement":[{"@type":"ListItem","position":1,"name":"Portada","item":"https:\/\/ajeandalucia.org\/granada\/"},{"@type":"ListItem","position":2,"name":"Nueva imagen corporativa Grupo 13 Formaci\u00f3n y Eventos: Oltuguedernau"}]},{"@type":"WebSite","@id":"https:\/\/ajeandalucia.org\/granada\/#website","url":"https:\/\/ajeandalucia.org\/granada\/","name":"AJE Granada","description":"J\u00f3venes Empresarios de Granada","publisher":{"@id":"https:\/\/ajeandalucia.org\/granada\/#organization"},"potentialAction":[{"@type":"SearchAction","target":{"@type":"EntryPoint","urlTemplate":"https:\/\/ajeandalucia.org\/granada\/?s={search_term_string}"},"query-input":{"@type":"PropertyValueSpecification","valueRequired":true,"valueName":"search_term_string"}}],"inLanguage":"es"},{"@type":"Organization","@id":"https:\/\/ajeandalucia.org\/granada\/#organization","name":"AJE Granada","url":"https:\/\/ajeandalucia.org\/granada\/","logo":{"@type":"ImageObject","inLanguage":"es","@id":"https:\/\/ajeandalucia.org\/granada\/#\/schema\/logo\/image\/","url":"https:\/\/ajeandalucia.org\/granada\/wp-content\/uploads\/sites\/7\/2025\/02\/AJE-GRANADA-horizontal.png","contentUrl":"https:\/\/ajeandalucia.org\/granada\/wp-content\/uploads\/sites\/7\/2025\/02\/AJE-GRANADA-horizontal.png","width":612,"height":200,"caption":"AJE Granada"},"image":{"@id":"https:\/\/ajeandalucia.org\/granada\/#\/schema\/logo\/image\/"}},{"@type":"Person","@id":"","url":"https:\/\/ajeandalucia.org\/granada\/author\/"}]}},"_links":{"self":[{"href":"https:\/\/ajeandalucia.org\/granada\/wp-json\/wp\/v2\/posts\/9643","targetHints":{"allow":["GET"]}}],"collection":[{"href":"https:\/\/ajeandalucia.org\/granada\/wp-json\/wp\/v2\/posts"}],"about":[{"href":"https:\/\/ajeandalucia.org\/granada\/wp-json\/wp\/v2\/types\/post"}],"author":[{"embeddable":true,"href":"https:\/\/ajeandalucia.org\/granada\/wp-json\/wp\/v2\/users\/1"}],"replies":[{"embeddable":true,"href":"https:\/\/ajeandalucia.org\/granada\/wp-json\/wp\/v2\/comments?post=9643"}],"version-history":[{"count":0,"href":"https:\/\/ajeandalucia.org\/granada\/wp-json\/wp\/v2\/posts\/9643\/revisions"}],"wp:featuredmedia":[{"embeddable":true,"href":"https:\/\/ajeandalucia.org\/granada\/wp-json\/"}],"wp:attachment":[{"href":"https:\/\/ajeandalucia.org\/granada\/wp-json\/wp\/v2\/media?parent=9643"}],"wp:term":[{"taxonomy":"category","embeddable":true,"href":"https:\/\/ajeandalucia.org\/granada\/wp-json\/wp\/v2\/categories?post=9643"},{"taxonomy":"post_tag","embeddable":true,"href":"https:\/\/ajeandalucia.org\/granada\/wp-json\/wp\/v2\/tags?post=9643"}],"curies":[{"name":"wp","href":"https:\/\/api.w.org\/{rel}","templated":true}]}}