{"id":9961,"date":"2013-09-24T09:56:14","date_gmt":"2013-09-24T07:56:14","guid":{"rendered":"http:\/\/www.ajegranada.org\/?p=9961"},"modified":"2013-09-24T09:56:14","modified_gmt":"2013-09-24T07:56:14","slug":"curso-gestion-de-la-formacion-continua-bonificada","status":"publish","type":"post","link":"https:\/\/ajeandalucia.org\/granada\/2013\/09\/24\/curso-gestion-de-la-formacion-continua-bonificada\/","title":{"rendered":"Curso: Gesti\u00f3n de la Formaci\u00f3n Continua Bonificada"},"content":{"rendered":"<p>Centro de Formaci\u00f3n Trajano te invita a participar en la 5\u00aa Edici\u00f3n de su curso\u00a0Gesti\u00f3n de la Formaci\u00f3n Continua Bonificada, el pr\u00f3ximo 18 y 19 de Octubre, en el que aprender\u00e1s a <strong>bonificar la formaci\u00f3n a tus clientes, as\u00ed como el coste de la formaci\u00f3n interna de tus trabajadores.\u00a0<\/strong><\/p>\n<p style=\"text-align: center\"><a href=\"http:\/\/www.ajegranada.org\/wp-content\/uploads\/2013\/09\/Curso-Formaci\u00f3n-Bonificada.jpg\"><img loading=\"lazy\" decoding=\"async\" class=\" wp-image-9962 aligncenter\" alt=\"Curso Formaci\u00f3n Bonificada\" src=\"http:\/\/www.ajegranada.org\/wp-content\/uploads\/2013\/09\/Curso-Formaci\u00f3n-Bonificada.jpg\" width=\"487\" height=\"365\" \/><\/a><\/p>\n<p>Si ya has realizado alguna formaci\u00f3n con Trajano, puedes aprovecharte de un<strong> 5% de descuento, <\/strong>y de\u00a0un<strong> 15 %<\/strong>\u00a0si eres aut\u00f3nomo o desempleado. <strong>Formaci\u00f3n \u00edntegramente bonificable a trav\u00e9s de la Fundaci\u00f3n Tripartita.<\/strong><\/p>\n<p><strong>Inscr\u00edbete en <a href=\"http:\/\/www.trajanoformacion.com\/curso\/gestion-de-la-formacion-continua-bonificada\/\">este enlace <\/a>o remitiendos la ficha de inscripci\u00f3n al de correo formacion@trajanoformacion.com.<\/strong><\/p>\n<p>[wpfilebase tag=file id=290 tpl=download-button \/]<\/p>\n","protected":false},"excerpt":{"rendered":"<p>Centro de Formaci\u00f3n Trajano te invita a participar en la 5\u00aa Edici\u00f3n de su curso\u00a0Gesti\u00f3n de la Formaci\u00f3n Continua Bonificada, [&hellip;]<\/p>\n","protected":false},"author":1,"featured_media":9966,"comment_status":"open","ping_status":"open","sticky":false,"template":"","format":"standard","meta":{"_acf_changed":false,"site-sidebar-layout":"default","site-content-layout":"","ast-site-content-layout":"default","site-content-style":"default","site-sidebar-style":"default","ast-global-header-display":"","ast-banner-title-visibility":"","ast-main-header-display":"","ast-hfb-above-header-display":"","ast-hfb-below-header-display":"","ast-hfb-mobile-header-display":"","site-post-title":"","ast-breadcrumbs-content":"","ast-featured-img":"","footer-sml-layout":"","ast-disable-related-posts":"","theme-transparent-header-meta":"","adv-header-id-meta":"","stick-header-meta":"","header-above-stick-meta":"","header-main-stick-meta":"","header-below-stick-meta":"","astra-migrate-meta-layouts":"default","ast-page-background-enabled":"default","ast-page-background-meta":{"desktop":{"background-color":"var(--ast-global-color-5)","background-image":"","background-repeat":"repeat","background-position":"center center","background-size":"auto","background-attachment":"scroll","background-type":"","background-media":"","overlay-type":"","overlay-color":"","overlay-opacity":"","overlay-gradient":""},"tablet":{"background-color":"","background-image":"","background-repeat":"repeat","background-position":"center center","background-size":"auto","background-attachment":"scroll","background-type":"","background-media":"","overlay-type":"","overlay-color":"","overlay-opacity":"","overlay-gradient":""},"mobile":{"background-color":"","background-image":"","background-repeat":"repeat","background-position":"center center","background-size":"auto","background-attachment":"scroll","background-type":"","background-media":"","overlay-type":"","overlay-color":"","overlay-opacity":"","overlay-gradient":""}},"ast-content-background-meta":{"desktop":{"background-color":"var(--ast-global-color-4)","background-image":"","background-repeat":"repeat","background-position":"center center","background-size":"auto","background-attachment":"scroll","background-type":"","background-media":"","overlay-type":"","overlay-color":"","overlay-opacity":"","overlay-gradient":""},"tablet":{"background-color":"var(--ast-global-color-4)","background-image":"","background-repeat":"repeat","background-position":"center center","background-size":"auto","background-attachment":"scroll","background-type":"","background-media":"","overlay-type":"","overlay-color":"","overlay-opacity":"","overlay-gradient":""},"mobile":{"background-color":"var(--ast-global-color-4)","background-image":"","background-repeat":"repeat","background-position":"center center","background-size":"auto","background-attachment":"scroll","background-type":"","background-media":"","overlay-type":"","overlay-color":"","overlay-opacity":"","overlay-gradient":""}},"footnotes":""},"categories":[8],"tags":[178,96],"class_list":["post-9961","post","type-post","status-publish","format-standard","has-post-thumbnail","hentry","category-noticias","tag-cursos","tag-formacion-2"],"acf":[],"yoast_head":"<!-- This site is optimized with the Yoast SEO plugin v26.9 - https:\/\/yoast.com\/product\/yoast-seo-wordpress\/ -->\n<title>Curso: Gesti\u00f3n de la Formaci\u00f3n Continua Bonificada - AJE Granada<\/title>\n<meta name=\"robots\" content=\"index, follow, max-snippet:-1, max-image-preview:large, max-video-preview:-1\" \/>\n<link rel=\"canonical\" href=\"https:\/\/ajeandalucia.org\/granada\/2013\/09\/24\/curso-gestion-de-la-formacion-continua-bonificada\/\" \/>\n<meta property=\"og:locale\" content=\"es_ES\" \/>\n<meta property=\"og:type\" content=\"article\" \/>\n<meta property=\"og:title\" content=\"Curso: Gesti\u00f3n de la Formaci\u00f3n Continua Bonificada - AJE Granada\" \/>\n<meta property=\"og:description\" content=\"Centro de Formaci\u00f3n Trajano te invita a participar en la 5\u00aa Edici\u00f3n de su curso\u00a0Gesti\u00f3n de la Formaci\u00f3n Continua Bonificada, [&hellip;]\" \/>\n<meta property=\"og:url\" content=\"https:\/\/ajeandalucia.org\/granada\/2013\/09\/24\/curso-gestion-de-la-formacion-continua-bonificada\/\" \/>\n<meta property=\"og:site_name\" content=\"AJE Granada\" \/>\n<meta property=\"article:published_time\" content=\"2013-09-24T07:56:14+00:00\" \/>\n<meta name=\"twitter:card\" content=\"summary_large_image\" \/>\n<meta name=\"twitter:label1\" content=\"Escrito por\" \/>\n\t<meta name=\"twitter:data1\" content=\"\" \/>\n\t<meta name=\"twitter:label2\" content=\"Tiempo de lectura\" \/>\n\t<meta name=\"twitter:data2\" content=\"1 minuto\" \/>\n<script type=\"application\/ld+json\" class=\"yoast-schema-graph\">{\"@context\":\"https:\/\/schema.org\",\"@graph\":[{\"@type\":\"Article\",\"@id\":\"https:\/\/ajeandalucia.org\/granada\/2013\/09\/24\/curso-gestion-de-la-formacion-continua-bonificada\/#article\",\"isPartOf\":{\"@id\":\"https:\/\/ajeandalucia.org\/granada\/2013\/09\/24\/curso-gestion-de-la-formacion-continua-bonificada\/\"},\"author\":{\"name\":\"\",\"@id\":\"\"},\"headline\":\"Curso: Gesti\u00f3n de la Formaci\u00f3n Continua Bonificada\",\"datePublished\":\"2013-09-24T07:56:14+00:00\",\"mainEntityOfPage\":{\"@id\":\"https:\/\/ajeandalucia.org\/granada\/2013\/09\/24\/curso-gestion-de-la-formacion-continua-bonificada\/\"},\"wordCount\":124,\"commentCount\":0,\"publisher\":{\"@id\":\"https:\/\/ajeandalucia.org\/granada\/#organization\"},\"image\":{\"@id\":\"https:\/\/ajeandalucia.org\/granada\/2013\/09\/24\/curso-gestion-de-la-formacion-continua-bonificada\/#primaryimage\"},\"thumbnailUrl\":\"\",\"keywords\":[\"Cursos\",\"Formaci\u00f3n\"],\"articleSection\":[\"Noticias\"],\"inLanguage\":\"es\",\"potentialAction\":[{\"@type\":\"CommentAction\",\"name\":\"Comment\",\"target\":[\"https:\/\/ajeandalucia.org\/granada\/2013\/09\/24\/curso-gestion-de-la-formacion-continua-bonificada\/#respond\"]}]},{\"@type\":\"WebPage\",\"@id\":\"https:\/\/ajeandalucia.org\/granada\/2013\/09\/24\/curso-gestion-de-la-formacion-continua-bonificada\/\",\"url\":\"https:\/\/ajeandalucia.org\/granada\/2013\/09\/24\/curso-gestion-de-la-formacion-continua-bonificada\/\",\"name\":\"Curso: Gesti\u00f3n de la Formaci\u00f3n Continua Bonificada - AJE Granada\",\"isPartOf\":{\"@id\":\"https:\/\/ajeandalucia.org\/granada\/#website\"},\"primaryImageOfPage\":{\"@id\":\"https:\/\/ajeandalucia.org\/granada\/2013\/09\/24\/curso-gestion-de-la-formacion-continua-bonificada\/#primaryimage\"},\"image\":{\"@id\":\"https:\/\/ajeandalucia.org\/granada\/2013\/09\/24\/curso-gestion-de-la-formacion-continua-bonificada\/#primaryimage\"},\"thumbnailUrl\":\"\",\"datePublished\":\"2013-09-24T07:56:14+00:00\",\"breadcrumb\":{\"@id\":\"https:\/\/ajeandalucia.org\/granada\/2013\/09\/24\/curso-gestion-de-la-formacion-continua-bonificada\/#breadcrumb\"},\"inLanguage\":\"es\",\"potentialAction\":[{\"@type\":\"ReadAction\",\"target\":[\"https:\/\/ajeandalucia.org\/granada\/2013\/09\/24\/curso-gestion-de-la-formacion-continua-bonificada\/\"]}]},{\"@type\":\"ImageObject\",\"inLanguage\":\"es\",\"@id\":\"https:\/\/ajeandalucia.org\/granada\/2013\/09\/24\/curso-gestion-de-la-formacion-continua-bonificada\/#primaryimage\",\"url\":\"\",\"contentUrl\":\"\"},{\"@type\":\"BreadcrumbList\",\"@id\":\"https:\/\/ajeandalucia.org\/granada\/2013\/09\/24\/curso-gestion-de-la-formacion-continua-bonificada\/#breadcrumb\",\"itemListElement\":[{\"@type\":\"ListItem\",\"position\":1,\"name\":\"Portada\",\"item\":\"https:\/\/ajeandalucia.org\/granada\/\"},{\"@type\":\"ListItem\",\"position\":2,\"name\":\"Curso: Gesti\u00f3n de la Formaci\u00f3n Continua Bonificada\"}]},{\"@type\":\"WebSite\",\"@id\":\"https:\/\/ajeandalucia.org\/granada\/#website\",\"url\":\"https:\/\/ajeandalucia.org\/granada\/\",\"name\":\"AJE Granada\",\"description\":\"J\u00f3venes Empresarios de Granada\",\"publisher\":{\"@id\":\"https:\/\/ajeandalucia.org\/granada\/#organization\"},\"potentialAction\":[{\"@type\":\"SearchAction\",\"target\":{\"@type\":\"EntryPoint\",\"urlTemplate\":\"https:\/\/ajeandalucia.org\/granada\/?s={search_term_string}\"},\"query-input\":{\"@type\":\"PropertyValueSpecification\",\"valueRequired\":true,\"valueName\":\"search_term_string\"}}],\"inLanguage\":\"es\"},{\"@type\":\"Organization\",\"@id\":\"https:\/\/ajeandalucia.org\/granada\/#organization\",\"name\":\"AJE Granada\",\"url\":\"https:\/\/ajeandalucia.org\/granada\/\",\"logo\":{\"@type\":\"ImageObject\",\"inLanguage\":\"es\",\"@id\":\"https:\/\/ajeandalucia.org\/granada\/#\/schema\/logo\/image\/\",\"url\":\"https:\/\/ajeandalucia.org\/granada\/wp-content\/uploads\/sites\/7\/2025\/02\/AJE-GRANADA-horizontal.png\",\"contentUrl\":\"https:\/\/ajeandalucia.org\/granada\/wp-content\/uploads\/sites\/7\/2025\/02\/AJE-GRANADA-horizontal.png\",\"width\":612,\"height\":200,\"caption\":\"AJE Granada\"},\"image\":{\"@id\":\"https:\/\/ajeandalucia.org\/granada\/#\/schema\/logo\/image\/\"}},{\"@type\":\"Person\",\"@id\":\"\",\"url\":\"https:\/\/ajeandalucia.org\/granada\/author\/\"}]}<\/script>\n<!-- \/ Yoast SEO plugin. -->","yoast_head_json":{"title":"Curso: Gesti\u00f3n de la Formaci\u00f3n Continua Bonificada - AJE Granada","robots":{"index":"index","follow":"follow","max-snippet":"max-snippet:-1","max-image-preview":"max-image-preview:large","max-video-preview":"max-video-preview:-1"},"canonical":"https:\/\/ajeandalucia.org\/granada\/2013\/09\/24\/curso-gestion-de-la-formacion-continua-bonificada\/","og_locale":"es_ES","og_type":"article","og_title":"Curso: Gesti\u00f3n de la Formaci\u00f3n Continua Bonificada - AJE Granada","og_description":"Centro de Formaci\u00f3n Trajano te invita a participar en la 5\u00aa Edici\u00f3n de su curso\u00a0Gesti\u00f3n de la Formaci\u00f3n Continua Bonificada, [&hellip;]","og_url":"https:\/\/ajeandalucia.org\/granada\/2013\/09\/24\/curso-gestion-de-la-formacion-continua-bonificada\/","og_site_name":"AJE Granada","article_published_time":"2013-09-24T07:56:14+00:00","twitter_card":"summary_large_image","twitter_misc":{"Escrito por":"","Tiempo de lectura":"1 minuto"},"schema":{"@context":"https:\/\/schema.org","@graph":[{"@type":"Article","@id":"https:\/\/ajeandalucia.org\/granada\/2013\/09\/24\/curso-gestion-de-la-formacion-continua-bonificada\/#article","isPartOf":{"@id":"https:\/\/ajeandalucia.org\/granada\/2013\/09\/24\/curso-gestion-de-la-formacion-continua-bonificada\/"},"author":{"name":"","@id":""},"headline":"Curso: Gesti\u00f3n de la Formaci\u00f3n Continua Bonificada","datePublished":"2013-09-24T07:56:14+00:00","mainEntityOfPage":{"@id":"https:\/\/ajeandalucia.org\/granada\/2013\/09\/24\/curso-gestion-de-la-formacion-continua-bonificada\/"},"wordCount":124,"commentCount":0,"publisher":{"@id":"https:\/\/ajeandalucia.org\/granada\/#organization"},"image":{"@id":"https:\/\/ajeandalucia.org\/granada\/2013\/09\/24\/curso-gestion-de-la-formacion-continua-bonificada\/#primaryimage"},"thumbnailUrl":"","keywords":["Cursos","Formaci\u00f3n"],"articleSection":["Noticias"],"inLanguage":"es","potentialAction":[{"@type":"CommentAction","name":"Comment","target":["https:\/\/ajeandalucia.org\/granada\/2013\/09\/24\/curso-gestion-de-la-formacion-continua-bonificada\/#respond"]}]},{"@type":"WebPage","@id":"https:\/\/ajeandalucia.org\/granada\/2013\/09\/24\/curso-gestion-de-la-formacion-continua-bonificada\/","url":"https:\/\/ajeandalucia.org\/granada\/2013\/09\/24\/curso-gestion-de-la-formacion-continua-bonificada\/","name":"Curso: Gesti\u00f3n de la Formaci\u00f3n Continua Bonificada - AJE Granada","isPartOf":{"@id":"https:\/\/ajeandalucia.org\/granada\/#website"},"primaryImageOfPage":{"@id":"https:\/\/ajeandalucia.org\/granada\/2013\/09\/24\/curso-gestion-de-la-formacion-continua-bonificada\/#primaryimage"},"image":{"@id":"https:\/\/ajeandalucia.org\/granada\/2013\/09\/24\/curso-gestion-de-la-formacion-continua-bonificada\/#primaryimage"},"thumbnailUrl":"","datePublished":"2013-09-24T07:56:14+00:00","breadcrumb":{"@id":"https:\/\/ajeandalucia.org\/granada\/2013\/09\/24\/curso-gestion-de-la-formacion-continua-bonificada\/#breadcrumb"},"inLanguage":"es","potentialAction":[{"@type":"ReadAction","target":["https:\/\/ajeandalucia.org\/granada\/2013\/09\/24\/curso-gestion-de-la-formacion-continua-bonificada\/"]}]},{"@type":"ImageObject","inLanguage":"es","@id":"https:\/\/ajeandalucia.org\/granada\/2013\/09\/24\/curso-gestion-de-la-formacion-continua-bonificada\/#primaryimage","url":"","contentUrl":""},{"@type":"BreadcrumbList","@id":"https:\/\/ajeandalucia.org\/granada\/2013\/09\/24\/curso-gestion-de-la-formacion-continua-bonificada\/#breadcrumb","itemListElement":[{"@type":"ListItem","position":1,"name":"Portada","item":"https:\/\/ajeandalucia.org\/granada\/"},{"@type":"ListItem","position":2,"name":"Curso: Gesti\u00f3n de la Formaci\u00f3n Continua Bonificada"}]},{"@type":"WebSite","@id":"https:\/\/ajeandalucia.org\/granada\/#website","url":"https:\/\/ajeandalucia.org\/granada\/","name":"AJE Granada","description":"J\u00f3venes Empresarios de Granada","publisher":{"@id":"https:\/\/ajeandalucia.org\/granada\/#organization"},"potentialAction":[{"@type":"SearchAction","target":{"@type":"EntryPoint","urlTemplate":"https:\/\/ajeandalucia.org\/granada\/?s={search_term_string}"},"query-input":{"@type":"PropertyValueSpecification","valueRequired":true,"valueName":"search_term_string"}}],"inLanguage":"es"},{"@type":"Organization","@id":"https:\/\/ajeandalucia.org\/granada\/#organization","name":"AJE Granada","url":"https:\/\/ajeandalucia.org\/granada\/","logo":{"@type":"ImageObject","inLanguage":"es","@id":"https:\/\/ajeandalucia.org\/granada\/#\/schema\/logo\/image\/","url":"https:\/\/ajeandalucia.org\/granada\/wp-content\/uploads\/sites\/7\/2025\/02\/AJE-GRANADA-horizontal.png","contentUrl":"https:\/\/ajeandalucia.org\/granada\/wp-content\/uploads\/sites\/7\/2025\/02\/AJE-GRANADA-horizontal.png","width":612,"height":200,"caption":"AJE Granada"},"image":{"@id":"https:\/\/ajeandalucia.org\/granada\/#\/schema\/logo\/image\/"}},{"@type":"Person","@id":"","url":"https:\/\/ajeandalucia.org\/granada\/author\/"}]}},"_links":{"self":[{"href":"https:\/\/ajeandalucia.org\/granada\/wp-json\/wp\/v2\/posts\/9961","targetHints":{"allow":["GET"]}}],"collection":[{"href":"https:\/\/ajeandalucia.org\/granada\/wp-json\/wp\/v2\/posts"}],"about":[{"href":"https:\/\/ajeandalucia.org\/granada\/wp-json\/wp\/v2\/types\/post"}],"author":[{"embeddable":true,"href":"https:\/\/ajeandalucia.org\/granada\/wp-json\/wp\/v2\/users\/1"}],"replies":[{"embeddable":true,"href":"https:\/\/ajeandalucia.org\/granada\/wp-json\/wp\/v2\/comments?post=9961"}],"version-history":[{"count":0,"href":"https:\/\/ajeandalucia.org\/granada\/wp-json\/wp\/v2\/posts\/9961\/revisions"}],"wp:featuredmedia":[{"embeddable":true,"href":"https:\/\/ajeandalucia.org\/granada\/wp-json\/"}],"wp:attachment":[{"href":"https:\/\/ajeandalucia.org\/granada\/wp-json\/wp\/v2\/media?parent=9961"}],"wp:term":[{"taxonomy":"category","embeddable":true,"href":"https:\/\/ajeandalucia.org\/granada\/wp-json\/wp\/v2\/categories?post=9961"},{"taxonomy":"post_tag","embeddable":true,"href":"https:\/\/ajeandalucia.org\/granada\/wp-json\/wp\/v2\/tags?post=9961"}],"curies":[{"name":"wp","href":"https:\/\/api.w.org\/{rel}","templated":true}]}}