{"id":2997,"date":"2022-10-03T13:57:43","date_gmt":"2022-10-03T13:57:43","guid":{"rendered":"https:\/\/www.ajeandalucia.org\/huelva\/?p=2997"},"modified":"2022-10-03T13:57:43","modified_gmt":"2022-10-03T13:57:43","slug":"crea-y-crece-boe","status":"publish","type":"post","link":"https:\/\/ajeandalucia.org\/huelva\/2022\/10\/03\/crea-y-crece-boe\/","title":{"rendered":"El BOE publica la Ley &#8220;Crea y Crece&#8221;"},"content":{"rendered":"<p style=\"font-weight: 400\">El<strong> mi\u00e9rcoles 28 de septiembre<\/strong> se produjo, definitivamente, la <strong>publicaci\u00f3n en el BOE la tan esperada Ley denominada CREA Y CRECE<\/strong>.\u00a0La presente Ley entrar\u00e1 en vigor a los veinte d\u00edas de su publicaci\u00f3n en el BOE.<\/p>\n<p style=\"font-weight: 400\">Esta norma tiene como objetivo<strong> impulsar la creaci\u00f3n de empresas y fomentar su expansi\u00f3n<\/strong> a trav\u00e9s de la mejora regulatoria, la eliminaci\u00f3n de obst\u00e1culos a las actividades econ\u00f3micas y la lucha contra la morosidad. Entre los <strong>cambios recogidos en esta ley\u00a0<\/strong><em>\u2014<\/em>adem\u00e1s del resto de medidas<em>\u2014<\/em>, relacionados con el \u00e1mbito societario mercantil, destacamos los siguientes:<\/p>\n<ul style=\"font-weight: 400\">\n<li><strong><u>Modificaci\u00f3n del Capital Social M\u00ednimo (art 2)<\/u><\/strong><strong>.\u00a0<\/strong>En cuanto al\u00a0capital social de las sociedades limitadas este no podr\u00e1 ser inferior a un euro. Mientras el capital de las sociedades de responsabilidad limitada no alcance la cifra de tres mil euros, se aplicar\u00e1n las siguientes reglas:<br \/>\na)\u00a0Deber\u00e1\u00a0destinarse a la reserva legal una cifra al menos igual al 20 por ciento del beneficio hasta que dicha reserva junto con el capital social alcance el importe de tres mil euros;<br \/>\nb)\u00a0En caso de\u00a0liquidaci\u00f3n, voluntaria o forzosa, si el patrimonio de la sociedad fuera insuficiente\u00a0para atender el pago de las obligaciones sociales,\u00a0los socios responder\u00e1n solidariamente de la diferencia entre el importe de tres mil euros y la cifra del capital suscrito.<\/li>\n<li>En cuanto a las sociedades de responsabilidad limitada acogidas al\u00a0r\u00e9gimen de formaci\u00f3n sucesiva\u00a0que, con anterioridad a la fecha de entrada en vigor de esta ley, hubieran estado sujetas a lo dispuesto en el\u00a0<em>a<a href=\"https:\/\/economistas-desarrollo.es\/?mailpoet_router&amp;endpoint=track&amp;action=click&amp;data=WyIxNjQ2NSIsIjM0YjMwYWUzMjY4NzhlMmMxMTk3MDcxN2I5NTM4ZDhhIiwiNTcxIiwiYTc1MjQxNjZjYjI5IixmYWxzZV0\">rt\u00edculo 4 bis<\/a><\/em><a href=\"https:\/\/economistas-desarrollo.es\/?mailpoet_router&amp;endpoint=track&amp;action=click&amp;data=WyIxNjQ2NSIsIjM0YjMwYWUzMjY4NzhlMmMxMTk3MDcxN2I5NTM4ZDhhIiwiNTcxIiwiYTc1MjQxNjZjYjI5IixmYWxzZV0\">\u00a0de la TRLSC<\/a>, podr\u00e1n\u00a0optar por modificar sus estatutos para dejar de estar sometidas a este r\u00e9gimen\u00a0y regirse, mientras su capital social no alcance la cifra de tres mil euros, por las reglas establecidas en la disposici\u00f3n transitoria segunda;<\/li>\n<li><strong><u>Referencia Puntos PAE (art 3)<\/u><\/strong><strong>.\u00a0<\/strong>Los Notarios y los intermediarios que\u00a0participen en la creaci\u00f3n de las sociedades de responsabilidad limitada deber\u00e1n informar a los fundadores, de acuerdo con lo que se establezca reglamentariamente,\u00a0de las ventajas de emplear los Puntos de Atenci\u00f3n al Emprendedor (PAE)\u00a0y el\u00a0<a href=\"https:\/\/economistas-desarrollo.es\/?mailpoet_router&amp;endpoint=track&amp;action=click&amp;data=WyIxNjQ2NSIsIjM0YjMwYWUzMjY4NzhlMmMxMTk3MDcxN2I5NTM4ZDhhIiwiNTcxIiwiZWFjZDNjOTM2ODhkIixmYWxzZV0\">Centro de Informaci\u00f3n y Red de Creaci\u00f3n de Empresa (CIRCE)<\/a>, para su constituci\u00f3n y la realizaci\u00f3n de otros tr\u00e1mites ligados al inicio de su actividad. Sobre este particular cabe recordar el convenio suscrito por el\u00a0<a href=\"https:\/\/economistas-desarrollo.es\/?mailpoet_router&amp;endpoint=track&amp;action=click&amp;data=WyIxNjQ2NSIsIjM0YjMwYWUzMjY4NzhlMmMxMTk3MDcxN2I5NTM4ZDhhIiwiNTcxIiwiY2FhODg1ZDUzM2E5IixmYWxzZV0\">Consejo General de Economistas de Espa\u00f1a,<\/a>\u00a0a trav\u00e9s del cual se posibilita que los economistas se establezcan como punto PAE;<\/li>\n<li><strong><u>Modificaci\u00f3n art 8 de la Ley 14\/2013, de 27 de septiembre, de apoyo a los emprendedores y su internacionalizaci\u00f3n (art 5)<\/u><\/strong><strong>.\u00a0<\/strong>A trav\u00e9s de esta medida, se modifica el alcance de la eficacia respecto a la responsabilidad del Emprendedor de Responsabilidad Limitada inscrito en el Registro Mercantil. Adem\u00e1s de estar protegida la vivienda habitual \u2014siempre que su valor no supere los 300.000 euros\u2014 como novedad se incluyen lo los\u00a0bienes de equipo productivo afectos a la explotaci\u00f3n y los que los reemplacen debidamente identificados en el Registro de Bienes Muebles y con el l\u00edmite del volumen de facturaci\u00f3n agregado de los dos \u00faltimos ejercicios;<\/li>\n<li><strong><u>Modificaci\u00f3n art 15 de la Ley 14\/2013, de 27 de septiembre, de apoyo a los emprendedores y su internacionalizaci\u00f3n (art 5)<\/u><\/strong><strong>.\u00a0<\/strong>Con esta modificaci\u00f3n, por una parte,\u00a0se da cobertura a los documentos redactados en lengua extranjera\u00a0\u2014en la constituci\u00f3n de sociedades\u2014 al deber ser acompa\u00f1ados de una traducci\u00f3n al espa\u00f1ol por traductor jurado. Esta disposici\u00f3n se entiende sin perjuicio del r\u00e9gimen ling\u00fc\u00edstico aplicable en las Comunidades Aut\u00f3nomas en las que otras lenguas espa\u00f1olas distintas del castellano son tambi\u00e9n oficiales. Los documentos p\u00fablicos extranjeros deber\u00e1n ir provistos de la correspondiente apostilla o legalizaci\u00f3n diplom\u00e1tica, salvo en los casos exceptuados por disposici\u00f3n de la ley o de los convenios internacionales vigentes en Espa\u00f1a. Por otra parte, la segunda novedad es la referente al\u00a0pago de tasas mercantiles\u00a0pues seg\u00fan el<em>\u00a0punto n\u00fam. 9<\/em>,\u00a0la publicaci\u00f3n de la inscripci\u00f3n de la sociedad en el Bolet\u00edn Oficial del Registro Mercantil estar\u00e1 exenta del pago de tasas<strong>;<\/strong><\/li>\n<li><strong><u>Modificaci\u00f3n del plazo de inscripci\u00f3n de sociedades \u2014art 16 de la Ley 14\/2013\u2014 (art 5)<\/u><\/strong><strong>.<\/strong>\u00a0La medida consiste en modificar el\u00a0<em>apartado 4<\/em>\u00a0de la citada ley, en el siguiente sentido: &#8220;<em>La escritura de constituci\u00f3n\u00a0<\/em><em>se inscribir\u00e1 de forma definitiva en los t\u00e9rminos de su otorgamiento dentro del plazo de 5 d\u00edas contados desde el siguiente al de la fecha del asiento de presentaci\u00f3n o<\/em><em>, en su caso, al de la fecha de devoluci\u00f3n del documento retirado, entendiendo que esta segunda inscripci\u00f3n vale como modificaci\u00f3n de estatutos. Si la inscripci\u00f3n definitiva se practica vigente el asiento de presentaci\u00f3n los efectos se retrotraer\u00e1n a esta fecha. Cuando no sea posible completar el procedimiento dentro de los plazos se\u00f1alados el Registrador Mercantil notificar\u00e1 al solicitante los motivos del retraso&#8221;.\u00a0<\/em>Sobre este particular cabe recordar que, de conformidad a la norma actual, la escritura de constituci\u00f3n se inscribe de forma definitiva en los t\u00e9rminos de su otorgamiento dentro del plazo de calificaci\u00f3n ordinario, pudiendo producir este cambio en nuestra opini\u00f3n un acortamiento en los plazos de inscripci\u00f3n de la escritura de constituci\u00f3n en el RM;<\/li>\n<li><strong><u>Modificaci\u00f3n de la Ley 20\/2013, de 9 de diciembre, de garant\u00eda de la unidad de mercado (art 6).<\/u><\/strong>\u00a0Adem\u00e1s del resto de modificaciones, destacamos que \u2014a solicitud del Consejo General de Economistas de Espa\u00f1a\u2014 el apartado 5 del art 14 &#8220;Cooperaci\u00f3n en la elaboraci\u00f3n de proyectos normativos&#8221; queda redactado como sigue: \u00ab<em>En los procedimientos de consulta p\u00fablica y de audiencia e informaci\u00f3n p\u00fablica de las leyes y disposiciones normativas de car\u00e1cter general, los operadores econ\u00f3micos o sus asociaciones representativas y los\u00a0<\/em><em>colegios profesionales y sus respectivos Consejos Generales podr\u00e1n pronunciarse sobre el impacto de la normativa en la unidad de mercado<\/em>\u00bb.<\/li>\n<li><strong><u>Modificaci\u00f3n de la Ley 12\/2012, de 26 de diciembre, de medidas urgentes de liberalizaci\u00f3n del comercio y de determinados servicios (art 8)<\/u><\/strong><strong>.\u00a0<\/strong>Se a\u00f1aden determinados ep\u00edgrafes \u2014como el CNAE 846. Empresas de estudio de mercado\u2014, al anexo de la Ley 12\/2012 la cual regula en otras medias, la inexigibilidad de licencia para estas actividades.<\/li>\n<li><strong><u>Modificaci\u00f3n de la Ley 15\/2010, de 5 de julio, de modificaci\u00f3n de la Ley 3\/2004, de 29 de diciembre, por la que se establecen medidas de lucha contra la morosidad en las operaciones comerciales. (art 9)<\/u><\/strong><strong>.\u00a0<\/strong>En particular, destacamos la disposici\u00f3n adicional tercera. Seg\u00fan la norma,\u00a0todas las sociedades mercantiles incluir\u00e1n de forma expresa en la memoria de sus cuentas anuales su per\u00edodo medio de pago a proveedores.\u00a0Las sociedades mercantiles que no sean cotizadas y no presenten cuentas anuales abreviadas publicar\u00e1n su periodo medio de pago a proveedores, el volumen monetario y n\u00famero de facturas pagadas en un periodo inferior al m\u00e1ximo establecido en la normativa de morosidad y el porcentaje que suponen sobre el n\u00famero total de facturas y sobre el total monetario de los pagos a sus proveedores en su p\u00e1gina web, si la tienen. Esta informaci\u00f3n se incluir\u00e1 en la memoria de sus cuentas anuales. El ICAC mediante resoluci\u00f3n indicar\u00e1 las adaptaciones que resulten necesarias para que se aplique adecuadamente la metodolog\u00eda de c\u00e1lculo del periodo medio de pago a proveedores determinada por el Ministerio de Hacienda y Funci\u00f3n P\u00fablica;<\/li>\n<li><strong><u>Modificaci\u00f3n del art\u00edculo 13 de la Ley 38\/2003, General de Subvenciones (art 11)<\/u><\/strong>. Se ha introducido un nuevo\u00a0<em>apartado 3 bis al art\u00edculo 13 de la citada ley<\/em>\u00a0siendo el siguiente: &#8220;<em>cuando los potenciales solicitantes \u2014de subvenciones\u2014 sean \u00fanicamente sujetos incluidos en el \u00e1mbito de aplicaci\u00f3n de la Ley 3\/2004, de 29 de diciembre, por la que se establecen medidas de lucha contra la morosidad en las operaciones comerciales,\u00a0<\/em><em>no podr\u00e1n obtener la condici\u00f3n de beneficiario o entidad colaboradora las empresas que incumplan los plazos de pago previstos en la citada Ley.<\/em><em>\u00a0Esta circunstancia se acreditar\u00e1 de conformidad con lo previsto en el art\u00edculo 26 del Reglamento de esta Ley;<\/em><\/li>\n<li><strong><u>Modificaci\u00f3n de la Ley 56\/2007, de 28 de diciembre, de Medidas de Impulso de la Sociedad de la Informaci\u00f3n (Art 12)<\/u><\/strong><strong>.\u00a0<\/strong>Tal como indica la norma,\u00a0todas las empresas y aut\u00f3nomos deber\u00e1n expedir y remitir facturas electr\u00f3nicas en sus relaciones comerciales con otras empresas y aut\u00f3nomos. No obstante, las agencias de viaje, los servicios de transporte y las actividades de comercio al por menor s\u00f3lo est\u00e1n obligadas a emitir facturas electr\u00f3nicas en los t\u00e9rminos previstos en el p\u00e1rrafo anterior cuando la contrataci\u00f3n se haya llevado a cabo por medios electr\u00f3nicos. Constituir\u00e1\u00a0infracci\u00f3n administrativa el no ofrecer a los clientes la posibilidad de recibir facturas electr\u00f3nicas y el no permitir el acceso a sus facturas a quienes hayan dejado de serlo y podr\u00e1 ser sancionada con apercibimiento o multa de hasta 10.000 euros.\u00a0En cuanto a la entrada en vigor de esta medida, tal como indica la disposici\u00f3n final octava, empresarios y profesionales cuya facturaci\u00f3n anual sea superior a ocho millones de euros, al a\u00f1o de aprobarse el desarrollo reglamentario\u00a0<em>\u2014<\/em>que seg\u00fan la Disposici\u00f3n final s\u00e9ptima el plazo para aprobar estos desarrollos reglamentarios ser\u00e1 de seis meses a contar desde la publicaci\u00f3n en el BOE de la presente ley<em>\u2014<\/em>\u00a0.\u00a0Para el resto de los empresarios y profesionales, este art\u00edculo producir\u00e1 efectos a los dos a\u00f1os de aprobarse el desarrollo reglamentario. La entrada en vigor del art\u00edculo 12 est\u00e1 supeditada a la obtenci\u00f3n de la excepci\u00f3n comunitaria a los art\u00edculos 218 y 232 de la Directiva 2006\/112\/CE del Consejo, de 28 de noviembre de 2006, relativa al sistema com\u00fan del impuesto sobre el valor a\u00f1adido;<\/li>\n<li><strong><u>Modificaci\u00f3n del art\u00edculo 75.2 de la Ley 22\/2014: flexibiliza el r\u00e9gimen para inversores no profesionales en entidades de capital riesgo (Art 17)<\/u><\/strong><strong>.\u00a0<\/strong>Como alternativa a la exigencia de 100.000 euros de inversi\u00f3n inicial, se permitir\u00e1 la comercializaci\u00f3n a minoristas siempre que accedan a la inversi\u00f3n a trav\u00e9s de la recomendaci\u00f3n de una entidad autorizada para la prestaci\u00f3n del servicio de asesoramiento, con una inversi\u00f3n m\u00ednima inicial de 10.000 euros y, adem\u00e1s, en el caso de que su patrimonio financiero no supere los 500.000 euros, la inversi\u00f3n sea como m\u00ednimo de 10.000 euros, y se mantenga, y no represente a su vez m\u00e1s del 10% de dicho patrimonio;<\/li>\n<li><strong><u>Disposici\u00f3n adicional octava. Sociedades civiles.<\/u><\/strong><strong>\u00a0<\/strong>Las sociedades civiles por su objeto que no tengan forma mercantil constituidas conforme al derecho com\u00fan, foral o especial que les sea\u00a0aplicable podr\u00e1n inscribirse en el Registro Mercantil con arreglo a las normas generales de su Reglamento en cuanto le sean aplicables;<\/li>\n<li><strong><u>Disposici\u00f3n adicional novena<\/u><\/strong><strong>.\u00a0<\/strong>Se impulsar\u00e1n los trabajos para llevar a cabo o los desarrollos tecnol\u00f3gicos que posibiliten la constituci\u00f3n de cooperativas y de sociedades limitadas laborales a trav\u00e9s de CIRCE;<\/li>\n<li><strong><u>Disposici\u00f3n adicional d\u00e9cima. Reconocimiento de las Sociedades de Beneficio e Inter\u00e9s Com\u00fan<\/u><\/strong><strong>.\u00a0<\/strong>Se reconoce la figura de este tipo de sociedades como aquellas sociedades de capital que, voluntariamente, decidan recoger en sus estatutos entre otras cosas: su compromiso con la generaci\u00f3n expl\u00edcita de impacto positivo a nivel social y medioambiental a trav\u00e9s de su actividad o su sometimiento a mayores niveles de transparencia y rendici\u00f3n de cuentas.<\/li>\n<\/ul>\n<p>Seguiremos informando sobre su actualizaci\u00f3n.<\/p>\n","protected":false},"excerpt":{"rendered":"<p>El mi\u00e9rcoles 28 de septiembre se produjo, definitivamente, la publicaci\u00f3n en el BOE la tan esperada Ley denominada CREA Y [&hellip;]<\/p>\n","protected":false},"author":7,"featured_media":0,"comment_status":"open","ping_status":"open","sticky":false,"template":"","format":"standard","meta":{"_acf_changed":false,"site-sidebar-layout":"default","site-content-layout":"","ast-site-content-layout":"default","site-content-style":"default","site-sidebar-style":"default","ast-global-header-display":"","ast-banner-title-visibility":"","ast-main-header-display":"","ast-hfb-above-header-display":"","ast-hfb-below-header-display":"","ast-hfb-mobile-header-display":"","site-post-title":"","ast-breadcrumbs-content":"","ast-featured-img":"","footer-sml-layout":"","ast-disable-related-posts":"","theme-transparent-header-meta":"","adv-header-id-meta":"","stick-header-meta":"","header-above-stick-meta":"","header-main-stick-meta":"","header-below-stick-meta":"","astra-migrate-meta-layouts":"default","ast-page-background-enabled":"default","ast-page-background-meta":{"desktop":{"background-color":"var(--ast-global-color-5)","background-image":"","background-repeat":"repeat","background-position":"center center","background-size":"auto","background-attachment":"scroll","background-type":"","background-media":"","overlay-type":"","overlay-color":"","overlay-opacity":"","overlay-gradient":""},"tablet":{"background-color":"","background-image":"","background-repeat":"repeat","background-position":"center center","background-size":"auto","background-attachment":"scroll","background-type":"","background-media":"","overlay-type":"","overlay-color":"","overlay-opacity":"","overlay-gradient":""},"mobile":{"background-color":"","background-image":"","background-repeat":"repeat","background-position":"center center","background-size":"auto","background-attachment":"scroll","background-type":"","background-media":"","overlay-type":"","overlay-color":"","overlay-opacity":"","overlay-gradient":""}},"ast-content-background-meta":{"desktop":{"background-color":"var(--ast-global-color-4)","background-image":"","background-repeat":"repeat","background-position":"center center","background-size":"auto","background-attachment":"scroll","background-type":"","background-media":"","overlay-type":"","overlay-color":"","overlay-opacity":"","overlay-gradient":""},"tablet":{"background-color":"var(--ast-global-color-4)","background-image":"","background-repeat":"repeat","background-position":"center center","background-size":"auto","background-attachment":"scroll","background-type":"","background-media":"","overlay-type":"","overlay-color":"","overlay-opacity":"","overlay-gradient":""},"mobile":{"background-color":"var(--ast-global-color-4)","background-image":"","background-repeat":"repeat","background-position":"center center","background-size":"auto","background-attachment":"scroll","background-type":"","background-media":"","overlay-type":"","overlay-color":"","overlay-opacity":"","overlay-gradient":""}},"footnotes":""},"categories":[8],"tags":[54,55,53,52],"class_list":["post-2997","post","type-post","status-publish","format-standard","hentry","category-noticias","tag-autonomo","tag-boe","tag-crea-y-crece","tag-ley-crea-y-crece"],"acf":[],"yoast_head":"<!-- This site is optimized with the Yoast SEO plugin v26.9 - https:\/\/yoast.com\/product\/yoast-seo-wordpress\/ -->\n<title>El BOE publica la Ley &quot;Crea y Crece&quot; - AJE Huelva<\/title>\n<meta name=\"description\" content=\"El BOE publica la Ley &quot;Crea y Crece&quot;, cuyo objetivo es impulsar la creaci\u00f3n de empresas y fomentar su expansi\u00f3n. Consulta todo sobre ella.\" \/>\n<meta name=\"robots\" content=\"index, follow, max-snippet:-1, max-image-preview:large, max-video-preview:-1\" \/>\n<link rel=\"canonical\" href=\"https:\/\/ajeandalucia.org\/huelva\/2022\/10\/03\/crea-y-crece-boe\/\" \/>\n<meta property=\"og:locale\" content=\"es_ES\" \/>\n<meta property=\"og:type\" content=\"article\" \/>\n<meta property=\"og:title\" content=\"El BOE publica la Ley &quot;Crea y Crece&quot; - AJE Huelva\" \/>\n<meta property=\"og:description\" content=\"El BOE publica la Ley &quot;Crea y Crece&quot;, cuyo objetivo es impulsar la creaci\u00f3n de empresas y fomentar su expansi\u00f3n. Consulta todo sobre ella.\" \/>\n<meta property=\"og:url\" content=\"https:\/\/ajeandalucia.org\/huelva\/2022\/10\/03\/crea-y-crece-boe\/\" \/>\n<meta property=\"og:site_name\" content=\"AJE Huelva\" \/>\n<meta property=\"article:published_time\" content=\"2022-10-03T13:57:43+00:00\" \/>\n<meta name=\"author\" content=\"huelva\" \/>\n<meta name=\"twitter:card\" content=\"summary_large_image\" \/>\n<meta name=\"twitter:label1\" content=\"Escrito por\" \/>\n\t<meta name=\"twitter:data1\" content=\"huelva\" \/>\n\t<meta name=\"twitter:label2\" content=\"Tiempo de lectura\" \/>\n\t<meta name=\"twitter:data2\" content=\"10 minutos\" \/>\n<script type=\"application\/ld+json\" class=\"yoast-schema-graph\">{\"@context\":\"https:\/\/schema.org\",\"@graph\":[{\"@type\":\"Article\",\"@id\":\"https:\/\/ajeandalucia.org\/huelva\/2022\/10\/03\/crea-y-crece-boe\/#article\",\"isPartOf\":{\"@id\":\"https:\/\/ajeandalucia.org\/huelva\/2022\/10\/03\/crea-y-crece-boe\/\"},\"author\":{\"name\":\"huelva\",\"@id\":\"https:\/\/ajeandalucia.org\/huelva\/#\/schema\/person\/6fe98e5ef684b29f05ceb2b41c379d69\"},\"headline\":\"El BOE publica la Ley &#8220;Crea y Crece&#8221;\",\"datePublished\":\"2022-10-03T13:57:43+00:00\",\"mainEntityOfPage\":{\"@id\":\"https:\/\/ajeandalucia.org\/huelva\/2022\/10\/03\/crea-y-crece-boe\/\"},\"wordCount\":1937,\"commentCount\":0,\"publisher\":{\"@id\":\"https:\/\/ajeandalucia.org\/huelva\/#organization\"},\"keywords\":[\"aut\u00f3nomo\",\"boe\",\"crea y crece\",\"ley crea y crece\"],\"articleSection\":[\"Noticias\"],\"inLanguage\":\"es\",\"potentialAction\":[{\"@type\":\"CommentAction\",\"name\":\"Comment\",\"target\":[\"https:\/\/ajeandalucia.org\/huelva\/2022\/10\/03\/crea-y-crece-boe\/#respond\"]}]},{\"@type\":\"WebPage\",\"@id\":\"https:\/\/ajeandalucia.org\/huelva\/2022\/10\/03\/crea-y-crece-boe\/\",\"url\":\"https:\/\/ajeandalucia.org\/huelva\/2022\/10\/03\/crea-y-crece-boe\/\",\"name\":\"El BOE publica la Ley \\\"Crea y Crece\\\" - AJE Huelva\",\"isPartOf\":{\"@id\":\"https:\/\/ajeandalucia.org\/huelva\/#website\"},\"datePublished\":\"2022-10-03T13:57:43+00:00\",\"description\":\"El BOE publica la Ley \\\"Crea y Crece\\\", cuyo objetivo es impulsar la creaci\u00f3n de empresas y fomentar su expansi\u00f3n. Consulta todo sobre ella.\",\"breadcrumb\":{\"@id\":\"https:\/\/ajeandalucia.org\/huelva\/2022\/10\/03\/crea-y-crece-boe\/#breadcrumb\"},\"inLanguage\":\"es\",\"potentialAction\":[{\"@type\":\"ReadAction\",\"target\":[\"https:\/\/ajeandalucia.org\/huelva\/2022\/10\/03\/crea-y-crece-boe\/\"]}]},{\"@type\":\"BreadcrumbList\",\"@id\":\"https:\/\/ajeandalucia.org\/huelva\/2022\/10\/03\/crea-y-crece-boe\/#breadcrumb\",\"itemListElement\":[{\"@type\":\"ListItem\",\"position\":1,\"name\":\"Portada\",\"item\":\"https:\/\/ajeandalucia.org\/huelva\/\"},{\"@type\":\"ListItem\",\"position\":2,\"name\":\"El BOE publica la Ley &#8220;Crea y Crece&#8221;\"}]},{\"@type\":\"WebSite\",\"@id\":\"https:\/\/ajeandalucia.org\/huelva\/#website\",\"url\":\"https:\/\/ajeandalucia.org\/huelva\/\",\"name\":\"AJE Huelva\",\"description\":\"Asociaci\u00f3n de J\u00f3venes Empresarios de Huelva\",\"publisher\":{\"@id\":\"https:\/\/ajeandalucia.org\/huelva\/#organization\"},\"potentialAction\":[{\"@type\":\"SearchAction\",\"target\":{\"@type\":\"EntryPoint\",\"urlTemplate\":\"https:\/\/ajeandalucia.org\/huelva\/?s={search_term_string}\"},\"query-input\":{\"@type\":\"PropertyValueSpecification\",\"valueRequired\":true,\"valueName\":\"search_term_string\"}}],\"inLanguage\":\"es\"},{\"@type\":\"Organization\",\"@id\":\"https:\/\/ajeandalucia.org\/huelva\/#organization\",\"name\":\"AJE Huelva\",\"url\":\"https:\/\/ajeandalucia.org\/huelva\/\",\"logo\":{\"@type\":\"ImageObject\",\"inLanguage\":\"es\",\"@id\":\"https:\/\/ajeandalucia.org\/huelva\/#\/schema\/logo\/image\/\",\"url\":\"https:\/\/ajeandalucia.org\/huelva\/wp-content\/uploads\/sites\/8\/2025\/02\/AJE-HUELVA-horizontal.png\",\"contentUrl\":\"https:\/\/ajeandalucia.org\/huelva\/wp-content\/uploads\/sites\/8\/2025\/02\/AJE-HUELVA-horizontal.png\",\"width\":612,\"height\":200,\"caption\":\"AJE Huelva\"},\"image\":{\"@id\":\"https:\/\/ajeandalucia.org\/huelva\/#\/schema\/logo\/image\/\"}},{\"@type\":\"Person\",\"@id\":\"https:\/\/ajeandalucia.org\/huelva\/#\/schema\/person\/6fe98e5ef684b29f05ceb2b41c379d69\",\"name\":\"huelva\",\"image\":{\"@type\":\"ImageObject\",\"inLanguage\":\"es\",\"@id\":\"https:\/\/ajeandalucia.org\/huelva\/#\/schema\/person\/image\/\",\"url\":\"https:\/\/secure.gravatar.com\/avatar\/3db3cb9a8bc5ecb81bd6dfe14b1441172f43316121e44cf42f233a4dc8260433?s=96&d=mm&r=g\",\"contentUrl\":\"https:\/\/secure.gravatar.com\/avatar\/3db3cb9a8bc5ecb81bd6dfe14b1441172f43316121e44cf42f233a4dc8260433?s=96&d=mm&r=g\",\"caption\":\"huelva\"},\"url\":\"https:\/\/ajeandalucia.org\/huelva\/author\/huelva\/\"}]}<\/script>\n<!-- \/ Yoast SEO plugin. -->","yoast_head_json":{"title":"El BOE publica la Ley \"Crea y Crece\" - AJE Huelva","description":"El BOE publica la Ley \"Crea y Crece\", cuyo objetivo es impulsar la creaci\u00f3n de empresas y fomentar su expansi\u00f3n. Consulta todo sobre ella.","robots":{"index":"index","follow":"follow","max-snippet":"max-snippet:-1","max-image-preview":"max-image-preview:large","max-video-preview":"max-video-preview:-1"},"canonical":"https:\/\/ajeandalucia.org\/huelva\/2022\/10\/03\/crea-y-crece-boe\/","og_locale":"es_ES","og_type":"article","og_title":"El BOE publica la Ley \"Crea y Crece\" - AJE Huelva","og_description":"El BOE publica la Ley \"Crea y Crece\", cuyo objetivo es impulsar la creaci\u00f3n de empresas y fomentar su expansi\u00f3n. Consulta todo sobre ella.","og_url":"https:\/\/ajeandalucia.org\/huelva\/2022\/10\/03\/crea-y-crece-boe\/","og_site_name":"AJE Huelva","article_published_time":"2022-10-03T13:57:43+00:00","author":"huelva","twitter_card":"summary_large_image","twitter_misc":{"Escrito por":"huelva","Tiempo de lectura":"10 minutos"},"schema":{"@context":"https:\/\/schema.org","@graph":[{"@type":"Article","@id":"https:\/\/ajeandalucia.org\/huelva\/2022\/10\/03\/crea-y-crece-boe\/#article","isPartOf":{"@id":"https:\/\/ajeandalucia.org\/huelva\/2022\/10\/03\/crea-y-crece-boe\/"},"author":{"name":"huelva","@id":"https:\/\/ajeandalucia.org\/huelva\/#\/schema\/person\/6fe98e5ef684b29f05ceb2b41c379d69"},"headline":"El BOE publica la Ley &#8220;Crea y Crece&#8221;","datePublished":"2022-10-03T13:57:43+00:00","mainEntityOfPage":{"@id":"https:\/\/ajeandalucia.org\/huelva\/2022\/10\/03\/crea-y-crece-boe\/"},"wordCount":1937,"commentCount":0,"publisher":{"@id":"https:\/\/ajeandalucia.org\/huelva\/#organization"},"keywords":["aut\u00f3nomo","boe","crea y crece","ley crea y crece"],"articleSection":["Noticias"],"inLanguage":"es","potentialAction":[{"@type":"CommentAction","name":"Comment","target":["https:\/\/ajeandalucia.org\/huelva\/2022\/10\/03\/crea-y-crece-boe\/#respond"]}]},{"@type":"WebPage","@id":"https:\/\/ajeandalucia.org\/huelva\/2022\/10\/03\/crea-y-crece-boe\/","url":"https:\/\/ajeandalucia.org\/huelva\/2022\/10\/03\/crea-y-crece-boe\/","name":"El BOE publica la Ley \"Crea y Crece\" - AJE Huelva","isPartOf":{"@id":"https:\/\/ajeandalucia.org\/huelva\/#website"},"datePublished":"2022-10-03T13:57:43+00:00","description":"El BOE publica la Ley \"Crea y Crece\", cuyo objetivo es impulsar la creaci\u00f3n de empresas y fomentar su expansi\u00f3n. Consulta todo sobre ella.","breadcrumb":{"@id":"https:\/\/ajeandalucia.org\/huelva\/2022\/10\/03\/crea-y-crece-boe\/#breadcrumb"},"inLanguage":"es","potentialAction":[{"@type":"ReadAction","target":["https:\/\/ajeandalucia.org\/huelva\/2022\/10\/03\/crea-y-crece-boe\/"]}]},{"@type":"BreadcrumbList","@id":"https:\/\/ajeandalucia.org\/huelva\/2022\/10\/03\/crea-y-crece-boe\/#breadcrumb","itemListElement":[{"@type":"ListItem","position":1,"name":"Portada","item":"https:\/\/ajeandalucia.org\/huelva\/"},{"@type":"ListItem","position":2,"name":"El BOE publica la Ley &#8220;Crea y Crece&#8221;"}]},{"@type":"WebSite","@id":"https:\/\/ajeandalucia.org\/huelva\/#website","url":"https:\/\/ajeandalucia.org\/huelva\/","name":"AJE Huelva","description":"Asociaci\u00f3n de J\u00f3venes Empresarios de Huelva","publisher":{"@id":"https:\/\/ajeandalucia.org\/huelva\/#organization"},"potentialAction":[{"@type":"SearchAction","target":{"@type":"EntryPoint","urlTemplate":"https:\/\/ajeandalucia.org\/huelva\/?s={search_term_string}"},"query-input":{"@type":"PropertyValueSpecification","valueRequired":true,"valueName":"search_term_string"}}],"inLanguage":"es"},{"@type":"Organization","@id":"https:\/\/ajeandalucia.org\/huelva\/#organization","name":"AJE Huelva","url":"https:\/\/ajeandalucia.org\/huelva\/","logo":{"@type":"ImageObject","inLanguage":"es","@id":"https:\/\/ajeandalucia.org\/huelva\/#\/schema\/logo\/image\/","url":"https:\/\/ajeandalucia.org\/huelva\/wp-content\/uploads\/sites\/8\/2025\/02\/AJE-HUELVA-horizontal.png","contentUrl":"https:\/\/ajeandalucia.org\/huelva\/wp-content\/uploads\/sites\/8\/2025\/02\/AJE-HUELVA-horizontal.png","width":612,"height":200,"caption":"AJE Huelva"},"image":{"@id":"https:\/\/ajeandalucia.org\/huelva\/#\/schema\/logo\/image\/"}},{"@type":"Person","@id":"https:\/\/ajeandalucia.org\/huelva\/#\/schema\/person\/6fe98e5ef684b29f05ceb2b41c379d69","name":"huelva","image":{"@type":"ImageObject","inLanguage":"es","@id":"https:\/\/ajeandalucia.org\/huelva\/#\/schema\/person\/image\/","url":"https:\/\/secure.gravatar.com\/avatar\/3db3cb9a8bc5ecb81bd6dfe14b1441172f43316121e44cf42f233a4dc8260433?s=96&d=mm&r=g","contentUrl":"https:\/\/secure.gravatar.com\/avatar\/3db3cb9a8bc5ecb81bd6dfe14b1441172f43316121e44cf42f233a4dc8260433?s=96&d=mm&r=g","caption":"huelva"},"url":"https:\/\/ajeandalucia.org\/huelva\/author\/huelva\/"}]}},"_links":{"self":[{"href":"https:\/\/ajeandalucia.org\/huelva\/wp-json\/wp\/v2\/posts\/2997","targetHints":{"allow":["GET"]}}],"collection":[{"href":"https:\/\/ajeandalucia.org\/huelva\/wp-json\/wp\/v2\/posts"}],"about":[{"href":"https:\/\/ajeandalucia.org\/huelva\/wp-json\/wp\/v2\/types\/post"}],"author":[{"embeddable":true,"href":"https:\/\/ajeandalucia.org\/huelva\/wp-json\/wp\/v2\/users\/7"}],"replies":[{"embeddable":true,"href":"https:\/\/ajeandalucia.org\/huelva\/wp-json\/wp\/v2\/comments?post=2997"}],"version-history":[{"count":1,"href":"https:\/\/ajeandalucia.org\/huelva\/wp-json\/wp\/v2\/posts\/2997\/revisions"}],"predecessor-version":[{"id":2998,"href":"https:\/\/ajeandalucia.org\/huelva\/wp-json\/wp\/v2\/posts\/2997\/revisions\/2998"}],"wp:attachment":[{"href":"https:\/\/ajeandalucia.org\/huelva\/wp-json\/wp\/v2\/media?parent=2997"}],"wp:term":[{"taxonomy":"category","embeddable":true,"href":"https:\/\/ajeandalucia.org\/huelva\/wp-json\/wp\/v2\/categories?post=2997"},{"taxonomy":"post_tag","embeddable":true,"href":"https:\/\/ajeandalucia.org\/huelva\/wp-json\/wp\/v2\/tags?post=2997"}],"curies":[{"name":"wp","href":"https:\/\/api.w.org\/{rel}","templated":true}]}}