{"id":3170,"date":"2024-10-10T12:00:00","date_gmt":"2024-10-10T12:00:00","guid":{"rendered":"https:\/\/www.ajeandalucia.org\/huelva\/?p=3170"},"modified":"2024-10-29T23:45:03","modified_gmt":"2024-10-29T23:45:03","slug":"aje-huelva-genera-sinergias-entre-mas-de-50-empresarios-en-un-encuentro-interprovincial-con-cordoba","status":"publish","type":"post","link":"https:\/\/ajeandalucia.org\/huelva\/2024\/10\/10\/aje-huelva-genera-sinergias-entre-mas-de-50-empresarios-en-un-encuentro-interprovincial-con-cordoba\/","title":{"rendered":"AJE HUELVA genera sinergias entre m\u00e1s de 50 empresarios en un encuentro interprovincial con C\u00f3rdoba"},"content":{"rendered":"\r\n<p><span style=\"font-weight: 400\">La Asociaci\u00f3n de J\u00f3venes Empresarios Onubenses -AJE Huelva- celebr\u00f3 en el d\u00eda de ayer el encuentro interprovincial \u201cConectando Empresas\u201d, organizado por AJE Andaluc\u00eda con la subvenci\u00f3n de la Consejer\u00eda de Universidad, Investigaci\u00f3n e Innovaci\u00f3n, en <\/span><i><span style=\"font-weight: 400\">La Nao<\/span><\/i><span style=\"font-weight: 400\">, el Coworking Digital de la C\u00e1mara de Comercio, cofinanciado por el Ayuntamiento de Huelva. Un encuentro interprovincial entre Huelva y C\u00f3rdoba, donde empresarios y emprendedores pudieron conocerse y establecer nuevas relaciones comerciales.<\/span><\/p>\r\n\r\n\r\n\r\n<p><span style=\"font-weight: 400\">El acto estuvo inaugurado por <strong>Cinta Mart\u00ednez<\/strong>, Presidenta de AJE Huelva y <strong>V\u00edctor Mac\u00edas<\/strong>, Presidente de AJE C\u00f3rdoba; dio comienzo con un desayuno networking en el que los asistentes pudieron comenzar la jornada de forma m\u00e1s distendida. A continuaci\u00f3n, se llev\u00f3 a cabo una din\u00e1mica de <em>speed<\/em> <em>networking<\/em> (similar al <em>speed dating<\/em>) con la participaci\u00f3n de 59 asistentes en este encuentro, que se dividieron en 2 filas para realizar binomios din\u00e1micos de networking con el objetivo de conocer a todos los asistentes.<\/span><\/p>\r\n<p>&nbsp;<\/p>\r\n\r\n\r\n\r\n<p><span style=\"font-weight: 400\">Por \u00faltimo, se celebr\u00f3 una mesa redonda debate sobre Presencia Web, abordando la importancia del marketing digital en las empresas, en la que participaron David P\u00e9rez, CEO de WebHoy y secretario general de AJE Huelva, junto a Juan Bosco Ruiz, CEO de Eccuo y secretario general de AJE C\u00f3rdoba.\u00a0<\/span><\/p>\r\n\r\n\r\n\r\n<p><span style=\"font-weight: 400\">Tras el encuentro, el Comit\u00e9 Ejecutivo de AJE Huelva ejerci\u00f3 de anfitri\u00f3n con su equipo hom\u00f3logo en C\u00f3rdoba, realiz\u00e1ndoles una visita tur\u00edstica por los puntos m\u00e1s emblem\u00e1ticos de la capital, as\u00ed como invit\u00e1ndoles a disfrutar de la gastronom\u00eda local.\u00a0<\/span><\/p>\r\n\r\n\r\n\r\n<p><span style=\"font-weight: 400\">Conectando Empresas es un programa que consiste en la organizaci\u00f3n de encuentros interprovinciales en el que m\u00e1s de 50 j\u00f3venes empresarios de diferentes sectores fortalecen y enriquecen su red de negocios en un solo d\u00eda. El desarrollo de esta iniciativa implica que empresarios de diferentes sectores puedan conocerse, iniciar contactos y ampliar su red de negocio, contribuyendo al refuerzo de su posici\u00f3n en el mercado y, por tanto, mejorar el tejido empresarial andaluz, promovido por AJE Andaluc\u00eda con la subvenci\u00f3n de la Consejer\u00eda de Universidad, Investigaci\u00f3n e Innovaci\u00f3n de la Junta de Andaluc\u00eda.\u00a0<\/span><\/p>\r\n\r\n\r\n\r\n<p><span style=\"font-weight: 400\">Este tipo de encuentro est\u00e1 dirigido a j\u00f3venes empresarios que quieran ampliar su cartera de clientes, conocer nuevos proveedores, alcanzar alianzas, establecer sinergias con otros asistentes y crecer.<\/span><\/p>\r\n\r\n\r\n\r\n<h5 class=\"wp-block-image size-large\" style=\"text-align: center\"><a href=\"https:\/\/www.instagram.com\/p\/DA_HeOGqAFV\/?img_index=1\"><img loading=\"lazy\" decoding=\"async\" width=\"1024\" height=\"768\" class=\"wp-image-3176\" src=\"https:\/\/www.ajeandalucia.org\/huelva\/wp-content\/uploads\/sites\/8\/2024\/10\/CONECTANDO-EMPRESAS-AJE-HUELVA-1024x768.jpeg\" alt=\"\" srcset=\"https:\/\/ajeandalucia.org\/huelva\/wp-content\/uploads\/sites\/8\/2024\/10\/CONECTANDO-EMPRESAS-AJE-HUELVA-1024x768.jpeg 1024w, https:\/\/ajeandalucia.org\/huelva\/wp-content\/uploads\/sites\/8\/2024\/10\/CONECTANDO-EMPRESAS-AJE-HUELVA-300x225.jpeg 300w, https:\/\/ajeandalucia.org\/huelva\/wp-content\/uploads\/sites\/8\/2024\/10\/CONECTANDO-EMPRESAS-AJE-HUELVA-150x113.jpeg 150w, https:\/\/ajeandalucia.org\/huelva\/wp-content\/uploads\/sites\/8\/2024\/10\/CONECTANDO-EMPRESAS-AJE-HUELVA-768x576.jpeg 768w, https:\/\/ajeandalucia.org\/huelva\/wp-content\/uploads\/sites\/8\/2024\/10\/CONECTANDO-EMPRESAS-AJE-HUELVA-1536x1152.jpeg 1536w, https:\/\/ajeandalucia.org\/huelva\/wp-content\/uploads\/sites\/8\/2024\/10\/CONECTANDO-EMPRESAS-AJE-HUELVA.jpeg 1600w\" sizes=\"auto, (max-width: 1024px) 100vw, 1024px\" \/><\/a><img alt=\"\" \/><\/h5>\r\n<h5 class=\"wp-block-image size-large\" style=\"text-align: center\">Miembros de la Junta Directiva de AJE Huelva:<\/h5>\r\n<h5 class=\"wp-block-image size-large\" style=\"text-align: center\">Cinta Mart\u00ednez, Presidenta de AJE Huelva; Jonathan V\u00e9lez, Vicepresidente; Sof\u00eda Galocha, Gerente; David P\u00e9rez, Secretario; Miguel \u00c1ngel Dom\u00ednguez, Tesorero; Silvia Calvo, Sergio Izcue y \u00c1lvaro Valladolid, vocales de la asociaci\u00f3n.<\/h5>\r\n<figure class=\"wp-block-gallery has-nested-images columns-default is-cropped\">\r\n<h5 style=\"text-align: center\">\r\n\r\n\r\n\r\n\r\n\r\n\r\n\r\n<\/figure>\r\n<!-- \/wp:post-content -->","protected":false},"excerpt":{"rendered":"<p>La Asociaci\u00f3n de J\u00f3venes Empresarios Onubenses -AJE Huelva- celebr\u00f3 en el d\u00eda de ayer el encuentro interprovincial \u201cConectando Empresas\u201d, organizado [&hellip;]<\/p>\n","protected":false},"author":7,"featured_media":3174,"comment_status":"open","ping_status":"open","sticky":false,"template":"","format":"standard","meta":{"_acf_changed":false,"site-sidebar-layout":"default","site-content-layout":"","ast-site-content-layout":"default","site-content-style":"default","site-sidebar-style":"default","ast-global-header-display":"","ast-banner-title-visibility":"","ast-main-header-display":"","ast-hfb-above-header-display":"","ast-hfb-below-header-display":"","ast-hfb-mobile-header-display":"","site-post-title":"","ast-breadcrumbs-content":"","ast-featured-img":"","footer-sml-layout":"","ast-disable-related-posts":"","theme-transparent-header-meta":"","adv-header-id-meta":"","stick-header-meta":"","header-above-stick-meta":"","header-main-stick-meta":"","header-below-stick-meta":"","astra-migrate-meta-layouts":"default","ast-page-background-enabled":"default","ast-page-background-meta":{"desktop":{"background-color":"var(--ast-global-color-5)","background-image":"","background-repeat":"repeat","background-position":"center center","background-size":"auto","background-attachment":"scroll","background-type":"","background-media":"","overlay-type":"","overlay-color":"","overlay-opacity":"","overlay-gradient":""},"tablet":{"background-color":"","background-image":"","background-repeat":"repeat","background-position":"center center","background-size":"auto","background-attachment":"scroll","background-type":"","background-media":"","overlay-type":"","overlay-color":"","overlay-opacity":"","overlay-gradient":""},"mobile":{"background-color":"","background-image":"","background-repeat":"repeat","background-position":"center center","background-size":"auto","background-attachment":"scroll","background-type":"","background-media":"","overlay-type":"","overlay-color":"","overlay-opacity":"","overlay-gradient":""}},"ast-content-background-meta":{"desktop":{"background-color":"var(--ast-global-color-4)","background-image":"","background-repeat":"repeat","background-position":"center center","background-size":"auto","background-attachment":"scroll","background-type":"","background-media":"","overlay-type":"","overlay-color":"","overlay-opacity":"","overlay-gradient":""},"tablet":{"background-color":"var(--ast-global-color-4)","background-image":"","background-repeat":"repeat","background-position":"center center","background-size":"auto","background-attachment":"scroll","background-type":"","background-media":"","overlay-type":"","overlay-color":"","overlay-opacity":"","overlay-gradient":""},"mobile":{"background-color":"var(--ast-global-color-4)","background-image":"","background-repeat":"repeat","background-position":"center center","background-size":"auto","background-attachment":"scroll","background-type":"","background-media":"","overlay-type":"","overlay-color":"","overlay-opacity":"","overlay-gradient":""}},"footnotes":""},"categories":[8],"tags":[],"class_list":["post-3170","post","type-post","status-publish","format-standard","has-post-thumbnail","hentry","category-noticias"],"acf":[],"yoast_head":"<!-- This site is optimized with the Yoast SEO plugin v26.9 - https:\/\/yoast.com\/product\/yoast-seo-wordpress\/ -->\n<title>AJE HUELVA genera sinergias entre m\u00e1s de 50 empresarios en un encuentro interprovincial con C\u00f3rdoba - AJE Huelva<\/title>\n<meta name=\"description\" content=\"Bajo el nombre \u201cConectando Empresas\u201d, la asociaci\u00f3n onubense de j\u00f3venes empresarios ha reunido a medio centenar de emprendedores de Huelva y C\u00f3rdoba para hacer networking entre ellos.El encuentro ha sido organizado por AJE Andaluc\u00eda con el apoyo de la Consejer\u00eda de Universidad, Investigaci\u00f3n e Innovaci\u00f3n a trav\u00e9s de la Ley de Presupuesto de la Junta de Andaluc\u00eda.\" \/>\n<meta name=\"robots\" content=\"index, follow, max-snippet:-1, max-image-preview:large, max-video-preview:-1\" \/>\n<link rel=\"canonical\" href=\"https:\/\/ajeandalucia.org\/huelva\/2024\/10\/10\/aje-huelva-genera-sinergias-entre-mas-de-50-empresarios-en-un-encuentro-interprovincial-con-cordoba\/\" \/>\n<meta property=\"og:locale\" content=\"es_ES\" \/>\n<meta property=\"og:type\" content=\"article\" \/>\n<meta property=\"og:title\" content=\"AJE HUELVA genera sinergias entre m\u00e1s de 50 empresarios en un encuentro interprovincial con C\u00f3rdoba - AJE Huelva\" \/>\n<meta property=\"og:description\" content=\"Bajo el nombre \u201cConectando Empresas\u201d, la asociaci\u00f3n onubense de j\u00f3venes empresarios ha reunido a medio centenar de emprendedores de Huelva y C\u00f3rdoba para hacer networking entre ellos.El encuentro ha sido organizado por AJE Andaluc\u00eda con el apoyo de la Consejer\u00eda de Universidad, Investigaci\u00f3n e Innovaci\u00f3n a trav\u00e9s de la Ley de Presupuesto de la Junta de Andaluc\u00eda.\" \/>\n<meta property=\"og:url\" content=\"https:\/\/ajeandalucia.org\/huelva\/2024\/10\/10\/aje-huelva-genera-sinergias-entre-mas-de-50-empresarios-en-un-encuentro-interprovincial-con-cordoba\/\" \/>\n<meta property=\"og:site_name\" content=\"AJE Huelva\" \/>\n<meta property=\"article:published_time\" content=\"2024-10-10T12:00:00+00:00\" \/>\n<meta property=\"article:modified_time\" content=\"2024-10-29T23:45:03+00:00\" \/>\n<meta property=\"og:image\" content=\"https:\/\/ajeandalucia.org\/huelva\/wp-content\/uploads\/sites\/8\/2024\/10\/CONECTANDO-EMPRESAS-AJE-HUELVA-Y-AJE-CORDOBA.jpeg\" \/>\n\t<meta property=\"og:image:width\" content=\"1600\" \/>\n\t<meta property=\"og:image:height\" content=\"1228\" \/>\n\t<meta property=\"og:image:type\" content=\"image\/jpeg\" \/>\n<meta name=\"author\" content=\"huelva\" \/>\n<meta name=\"twitter:card\" content=\"summary_large_image\" \/>\n<meta name=\"twitter:label1\" content=\"Escrito por\" \/>\n\t<meta name=\"twitter:data1\" content=\"huelva\" \/>\n\t<meta name=\"twitter:label2\" content=\"Tiempo de lectura\" \/>\n\t<meta name=\"twitter:data2\" content=\"2 minutos\" \/>\n<script type=\"application\/ld+json\" class=\"yoast-schema-graph\">{\"@context\":\"https:\/\/schema.org\",\"@graph\":[{\"@type\":\"Article\",\"@id\":\"https:\/\/ajeandalucia.org\/huelva\/2024\/10\/10\/aje-huelva-genera-sinergias-entre-mas-de-50-empresarios-en-un-encuentro-interprovincial-con-cordoba\/#article\",\"isPartOf\":{\"@id\":\"https:\/\/ajeandalucia.org\/huelva\/2024\/10\/10\/aje-huelva-genera-sinergias-entre-mas-de-50-empresarios-en-un-encuentro-interprovincial-con-cordoba\/\"},\"author\":{\"name\":\"huelva\",\"@id\":\"https:\/\/ajeandalucia.org\/huelva\/#\/schema\/person\/6fe98e5ef684b29f05ceb2b41c379d69\"},\"headline\":\"AJE HUELVA genera sinergias entre m\u00e1s de 50 empresarios en un encuentro interprovincial con C\u00f3rdoba\",\"datePublished\":\"2024-10-10T12:00:00+00:00\",\"dateModified\":\"2024-10-29T23:45:03+00:00\",\"mainEntityOfPage\":{\"@id\":\"https:\/\/ajeandalucia.org\/huelva\/2024\/10\/10\/aje-huelva-genera-sinergias-entre-mas-de-50-empresarios-en-un-encuentro-interprovincial-con-cordoba\/\"},\"wordCount\":460,\"commentCount\":0,\"publisher\":{\"@id\":\"https:\/\/ajeandalucia.org\/huelva\/#organization\"},\"image\":{\"@id\":\"https:\/\/ajeandalucia.org\/huelva\/2024\/10\/10\/aje-huelva-genera-sinergias-entre-mas-de-50-empresarios-en-un-encuentro-interprovincial-con-cordoba\/#primaryimage\"},\"thumbnailUrl\":\"https:\/\/ajeandalucia.org\/huelva\/wp-content\/uploads\/sites\/8\/2024\/10\/CONECTANDO-EMPRESAS-AJE-HUELVA-Y-AJE-CORDOBA.jpeg\",\"articleSection\":[\"Noticias\"],\"inLanguage\":\"es\",\"potentialAction\":[{\"@type\":\"CommentAction\",\"name\":\"Comment\",\"target\":[\"https:\/\/ajeandalucia.org\/huelva\/2024\/10\/10\/aje-huelva-genera-sinergias-entre-mas-de-50-empresarios-en-un-encuentro-interprovincial-con-cordoba\/#respond\"]}]},{\"@type\":\"WebPage\",\"@id\":\"https:\/\/ajeandalucia.org\/huelva\/2024\/10\/10\/aje-huelva-genera-sinergias-entre-mas-de-50-empresarios-en-un-encuentro-interprovincial-con-cordoba\/\",\"url\":\"https:\/\/ajeandalucia.org\/huelva\/2024\/10\/10\/aje-huelva-genera-sinergias-entre-mas-de-50-empresarios-en-un-encuentro-interprovincial-con-cordoba\/\",\"name\":\"AJE HUELVA genera sinergias entre m\u00e1s de 50 empresarios en un encuentro interprovincial con C\u00f3rdoba - AJE Huelva\",\"isPartOf\":{\"@id\":\"https:\/\/ajeandalucia.org\/huelva\/#website\"},\"primaryImageOfPage\":{\"@id\":\"https:\/\/ajeandalucia.org\/huelva\/2024\/10\/10\/aje-huelva-genera-sinergias-entre-mas-de-50-empresarios-en-un-encuentro-interprovincial-con-cordoba\/#primaryimage\"},\"image\":{\"@id\":\"https:\/\/ajeandalucia.org\/huelva\/2024\/10\/10\/aje-huelva-genera-sinergias-entre-mas-de-50-empresarios-en-un-encuentro-interprovincial-con-cordoba\/#primaryimage\"},\"thumbnailUrl\":\"https:\/\/ajeandalucia.org\/huelva\/wp-content\/uploads\/sites\/8\/2024\/10\/CONECTANDO-EMPRESAS-AJE-HUELVA-Y-AJE-CORDOBA.jpeg\",\"datePublished\":\"2024-10-10T12:00:00+00:00\",\"dateModified\":\"2024-10-29T23:45:03+00:00\",\"description\":\"Bajo el nombre \u201cConectando Empresas\u201d, la asociaci\u00f3n onubense de j\u00f3venes empresarios ha reunido a medio centenar de emprendedores de Huelva y C\u00f3rdoba para hacer networking entre ellos.El encuentro ha sido organizado por AJE Andaluc\u00eda con el apoyo de la Consejer\u00eda de Universidad, Investigaci\u00f3n e Innovaci\u00f3n a trav\u00e9s de la Ley de Presupuesto de la Junta de Andaluc\u00eda.\",\"breadcrumb\":{\"@id\":\"https:\/\/ajeandalucia.org\/huelva\/2024\/10\/10\/aje-huelva-genera-sinergias-entre-mas-de-50-empresarios-en-un-encuentro-interprovincial-con-cordoba\/#breadcrumb\"},\"inLanguage\":\"es\",\"potentialAction\":[{\"@type\":\"ReadAction\",\"target\":[\"https:\/\/ajeandalucia.org\/huelva\/2024\/10\/10\/aje-huelva-genera-sinergias-entre-mas-de-50-empresarios-en-un-encuentro-interprovincial-con-cordoba\/\"]}]},{\"@type\":\"ImageObject\",\"inLanguage\":\"es\",\"@id\":\"https:\/\/ajeandalucia.org\/huelva\/2024\/10\/10\/aje-huelva-genera-sinergias-entre-mas-de-50-empresarios-en-un-encuentro-interprovincial-con-cordoba\/#primaryimage\",\"url\":\"https:\/\/ajeandalucia.org\/huelva\/wp-content\/uploads\/sites\/8\/2024\/10\/CONECTANDO-EMPRESAS-AJE-HUELVA-Y-AJE-CORDOBA.jpeg\",\"contentUrl\":\"https:\/\/ajeandalucia.org\/huelva\/wp-content\/uploads\/sites\/8\/2024\/10\/CONECTANDO-EMPRESAS-AJE-HUELVA-Y-AJE-CORDOBA.jpeg\",\"width\":1600,\"height\":1228,\"caption\":\"CONECTANDO-EMPRESAS-AJE-HUELVA-Y-AJE-CORDOBA\"},{\"@type\":\"BreadcrumbList\",\"@id\":\"https:\/\/ajeandalucia.org\/huelva\/2024\/10\/10\/aje-huelva-genera-sinergias-entre-mas-de-50-empresarios-en-un-encuentro-interprovincial-con-cordoba\/#breadcrumb\",\"itemListElement\":[{\"@type\":\"ListItem\",\"position\":1,\"name\":\"Portada\",\"item\":\"https:\/\/ajeandalucia.org\/huelva\/\"},{\"@type\":\"ListItem\",\"position\":2,\"name\":\"AJE HUELVA genera sinergias entre m\u00e1s de 50 empresarios en un encuentro interprovincial con C\u00f3rdoba\"}]},{\"@type\":\"WebSite\",\"@id\":\"https:\/\/ajeandalucia.org\/huelva\/#website\",\"url\":\"https:\/\/ajeandalucia.org\/huelva\/\",\"name\":\"AJE Huelva\",\"description\":\"Asociaci\u00f3n de J\u00f3venes Empresarios de Huelva\",\"publisher\":{\"@id\":\"https:\/\/ajeandalucia.org\/huelva\/#organization\"},\"potentialAction\":[{\"@type\":\"SearchAction\",\"target\":{\"@type\":\"EntryPoint\",\"urlTemplate\":\"https:\/\/ajeandalucia.org\/huelva\/?s={search_term_string}\"},\"query-input\":{\"@type\":\"PropertyValueSpecification\",\"valueRequired\":true,\"valueName\":\"search_term_string\"}}],\"inLanguage\":\"es\"},{\"@type\":\"Organization\",\"@id\":\"https:\/\/ajeandalucia.org\/huelva\/#organization\",\"name\":\"AJE Huelva\",\"url\":\"https:\/\/ajeandalucia.org\/huelva\/\",\"logo\":{\"@type\":\"ImageObject\",\"inLanguage\":\"es\",\"@id\":\"https:\/\/ajeandalucia.org\/huelva\/#\/schema\/logo\/image\/\",\"url\":\"https:\/\/ajeandalucia.org\/huelva\/wp-content\/uploads\/sites\/8\/2025\/02\/AJE-HUELVA-horizontal.png\",\"contentUrl\":\"https:\/\/ajeandalucia.org\/huelva\/wp-content\/uploads\/sites\/8\/2025\/02\/AJE-HUELVA-horizontal.png\",\"width\":612,\"height\":200,\"caption\":\"AJE Huelva\"},\"image\":{\"@id\":\"https:\/\/ajeandalucia.org\/huelva\/#\/schema\/logo\/image\/\"}},{\"@type\":\"Person\",\"@id\":\"https:\/\/ajeandalucia.org\/huelva\/#\/schema\/person\/6fe98e5ef684b29f05ceb2b41c379d69\",\"name\":\"huelva\",\"image\":{\"@type\":\"ImageObject\",\"inLanguage\":\"es\",\"@id\":\"https:\/\/ajeandalucia.org\/huelva\/#\/schema\/person\/image\/\",\"url\":\"https:\/\/secure.gravatar.com\/avatar\/3db3cb9a8bc5ecb81bd6dfe14b1441172f43316121e44cf42f233a4dc8260433?s=96&d=mm&r=g\",\"contentUrl\":\"https:\/\/secure.gravatar.com\/avatar\/3db3cb9a8bc5ecb81bd6dfe14b1441172f43316121e44cf42f233a4dc8260433?s=96&d=mm&r=g\",\"caption\":\"huelva\"},\"url\":\"https:\/\/ajeandalucia.org\/huelva\/author\/huelva\/\"}]}<\/script>\n<!-- \/ Yoast SEO plugin. -->","yoast_head_json":{"title":"AJE HUELVA genera sinergias entre m\u00e1s de 50 empresarios en un encuentro interprovincial con C\u00f3rdoba - AJE Huelva","description":"Bajo el nombre \u201cConectando Empresas\u201d, la asociaci\u00f3n onubense de j\u00f3venes empresarios ha reunido a medio centenar de emprendedores de Huelva y C\u00f3rdoba para hacer networking entre ellos.El encuentro ha sido organizado por AJE Andaluc\u00eda con el apoyo de la Consejer\u00eda de Universidad, Investigaci\u00f3n e Innovaci\u00f3n a trav\u00e9s de la Ley de Presupuesto de la Junta de Andaluc\u00eda.","robots":{"index":"index","follow":"follow","max-snippet":"max-snippet:-1","max-image-preview":"max-image-preview:large","max-video-preview":"max-video-preview:-1"},"canonical":"https:\/\/ajeandalucia.org\/huelva\/2024\/10\/10\/aje-huelva-genera-sinergias-entre-mas-de-50-empresarios-en-un-encuentro-interprovincial-con-cordoba\/","og_locale":"es_ES","og_type":"article","og_title":"AJE HUELVA genera sinergias entre m\u00e1s de 50 empresarios en un encuentro interprovincial con C\u00f3rdoba - AJE Huelva","og_description":"Bajo el nombre \u201cConectando Empresas\u201d, la asociaci\u00f3n onubense de j\u00f3venes empresarios ha reunido a medio centenar de emprendedores de Huelva y C\u00f3rdoba para hacer networking entre ellos.El encuentro ha sido organizado por AJE Andaluc\u00eda con el apoyo de la Consejer\u00eda de Universidad, Investigaci\u00f3n e Innovaci\u00f3n a trav\u00e9s de la Ley de Presupuesto de la Junta de Andaluc\u00eda.","og_url":"https:\/\/ajeandalucia.org\/huelva\/2024\/10\/10\/aje-huelva-genera-sinergias-entre-mas-de-50-empresarios-en-un-encuentro-interprovincial-con-cordoba\/","og_site_name":"AJE Huelva","article_published_time":"2024-10-10T12:00:00+00:00","article_modified_time":"2024-10-29T23:45:03+00:00","og_image":[{"width":1600,"height":1228,"url":"https:\/\/ajeandalucia.org\/huelva\/wp-content\/uploads\/sites\/8\/2024\/10\/CONECTANDO-EMPRESAS-AJE-HUELVA-Y-AJE-CORDOBA.jpeg","type":"image\/jpeg"}],"author":"huelva","twitter_card":"summary_large_image","twitter_misc":{"Escrito por":"huelva","Tiempo de lectura":"2 minutos"},"schema":{"@context":"https:\/\/schema.org","@graph":[{"@type":"Article","@id":"https:\/\/ajeandalucia.org\/huelva\/2024\/10\/10\/aje-huelva-genera-sinergias-entre-mas-de-50-empresarios-en-un-encuentro-interprovincial-con-cordoba\/#article","isPartOf":{"@id":"https:\/\/ajeandalucia.org\/huelva\/2024\/10\/10\/aje-huelva-genera-sinergias-entre-mas-de-50-empresarios-en-un-encuentro-interprovincial-con-cordoba\/"},"author":{"name":"huelva","@id":"https:\/\/ajeandalucia.org\/huelva\/#\/schema\/person\/6fe98e5ef684b29f05ceb2b41c379d69"},"headline":"AJE HUELVA genera sinergias entre m\u00e1s de 50 empresarios en un encuentro interprovincial con C\u00f3rdoba","datePublished":"2024-10-10T12:00:00+00:00","dateModified":"2024-10-29T23:45:03+00:00","mainEntityOfPage":{"@id":"https:\/\/ajeandalucia.org\/huelva\/2024\/10\/10\/aje-huelva-genera-sinergias-entre-mas-de-50-empresarios-en-un-encuentro-interprovincial-con-cordoba\/"},"wordCount":460,"commentCount":0,"publisher":{"@id":"https:\/\/ajeandalucia.org\/huelva\/#organization"},"image":{"@id":"https:\/\/ajeandalucia.org\/huelva\/2024\/10\/10\/aje-huelva-genera-sinergias-entre-mas-de-50-empresarios-en-un-encuentro-interprovincial-con-cordoba\/#primaryimage"},"thumbnailUrl":"https:\/\/ajeandalucia.org\/huelva\/wp-content\/uploads\/sites\/8\/2024\/10\/CONECTANDO-EMPRESAS-AJE-HUELVA-Y-AJE-CORDOBA.jpeg","articleSection":["Noticias"],"inLanguage":"es","potentialAction":[{"@type":"CommentAction","name":"Comment","target":["https:\/\/ajeandalucia.org\/huelva\/2024\/10\/10\/aje-huelva-genera-sinergias-entre-mas-de-50-empresarios-en-un-encuentro-interprovincial-con-cordoba\/#respond"]}]},{"@type":"WebPage","@id":"https:\/\/ajeandalucia.org\/huelva\/2024\/10\/10\/aje-huelva-genera-sinergias-entre-mas-de-50-empresarios-en-un-encuentro-interprovincial-con-cordoba\/","url":"https:\/\/ajeandalucia.org\/huelva\/2024\/10\/10\/aje-huelva-genera-sinergias-entre-mas-de-50-empresarios-en-un-encuentro-interprovincial-con-cordoba\/","name":"AJE HUELVA genera sinergias entre m\u00e1s de 50 empresarios en un encuentro interprovincial con C\u00f3rdoba - AJE Huelva","isPartOf":{"@id":"https:\/\/ajeandalucia.org\/huelva\/#website"},"primaryImageOfPage":{"@id":"https:\/\/ajeandalucia.org\/huelva\/2024\/10\/10\/aje-huelva-genera-sinergias-entre-mas-de-50-empresarios-en-un-encuentro-interprovincial-con-cordoba\/#primaryimage"},"image":{"@id":"https:\/\/ajeandalucia.org\/huelva\/2024\/10\/10\/aje-huelva-genera-sinergias-entre-mas-de-50-empresarios-en-un-encuentro-interprovincial-con-cordoba\/#primaryimage"},"thumbnailUrl":"https:\/\/ajeandalucia.org\/huelva\/wp-content\/uploads\/sites\/8\/2024\/10\/CONECTANDO-EMPRESAS-AJE-HUELVA-Y-AJE-CORDOBA.jpeg","datePublished":"2024-10-10T12:00:00+00:00","dateModified":"2024-10-29T23:45:03+00:00","description":"Bajo el nombre \u201cConectando Empresas\u201d, la asociaci\u00f3n onubense de j\u00f3venes empresarios ha reunido a medio centenar de emprendedores de Huelva y C\u00f3rdoba para hacer networking entre ellos.El encuentro ha sido organizado por AJE Andaluc\u00eda con el apoyo de la Consejer\u00eda de Universidad, Investigaci\u00f3n e Innovaci\u00f3n a trav\u00e9s de la Ley de Presupuesto de la Junta de Andaluc\u00eda.","breadcrumb":{"@id":"https:\/\/ajeandalucia.org\/huelva\/2024\/10\/10\/aje-huelva-genera-sinergias-entre-mas-de-50-empresarios-en-un-encuentro-interprovincial-con-cordoba\/#breadcrumb"},"inLanguage":"es","potentialAction":[{"@type":"ReadAction","target":["https:\/\/ajeandalucia.org\/huelva\/2024\/10\/10\/aje-huelva-genera-sinergias-entre-mas-de-50-empresarios-en-un-encuentro-interprovincial-con-cordoba\/"]}]},{"@type":"ImageObject","inLanguage":"es","@id":"https:\/\/ajeandalucia.org\/huelva\/2024\/10\/10\/aje-huelva-genera-sinergias-entre-mas-de-50-empresarios-en-un-encuentro-interprovincial-con-cordoba\/#primaryimage","url":"https:\/\/ajeandalucia.org\/huelva\/wp-content\/uploads\/sites\/8\/2024\/10\/CONECTANDO-EMPRESAS-AJE-HUELVA-Y-AJE-CORDOBA.jpeg","contentUrl":"https:\/\/ajeandalucia.org\/huelva\/wp-content\/uploads\/sites\/8\/2024\/10\/CONECTANDO-EMPRESAS-AJE-HUELVA-Y-AJE-CORDOBA.jpeg","width":1600,"height":1228,"caption":"CONECTANDO-EMPRESAS-AJE-HUELVA-Y-AJE-CORDOBA"},{"@type":"BreadcrumbList","@id":"https:\/\/ajeandalucia.org\/huelva\/2024\/10\/10\/aje-huelva-genera-sinergias-entre-mas-de-50-empresarios-en-un-encuentro-interprovincial-con-cordoba\/#breadcrumb","itemListElement":[{"@type":"ListItem","position":1,"name":"Portada","item":"https:\/\/ajeandalucia.org\/huelva\/"},{"@type":"ListItem","position":2,"name":"AJE HUELVA genera sinergias entre m\u00e1s de 50 empresarios en un encuentro interprovincial con C\u00f3rdoba"}]},{"@type":"WebSite","@id":"https:\/\/ajeandalucia.org\/huelva\/#website","url":"https:\/\/ajeandalucia.org\/huelva\/","name":"AJE Huelva","description":"Asociaci\u00f3n de J\u00f3venes Empresarios de Huelva","publisher":{"@id":"https:\/\/ajeandalucia.org\/huelva\/#organization"},"potentialAction":[{"@type":"SearchAction","target":{"@type":"EntryPoint","urlTemplate":"https:\/\/ajeandalucia.org\/huelva\/?s={search_term_string}"},"query-input":{"@type":"PropertyValueSpecification","valueRequired":true,"valueName":"search_term_string"}}],"inLanguage":"es"},{"@type":"Organization","@id":"https:\/\/ajeandalucia.org\/huelva\/#organization","name":"AJE Huelva","url":"https:\/\/ajeandalucia.org\/huelva\/","logo":{"@type":"ImageObject","inLanguage":"es","@id":"https:\/\/ajeandalucia.org\/huelva\/#\/schema\/logo\/image\/","url":"https:\/\/ajeandalucia.org\/huelva\/wp-content\/uploads\/sites\/8\/2025\/02\/AJE-HUELVA-horizontal.png","contentUrl":"https:\/\/ajeandalucia.org\/huelva\/wp-content\/uploads\/sites\/8\/2025\/02\/AJE-HUELVA-horizontal.png","width":612,"height":200,"caption":"AJE Huelva"},"image":{"@id":"https:\/\/ajeandalucia.org\/huelva\/#\/schema\/logo\/image\/"}},{"@type":"Person","@id":"https:\/\/ajeandalucia.org\/huelva\/#\/schema\/person\/6fe98e5ef684b29f05ceb2b41c379d69","name":"huelva","image":{"@type":"ImageObject","inLanguage":"es","@id":"https:\/\/ajeandalucia.org\/huelva\/#\/schema\/person\/image\/","url":"https:\/\/secure.gravatar.com\/avatar\/3db3cb9a8bc5ecb81bd6dfe14b1441172f43316121e44cf42f233a4dc8260433?s=96&d=mm&r=g","contentUrl":"https:\/\/secure.gravatar.com\/avatar\/3db3cb9a8bc5ecb81bd6dfe14b1441172f43316121e44cf42f233a4dc8260433?s=96&d=mm&r=g","caption":"huelva"},"url":"https:\/\/ajeandalucia.org\/huelva\/author\/huelva\/"}]}},"_links":{"self":[{"href":"https:\/\/ajeandalucia.org\/huelva\/wp-json\/wp\/v2\/posts\/3170","targetHints":{"allow":["GET"]}}],"collection":[{"href":"https:\/\/ajeandalucia.org\/huelva\/wp-json\/wp\/v2\/posts"}],"about":[{"href":"https:\/\/ajeandalucia.org\/huelva\/wp-json\/wp\/v2\/types\/post"}],"author":[{"embeddable":true,"href":"https:\/\/ajeandalucia.org\/huelva\/wp-json\/wp\/v2\/users\/7"}],"replies":[{"embeddable":true,"href":"https:\/\/ajeandalucia.org\/huelva\/wp-json\/wp\/v2\/comments?post=3170"}],"version-history":[{"count":8,"href":"https:\/\/ajeandalucia.org\/huelva\/wp-json\/wp\/v2\/posts\/3170\/revisions"}],"predecessor-version":[{"id":3284,"href":"https:\/\/ajeandalucia.org\/huelva\/wp-json\/wp\/v2\/posts\/3170\/revisions\/3284"}],"wp:featuredmedia":[{"embeddable":true,"href":"https:\/\/ajeandalucia.org\/huelva\/wp-json\/wp\/v2\/media\/3174"}],"wp:attachment":[{"href":"https:\/\/ajeandalucia.org\/huelva\/wp-json\/wp\/v2\/media?parent=3170"}],"wp:term":[{"taxonomy":"category","embeddable":true,"href":"https:\/\/ajeandalucia.org\/huelva\/wp-json\/wp\/v2\/categories?post=3170"},{"taxonomy":"post_tag","embeddable":true,"href":"https:\/\/ajeandalucia.org\/huelva\/wp-json\/wp\/v2\/tags?post=3170"}],"curies":[{"name":"wp","href":"https:\/\/api.w.org\/{rel}","templated":true}]}}