{"id":10275,"date":"2023-09-21 18:57:59","date_gmt":"2023-09-21T14:57:59","guid":{"rendered":"https:\/\/www.ajeandalucia.org\/jaen\/?p=10275"},"modified":"2023-09-21T17:22:10","modified_gmt":"2023-09-21T15:22:10","slug":"aje-y-fortalezas-formacion-se-unen-para-promover-la-formacion-y-la-igualdad-en-el-ambito-empresarial","status":"publish","type":"post","link":"https:\/\/ajeandalucia.org\/jaen\/2023\/09\/21\/aje-y-fortalezas-formacion-se-unen-para-promover-la-formacion-y-la-igualdad-en-el-ambito-empresarial\/","title":{"rendered":"AJE y Fortalezas Formaci\u00f3n se unen para promover la formaci\u00f3n y la igualdad en el \u00e1mbito empresarial"},"content":{"rendered":"<h3><span style=\"color: #000000\"><strong>La Asociaci\u00f3n De J\u00f3venes Empresarios de Ja\u00e9n (AJE) ha firmado un convenio de colaboraci\u00f3n con la empresa asociada Fortalezas Formaci\u00f3n.<\/strong><!--more--><\/span><\/h3>\n<h4><span style=\"color: #000000\">Beneficios para Empresas Asociadas a AJE:<\/span><\/h4>\n<p><span style=\"color: #000000\">Las empresas asociadas a AJE podr\u00e1n disfrutar de una serie de ventajas gracias a este acuerdo:<\/span><\/p>\n<p><span style=\"color: #000000\">&#8211; Un descuento del 20% en la elaboraci\u00f3n de planes de igualdad empresarial.<\/span><br \/>\n<span style=\"color: #000000\">&#8211; Descuentos adicionales en servicios relacionados con la igualdad.<\/span><br \/>\n<span style=\"color: #000000\">&#8211; Asistencia y asesoramiento en la gesti\u00f3n de subvenciones p\u00fablicas para la implementaci\u00f3n de planes de igualdad.<\/span><\/p>\n<p><span style=\"color: #000000\">Fortalezas Formaci\u00f3n, una empresa de econom\u00eda social dedicada a la formaci\u00f3n multidisciplinar, se destaca por su compromiso en el desarrollo de personas y organizaciones. Ofrecen soluciones integrales que abarcan desde la personalizaci\u00f3n de planes de formaci\u00f3n hasta la ejecuci\u00f3n de acciones formativas y la evaluaci\u00f3n de resultados.<\/span><\/p>\n<p><span style=\"color: #000000\">En este contexto, Fortalezas Formaci\u00f3n se posiciona como un aliado estrat\u00e9gico en la elaboraci\u00f3n de Planes de Igualdad Empresarial. Con una experiencia de una d\u00e9cada en la materia, garantizan la implementaci\u00f3n efectiva de estas medidas, que buscan promover la igualdad de trato y oportunidades entre mujeres y hombres en el \u00e1mbito laboral.<\/span><\/p>\n<p><span style=\"color: #000000\">Es importante destacar que la obligaci\u00f3n de implementar un Plan de Igualdad afecta a todas las organizaciones con m\u00e1s de 50 personas en su plantilla, seg\u00fan lo establecido en el Decreto-Ley 6\/2019, de 1 de marzo. Adem\u00e1s, es obligatorio contar con un Protocolo de actuaci\u00f3n frente al acoso sexual y por raz\u00f3n de sexo, independientemente del tama\u00f1o de la empresa.<\/span><\/p>\n<h4><span style=\"color: #000000\">Informaci\u00f3n de inter\u00e9s. Subvenciones para Planes de Igualdad:<\/span><\/h4>\n<p><span style=\"color: #000000\">La Consejer\u00eda de Empleo, Formaci\u00f3n y Trabajo Aut\u00f3nomo ha convocado unas subvenciones en r\u00e9gimen de concurrencia no competitiva dirigidas a la conciliaci\u00f3n de la vida personal, familiar y laboral, para la elaboraci\u00f3n de planes de igualdad en empresas con sede social en Andaluc\u00eda, independientemente del sector de actividad y que cuenten con un m\u00ednimo de 10 personas trabajadoras y un m\u00e1ximo de 49.<\/span><\/p>\n<p><span style=\"color: #000000\"><strong>El plazo para la presentaci\u00f3n de las solicitudes finaliza el d\u00eda 29 de septiembre.\u00a0<\/strong><\/span><\/p>\n<p>&nbsp;<\/p>\n<p><span style=\"color: #000000\"><strong>\u00bfQU\u00c9 BENEFICIOS TIENE LA ELABORACI\u00d3N DE UN PLAN DE IGUALDAD EN LA EMPRESA?<\/strong><\/span><\/p>\n<ol>\n<li><span style=\"color: #000000\">Mejorar la productividad de las personas trabajadoras de tu empresa.<\/span><\/li>\n<li><span style=\"color: #000000\">Acceder a contratos p\u00fablicos en los que se exige como requisito tener Plan de Igualdad de empresa.<\/span><\/li>\n<li><span style=\"color: #000000\">Acceder a ayudas econ\u00f3micas y mayor puntuaci\u00f3n en licitaciones.<\/span><\/li>\n<li><span style=\"color: #000000\">Mejorar la imagen de tu empresa obteniendo una ventaja competitiva.<\/span><\/li>\n<li><span style=\"color: #000000\">Optimizar los recursos humanos de la empresa y mejorar el ambiente laboral entre las personas trabajadoras.<\/span><\/li>\n<li><span style=\"color: #000000\">Establecer medidas efectivas para luchar contra problemas de discriminaci\u00f3n por raz\u00f3n de sexo.<\/span><\/li>\n<li><span style=\"color: #000000\">Reducir el absentismo laboral.<\/span><\/li>\n<li><span style=\"color: #000000\">Ayuda a la retenci\u00f3n del talento en tu empresa.<\/span><\/li>\n<\/ol>\n<p><span style=\"color: #000000\"><strong>\u00bfQU\u00c9 ACTUACIONES SE INCLUYEN DENTRO DE LA SUBVENCI\u00d3N?<\/strong><\/span><\/p>\n<ol>\n<li><span style=\"color: #000000\">Diagn\u00f3stico de la situaci\u00f3n de la empresa en materia de igualdad de oportunidades entre hombres y mujeres.<\/span><\/li>\n<li><span style=\"color: #000000\">Elaboraci\u00f3n del Plan de Igualdad de empresa.<\/span><\/li>\n<li><span style=\"color: #000000\">Registro del Plan de Igualdad en el Dep\u00f3sito de Convenios (REGCON).<\/span><\/li>\n<\/ol>\n<p style=\"text-align: center\"><span style=\"color: #ff0000\"><strong><a style=\"color: #ff0000\" href=\"https:\/\/grupofortalezas.com\/contacto-ubicacion-y-telefono-de-grupo-fortalezas\/\">Si est\u00e1s interesado\/a contacta con GRUPO FORTALEZAS a la mayor brevedad posible.\u00a0<\/a><\/strong><\/span><\/p>\n<p>&nbsp;<\/p>\n<p style=\"text-align: center\">\n","protected":false},"excerpt":{"rendered":"<p>La Asociaci\u00f3n De J\u00f3venes Empresarios de Ja\u00e9n (AJE) ha firmado un convenio de colaboraci\u00f3n con la empresa asociada Fortalezas Formaci\u00f3n.<\/p>\n","protected":false},"author":8,"featured_media":10281,"comment_status":"open","ping_status":"open","sticky":false,"template":"","format":"standard","meta":{"_acf_changed":false,"site-sidebar-layout":"default","site-content-layout":"","ast-site-content-layout":"default","site-content-style":"default","site-sidebar-style":"default","ast-global-header-display":"","ast-banner-title-visibility":"","ast-main-header-display":"","ast-hfb-above-header-display":"","ast-hfb-below-header-display":"","ast-hfb-mobile-header-display":"","site-post-title":"","ast-breadcrumbs-content":"","ast-featured-img":"","footer-sml-layout":"","ast-disable-related-posts":"","theme-transparent-header-meta":"","adv-header-id-meta":"","stick-header-meta":"","header-above-stick-meta":"","header-main-stick-meta":"","header-below-stick-meta":"","astra-migrate-meta-layouts":"default","ast-page-background-enabled":"default","ast-page-background-meta":{"desktop":{"background-color":"var(--ast-global-color-5)","background-image":"","background-repeat":"repeat","background-position":"center center","background-size":"auto","background-attachment":"scroll","background-type":"","background-media":"","overlay-type":"","overlay-color":"","overlay-opacity":"","overlay-gradient":""},"tablet":{"background-color":"","background-image":"","background-repeat":"repeat","background-position":"center center","background-size":"auto","background-attachment":"scroll","background-type":"","background-media":"","overlay-type":"","overlay-color":"","overlay-opacity":"","overlay-gradient":""},"mobile":{"background-color":"","background-image":"","background-repeat":"repeat","background-position":"center center","background-size":"auto","background-attachment":"scroll","background-type":"","background-media":"","overlay-type":"","overlay-color":"","overlay-opacity":"","overlay-gradient":""}},"ast-content-background-meta":{"desktop":{"background-color":"var(--ast-global-color-4)","background-image":"","background-repeat":"repeat","background-position":"center center","background-size":"auto","background-attachment":"scroll","background-type":"","background-media":"","overlay-type":"","overlay-color":"","overlay-opacity":"","overlay-gradient":""},"tablet":{"background-color":"var(--ast-global-color-4)","background-image":"","background-repeat":"repeat","background-position":"center center","background-size":"auto","background-attachment":"scroll","background-type":"","background-media":"","overlay-type":"","overlay-color":"","overlay-opacity":"","overlay-gradient":""},"mobile":{"background-color":"var(--ast-global-color-4)","background-image":"","background-repeat":"repeat","background-position":"center center","background-size":"auto","background-attachment":"scroll","background-type":"","background-media":"","overlay-type":"","overlay-color":"","overlay-opacity":"","overlay-gradient":""}},"footnotes":""},"categories":[60,7,24,8,53,1],"tags":[],"class_list":["post-10275","post","type-post","status-publish","format-standard","has-post-thumbnail","hentry","category-actividades","category-convenios","category-eventos","category-noticias","category-servicios","category-sin-categoria"],"acf":[],"yoast_head":"<!-- This site is optimized with the Yoast SEO plugin v26.9 - https:\/\/yoast.com\/product\/yoast-seo-wordpress\/ -->\n<title>AJE y Fortalezas Formaci\u00f3n se unen para promover la formaci\u00f3n y la igualdad en el \u00e1mbito empresarial - AJE Ja\u00e9n<\/title>\n<meta name=\"description\" content=\"Convenio entre AJE y Fortalezas Formaci\u00f3n. Empresas asociadas disfrutar\u00e1n de descuentos en planes de igualdad y asesoramiento en subvenciones p\u00fablicas.\" \/>\n<meta name=\"robots\" content=\"index, follow, max-snippet:-1, max-image-preview:large, max-video-preview:-1\" \/>\n<link rel=\"canonical\" href=\"https:\/\/ajeandalucia.org\/jaen\/2023\/09\/21\/aje-y-fortalezas-formacion-se-unen-para-promover-la-formacion-y-la-igualdad-en-el-ambito-empresarial\/\" \/>\n<meta property=\"og:locale\" content=\"es_ES\" \/>\n<meta property=\"og:type\" content=\"article\" \/>\n<meta property=\"og:title\" content=\"AJE y Fortalezas Formaci\u00f3n se unen para promover la formaci\u00f3n y la igualdad en el \u00e1mbito empresarial - AJE Ja\u00e9n\" \/>\n<meta property=\"og:description\" content=\"Convenio entre AJE y Fortalezas Formaci\u00f3n. Empresas asociadas disfrutar\u00e1n de descuentos en planes de igualdad y asesoramiento en subvenciones p\u00fablicas.\" \/>\n<meta property=\"og:url\" content=\"https:\/\/ajeandalucia.org\/jaen\/2023\/09\/21\/aje-y-fortalezas-formacion-se-unen-para-promover-la-formacion-y-la-igualdad-en-el-ambito-empresarial\/\" \/>\n<meta property=\"og:site_name\" content=\"AJE Ja\u00e9n\" \/>\n<meta property=\"article:published_time\" content=\"2023-09-21T14:57:59+00:00\" \/>\n<meta property=\"article:modified_time\" content=\"2023-09-21T15:22:10+00:00\" \/>\n<meta property=\"og:image\" content=\"https:\/\/ajeandalucia.org\/jaen\/wp-content\/uploads\/sites\/9\/2023\/09\/IMG_20230921_093129.jpg\" \/>\n\t<meta property=\"og:image:width\" content=\"4640\" \/>\n\t<meta property=\"og:image:height\" content=\"3472\" \/>\n\t<meta property=\"og:image:type\" content=\"image\/jpeg\" \/>\n<meta name=\"author\" content=\"jaen\" \/>\n<meta name=\"twitter:card\" content=\"summary_large_image\" \/>\n<meta name=\"twitter:label1\" content=\"Escrito por\" \/>\n\t<meta name=\"twitter:data1\" content=\"jaen\" \/>\n\t<meta name=\"twitter:label2\" content=\"Tiempo de lectura\" \/>\n\t<meta name=\"twitter:data2\" content=\"3 minutos\" \/>\n<script type=\"application\/ld+json\" class=\"yoast-schema-graph\">{\"@context\":\"https:\/\/schema.org\",\"@graph\":[{\"@type\":\"Article\",\"@id\":\"https:\/\/ajeandalucia.org\/jaen\/2023\/09\/21\/aje-y-fortalezas-formacion-se-unen-para-promover-la-formacion-y-la-igualdad-en-el-ambito-empresarial\/#article\",\"isPartOf\":{\"@id\":\"https:\/\/ajeandalucia.org\/jaen\/2023\/09\/21\/aje-y-fortalezas-formacion-se-unen-para-promover-la-formacion-y-la-igualdad-en-el-ambito-empresarial\/\"},\"author\":{\"name\":\"jaen\",\"@id\":\"https:\/\/ajeandalucia.org\/jaen\/#\/schema\/person\/cde0c877dad85cce36ef3275c9cdba8c\"},\"headline\":\"AJE y Fortalezas Formaci\u00f3n se unen para promover la formaci\u00f3n y la igualdad en el \u00e1mbito empresarial\",\"datePublished\":\"2023-09-21T14:57:59+00:00\",\"dateModified\":\"2023-09-21T15:22:10+00:00\",\"mainEntityOfPage\":{\"@id\":\"https:\/\/ajeandalucia.org\/jaen\/2023\/09\/21\/aje-y-fortalezas-formacion-se-unen-para-promover-la-formacion-y-la-igualdad-en-el-ambito-empresarial\/\"},\"wordCount\":551,\"commentCount\":0,\"publisher\":{\"@id\":\"https:\/\/ajeandalucia.org\/jaen\/#organization\"},\"image\":{\"@id\":\"https:\/\/ajeandalucia.org\/jaen\/2023\/09\/21\/aje-y-fortalezas-formacion-se-unen-para-promover-la-formacion-y-la-igualdad-en-el-ambito-empresarial\/#primaryimage\"},\"thumbnailUrl\":\"https:\/\/ajeandalucia.org\/jaen\/wp-content\/uploads\/sites\/9\/2023\/09\/IMG_20230921_093129.jpg\",\"articleSection\":[\"Actividades\",\"Convenios\",\"Eventos\",\"Noticias\",\"Servicios\"],\"inLanguage\":\"es\",\"potentialAction\":[{\"@type\":\"CommentAction\",\"name\":\"Comment\",\"target\":[\"https:\/\/ajeandalucia.org\/jaen\/2023\/09\/21\/aje-y-fortalezas-formacion-se-unen-para-promover-la-formacion-y-la-igualdad-en-el-ambito-empresarial\/#respond\"]}]},{\"@type\":\"WebPage\",\"@id\":\"https:\/\/ajeandalucia.org\/jaen\/2023\/09\/21\/aje-y-fortalezas-formacion-se-unen-para-promover-la-formacion-y-la-igualdad-en-el-ambito-empresarial\/\",\"url\":\"https:\/\/ajeandalucia.org\/jaen\/2023\/09\/21\/aje-y-fortalezas-formacion-se-unen-para-promover-la-formacion-y-la-igualdad-en-el-ambito-empresarial\/\",\"name\":\"AJE y Fortalezas Formaci\u00f3n se unen para promover la formaci\u00f3n y la igualdad en el \u00e1mbito empresarial - AJE Ja\u00e9n\",\"isPartOf\":{\"@id\":\"https:\/\/ajeandalucia.org\/jaen\/#website\"},\"primaryImageOfPage\":{\"@id\":\"https:\/\/ajeandalucia.org\/jaen\/2023\/09\/21\/aje-y-fortalezas-formacion-se-unen-para-promover-la-formacion-y-la-igualdad-en-el-ambito-empresarial\/#primaryimage\"},\"image\":{\"@id\":\"https:\/\/ajeandalucia.org\/jaen\/2023\/09\/21\/aje-y-fortalezas-formacion-se-unen-para-promover-la-formacion-y-la-igualdad-en-el-ambito-empresarial\/#primaryimage\"},\"thumbnailUrl\":\"https:\/\/ajeandalucia.org\/jaen\/wp-content\/uploads\/sites\/9\/2023\/09\/IMG_20230921_093129.jpg\",\"datePublished\":\"2023-09-21T14:57:59+00:00\",\"dateModified\":\"2023-09-21T15:22:10+00:00\",\"description\":\"Convenio entre AJE y Fortalezas Formaci\u00f3n. Empresas asociadas disfrutar\u00e1n de descuentos en planes de igualdad y asesoramiento en subvenciones p\u00fablicas.\",\"breadcrumb\":{\"@id\":\"https:\/\/ajeandalucia.org\/jaen\/2023\/09\/21\/aje-y-fortalezas-formacion-se-unen-para-promover-la-formacion-y-la-igualdad-en-el-ambito-empresarial\/#breadcrumb\"},\"inLanguage\":\"es\",\"potentialAction\":[{\"@type\":\"ReadAction\",\"target\":[\"https:\/\/ajeandalucia.org\/jaen\/2023\/09\/21\/aje-y-fortalezas-formacion-se-unen-para-promover-la-formacion-y-la-igualdad-en-el-ambito-empresarial\/\"]}]},{\"@type\":\"ImageObject\",\"inLanguage\":\"es\",\"@id\":\"https:\/\/ajeandalucia.org\/jaen\/2023\/09\/21\/aje-y-fortalezas-formacion-se-unen-para-promover-la-formacion-y-la-igualdad-en-el-ambito-empresarial\/#primaryimage\",\"url\":\"https:\/\/ajeandalucia.org\/jaen\/wp-content\/uploads\/sites\/9\/2023\/09\/IMG_20230921_093129.jpg\",\"contentUrl\":\"https:\/\/ajeandalucia.org\/jaen\/wp-content\/uploads\/sites\/9\/2023\/09\/IMG_20230921_093129.jpg\",\"width\":4640,\"height\":3472},{\"@type\":\"BreadcrumbList\",\"@id\":\"https:\/\/ajeandalucia.org\/jaen\/2023\/09\/21\/aje-y-fortalezas-formacion-se-unen-para-promover-la-formacion-y-la-igualdad-en-el-ambito-empresarial\/#breadcrumb\",\"itemListElement\":[{\"@type\":\"ListItem\",\"position\":1,\"name\":\"Portada\",\"item\":\"https:\/\/ajeandalucia.org\/jaen\/\"},{\"@type\":\"ListItem\",\"position\":2,\"name\":\"AJE y Fortalezas Formaci\u00f3n se unen para promover la formaci\u00f3n y la igualdad en el \u00e1mbito empresarial\"}]},{\"@type\":\"WebSite\",\"@id\":\"https:\/\/ajeandalucia.org\/jaen\/#website\",\"url\":\"https:\/\/ajeandalucia.org\/jaen\/\",\"name\":\"AJE Ja\u00e9n\",\"description\":\"Otro sitio m\u00e1s de AJE Andaluc\u00eda\",\"publisher\":{\"@id\":\"https:\/\/ajeandalucia.org\/jaen\/#organization\"},\"potentialAction\":[{\"@type\":\"SearchAction\",\"target\":{\"@type\":\"EntryPoint\",\"urlTemplate\":\"https:\/\/ajeandalucia.org\/jaen\/?s={search_term_string}\"},\"query-input\":{\"@type\":\"PropertyValueSpecification\",\"valueRequired\":true,\"valueName\":\"search_term_string\"}}],\"inLanguage\":\"es\"},{\"@type\":\"Organization\",\"@id\":\"https:\/\/ajeandalucia.org\/jaen\/#organization\",\"name\":\"AJE Ja\u00e9n\",\"url\":\"https:\/\/ajeandalucia.org\/jaen\/\",\"logo\":{\"@type\":\"ImageObject\",\"inLanguage\":\"es\",\"@id\":\"https:\/\/ajeandalucia.org\/jaen\/#\/schema\/logo\/image\/\",\"url\":\"https:\/\/ajeandalucia.org\/jaen\/wp-content\/uploads\/sites\/9\/2025\/01\/logotipo-aje-andalucia-jovenes-empresarios-1.png\",\"contentUrl\":\"https:\/\/ajeandalucia.org\/jaen\/wp-content\/uploads\/sites\/9\/2025\/01\/logotipo-aje-andalucia-jovenes-empresarios-1.png\",\"width\":1129,\"height\":207,\"caption\":\"AJE Ja\u00e9n\"},\"image\":{\"@id\":\"https:\/\/ajeandalucia.org\/jaen\/#\/schema\/logo\/image\/\"}},{\"@type\":\"Person\",\"@id\":\"https:\/\/ajeandalucia.org\/jaen\/#\/schema\/person\/cde0c877dad85cce36ef3275c9cdba8c\",\"name\":\"jaen\",\"image\":{\"@type\":\"ImageObject\",\"inLanguage\":\"es\",\"@id\":\"https:\/\/ajeandalucia.org\/jaen\/#\/schema\/person\/image\/\",\"url\":\"https:\/\/secure.gravatar.com\/avatar\/ed67a5b3285e30f3be2c8daa2d1ea5569f263bccad21503d9b9c7a970f13f7a4?s=96&d=mm&r=g\",\"contentUrl\":\"https:\/\/secure.gravatar.com\/avatar\/ed67a5b3285e30f3be2c8daa2d1ea5569f263bccad21503d9b9c7a970f13f7a4?s=96&d=mm&r=g\",\"caption\":\"jaen\"},\"url\":\"https:\/\/ajeandalucia.org\/jaen\/author\/jaen\/\"}]}<\/script>\n<!-- \/ Yoast SEO plugin. -->","yoast_head_json":{"title":"AJE y Fortalezas Formaci\u00f3n se unen para promover la formaci\u00f3n y la igualdad en el \u00e1mbito empresarial - AJE Ja\u00e9n","description":"Convenio entre AJE y Fortalezas Formaci\u00f3n. Empresas asociadas disfrutar\u00e1n de descuentos en planes de igualdad y asesoramiento en subvenciones p\u00fablicas.","robots":{"index":"index","follow":"follow","max-snippet":"max-snippet:-1","max-image-preview":"max-image-preview:large","max-video-preview":"max-video-preview:-1"},"canonical":"https:\/\/ajeandalucia.org\/jaen\/2023\/09\/21\/aje-y-fortalezas-formacion-se-unen-para-promover-la-formacion-y-la-igualdad-en-el-ambito-empresarial\/","og_locale":"es_ES","og_type":"article","og_title":"AJE y Fortalezas Formaci\u00f3n se unen para promover la formaci\u00f3n y la igualdad en el \u00e1mbito empresarial - AJE Ja\u00e9n","og_description":"Convenio entre AJE y Fortalezas Formaci\u00f3n. Empresas asociadas disfrutar\u00e1n de descuentos en planes de igualdad y asesoramiento en subvenciones p\u00fablicas.","og_url":"https:\/\/ajeandalucia.org\/jaen\/2023\/09\/21\/aje-y-fortalezas-formacion-se-unen-para-promover-la-formacion-y-la-igualdad-en-el-ambito-empresarial\/","og_site_name":"AJE Ja\u00e9n","article_published_time":"2023-09-21T14:57:59+00:00","article_modified_time":"2023-09-21T15:22:10+00:00","og_image":[{"width":4640,"height":3472,"url":"https:\/\/ajeandalucia.org\/jaen\/wp-content\/uploads\/sites\/9\/2023\/09\/IMG_20230921_093129.jpg","type":"image\/jpeg"}],"author":"jaen","twitter_card":"summary_large_image","twitter_misc":{"Escrito por":"jaen","Tiempo de lectura":"3 minutos"},"schema":{"@context":"https:\/\/schema.org","@graph":[{"@type":"Article","@id":"https:\/\/ajeandalucia.org\/jaen\/2023\/09\/21\/aje-y-fortalezas-formacion-se-unen-para-promover-la-formacion-y-la-igualdad-en-el-ambito-empresarial\/#article","isPartOf":{"@id":"https:\/\/ajeandalucia.org\/jaen\/2023\/09\/21\/aje-y-fortalezas-formacion-se-unen-para-promover-la-formacion-y-la-igualdad-en-el-ambito-empresarial\/"},"author":{"name":"jaen","@id":"https:\/\/ajeandalucia.org\/jaen\/#\/schema\/person\/cde0c877dad85cce36ef3275c9cdba8c"},"headline":"AJE y Fortalezas Formaci\u00f3n se unen para promover la formaci\u00f3n y la igualdad en el \u00e1mbito empresarial","datePublished":"2023-09-21T14:57:59+00:00","dateModified":"2023-09-21T15:22:10+00:00","mainEntityOfPage":{"@id":"https:\/\/ajeandalucia.org\/jaen\/2023\/09\/21\/aje-y-fortalezas-formacion-se-unen-para-promover-la-formacion-y-la-igualdad-en-el-ambito-empresarial\/"},"wordCount":551,"commentCount":0,"publisher":{"@id":"https:\/\/ajeandalucia.org\/jaen\/#organization"},"image":{"@id":"https:\/\/ajeandalucia.org\/jaen\/2023\/09\/21\/aje-y-fortalezas-formacion-se-unen-para-promover-la-formacion-y-la-igualdad-en-el-ambito-empresarial\/#primaryimage"},"thumbnailUrl":"https:\/\/ajeandalucia.org\/jaen\/wp-content\/uploads\/sites\/9\/2023\/09\/IMG_20230921_093129.jpg","articleSection":["Actividades","Convenios","Eventos","Noticias","Servicios"],"inLanguage":"es","potentialAction":[{"@type":"CommentAction","name":"Comment","target":["https:\/\/ajeandalucia.org\/jaen\/2023\/09\/21\/aje-y-fortalezas-formacion-se-unen-para-promover-la-formacion-y-la-igualdad-en-el-ambito-empresarial\/#respond"]}]},{"@type":"WebPage","@id":"https:\/\/ajeandalucia.org\/jaen\/2023\/09\/21\/aje-y-fortalezas-formacion-se-unen-para-promover-la-formacion-y-la-igualdad-en-el-ambito-empresarial\/","url":"https:\/\/ajeandalucia.org\/jaen\/2023\/09\/21\/aje-y-fortalezas-formacion-se-unen-para-promover-la-formacion-y-la-igualdad-en-el-ambito-empresarial\/","name":"AJE y Fortalezas Formaci\u00f3n se unen para promover la formaci\u00f3n y la igualdad en el \u00e1mbito empresarial - AJE Ja\u00e9n","isPartOf":{"@id":"https:\/\/ajeandalucia.org\/jaen\/#website"},"primaryImageOfPage":{"@id":"https:\/\/ajeandalucia.org\/jaen\/2023\/09\/21\/aje-y-fortalezas-formacion-se-unen-para-promover-la-formacion-y-la-igualdad-en-el-ambito-empresarial\/#primaryimage"},"image":{"@id":"https:\/\/ajeandalucia.org\/jaen\/2023\/09\/21\/aje-y-fortalezas-formacion-se-unen-para-promover-la-formacion-y-la-igualdad-en-el-ambito-empresarial\/#primaryimage"},"thumbnailUrl":"https:\/\/ajeandalucia.org\/jaen\/wp-content\/uploads\/sites\/9\/2023\/09\/IMG_20230921_093129.jpg","datePublished":"2023-09-21T14:57:59+00:00","dateModified":"2023-09-21T15:22:10+00:00","description":"Convenio entre AJE y Fortalezas Formaci\u00f3n. Empresas asociadas disfrutar\u00e1n de descuentos en planes de igualdad y asesoramiento en subvenciones p\u00fablicas.","breadcrumb":{"@id":"https:\/\/ajeandalucia.org\/jaen\/2023\/09\/21\/aje-y-fortalezas-formacion-se-unen-para-promover-la-formacion-y-la-igualdad-en-el-ambito-empresarial\/#breadcrumb"},"inLanguage":"es","potentialAction":[{"@type":"ReadAction","target":["https:\/\/ajeandalucia.org\/jaen\/2023\/09\/21\/aje-y-fortalezas-formacion-se-unen-para-promover-la-formacion-y-la-igualdad-en-el-ambito-empresarial\/"]}]},{"@type":"ImageObject","inLanguage":"es","@id":"https:\/\/ajeandalucia.org\/jaen\/2023\/09\/21\/aje-y-fortalezas-formacion-se-unen-para-promover-la-formacion-y-la-igualdad-en-el-ambito-empresarial\/#primaryimage","url":"https:\/\/ajeandalucia.org\/jaen\/wp-content\/uploads\/sites\/9\/2023\/09\/IMG_20230921_093129.jpg","contentUrl":"https:\/\/ajeandalucia.org\/jaen\/wp-content\/uploads\/sites\/9\/2023\/09\/IMG_20230921_093129.jpg","width":4640,"height":3472},{"@type":"BreadcrumbList","@id":"https:\/\/ajeandalucia.org\/jaen\/2023\/09\/21\/aje-y-fortalezas-formacion-se-unen-para-promover-la-formacion-y-la-igualdad-en-el-ambito-empresarial\/#breadcrumb","itemListElement":[{"@type":"ListItem","position":1,"name":"Portada","item":"https:\/\/ajeandalucia.org\/jaen\/"},{"@type":"ListItem","position":2,"name":"AJE y Fortalezas Formaci\u00f3n se unen para promover la formaci\u00f3n y la igualdad en el \u00e1mbito empresarial"}]},{"@type":"WebSite","@id":"https:\/\/ajeandalucia.org\/jaen\/#website","url":"https:\/\/ajeandalucia.org\/jaen\/","name":"AJE Ja\u00e9n","description":"Otro sitio m\u00e1s de AJE Andaluc\u00eda","publisher":{"@id":"https:\/\/ajeandalucia.org\/jaen\/#organization"},"potentialAction":[{"@type":"SearchAction","target":{"@type":"EntryPoint","urlTemplate":"https:\/\/ajeandalucia.org\/jaen\/?s={search_term_string}"},"query-input":{"@type":"PropertyValueSpecification","valueRequired":true,"valueName":"search_term_string"}}],"inLanguage":"es"},{"@type":"Organization","@id":"https:\/\/ajeandalucia.org\/jaen\/#organization","name":"AJE Ja\u00e9n","url":"https:\/\/ajeandalucia.org\/jaen\/","logo":{"@type":"ImageObject","inLanguage":"es","@id":"https:\/\/ajeandalucia.org\/jaen\/#\/schema\/logo\/image\/","url":"https:\/\/ajeandalucia.org\/jaen\/wp-content\/uploads\/sites\/9\/2025\/01\/logotipo-aje-andalucia-jovenes-empresarios-1.png","contentUrl":"https:\/\/ajeandalucia.org\/jaen\/wp-content\/uploads\/sites\/9\/2025\/01\/logotipo-aje-andalucia-jovenes-empresarios-1.png","width":1129,"height":207,"caption":"AJE Ja\u00e9n"},"image":{"@id":"https:\/\/ajeandalucia.org\/jaen\/#\/schema\/logo\/image\/"}},{"@type":"Person","@id":"https:\/\/ajeandalucia.org\/jaen\/#\/schema\/person\/cde0c877dad85cce36ef3275c9cdba8c","name":"jaen","image":{"@type":"ImageObject","inLanguage":"es","@id":"https:\/\/ajeandalucia.org\/jaen\/#\/schema\/person\/image\/","url":"https:\/\/secure.gravatar.com\/avatar\/ed67a5b3285e30f3be2c8daa2d1ea5569f263bccad21503d9b9c7a970f13f7a4?s=96&d=mm&r=g","contentUrl":"https:\/\/secure.gravatar.com\/avatar\/ed67a5b3285e30f3be2c8daa2d1ea5569f263bccad21503d9b9c7a970f13f7a4?s=96&d=mm&r=g","caption":"jaen"},"url":"https:\/\/ajeandalucia.org\/jaen\/author\/jaen\/"}]}},"_links":{"self":[{"href":"https:\/\/ajeandalucia.org\/jaen\/wp-json\/wp\/v2\/posts\/10275","targetHints":{"allow":["GET"]}}],"collection":[{"href":"https:\/\/ajeandalucia.org\/jaen\/wp-json\/wp\/v2\/posts"}],"about":[{"href":"https:\/\/ajeandalucia.org\/jaen\/wp-json\/wp\/v2\/types\/post"}],"author":[{"embeddable":true,"href":"https:\/\/ajeandalucia.org\/jaen\/wp-json\/wp\/v2\/users\/8"}],"replies":[{"embeddable":true,"href":"https:\/\/ajeandalucia.org\/jaen\/wp-json\/wp\/v2\/comments?post=10275"}],"version-history":[{"count":8,"href":"https:\/\/ajeandalucia.org\/jaen\/wp-json\/wp\/v2\/posts\/10275\/revisions"}],"predecessor-version":[{"id":10286,"href":"https:\/\/ajeandalucia.org\/jaen\/wp-json\/wp\/v2\/posts\/10275\/revisions\/10286"}],"wp:featuredmedia":[{"embeddable":true,"href":"https:\/\/ajeandalucia.org\/jaen\/wp-json\/wp\/v2\/media\/10281"}],"wp:attachment":[{"href":"https:\/\/ajeandalucia.org\/jaen\/wp-json\/wp\/v2\/media?parent=10275"}],"wp:term":[{"taxonomy":"category","embeddable":true,"href":"https:\/\/ajeandalucia.org\/jaen\/wp-json\/wp\/v2\/categories?post=10275"},{"taxonomy":"post_tag","embeddable":true,"href":"https:\/\/ajeandalucia.org\/jaen\/wp-json\/wp\/v2\/tags?post=10275"}],"curies":[{"name":"wp","href":"https:\/\/api.w.org\/{rel}","templated":true}]}}