{"id":10812,"date":"2024-04-01 14:09:46","date_gmt":"2024-04-01T10:09:46","guid":{"rendered":"https:\/\/www.ajeandalucia.org\/jaen\/?p=10812"},"modified":"2024-04-01T12:12:19","modified_gmt":"2024-04-01T10:12:19","slug":"formacion-las-deudas-y-los-servicios-bancarios","status":"publish","type":"post","link":"https:\/\/ajeandalucia.org\/jaen\/2024\/04\/01\/formacion-las-deudas-y-los-servicios-bancarios\/","title":{"rendered":"Formaci\u00f3n: &#8220;Las deudas y los servicios bancarios&#8221;"},"content":{"rendered":"<p><span style=\"color: #000000\">Andaluc\u00eda Emprende y SECOT ponen a tu disposici\u00f3n una formaci\u00f3n basada en las deudas y los servicios bancarios, con el fin de detectar y hacer frente a los problemas que genera la falta de atenci\u00f3n a los pagos\u00a0por la existencia de una serie de registros de morosos que act\u00faan como impedimentos para futuras financiaciones.<\/span><!--more--><\/p>\n<p><span style=\"color: #000000\">Andaluc\u00eda Emprende, Fundaci\u00f3n P\u00fablica Andaluza, tiene entre sus objetivos ofrecer servicios de calidad que contribuyan al desarrollo socioecon\u00f3mico de Andaluc\u00eda y a la creaci\u00f3n de empleo y autoempleo estable, y ser un instrumento \u00fatil para la ciudadan\u00eda emprendedora de nuestra Comunidad Aut\u00f3noma.<\/span><\/p>\n<p><span style=\"color: #000000\">En el marco de colaboraci\u00f3n con la Asociaci\u00f3n de Seniors Espa\u00f1oles para la Cooperaci\u00f3n T\u00e9cnica ( SECOT), se presenta esta propuesta de impartici\u00f3n de una serie de talleres online sobre materias de gran inter\u00e9s, que se pueden realizar de forma independiente.<\/span><br \/>\n<span style=\"color: #000000\">Dadas las tem\u00e1ticas propuestas y el enfoque cliente de la formaci\u00f3n que organizamos desde Andaluc\u00eda Emprende, a estos talleres podr\u00e1 asistir tanto personal de Andaluc\u00eda Emprende, como personas emprendedoras y empresarias que est\u00e9n interesadas en estas materias.<\/span><\/p>\n<h4><span style=\"color: #000000\">Objetivos:<\/span><\/h4>\n<ul>\n<li><span style=\"color: #000000\">Explicar los problemas que genera la falta de atenci\u00f3n a los pagos por la existencia de una serie de registros de morosos que act\u00faan como impedimentos para futuras financiaciones.<\/span><\/li>\n<li><span style=\"color: #000000\">A su vez, explicar el funcionamiento de la Central de Informaci\u00f3n de Riesgos del Banco de Espa\u00f1a (C.I.R.), y el sistema de resoluci\u00f3n de conflictos entre los clientes y los bancos, a trav\u00e9s del Servicio de Reclamaciones del Banco de Espa\u00f1a.<\/span><\/li>\n<\/ul>\n<h4><span style=\"color: #000000\">Contenido:<\/span><\/h4>\n<ul>\n<li><span style=\"color: #000000\">Qu\u00e9 es una deuda. Definiciones en su calificaci\u00f3n.<\/span><\/li>\n<li><span style=\"color: #000000\">Los Registros de morosos en Espa\u00f1a. Tipos.<\/span><\/li>\n<li><span style=\"color: #000000\">Las competencias de la Agencia de Protecci\u00f3n de datos en esta materia.<\/span><\/li>\n<li><span style=\"color: #000000\">La Central de Informaci\u00f3n de Riesgos.<\/span><\/li>\n<li><span style=\"color: #000000\">El Servicio de Reclamaciones del Banco de Espa\u00f1a.<\/span><\/li>\n<li><span style=\"color: #000000\">Otros servicios de reclamaciones administrativos.<\/span><\/li>\n<\/ul>\n<h4><span style=\"color: #000000\">Ponente:\u00a0<\/span><\/h4>\n<p><span style=\"color: #000000\">D\u00aa\u00a0Concha Montoya Oliver,\u00a0Socia de SECOT Madrid. Abogada. Ha sido Letrada Asesora del Banco de Espa\u00f1a. Es especialista en derecho p\u00fablico y financiero. Ha publicado numerosos art\u00edculos en revistas especializadas jur\u00eddicas, as\u00ed como libros de legislaci\u00f3n financiera. Tras su jubilaci\u00f3n colabora con Secot, asesorando en t\u00e9rminos jur\u00eddicos.<\/span><\/p>\n<p>&nbsp;<\/p>\n<p><span style=\"color: #000000\">La formaci\u00f3n se llevar\u00e1 a cabo el 3 de abril de 2024, desde las 9:00h hasta las 11:30h, de forma online.<\/span><\/p>\n<p>&nbsp;<\/p>\n<p><span style=\"color: #000000\">Inscr\u00edbete a la formaci\u00f3n\u00a0<span style=\"color: #ff0000\"><a style=\"color: #ff0000\" href=\"https:\/\/zoom.us\/meeting\/register\/tJYtd-ytrD8rGtbXqW1gN7q2uKlGXNY7iab_\">aqu\u00ed<\/a><\/span><\/span><\/p>\n","protected":false},"excerpt":{"rendered":"<p>Andaluc\u00eda Emprende y SECOT ponen a tu disposici\u00f3n una formaci\u00f3n basada en las deudas y los servicios bancarios, con el [&hellip;]<\/p>\n","protected":false},"author":8,"featured_media":10810,"comment_status":"open","ping_status":"open","sticky":false,"template":"","format":"standard","meta":{"_acf_changed":false,"site-sidebar-layout":"default","site-content-layout":"","ast-site-content-layout":"default","site-content-style":"default","site-sidebar-style":"default","ast-global-header-display":"","ast-banner-title-visibility":"","ast-main-header-display":"","ast-hfb-above-header-display":"","ast-hfb-below-header-display":"","ast-hfb-mobile-header-display":"","site-post-title":"","ast-breadcrumbs-content":"","ast-featured-img":"","footer-sml-layout":"","ast-disable-related-posts":"","theme-transparent-header-meta":"","adv-header-id-meta":"","stick-header-meta":"","header-above-stick-meta":"","header-main-stick-meta":"","header-below-stick-meta":"","astra-migrate-meta-layouts":"default","ast-page-background-enabled":"default","ast-page-background-meta":{"desktop":{"background-color":"var(--ast-global-color-5)","background-image":"","background-repeat":"repeat","background-position":"center center","background-size":"auto","background-attachment":"scroll","background-type":"","background-media":"","overlay-type":"","overlay-color":"","overlay-opacity":"","overlay-gradient":""},"tablet":{"background-color":"","background-image":"","background-repeat":"repeat","background-position":"center center","background-size":"auto","background-attachment":"scroll","background-type":"","background-media":"","overlay-type":"","overlay-color":"","overlay-opacity":"","overlay-gradient":""},"mobile":{"background-color":"","background-image":"","background-repeat":"repeat","background-position":"center center","background-size":"auto","background-attachment":"scroll","background-type":"","background-media":"","overlay-type":"","overlay-color":"","overlay-opacity":"","overlay-gradient":""}},"ast-content-background-meta":{"desktop":{"background-color":"var(--ast-global-color-4)","background-image":"","background-repeat":"repeat","background-position":"center center","background-size":"auto","background-attachment":"scroll","background-type":"","background-media":"","overlay-type":"","overlay-color":"","overlay-opacity":"","overlay-gradient":""},"tablet":{"background-color":"var(--ast-global-color-4)","background-image":"","background-repeat":"repeat","background-position":"center center","background-size":"auto","background-attachment":"scroll","background-type":"","background-media":"","overlay-type":"","overlay-color":"","overlay-opacity":"","overlay-gradient":""},"mobile":{"background-color":"var(--ast-global-color-4)","background-image":"","background-repeat":"repeat","background-position":"center center","background-size":"auto","background-attachment":"scroll","background-type":"","background-media":"","overlay-type":"","overlay-color":"","overlay-opacity":"","overlay-gradient":""}},"footnotes":""},"categories":[60,50,8,1],"tags":[],"class_list":["post-10812","post","type-post","status-publish","format-standard","has-post-thumbnail","hentry","category-actividades","category-consultoria","category-noticias","category-sin-categoria"],"acf":[],"yoast_head":"<!-- This site is optimized with the Yoast SEO plugin v26.9 - https:\/\/yoast.com\/product\/yoast-seo-wordpress\/ -->\n<title>Formaci\u00f3n: &quot;Las deudas y los servicios bancarios&quot; - AJE Ja\u00e9n<\/title>\n<meta name=\"description\" content=\"\u00a1Si quieres formarte acerca de las deudas y los servicios bancarios, esta formaci\u00f3n es para ti, el 3 de abril de 2024 de forma completamente online!\" \/>\n<meta name=\"robots\" content=\"index, follow, max-snippet:-1, max-image-preview:large, max-video-preview:-1\" \/>\n<link rel=\"canonical\" href=\"https:\/\/ajeandalucia.org\/jaen\/2024\/04\/01\/formacion-las-deudas-y-los-servicios-bancarios\/\" \/>\n<meta property=\"og:locale\" content=\"es_ES\" \/>\n<meta property=\"og:type\" content=\"article\" \/>\n<meta property=\"og:title\" content=\"Formaci\u00f3n: &quot;Las deudas y los servicios bancarios&quot; - AJE Ja\u00e9n\" \/>\n<meta property=\"og:description\" content=\"\u00a1Si quieres formarte acerca de las deudas y los servicios bancarios, esta formaci\u00f3n es para ti, el 3 de abril de 2024 de forma completamente online!\" \/>\n<meta property=\"og:url\" content=\"https:\/\/ajeandalucia.org\/jaen\/2024\/04\/01\/formacion-las-deudas-y-los-servicios-bancarios\/\" \/>\n<meta property=\"og:site_name\" content=\"AJE Ja\u00e9n\" \/>\n<meta property=\"article:published_time\" content=\"2024-04-01T10:09:46+00:00\" \/>\n<meta property=\"article:modified_time\" content=\"2024-04-01T10:12:19+00:00\" \/>\n<meta property=\"og:image\" content=\"https:\/\/ajeandalucia.org\/jaen\/wp-content\/uploads\/sites\/9\/2024\/04\/formaci\u00f3n-secot.png\" \/>\n\t<meta property=\"og:image:width\" content=\"833\" \/>\n\t<meta property=\"og:image:height\" content=\"625\" \/>\n\t<meta property=\"og:image:type\" content=\"image\/png\" \/>\n<meta name=\"author\" content=\"jaen\" \/>\n<meta name=\"twitter:card\" content=\"summary_large_image\" \/>\n<meta name=\"twitter:label1\" content=\"Escrito por\" \/>\n\t<meta name=\"twitter:data1\" content=\"jaen\" \/>\n\t<meta name=\"twitter:label2\" content=\"Tiempo de lectura\" \/>\n\t<meta name=\"twitter:data2\" content=\"2 minutos\" \/>\n<script type=\"application\/ld+json\" class=\"yoast-schema-graph\">{\"@context\":\"https:\/\/schema.org\",\"@graph\":[{\"@type\":\"Article\",\"@id\":\"https:\/\/ajeandalucia.org\/jaen\/2024\/04\/01\/formacion-las-deudas-y-los-servicios-bancarios\/#article\",\"isPartOf\":{\"@id\":\"https:\/\/ajeandalucia.org\/jaen\/2024\/04\/01\/formacion-las-deudas-y-los-servicios-bancarios\/\"},\"author\":{\"name\":\"jaen\",\"@id\":\"https:\/\/ajeandalucia.org\/jaen\/#\/schema\/person\/cde0c877dad85cce36ef3275c9cdba8c\"},\"headline\":\"Formaci\u00f3n: &#8220;Las deudas y los servicios bancarios&#8221;\",\"datePublished\":\"2024-04-01T10:09:46+00:00\",\"dateModified\":\"2024-04-01T10:12:19+00:00\",\"mainEntityOfPage\":{\"@id\":\"https:\/\/ajeandalucia.org\/jaen\/2024\/04\/01\/formacion-las-deudas-y-los-servicios-bancarios\/\"},\"wordCount\":425,\"commentCount\":0,\"publisher\":{\"@id\":\"https:\/\/ajeandalucia.org\/jaen\/#organization\"},\"image\":{\"@id\":\"https:\/\/ajeandalucia.org\/jaen\/2024\/04\/01\/formacion-las-deudas-y-los-servicios-bancarios\/#primaryimage\"},\"thumbnailUrl\":\"https:\/\/ajeandalucia.org\/jaen\/wp-content\/uploads\/sites\/9\/2024\/04\/formaci\u00f3n-secot.png\",\"articleSection\":[\"Actividades\",\"Consultor\u00eda\",\"Noticias\"],\"inLanguage\":\"es\",\"potentialAction\":[{\"@type\":\"CommentAction\",\"name\":\"Comment\",\"target\":[\"https:\/\/ajeandalucia.org\/jaen\/2024\/04\/01\/formacion-las-deudas-y-los-servicios-bancarios\/#respond\"]}]},{\"@type\":\"WebPage\",\"@id\":\"https:\/\/ajeandalucia.org\/jaen\/2024\/04\/01\/formacion-las-deudas-y-los-servicios-bancarios\/\",\"url\":\"https:\/\/ajeandalucia.org\/jaen\/2024\/04\/01\/formacion-las-deudas-y-los-servicios-bancarios\/\",\"name\":\"Formaci\u00f3n: \\\"Las deudas y los servicios bancarios\\\" - AJE Ja\u00e9n\",\"isPartOf\":{\"@id\":\"https:\/\/ajeandalucia.org\/jaen\/#website\"},\"primaryImageOfPage\":{\"@id\":\"https:\/\/ajeandalucia.org\/jaen\/2024\/04\/01\/formacion-las-deudas-y-los-servicios-bancarios\/#primaryimage\"},\"image\":{\"@id\":\"https:\/\/ajeandalucia.org\/jaen\/2024\/04\/01\/formacion-las-deudas-y-los-servicios-bancarios\/#primaryimage\"},\"thumbnailUrl\":\"https:\/\/ajeandalucia.org\/jaen\/wp-content\/uploads\/sites\/9\/2024\/04\/formaci\u00f3n-secot.png\",\"datePublished\":\"2024-04-01T10:09:46+00:00\",\"dateModified\":\"2024-04-01T10:12:19+00:00\",\"description\":\"\u00a1Si quieres formarte acerca de las deudas y los servicios bancarios, esta formaci\u00f3n es para ti, el 3 de abril de 2024 de forma completamente online!\",\"breadcrumb\":{\"@id\":\"https:\/\/ajeandalucia.org\/jaen\/2024\/04\/01\/formacion-las-deudas-y-los-servicios-bancarios\/#breadcrumb\"},\"inLanguage\":\"es\",\"potentialAction\":[{\"@type\":\"ReadAction\",\"target\":[\"https:\/\/ajeandalucia.org\/jaen\/2024\/04\/01\/formacion-las-deudas-y-los-servicios-bancarios\/\"]}]},{\"@type\":\"ImageObject\",\"inLanguage\":\"es\",\"@id\":\"https:\/\/ajeandalucia.org\/jaen\/2024\/04\/01\/formacion-las-deudas-y-los-servicios-bancarios\/#primaryimage\",\"url\":\"https:\/\/ajeandalucia.org\/jaen\/wp-content\/uploads\/sites\/9\/2024\/04\/formaci\u00f3n-secot.png\",\"contentUrl\":\"https:\/\/ajeandalucia.org\/jaen\/wp-content\/uploads\/sites\/9\/2024\/04\/formaci\u00f3n-secot.png\",\"width\":833,\"height\":625},{\"@type\":\"BreadcrumbList\",\"@id\":\"https:\/\/ajeandalucia.org\/jaen\/2024\/04\/01\/formacion-las-deudas-y-los-servicios-bancarios\/#breadcrumb\",\"itemListElement\":[{\"@type\":\"ListItem\",\"position\":1,\"name\":\"Portada\",\"item\":\"https:\/\/ajeandalucia.org\/jaen\/\"},{\"@type\":\"ListItem\",\"position\":2,\"name\":\"Formaci\u00f3n: &#8220;Las deudas y los servicios bancarios&#8221;\"}]},{\"@type\":\"WebSite\",\"@id\":\"https:\/\/ajeandalucia.org\/jaen\/#website\",\"url\":\"https:\/\/ajeandalucia.org\/jaen\/\",\"name\":\"AJE Ja\u00e9n\",\"description\":\"Otro sitio m\u00e1s de AJE Andaluc\u00eda\",\"publisher\":{\"@id\":\"https:\/\/ajeandalucia.org\/jaen\/#organization\"},\"potentialAction\":[{\"@type\":\"SearchAction\",\"target\":{\"@type\":\"EntryPoint\",\"urlTemplate\":\"https:\/\/ajeandalucia.org\/jaen\/?s={search_term_string}\"},\"query-input\":{\"@type\":\"PropertyValueSpecification\",\"valueRequired\":true,\"valueName\":\"search_term_string\"}}],\"inLanguage\":\"es\"},{\"@type\":\"Organization\",\"@id\":\"https:\/\/ajeandalucia.org\/jaen\/#organization\",\"name\":\"AJE Ja\u00e9n\",\"url\":\"https:\/\/ajeandalucia.org\/jaen\/\",\"logo\":{\"@type\":\"ImageObject\",\"inLanguage\":\"es\",\"@id\":\"https:\/\/ajeandalucia.org\/jaen\/#\/schema\/logo\/image\/\",\"url\":\"https:\/\/ajeandalucia.org\/jaen\/wp-content\/uploads\/sites\/9\/2025\/01\/logotipo-aje-andalucia-jovenes-empresarios-1.png\",\"contentUrl\":\"https:\/\/ajeandalucia.org\/jaen\/wp-content\/uploads\/sites\/9\/2025\/01\/logotipo-aje-andalucia-jovenes-empresarios-1.png\",\"width\":1129,\"height\":207,\"caption\":\"AJE Ja\u00e9n\"},\"image\":{\"@id\":\"https:\/\/ajeandalucia.org\/jaen\/#\/schema\/logo\/image\/\"}},{\"@type\":\"Person\",\"@id\":\"https:\/\/ajeandalucia.org\/jaen\/#\/schema\/person\/cde0c877dad85cce36ef3275c9cdba8c\",\"name\":\"jaen\",\"image\":{\"@type\":\"ImageObject\",\"inLanguage\":\"es\",\"@id\":\"https:\/\/ajeandalucia.org\/jaen\/#\/schema\/person\/image\/\",\"url\":\"https:\/\/secure.gravatar.com\/avatar\/ed67a5b3285e30f3be2c8daa2d1ea5569f263bccad21503d9b9c7a970f13f7a4?s=96&d=mm&r=g\",\"contentUrl\":\"https:\/\/secure.gravatar.com\/avatar\/ed67a5b3285e30f3be2c8daa2d1ea5569f263bccad21503d9b9c7a970f13f7a4?s=96&d=mm&r=g\",\"caption\":\"jaen\"},\"url\":\"https:\/\/ajeandalucia.org\/jaen\/author\/jaen\/\"}]}<\/script>\n<!-- \/ Yoast SEO plugin. -->","yoast_head_json":{"title":"Formaci\u00f3n: \"Las deudas y los servicios bancarios\" - AJE Ja\u00e9n","description":"\u00a1Si quieres formarte acerca de las deudas y los servicios bancarios, esta formaci\u00f3n es para ti, el 3 de abril de 2024 de forma completamente online!","robots":{"index":"index","follow":"follow","max-snippet":"max-snippet:-1","max-image-preview":"max-image-preview:large","max-video-preview":"max-video-preview:-1"},"canonical":"https:\/\/ajeandalucia.org\/jaen\/2024\/04\/01\/formacion-las-deudas-y-los-servicios-bancarios\/","og_locale":"es_ES","og_type":"article","og_title":"Formaci\u00f3n: \"Las deudas y los servicios bancarios\" - AJE Ja\u00e9n","og_description":"\u00a1Si quieres formarte acerca de las deudas y los servicios bancarios, esta formaci\u00f3n es para ti, el 3 de abril de 2024 de forma completamente online!","og_url":"https:\/\/ajeandalucia.org\/jaen\/2024\/04\/01\/formacion-las-deudas-y-los-servicios-bancarios\/","og_site_name":"AJE Ja\u00e9n","article_published_time":"2024-04-01T10:09:46+00:00","article_modified_time":"2024-04-01T10:12:19+00:00","og_image":[{"width":833,"height":625,"url":"https:\/\/ajeandalucia.org\/jaen\/wp-content\/uploads\/sites\/9\/2024\/04\/formaci\u00f3n-secot.png","type":"image\/png"}],"author":"jaen","twitter_card":"summary_large_image","twitter_misc":{"Escrito por":"jaen","Tiempo de lectura":"2 minutos"},"schema":{"@context":"https:\/\/schema.org","@graph":[{"@type":"Article","@id":"https:\/\/ajeandalucia.org\/jaen\/2024\/04\/01\/formacion-las-deudas-y-los-servicios-bancarios\/#article","isPartOf":{"@id":"https:\/\/ajeandalucia.org\/jaen\/2024\/04\/01\/formacion-las-deudas-y-los-servicios-bancarios\/"},"author":{"name":"jaen","@id":"https:\/\/ajeandalucia.org\/jaen\/#\/schema\/person\/cde0c877dad85cce36ef3275c9cdba8c"},"headline":"Formaci\u00f3n: &#8220;Las deudas y los servicios bancarios&#8221;","datePublished":"2024-04-01T10:09:46+00:00","dateModified":"2024-04-01T10:12:19+00:00","mainEntityOfPage":{"@id":"https:\/\/ajeandalucia.org\/jaen\/2024\/04\/01\/formacion-las-deudas-y-los-servicios-bancarios\/"},"wordCount":425,"commentCount":0,"publisher":{"@id":"https:\/\/ajeandalucia.org\/jaen\/#organization"},"image":{"@id":"https:\/\/ajeandalucia.org\/jaen\/2024\/04\/01\/formacion-las-deudas-y-los-servicios-bancarios\/#primaryimage"},"thumbnailUrl":"https:\/\/ajeandalucia.org\/jaen\/wp-content\/uploads\/sites\/9\/2024\/04\/formaci\u00f3n-secot.png","articleSection":["Actividades","Consultor\u00eda","Noticias"],"inLanguage":"es","potentialAction":[{"@type":"CommentAction","name":"Comment","target":["https:\/\/ajeandalucia.org\/jaen\/2024\/04\/01\/formacion-las-deudas-y-los-servicios-bancarios\/#respond"]}]},{"@type":"WebPage","@id":"https:\/\/ajeandalucia.org\/jaen\/2024\/04\/01\/formacion-las-deudas-y-los-servicios-bancarios\/","url":"https:\/\/ajeandalucia.org\/jaen\/2024\/04\/01\/formacion-las-deudas-y-los-servicios-bancarios\/","name":"Formaci\u00f3n: \"Las deudas y los servicios bancarios\" - AJE Ja\u00e9n","isPartOf":{"@id":"https:\/\/ajeandalucia.org\/jaen\/#website"},"primaryImageOfPage":{"@id":"https:\/\/ajeandalucia.org\/jaen\/2024\/04\/01\/formacion-las-deudas-y-los-servicios-bancarios\/#primaryimage"},"image":{"@id":"https:\/\/ajeandalucia.org\/jaen\/2024\/04\/01\/formacion-las-deudas-y-los-servicios-bancarios\/#primaryimage"},"thumbnailUrl":"https:\/\/ajeandalucia.org\/jaen\/wp-content\/uploads\/sites\/9\/2024\/04\/formaci\u00f3n-secot.png","datePublished":"2024-04-01T10:09:46+00:00","dateModified":"2024-04-01T10:12:19+00:00","description":"\u00a1Si quieres formarte acerca de las deudas y los servicios bancarios, esta formaci\u00f3n es para ti, el 3 de abril de 2024 de forma completamente online!","breadcrumb":{"@id":"https:\/\/ajeandalucia.org\/jaen\/2024\/04\/01\/formacion-las-deudas-y-los-servicios-bancarios\/#breadcrumb"},"inLanguage":"es","potentialAction":[{"@type":"ReadAction","target":["https:\/\/ajeandalucia.org\/jaen\/2024\/04\/01\/formacion-las-deudas-y-los-servicios-bancarios\/"]}]},{"@type":"ImageObject","inLanguage":"es","@id":"https:\/\/ajeandalucia.org\/jaen\/2024\/04\/01\/formacion-las-deudas-y-los-servicios-bancarios\/#primaryimage","url":"https:\/\/ajeandalucia.org\/jaen\/wp-content\/uploads\/sites\/9\/2024\/04\/formaci\u00f3n-secot.png","contentUrl":"https:\/\/ajeandalucia.org\/jaen\/wp-content\/uploads\/sites\/9\/2024\/04\/formaci\u00f3n-secot.png","width":833,"height":625},{"@type":"BreadcrumbList","@id":"https:\/\/ajeandalucia.org\/jaen\/2024\/04\/01\/formacion-las-deudas-y-los-servicios-bancarios\/#breadcrumb","itemListElement":[{"@type":"ListItem","position":1,"name":"Portada","item":"https:\/\/ajeandalucia.org\/jaen\/"},{"@type":"ListItem","position":2,"name":"Formaci\u00f3n: &#8220;Las deudas y los servicios bancarios&#8221;"}]},{"@type":"WebSite","@id":"https:\/\/ajeandalucia.org\/jaen\/#website","url":"https:\/\/ajeandalucia.org\/jaen\/","name":"AJE Ja\u00e9n","description":"Otro sitio m\u00e1s de AJE Andaluc\u00eda","publisher":{"@id":"https:\/\/ajeandalucia.org\/jaen\/#organization"},"potentialAction":[{"@type":"SearchAction","target":{"@type":"EntryPoint","urlTemplate":"https:\/\/ajeandalucia.org\/jaen\/?s={search_term_string}"},"query-input":{"@type":"PropertyValueSpecification","valueRequired":true,"valueName":"search_term_string"}}],"inLanguage":"es"},{"@type":"Organization","@id":"https:\/\/ajeandalucia.org\/jaen\/#organization","name":"AJE Ja\u00e9n","url":"https:\/\/ajeandalucia.org\/jaen\/","logo":{"@type":"ImageObject","inLanguage":"es","@id":"https:\/\/ajeandalucia.org\/jaen\/#\/schema\/logo\/image\/","url":"https:\/\/ajeandalucia.org\/jaen\/wp-content\/uploads\/sites\/9\/2025\/01\/logotipo-aje-andalucia-jovenes-empresarios-1.png","contentUrl":"https:\/\/ajeandalucia.org\/jaen\/wp-content\/uploads\/sites\/9\/2025\/01\/logotipo-aje-andalucia-jovenes-empresarios-1.png","width":1129,"height":207,"caption":"AJE Ja\u00e9n"},"image":{"@id":"https:\/\/ajeandalucia.org\/jaen\/#\/schema\/logo\/image\/"}},{"@type":"Person","@id":"https:\/\/ajeandalucia.org\/jaen\/#\/schema\/person\/cde0c877dad85cce36ef3275c9cdba8c","name":"jaen","image":{"@type":"ImageObject","inLanguage":"es","@id":"https:\/\/ajeandalucia.org\/jaen\/#\/schema\/person\/image\/","url":"https:\/\/secure.gravatar.com\/avatar\/ed67a5b3285e30f3be2c8daa2d1ea5569f263bccad21503d9b9c7a970f13f7a4?s=96&d=mm&r=g","contentUrl":"https:\/\/secure.gravatar.com\/avatar\/ed67a5b3285e30f3be2c8daa2d1ea5569f263bccad21503d9b9c7a970f13f7a4?s=96&d=mm&r=g","caption":"jaen"},"url":"https:\/\/ajeandalucia.org\/jaen\/author\/jaen\/"}]}},"_links":{"self":[{"href":"https:\/\/ajeandalucia.org\/jaen\/wp-json\/wp\/v2\/posts\/10812","targetHints":{"allow":["GET"]}}],"collection":[{"href":"https:\/\/ajeandalucia.org\/jaen\/wp-json\/wp\/v2\/posts"}],"about":[{"href":"https:\/\/ajeandalucia.org\/jaen\/wp-json\/wp\/v2\/types\/post"}],"author":[{"embeddable":true,"href":"https:\/\/ajeandalucia.org\/jaen\/wp-json\/wp\/v2\/users\/8"}],"replies":[{"embeddable":true,"href":"https:\/\/ajeandalucia.org\/jaen\/wp-json\/wp\/v2\/comments?post=10812"}],"version-history":[{"count":4,"href":"https:\/\/ajeandalucia.org\/jaen\/wp-json\/wp\/v2\/posts\/10812\/revisions"}],"predecessor-version":[{"id":10816,"href":"https:\/\/ajeandalucia.org\/jaen\/wp-json\/wp\/v2\/posts\/10812\/revisions\/10816"}],"wp:featuredmedia":[{"embeddable":true,"href":"https:\/\/ajeandalucia.org\/jaen\/wp-json\/wp\/v2\/media\/10810"}],"wp:attachment":[{"href":"https:\/\/ajeandalucia.org\/jaen\/wp-json\/wp\/v2\/media?parent=10812"}],"wp:term":[{"taxonomy":"category","embeddable":true,"href":"https:\/\/ajeandalucia.org\/jaen\/wp-json\/wp\/v2\/categories?post=10812"},{"taxonomy":"post_tag","embeddable":true,"href":"https:\/\/ajeandalucia.org\/jaen\/wp-json\/wp\/v2\/tags?post=10812"}],"curies":[{"name":"wp","href":"https:\/\/api.w.org\/{rel}","templated":true}]}}