{"id":12943,"date":"2025-05-13 13:00:30","date_gmt":"2025-05-13T09:00:30","guid":{"rendered":"https:\/\/ajeandalucia.org\/jaen\/?p=12943"},"modified":"2025-05-13T11:00:39","modified_gmt":"2025-05-13T09:00:39","slug":"emprendimiento-rural-banos-de-la-encina","status":"publish","type":"post","link":"https:\/\/ajeandalucia.org\/jaen\/2025\/05\/13\/emprendimiento-rural-banos-de-la-encina\/","title":{"rendered":"Activa la Comarca: Ba\u00f1os de la Encina"},"content":{"rendered":"<div class=\"elementor-element elementor-element-830ba12 elementor-widget elementor-widget-event_title\" data-id=\"830ba12\" data-element_type=\"widget\" data-settings=\"{&quot;ekit_we_effect_on&quot;:&quot;none&quot;}\" data-widget_type=\"event_title.default\">\n<div class=\"elementor-widget-container\">\n<h1 class=\"mec-single-title\">Activa la Comarca: Emprendimiento rural en Ba\u00f1os de la Encina<\/h1>\n<p>&nbsp;<\/p>\n<\/div>\n<\/div>\n<p><!--more--><\/p>\n<div class=\"elementor-element elementor-element-51d6ffd elementor-widget elementor-widget-event_content\" data-id=\"51d6ffd\" data-element_type=\"widget\" data-settings=\"{&quot;ekit_we_effect_on&quot;:&quot;none&quot;}\" data-widget_type=\"event_content.default\">\n<div class=\"elementor-widget-container\">\n<div class=\"mec-single-event-description mec-events-content \">\n<h3><b>Comercio, emprendimiento y turismo con acento jiennense: jornada en Ba\u00f1os de la Encina<\/b><\/h3>\n<p>&nbsp;<\/p>\n<p>El pr\u00f3ximo\u00a0<strong>28 de mayo de 2025\u00a0 de 9:00 a 11:15 h<\/strong>, celebramos en colaboraci\u00f3n con la Diputaci\u00f3n Provincial de Ja\u00e9n una jornada de emprendimiento rural en Ba\u00f1os de la Encina. Un encuentro pensado para quienes apuestan por el comercio local, el emprendimiento y el desarrollo de nuestras comarcas.<\/p>\n<h3>\u00bfA qui\u00e9n va dirigida esta jornada?<\/h3>\n<p>Si eres una persona emprendedora, amante del comercio de cercan\u00eda o simplemente te interesa contribuir al desarrollo econ\u00f3mico y social de nuestra tierra, esta cita es para ti. Ser\u00e1 una excelente oportunidad para conocer historias reales de personas emprendedoras y empresarias de la provincia de Ja\u00e9n que est\u00e1n transformando el tejido comercial local con sus ideas, esfuerzo y creatividad.<\/p>\n<h3>Un entorno \u00fanico con mucho que decir<\/h3>\n<p>Ba\u00f1os de la Encina no es solo uno de los Pueblos M\u00e1s Bonitos de Espa\u00f1a, sino tambi\u00e9n un ejemplo de c\u00f3mo el auge del turismo rural y patrimonial puede dinamizar la econom\u00eda de un municipio y su entorno. En 2023, esta localidad jiennense recibi\u00f3 m\u00e1s de 35.000 visitantes, un dato que refleja la creciente importancia del sector tur\u00edstico en la comarca de Sierra Morena y su potencial como motor de emprendimiento local.<\/p>\n<p>Este entorno privilegiado se convierte as\u00ed en el escenario ideal para generar conexiones entre personas emprendedoras, compartir buenas pr\u00e1cticas y reflexionar sobre c\u00f3mo seguir construyendo un modelo econ\u00f3mico m\u00e1s sostenible e inclusivo.<\/p>\n<h3>\u00bfQu\u00e9 encontrar\u00e1s en esta jornada?<\/h3>\n<h6><\/h6>\n<ul>\n<li>Espacio para el networking.<\/li>\n<li>Claves sobre c\u00f3mo conectar turismo, comercio y emprendimiento en entornos rurales.<\/li>\n<\/ul>\n<h3>Datos del evento<\/h3>\n<ul>\n<li><strong>\ufe0f Fecha:<\/strong>\u00a028 de mayo de 2025<\/li>\n<li><strong>Horario:<\/strong>\u00a0de 9:00 a 11:15 h<\/li>\n<li><strong>Lugar:<\/strong>\u00a0Ba\u00f1os de la Encina (Ja\u00e9n)<\/li>\n<\/ul>\n<h3>\ufe0fInscripci\u00f3n gratuita<\/h3>\n<p>La asistencia es libre y gratuita, pero es necesario confirmar asistencia <a href=\"https:\/\/ajeandalucia.org\/jaen\/eventos\/activa-la-comarca-jaen\/\">aqu\u00ed<\/a>.<\/p>\n<p>Porque en los pueblos tambi\u00e9n se emprende. Y se emprende bien. \u00danete al emprendimiento rural en ba\u00f1os de la encina<\/p>\n<\/div>\n<\/div>\n<\/div>\n","protected":false},"excerpt":{"rendered":"<p>Activa la Comarca: Emprendimiento rural en Ba\u00f1os de la Encina &nbsp;<\/p>\n","protected":false},"author":8,"featured_media":12944,"comment_status":"closed","ping_status":"open","sticky":false,"template":"","format":"standard","meta":{"_acf_changed":false,"site-sidebar-layout":"default","site-content-layout":"","ast-site-content-layout":"default","site-content-style":"default","site-sidebar-style":"default","ast-global-header-display":"","ast-banner-title-visibility":"","ast-main-header-display":"","ast-hfb-above-header-display":"","ast-hfb-below-header-display":"","ast-hfb-mobile-header-display":"","site-post-title":"","ast-breadcrumbs-content":"","ast-featured-img":"","footer-sml-layout":"","ast-disable-related-posts":"","theme-transparent-header-meta":"default","adv-header-id-meta":"","stick-header-meta":"","header-above-stick-meta":"","header-main-stick-meta":"","header-below-stick-meta":"","astra-migrate-meta-layouts":"set","ast-page-background-enabled":"default","ast-page-background-meta":{"desktop":{"background-color":"var(--ast-global-color-5)","background-image":"","background-repeat":"repeat","background-position":"center center","background-size":"auto","background-attachment":"scroll","background-type":"","background-media":"","overlay-type":"","overlay-color":"","overlay-opacity":"","overlay-gradient":""},"tablet":{"background-color":"","background-image":"","background-repeat":"repeat","background-position":"center center","background-size":"auto","background-attachment":"scroll","background-type":"","background-media":"","overlay-type":"","overlay-color":"","overlay-opacity":"","overlay-gradient":""},"mobile":{"background-color":"","background-image":"","background-repeat":"repeat","background-position":"center center","background-size":"auto","background-attachment":"scroll","background-type":"","background-media":"","overlay-type":"","overlay-color":"","overlay-opacity":"","overlay-gradient":""}},"ast-content-background-meta":{"desktop":{"background-color":"var(--ast-global-color-4)","background-image":"","background-repeat":"repeat","background-position":"center center","background-size":"auto","background-attachment":"scroll","background-type":"","background-media":"","overlay-type":"","overlay-color":"","overlay-opacity":"","overlay-gradient":""},"tablet":{"background-color":"var(--ast-global-color-4)","background-image":"","background-repeat":"repeat","background-position":"center center","background-size":"auto","background-attachment":"scroll","background-type":"","background-media":"","overlay-type":"","overlay-color":"","overlay-opacity":"","overlay-gradient":""},"mobile":{"background-color":"var(--ast-global-color-4)","background-image":"","background-repeat":"repeat","background-position":"center center","background-size":"auto","background-attachment":"scroll","background-type":"","background-media":"","overlay-type":"","overlay-color":"","overlay-opacity":"","overlay-gradient":""}},"footnotes":""},"categories":[1],"tags":[],"class_list":["post-12943","post","type-post","status-publish","format-standard","has-post-thumbnail","hentry","category-sin-categoria"],"acf":[],"yoast_head":"<!-- This site is optimized with the Yoast SEO plugin v26.9 - https:\/\/yoast.com\/product\/yoast-seo-wordpress\/ -->\n<title>Emprendimiento rural Ba\u00f1os de la Encina | Activa la Comarca 2025<\/title>\n<meta name=\"description\" content=\"Jornada sobre comercio, turismo y emprendimiento rural en Ba\u00f1os de la Encina. Conecta, aprende y transforma tu entorno. Inscripci\u00f3n gratuita.\" \/>\n<meta name=\"robots\" content=\"index, follow, max-snippet:-1, max-image-preview:large, max-video-preview:-1\" \/>\n<link rel=\"canonical\" href=\"https:\/\/ajeandalucia.org\/jaen\/2025\/05\/13\/emprendimiento-rural-banos-de-la-encina\/\" \/>\n<meta property=\"og:locale\" content=\"es_ES\" \/>\n<meta property=\"og:type\" content=\"article\" \/>\n<meta property=\"og:title\" content=\"Emprendimiento rural Ba\u00f1os de la Encina | Activa la Comarca 2025\" \/>\n<meta property=\"og:description\" content=\"Jornada sobre comercio, turismo y emprendimiento rural en Ba\u00f1os de la Encina. Conecta, aprende y transforma tu entorno. Inscripci\u00f3n gratuita.\" \/>\n<meta property=\"og:url\" content=\"https:\/\/ajeandalucia.org\/jaen\/2025\/05\/13\/emprendimiento-rural-banos-de-la-encina\/\" \/>\n<meta property=\"og:site_name\" content=\"AJE Ja\u00e9n\" \/>\n<meta property=\"article:published_time\" content=\"2025-05-13T09:00:30+00:00\" \/>\n<meta property=\"article:modified_time\" content=\"2025-05-13T09:00:39+00:00\" \/>\n<meta property=\"og:image\" content=\"https:\/\/ajeandalucia.org\/jaen\/wp-content\/uploads\/sites\/9\/2025\/05\/Post-Activa-la-comarca-1080-x-1350-px.png\" \/>\n\t<meta property=\"og:image:width\" content=\"1620\" \/>\n\t<meta property=\"og:image:height\" content=\"2025\" \/>\n\t<meta property=\"og:image:type\" content=\"image\/png\" \/>\n<meta name=\"author\" content=\"jaen\" \/>\n<meta name=\"twitter:card\" content=\"summary_large_image\" \/>\n<meta name=\"twitter:label1\" content=\"Escrito por\" \/>\n\t<meta name=\"twitter:data1\" content=\"jaen\" \/>\n\t<meta name=\"twitter:label2\" content=\"Tiempo de lectura\" \/>\n\t<meta name=\"twitter:data2\" content=\"2 minutos\" \/>\n<script type=\"application\/ld+json\" class=\"yoast-schema-graph\">{\"@context\":\"https:\/\/schema.org\",\"@graph\":[{\"@type\":\"Article\",\"@id\":\"https:\/\/ajeandalucia.org\/jaen\/2025\/05\/13\/emprendimiento-rural-banos-de-la-encina\/#article\",\"isPartOf\":{\"@id\":\"https:\/\/ajeandalucia.org\/jaen\/2025\/05\/13\/emprendimiento-rural-banos-de-la-encina\/\"},\"author\":{\"name\":\"jaen\",\"@id\":\"https:\/\/ajeandalucia.org\/jaen\/#\/schema\/person\/cde0c877dad85cce36ef3275c9cdba8c\"},\"headline\":\"Activa la Comarca: Ba\u00f1os de la Encina\",\"datePublished\":\"2025-05-13T09:00:30+00:00\",\"dateModified\":\"2025-05-13T09:00:39+00:00\",\"mainEntityOfPage\":{\"@id\":\"https:\/\/ajeandalucia.org\/jaen\/2025\/05\/13\/emprendimiento-rural-banos-de-la-encina\/\"},\"wordCount\":354,\"publisher\":{\"@id\":\"https:\/\/ajeandalucia.org\/jaen\/#organization\"},\"image\":{\"@id\":\"https:\/\/ajeandalucia.org\/jaen\/2025\/05\/13\/emprendimiento-rural-banos-de-la-encina\/#primaryimage\"},\"thumbnailUrl\":\"https:\/\/ajeandalucia.org\/jaen\/wp-content\/uploads\/sites\/9\/2025\/05\/Post-Activa-la-comarca-1080-x-1350-px.png\",\"inLanguage\":\"es\"},{\"@type\":\"WebPage\",\"@id\":\"https:\/\/ajeandalucia.org\/jaen\/2025\/05\/13\/emprendimiento-rural-banos-de-la-encina\/\",\"url\":\"https:\/\/ajeandalucia.org\/jaen\/2025\/05\/13\/emprendimiento-rural-banos-de-la-encina\/\",\"name\":\"Emprendimiento rural Ba\u00f1os de la Encina | Activa la Comarca 2025\",\"isPartOf\":{\"@id\":\"https:\/\/ajeandalucia.org\/jaen\/#website\"},\"primaryImageOfPage\":{\"@id\":\"https:\/\/ajeandalucia.org\/jaen\/2025\/05\/13\/emprendimiento-rural-banos-de-la-encina\/#primaryimage\"},\"image\":{\"@id\":\"https:\/\/ajeandalucia.org\/jaen\/2025\/05\/13\/emprendimiento-rural-banos-de-la-encina\/#primaryimage\"},\"thumbnailUrl\":\"https:\/\/ajeandalucia.org\/jaen\/wp-content\/uploads\/sites\/9\/2025\/05\/Post-Activa-la-comarca-1080-x-1350-px.png\",\"datePublished\":\"2025-05-13T09:00:30+00:00\",\"dateModified\":\"2025-05-13T09:00:39+00:00\",\"description\":\"Jornada sobre comercio, turismo y emprendimiento rural en Ba\u00f1os de la Encina. Conecta, aprende y transforma tu entorno. Inscripci\u00f3n gratuita.\",\"breadcrumb\":{\"@id\":\"https:\/\/ajeandalucia.org\/jaen\/2025\/05\/13\/emprendimiento-rural-banos-de-la-encina\/#breadcrumb\"},\"inLanguage\":\"es\",\"potentialAction\":[{\"@type\":\"ReadAction\",\"target\":[\"https:\/\/ajeandalucia.org\/jaen\/2025\/05\/13\/emprendimiento-rural-banos-de-la-encina\/\"]}]},{\"@type\":\"ImageObject\",\"inLanguage\":\"es\",\"@id\":\"https:\/\/ajeandalucia.org\/jaen\/2025\/05\/13\/emprendimiento-rural-banos-de-la-encina\/#primaryimage\",\"url\":\"https:\/\/ajeandalucia.org\/jaen\/wp-content\/uploads\/sites\/9\/2025\/05\/Post-Activa-la-comarca-1080-x-1350-px.png\",\"contentUrl\":\"https:\/\/ajeandalucia.org\/jaen\/wp-content\/uploads\/sites\/9\/2025\/05\/Post-Activa-la-comarca-1080-x-1350-px.png\",\"width\":1620,\"height\":2025,\"caption\":\"emprendimiento rural en ba\u00f1os de la encina\"},{\"@type\":\"BreadcrumbList\",\"@id\":\"https:\/\/ajeandalucia.org\/jaen\/2025\/05\/13\/emprendimiento-rural-banos-de-la-encina\/#breadcrumb\",\"itemListElement\":[{\"@type\":\"ListItem\",\"position\":1,\"name\":\"Portada\",\"item\":\"https:\/\/ajeandalucia.org\/jaen\/\"},{\"@type\":\"ListItem\",\"position\":2,\"name\":\"Activa la Comarca: Ba\u00f1os de la Encina\"}]},{\"@type\":\"WebSite\",\"@id\":\"https:\/\/ajeandalucia.org\/jaen\/#website\",\"url\":\"https:\/\/ajeandalucia.org\/jaen\/\",\"name\":\"AJE Ja\u00e9n\",\"description\":\"Otro sitio m\u00e1s de AJE Andaluc\u00eda\",\"publisher\":{\"@id\":\"https:\/\/ajeandalucia.org\/jaen\/#organization\"},\"potentialAction\":[{\"@type\":\"SearchAction\",\"target\":{\"@type\":\"EntryPoint\",\"urlTemplate\":\"https:\/\/ajeandalucia.org\/jaen\/?s={search_term_string}\"},\"query-input\":{\"@type\":\"PropertyValueSpecification\",\"valueRequired\":true,\"valueName\":\"search_term_string\"}}],\"inLanguage\":\"es\"},{\"@type\":\"Organization\",\"@id\":\"https:\/\/ajeandalucia.org\/jaen\/#organization\",\"name\":\"AJE Ja\u00e9n\",\"url\":\"https:\/\/ajeandalucia.org\/jaen\/\",\"logo\":{\"@type\":\"ImageObject\",\"inLanguage\":\"es\",\"@id\":\"https:\/\/ajeandalucia.org\/jaen\/#\/schema\/logo\/image\/\",\"url\":\"https:\/\/ajeandalucia.org\/jaen\/wp-content\/uploads\/sites\/9\/2025\/01\/logotipo-aje-andalucia-jovenes-empresarios-1.png\",\"contentUrl\":\"https:\/\/ajeandalucia.org\/jaen\/wp-content\/uploads\/sites\/9\/2025\/01\/logotipo-aje-andalucia-jovenes-empresarios-1.png\",\"width\":1129,\"height\":207,\"caption\":\"AJE Ja\u00e9n\"},\"image\":{\"@id\":\"https:\/\/ajeandalucia.org\/jaen\/#\/schema\/logo\/image\/\"}},{\"@type\":\"Person\",\"@id\":\"https:\/\/ajeandalucia.org\/jaen\/#\/schema\/person\/cde0c877dad85cce36ef3275c9cdba8c\",\"name\":\"jaen\",\"image\":{\"@type\":\"ImageObject\",\"inLanguage\":\"es\",\"@id\":\"https:\/\/ajeandalucia.org\/jaen\/#\/schema\/person\/image\/\",\"url\":\"https:\/\/secure.gravatar.com\/avatar\/ed67a5b3285e30f3be2c8daa2d1ea5569f263bccad21503d9b9c7a970f13f7a4?s=96&d=mm&r=g\",\"contentUrl\":\"https:\/\/secure.gravatar.com\/avatar\/ed67a5b3285e30f3be2c8daa2d1ea5569f263bccad21503d9b9c7a970f13f7a4?s=96&d=mm&r=g\",\"caption\":\"jaen\"},\"url\":\"https:\/\/ajeandalucia.org\/jaen\/author\/jaen\/\"}]}<\/script>\n<!-- \/ Yoast SEO plugin. -->","yoast_head_json":{"title":"Emprendimiento rural Ba\u00f1os de la Encina | Activa la Comarca 2025","description":"Jornada sobre comercio, turismo y emprendimiento rural en Ba\u00f1os de la Encina. Conecta, aprende y transforma tu entorno. Inscripci\u00f3n gratuita.","robots":{"index":"index","follow":"follow","max-snippet":"max-snippet:-1","max-image-preview":"max-image-preview:large","max-video-preview":"max-video-preview:-1"},"canonical":"https:\/\/ajeandalucia.org\/jaen\/2025\/05\/13\/emprendimiento-rural-banos-de-la-encina\/","og_locale":"es_ES","og_type":"article","og_title":"Emprendimiento rural Ba\u00f1os de la Encina | Activa la Comarca 2025","og_description":"Jornada sobre comercio, turismo y emprendimiento rural en Ba\u00f1os de la Encina. Conecta, aprende y transforma tu entorno. Inscripci\u00f3n gratuita.","og_url":"https:\/\/ajeandalucia.org\/jaen\/2025\/05\/13\/emprendimiento-rural-banos-de-la-encina\/","og_site_name":"AJE Ja\u00e9n","article_published_time":"2025-05-13T09:00:30+00:00","article_modified_time":"2025-05-13T09:00:39+00:00","og_image":[{"width":1620,"height":2025,"url":"https:\/\/ajeandalucia.org\/jaen\/wp-content\/uploads\/sites\/9\/2025\/05\/Post-Activa-la-comarca-1080-x-1350-px.png","type":"image\/png"}],"author":"jaen","twitter_card":"summary_large_image","twitter_misc":{"Escrito por":"jaen","Tiempo de lectura":"2 minutos"},"schema":{"@context":"https:\/\/schema.org","@graph":[{"@type":"Article","@id":"https:\/\/ajeandalucia.org\/jaen\/2025\/05\/13\/emprendimiento-rural-banos-de-la-encina\/#article","isPartOf":{"@id":"https:\/\/ajeandalucia.org\/jaen\/2025\/05\/13\/emprendimiento-rural-banos-de-la-encina\/"},"author":{"name":"jaen","@id":"https:\/\/ajeandalucia.org\/jaen\/#\/schema\/person\/cde0c877dad85cce36ef3275c9cdba8c"},"headline":"Activa la Comarca: Ba\u00f1os de la Encina","datePublished":"2025-05-13T09:00:30+00:00","dateModified":"2025-05-13T09:00:39+00:00","mainEntityOfPage":{"@id":"https:\/\/ajeandalucia.org\/jaen\/2025\/05\/13\/emprendimiento-rural-banos-de-la-encina\/"},"wordCount":354,"publisher":{"@id":"https:\/\/ajeandalucia.org\/jaen\/#organization"},"image":{"@id":"https:\/\/ajeandalucia.org\/jaen\/2025\/05\/13\/emprendimiento-rural-banos-de-la-encina\/#primaryimage"},"thumbnailUrl":"https:\/\/ajeandalucia.org\/jaen\/wp-content\/uploads\/sites\/9\/2025\/05\/Post-Activa-la-comarca-1080-x-1350-px.png","inLanguage":"es"},{"@type":"WebPage","@id":"https:\/\/ajeandalucia.org\/jaen\/2025\/05\/13\/emprendimiento-rural-banos-de-la-encina\/","url":"https:\/\/ajeandalucia.org\/jaen\/2025\/05\/13\/emprendimiento-rural-banos-de-la-encina\/","name":"Emprendimiento rural Ba\u00f1os de la Encina | Activa la Comarca 2025","isPartOf":{"@id":"https:\/\/ajeandalucia.org\/jaen\/#website"},"primaryImageOfPage":{"@id":"https:\/\/ajeandalucia.org\/jaen\/2025\/05\/13\/emprendimiento-rural-banos-de-la-encina\/#primaryimage"},"image":{"@id":"https:\/\/ajeandalucia.org\/jaen\/2025\/05\/13\/emprendimiento-rural-banos-de-la-encina\/#primaryimage"},"thumbnailUrl":"https:\/\/ajeandalucia.org\/jaen\/wp-content\/uploads\/sites\/9\/2025\/05\/Post-Activa-la-comarca-1080-x-1350-px.png","datePublished":"2025-05-13T09:00:30+00:00","dateModified":"2025-05-13T09:00:39+00:00","description":"Jornada sobre comercio, turismo y emprendimiento rural en Ba\u00f1os de la Encina. Conecta, aprende y transforma tu entorno. Inscripci\u00f3n gratuita.","breadcrumb":{"@id":"https:\/\/ajeandalucia.org\/jaen\/2025\/05\/13\/emprendimiento-rural-banos-de-la-encina\/#breadcrumb"},"inLanguage":"es","potentialAction":[{"@type":"ReadAction","target":["https:\/\/ajeandalucia.org\/jaen\/2025\/05\/13\/emprendimiento-rural-banos-de-la-encina\/"]}]},{"@type":"ImageObject","inLanguage":"es","@id":"https:\/\/ajeandalucia.org\/jaen\/2025\/05\/13\/emprendimiento-rural-banos-de-la-encina\/#primaryimage","url":"https:\/\/ajeandalucia.org\/jaen\/wp-content\/uploads\/sites\/9\/2025\/05\/Post-Activa-la-comarca-1080-x-1350-px.png","contentUrl":"https:\/\/ajeandalucia.org\/jaen\/wp-content\/uploads\/sites\/9\/2025\/05\/Post-Activa-la-comarca-1080-x-1350-px.png","width":1620,"height":2025,"caption":"emprendimiento rural en ba\u00f1os de la encina"},{"@type":"BreadcrumbList","@id":"https:\/\/ajeandalucia.org\/jaen\/2025\/05\/13\/emprendimiento-rural-banos-de-la-encina\/#breadcrumb","itemListElement":[{"@type":"ListItem","position":1,"name":"Portada","item":"https:\/\/ajeandalucia.org\/jaen\/"},{"@type":"ListItem","position":2,"name":"Activa la Comarca: Ba\u00f1os de la Encina"}]},{"@type":"WebSite","@id":"https:\/\/ajeandalucia.org\/jaen\/#website","url":"https:\/\/ajeandalucia.org\/jaen\/","name":"AJE Ja\u00e9n","description":"Otro sitio m\u00e1s de AJE Andaluc\u00eda","publisher":{"@id":"https:\/\/ajeandalucia.org\/jaen\/#organization"},"potentialAction":[{"@type":"SearchAction","target":{"@type":"EntryPoint","urlTemplate":"https:\/\/ajeandalucia.org\/jaen\/?s={search_term_string}"},"query-input":{"@type":"PropertyValueSpecification","valueRequired":true,"valueName":"search_term_string"}}],"inLanguage":"es"},{"@type":"Organization","@id":"https:\/\/ajeandalucia.org\/jaen\/#organization","name":"AJE Ja\u00e9n","url":"https:\/\/ajeandalucia.org\/jaen\/","logo":{"@type":"ImageObject","inLanguage":"es","@id":"https:\/\/ajeandalucia.org\/jaen\/#\/schema\/logo\/image\/","url":"https:\/\/ajeandalucia.org\/jaen\/wp-content\/uploads\/sites\/9\/2025\/01\/logotipo-aje-andalucia-jovenes-empresarios-1.png","contentUrl":"https:\/\/ajeandalucia.org\/jaen\/wp-content\/uploads\/sites\/9\/2025\/01\/logotipo-aje-andalucia-jovenes-empresarios-1.png","width":1129,"height":207,"caption":"AJE Ja\u00e9n"},"image":{"@id":"https:\/\/ajeandalucia.org\/jaen\/#\/schema\/logo\/image\/"}},{"@type":"Person","@id":"https:\/\/ajeandalucia.org\/jaen\/#\/schema\/person\/cde0c877dad85cce36ef3275c9cdba8c","name":"jaen","image":{"@type":"ImageObject","inLanguage":"es","@id":"https:\/\/ajeandalucia.org\/jaen\/#\/schema\/person\/image\/","url":"https:\/\/secure.gravatar.com\/avatar\/ed67a5b3285e30f3be2c8daa2d1ea5569f263bccad21503d9b9c7a970f13f7a4?s=96&d=mm&r=g","contentUrl":"https:\/\/secure.gravatar.com\/avatar\/ed67a5b3285e30f3be2c8daa2d1ea5569f263bccad21503d9b9c7a970f13f7a4?s=96&d=mm&r=g","caption":"jaen"},"url":"https:\/\/ajeandalucia.org\/jaen\/author\/jaen\/"}]}},"_links":{"self":[{"href":"https:\/\/ajeandalucia.org\/jaen\/wp-json\/wp\/v2\/posts\/12943","targetHints":{"allow":["GET"]}}],"collection":[{"href":"https:\/\/ajeandalucia.org\/jaen\/wp-json\/wp\/v2\/posts"}],"about":[{"href":"https:\/\/ajeandalucia.org\/jaen\/wp-json\/wp\/v2\/types\/post"}],"author":[{"embeddable":true,"href":"https:\/\/ajeandalucia.org\/jaen\/wp-json\/wp\/v2\/users\/8"}],"replies":[{"embeddable":true,"href":"https:\/\/ajeandalucia.org\/jaen\/wp-json\/wp\/v2\/comments?post=12943"}],"version-history":[{"count":4,"href":"https:\/\/ajeandalucia.org\/jaen\/wp-json\/wp\/v2\/posts\/12943\/revisions"}],"predecessor-version":[{"id":12948,"href":"https:\/\/ajeandalucia.org\/jaen\/wp-json\/wp\/v2\/posts\/12943\/revisions\/12948"}],"wp:featuredmedia":[{"embeddable":true,"href":"https:\/\/ajeandalucia.org\/jaen\/wp-json\/wp\/v2\/media\/12944"}],"wp:attachment":[{"href":"https:\/\/ajeandalucia.org\/jaen\/wp-json\/wp\/v2\/media?parent=12943"}],"wp:term":[{"taxonomy":"category","embeddable":true,"href":"https:\/\/ajeandalucia.org\/jaen\/wp-json\/wp\/v2\/categories?post=12943"},{"taxonomy":"post_tag","embeddable":true,"href":"https:\/\/ajeandalucia.org\/jaen\/wp-json\/wp\/v2\/tags?post=12943"}],"curies":[{"name":"wp","href":"https:\/\/api.w.org\/{rel}","templated":true}]}}