{"id":13257,"date":"2025-07-04 14:00:25","date_gmt":"2025-07-04T10:00:25","guid":{"rendered":"https:\/\/ajeandalucia.org\/jaen\/?p=13257"},"modified":"2025-07-04T21:33:19","modified_gmt":"2025-07-04T19:33:19","slug":"premios-aje-jaen-2025-ganadores","status":"publish","type":"post","link":"https:\/\/ajeandalucia.org\/jaen\/2025\/07\/04\/premios-aje-jaen-2025-ganadores\/","title":{"rendered":"Explotaci\u00f3n Ganadera Mar\u00edn, Centro Veo Veo y La Presentaci\u00f3n ganadores de los Premios AJE Ja\u00e9n 25 Edici\u00f3n"},"content":{"rendered":"<ul>\n<li>\n<h4>La entrega de premios ha tenido lugar en el Finca Caballerizas de la Virgen, Linares, en un acto al que han asistido m\u00e1s de 150 invitados entre autoridades, candidatos y j\u00f3venes empresarios.<\/h4>\n<\/li>\n<\/ul>\n<p><!--more--><\/p>\n<h6><span style=\"color: #000000\">3 de julio de 2025 &#8211; La Asociaci\u00f3n de J\u00f3venes Empresarios de Ja\u00e9n entreg\u00f3 esta tarde los Premios AJE 25\u00ba Edici\u00f3n en <strong>Generaci\u00f3n Alpha, a la Iniciativa Emprendedora y a la Trayectoria Empresarial.<\/strong><\/span><\/h6>\n<p>&nbsp;<\/p>\n<p><span style=\"color: #000000\">Esta edici\u00f3n, ha contado con el inestimable apoyo del Ayuntamiento de Linares, Emprende Linares y C\u00e1mara de Comercio de Linares, Caja Rural de Ja\u00e9n y Fundaci\u00f3n Fulgencio Meseguer, patronos de AJE, las empresas abanderadas AJE, AM system, Isabel Cruz medicina est\u00e9tica, Grupo Novoges \u2013 Avantik, Lae Homes, McDonald\u2019s, Mottus y Motri Motor y las entidades 123emprende, Li\u00f1\u00e1n LOPD, Mayca Palomino Abogados, Onda Cero y Tierras de Ja\u00e9n, como empresas colaboradoras del evento.<\/span><\/p>\n<p><span style=\"color: #000000\"><strong>Centro Veo Veo y Explotaci\u00f3n Ganadera Mar\u00edn<\/strong>, empresas con sede en Ja\u00e9n y Huelma, han sido galardonadas en los Premios AJE, destac\u00e1ndose en las categor\u00edas de Iniciativa Emprendedora y Trayectoria Empresarial, respectivamente. En cuanto a la Generaci\u00f3n Alpha, <strong>&#8216;Nova Motor\u201d <\/strong>ha sido galardonado con el Premio 123Emprende, mientras que el La Presentaci\u00f3n de Linares ha sido premiado en la categor\u00eda del Premio Caja Rural de Ja\u00e9n.<\/span><\/p>\n<p><span style=\"color: #000000\">El acto ha estado presidido por el Presidentes de AJE Ja\u00e9n, Antonio del Moral, M\u00ba Auxiliadora del Olmo, Acaldesa de Linares, Delegada Territorial de Empleo, Empresa y Trabajo Aut\u00f3nomo, Ana Mata, Delegado Territorial de Desarrollo Educativo y Formaci\u00f3n Profesional, Francisco Jos\u00e9 Solano, representantes del Gobierno y del Ayuntamiento de Linares, diputados provinciales y representantes de otras entidades empresariales.\u00a0<\/span><\/p>\n<p><span style=\"color: #000000\"><strong>Centro Veo Veo <\/strong>es un centro especializado en optometr\u00eda y terapia visual, con atenci\u00f3n desde los 6 meses de edad. Ofrece tratamientos personalizados para ni\u00f1os y adultos con dificultades visuales, utilizando tecnolog\u00eda avanzada y espacios adaptados. Su enfoque innovador mejora la calidad visual y el bienestar integral de sus pacientes.<\/span><\/p>\n<p><span style=\"color: #000000\"><strong>Explotaci\u00f3n Ganadera Mar\u00edn <\/strong>es un proyecto ganadero innovador centrado en la producci\u00f3n de leche y carne caprina de calidad, con 700 cabras de raza malague\u00f1a. Apuesta por el bienestar animal, el agroturismo inclusivo, la investigaci\u00f3n gen\u00e9tica y el desarrollo rural sostenible, colaborando con marcas como Garc\u00eda Baquero.<\/span><\/p>\n<p><span style=\"color: #000000\">Por su parte, el <strong>La Presentaci\u00f3n <\/strong>de Linares<strong>,<\/strong> present\u00f3 el proyecto <strong>Nova Motor,<\/strong> un sistema de seguridad vial que Integra Face ID y alcohol\u00edmetro en el coche para bloquear la conducci\u00f3n si se detecta consumo. El proyecto apuesta por la sostenibilidad, el uso de materiales reciclables y la concienciaci\u00f3n social.<\/span><\/p>\n","protected":false},"excerpt":{"rendered":"<p>La entrega de premios ha tenido lugar en el Finca Caballerizas de la Virgen, Linares, en un acto al que [&hellip;]<\/p>\n","protected":false},"author":8,"featured_media":13261,"comment_status":"closed","ping_status":"open","sticky":false,"template":"","format":"standard","meta":{"_acf_changed":false,"site-sidebar-layout":"default","site-content-layout":"","ast-site-content-layout":"default","site-content-style":"default","site-sidebar-style":"default","ast-global-header-display":"","ast-banner-title-visibility":"","ast-main-header-display":"","ast-hfb-above-header-display":"","ast-hfb-below-header-display":"","ast-hfb-mobile-header-display":"","site-post-title":"","ast-breadcrumbs-content":"","ast-featured-img":"","footer-sml-layout":"","ast-disable-related-posts":"","theme-transparent-header-meta":"default","adv-header-id-meta":"","stick-header-meta":"","header-above-stick-meta":"","header-main-stick-meta":"","header-below-stick-meta":"","astra-migrate-meta-layouts":"set","ast-page-background-enabled":"default","ast-page-background-meta":{"desktop":{"background-color":"var(--ast-global-color-5)","background-image":"","background-repeat":"repeat","background-position":"center center","background-size":"auto","background-attachment":"scroll","background-type":"","background-media":"","overlay-type":"","overlay-color":"","overlay-opacity":"","overlay-gradient":""},"tablet":{"background-color":"","background-image":"","background-repeat":"repeat","background-position":"center center","background-size":"auto","background-attachment":"scroll","background-type":"","background-media":"","overlay-type":"","overlay-color":"","overlay-opacity":"","overlay-gradient":""},"mobile":{"background-color":"","background-image":"","background-repeat":"repeat","background-position":"center center","background-size":"auto","background-attachment":"scroll","background-type":"","background-media":"","overlay-type":"","overlay-color":"","overlay-opacity":"","overlay-gradient":""}},"ast-content-background-meta":{"desktop":{"background-color":"var(--ast-global-color-4)","background-image":"","background-repeat":"repeat","background-position":"center center","background-size":"auto","background-attachment":"scroll","background-type":"","background-media":"","overlay-type":"","overlay-color":"","overlay-opacity":"","overlay-gradient":""},"tablet":{"background-color":"var(--ast-global-color-4)","background-image":"","background-repeat":"repeat","background-position":"center center","background-size":"auto","background-attachment":"scroll","background-type":"","background-media":"","overlay-type":"","overlay-color":"","overlay-opacity":"","overlay-gradient":""},"mobile":{"background-color":"var(--ast-global-color-4)","background-image":"","background-repeat":"repeat","background-position":"center center","background-size":"auto","background-attachment":"scroll","background-type":"","background-media":"","overlay-type":"","overlay-color":"","overlay-opacity":"","overlay-gradient":""}},"footnotes":""},"categories":[24,8,54],"tags":[],"class_list":["post-13257","post","type-post","status-publish","format-standard","has-post-thumbnail","hentry","category-eventos","category-noticias","category-premios"],"acf":[],"yoast_head":"<!-- This site is optimized with the Yoast SEO plugin v26.9 - https:\/\/yoast.com\/product\/yoast-seo-wordpress\/ -->\n<title>Premios AJE Ja\u00e9n 2025: Ganadores de la 25\u00aa Edici\u00f3n<\/title>\n<meta name=\"description\" content=\"Explotaci\u00f3n Ganadera Mar\u00edn, Centro Veo Veo y La Presentaci\u00f3n, ganadores de los Premios AJE Ja\u00e9n 2025 en una gala celebrada en Linares.\" \/>\n<meta name=\"robots\" content=\"index, follow, max-snippet:-1, max-image-preview:large, max-video-preview:-1\" \/>\n<link rel=\"canonical\" href=\"https:\/\/ajeandalucia.org\/jaen\/2025\/07\/04\/premios-aje-jaen-2025-ganadores\/\" \/>\n<meta property=\"og:locale\" content=\"es_ES\" \/>\n<meta property=\"og:type\" content=\"article\" \/>\n<meta property=\"og:title\" content=\"Premios AJE Ja\u00e9n 2025: Ganadores de la 25\u00aa Edici\u00f3n\" \/>\n<meta property=\"og:description\" content=\"Explotaci\u00f3n Ganadera Mar\u00edn, Centro Veo Veo y La Presentaci\u00f3n, ganadores de los Premios AJE Ja\u00e9n 2025 en una gala celebrada en Linares.\" \/>\n<meta property=\"og:url\" content=\"https:\/\/ajeandalucia.org\/jaen\/2025\/07\/04\/premios-aje-jaen-2025-ganadores\/\" \/>\n<meta property=\"og:site_name\" content=\"AJE Ja\u00e9n\" \/>\n<meta property=\"article:published_time\" content=\"2025-07-04T10:00:25+00:00\" \/>\n<meta property=\"article:modified_time\" content=\"2025-07-04T19:33:19+00:00\" \/>\n<meta property=\"og:image\" content=\"https:\/\/ajeandalucia.org\/jaen\/wp-content\/uploads\/sites\/9\/2025\/07\/P-AJEJAEN2025-101.jpg\" \/>\n\t<meta property=\"og:image:width\" content=\"2048\" \/>\n\t<meta property=\"og:image:height\" content=\"1365\" \/>\n\t<meta property=\"og:image:type\" content=\"image\/jpeg\" \/>\n<meta name=\"author\" content=\"jaen\" \/>\n<meta name=\"twitter:card\" content=\"summary_large_image\" \/>\n<meta name=\"twitter:label1\" content=\"Escrito por\" \/>\n\t<meta name=\"twitter:data1\" content=\"jaen\" \/>\n\t<meta name=\"twitter:label2\" content=\"Tiempo de lectura\" \/>\n\t<meta name=\"twitter:data2\" content=\"2 minutos\" \/>\n<script type=\"application\/ld+json\" class=\"yoast-schema-graph\">{\"@context\":\"https:\/\/schema.org\",\"@graph\":[{\"@type\":\"Article\",\"@id\":\"https:\/\/ajeandalucia.org\/jaen\/2025\/07\/04\/premios-aje-jaen-2025-ganadores\/#article\",\"isPartOf\":{\"@id\":\"https:\/\/ajeandalucia.org\/jaen\/2025\/07\/04\/premios-aje-jaen-2025-ganadores\/\"},\"author\":{\"name\":\"jaen\",\"@id\":\"https:\/\/ajeandalucia.org\/jaen\/#\/schema\/person\/cde0c877dad85cce36ef3275c9cdba8c\"},\"headline\":\"Explotaci\u00f3n Ganadera Mar\u00edn, Centro Veo Veo y La Presentaci\u00f3n ganadores de los Premios AJE Ja\u00e9n 25 Edici\u00f3n\",\"datePublished\":\"2025-07-04T10:00:25+00:00\",\"dateModified\":\"2025-07-04T19:33:19+00:00\",\"mainEntityOfPage\":{\"@id\":\"https:\/\/ajeandalucia.org\/jaen\/2025\/07\/04\/premios-aje-jaen-2025-ganadores\/\"},\"wordCount\":465,\"publisher\":{\"@id\":\"https:\/\/ajeandalucia.org\/jaen\/#organization\"},\"image\":{\"@id\":\"https:\/\/ajeandalucia.org\/jaen\/2025\/07\/04\/premios-aje-jaen-2025-ganadores\/#primaryimage\"},\"thumbnailUrl\":\"https:\/\/ajeandalucia.org\/jaen\/wp-content\/uploads\/sites\/9\/2025\/07\/P-AJEJAEN2025-101.jpg\",\"articleSection\":[\"Eventos\",\"Noticias\",\"Premios\"],\"inLanguage\":\"es\"},{\"@type\":\"WebPage\",\"@id\":\"https:\/\/ajeandalucia.org\/jaen\/2025\/07\/04\/premios-aje-jaen-2025-ganadores\/\",\"url\":\"https:\/\/ajeandalucia.org\/jaen\/2025\/07\/04\/premios-aje-jaen-2025-ganadores\/\",\"name\":\"Premios AJE Ja\u00e9n 2025: Ganadores de la 25\u00aa Edici\u00f3n\",\"isPartOf\":{\"@id\":\"https:\/\/ajeandalucia.org\/jaen\/#website\"},\"primaryImageOfPage\":{\"@id\":\"https:\/\/ajeandalucia.org\/jaen\/2025\/07\/04\/premios-aje-jaen-2025-ganadores\/#primaryimage\"},\"image\":{\"@id\":\"https:\/\/ajeandalucia.org\/jaen\/2025\/07\/04\/premios-aje-jaen-2025-ganadores\/#primaryimage\"},\"thumbnailUrl\":\"https:\/\/ajeandalucia.org\/jaen\/wp-content\/uploads\/sites\/9\/2025\/07\/P-AJEJAEN2025-101.jpg\",\"datePublished\":\"2025-07-04T10:00:25+00:00\",\"dateModified\":\"2025-07-04T19:33:19+00:00\",\"description\":\"Explotaci\u00f3n Ganadera Mar\u00edn, Centro Veo Veo y La Presentaci\u00f3n, ganadores de los Premios AJE Ja\u00e9n 2025 en una gala celebrada en Linares.\",\"breadcrumb\":{\"@id\":\"https:\/\/ajeandalucia.org\/jaen\/2025\/07\/04\/premios-aje-jaen-2025-ganadores\/#breadcrumb\"},\"inLanguage\":\"es\",\"potentialAction\":[{\"@type\":\"ReadAction\",\"target\":[\"https:\/\/ajeandalucia.org\/jaen\/2025\/07\/04\/premios-aje-jaen-2025-ganadores\/\"]}]},{\"@type\":\"ImageObject\",\"inLanguage\":\"es\",\"@id\":\"https:\/\/ajeandalucia.org\/jaen\/2025\/07\/04\/premios-aje-jaen-2025-ganadores\/#primaryimage\",\"url\":\"https:\/\/ajeandalucia.org\/jaen\/wp-content\/uploads\/sites\/9\/2025\/07\/P-AJEJAEN2025-101.jpg\",\"contentUrl\":\"https:\/\/ajeandalucia.org\/jaen\/wp-content\/uploads\/sites\/9\/2025\/07\/P-AJEJAEN2025-101.jpg\",\"width\":2048,\"height\":1365},{\"@type\":\"BreadcrumbList\",\"@id\":\"https:\/\/ajeandalucia.org\/jaen\/2025\/07\/04\/premios-aje-jaen-2025-ganadores\/#breadcrumb\",\"itemListElement\":[{\"@type\":\"ListItem\",\"position\":1,\"name\":\"Portada\",\"item\":\"https:\/\/ajeandalucia.org\/jaen\/\"},{\"@type\":\"ListItem\",\"position\":2,\"name\":\"Explotaci\u00f3n Ganadera Mar\u00edn, Centro Veo Veo y La Presentaci\u00f3n ganadores de los Premios AJE Ja\u00e9n 25 Edici\u00f3n\"}]},{\"@type\":\"WebSite\",\"@id\":\"https:\/\/ajeandalucia.org\/jaen\/#website\",\"url\":\"https:\/\/ajeandalucia.org\/jaen\/\",\"name\":\"AJE Ja\u00e9n\",\"description\":\"Otro sitio m\u00e1s de AJE Andaluc\u00eda\",\"publisher\":{\"@id\":\"https:\/\/ajeandalucia.org\/jaen\/#organization\"},\"potentialAction\":[{\"@type\":\"SearchAction\",\"target\":{\"@type\":\"EntryPoint\",\"urlTemplate\":\"https:\/\/ajeandalucia.org\/jaen\/?s={search_term_string}\"},\"query-input\":{\"@type\":\"PropertyValueSpecification\",\"valueRequired\":true,\"valueName\":\"search_term_string\"}}],\"inLanguage\":\"es\"},{\"@type\":\"Organization\",\"@id\":\"https:\/\/ajeandalucia.org\/jaen\/#organization\",\"name\":\"AJE Ja\u00e9n\",\"url\":\"https:\/\/ajeandalucia.org\/jaen\/\",\"logo\":{\"@type\":\"ImageObject\",\"inLanguage\":\"es\",\"@id\":\"https:\/\/ajeandalucia.org\/jaen\/#\/schema\/logo\/image\/\",\"url\":\"https:\/\/ajeandalucia.org\/jaen\/wp-content\/uploads\/sites\/9\/2025\/01\/logotipo-aje-andalucia-jovenes-empresarios-1.png\",\"contentUrl\":\"https:\/\/ajeandalucia.org\/jaen\/wp-content\/uploads\/sites\/9\/2025\/01\/logotipo-aje-andalucia-jovenes-empresarios-1.png\",\"width\":1129,\"height\":207,\"caption\":\"AJE Ja\u00e9n\"},\"image\":{\"@id\":\"https:\/\/ajeandalucia.org\/jaen\/#\/schema\/logo\/image\/\"}},{\"@type\":\"Person\",\"@id\":\"https:\/\/ajeandalucia.org\/jaen\/#\/schema\/person\/cde0c877dad85cce36ef3275c9cdba8c\",\"name\":\"jaen\",\"image\":{\"@type\":\"ImageObject\",\"inLanguage\":\"es\",\"@id\":\"https:\/\/ajeandalucia.org\/jaen\/#\/schema\/person\/image\/\",\"url\":\"https:\/\/secure.gravatar.com\/avatar\/ed67a5b3285e30f3be2c8daa2d1ea5569f263bccad21503d9b9c7a970f13f7a4?s=96&d=mm&r=g\",\"contentUrl\":\"https:\/\/secure.gravatar.com\/avatar\/ed67a5b3285e30f3be2c8daa2d1ea5569f263bccad21503d9b9c7a970f13f7a4?s=96&d=mm&r=g\",\"caption\":\"jaen\"},\"url\":\"https:\/\/ajeandalucia.org\/jaen\/author\/jaen\/\"}]}<\/script>\n<!-- \/ Yoast SEO plugin. -->","yoast_head_json":{"title":"Premios AJE Ja\u00e9n 2025: Ganadores de la 25\u00aa Edici\u00f3n","description":"Explotaci\u00f3n Ganadera Mar\u00edn, Centro Veo Veo y La Presentaci\u00f3n, ganadores de los Premios AJE Ja\u00e9n 2025 en una gala celebrada en Linares.","robots":{"index":"index","follow":"follow","max-snippet":"max-snippet:-1","max-image-preview":"max-image-preview:large","max-video-preview":"max-video-preview:-1"},"canonical":"https:\/\/ajeandalucia.org\/jaen\/2025\/07\/04\/premios-aje-jaen-2025-ganadores\/","og_locale":"es_ES","og_type":"article","og_title":"Premios AJE Ja\u00e9n 2025: Ganadores de la 25\u00aa Edici\u00f3n","og_description":"Explotaci\u00f3n Ganadera Mar\u00edn, Centro Veo Veo y La Presentaci\u00f3n, ganadores de los Premios AJE Ja\u00e9n 2025 en una gala celebrada en Linares.","og_url":"https:\/\/ajeandalucia.org\/jaen\/2025\/07\/04\/premios-aje-jaen-2025-ganadores\/","og_site_name":"AJE Ja\u00e9n","article_published_time":"2025-07-04T10:00:25+00:00","article_modified_time":"2025-07-04T19:33:19+00:00","og_image":[{"width":2048,"height":1365,"url":"https:\/\/ajeandalucia.org\/jaen\/wp-content\/uploads\/sites\/9\/2025\/07\/P-AJEJAEN2025-101.jpg","type":"image\/jpeg"}],"author":"jaen","twitter_card":"summary_large_image","twitter_misc":{"Escrito por":"jaen","Tiempo de lectura":"2 minutos"},"schema":{"@context":"https:\/\/schema.org","@graph":[{"@type":"Article","@id":"https:\/\/ajeandalucia.org\/jaen\/2025\/07\/04\/premios-aje-jaen-2025-ganadores\/#article","isPartOf":{"@id":"https:\/\/ajeandalucia.org\/jaen\/2025\/07\/04\/premios-aje-jaen-2025-ganadores\/"},"author":{"name":"jaen","@id":"https:\/\/ajeandalucia.org\/jaen\/#\/schema\/person\/cde0c877dad85cce36ef3275c9cdba8c"},"headline":"Explotaci\u00f3n Ganadera Mar\u00edn, Centro Veo Veo y La Presentaci\u00f3n ganadores de los Premios AJE Ja\u00e9n 25 Edici\u00f3n","datePublished":"2025-07-04T10:00:25+00:00","dateModified":"2025-07-04T19:33:19+00:00","mainEntityOfPage":{"@id":"https:\/\/ajeandalucia.org\/jaen\/2025\/07\/04\/premios-aje-jaen-2025-ganadores\/"},"wordCount":465,"publisher":{"@id":"https:\/\/ajeandalucia.org\/jaen\/#organization"},"image":{"@id":"https:\/\/ajeandalucia.org\/jaen\/2025\/07\/04\/premios-aje-jaen-2025-ganadores\/#primaryimage"},"thumbnailUrl":"https:\/\/ajeandalucia.org\/jaen\/wp-content\/uploads\/sites\/9\/2025\/07\/P-AJEJAEN2025-101.jpg","articleSection":["Eventos","Noticias","Premios"],"inLanguage":"es"},{"@type":"WebPage","@id":"https:\/\/ajeandalucia.org\/jaen\/2025\/07\/04\/premios-aje-jaen-2025-ganadores\/","url":"https:\/\/ajeandalucia.org\/jaen\/2025\/07\/04\/premios-aje-jaen-2025-ganadores\/","name":"Premios AJE Ja\u00e9n 2025: Ganadores de la 25\u00aa Edici\u00f3n","isPartOf":{"@id":"https:\/\/ajeandalucia.org\/jaen\/#website"},"primaryImageOfPage":{"@id":"https:\/\/ajeandalucia.org\/jaen\/2025\/07\/04\/premios-aje-jaen-2025-ganadores\/#primaryimage"},"image":{"@id":"https:\/\/ajeandalucia.org\/jaen\/2025\/07\/04\/premios-aje-jaen-2025-ganadores\/#primaryimage"},"thumbnailUrl":"https:\/\/ajeandalucia.org\/jaen\/wp-content\/uploads\/sites\/9\/2025\/07\/P-AJEJAEN2025-101.jpg","datePublished":"2025-07-04T10:00:25+00:00","dateModified":"2025-07-04T19:33:19+00:00","description":"Explotaci\u00f3n Ganadera Mar\u00edn, Centro Veo Veo y La Presentaci\u00f3n, ganadores de los Premios AJE Ja\u00e9n 2025 en una gala celebrada en Linares.","breadcrumb":{"@id":"https:\/\/ajeandalucia.org\/jaen\/2025\/07\/04\/premios-aje-jaen-2025-ganadores\/#breadcrumb"},"inLanguage":"es","potentialAction":[{"@type":"ReadAction","target":["https:\/\/ajeandalucia.org\/jaen\/2025\/07\/04\/premios-aje-jaen-2025-ganadores\/"]}]},{"@type":"ImageObject","inLanguage":"es","@id":"https:\/\/ajeandalucia.org\/jaen\/2025\/07\/04\/premios-aje-jaen-2025-ganadores\/#primaryimage","url":"https:\/\/ajeandalucia.org\/jaen\/wp-content\/uploads\/sites\/9\/2025\/07\/P-AJEJAEN2025-101.jpg","contentUrl":"https:\/\/ajeandalucia.org\/jaen\/wp-content\/uploads\/sites\/9\/2025\/07\/P-AJEJAEN2025-101.jpg","width":2048,"height":1365},{"@type":"BreadcrumbList","@id":"https:\/\/ajeandalucia.org\/jaen\/2025\/07\/04\/premios-aje-jaen-2025-ganadores\/#breadcrumb","itemListElement":[{"@type":"ListItem","position":1,"name":"Portada","item":"https:\/\/ajeandalucia.org\/jaen\/"},{"@type":"ListItem","position":2,"name":"Explotaci\u00f3n Ganadera Mar\u00edn, Centro Veo Veo y La Presentaci\u00f3n ganadores de los Premios AJE Ja\u00e9n 25 Edici\u00f3n"}]},{"@type":"WebSite","@id":"https:\/\/ajeandalucia.org\/jaen\/#website","url":"https:\/\/ajeandalucia.org\/jaen\/","name":"AJE Ja\u00e9n","description":"Otro sitio m\u00e1s de AJE Andaluc\u00eda","publisher":{"@id":"https:\/\/ajeandalucia.org\/jaen\/#organization"},"potentialAction":[{"@type":"SearchAction","target":{"@type":"EntryPoint","urlTemplate":"https:\/\/ajeandalucia.org\/jaen\/?s={search_term_string}"},"query-input":{"@type":"PropertyValueSpecification","valueRequired":true,"valueName":"search_term_string"}}],"inLanguage":"es"},{"@type":"Organization","@id":"https:\/\/ajeandalucia.org\/jaen\/#organization","name":"AJE Ja\u00e9n","url":"https:\/\/ajeandalucia.org\/jaen\/","logo":{"@type":"ImageObject","inLanguage":"es","@id":"https:\/\/ajeandalucia.org\/jaen\/#\/schema\/logo\/image\/","url":"https:\/\/ajeandalucia.org\/jaen\/wp-content\/uploads\/sites\/9\/2025\/01\/logotipo-aje-andalucia-jovenes-empresarios-1.png","contentUrl":"https:\/\/ajeandalucia.org\/jaen\/wp-content\/uploads\/sites\/9\/2025\/01\/logotipo-aje-andalucia-jovenes-empresarios-1.png","width":1129,"height":207,"caption":"AJE Ja\u00e9n"},"image":{"@id":"https:\/\/ajeandalucia.org\/jaen\/#\/schema\/logo\/image\/"}},{"@type":"Person","@id":"https:\/\/ajeandalucia.org\/jaen\/#\/schema\/person\/cde0c877dad85cce36ef3275c9cdba8c","name":"jaen","image":{"@type":"ImageObject","inLanguage":"es","@id":"https:\/\/ajeandalucia.org\/jaen\/#\/schema\/person\/image\/","url":"https:\/\/secure.gravatar.com\/avatar\/ed67a5b3285e30f3be2c8daa2d1ea5569f263bccad21503d9b9c7a970f13f7a4?s=96&d=mm&r=g","contentUrl":"https:\/\/secure.gravatar.com\/avatar\/ed67a5b3285e30f3be2c8daa2d1ea5569f263bccad21503d9b9c7a970f13f7a4?s=96&d=mm&r=g","caption":"jaen"},"url":"https:\/\/ajeandalucia.org\/jaen\/author\/jaen\/"}]}},"_links":{"self":[{"href":"https:\/\/ajeandalucia.org\/jaen\/wp-json\/wp\/v2\/posts\/13257","targetHints":{"allow":["GET"]}}],"collection":[{"href":"https:\/\/ajeandalucia.org\/jaen\/wp-json\/wp\/v2\/posts"}],"about":[{"href":"https:\/\/ajeandalucia.org\/jaen\/wp-json\/wp\/v2\/types\/post"}],"author":[{"embeddable":true,"href":"https:\/\/ajeandalucia.org\/jaen\/wp-json\/wp\/v2\/users\/8"}],"replies":[{"embeddable":true,"href":"https:\/\/ajeandalucia.org\/jaen\/wp-json\/wp\/v2\/comments?post=13257"}],"version-history":[{"count":1,"href":"https:\/\/ajeandalucia.org\/jaen\/wp-json\/wp\/v2\/posts\/13257\/revisions"}],"predecessor-version":[{"id":13258,"href":"https:\/\/ajeandalucia.org\/jaen\/wp-json\/wp\/v2\/posts\/13257\/revisions\/13258"}],"wp:featuredmedia":[{"embeddable":true,"href":"https:\/\/ajeandalucia.org\/jaen\/wp-json\/wp\/v2\/media\/13261"}],"wp:attachment":[{"href":"https:\/\/ajeandalucia.org\/jaen\/wp-json\/wp\/v2\/media?parent=13257"}],"wp:term":[{"taxonomy":"category","embeddable":true,"href":"https:\/\/ajeandalucia.org\/jaen\/wp-json\/wp\/v2\/categories?post=13257"},{"taxonomy":"post_tag","embeddable":true,"href":"https:\/\/ajeandalucia.org\/jaen\/wp-json\/wp\/v2\/tags?post=13257"}],"curies":[{"name":"wp","href":"https:\/\/api.w.org\/{rel}","templated":true}]}}