{"id":14158,"date":"2025-12-18 19:55:59","date_gmt":"2025-12-18T17:55:59","guid":{"rendered":"https:\/\/ajeandalucia.org\/jaen\/?p=14158"},"modified":"2026-01-22T09:55:29","modified_gmt":"2026-01-22T08:55:29","slug":"motri-motor-empresa-abanderada-aje-jaen","status":"publish","type":"post","link":"https:\/\/ajeandalucia.org\/jaen\/2025\/12\/18\/motri-motor-empresa-abanderada-aje-jaen\/","title":{"rendered":"Motri Motor se suma a AJE Ja\u00e9n como empresa Abanderada para impulsar el tejido empresarial de la provincia"},"content":{"rendered":"<p data-start=\"406\" data-end=\"736\">\u00a0<span style=\"color: #000000\"><strong data-start=\"500\" data-end=\"559\">Motri Motor, concesionario oficial BMW y MINI en Ja\u00e9n, <\/strong>se une a AJE como <strong data-start=\"565\" data-end=\"587\">empresa Abanderada<\/strong>, reforzando su apuesta por colaborar con compa\u00f1\u00edas referentes que contribuyen activamente al desarrollo econ\u00f3mico y empresarial de la provincia.<!--more--><\/span><\/p>\n<p data-start=\"738\" data-end=\"1072\"><span style=\"color: #000000\">A trav\u00e9s de este acuerdo, Motri Motor se vincula de manera directa a la actividad de AJE Ja\u00e9n, apoyando las acciones, proyectos y encuentros impulsados por la asociaci\u00f3n y contribuyendo a la generaci\u00f3n de oportunidades para las empresas asociadas, especialmente en el \u00e1mbito del networking, la innovaci\u00f3n y la cooperaci\u00f3n empresarial.<\/span><\/p>\n<p data-start=\"1074\" data-end=\"1487\"><span style=\"color: #000000\">La figura de empresa Abanderada nace con el objetivo de contar con <strong data-start=\"1141\" data-end=\"1191\">empresas consolidadas y con capacidad tractora<\/strong>, comprometidas con el empleo, la competitividad y la sostenibilidad, que act\u00faen como aliadas estrat\u00e9gicas de AJE Ja\u00e9n. Estas empresas desempe\u00f1an un papel clave como referentes dentro del ecosistema empresarial, favoreciendo el intercambio de conocimiento y experiencias entre distintos sectores.<\/span><\/p>\n<p data-start=\"1489\" data-end=\"1907\"><span style=\"color: #000000\">Motri Motor es el concesionario oficial de <strong data-start=\"1532\" data-end=\"1554\">BMW y MINI en Ja\u00e9n<\/strong>, ofreciendo servicios de venta de veh\u00edculos nuevos y de ocasi\u00f3n, posventa, taller y asesoramiento especializado tanto para particulares como para empresas. La compa\u00f1\u00eda destaca por su orientaci\u00f3n al cliente, su apuesta por la movilidad eficiente y su integraci\u00f3n en un grupo empresarial con amplia experiencia en el sector de la automoci\u00f3n en Andaluc\u00eda.<\/span><\/p>\n<p data-start=\"1909\" data-end=\"2206\"><span style=\"color: #000000\">Con esta incorporaci\u00f3n, AJE Ja\u00e9n contin\u00faa fortaleciendo su red de colaboradores estrat\u00e9gicos y consolidando su papel como <strong data-start=\"2031\" data-end=\"2088\">entidad dinamizadora del ecosistema empresarial joven<\/strong>, favoreciendo un entorno colaborativo que impulse el crecimiento y la competitividad de las empresas de la provincial.<\/span><\/p>\n","protected":false},"excerpt":{"rendered":"<p>\u00a0Motri Motor, concesionario oficial BMW y MINI en Ja\u00e9n, se une a AJE como empresa Abanderada, reforzando su apuesta por [&hellip;]<\/p>\n","protected":false},"author":8,"featured_media":14160,"comment_status":"closed","ping_status":"open","sticky":false,"template":"","format":"standard","meta":{"_acf_changed":false,"site-sidebar-layout":"default","site-content-layout":"","ast-site-content-layout":"default","site-content-style":"default","site-sidebar-style":"default","ast-global-header-display":"","ast-banner-title-visibility":"","ast-main-header-display":"","ast-hfb-above-header-display":"","ast-hfb-below-header-display":"","ast-hfb-mobile-header-display":"","site-post-title":"","ast-breadcrumbs-content":"","ast-featured-img":"","footer-sml-layout":"","ast-disable-related-posts":"","theme-transparent-header-meta":"default","adv-header-id-meta":"","stick-header-meta":"","header-above-stick-meta":"","header-main-stick-meta":"","header-below-stick-meta":"","astra-migrate-meta-layouts":"set","ast-page-background-enabled":"default","ast-page-background-meta":{"desktop":{"background-color":"var(--ast-global-color-5)","background-image":"","background-repeat":"repeat","background-position":"center center","background-size":"auto","background-attachment":"scroll","background-type":"","background-media":"","overlay-type":"","overlay-color":"","overlay-opacity":"","overlay-gradient":""},"tablet":{"background-color":"","background-image":"","background-repeat":"repeat","background-position":"center center","background-size":"auto","background-attachment":"scroll","background-type":"","background-media":"","overlay-type":"","overlay-color":"","overlay-opacity":"","overlay-gradient":""},"mobile":{"background-color":"","background-image":"","background-repeat":"repeat","background-position":"center center","background-size":"auto","background-attachment":"scroll","background-type":"","background-media":"","overlay-type":"","overlay-color":"","overlay-opacity":"","overlay-gradient":""}},"ast-content-background-meta":{"desktop":{"background-color":"var(--ast-global-color-4)","background-image":"","background-repeat":"repeat","background-position":"center center","background-size":"auto","background-attachment":"scroll","background-type":"","background-media":"","overlay-type":"","overlay-color":"","overlay-opacity":"","overlay-gradient":""},"tablet":{"background-color":"var(--ast-global-color-4)","background-image":"","background-repeat":"repeat","background-position":"center center","background-size":"auto","background-attachment":"scroll","background-type":"","background-media":"","overlay-type":"","overlay-color":"","overlay-opacity":"","overlay-gradient":""},"mobile":{"background-color":"var(--ast-global-color-4)","background-image":"","background-repeat":"repeat","background-position":"center center","background-size":"auto","background-attachment":"scroll","background-type":"","background-media":"","overlay-type":"","overlay-color":"","overlay-opacity":"","overlay-gradient":""}},"footnotes":""},"categories":[8,1],"tags":[],"class_list":["post-14158","post","type-post","status-publish","format-standard","has-post-thumbnail","hentry","category-noticias","category-sin-categoria"],"acf":[],"yoast_head":"<!-- This site is optimized with the Yoast SEO plugin v26.9 - https:\/\/yoast.com\/product\/yoast-seo-wordpress\/ -->\n<title>Motri Motor nueva empresa Abanderada de AJE Ja\u00e9n<\/title>\n<meta name=\"description\" content=\"Motri Motor, concesionario BMW y MINI en Ja\u00e9n, se une a AJE Ja\u00e9n como empresa Abanderada reforzando su compromiso con los empresarios.\" \/>\n<meta name=\"robots\" content=\"index, follow, max-snippet:-1, max-image-preview:large, max-video-preview:-1\" \/>\n<link rel=\"canonical\" href=\"https:\/\/ajeandalucia.org\/jaen\/2025\/12\/18\/motri-motor-empresa-abanderada-aje-jaen\/\" \/>\n<meta property=\"og:locale\" content=\"es_ES\" \/>\n<meta property=\"og:type\" content=\"article\" \/>\n<meta property=\"og:title\" content=\"Motri Motor nueva empresa Abanderada de AJE Ja\u00e9n\" \/>\n<meta property=\"og:description\" content=\"Motri Motor, concesionario BMW y MINI en Ja\u00e9n, se une a AJE Ja\u00e9n como empresa Abanderada reforzando su compromiso con los empresarios.\" \/>\n<meta property=\"og:url\" content=\"https:\/\/ajeandalucia.org\/jaen\/2025\/12\/18\/motri-motor-empresa-abanderada-aje-jaen\/\" \/>\n<meta property=\"og:site_name\" content=\"AJE Ja\u00e9n\" \/>\n<meta property=\"article:published_time\" content=\"2025-12-18T17:55:59+00:00\" \/>\n<meta property=\"article:modified_time\" content=\"2026-01-22T08:55:29+00:00\" \/>\n<meta property=\"og:image\" content=\"http:\/\/ajeandalucia.org\/jaen\/wp-content\/uploads\/sites\/9\/2025\/12\/WhatsApp-Image-2025-12-18-at-10.08.07.jpeg\" \/>\n\t<meta property=\"og:image:width\" content=\"1200\" \/>\n\t<meta property=\"og:image:height\" content=\"1600\" \/>\n\t<meta property=\"og:image:type\" content=\"image\/jpeg\" \/>\n<meta name=\"author\" content=\"jaen\" \/>\n<meta name=\"twitter:card\" content=\"summary_large_image\" \/>\n<meta name=\"twitter:label1\" content=\"Escrito por\" \/>\n\t<meta name=\"twitter:data1\" content=\"jaen\" \/>\n\t<meta name=\"twitter:label2\" content=\"Tiempo de lectura\" \/>\n\t<meta name=\"twitter:data2\" content=\"2 minutos\" \/>\n<script type=\"application\/ld+json\" class=\"yoast-schema-graph\">{\"@context\":\"https:\/\/schema.org\",\"@graph\":[{\"@type\":\"Article\",\"@id\":\"https:\/\/ajeandalucia.org\/jaen\/2025\/12\/18\/motri-motor-empresa-abanderada-aje-jaen\/#article\",\"isPartOf\":{\"@id\":\"https:\/\/ajeandalucia.org\/jaen\/2025\/12\/18\/motri-motor-empresa-abanderada-aje-jaen\/\"},\"author\":{\"name\":\"jaen\",\"@id\":\"https:\/\/ajeandalucia.org\/jaen\/#\/schema\/person\/cde0c877dad85cce36ef3275c9cdba8c\"},\"headline\":\"Motri Motor se suma a AJE Ja\u00e9n como empresa Abanderada para impulsar el tejido empresarial de la provincia\",\"datePublished\":\"2025-12-18T17:55:59+00:00\",\"dateModified\":\"2026-01-22T08:55:29+00:00\",\"mainEntityOfPage\":{\"@id\":\"https:\/\/ajeandalucia.org\/jaen\/2025\/12\/18\/motri-motor-empresa-abanderada-aje-jaen\/\"},\"wordCount\":292,\"publisher\":{\"@id\":\"https:\/\/ajeandalucia.org\/jaen\/#organization\"},\"image\":{\"@id\":\"https:\/\/ajeandalucia.org\/jaen\/2025\/12\/18\/motri-motor-empresa-abanderada-aje-jaen\/#primaryimage\"},\"thumbnailUrl\":\"https:\/\/ajeandalucia.org\/jaen\/wp-content\/uploads\/sites\/9\/2025\/12\/WhatsApp-Image-2025-12-18-at-10.08.07.jpeg\",\"articleSection\":[\"Noticias\"],\"inLanguage\":\"es\"},{\"@type\":\"WebPage\",\"@id\":\"https:\/\/ajeandalucia.org\/jaen\/2025\/12\/18\/motri-motor-empresa-abanderada-aje-jaen\/\",\"url\":\"https:\/\/ajeandalucia.org\/jaen\/2025\/12\/18\/motri-motor-empresa-abanderada-aje-jaen\/\",\"name\":\"Motri Motor nueva empresa Abanderada de AJE Ja\u00e9n\",\"isPartOf\":{\"@id\":\"https:\/\/ajeandalucia.org\/jaen\/#website\"},\"primaryImageOfPage\":{\"@id\":\"https:\/\/ajeandalucia.org\/jaen\/2025\/12\/18\/motri-motor-empresa-abanderada-aje-jaen\/#primaryimage\"},\"image\":{\"@id\":\"https:\/\/ajeandalucia.org\/jaen\/2025\/12\/18\/motri-motor-empresa-abanderada-aje-jaen\/#primaryimage\"},\"thumbnailUrl\":\"https:\/\/ajeandalucia.org\/jaen\/wp-content\/uploads\/sites\/9\/2025\/12\/WhatsApp-Image-2025-12-18-at-10.08.07.jpeg\",\"datePublished\":\"2025-12-18T17:55:59+00:00\",\"dateModified\":\"2026-01-22T08:55:29+00:00\",\"description\":\"Motri Motor, concesionario BMW y MINI en Ja\u00e9n, se une a AJE Ja\u00e9n como empresa Abanderada reforzando su compromiso con los empresarios.\",\"breadcrumb\":{\"@id\":\"https:\/\/ajeandalucia.org\/jaen\/2025\/12\/18\/motri-motor-empresa-abanderada-aje-jaen\/#breadcrumb\"},\"inLanguage\":\"es\",\"potentialAction\":[{\"@type\":\"ReadAction\",\"target\":[\"https:\/\/ajeandalucia.org\/jaen\/2025\/12\/18\/motri-motor-empresa-abanderada-aje-jaen\/\"]}]},{\"@type\":\"ImageObject\",\"inLanguage\":\"es\",\"@id\":\"https:\/\/ajeandalucia.org\/jaen\/2025\/12\/18\/motri-motor-empresa-abanderada-aje-jaen\/#primaryimage\",\"url\":\"https:\/\/ajeandalucia.org\/jaen\/wp-content\/uploads\/sites\/9\/2025\/12\/WhatsApp-Image-2025-12-18-at-10.08.07.jpeg\",\"contentUrl\":\"https:\/\/ajeandalucia.org\/jaen\/wp-content\/uploads\/sites\/9\/2025\/12\/WhatsApp-Image-2025-12-18-at-10.08.07.jpeg\",\"width\":1200,\"height\":1600},{\"@type\":\"BreadcrumbList\",\"@id\":\"https:\/\/ajeandalucia.org\/jaen\/2025\/12\/18\/motri-motor-empresa-abanderada-aje-jaen\/#breadcrumb\",\"itemListElement\":[{\"@type\":\"ListItem\",\"position\":1,\"name\":\"Portada\",\"item\":\"https:\/\/ajeandalucia.org\/jaen\/\"},{\"@type\":\"ListItem\",\"position\":2,\"name\":\"Motri Motor se suma a AJE Ja\u00e9n como empresa Abanderada para impulsar el tejido empresarial de la provincia\"}]},{\"@type\":\"WebSite\",\"@id\":\"https:\/\/ajeandalucia.org\/jaen\/#website\",\"url\":\"https:\/\/ajeandalucia.org\/jaen\/\",\"name\":\"AJE Ja\u00e9n\",\"description\":\"Otro sitio m\u00e1s de AJE Andaluc\u00eda\",\"publisher\":{\"@id\":\"https:\/\/ajeandalucia.org\/jaen\/#organization\"},\"potentialAction\":[{\"@type\":\"SearchAction\",\"target\":{\"@type\":\"EntryPoint\",\"urlTemplate\":\"https:\/\/ajeandalucia.org\/jaen\/?s={search_term_string}\"},\"query-input\":{\"@type\":\"PropertyValueSpecification\",\"valueRequired\":true,\"valueName\":\"search_term_string\"}}],\"inLanguage\":\"es\"},{\"@type\":\"Organization\",\"@id\":\"https:\/\/ajeandalucia.org\/jaen\/#organization\",\"name\":\"AJE Ja\u00e9n\",\"url\":\"https:\/\/ajeandalucia.org\/jaen\/\",\"logo\":{\"@type\":\"ImageObject\",\"inLanguage\":\"es\",\"@id\":\"https:\/\/ajeandalucia.org\/jaen\/#\/schema\/logo\/image\/\",\"url\":\"https:\/\/ajeandalucia.org\/jaen\/wp-content\/uploads\/sites\/9\/2025\/01\/logotipo-aje-andalucia-jovenes-empresarios-1.png\",\"contentUrl\":\"https:\/\/ajeandalucia.org\/jaen\/wp-content\/uploads\/sites\/9\/2025\/01\/logotipo-aje-andalucia-jovenes-empresarios-1.png\",\"width\":1129,\"height\":207,\"caption\":\"AJE Ja\u00e9n\"},\"image\":{\"@id\":\"https:\/\/ajeandalucia.org\/jaen\/#\/schema\/logo\/image\/\"}},{\"@type\":\"Person\",\"@id\":\"https:\/\/ajeandalucia.org\/jaen\/#\/schema\/person\/cde0c877dad85cce36ef3275c9cdba8c\",\"name\":\"jaen\",\"image\":{\"@type\":\"ImageObject\",\"inLanguage\":\"es\",\"@id\":\"https:\/\/ajeandalucia.org\/jaen\/#\/schema\/person\/image\/\",\"url\":\"https:\/\/secure.gravatar.com\/avatar\/ed67a5b3285e30f3be2c8daa2d1ea5569f263bccad21503d9b9c7a970f13f7a4?s=96&d=mm&r=g\",\"contentUrl\":\"https:\/\/secure.gravatar.com\/avatar\/ed67a5b3285e30f3be2c8daa2d1ea5569f263bccad21503d9b9c7a970f13f7a4?s=96&d=mm&r=g\",\"caption\":\"jaen\"},\"url\":\"https:\/\/ajeandalucia.org\/jaen\/author\/jaen\/\"}]}<\/script>\n<!-- \/ Yoast SEO plugin. -->","yoast_head_json":{"title":"Motri Motor nueva empresa Abanderada de AJE Ja\u00e9n","description":"Motri Motor, concesionario BMW y MINI en Ja\u00e9n, se une a AJE Ja\u00e9n como empresa Abanderada reforzando su compromiso con los empresarios.","robots":{"index":"index","follow":"follow","max-snippet":"max-snippet:-1","max-image-preview":"max-image-preview:large","max-video-preview":"max-video-preview:-1"},"canonical":"https:\/\/ajeandalucia.org\/jaen\/2025\/12\/18\/motri-motor-empresa-abanderada-aje-jaen\/","og_locale":"es_ES","og_type":"article","og_title":"Motri Motor nueva empresa Abanderada de AJE Ja\u00e9n","og_description":"Motri Motor, concesionario BMW y MINI en Ja\u00e9n, se une a AJE Ja\u00e9n como empresa Abanderada reforzando su compromiso con los empresarios.","og_url":"https:\/\/ajeandalucia.org\/jaen\/2025\/12\/18\/motri-motor-empresa-abanderada-aje-jaen\/","og_site_name":"AJE Ja\u00e9n","article_published_time":"2025-12-18T17:55:59+00:00","article_modified_time":"2026-01-22T08:55:29+00:00","og_image":[{"width":1200,"height":1600,"url":"http:\/\/ajeandalucia.org\/jaen\/wp-content\/uploads\/sites\/9\/2025\/12\/WhatsApp-Image-2025-12-18-at-10.08.07.jpeg","type":"image\/jpeg"}],"author":"jaen","twitter_card":"summary_large_image","twitter_misc":{"Escrito por":"jaen","Tiempo de lectura":"2 minutos"},"schema":{"@context":"https:\/\/schema.org","@graph":[{"@type":"Article","@id":"https:\/\/ajeandalucia.org\/jaen\/2025\/12\/18\/motri-motor-empresa-abanderada-aje-jaen\/#article","isPartOf":{"@id":"https:\/\/ajeandalucia.org\/jaen\/2025\/12\/18\/motri-motor-empresa-abanderada-aje-jaen\/"},"author":{"name":"jaen","@id":"https:\/\/ajeandalucia.org\/jaen\/#\/schema\/person\/cde0c877dad85cce36ef3275c9cdba8c"},"headline":"Motri Motor se suma a AJE Ja\u00e9n como empresa Abanderada para impulsar el tejido empresarial de la provincia","datePublished":"2025-12-18T17:55:59+00:00","dateModified":"2026-01-22T08:55:29+00:00","mainEntityOfPage":{"@id":"https:\/\/ajeandalucia.org\/jaen\/2025\/12\/18\/motri-motor-empresa-abanderada-aje-jaen\/"},"wordCount":292,"publisher":{"@id":"https:\/\/ajeandalucia.org\/jaen\/#organization"},"image":{"@id":"https:\/\/ajeandalucia.org\/jaen\/2025\/12\/18\/motri-motor-empresa-abanderada-aje-jaen\/#primaryimage"},"thumbnailUrl":"https:\/\/ajeandalucia.org\/jaen\/wp-content\/uploads\/sites\/9\/2025\/12\/WhatsApp-Image-2025-12-18-at-10.08.07.jpeg","articleSection":["Noticias"],"inLanguage":"es"},{"@type":"WebPage","@id":"https:\/\/ajeandalucia.org\/jaen\/2025\/12\/18\/motri-motor-empresa-abanderada-aje-jaen\/","url":"https:\/\/ajeandalucia.org\/jaen\/2025\/12\/18\/motri-motor-empresa-abanderada-aje-jaen\/","name":"Motri Motor nueva empresa Abanderada de AJE Ja\u00e9n","isPartOf":{"@id":"https:\/\/ajeandalucia.org\/jaen\/#website"},"primaryImageOfPage":{"@id":"https:\/\/ajeandalucia.org\/jaen\/2025\/12\/18\/motri-motor-empresa-abanderada-aje-jaen\/#primaryimage"},"image":{"@id":"https:\/\/ajeandalucia.org\/jaen\/2025\/12\/18\/motri-motor-empresa-abanderada-aje-jaen\/#primaryimage"},"thumbnailUrl":"https:\/\/ajeandalucia.org\/jaen\/wp-content\/uploads\/sites\/9\/2025\/12\/WhatsApp-Image-2025-12-18-at-10.08.07.jpeg","datePublished":"2025-12-18T17:55:59+00:00","dateModified":"2026-01-22T08:55:29+00:00","description":"Motri Motor, concesionario BMW y MINI en Ja\u00e9n, se une a AJE Ja\u00e9n como empresa Abanderada reforzando su compromiso con los empresarios.","breadcrumb":{"@id":"https:\/\/ajeandalucia.org\/jaen\/2025\/12\/18\/motri-motor-empresa-abanderada-aje-jaen\/#breadcrumb"},"inLanguage":"es","potentialAction":[{"@type":"ReadAction","target":["https:\/\/ajeandalucia.org\/jaen\/2025\/12\/18\/motri-motor-empresa-abanderada-aje-jaen\/"]}]},{"@type":"ImageObject","inLanguage":"es","@id":"https:\/\/ajeandalucia.org\/jaen\/2025\/12\/18\/motri-motor-empresa-abanderada-aje-jaen\/#primaryimage","url":"https:\/\/ajeandalucia.org\/jaen\/wp-content\/uploads\/sites\/9\/2025\/12\/WhatsApp-Image-2025-12-18-at-10.08.07.jpeg","contentUrl":"https:\/\/ajeandalucia.org\/jaen\/wp-content\/uploads\/sites\/9\/2025\/12\/WhatsApp-Image-2025-12-18-at-10.08.07.jpeg","width":1200,"height":1600},{"@type":"BreadcrumbList","@id":"https:\/\/ajeandalucia.org\/jaen\/2025\/12\/18\/motri-motor-empresa-abanderada-aje-jaen\/#breadcrumb","itemListElement":[{"@type":"ListItem","position":1,"name":"Portada","item":"https:\/\/ajeandalucia.org\/jaen\/"},{"@type":"ListItem","position":2,"name":"Motri Motor se suma a AJE Ja\u00e9n como empresa Abanderada para impulsar el tejido empresarial de la provincia"}]},{"@type":"WebSite","@id":"https:\/\/ajeandalucia.org\/jaen\/#website","url":"https:\/\/ajeandalucia.org\/jaen\/","name":"AJE Ja\u00e9n","description":"Otro sitio m\u00e1s de AJE Andaluc\u00eda","publisher":{"@id":"https:\/\/ajeandalucia.org\/jaen\/#organization"},"potentialAction":[{"@type":"SearchAction","target":{"@type":"EntryPoint","urlTemplate":"https:\/\/ajeandalucia.org\/jaen\/?s={search_term_string}"},"query-input":{"@type":"PropertyValueSpecification","valueRequired":true,"valueName":"search_term_string"}}],"inLanguage":"es"},{"@type":"Organization","@id":"https:\/\/ajeandalucia.org\/jaen\/#organization","name":"AJE Ja\u00e9n","url":"https:\/\/ajeandalucia.org\/jaen\/","logo":{"@type":"ImageObject","inLanguage":"es","@id":"https:\/\/ajeandalucia.org\/jaen\/#\/schema\/logo\/image\/","url":"https:\/\/ajeandalucia.org\/jaen\/wp-content\/uploads\/sites\/9\/2025\/01\/logotipo-aje-andalucia-jovenes-empresarios-1.png","contentUrl":"https:\/\/ajeandalucia.org\/jaen\/wp-content\/uploads\/sites\/9\/2025\/01\/logotipo-aje-andalucia-jovenes-empresarios-1.png","width":1129,"height":207,"caption":"AJE Ja\u00e9n"},"image":{"@id":"https:\/\/ajeandalucia.org\/jaen\/#\/schema\/logo\/image\/"}},{"@type":"Person","@id":"https:\/\/ajeandalucia.org\/jaen\/#\/schema\/person\/cde0c877dad85cce36ef3275c9cdba8c","name":"jaen","image":{"@type":"ImageObject","inLanguage":"es","@id":"https:\/\/ajeandalucia.org\/jaen\/#\/schema\/person\/image\/","url":"https:\/\/secure.gravatar.com\/avatar\/ed67a5b3285e30f3be2c8daa2d1ea5569f263bccad21503d9b9c7a970f13f7a4?s=96&d=mm&r=g","contentUrl":"https:\/\/secure.gravatar.com\/avatar\/ed67a5b3285e30f3be2c8daa2d1ea5569f263bccad21503d9b9c7a970f13f7a4?s=96&d=mm&r=g","caption":"jaen"},"url":"https:\/\/ajeandalucia.org\/jaen\/author\/jaen\/"}]}},"_links":{"self":[{"href":"https:\/\/ajeandalucia.org\/jaen\/wp-json\/wp\/v2\/posts\/14158","targetHints":{"allow":["GET"]}}],"collection":[{"href":"https:\/\/ajeandalucia.org\/jaen\/wp-json\/wp\/v2\/posts"}],"about":[{"href":"https:\/\/ajeandalucia.org\/jaen\/wp-json\/wp\/v2\/types\/post"}],"author":[{"embeddable":true,"href":"https:\/\/ajeandalucia.org\/jaen\/wp-json\/wp\/v2\/users\/8"}],"replies":[{"embeddable":true,"href":"https:\/\/ajeandalucia.org\/jaen\/wp-json\/wp\/v2\/comments?post=14158"}],"version-history":[{"count":1,"href":"https:\/\/ajeandalucia.org\/jaen\/wp-json\/wp\/v2\/posts\/14158\/revisions"}],"predecessor-version":[{"id":14161,"href":"https:\/\/ajeandalucia.org\/jaen\/wp-json\/wp\/v2\/posts\/14158\/revisions\/14161"}],"wp:featuredmedia":[{"embeddable":true,"href":"https:\/\/ajeandalucia.org\/jaen\/wp-json\/wp\/v2\/media\/14160"}],"wp:attachment":[{"href":"https:\/\/ajeandalucia.org\/jaen\/wp-json\/wp\/v2\/media?parent=14158"}],"wp:term":[{"taxonomy":"category","embeddable":true,"href":"https:\/\/ajeandalucia.org\/jaen\/wp-json\/wp\/v2\/categories?post=14158"},{"taxonomy":"post_tag","embeddable":true,"href":"https:\/\/ajeandalucia.org\/jaen\/wp-json\/wp\/v2\/tags?post=14158"}],"curies":[{"name":"wp","href":"https:\/\/api.w.org\/{rel}","templated":true}]}}