{"id":14352,"date":"2026-01-19 20:30:40","date_gmt":"2026-01-19T18:30:40","guid":{"rendered":"https:\/\/ajeandalucia.org\/jaen\/?p=14352"},"modified":"2026-01-19T19:31:25","modified_gmt":"2026-01-19T18:31:25","slug":"potaje-aje-jaen-encuentro-empresarios","status":"publish","type":"post","link":"https:\/\/ajeandalucia.org\/jaen\/2026\/01\/19\/potaje-aje-jaen-encuentro-empresarios\/","title":{"rendered":"AJE Ja\u00e9n arranca el a\u00f1o reforzando lazos empresariales con una nueva edici\u00f3n del PotAJE Empresarial"},"content":{"rendered":"<p data-start=\"383\" data-end=\"738\"><span style=\"color: #000000\">La Asociaci\u00f3n de J\u00f3venes Empresarios de Ja\u00e9n (AJE Ja\u00e9n) ha celebrado una nueva edici\u00f3n del <strong data-start=\"483\" data-end=\"497\">Potaje AJE<\/strong>, un encuentro que reuni\u00f3 a <strong data-start=\"525\" data-end=\"564\">m\u00e1s de 40 empresarios y empresarias<\/strong> de distintos sectores y municipios de la provincia, con el objetivo de fomentar la conexi\u00f3n, la colaboraci\u00f3n y la generaci\u00f3n de sinergias en un entorno cercano y distendido.<\/span><!--more--><\/p>\n<p data-start=\"740\" data-end=\"1213\"><span style=\"color: #000000\">El &#8220;Potaje&#8221; es una cita ya consolidada dentro del calendario de la asociaci\u00f3n y responde a un concepto propio: el <strong data-start=\"856\" data-end=\"866\">potAJE<\/strong>, entendido como una mezcla diversa de perfiles empresariales, trayectorias y realidades profesionales que conviven dentro de AJE Ja\u00e9n. Un espacio informal que refleja la pluralidad del ecosistema empresarial jiennense, integrado por aut\u00f3nomos, micropymes, pymes y empresas de diferentes tama\u00f1os y sectores.<\/span><\/p>\n<p data-start=\"1215\" data-end=\"1588\"><span style=\"color: #000000\">El encuentro sirvi\u00f3 como punto de partida para <strong data-start=\"1262\" data-end=\"1305\">comenzar el a\u00f1o 2026 de manera conjunta<\/strong>, compartiendo impresiones, haciendo balance del ejercicio anterior y generando un espacio de di\u00e1logo abierto entre los asistentes. Un formato relajado que facilita las conversaciones espont\u00e1neas y refuerza el valor de las relaciones personales como base del crecimiento empresarial.<\/span><\/p>\n<p data-start=\"1590\" data-end=\"2043\"><span style=\"color: #000000\">Uno de los aspectos m\u00e1s destacados de la jornada es la <strong data-start=\"1646\" data-end=\"1717\">convivencia entre asociados veteranos y nuevos miembros de AJE Ja\u00e9n<\/strong>, favoreciendo la integraci\u00f3n de quienes se han incorporado recientemente a la asociaci\u00f3n y permitiendo conocer de primera mano la din\u00e1mica, valores y funcionamiento de la red AJE. Este intercambio intergeneracional fortalece la cohesi\u00f3n interna y contribuye a construir una comunidad empresarial m\u00e1s conectada y colaborativa.<\/span><\/p>\n<p data-start=\"2045\" data-end=\"2403\"><span style=\"color: #000000\">Con iniciativas como el Potaje AJE, AJE Ja\u00e9n reafirma su compromiso con la creaci\u00f3n de espacios que van m\u00e1s all\u00e1 del networking tradicional, apostando por encuentros donde el contacto humano, la cercan\u00eda y la diversidad empresarial se convierten en herramientas clave para impulsar el desarrollo econ\u00f3mico y el crecimiento sostenible en la provincia de Ja\u00e9n.<\/span><\/p>\n<p data-start=\"2045\" data-end=\"2403\"><a href=\"https:\/\/www.instagram.com\/reel\/DTsQUv2DLwK\/?utm_source=ig_web_copy_link&amp;igsh=MzRlODBiNWFlZA==\">Ver v\u00eddeo del evento<\/a><\/p>\n","protected":false},"excerpt":{"rendered":"<p>La Asociaci\u00f3n de J\u00f3venes Empresarios de Ja\u00e9n (AJE Ja\u00e9n) ha celebrado una nueva edici\u00f3n del Potaje AJE, un encuentro que [&hellip;]<\/p>\n","protected":false},"author":8,"featured_media":14353,"comment_status":"closed","ping_status":"open","sticky":false,"template":"","format":"standard","meta":{"_acf_changed":false,"site-sidebar-layout":"default","site-content-layout":"","ast-site-content-layout":"default","site-content-style":"default","site-sidebar-style":"default","ast-global-header-display":"","ast-banner-title-visibility":"","ast-main-header-display":"","ast-hfb-above-header-display":"","ast-hfb-below-header-display":"","ast-hfb-mobile-header-display":"","site-post-title":"","ast-breadcrumbs-content":"","ast-featured-img":"","footer-sml-layout":"","ast-disable-related-posts":"","theme-transparent-header-meta":"default","adv-header-id-meta":"","stick-header-meta":"","header-above-stick-meta":"","header-main-stick-meta":"","header-below-stick-meta":"","astra-migrate-meta-layouts":"set","ast-page-background-enabled":"default","ast-page-background-meta":{"desktop":{"background-color":"var(--ast-global-color-5)","background-image":"","background-repeat":"repeat","background-position":"center center","background-size":"auto","background-attachment":"scroll","background-type":"","background-media":"","overlay-type":"","overlay-color":"","overlay-opacity":"","overlay-gradient":""},"tablet":{"background-color":"","background-image":"","background-repeat":"repeat","background-position":"center center","background-size":"auto","background-attachment":"scroll","background-type":"","background-media":"","overlay-type":"","overlay-color":"","overlay-opacity":"","overlay-gradient":""},"mobile":{"background-color":"","background-image":"","background-repeat":"repeat","background-position":"center center","background-size":"auto","background-attachment":"scroll","background-type":"","background-media":"","overlay-type":"","overlay-color":"","overlay-opacity":"","overlay-gradient":""}},"ast-content-background-meta":{"desktop":{"background-color":"var(--ast-global-color-4)","background-image":"","background-repeat":"repeat","background-position":"center center","background-size":"auto","background-attachment":"scroll","background-type":"","background-media":"","overlay-type":"","overlay-color":"","overlay-opacity":"","overlay-gradient":""},"tablet":{"background-color":"var(--ast-global-color-4)","background-image":"","background-repeat":"repeat","background-position":"center center","background-size":"auto","background-attachment":"scroll","background-type":"","background-media":"","overlay-type":"","overlay-color":"","overlay-opacity":"","overlay-gradient":""},"mobile":{"background-color":"var(--ast-global-color-4)","background-image":"","background-repeat":"repeat","background-position":"center center","background-size":"auto","background-attachment":"scroll","background-type":"","background-media":"","overlay-type":"","overlay-color":"","overlay-opacity":"","overlay-gradient":""}},"footnotes":""},"categories":[8],"tags":[],"class_list":["post-14352","post","type-post","status-publish","format-standard","has-post-thumbnail","hentry","category-noticias"],"acf":[],"yoast_head":"<!-- This site is optimized with the Yoast SEO plugin v26.9 - https:\/\/yoast.com\/product\/yoast-seo-wordpress\/ -->\n<title>AJE Ja\u00e9n celebra una nueva edici\u00f3n del Potaje AJE con m\u00e1s de 40 empresarios<\/title>\n<meta name=\"description\" content=\"AJE Ja\u00e9n re\u00fane a m\u00e1s de 40 empresarios en una nueva edici\u00f3n del Potaje Un encuentro cercano para conectar, compartir y generar sinergias.\" \/>\n<meta name=\"robots\" content=\"index, follow, max-snippet:-1, max-image-preview:large, max-video-preview:-1\" \/>\n<link rel=\"canonical\" href=\"https:\/\/ajeandalucia.org\/jaen\/2026\/01\/19\/potaje-aje-jaen-encuentro-empresarios\/\" \/>\n<meta property=\"og:locale\" content=\"es_ES\" \/>\n<meta property=\"og:type\" content=\"article\" \/>\n<meta property=\"og:title\" content=\"AJE Ja\u00e9n celebra una nueva edici\u00f3n del Potaje AJE con m\u00e1s de 40 empresarios\" \/>\n<meta property=\"og:description\" content=\"AJE Ja\u00e9n re\u00fane a m\u00e1s de 40 empresarios en una nueva edici\u00f3n del Potaje Un encuentro cercano para conectar, compartir y generar sinergias.\" \/>\n<meta property=\"og:url\" content=\"https:\/\/ajeandalucia.org\/jaen\/2026\/01\/19\/potaje-aje-jaen-encuentro-empresarios\/\" \/>\n<meta property=\"og:site_name\" content=\"AJE Ja\u00e9n\" \/>\n<meta property=\"article:published_time\" content=\"2026-01-19T18:30:40+00:00\" \/>\n<meta property=\"article:modified_time\" content=\"2026-01-19T18:31:25+00:00\" \/>\n<meta property=\"og:image\" content=\"http:\/\/ajeandalucia.org\/jaen\/wp-content\/uploads\/sites\/9\/2026\/01\/IMG_4632_Web.png\" \/>\n\t<meta property=\"og:image:width\" content=\"605\" \/>\n\t<meta property=\"og:image:height\" content=\"807\" \/>\n\t<meta property=\"og:image:type\" content=\"image\/png\" \/>\n<meta name=\"author\" content=\"jaen\" \/>\n<meta name=\"twitter:card\" content=\"summary_large_image\" \/>\n<meta name=\"twitter:label1\" content=\"Escrito por\" \/>\n\t<meta name=\"twitter:data1\" content=\"jaen\" \/>\n\t<meta name=\"twitter:label2\" content=\"Tiempo de lectura\" \/>\n\t<meta name=\"twitter:data2\" content=\"2 minutos\" \/>\n<script type=\"application\/ld+json\" class=\"yoast-schema-graph\">{\"@context\":\"https:\/\/schema.org\",\"@graph\":[{\"@type\":\"Article\",\"@id\":\"https:\/\/ajeandalucia.org\/jaen\/2026\/01\/19\/potaje-aje-jaen-encuentro-empresarios\/#article\",\"isPartOf\":{\"@id\":\"https:\/\/ajeandalucia.org\/jaen\/2026\/01\/19\/potaje-aje-jaen-encuentro-empresarios\/\"},\"author\":{\"name\":\"jaen\",\"@id\":\"https:\/\/ajeandalucia.org\/jaen\/#\/schema\/person\/cde0c877dad85cce36ef3275c9cdba8c\"},\"headline\":\"AJE Ja\u00e9n arranca el a\u00f1o reforzando lazos empresariales con una nueva edici\u00f3n del PotAJE Empresarial\",\"datePublished\":\"2026-01-19T18:30:40+00:00\",\"dateModified\":\"2026-01-19T18:31:25+00:00\",\"mainEntityOfPage\":{\"@id\":\"https:\/\/ajeandalucia.org\/jaen\/2026\/01\/19\/potaje-aje-jaen-encuentro-empresarios\/\"},\"wordCount\":342,\"publisher\":{\"@id\":\"https:\/\/ajeandalucia.org\/jaen\/#organization\"},\"image\":{\"@id\":\"https:\/\/ajeandalucia.org\/jaen\/2026\/01\/19\/potaje-aje-jaen-encuentro-empresarios\/#primaryimage\"},\"thumbnailUrl\":\"https:\/\/ajeandalucia.org\/jaen\/wp-content\/uploads\/sites\/9\/2026\/01\/IMG_4632_Web.png\",\"articleSection\":[\"Noticias\"],\"inLanguage\":\"es\"},{\"@type\":\"WebPage\",\"@id\":\"https:\/\/ajeandalucia.org\/jaen\/2026\/01\/19\/potaje-aje-jaen-encuentro-empresarios\/\",\"url\":\"https:\/\/ajeandalucia.org\/jaen\/2026\/01\/19\/potaje-aje-jaen-encuentro-empresarios\/\",\"name\":\"AJE Ja\u00e9n celebra una nueva edici\u00f3n del Potaje AJE con m\u00e1s de 40 empresarios\",\"isPartOf\":{\"@id\":\"https:\/\/ajeandalucia.org\/jaen\/#website\"},\"primaryImageOfPage\":{\"@id\":\"https:\/\/ajeandalucia.org\/jaen\/2026\/01\/19\/potaje-aje-jaen-encuentro-empresarios\/#primaryimage\"},\"image\":{\"@id\":\"https:\/\/ajeandalucia.org\/jaen\/2026\/01\/19\/potaje-aje-jaen-encuentro-empresarios\/#primaryimage\"},\"thumbnailUrl\":\"https:\/\/ajeandalucia.org\/jaen\/wp-content\/uploads\/sites\/9\/2026\/01\/IMG_4632_Web.png\",\"datePublished\":\"2026-01-19T18:30:40+00:00\",\"dateModified\":\"2026-01-19T18:31:25+00:00\",\"description\":\"AJE Ja\u00e9n re\u00fane a m\u00e1s de 40 empresarios en una nueva edici\u00f3n del Potaje Un encuentro cercano para conectar, compartir y generar sinergias.\",\"breadcrumb\":{\"@id\":\"https:\/\/ajeandalucia.org\/jaen\/2026\/01\/19\/potaje-aje-jaen-encuentro-empresarios\/#breadcrumb\"},\"inLanguage\":\"es\",\"potentialAction\":[{\"@type\":\"ReadAction\",\"target\":[\"https:\/\/ajeandalucia.org\/jaen\/2026\/01\/19\/potaje-aje-jaen-encuentro-empresarios\/\"]}]},{\"@type\":\"ImageObject\",\"inLanguage\":\"es\",\"@id\":\"https:\/\/ajeandalucia.org\/jaen\/2026\/01\/19\/potaje-aje-jaen-encuentro-empresarios\/#primaryimage\",\"url\":\"https:\/\/ajeandalucia.org\/jaen\/wp-content\/uploads\/sites\/9\/2026\/01\/IMG_4632_Web.png\",\"contentUrl\":\"https:\/\/ajeandalucia.org\/jaen\/wp-content\/uploads\/sites\/9\/2026\/01\/IMG_4632_Web.png\",\"width\":605,\"height\":807},{\"@type\":\"BreadcrumbList\",\"@id\":\"https:\/\/ajeandalucia.org\/jaen\/2026\/01\/19\/potaje-aje-jaen-encuentro-empresarios\/#breadcrumb\",\"itemListElement\":[{\"@type\":\"ListItem\",\"position\":1,\"name\":\"Portada\",\"item\":\"https:\/\/ajeandalucia.org\/jaen\/\"},{\"@type\":\"ListItem\",\"position\":2,\"name\":\"AJE Ja\u00e9n arranca el a\u00f1o reforzando lazos empresariales con una nueva edici\u00f3n del PotAJE Empresarial\"}]},{\"@type\":\"WebSite\",\"@id\":\"https:\/\/ajeandalucia.org\/jaen\/#website\",\"url\":\"https:\/\/ajeandalucia.org\/jaen\/\",\"name\":\"AJE Ja\u00e9n\",\"description\":\"Otro sitio m\u00e1s de AJE Andaluc\u00eda\",\"publisher\":{\"@id\":\"https:\/\/ajeandalucia.org\/jaen\/#organization\"},\"potentialAction\":[{\"@type\":\"SearchAction\",\"target\":{\"@type\":\"EntryPoint\",\"urlTemplate\":\"https:\/\/ajeandalucia.org\/jaen\/?s={search_term_string}\"},\"query-input\":{\"@type\":\"PropertyValueSpecification\",\"valueRequired\":true,\"valueName\":\"search_term_string\"}}],\"inLanguage\":\"es\"},{\"@type\":\"Organization\",\"@id\":\"https:\/\/ajeandalucia.org\/jaen\/#organization\",\"name\":\"AJE Ja\u00e9n\",\"url\":\"https:\/\/ajeandalucia.org\/jaen\/\",\"logo\":{\"@type\":\"ImageObject\",\"inLanguage\":\"es\",\"@id\":\"https:\/\/ajeandalucia.org\/jaen\/#\/schema\/logo\/image\/\",\"url\":\"https:\/\/ajeandalucia.org\/jaen\/wp-content\/uploads\/sites\/9\/2025\/01\/logotipo-aje-andalucia-jovenes-empresarios-1.png\",\"contentUrl\":\"https:\/\/ajeandalucia.org\/jaen\/wp-content\/uploads\/sites\/9\/2025\/01\/logotipo-aje-andalucia-jovenes-empresarios-1.png\",\"width\":1129,\"height\":207,\"caption\":\"AJE Ja\u00e9n\"},\"image\":{\"@id\":\"https:\/\/ajeandalucia.org\/jaen\/#\/schema\/logo\/image\/\"}},{\"@type\":\"Person\",\"@id\":\"https:\/\/ajeandalucia.org\/jaen\/#\/schema\/person\/cde0c877dad85cce36ef3275c9cdba8c\",\"name\":\"jaen\",\"image\":{\"@type\":\"ImageObject\",\"inLanguage\":\"es\",\"@id\":\"https:\/\/ajeandalucia.org\/jaen\/#\/schema\/person\/image\/\",\"url\":\"https:\/\/secure.gravatar.com\/avatar\/ed67a5b3285e30f3be2c8daa2d1ea5569f263bccad21503d9b9c7a970f13f7a4?s=96&d=mm&r=g\",\"contentUrl\":\"https:\/\/secure.gravatar.com\/avatar\/ed67a5b3285e30f3be2c8daa2d1ea5569f263bccad21503d9b9c7a970f13f7a4?s=96&d=mm&r=g\",\"caption\":\"jaen\"},\"url\":\"https:\/\/ajeandalucia.org\/jaen\/author\/jaen\/\"}]}<\/script>\n<!-- \/ Yoast SEO plugin. -->","yoast_head_json":{"title":"AJE Ja\u00e9n celebra una nueva edici\u00f3n del Potaje AJE con m\u00e1s de 40 empresarios","description":"AJE Ja\u00e9n re\u00fane a m\u00e1s de 40 empresarios en una nueva edici\u00f3n del Potaje Un encuentro cercano para conectar, compartir y generar sinergias.","robots":{"index":"index","follow":"follow","max-snippet":"max-snippet:-1","max-image-preview":"max-image-preview:large","max-video-preview":"max-video-preview:-1"},"canonical":"https:\/\/ajeandalucia.org\/jaen\/2026\/01\/19\/potaje-aje-jaen-encuentro-empresarios\/","og_locale":"es_ES","og_type":"article","og_title":"AJE Ja\u00e9n celebra una nueva edici\u00f3n del Potaje AJE con m\u00e1s de 40 empresarios","og_description":"AJE Ja\u00e9n re\u00fane a m\u00e1s de 40 empresarios en una nueva edici\u00f3n del Potaje Un encuentro cercano para conectar, compartir y generar sinergias.","og_url":"https:\/\/ajeandalucia.org\/jaen\/2026\/01\/19\/potaje-aje-jaen-encuentro-empresarios\/","og_site_name":"AJE Ja\u00e9n","article_published_time":"2026-01-19T18:30:40+00:00","article_modified_time":"2026-01-19T18:31:25+00:00","og_image":[{"width":605,"height":807,"url":"http:\/\/ajeandalucia.org\/jaen\/wp-content\/uploads\/sites\/9\/2026\/01\/IMG_4632_Web.png","type":"image\/png"}],"author":"jaen","twitter_card":"summary_large_image","twitter_misc":{"Escrito por":"jaen","Tiempo de lectura":"2 minutos"},"schema":{"@context":"https:\/\/schema.org","@graph":[{"@type":"Article","@id":"https:\/\/ajeandalucia.org\/jaen\/2026\/01\/19\/potaje-aje-jaen-encuentro-empresarios\/#article","isPartOf":{"@id":"https:\/\/ajeandalucia.org\/jaen\/2026\/01\/19\/potaje-aje-jaen-encuentro-empresarios\/"},"author":{"name":"jaen","@id":"https:\/\/ajeandalucia.org\/jaen\/#\/schema\/person\/cde0c877dad85cce36ef3275c9cdba8c"},"headline":"AJE Ja\u00e9n arranca el a\u00f1o reforzando lazos empresariales con una nueva edici\u00f3n del PotAJE Empresarial","datePublished":"2026-01-19T18:30:40+00:00","dateModified":"2026-01-19T18:31:25+00:00","mainEntityOfPage":{"@id":"https:\/\/ajeandalucia.org\/jaen\/2026\/01\/19\/potaje-aje-jaen-encuentro-empresarios\/"},"wordCount":342,"publisher":{"@id":"https:\/\/ajeandalucia.org\/jaen\/#organization"},"image":{"@id":"https:\/\/ajeandalucia.org\/jaen\/2026\/01\/19\/potaje-aje-jaen-encuentro-empresarios\/#primaryimage"},"thumbnailUrl":"https:\/\/ajeandalucia.org\/jaen\/wp-content\/uploads\/sites\/9\/2026\/01\/IMG_4632_Web.png","articleSection":["Noticias"],"inLanguage":"es"},{"@type":"WebPage","@id":"https:\/\/ajeandalucia.org\/jaen\/2026\/01\/19\/potaje-aje-jaen-encuentro-empresarios\/","url":"https:\/\/ajeandalucia.org\/jaen\/2026\/01\/19\/potaje-aje-jaen-encuentro-empresarios\/","name":"AJE Ja\u00e9n celebra una nueva edici\u00f3n del Potaje AJE con m\u00e1s de 40 empresarios","isPartOf":{"@id":"https:\/\/ajeandalucia.org\/jaen\/#website"},"primaryImageOfPage":{"@id":"https:\/\/ajeandalucia.org\/jaen\/2026\/01\/19\/potaje-aje-jaen-encuentro-empresarios\/#primaryimage"},"image":{"@id":"https:\/\/ajeandalucia.org\/jaen\/2026\/01\/19\/potaje-aje-jaen-encuentro-empresarios\/#primaryimage"},"thumbnailUrl":"https:\/\/ajeandalucia.org\/jaen\/wp-content\/uploads\/sites\/9\/2026\/01\/IMG_4632_Web.png","datePublished":"2026-01-19T18:30:40+00:00","dateModified":"2026-01-19T18:31:25+00:00","description":"AJE Ja\u00e9n re\u00fane a m\u00e1s de 40 empresarios en una nueva edici\u00f3n del Potaje Un encuentro cercano para conectar, compartir y generar sinergias.","breadcrumb":{"@id":"https:\/\/ajeandalucia.org\/jaen\/2026\/01\/19\/potaje-aje-jaen-encuentro-empresarios\/#breadcrumb"},"inLanguage":"es","potentialAction":[{"@type":"ReadAction","target":["https:\/\/ajeandalucia.org\/jaen\/2026\/01\/19\/potaje-aje-jaen-encuentro-empresarios\/"]}]},{"@type":"ImageObject","inLanguage":"es","@id":"https:\/\/ajeandalucia.org\/jaen\/2026\/01\/19\/potaje-aje-jaen-encuentro-empresarios\/#primaryimage","url":"https:\/\/ajeandalucia.org\/jaen\/wp-content\/uploads\/sites\/9\/2026\/01\/IMG_4632_Web.png","contentUrl":"https:\/\/ajeandalucia.org\/jaen\/wp-content\/uploads\/sites\/9\/2026\/01\/IMG_4632_Web.png","width":605,"height":807},{"@type":"BreadcrumbList","@id":"https:\/\/ajeandalucia.org\/jaen\/2026\/01\/19\/potaje-aje-jaen-encuentro-empresarios\/#breadcrumb","itemListElement":[{"@type":"ListItem","position":1,"name":"Portada","item":"https:\/\/ajeandalucia.org\/jaen\/"},{"@type":"ListItem","position":2,"name":"AJE Ja\u00e9n arranca el a\u00f1o reforzando lazos empresariales con una nueva edici\u00f3n del PotAJE Empresarial"}]},{"@type":"WebSite","@id":"https:\/\/ajeandalucia.org\/jaen\/#website","url":"https:\/\/ajeandalucia.org\/jaen\/","name":"AJE Ja\u00e9n","description":"Otro sitio m\u00e1s de AJE Andaluc\u00eda","publisher":{"@id":"https:\/\/ajeandalucia.org\/jaen\/#organization"},"potentialAction":[{"@type":"SearchAction","target":{"@type":"EntryPoint","urlTemplate":"https:\/\/ajeandalucia.org\/jaen\/?s={search_term_string}"},"query-input":{"@type":"PropertyValueSpecification","valueRequired":true,"valueName":"search_term_string"}}],"inLanguage":"es"},{"@type":"Organization","@id":"https:\/\/ajeandalucia.org\/jaen\/#organization","name":"AJE Ja\u00e9n","url":"https:\/\/ajeandalucia.org\/jaen\/","logo":{"@type":"ImageObject","inLanguage":"es","@id":"https:\/\/ajeandalucia.org\/jaen\/#\/schema\/logo\/image\/","url":"https:\/\/ajeandalucia.org\/jaen\/wp-content\/uploads\/sites\/9\/2025\/01\/logotipo-aje-andalucia-jovenes-empresarios-1.png","contentUrl":"https:\/\/ajeandalucia.org\/jaen\/wp-content\/uploads\/sites\/9\/2025\/01\/logotipo-aje-andalucia-jovenes-empresarios-1.png","width":1129,"height":207,"caption":"AJE Ja\u00e9n"},"image":{"@id":"https:\/\/ajeandalucia.org\/jaen\/#\/schema\/logo\/image\/"}},{"@type":"Person","@id":"https:\/\/ajeandalucia.org\/jaen\/#\/schema\/person\/cde0c877dad85cce36ef3275c9cdba8c","name":"jaen","image":{"@type":"ImageObject","inLanguage":"es","@id":"https:\/\/ajeandalucia.org\/jaen\/#\/schema\/person\/image\/","url":"https:\/\/secure.gravatar.com\/avatar\/ed67a5b3285e30f3be2c8daa2d1ea5569f263bccad21503d9b9c7a970f13f7a4?s=96&d=mm&r=g","contentUrl":"https:\/\/secure.gravatar.com\/avatar\/ed67a5b3285e30f3be2c8daa2d1ea5569f263bccad21503d9b9c7a970f13f7a4?s=96&d=mm&r=g","caption":"jaen"},"url":"https:\/\/ajeandalucia.org\/jaen\/author\/jaen\/"}]}},"_links":{"self":[{"href":"https:\/\/ajeandalucia.org\/jaen\/wp-json\/wp\/v2\/posts\/14352","targetHints":{"allow":["GET"]}}],"collection":[{"href":"https:\/\/ajeandalucia.org\/jaen\/wp-json\/wp\/v2\/posts"}],"about":[{"href":"https:\/\/ajeandalucia.org\/jaen\/wp-json\/wp\/v2\/types\/post"}],"author":[{"embeddable":true,"href":"https:\/\/ajeandalucia.org\/jaen\/wp-json\/wp\/v2\/users\/8"}],"replies":[{"embeddable":true,"href":"https:\/\/ajeandalucia.org\/jaen\/wp-json\/wp\/v2\/comments?post=14352"}],"version-history":[{"count":2,"href":"https:\/\/ajeandalucia.org\/jaen\/wp-json\/wp\/v2\/posts\/14352\/revisions"}],"predecessor-version":[{"id":14355,"href":"https:\/\/ajeandalucia.org\/jaen\/wp-json\/wp\/v2\/posts\/14352\/revisions\/14355"}],"wp:featuredmedia":[{"embeddable":true,"href":"https:\/\/ajeandalucia.org\/jaen\/wp-json\/wp\/v2\/media\/14353"}],"wp:attachment":[{"href":"https:\/\/ajeandalucia.org\/jaen\/wp-json\/wp\/v2\/media?parent=14352"}],"wp:term":[{"taxonomy":"category","embeddable":true,"href":"https:\/\/ajeandalucia.org\/jaen\/wp-json\/wp\/v2\/categories?post=14352"},{"taxonomy":"post_tag","embeddable":true,"href":"https:\/\/ajeandalucia.org\/jaen\/wp-json\/wp\/v2\/tags?post=14352"}],"curies":[{"name":"wp","href":"https:\/\/api.w.org\/{rel}","templated":true}]}}