{"id":15144,"date":"2026-04-23 18:12:50","date_gmt":"2026-04-23T14:12:50","guid":{"rendered":"https:\/\/ajeandalucia.org\/jaen\/?p=15144"},"modified":"2026-04-23T16:12:50","modified_gmt":"2026-04-23T14:12:50","slug":"premios-aje-jaen-2026-jurado-ganadores","status":"publish","type":"post","link":"https:\/\/ajeandalucia.org\/jaen\/2026\/04\/23\/premios-aje-jaen-2026-jurado-ganadores\/","title":{"rendered":"El jurado de los Premios AJE Ja\u00e9n 2026 ya tiene veredicto: los ganadores se conocer\u00e1n el 30 de abril"},"content":{"rendered":"<ul>\n<li data-leveltext=\"\uf0b7\" data-font=\"Symbol\" data-listid=\"3\" data-list-defn-props=\"{&quot;335552541&quot;:1,&quot;335559685&quot;:720,&quot;335559991&quot;:360,&quot;469769226&quot;:&quot;Symbol&quot;,&quot;469769242&quot;:[8226],&quot;469777803&quot;:&quot;left&quot;,&quot;469777804&quot;:&quot;\uf0b7&quot;,&quot;469777815&quot;:&quot;hybridMultilevel&quot;}\" data-aria-posinset=\"1\" data-aria-level=\"1\">\n<h3><span style=\"color: #000000\">La gala de entrega tendr\u00e1 lugar el pr\u00f3ximo 30 de abril en Ja\u00e9n, donde se dar\u00e1n a conocer los proyectos reconocidos en las distintas categor\u00edas\u00a0<\/span><\/h3>\n<\/li>\n<\/ul>\n<p><!--more--><\/p>\n<p><span style=\"color: #000000\"><b>Ja\u00e9n,\u00a023 de abril de 2026<\/b>\u00a0<\/span><\/p>\n<p><span style=\"color: #000000\">La <strong>Asociaci\u00f3n de J\u00f3venes Empresarios<\/strong> (AJE) de Ja\u00e9n ha reunido al<strong> jurado<\/strong> de la 26\u00aa edici\u00f3n de sus premios anuales, en la que se han seleccionado las empresas y centros educativos que ser\u00e1n galardonados este a\u00f1o.\u00a0<\/span><\/p>\n<p><span style=\"color: #000000\">La deliberaci\u00f3n se ha celebrado en el edificio <strong>123 Emprende<\/strong> y ha contado con la participaci\u00f3n de m\u00e1s de una veintena de representantes del <strong>tejido empresarial, institucional y financiero de la provincia.\u00a0<\/strong><\/span><\/p>\n<p><span style=\"color: #000000\">El jurado ha estado integrado por miembros de AJE Ja\u00e9n, Caja Rural de Ja\u00e9n, Fundaci\u00f3n Fulgencio Meseguer, Confederaci\u00f3n de Empresarios de Ja\u00e9n, Junta de Andaluc\u00eda, Diputaci\u00f3n Provincial, Ayuntamiento de Ja\u00e9n, C\u00e1mara de Comercio de Linares y And\u00fajar, Universidad de Ja\u00e9n, entre otras entidades colaboradoras y empresas de la provincia de Ja\u00e9n. Tras la jornada de valoraci\u00f3n, se han seleccionado los proyectos ganadores en las categor\u00edas de Iniciativa Emprendedora, Trayectoria Empresarial y Generaci\u00f3n Alpha.\u00a0<\/span><\/p>\n<p><strong style=\"font-size: 16px;font-style: normal;color: #000000\"><img loading=\"lazy\" decoding=\"async\" class=\"wp-image-15147 size-medium aligncenter\" src=\"http:\/\/ajeandalucia.org\/jaen\/wp-content\/uploads\/sites\/9\/2026\/04\/IMG_2867-scaled-e1776953544431-300x296.jpeg\" alt=\"\" width=\"300\" height=\"296\" srcset=\"https:\/\/ajeandalucia.org\/jaen\/wp-content\/uploads\/sites\/9\/2026\/04\/IMG_2867-scaled-e1776953544431-300x296.jpeg 300w, https:\/\/ajeandalucia.org\/jaen\/wp-content\/uploads\/sites\/9\/2026\/04\/IMG_2867-scaled-e1776953544431-1024x1010.jpeg 1024w, https:\/\/ajeandalucia.org\/jaen\/wp-content\/uploads\/sites\/9\/2026\/04\/IMG_2867-scaled-e1776953544431-768x758.jpeg 768w, https:\/\/ajeandalucia.org\/jaen\/wp-content\/uploads\/sites\/9\/2026\/04\/IMG_2867-scaled-e1776953544431-1536x1515.jpeg 1536w, https:\/\/ajeandalucia.org\/jaen\/wp-content\/uploads\/sites\/9\/2026\/04\/IMG_2867-scaled-e1776953544431-600x592.jpeg 600w, https:\/\/ajeandalucia.org\/jaen\/wp-content\/uploads\/sites\/9\/2026\/04\/IMG_2867-scaled-e1776953544431-100x100.jpeg 100w, https:\/\/ajeandalucia.org\/jaen\/wp-content\/uploads\/sites\/9\/2026\/04\/IMG_2867-scaled-e1776953544431.jpeg 1946w\" sizes=\"auto, (max-width: 300px) 100vw, 300px\" \/><\/strong><\/p>\n<p><span style=\"color: #000000\">Los nombres de las empresas y centros premiados no se har\u00e1n p\u00fablicos hasta la Gala de Entrega de los<strong> Premios AJE Ja\u00e9n 2026,<\/strong> que se celebrar\u00e1 el pr\u00f3ximo jueves 30 de abril, en un acto consolidado como una de las <strong>principales citas del tejido empresarial joven<\/strong> de la provincia.\u00a0<\/span><\/p>\n<p><span style=\"color: #000000\">En total, se han presentado<strong> 15 candidaturas<\/strong>, de las cuales 5 optan a la categor\u00eda de <strong>Trayectoria Empresarial,<\/strong> 7 a <strong>Iniciativa Emprendedora<\/strong> y 3 centros educativos a <strong>Generaci\u00f3n Alpha<\/strong>, una categor\u00eda que reconoce el esp\u00edritu emprendedor desde edades tempranas.\u00a0<\/span><\/p>\n<p><strong style=\"font-size: 16px;font-style: normal;color: #000000\"><img loading=\"lazy\" decoding=\"async\" class=\"wp-image-15150 size-medium aligncenter\" src=\"http:\/\/ajeandalucia.org\/jaen\/wp-content\/uploads\/sites\/9\/2026\/04\/IMG_2870-300x225.jpeg\" alt=\"\" width=\"300\" height=\"225\" srcset=\"https:\/\/ajeandalucia.org\/jaen\/wp-content\/uploads\/sites\/9\/2026\/04\/IMG_2870-300x225.jpeg 300w, https:\/\/ajeandalucia.org\/jaen\/wp-content\/uploads\/sites\/9\/2026\/04\/IMG_2870-1024x768.jpeg 1024w, https:\/\/ajeandalucia.org\/jaen\/wp-content\/uploads\/sites\/9\/2026\/04\/IMG_2870-768x576.jpeg 768w, https:\/\/ajeandalucia.org\/jaen\/wp-content\/uploads\/sites\/9\/2026\/04\/IMG_2870-1536x1152.jpeg 1536w, https:\/\/ajeandalucia.org\/jaen\/wp-content\/uploads\/sites\/9\/2026\/04\/IMG_2870-2048x1536.jpeg 2048w, https:\/\/ajeandalucia.org\/jaen\/wp-content\/uploads\/sites\/9\/2026\/04\/IMG_2870-600x450.jpeg 600w\" sizes=\"auto, (max-width: 300px) 100vw, 300px\" \/><\/strong><\/p>\n<p><span style=\"color: #000000\">Los Premios AJE reconocen el <strong>talento empresarial joven de la provincia<\/strong>, poniendo en valor la <strong>innovaci\u00f3n<\/strong>, la <strong>consolidaci\u00f3n<\/strong> y el <strong>impacto econ\u00f3mico y social<\/strong> de sus proyectos.\u00a0<\/span><\/p>\n<p><span style=\"color: #000000\">Con el respaldo de numerosas instituciones y entidades colaboradoras, esta iniciativa refuerza el papel de AJE Ja\u00e9n como <strong>agente activo<\/strong> en el <strong>impulso del ecosistema emprendedor jiennense. \u00a0<\/strong><\/span><\/p>\n<p><span style=\"color: #000000\"><strong>\u00a0 \u00a0 <img loading=\"lazy\" decoding=\"async\" class=\"wp-image-15151 size-medium aligncenter\" src=\"http:\/\/ajeandalucia.org\/jaen\/wp-content\/uploads\/sites\/9\/2026\/04\/IMG_2907-300x225.jpeg\" alt=\"\" width=\"300\" height=\"225\" srcset=\"https:\/\/ajeandalucia.org\/jaen\/wp-content\/uploads\/sites\/9\/2026\/04\/IMG_2907-300x225.jpeg 300w, https:\/\/ajeandalucia.org\/jaen\/wp-content\/uploads\/sites\/9\/2026\/04\/IMG_2907-1024x768.jpeg 1024w, https:\/\/ajeandalucia.org\/jaen\/wp-content\/uploads\/sites\/9\/2026\/04\/IMG_2907-768x576.jpeg 768w, https:\/\/ajeandalucia.org\/jaen\/wp-content\/uploads\/sites\/9\/2026\/04\/IMG_2907-1536x1152.jpeg 1536w, https:\/\/ajeandalucia.org\/jaen\/wp-content\/uploads\/sites\/9\/2026\/04\/IMG_2907-2048x1536.jpeg 2048w, https:\/\/ajeandalucia.org\/jaen\/wp-content\/uploads\/sites\/9\/2026\/04\/IMG_2907-600x450.jpeg 600w\" sizes=\"auto, (max-width: 300px) 100vw, 300px\" \/> \u00a0<\/strong><\/span><\/p>\n","protected":false},"excerpt":{"rendered":"<p>La gala de entrega tendr\u00e1 lugar el pr\u00f3ximo 30 de abril en Ja\u00e9n, donde se dar\u00e1n a conocer los proyectos [&hellip;]<\/p>\n","protected":false},"author":8,"featured_media":15145,"comment_status":"closed","ping_status":"open","sticky":false,"template":"","format":"standard","meta":{"_acf_changed":false,"site-sidebar-layout":"default","site-content-layout":"","ast-site-content-layout":"default","site-content-style":"default","site-sidebar-style":"default","ast-global-header-display":"","ast-banner-title-visibility":"","ast-main-header-display":"","ast-hfb-above-header-display":"","ast-hfb-below-header-display":"","ast-hfb-mobile-header-display":"","site-post-title":"","ast-breadcrumbs-content":"","ast-featured-img":"","footer-sml-layout":"","ast-disable-related-posts":"","theme-transparent-header-meta":"default","adv-header-id-meta":"","stick-header-meta":"","header-above-stick-meta":"","header-main-stick-meta":"","header-below-stick-meta":"","astra-migrate-meta-layouts":"set","ast-page-background-enabled":"default","ast-page-background-meta":{"desktop":{"background-color":"var(--ast-global-color-5)","background-image":"","background-repeat":"repeat","background-position":"center center","background-size":"auto","background-attachment":"scroll","background-type":"","background-media":"","overlay-type":"","overlay-color":"","overlay-opacity":"","overlay-gradient":""},"tablet":{"background-color":"","background-image":"","background-repeat":"repeat","background-position":"center center","background-size":"auto","background-attachment":"scroll","background-type":"","background-media":"","overlay-type":"","overlay-color":"","overlay-opacity":"","overlay-gradient":""},"mobile":{"background-color":"","background-image":"","background-repeat":"repeat","background-position":"center center","background-size":"auto","background-attachment":"scroll","background-type":"","background-media":"","overlay-type":"","overlay-color":"","overlay-opacity":"","overlay-gradient":""}},"ast-content-background-meta":{"desktop":{"background-color":"var(--ast-global-color-4)","background-image":"","background-repeat":"repeat","background-position":"center center","background-size":"auto","background-attachment":"scroll","background-type":"","background-media":"","overlay-type":"","overlay-color":"","overlay-opacity":"","overlay-gradient":""},"tablet":{"background-color":"var(--ast-global-color-4)","background-image":"","background-repeat":"repeat","background-position":"center center","background-size":"auto","background-attachment":"scroll","background-type":"","background-media":"","overlay-type":"","overlay-color":"","overlay-opacity":"","overlay-gradient":""},"mobile":{"background-color":"var(--ast-global-color-4)","background-image":"","background-repeat":"repeat","background-position":"center center","background-size":"auto","background-attachment":"scroll","background-type":"","background-media":"","overlay-type":"","overlay-color":"","overlay-opacity":"","overlay-gradient":""}},"footnotes":""},"categories":[8,54],"tags":[],"class_list":["post-15144","post","type-post","status-publish","format-standard","has-post-thumbnail","hentry","category-noticias","category-premios"],"acf":[],"yoast_head":"<!-- This site is optimized with the Yoast SEO plugin v26.9 - https:\/\/yoast.com\/product\/yoast-seo-wordpress\/ -->\n<title>Premios AJE Ja\u00e9n 2026: el jurado ya ha elegido a los ganadores<\/title>\n<meta name=\"description\" content=\"El jurado de los Premios AJE Ja\u00e9n 2026 ya ha seleccionado a los ganadores, que se dar\u00e1n a conocer el 30 de abril en la gala oficial.\" \/>\n<meta name=\"robots\" content=\"index, follow, max-snippet:-1, max-image-preview:large, max-video-preview:-1\" \/>\n<link rel=\"canonical\" href=\"https:\/\/ajeandalucia.org\/jaen\/2026\/04\/23\/premios-aje-jaen-2026-jurado-ganadores\/\" \/>\n<meta property=\"og:locale\" content=\"es_ES\" \/>\n<meta property=\"og:type\" content=\"article\" \/>\n<meta property=\"og:title\" content=\"Premios AJE Ja\u00e9n 2026: el jurado ya ha elegido a los ganadores\" \/>\n<meta property=\"og:description\" content=\"El jurado de los Premios AJE Ja\u00e9n 2026 ya ha seleccionado a los ganadores, que se dar\u00e1n a conocer el 30 de abril en la gala oficial.\" \/>\n<meta property=\"og:url\" content=\"https:\/\/ajeandalucia.org\/jaen\/2026\/04\/23\/premios-aje-jaen-2026-jurado-ganadores\/\" \/>\n<meta property=\"og:site_name\" content=\"AJE Ja\u00e9n\" \/>\n<meta property=\"article:published_time\" content=\"2026-04-23T14:12:50+00:00\" \/>\n<meta property=\"og:image\" content=\"http:\/\/ajeandalucia.org\/jaen\/wp-content\/uploads\/sites\/9\/2026\/04\/IMG_2912-scaled.jpeg\" \/>\n\t<meta property=\"og:image:width\" content=\"2560\" \/>\n\t<meta property=\"og:image:height\" content=\"1230\" \/>\n\t<meta property=\"og:image:type\" content=\"image\/jpeg\" \/>\n<meta name=\"author\" content=\"jaen\" \/>\n<meta name=\"twitter:card\" content=\"summary_large_image\" \/>\n<meta name=\"twitter:label1\" content=\"Escrito por\" \/>\n\t<meta name=\"twitter:data1\" content=\"jaen\" \/>\n\t<meta name=\"twitter:label2\" content=\"Tiempo de lectura\" \/>\n\t<meta name=\"twitter:data2\" content=\"3 minutos\" \/>\n<script type=\"application\/ld+json\" class=\"yoast-schema-graph\">{\"@context\":\"https:\/\/schema.org\",\"@graph\":[{\"@type\":\"Article\",\"@id\":\"https:\/\/ajeandalucia.org\/jaen\/2026\/04\/23\/premios-aje-jaen-2026-jurado-ganadores\/#article\",\"isPartOf\":{\"@id\":\"https:\/\/ajeandalucia.org\/jaen\/2026\/04\/23\/premios-aje-jaen-2026-jurado-ganadores\/\"},\"author\":{\"name\":\"jaen\",\"@id\":\"https:\/\/ajeandalucia.org\/jaen\/#\/schema\/person\/cde0c877dad85cce36ef3275c9cdba8c\"},\"headline\":\"El jurado de los Premios AJE Ja\u00e9n 2026 ya tiene veredicto: los ganadores se conocer\u00e1n el 30 de abril\",\"datePublished\":\"2026-04-23T14:12:50+00:00\",\"mainEntityOfPage\":{\"@id\":\"https:\/\/ajeandalucia.org\/jaen\/2026\/04\/23\/premios-aje-jaen-2026-jurado-ganadores\/\"},\"wordCount\":363,\"publisher\":{\"@id\":\"https:\/\/ajeandalucia.org\/jaen\/#organization\"},\"image\":{\"@id\":\"https:\/\/ajeandalucia.org\/jaen\/2026\/04\/23\/premios-aje-jaen-2026-jurado-ganadores\/#primaryimage\"},\"thumbnailUrl\":\"https:\/\/ajeandalucia.org\/jaen\/wp-content\/uploads\/sites\/9\/2026\/04\/IMG_2912-scaled.jpeg\",\"articleSection\":[\"Noticias\",\"Premios\"],\"inLanguage\":\"es\"},{\"@type\":\"WebPage\",\"@id\":\"https:\/\/ajeandalucia.org\/jaen\/2026\/04\/23\/premios-aje-jaen-2026-jurado-ganadores\/\",\"url\":\"https:\/\/ajeandalucia.org\/jaen\/2026\/04\/23\/premios-aje-jaen-2026-jurado-ganadores\/\",\"name\":\"Premios AJE Ja\u00e9n 2026: el jurado ya ha elegido a los ganadores\",\"isPartOf\":{\"@id\":\"https:\/\/ajeandalucia.org\/jaen\/#website\"},\"primaryImageOfPage\":{\"@id\":\"https:\/\/ajeandalucia.org\/jaen\/2026\/04\/23\/premios-aje-jaen-2026-jurado-ganadores\/#primaryimage\"},\"image\":{\"@id\":\"https:\/\/ajeandalucia.org\/jaen\/2026\/04\/23\/premios-aje-jaen-2026-jurado-ganadores\/#primaryimage\"},\"thumbnailUrl\":\"https:\/\/ajeandalucia.org\/jaen\/wp-content\/uploads\/sites\/9\/2026\/04\/IMG_2912-scaled.jpeg\",\"datePublished\":\"2026-04-23T14:12:50+00:00\",\"description\":\"El jurado de los Premios AJE Ja\u00e9n 2026 ya ha seleccionado a los ganadores, que se dar\u00e1n a conocer el 30 de abril en la gala oficial.\",\"breadcrumb\":{\"@id\":\"https:\/\/ajeandalucia.org\/jaen\/2026\/04\/23\/premios-aje-jaen-2026-jurado-ganadores\/#breadcrumb\"},\"inLanguage\":\"es\",\"potentialAction\":[{\"@type\":\"ReadAction\",\"target\":[\"https:\/\/ajeandalucia.org\/jaen\/2026\/04\/23\/premios-aje-jaen-2026-jurado-ganadores\/\"]}]},{\"@type\":\"ImageObject\",\"inLanguage\":\"es\",\"@id\":\"https:\/\/ajeandalucia.org\/jaen\/2026\/04\/23\/premios-aje-jaen-2026-jurado-ganadores\/#primaryimage\",\"url\":\"https:\/\/ajeandalucia.org\/jaen\/wp-content\/uploads\/sites\/9\/2026\/04\/IMG_2912-scaled.jpeg\",\"contentUrl\":\"https:\/\/ajeandalucia.org\/jaen\/wp-content\/uploads\/sites\/9\/2026\/04\/IMG_2912-scaled.jpeg\",\"width\":2560,\"height\":1230},{\"@type\":\"BreadcrumbList\",\"@id\":\"https:\/\/ajeandalucia.org\/jaen\/2026\/04\/23\/premios-aje-jaen-2026-jurado-ganadores\/#breadcrumb\",\"itemListElement\":[{\"@type\":\"ListItem\",\"position\":1,\"name\":\"Portada\",\"item\":\"https:\/\/ajeandalucia.org\/jaen\/\"},{\"@type\":\"ListItem\",\"position\":2,\"name\":\"El jurado de los Premios AJE Ja\u00e9n 2026 ya tiene veredicto: los ganadores se conocer\u00e1n el 30 de abril\"}]},{\"@type\":\"WebSite\",\"@id\":\"https:\/\/ajeandalucia.org\/jaen\/#website\",\"url\":\"https:\/\/ajeandalucia.org\/jaen\/\",\"name\":\"AJE Ja\u00e9n\",\"description\":\"Otro sitio m\u00e1s de AJE Andaluc\u00eda\",\"publisher\":{\"@id\":\"https:\/\/ajeandalucia.org\/jaen\/#organization\"},\"potentialAction\":[{\"@type\":\"SearchAction\",\"target\":{\"@type\":\"EntryPoint\",\"urlTemplate\":\"https:\/\/ajeandalucia.org\/jaen\/?s={search_term_string}\"},\"query-input\":{\"@type\":\"PropertyValueSpecification\",\"valueRequired\":true,\"valueName\":\"search_term_string\"}}],\"inLanguage\":\"es\"},{\"@type\":\"Organization\",\"@id\":\"https:\/\/ajeandalucia.org\/jaen\/#organization\",\"name\":\"AJE Ja\u00e9n\",\"url\":\"https:\/\/ajeandalucia.org\/jaen\/\",\"logo\":{\"@type\":\"ImageObject\",\"inLanguage\":\"es\",\"@id\":\"https:\/\/ajeandalucia.org\/jaen\/#\/schema\/logo\/image\/\",\"url\":\"https:\/\/ajeandalucia.org\/jaen\/wp-content\/uploads\/sites\/9\/2025\/01\/logotipo-aje-andalucia-jovenes-empresarios-1.png\",\"contentUrl\":\"https:\/\/ajeandalucia.org\/jaen\/wp-content\/uploads\/sites\/9\/2025\/01\/logotipo-aje-andalucia-jovenes-empresarios-1.png\",\"width\":1129,\"height\":207,\"caption\":\"AJE Ja\u00e9n\"},\"image\":{\"@id\":\"https:\/\/ajeandalucia.org\/jaen\/#\/schema\/logo\/image\/\"}},{\"@type\":\"Person\",\"@id\":\"https:\/\/ajeandalucia.org\/jaen\/#\/schema\/person\/cde0c877dad85cce36ef3275c9cdba8c\",\"name\":\"jaen\",\"image\":{\"@type\":\"ImageObject\",\"inLanguage\":\"es\",\"@id\":\"https:\/\/ajeandalucia.org\/jaen\/#\/schema\/person\/image\/\",\"url\":\"https:\/\/secure.gravatar.com\/avatar\/ed67a5b3285e30f3be2c8daa2d1ea5569f263bccad21503d9b9c7a970f13f7a4?s=96&d=mm&r=g\",\"contentUrl\":\"https:\/\/secure.gravatar.com\/avatar\/ed67a5b3285e30f3be2c8daa2d1ea5569f263bccad21503d9b9c7a970f13f7a4?s=96&d=mm&r=g\",\"caption\":\"jaen\"},\"url\":\"https:\/\/ajeandalucia.org\/jaen\/author\/jaen\/\"}]}<\/script>\n<!-- \/ Yoast SEO plugin. -->","yoast_head_json":{"title":"Premios AJE Ja\u00e9n 2026: el jurado ya ha elegido a los ganadores","description":"El jurado de los Premios AJE Ja\u00e9n 2026 ya ha seleccionado a los ganadores, que se dar\u00e1n a conocer el 30 de abril en la gala oficial.","robots":{"index":"index","follow":"follow","max-snippet":"max-snippet:-1","max-image-preview":"max-image-preview:large","max-video-preview":"max-video-preview:-1"},"canonical":"https:\/\/ajeandalucia.org\/jaen\/2026\/04\/23\/premios-aje-jaen-2026-jurado-ganadores\/","og_locale":"es_ES","og_type":"article","og_title":"Premios AJE Ja\u00e9n 2026: el jurado ya ha elegido a los ganadores","og_description":"El jurado de los Premios AJE Ja\u00e9n 2026 ya ha seleccionado a los ganadores, que se dar\u00e1n a conocer el 30 de abril en la gala oficial.","og_url":"https:\/\/ajeandalucia.org\/jaen\/2026\/04\/23\/premios-aje-jaen-2026-jurado-ganadores\/","og_site_name":"AJE Ja\u00e9n","article_published_time":"2026-04-23T14:12:50+00:00","og_image":[{"width":2560,"height":1230,"url":"http:\/\/ajeandalucia.org\/jaen\/wp-content\/uploads\/sites\/9\/2026\/04\/IMG_2912-scaled.jpeg","type":"image\/jpeg"}],"author":"jaen","twitter_card":"summary_large_image","twitter_misc":{"Escrito por":"jaen","Tiempo de lectura":"3 minutos"},"schema":{"@context":"https:\/\/schema.org","@graph":[{"@type":"Article","@id":"https:\/\/ajeandalucia.org\/jaen\/2026\/04\/23\/premios-aje-jaen-2026-jurado-ganadores\/#article","isPartOf":{"@id":"https:\/\/ajeandalucia.org\/jaen\/2026\/04\/23\/premios-aje-jaen-2026-jurado-ganadores\/"},"author":{"name":"jaen","@id":"https:\/\/ajeandalucia.org\/jaen\/#\/schema\/person\/cde0c877dad85cce36ef3275c9cdba8c"},"headline":"El jurado de los Premios AJE Ja\u00e9n 2026 ya tiene veredicto: los ganadores se conocer\u00e1n el 30 de abril","datePublished":"2026-04-23T14:12:50+00:00","mainEntityOfPage":{"@id":"https:\/\/ajeandalucia.org\/jaen\/2026\/04\/23\/premios-aje-jaen-2026-jurado-ganadores\/"},"wordCount":363,"publisher":{"@id":"https:\/\/ajeandalucia.org\/jaen\/#organization"},"image":{"@id":"https:\/\/ajeandalucia.org\/jaen\/2026\/04\/23\/premios-aje-jaen-2026-jurado-ganadores\/#primaryimage"},"thumbnailUrl":"https:\/\/ajeandalucia.org\/jaen\/wp-content\/uploads\/sites\/9\/2026\/04\/IMG_2912-scaled.jpeg","articleSection":["Noticias","Premios"],"inLanguage":"es"},{"@type":"WebPage","@id":"https:\/\/ajeandalucia.org\/jaen\/2026\/04\/23\/premios-aje-jaen-2026-jurado-ganadores\/","url":"https:\/\/ajeandalucia.org\/jaen\/2026\/04\/23\/premios-aje-jaen-2026-jurado-ganadores\/","name":"Premios AJE Ja\u00e9n 2026: el jurado ya ha elegido a los ganadores","isPartOf":{"@id":"https:\/\/ajeandalucia.org\/jaen\/#website"},"primaryImageOfPage":{"@id":"https:\/\/ajeandalucia.org\/jaen\/2026\/04\/23\/premios-aje-jaen-2026-jurado-ganadores\/#primaryimage"},"image":{"@id":"https:\/\/ajeandalucia.org\/jaen\/2026\/04\/23\/premios-aje-jaen-2026-jurado-ganadores\/#primaryimage"},"thumbnailUrl":"https:\/\/ajeandalucia.org\/jaen\/wp-content\/uploads\/sites\/9\/2026\/04\/IMG_2912-scaled.jpeg","datePublished":"2026-04-23T14:12:50+00:00","description":"El jurado de los Premios AJE Ja\u00e9n 2026 ya ha seleccionado a los ganadores, que se dar\u00e1n a conocer el 30 de abril en la gala oficial.","breadcrumb":{"@id":"https:\/\/ajeandalucia.org\/jaen\/2026\/04\/23\/premios-aje-jaen-2026-jurado-ganadores\/#breadcrumb"},"inLanguage":"es","potentialAction":[{"@type":"ReadAction","target":["https:\/\/ajeandalucia.org\/jaen\/2026\/04\/23\/premios-aje-jaen-2026-jurado-ganadores\/"]}]},{"@type":"ImageObject","inLanguage":"es","@id":"https:\/\/ajeandalucia.org\/jaen\/2026\/04\/23\/premios-aje-jaen-2026-jurado-ganadores\/#primaryimage","url":"https:\/\/ajeandalucia.org\/jaen\/wp-content\/uploads\/sites\/9\/2026\/04\/IMG_2912-scaled.jpeg","contentUrl":"https:\/\/ajeandalucia.org\/jaen\/wp-content\/uploads\/sites\/9\/2026\/04\/IMG_2912-scaled.jpeg","width":2560,"height":1230},{"@type":"BreadcrumbList","@id":"https:\/\/ajeandalucia.org\/jaen\/2026\/04\/23\/premios-aje-jaen-2026-jurado-ganadores\/#breadcrumb","itemListElement":[{"@type":"ListItem","position":1,"name":"Portada","item":"https:\/\/ajeandalucia.org\/jaen\/"},{"@type":"ListItem","position":2,"name":"El jurado de los Premios AJE Ja\u00e9n 2026 ya tiene veredicto: los ganadores se conocer\u00e1n el 30 de abril"}]},{"@type":"WebSite","@id":"https:\/\/ajeandalucia.org\/jaen\/#website","url":"https:\/\/ajeandalucia.org\/jaen\/","name":"AJE Ja\u00e9n","description":"Otro sitio m\u00e1s de AJE Andaluc\u00eda","publisher":{"@id":"https:\/\/ajeandalucia.org\/jaen\/#organization"},"potentialAction":[{"@type":"SearchAction","target":{"@type":"EntryPoint","urlTemplate":"https:\/\/ajeandalucia.org\/jaen\/?s={search_term_string}"},"query-input":{"@type":"PropertyValueSpecification","valueRequired":true,"valueName":"search_term_string"}}],"inLanguage":"es"},{"@type":"Organization","@id":"https:\/\/ajeandalucia.org\/jaen\/#organization","name":"AJE Ja\u00e9n","url":"https:\/\/ajeandalucia.org\/jaen\/","logo":{"@type":"ImageObject","inLanguage":"es","@id":"https:\/\/ajeandalucia.org\/jaen\/#\/schema\/logo\/image\/","url":"https:\/\/ajeandalucia.org\/jaen\/wp-content\/uploads\/sites\/9\/2025\/01\/logotipo-aje-andalucia-jovenes-empresarios-1.png","contentUrl":"https:\/\/ajeandalucia.org\/jaen\/wp-content\/uploads\/sites\/9\/2025\/01\/logotipo-aje-andalucia-jovenes-empresarios-1.png","width":1129,"height":207,"caption":"AJE Ja\u00e9n"},"image":{"@id":"https:\/\/ajeandalucia.org\/jaen\/#\/schema\/logo\/image\/"}},{"@type":"Person","@id":"https:\/\/ajeandalucia.org\/jaen\/#\/schema\/person\/cde0c877dad85cce36ef3275c9cdba8c","name":"jaen","image":{"@type":"ImageObject","inLanguage":"es","@id":"https:\/\/ajeandalucia.org\/jaen\/#\/schema\/person\/image\/","url":"https:\/\/secure.gravatar.com\/avatar\/ed67a5b3285e30f3be2c8daa2d1ea5569f263bccad21503d9b9c7a970f13f7a4?s=96&d=mm&r=g","contentUrl":"https:\/\/secure.gravatar.com\/avatar\/ed67a5b3285e30f3be2c8daa2d1ea5569f263bccad21503d9b9c7a970f13f7a4?s=96&d=mm&r=g","caption":"jaen"},"url":"https:\/\/ajeandalucia.org\/jaen\/author\/jaen\/"}]}},"_links":{"self":[{"href":"https:\/\/ajeandalucia.org\/jaen\/wp-json\/wp\/v2\/posts\/15144","targetHints":{"allow":["GET"]}}],"collection":[{"href":"https:\/\/ajeandalucia.org\/jaen\/wp-json\/wp\/v2\/posts"}],"about":[{"href":"https:\/\/ajeandalucia.org\/jaen\/wp-json\/wp\/v2\/types\/post"}],"author":[{"embeddable":true,"href":"https:\/\/ajeandalucia.org\/jaen\/wp-json\/wp\/v2\/users\/8"}],"replies":[{"embeddable":true,"href":"https:\/\/ajeandalucia.org\/jaen\/wp-json\/wp\/v2\/comments?post=15144"}],"version-history":[{"count":1,"href":"https:\/\/ajeandalucia.org\/jaen\/wp-json\/wp\/v2\/posts\/15144\/revisions"}],"predecessor-version":[{"id":15154,"href":"https:\/\/ajeandalucia.org\/jaen\/wp-json\/wp\/v2\/posts\/15144\/revisions\/15154"}],"wp:featuredmedia":[{"embeddable":true,"href":"https:\/\/ajeandalucia.org\/jaen\/wp-json\/wp\/v2\/media\/15145"}],"wp:attachment":[{"href":"https:\/\/ajeandalucia.org\/jaen\/wp-json\/wp\/v2\/media?parent=15144"}],"wp:term":[{"taxonomy":"category","embeddable":true,"href":"https:\/\/ajeandalucia.org\/jaen\/wp-json\/wp\/v2\/categories?post=15144"},{"taxonomy":"post_tag","embeddable":true,"href":"https:\/\/ajeandalucia.org\/jaen\/wp-json\/wp\/v2\/tags?post=15144"}],"curies":[{"name":"wp","href":"https:\/\/api.w.org\/{rel}","templated":true}]}}