{"id":5666,"date":"2020-05-06 18:21:54","date_gmt":"2020-05-06T16:21:54","guid":{"rendered":"https:\/\/www.ajeandalucia.org\/jaen\/?p=5666"},"modified":"2020-05-06T16:25:51","modified_gmt":"2020-05-06T16:25:51","slug":"agencia-idea-nuevas-convocatorias-id-empresarial","status":"publish","type":"post","link":"https:\/\/ajeandalucia.org\/jaen\/2020\/05\/06\/agencia-idea-nuevas-convocatorias-id-empresarial\/","title":{"rendered":"Agencia IDEA (nuevas convocatorias I+D Empresarial)"},"content":{"rendered":"<p>La nueva Agencia IDEA lanza las dos primeras convocatorias de las 5 previstas en la reactivaci\u00f3n de este tipo de financiaci\u00f3n y facilita el acceso a los incentivos abriendo el plazo de solicitud despu\u00e9s del estado de alarma<\/p>\n<p>La Consejer\u00eda de Econom\u00eda, Conocimiento, Empresas y Universidad ha convocado ayudas por valor de 43 millones de euros en r\u00e9gimen de concurrencia competitiva para fomentar la I+D+i empresarial. Las convocatorias, publicadas ya en BOJA, financian dos l\u00edneas de actuaci\u00f3n dentro del Programa de I+D+i empresarial: el desarrollo de Proyectos Colaborativos, que cuenta con una dotaci\u00f3n presupuestaria de 25 millones de euros; y la creaci\u00f3n de Proyectos de Unidades de Innovaci\u00f3n Conjunta, que dispondr\u00e1 de un importe de 18 millones.<\/p>\n<p>Estas subvenciones se enmarcan en el Programa para la Investigaci\u00f3n Industrial, el Desarrollo Experimental y la Innovaci\u00f3n Empresarial (I+D+i empresarial) en Andaluc\u00eda, que gestiona la nueva Agencia de Innovaci\u00f3n y Desarrollo de Andaluc\u00eda (IDEA), dotado con financiaci\u00f3n FEDER.<\/p>\n<p>Para facilitar el acceso a estos incentivos, desde la nueva Agencia IDEA hemos establecido que el plazo de presentaci\u00f3n de solicitudes se abrir\u00e1 el d\u00eda siguiente del fina del estado de alarma, y permanecer\u00e1 vigente durante 75 d\u00edas naturales.<\/p>\n<p>Se adjunta esquema de ambas convocatorias, as\u00ed como dos Mapas Visuales en pdf con un resumen detallado de ambas convocatorias, requisitos de proyectos, criterios de valoraci\u00f3n, etc., a modo de ficha resumen de consulta.<\/p>\n<p><a href=\"https:\/\/www.ajeandalucia.org\/jaen\/wp-content\/uploads\/sites\/9\/2020\/05\/20200406-MAPA_VISUAL_UNIDADES_INNOVACION_75_DIAS.pdf\">20200406 MAPA_VISUAL_UNIDADES_INNOVACION_75_DIAS<\/a><\/p>\n<p><a href=\"https:\/\/www.ajeandalucia.org\/jaen\/wp-content\/uploads\/sites\/9\/2020\/05\/20200406-MAPA_VISUAL_PROYECTOS_COLABORATIVOS_75_DIAS.pdf\">20200406 MAPA_VISUAL_PROYECTOS_COLABORATIVOS_75_DIAS<\/a><\/p>\n<p>Durante el estado de alarma en el que nos encontramos, las jornadas t\u00e9cnicas previstas y reuniones presenciales han tenido que suspenderse. Por tanto, para paliar esta situaci\u00f3n desde la Agencia IDEA queremos ayudarte adem\u00e1s a resolver todas tus dudas para que puedas ir desarrollando tu propuesta. Para ello hemos preparado dos tutoriales, uno por cada una de las convocatorias, para guiarte paso a paso a la hora de realizar tu solicitud.<\/p>\n<p>Tutorial Unidades de Innovaci\u00f3n Conjunta: <a href=\"https:\/\/youtu.be\/zsVINfBsFzk\">https:\/\/youtu.be\/zsVINfBsFzk<\/a><br \/>\nTutorial Proyectos Colaborativos:<a href=\"https:\/\/youtu.be\/n9d8hh_0DNk\"> https:\/\/youtu.be\/n9d8hh_0DNk<\/a><\/p>\n<p>Tel\u00e9f.: 953 006 100 \/ Fax: 953 006 113<br \/>\nmail: jaen@agenciaidea.es<br \/>\nwww.agenciaidea.es<\/p>\n","protected":false},"excerpt":{"rendered":"<p>La nueva Agencia IDEA lanza las dos primeras convocatorias de las 5 previstas en la reactivaci\u00f3n de este tipo de [&hellip;]<\/p>\n","protected":false},"author":8,"featured_media":5667,"comment_status":"open","ping_status":"open","sticky":false,"template":"","format":"standard","meta":{"_acf_changed":false,"site-sidebar-layout":"default","site-content-layout":"","ast-site-content-layout":"default","site-content-style":"default","site-sidebar-style":"default","ast-global-header-display":"","ast-banner-title-visibility":"","ast-main-header-display":"","ast-hfb-above-header-display":"","ast-hfb-below-header-display":"","ast-hfb-mobile-header-display":"","site-post-title":"","ast-breadcrumbs-content":"","ast-featured-img":"","footer-sml-layout":"","ast-disable-related-posts":"","theme-transparent-header-meta":"","adv-header-id-meta":"","stick-header-meta":"","header-above-stick-meta":"","header-main-stick-meta":"","header-below-stick-meta":"","astra-migrate-meta-layouts":"default","ast-page-background-enabled":"default","ast-page-background-meta":{"desktop":{"background-color":"var(--ast-global-color-5)","background-image":"","background-repeat":"repeat","background-position":"center center","background-size":"auto","background-attachment":"scroll","background-type":"","background-media":"","overlay-type":"","overlay-color":"","overlay-opacity":"","overlay-gradient":""},"tablet":{"background-color":"","background-image":"","background-repeat":"repeat","background-position":"center center","background-size":"auto","background-attachment":"scroll","background-type":"","background-media":"","overlay-type":"","overlay-color":"","overlay-opacity":"","overlay-gradient":""},"mobile":{"background-color":"","background-image":"","background-repeat":"repeat","background-position":"center center","background-size":"auto","background-attachment":"scroll","background-type":"","background-media":"","overlay-type":"","overlay-color":"","overlay-opacity":"","overlay-gradient":""}},"ast-content-background-meta":{"desktop":{"background-color":"var(--ast-global-color-4)","background-image":"","background-repeat":"repeat","background-position":"center center","background-size":"auto","background-attachment":"scroll","background-type":"","background-media":"","overlay-type":"","overlay-color":"","overlay-opacity":"","overlay-gradient":""},"tablet":{"background-color":"var(--ast-global-color-4)","background-image":"","background-repeat":"repeat","background-position":"center center","background-size":"auto","background-attachment":"scroll","background-type":"","background-media":"","overlay-type":"","overlay-color":"","overlay-opacity":"","overlay-gradient":""},"mobile":{"background-color":"var(--ast-global-color-4)","background-image":"","background-repeat":"repeat","background-position":"center center","background-size":"auto","background-attachment":"scroll","background-type":"","background-media":"","overlay-type":"","overlay-color":"","overlay-opacity":"","overlay-gradient":""}},"footnotes":""},"categories":[60,50,8,53,1],"tags":[],"class_list":["post-5666","post","type-post","status-publish","format-standard","has-post-thumbnail","hentry","category-actividades","category-consultoria","category-noticias","category-servicios","category-sin-categoria"],"acf":[],"yoast_head":"<!-- This site is optimized with the Yoast SEO plugin v26.9 - https:\/\/yoast.com\/product\/yoast-seo-wordpress\/ -->\n<title>Agencia IDEA (nuevas convocatorias I+D Empresarial) - AJE Ja\u00e9n<\/title>\n<meta name=\"robots\" content=\"index, follow, max-snippet:-1, max-image-preview:large, max-video-preview:-1\" \/>\n<link rel=\"canonical\" href=\"https:\/\/ajeandalucia.org\/jaen\/2020\/05\/06\/agencia-idea-nuevas-convocatorias-id-empresarial\/\" \/>\n<meta property=\"og:locale\" content=\"es_ES\" \/>\n<meta property=\"og:type\" content=\"article\" \/>\n<meta property=\"og:title\" content=\"Agencia IDEA (nuevas convocatorias I+D Empresarial) - AJE Ja\u00e9n\" \/>\n<meta property=\"og:description\" content=\"La nueva Agencia IDEA lanza las dos primeras convocatorias de las 5 previstas en la reactivaci\u00f3n de este tipo de [&hellip;]\" \/>\n<meta property=\"og:url\" content=\"https:\/\/ajeandalucia.org\/jaen\/2020\/05\/06\/agencia-idea-nuevas-convocatorias-id-empresarial\/\" \/>\n<meta property=\"og:site_name\" content=\"AJE Ja\u00e9n\" \/>\n<meta property=\"article:published_time\" content=\"2020-05-06T16:21:54+00:00\" \/>\n<meta property=\"article:modified_time\" content=\"2020-05-06T16:25:51+00:00\" \/>\n<meta property=\"og:image\" content=\"https:\/\/ajeandalucia.org\/jaen\/wp-content\/uploads\/sites\/9\/2020\/05\/agencia-idea.jpg\" \/>\n\t<meta property=\"og:image:width\" content=\"600\" \/>\n\t<meta property=\"og:image:height\" content=\"151\" \/>\n\t<meta property=\"og:image:type\" content=\"image\/jpeg\" \/>\n<meta name=\"author\" content=\"jaen\" \/>\n<meta name=\"twitter:card\" content=\"summary_large_image\" \/>\n<meta name=\"twitter:label1\" content=\"Escrito por\" \/>\n\t<meta name=\"twitter:data1\" content=\"jaen\" \/>\n\t<meta name=\"twitter:label2\" content=\"Tiempo de lectura\" \/>\n\t<meta name=\"twitter:data2\" content=\"2 minutos\" \/>\n<script type=\"application\/ld+json\" class=\"yoast-schema-graph\">{\"@context\":\"https:\/\/schema.org\",\"@graph\":[{\"@type\":\"Article\",\"@id\":\"https:\/\/ajeandalucia.org\/jaen\/2020\/05\/06\/agencia-idea-nuevas-convocatorias-id-empresarial\/#article\",\"isPartOf\":{\"@id\":\"https:\/\/ajeandalucia.org\/jaen\/2020\/05\/06\/agencia-idea-nuevas-convocatorias-id-empresarial\/\"},\"author\":{\"name\":\"jaen\",\"@id\":\"https:\/\/ajeandalucia.org\/jaen\/#\/schema\/person\/cde0c877dad85cce36ef3275c9cdba8c\"},\"headline\":\"Agencia IDEA (nuevas convocatorias I+D Empresarial)\",\"datePublished\":\"2020-05-06T16:21:54+00:00\",\"dateModified\":\"2020-05-06T16:25:51+00:00\",\"mainEntityOfPage\":{\"@id\":\"https:\/\/ajeandalucia.org\/jaen\/2020\/05\/06\/agencia-idea-nuevas-convocatorias-id-empresarial\/\"},\"wordCount\":371,\"commentCount\":0,\"publisher\":{\"@id\":\"https:\/\/ajeandalucia.org\/jaen\/#organization\"},\"image\":{\"@id\":\"https:\/\/ajeandalucia.org\/jaen\/2020\/05\/06\/agencia-idea-nuevas-convocatorias-id-empresarial\/#primaryimage\"},\"thumbnailUrl\":\"https:\/\/ajeandalucia.org\/jaen\/wp-content\/uploads\/sites\/9\/2020\/05\/agencia-idea.jpg\",\"articleSection\":[\"Actividades\",\"Consultor\u00eda\",\"Noticias\",\"Servicios\"],\"inLanguage\":\"es\",\"potentialAction\":[{\"@type\":\"CommentAction\",\"name\":\"Comment\",\"target\":[\"https:\/\/ajeandalucia.org\/jaen\/2020\/05\/06\/agencia-idea-nuevas-convocatorias-id-empresarial\/#respond\"]}]},{\"@type\":\"WebPage\",\"@id\":\"https:\/\/ajeandalucia.org\/jaen\/2020\/05\/06\/agencia-idea-nuevas-convocatorias-id-empresarial\/\",\"url\":\"https:\/\/ajeandalucia.org\/jaen\/2020\/05\/06\/agencia-idea-nuevas-convocatorias-id-empresarial\/\",\"name\":\"Agencia IDEA (nuevas convocatorias I+D Empresarial) - AJE Ja\u00e9n\",\"isPartOf\":{\"@id\":\"https:\/\/ajeandalucia.org\/jaen\/#website\"},\"primaryImageOfPage\":{\"@id\":\"https:\/\/ajeandalucia.org\/jaen\/2020\/05\/06\/agencia-idea-nuevas-convocatorias-id-empresarial\/#primaryimage\"},\"image\":{\"@id\":\"https:\/\/ajeandalucia.org\/jaen\/2020\/05\/06\/agencia-idea-nuevas-convocatorias-id-empresarial\/#primaryimage\"},\"thumbnailUrl\":\"https:\/\/ajeandalucia.org\/jaen\/wp-content\/uploads\/sites\/9\/2020\/05\/agencia-idea.jpg\",\"datePublished\":\"2020-05-06T16:21:54+00:00\",\"dateModified\":\"2020-05-06T16:25:51+00:00\",\"breadcrumb\":{\"@id\":\"https:\/\/ajeandalucia.org\/jaen\/2020\/05\/06\/agencia-idea-nuevas-convocatorias-id-empresarial\/#breadcrumb\"},\"inLanguage\":\"es\",\"potentialAction\":[{\"@type\":\"ReadAction\",\"target\":[\"https:\/\/ajeandalucia.org\/jaen\/2020\/05\/06\/agencia-idea-nuevas-convocatorias-id-empresarial\/\"]}]},{\"@type\":\"ImageObject\",\"inLanguage\":\"es\",\"@id\":\"https:\/\/ajeandalucia.org\/jaen\/2020\/05\/06\/agencia-idea-nuevas-convocatorias-id-empresarial\/#primaryimage\",\"url\":\"https:\/\/ajeandalucia.org\/jaen\/wp-content\/uploads\/sites\/9\/2020\/05\/agencia-idea.jpg\",\"contentUrl\":\"https:\/\/ajeandalucia.org\/jaen\/wp-content\/uploads\/sites\/9\/2020\/05\/agencia-idea.jpg\",\"width\":600,\"height\":151},{\"@type\":\"BreadcrumbList\",\"@id\":\"https:\/\/ajeandalucia.org\/jaen\/2020\/05\/06\/agencia-idea-nuevas-convocatorias-id-empresarial\/#breadcrumb\",\"itemListElement\":[{\"@type\":\"ListItem\",\"position\":1,\"name\":\"Portada\",\"item\":\"https:\/\/ajeandalucia.org\/jaen\/\"},{\"@type\":\"ListItem\",\"position\":2,\"name\":\"Agencia IDEA (nuevas convocatorias I+D Empresarial)\"}]},{\"@type\":\"WebSite\",\"@id\":\"https:\/\/ajeandalucia.org\/jaen\/#website\",\"url\":\"https:\/\/ajeandalucia.org\/jaen\/\",\"name\":\"AJE Ja\u00e9n\",\"description\":\"Otro sitio m\u00e1s de AJE Andaluc\u00eda\",\"publisher\":{\"@id\":\"https:\/\/ajeandalucia.org\/jaen\/#organization\"},\"potentialAction\":[{\"@type\":\"SearchAction\",\"target\":{\"@type\":\"EntryPoint\",\"urlTemplate\":\"https:\/\/ajeandalucia.org\/jaen\/?s={search_term_string}\"},\"query-input\":{\"@type\":\"PropertyValueSpecification\",\"valueRequired\":true,\"valueName\":\"search_term_string\"}}],\"inLanguage\":\"es\"},{\"@type\":\"Organization\",\"@id\":\"https:\/\/ajeandalucia.org\/jaen\/#organization\",\"name\":\"AJE Ja\u00e9n\",\"url\":\"https:\/\/ajeandalucia.org\/jaen\/\",\"logo\":{\"@type\":\"ImageObject\",\"inLanguage\":\"es\",\"@id\":\"https:\/\/ajeandalucia.org\/jaen\/#\/schema\/logo\/image\/\",\"url\":\"https:\/\/ajeandalucia.org\/jaen\/wp-content\/uploads\/sites\/9\/2025\/01\/logotipo-aje-andalucia-jovenes-empresarios-1.png\",\"contentUrl\":\"https:\/\/ajeandalucia.org\/jaen\/wp-content\/uploads\/sites\/9\/2025\/01\/logotipo-aje-andalucia-jovenes-empresarios-1.png\",\"width\":1129,\"height\":207,\"caption\":\"AJE Ja\u00e9n\"},\"image\":{\"@id\":\"https:\/\/ajeandalucia.org\/jaen\/#\/schema\/logo\/image\/\"}},{\"@type\":\"Person\",\"@id\":\"https:\/\/ajeandalucia.org\/jaen\/#\/schema\/person\/cde0c877dad85cce36ef3275c9cdba8c\",\"name\":\"jaen\",\"image\":{\"@type\":\"ImageObject\",\"inLanguage\":\"es\",\"@id\":\"https:\/\/ajeandalucia.org\/jaen\/#\/schema\/person\/image\/\",\"url\":\"https:\/\/secure.gravatar.com\/avatar\/ed67a5b3285e30f3be2c8daa2d1ea5569f263bccad21503d9b9c7a970f13f7a4?s=96&d=mm&r=g\",\"contentUrl\":\"https:\/\/secure.gravatar.com\/avatar\/ed67a5b3285e30f3be2c8daa2d1ea5569f263bccad21503d9b9c7a970f13f7a4?s=96&d=mm&r=g\",\"caption\":\"jaen\"},\"url\":\"https:\/\/ajeandalucia.org\/jaen\/author\/jaen\/\"}]}<\/script>\n<!-- \/ Yoast SEO plugin. -->","yoast_head_json":{"title":"Agencia IDEA (nuevas convocatorias I+D Empresarial) - AJE Ja\u00e9n","robots":{"index":"index","follow":"follow","max-snippet":"max-snippet:-1","max-image-preview":"max-image-preview:large","max-video-preview":"max-video-preview:-1"},"canonical":"https:\/\/ajeandalucia.org\/jaen\/2020\/05\/06\/agencia-idea-nuevas-convocatorias-id-empresarial\/","og_locale":"es_ES","og_type":"article","og_title":"Agencia IDEA (nuevas convocatorias I+D Empresarial) - AJE Ja\u00e9n","og_description":"La nueva Agencia IDEA lanza las dos primeras convocatorias de las 5 previstas en la reactivaci\u00f3n de este tipo de [&hellip;]","og_url":"https:\/\/ajeandalucia.org\/jaen\/2020\/05\/06\/agencia-idea-nuevas-convocatorias-id-empresarial\/","og_site_name":"AJE Ja\u00e9n","article_published_time":"2020-05-06T16:21:54+00:00","article_modified_time":"2020-05-06T16:25:51+00:00","og_image":[{"width":600,"height":151,"url":"https:\/\/ajeandalucia.org\/jaen\/wp-content\/uploads\/sites\/9\/2020\/05\/agencia-idea.jpg","type":"image\/jpeg"}],"author":"jaen","twitter_card":"summary_large_image","twitter_misc":{"Escrito por":"jaen","Tiempo de lectura":"2 minutos"},"schema":{"@context":"https:\/\/schema.org","@graph":[{"@type":"Article","@id":"https:\/\/ajeandalucia.org\/jaen\/2020\/05\/06\/agencia-idea-nuevas-convocatorias-id-empresarial\/#article","isPartOf":{"@id":"https:\/\/ajeandalucia.org\/jaen\/2020\/05\/06\/agencia-idea-nuevas-convocatorias-id-empresarial\/"},"author":{"name":"jaen","@id":"https:\/\/ajeandalucia.org\/jaen\/#\/schema\/person\/cde0c877dad85cce36ef3275c9cdba8c"},"headline":"Agencia IDEA (nuevas convocatorias I+D Empresarial)","datePublished":"2020-05-06T16:21:54+00:00","dateModified":"2020-05-06T16:25:51+00:00","mainEntityOfPage":{"@id":"https:\/\/ajeandalucia.org\/jaen\/2020\/05\/06\/agencia-idea-nuevas-convocatorias-id-empresarial\/"},"wordCount":371,"commentCount":0,"publisher":{"@id":"https:\/\/ajeandalucia.org\/jaen\/#organization"},"image":{"@id":"https:\/\/ajeandalucia.org\/jaen\/2020\/05\/06\/agencia-idea-nuevas-convocatorias-id-empresarial\/#primaryimage"},"thumbnailUrl":"https:\/\/ajeandalucia.org\/jaen\/wp-content\/uploads\/sites\/9\/2020\/05\/agencia-idea.jpg","articleSection":["Actividades","Consultor\u00eda","Noticias","Servicios"],"inLanguage":"es","potentialAction":[{"@type":"CommentAction","name":"Comment","target":["https:\/\/ajeandalucia.org\/jaen\/2020\/05\/06\/agencia-idea-nuevas-convocatorias-id-empresarial\/#respond"]}]},{"@type":"WebPage","@id":"https:\/\/ajeandalucia.org\/jaen\/2020\/05\/06\/agencia-idea-nuevas-convocatorias-id-empresarial\/","url":"https:\/\/ajeandalucia.org\/jaen\/2020\/05\/06\/agencia-idea-nuevas-convocatorias-id-empresarial\/","name":"Agencia IDEA (nuevas convocatorias I+D Empresarial) - AJE Ja\u00e9n","isPartOf":{"@id":"https:\/\/ajeandalucia.org\/jaen\/#website"},"primaryImageOfPage":{"@id":"https:\/\/ajeandalucia.org\/jaen\/2020\/05\/06\/agencia-idea-nuevas-convocatorias-id-empresarial\/#primaryimage"},"image":{"@id":"https:\/\/ajeandalucia.org\/jaen\/2020\/05\/06\/agencia-idea-nuevas-convocatorias-id-empresarial\/#primaryimage"},"thumbnailUrl":"https:\/\/ajeandalucia.org\/jaen\/wp-content\/uploads\/sites\/9\/2020\/05\/agencia-idea.jpg","datePublished":"2020-05-06T16:21:54+00:00","dateModified":"2020-05-06T16:25:51+00:00","breadcrumb":{"@id":"https:\/\/ajeandalucia.org\/jaen\/2020\/05\/06\/agencia-idea-nuevas-convocatorias-id-empresarial\/#breadcrumb"},"inLanguage":"es","potentialAction":[{"@type":"ReadAction","target":["https:\/\/ajeandalucia.org\/jaen\/2020\/05\/06\/agencia-idea-nuevas-convocatorias-id-empresarial\/"]}]},{"@type":"ImageObject","inLanguage":"es","@id":"https:\/\/ajeandalucia.org\/jaen\/2020\/05\/06\/agencia-idea-nuevas-convocatorias-id-empresarial\/#primaryimage","url":"https:\/\/ajeandalucia.org\/jaen\/wp-content\/uploads\/sites\/9\/2020\/05\/agencia-idea.jpg","contentUrl":"https:\/\/ajeandalucia.org\/jaen\/wp-content\/uploads\/sites\/9\/2020\/05\/agencia-idea.jpg","width":600,"height":151},{"@type":"BreadcrumbList","@id":"https:\/\/ajeandalucia.org\/jaen\/2020\/05\/06\/agencia-idea-nuevas-convocatorias-id-empresarial\/#breadcrumb","itemListElement":[{"@type":"ListItem","position":1,"name":"Portada","item":"https:\/\/ajeandalucia.org\/jaen\/"},{"@type":"ListItem","position":2,"name":"Agencia IDEA (nuevas convocatorias I+D Empresarial)"}]},{"@type":"WebSite","@id":"https:\/\/ajeandalucia.org\/jaen\/#website","url":"https:\/\/ajeandalucia.org\/jaen\/","name":"AJE Ja\u00e9n","description":"Otro sitio m\u00e1s de AJE Andaluc\u00eda","publisher":{"@id":"https:\/\/ajeandalucia.org\/jaen\/#organization"},"potentialAction":[{"@type":"SearchAction","target":{"@type":"EntryPoint","urlTemplate":"https:\/\/ajeandalucia.org\/jaen\/?s={search_term_string}"},"query-input":{"@type":"PropertyValueSpecification","valueRequired":true,"valueName":"search_term_string"}}],"inLanguage":"es"},{"@type":"Organization","@id":"https:\/\/ajeandalucia.org\/jaen\/#organization","name":"AJE Ja\u00e9n","url":"https:\/\/ajeandalucia.org\/jaen\/","logo":{"@type":"ImageObject","inLanguage":"es","@id":"https:\/\/ajeandalucia.org\/jaen\/#\/schema\/logo\/image\/","url":"https:\/\/ajeandalucia.org\/jaen\/wp-content\/uploads\/sites\/9\/2025\/01\/logotipo-aje-andalucia-jovenes-empresarios-1.png","contentUrl":"https:\/\/ajeandalucia.org\/jaen\/wp-content\/uploads\/sites\/9\/2025\/01\/logotipo-aje-andalucia-jovenes-empresarios-1.png","width":1129,"height":207,"caption":"AJE Ja\u00e9n"},"image":{"@id":"https:\/\/ajeandalucia.org\/jaen\/#\/schema\/logo\/image\/"}},{"@type":"Person","@id":"https:\/\/ajeandalucia.org\/jaen\/#\/schema\/person\/cde0c877dad85cce36ef3275c9cdba8c","name":"jaen","image":{"@type":"ImageObject","inLanguage":"es","@id":"https:\/\/ajeandalucia.org\/jaen\/#\/schema\/person\/image\/","url":"https:\/\/secure.gravatar.com\/avatar\/ed67a5b3285e30f3be2c8daa2d1ea5569f263bccad21503d9b9c7a970f13f7a4?s=96&d=mm&r=g","contentUrl":"https:\/\/secure.gravatar.com\/avatar\/ed67a5b3285e30f3be2c8daa2d1ea5569f263bccad21503d9b9c7a970f13f7a4?s=96&d=mm&r=g","caption":"jaen"},"url":"https:\/\/ajeandalucia.org\/jaen\/author\/jaen\/"}]}},"_links":{"self":[{"href":"https:\/\/ajeandalucia.org\/jaen\/wp-json\/wp\/v2\/posts\/5666","targetHints":{"allow":["GET"]}}],"collection":[{"href":"https:\/\/ajeandalucia.org\/jaen\/wp-json\/wp\/v2\/posts"}],"about":[{"href":"https:\/\/ajeandalucia.org\/jaen\/wp-json\/wp\/v2\/types\/post"}],"author":[{"embeddable":true,"href":"https:\/\/ajeandalucia.org\/jaen\/wp-json\/wp\/v2\/users\/8"}],"replies":[{"embeddable":true,"href":"https:\/\/ajeandalucia.org\/jaen\/wp-json\/wp\/v2\/comments?post=5666"}],"version-history":[{"count":2,"href":"https:\/\/ajeandalucia.org\/jaen\/wp-json\/wp\/v2\/posts\/5666\/revisions"}],"predecessor-version":[{"id":5671,"href":"https:\/\/ajeandalucia.org\/jaen\/wp-json\/wp\/v2\/posts\/5666\/revisions\/5671"}],"wp:featuredmedia":[{"embeddable":true,"href":"https:\/\/ajeandalucia.org\/jaen\/wp-json\/wp\/v2\/media\/5667"}],"wp:attachment":[{"href":"https:\/\/ajeandalucia.org\/jaen\/wp-json\/wp\/v2\/media?parent=5666"}],"wp:term":[{"taxonomy":"category","embeddable":true,"href":"https:\/\/ajeandalucia.org\/jaen\/wp-json\/wp\/v2\/categories?post=5666"},{"taxonomy":"post_tag","embeddable":true,"href":"https:\/\/ajeandalucia.org\/jaen\/wp-json\/wp\/v2\/tags?post=5666"}],"curies":[{"name":"wp","href":"https:\/\/api.w.org\/{rel}","templated":true}]}}