{"id":5952,"date":"2020-09-01 12:59:46","date_gmt":"2020-09-01T10:59:46","guid":{"rendered":"https:\/\/www.ajeandalucia.org\/jaen\/?p=5952"},"modified":"2020-09-03T11:03:27","modified_gmt":"2020-09-03T11:03:27","slug":"blue-growth-business-plan-competition-ampliacion-del-plazo-hasta-el-4-de-septiembre","status":"publish","type":"post","link":"https:\/\/ajeandalucia.org\/jaen\/2020\/09\/01\/blue-growth-business-plan-competition-ampliacion-del-plazo-hasta-el-4-de-septiembre\/","title":{"rendered":"&#8220;Blue Growth Business Plan Competition&#8221; ampliaci\u00f3n del plazo hasta el 4 de septiembre"},"content":{"rendered":"<p>Ya se encuentra abierto el plazo para la inscripci\u00f3n de aquellas ideas o iniciativas empresariales en el entorno del sector mar\u00edtimo marino que deseen contar con apoyo para la puesta en marcha de los mismos.\u00a0En esta iniciativa colaboran\u00a0<a href=\"https:\/\/cmma.us9.list-manage.com\/track\/click?u=a09ed6936d19e5839e8de8026&amp;id=553c12f756&amp;e=bd72a70df1\">Andaluc\u00eda Emprende Fundaci\u00f3n P\u00fablica Andaluza<\/a>,\u00a0<a href=\"https:\/\/cmma.us9.list-manage.com\/track\/click?u=a09ed6936d19e5839e8de8026&amp;id=9692c96a0f&amp;e=bd72a70df1\">CEI\u00b7Mar<\/a>,\u00a0<a href=\"https:\/\/cmma.us9.list-manage.com\/track\/click?u=a09ed6936d19e5839e8de8026&amp;id=1827395f3a&amp;e=bd72a70df1\">AJE Andaluc\u00eda<\/a>,\u00a0<a href=\"https:\/\/cmma.us9.list-manage.com\/track\/click?u=a09ed6936d19e5839e8de8026&amp;id=00cc54be9c&amp;e=bd72a70df1\">AJE M\u00e1laga<\/a>\u00a0y\u00a0<a href=\"https:\/\/cmma.us9.list-manage.com\/track\/click?u=a09ed6936d19e5839e8de8026&amp;id=5a157b4251&amp;e=bd72a70df1\">LINK\u00a0by UMA-Atech<\/a><\/p>\n<p><!--more--><\/p>\n<p>El Cl\u00faster Mar\u00edtimo Marino de Andaluc\u00eda, como socio del proyecto\u00a0<a href=\"https:\/\/cmma.us9.list-manage.com\/track\/click?u=a09ed6936d19e5839e8de8026&amp;id=50872b4196&amp;e=bd72a70df1\">MISTRAL<\/a>\u00a0cofinanciado por el programa Interreg MED organiza\u00a0el concurso para ideas de negocio\u00a0<strong>\u00abBlue Growth Business Plan Competition\u00bb<\/strong>.\u00a0El objetivo de esta iniciativa es\u00a0<strong>encontrar la mejor idea de negocio relacionada con el sector mar\u00edtimo marino<\/strong>, a trav\u00e9s de un\u00a0programa de acompa\u00f1amiento en cinco fases para un m\u00e1ximo de 20 beneficiarios y que contar\u00e1 con distintos expertos del territorio\u00a0nacional en cada uno de los m\u00f3dulos, siendo estos los siguientes:<\/p>\n<p>1) El emprendimiento azul. Oportunidades de negocio en el \u00e1mbito mar\u00edtimo-marino: definiendo la idea.<\/p>\n<p>2) Dando forma a tu empresa azul. Claves para un buen plan de negocio.<\/p>\n<p>3) Estrategias de comunicaci\u00f3n y m\u00e9tricas.<\/p>\n<p>4) Oportunidades de financiaci\u00f3n para tu empresa azul.<\/p>\n<p>5) C\u00f3mo hacer un buen pitch y dejar a los inversores con la boca abierta.<br \/>\nEl objetivo de\u00a0<a href=\"https:\/\/cmma.us9.list-manage.com\/track\/click?u=a09ed6936d19e5839e8de8026&amp;id=8c4faf7c65&amp;e=bd72a70df1\">MISTRAL<\/a>\u00a0es crear una comunidad\u00a0simbi\u00f3tica y cl\u00faster transnacional en el Mediterr\u00e1neo para fomentar el crecimiento azul y ayudar a mejorar la efectividad de servicios\u00a0de apoyo innovadores as\u00ed como de transferencia de tecnolog\u00eda y creaci\u00f3n de empresas en el sector mar\u00edtimo-marino. La finalidad de\u00a0<a href=\"https:\/\/cmma.us9.list-manage.com\/track\/click?u=a09ed6936d19e5839e8de8026&amp;id=a6cc2c83c4&amp;e=bd72a70df1\">MISTRAL<\/a>\u00a0es promover un ecosistema de innovaci\u00f3n transnacional en el que las empresas, el mundo de la investigaci\u00f3n y el sector de\u00a0la formaci\u00f3n trabajen juntos para:<\/p>\n<ul>\n<li>Desarrollar acciones de innovaci\u00f3n sostenible.<\/li>\n<li>Aumentar su rendimiento en t\u00e9rminos de innovaci\u00f3n.<\/li>\n<li>Apoyar el desarrollo del esp\u00edritu emprendedor.<\/li>\n<li>Aumentar el acceso y el intercambio de conocimientos en el sector mar\u00edtimo marino.<\/li>\n<\/ul>\n<p>Bases de \u00abBlue Growth Business Plan Competition\u00bb.\u00a0<a href=\"https:\/\/cmma.us9.list-manage.com\/track\/click?u=a09ed6936d19e5839e8de8026&amp;id=a3a6040e38&amp;e=bd72a70df1\">Pincha aqu\u00ed<\/a>.<\/p>\n<p>Si deseas inscribir tu idea de negocio azul, no dudes en enviarnos un email\u00a0a <a href=\"mailto:administracion@cmma.eu\">administracion@cmma.eu<\/a>.<\/p>\n<p>&nbsp;<\/p>\n","protected":false},"excerpt":{"rendered":"<p>Ya se encuentra abierto el plazo para la inscripci\u00f3n de aquellas ideas o iniciativas empresariales en el entorno del sector [&hellip;]<\/p>\n","protected":false},"author":8,"featured_media":5951,"comment_status":"open","ping_status":"open","sticky":false,"template":"","format":"standard","meta":{"_acf_changed":false,"site-sidebar-layout":"default","site-content-layout":"","ast-site-content-layout":"default","site-content-style":"default","site-sidebar-style":"default","ast-global-header-display":"","ast-banner-title-visibility":"","ast-main-header-display":"","ast-hfb-above-header-display":"","ast-hfb-below-header-display":"","ast-hfb-mobile-header-display":"","site-post-title":"","ast-breadcrumbs-content":"","ast-featured-img":"","footer-sml-layout":"","ast-disable-related-posts":"","theme-transparent-header-meta":"","adv-header-id-meta":"","stick-header-meta":"","header-above-stick-meta":"","header-main-stick-meta":"","header-below-stick-meta":"","astra-migrate-meta-layouts":"default","ast-page-background-enabled":"default","ast-page-background-meta":{"desktop":{"background-color":"var(--ast-global-color-5)","background-image":"","background-repeat":"repeat","background-position":"center center","background-size":"auto","background-attachment":"scroll","background-type":"","background-media":"","overlay-type":"","overlay-color":"","overlay-opacity":"","overlay-gradient":""},"tablet":{"background-color":"","background-image":"","background-repeat":"repeat","background-position":"center center","background-size":"auto","background-attachment":"scroll","background-type":"","background-media":"","overlay-type":"","overlay-color":"","overlay-opacity":"","overlay-gradient":""},"mobile":{"background-color":"","background-image":"","background-repeat":"repeat","background-position":"center center","background-size":"auto","background-attachment":"scroll","background-type":"","background-media":"","overlay-type":"","overlay-color":"","overlay-opacity":"","overlay-gradient":""}},"ast-content-background-meta":{"desktop":{"background-color":"var(--ast-global-color-4)","background-image":"","background-repeat":"repeat","background-position":"center center","background-size":"auto","background-attachment":"scroll","background-type":"","background-media":"","overlay-type":"","overlay-color":"","overlay-opacity":"","overlay-gradient":""},"tablet":{"background-color":"var(--ast-global-color-4)","background-image":"","background-repeat":"repeat","background-position":"center center","background-size":"auto","background-attachment":"scroll","background-type":"","background-media":"","overlay-type":"","overlay-color":"","overlay-opacity":"","overlay-gradient":""},"mobile":{"background-color":"var(--ast-global-color-4)","background-image":"","background-repeat":"repeat","background-position":"center center","background-size":"auto","background-attachment":"scroll","background-type":"","background-media":"","overlay-type":"","overlay-color":"","overlay-opacity":"","overlay-gradient":""}},"footnotes":""},"categories":[1],"tags":[],"class_list":["post-5952","post","type-post","status-publish","format-standard","has-post-thumbnail","hentry","category-sin-categoria"],"acf":[],"yoast_head":"<!-- This site is optimized with the Yoast SEO plugin v26.9 - https:\/\/yoast.com\/product\/yoast-seo-wordpress\/ -->\n<title>&quot;Blue Growth Business Plan Competition&quot; ampliaci\u00f3n del plazo hasta el 4 de septiembre - AJE Ja\u00e9n<\/title>\n<meta name=\"robots\" content=\"index, follow, max-snippet:-1, max-image-preview:large, max-video-preview:-1\" \/>\n<link rel=\"canonical\" href=\"https:\/\/ajeandalucia.org\/jaen\/2020\/09\/01\/blue-growth-business-plan-competition-ampliacion-del-plazo-hasta-el-4-de-septiembre\/\" \/>\n<meta property=\"og:locale\" content=\"es_ES\" \/>\n<meta property=\"og:type\" content=\"article\" \/>\n<meta property=\"og:title\" content=\"&quot;Blue Growth Business Plan Competition&quot; ampliaci\u00f3n del plazo hasta el 4 de septiembre - AJE Ja\u00e9n\" \/>\n<meta property=\"og:description\" content=\"Ya se encuentra abierto el plazo para la inscripci\u00f3n de aquellas ideas o iniciativas empresariales en el entorno del sector [&hellip;]\" \/>\n<meta property=\"og:url\" content=\"https:\/\/ajeandalucia.org\/jaen\/2020\/09\/01\/blue-growth-business-plan-competition-ampliacion-del-plazo-hasta-el-4-de-septiembre\/\" \/>\n<meta property=\"og:site_name\" content=\"AJE Ja\u00e9n\" \/>\n<meta property=\"article:published_time\" content=\"2020-09-01T10:59:46+00:00\" \/>\n<meta property=\"article:modified_time\" content=\"2020-09-03T11:03:27+00:00\" \/>\n<meta property=\"og:image\" content=\"https:\/\/ajeandalucia.org\/jaen\/wp-content\/uploads\/sites\/9\/2020\/09\/cluster-1.jpg\" \/>\n\t<meta property=\"og:image:width\" content=\"3667\" \/>\n\t<meta property=\"og:image:height\" content=\"2292\" \/>\n\t<meta property=\"og:image:type\" content=\"image\/jpeg\" \/>\n<meta name=\"author\" content=\"jaen\" \/>\n<meta name=\"twitter:card\" content=\"summary_large_image\" \/>\n<meta name=\"twitter:label1\" content=\"Escrito por\" \/>\n\t<meta name=\"twitter:data1\" content=\"jaen\" \/>\n\t<meta name=\"twitter:label2\" content=\"Tiempo de lectura\" \/>\n\t<meta name=\"twitter:data2\" content=\"2 minutos\" \/>\n<script type=\"application\/ld+json\" class=\"yoast-schema-graph\">{\"@context\":\"https:\/\/schema.org\",\"@graph\":[{\"@type\":\"Article\",\"@id\":\"https:\/\/ajeandalucia.org\/jaen\/2020\/09\/01\/blue-growth-business-plan-competition-ampliacion-del-plazo-hasta-el-4-de-septiembre\/#article\",\"isPartOf\":{\"@id\":\"https:\/\/ajeandalucia.org\/jaen\/2020\/09\/01\/blue-growth-business-plan-competition-ampliacion-del-plazo-hasta-el-4-de-septiembre\/\"},\"author\":{\"name\":\"jaen\",\"@id\":\"https:\/\/ajeandalucia.org\/jaen\/#\/schema\/person\/cde0c877dad85cce36ef3275c9cdba8c\"},\"headline\":\"&#8220;Blue Growth Business Plan Competition&#8221; ampliaci\u00f3n del plazo hasta el 4 de septiembre\",\"datePublished\":\"2020-09-01T10:59:46+00:00\",\"dateModified\":\"2020-09-03T11:03:27+00:00\",\"mainEntityOfPage\":{\"@id\":\"https:\/\/ajeandalucia.org\/jaen\/2020\/09\/01\/blue-growth-business-plan-competition-ampliacion-del-plazo-hasta-el-4-de-septiembre\/\"},\"wordCount\":368,\"commentCount\":0,\"publisher\":{\"@id\":\"https:\/\/ajeandalucia.org\/jaen\/#organization\"},\"image\":{\"@id\":\"https:\/\/ajeandalucia.org\/jaen\/2020\/09\/01\/blue-growth-business-plan-competition-ampliacion-del-plazo-hasta-el-4-de-septiembre\/#primaryimage\"},\"thumbnailUrl\":\"https:\/\/ajeandalucia.org\/jaen\/wp-content\/uploads\/sites\/9\/2020\/09\/cluster-1.jpg\",\"inLanguage\":\"es\",\"potentialAction\":[{\"@type\":\"CommentAction\",\"name\":\"Comment\",\"target\":[\"https:\/\/ajeandalucia.org\/jaen\/2020\/09\/01\/blue-growth-business-plan-competition-ampliacion-del-plazo-hasta-el-4-de-septiembre\/#respond\"]}]},{\"@type\":\"WebPage\",\"@id\":\"https:\/\/ajeandalucia.org\/jaen\/2020\/09\/01\/blue-growth-business-plan-competition-ampliacion-del-plazo-hasta-el-4-de-septiembre\/\",\"url\":\"https:\/\/ajeandalucia.org\/jaen\/2020\/09\/01\/blue-growth-business-plan-competition-ampliacion-del-plazo-hasta-el-4-de-septiembre\/\",\"name\":\"\\\"Blue Growth Business Plan Competition\\\" ampliaci\u00f3n del plazo hasta el 4 de septiembre - AJE Ja\u00e9n\",\"isPartOf\":{\"@id\":\"https:\/\/ajeandalucia.org\/jaen\/#website\"},\"primaryImageOfPage\":{\"@id\":\"https:\/\/ajeandalucia.org\/jaen\/2020\/09\/01\/blue-growth-business-plan-competition-ampliacion-del-plazo-hasta-el-4-de-septiembre\/#primaryimage\"},\"image\":{\"@id\":\"https:\/\/ajeandalucia.org\/jaen\/2020\/09\/01\/blue-growth-business-plan-competition-ampliacion-del-plazo-hasta-el-4-de-septiembre\/#primaryimage\"},\"thumbnailUrl\":\"https:\/\/ajeandalucia.org\/jaen\/wp-content\/uploads\/sites\/9\/2020\/09\/cluster-1.jpg\",\"datePublished\":\"2020-09-01T10:59:46+00:00\",\"dateModified\":\"2020-09-03T11:03:27+00:00\",\"breadcrumb\":{\"@id\":\"https:\/\/ajeandalucia.org\/jaen\/2020\/09\/01\/blue-growth-business-plan-competition-ampliacion-del-plazo-hasta-el-4-de-septiembre\/#breadcrumb\"},\"inLanguage\":\"es\",\"potentialAction\":[{\"@type\":\"ReadAction\",\"target\":[\"https:\/\/ajeandalucia.org\/jaen\/2020\/09\/01\/blue-growth-business-plan-competition-ampliacion-del-plazo-hasta-el-4-de-septiembre\/\"]}]},{\"@type\":\"ImageObject\",\"inLanguage\":\"es\",\"@id\":\"https:\/\/ajeandalucia.org\/jaen\/2020\/09\/01\/blue-growth-business-plan-competition-ampliacion-del-plazo-hasta-el-4-de-septiembre\/#primaryimage\",\"url\":\"https:\/\/ajeandalucia.org\/jaen\/wp-content\/uploads\/sites\/9\/2020\/09\/cluster-1.jpg\",\"contentUrl\":\"https:\/\/ajeandalucia.org\/jaen\/wp-content\/uploads\/sites\/9\/2020\/09\/cluster-1.jpg\",\"width\":3667,\"height\":2292},{\"@type\":\"BreadcrumbList\",\"@id\":\"https:\/\/ajeandalucia.org\/jaen\/2020\/09\/01\/blue-growth-business-plan-competition-ampliacion-del-plazo-hasta-el-4-de-septiembre\/#breadcrumb\",\"itemListElement\":[{\"@type\":\"ListItem\",\"position\":1,\"name\":\"Portada\",\"item\":\"https:\/\/ajeandalucia.org\/jaen\/\"},{\"@type\":\"ListItem\",\"position\":2,\"name\":\"&#8220;Blue Growth Business Plan Competition&#8221; ampliaci\u00f3n del plazo hasta el 4 de septiembre\"}]},{\"@type\":\"WebSite\",\"@id\":\"https:\/\/ajeandalucia.org\/jaen\/#website\",\"url\":\"https:\/\/ajeandalucia.org\/jaen\/\",\"name\":\"AJE Ja\u00e9n\",\"description\":\"Otro sitio m\u00e1s de AJE Andaluc\u00eda\",\"publisher\":{\"@id\":\"https:\/\/ajeandalucia.org\/jaen\/#organization\"},\"potentialAction\":[{\"@type\":\"SearchAction\",\"target\":{\"@type\":\"EntryPoint\",\"urlTemplate\":\"https:\/\/ajeandalucia.org\/jaen\/?s={search_term_string}\"},\"query-input\":{\"@type\":\"PropertyValueSpecification\",\"valueRequired\":true,\"valueName\":\"search_term_string\"}}],\"inLanguage\":\"es\"},{\"@type\":\"Organization\",\"@id\":\"https:\/\/ajeandalucia.org\/jaen\/#organization\",\"name\":\"AJE Ja\u00e9n\",\"url\":\"https:\/\/ajeandalucia.org\/jaen\/\",\"logo\":{\"@type\":\"ImageObject\",\"inLanguage\":\"es\",\"@id\":\"https:\/\/ajeandalucia.org\/jaen\/#\/schema\/logo\/image\/\",\"url\":\"https:\/\/ajeandalucia.org\/jaen\/wp-content\/uploads\/sites\/9\/2025\/01\/logotipo-aje-andalucia-jovenes-empresarios-1.png\",\"contentUrl\":\"https:\/\/ajeandalucia.org\/jaen\/wp-content\/uploads\/sites\/9\/2025\/01\/logotipo-aje-andalucia-jovenes-empresarios-1.png\",\"width\":1129,\"height\":207,\"caption\":\"AJE Ja\u00e9n\"},\"image\":{\"@id\":\"https:\/\/ajeandalucia.org\/jaen\/#\/schema\/logo\/image\/\"}},{\"@type\":\"Person\",\"@id\":\"https:\/\/ajeandalucia.org\/jaen\/#\/schema\/person\/cde0c877dad85cce36ef3275c9cdba8c\",\"name\":\"jaen\",\"image\":{\"@type\":\"ImageObject\",\"inLanguage\":\"es\",\"@id\":\"https:\/\/ajeandalucia.org\/jaen\/#\/schema\/person\/image\/\",\"url\":\"https:\/\/secure.gravatar.com\/avatar\/ed67a5b3285e30f3be2c8daa2d1ea5569f263bccad21503d9b9c7a970f13f7a4?s=96&d=mm&r=g\",\"contentUrl\":\"https:\/\/secure.gravatar.com\/avatar\/ed67a5b3285e30f3be2c8daa2d1ea5569f263bccad21503d9b9c7a970f13f7a4?s=96&d=mm&r=g\",\"caption\":\"jaen\"},\"url\":\"https:\/\/ajeandalucia.org\/jaen\/author\/jaen\/\"}]}<\/script>\n<!-- \/ Yoast SEO plugin. -->","yoast_head_json":{"title":"\"Blue Growth Business Plan Competition\" ampliaci\u00f3n del plazo hasta el 4 de septiembre - AJE Ja\u00e9n","robots":{"index":"index","follow":"follow","max-snippet":"max-snippet:-1","max-image-preview":"max-image-preview:large","max-video-preview":"max-video-preview:-1"},"canonical":"https:\/\/ajeandalucia.org\/jaen\/2020\/09\/01\/blue-growth-business-plan-competition-ampliacion-del-plazo-hasta-el-4-de-septiembre\/","og_locale":"es_ES","og_type":"article","og_title":"\"Blue Growth Business Plan Competition\" ampliaci\u00f3n del plazo hasta el 4 de septiembre - AJE Ja\u00e9n","og_description":"Ya se encuentra abierto el plazo para la inscripci\u00f3n de aquellas ideas o iniciativas empresariales en el entorno del sector [&hellip;]","og_url":"https:\/\/ajeandalucia.org\/jaen\/2020\/09\/01\/blue-growth-business-plan-competition-ampliacion-del-plazo-hasta-el-4-de-septiembre\/","og_site_name":"AJE Ja\u00e9n","article_published_time":"2020-09-01T10:59:46+00:00","article_modified_time":"2020-09-03T11:03:27+00:00","og_image":[{"width":3667,"height":2292,"url":"https:\/\/ajeandalucia.org\/jaen\/wp-content\/uploads\/sites\/9\/2020\/09\/cluster-1.jpg","type":"image\/jpeg"}],"author":"jaen","twitter_card":"summary_large_image","twitter_misc":{"Escrito por":"jaen","Tiempo de lectura":"2 minutos"},"schema":{"@context":"https:\/\/schema.org","@graph":[{"@type":"Article","@id":"https:\/\/ajeandalucia.org\/jaen\/2020\/09\/01\/blue-growth-business-plan-competition-ampliacion-del-plazo-hasta-el-4-de-septiembre\/#article","isPartOf":{"@id":"https:\/\/ajeandalucia.org\/jaen\/2020\/09\/01\/blue-growth-business-plan-competition-ampliacion-del-plazo-hasta-el-4-de-septiembre\/"},"author":{"name":"jaen","@id":"https:\/\/ajeandalucia.org\/jaen\/#\/schema\/person\/cde0c877dad85cce36ef3275c9cdba8c"},"headline":"&#8220;Blue Growth Business Plan Competition&#8221; ampliaci\u00f3n del plazo hasta el 4 de septiembre","datePublished":"2020-09-01T10:59:46+00:00","dateModified":"2020-09-03T11:03:27+00:00","mainEntityOfPage":{"@id":"https:\/\/ajeandalucia.org\/jaen\/2020\/09\/01\/blue-growth-business-plan-competition-ampliacion-del-plazo-hasta-el-4-de-septiembre\/"},"wordCount":368,"commentCount":0,"publisher":{"@id":"https:\/\/ajeandalucia.org\/jaen\/#organization"},"image":{"@id":"https:\/\/ajeandalucia.org\/jaen\/2020\/09\/01\/blue-growth-business-plan-competition-ampliacion-del-plazo-hasta-el-4-de-septiembre\/#primaryimage"},"thumbnailUrl":"https:\/\/ajeandalucia.org\/jaen\/wp-content\/uploads\/sites\/9\/2020\/09\/cluster-1.jpg","inLanguage":"es","potentialAction":[{"@type":"CommentAction","name":"Comment","target":["https:\/\/ajeandalucia.org\/jaen\/2020\/09\/01\/blue-growth-business-plan-competition-ampliacion-del-plazo-hasta-el-4-de-septiembre\/#respond"]}]},{"@type":"WebPage","@id":"https:\/\/ajeandalucia.org\/jaen\/2020\/09\/01\/blue-growth-business-plan-competition-ampliacion-del-plazo-hasta-el-4-de-septiembre\/","url":"https:\/\/ajeandalucia.org\/jaen\/2020\/09\/01\/blue-growth-business-plan-competition-ampliacion-del-plazo-hasta-el-4-de-septiembre\/","name":"\"Blue Growth Business Plan Competition\" ampliaci\u00f3n del plazo hasta el 4 de septiembre - AJE Ja\u00e9n","isPartOf":{"@id":"https:\/\/ajeandalucia.org\/jaen\/#website"},"primaryImageOfPage":{"@id":"https:\/\/ajeandalucia.org\/jaen\/2020\/09\/01\/blue-growth-business-plan-competition-ampliacion-del-plazo-hasta-el-4-de-septiembre\/#primaryimage"},"image":{"@id":"https:\/\/ajeandalucia.org\/jaen\/2020\/09\/01\/blue-growth-business-plan-competition-ampliacion-del-plazo-hasta-el-4-de-septiembre\/#primaryimage"},"thumbnailUrl":"https:\/\/ajeandalucia.org\/jaen\/wp-content\/uploads\/sites\/9\/2020\/09\/cluster-1.jpg","datePublished":"2020-09-01T10:59:46+00:00","dateModified":"2020-09-03T11:03:27+00:00","breadcrumb":{"@id":"https:\/\/ajeandalucia.org\/jaen\/2020\/09\/01\/blue-growth-business-plan-competition-ampliacion-del-plazo-hasta-el-4-de-septiembre\/#breadcrumb"},"inLanguage":"es","potentialAction":[{"@type":"ReadAction","target":["https:\/\/ajeandalucia.org\/jaen\/2020\/09\/01\/blue-growth-business-plan-competition-ampliacion-del-plazo-hasta-el-4-de-septiembre\/"]}]},{"@type":"ImageObject","inLanguage":"es","@id":"https:\/\/ajeandalucia.org\/jaen\/2020\/09\/01\/blue-growth-business-plan-competition-ampliacion-del-plazo-hasta-el-4-de-septiembre\/#primaryimage","url":"https:\/\/ajeandalucia.org\/jaen\/wp-content\/uploads\/sites\/9\/2020\/09\/cluster-1.jpg","contentUrl":"https:\/\/ajeandalucia.org\/jaen\/wp-content\/uploads\/sites\/9\/2020\/09\/cluster-1.jpg","width":3667,"height":2292},{"@type":"BreadcrumbList","@id":"https:\/\/ajeandalucia.org\/jaen\/2020\/09\/01\/blue-growth-business-plan-competition-ampliacion-del-plazo-hasta-el-4-de-septiembre\/#breadcrumb","itemListElement":[{"@type":"ListItem","position":1,"name":"Portada","item":"https:\/\/ajeandalucia.org\/jaen\/"},{"@type":"ListItem","position":2,"name":"&#8220;Blue Growth Business Plan Competition&#8221; ampliaci\u00f3n del plazo hasta el 4 de septiembre"}]},{"@type":"WebSite","@id":"https:\/\/ajeandalucia.org\/jaen\/#website","url":"https:\/\/ajeandalucia.org\/jaen\/","name":"AJE Ja\u00e9n","description":"Otro sitio m\u00e1s de AJE Andaluc\u00eda","publisher":{"@id":"https:\/\/ajeandalucia.org\/jaen\/#organization"},"potentialAction":[{"@type":"SearchAction","target":{"@type":"EntryPoint","urlTemplate":"https:\/\/ajeandalucia.org\/jaen\/?s={search_term_string}"},"query-input":{"@type":"PropertyValueSpecification","valueRequired":true,"valueName":"search_term_string"}}],"inLanguage":"es"},{"@type":"Organization","@id":"https:\/\/ajeandalucia.org\/jaen\/#organization","name":"AJE Ja\u00e9n","url":"https:\/\/ajeandalucia.org\/jaen\/","logo":{"@type":"ImageObject","inLanguage":"es","@id":"https:\/\/ajeandalucia.org\/jaen\/#\/schema\/logo\/image\/","url":"https:\/\/ajeandalucia.org\/jaen\/wp-content\/uploads\/sites\/9\/2025\/01\/logotipo-aje-andalucia-jovenes-empresarios-1.png","contentUrl":"https:\/\/ajeandalucia.org\/jaen\/wp-content\/uploads\/sites\/9\/2025\/01\/logotipo-aje-andalucia-jovenes-empresarios-1.png","width":1129,"height":207,"caption":"AJE Ja\u00e9n"},"image":{"@id":"https:\/\/ajeandalucia.org\/jaen\/#\/schema\/logo\/image\/"}},{"@type":"Person","@id":"https:\/\/ajeandalucia.org\/jaen\/#\/schema\/person\/cde0c877dad85cce36ef3275c9cdba8c","name":"jaen","image":{"@type":"ImageObject","inLanguage":"es","@id":"https:\/\/ajeandalucia.org\/jaen\/#\/schema\/person\/image\/","url":"https:\/\/secure.gravatar.com\/avatar\/ed67a5b3285e30f3be2c8daa2d1ea5569f263bccad21503d9b9c7a970f13f7a4?s=96&d=mm&r=g","contentUrl":"https:\/\/secure.gravatar.com\/avatar\/ed67a5b3285e30f3be2c8daa2d1ea5569f263bccad21503d9b9c7a970f13f7a4?s=96&d=mm&r=g","caption":"jaen"},"url":"https:\/\/ajeandalucia.org\/jaen\/author\/jaen\/"}]}},"_links":{"self":[{"href":"https:\/\/ajeandalucia.org\/jaen\/wp-json\/wp\/v2\/posts\/5952","targetHints":{"allow":["GET"]}}],"collection":[{"href":"https:\/\/ajeandalucia.org\/jaen\/wp-json\/wp\/v2\/posts"}],"about":[{"href":"https:\/\/ajeandalucia.org\/jaen\/wp-json\/wp\/v2\/types\/post"}],"author":[{"embeddable":true,"href":"https:\/\/ajeandalucia.org\/jaen\/wp-json\/wp\/v2\/users\/8"}],"replies":[{"embeddable":true,"href":"https:\/\/ajeandalucia.org\/jaen\/wp-json\/wp\/v2\/comments?post=5952"}],"version-history":[{"count":1,"href":"https:\/\/ajeandalucia.org\/jaen\/wp-json\/wp\/v2\/posts\/5952\/revisions"}],"predecessor-version":[{"id":5953,"href":"https:\/\/ajeandalucia.org\/jaen\/wp-json\/wp\/v2\/posts\/5952\/revisions\/5953"}],"wp:featuredmedia":[{"embeddable":true,"href":"https:\/\/ajeandalucia.org\/jaen\/wp-json\/wp\/v2\/media\/5951"}],"wp:attachment":[{"href":"https:\/\/ajeandalucia.org\/jaen\/wp-json\/wp\/v2\/media?parent=5952"}],"wp:term":[{"taxonomy":"category","embeddable":true,"href":"https:\/\/ajeandalucia.org\/jaen\/wp-json\/wp\/v2\/categories?post=5952"},{"taxonomy":"post_tag","embeddable":true,"href":"https:\/\/ajeandalucia.org\/jaen\/wp-json\/wp\/v2\/tags?post=5952"}],"curies":[{"name":"wp","href":"https:\/\/api.w.org\/{rel}","templated":true}]}}