{"id":6105,"date":"2020-10-09 11:04:59","date_gmt":"2020-10-09T09:04:59","guid":{"rendered":"https:\/\/www.ajeandalucia.org\/jaen\/?p=6105"},"modified":"2020-10-09T09:04:59","modified_gmt":"2020-10-09T09:04:59","slug":"real-decreto-ley-30-2020-de-29-de-septiembre-de-medidas-sociales-en-defensa-del-empleo","status":"publish","type":"post","link":"https:\/\/ajeandalucia.org\/jaen\/2020\/10\/09\/real-decreto-ley-30-2020-de-29-de-septiembre-de-medidas-sociales-en-defensa-del-empleo\/","title":{"rendered":"Real Decreto-Ley 30\/2020, de 29 de septiembre, de medidas sociales en defensa del empleo."},"content":{"rendered":"<p><span style=\"font-size: 10.0pt;font-family: 'Verdana','sans-serif'\">Tras la publicaci\u00f3n del<a href=\"https:\/\/www.boe.es\/buscar\/doc.php?id=BOE-A-2020-11416\"> <em><b><span style=\"font-family: 'Verdana','sans-serif'\">Real Decreto-ley 30\/2020, de 29 de septiembre, de medidas sociales en defensa del empleo<\/span><\/b><\/em>,<\/a>\u00a0puedes consultar:\u00a0<\/span><!--more--><\/p>\n<p><span style=\"font-size: 10.0pt;font-family: 'Verdana','sans-serif'\">&#8211; Resumen sobre los pasos que ha de dar la empresa cuyos trabajadores sigan en ERTE a partir del 1 de octubre.\u00a0<a href=\"https:\/\/www.ajeandalucia.org\/jaen\/wp-content\/uploads\/sites\/9\/2020\/10\/Empresas-con-ERTES-a-partir-de-octubre.pdf\">Descargar PDF. <\/a>\u00a0<\/span><\/p>\n<p><span style=\"font-size: 10.0pt;font-family: 'Verdana','sans-serif'\">&#8211; Resumen de las nuevas prestaciones de cese de actividad que regula el Real Decreto ley 30\/2020.\u00a0<a href=\"https:\/\/www.ajeandalucia.org\/jaen\/wp-content\/uploads\/sites\/9\/2020\/10\/Nuevas-prestaciones-de-cese-de-actividad.pdf\">Descargar PDF.\u00a0<\/a><\/span><\/p>\n<p><span style=\"font-size: 10.0pt;font-family: 'Verdana','sans-serif'\">&#8211; Resumen con los requisitos, plazo, importe y duraci\u00f3n de la prestaci\u00f3n por cese de actividad de aut\u00f3nomos a partir de 1 de octubre.\u00a0<a href=\"https:\/\/www.ajeandalucia.org\/jaen\/wp-content\/uploads\/sites\/9\/2020\/10\/CESE-ACTIVIDAD-AUTONOMOS-cuadro-resumen.pdf\">Descargar PDF.\u00a0<\/a><\/span><\/p>\n","protected":false},"excerpt":{"rendered":"<p>Tras la publicaci\u00f3n del Real Decreto-ley 30\/2020, de 29 de septiembre, de medidas sociales en defensa del empleo,\u00a0puedes consultar:\u00a0<\/p>\n","protected":false},"author":8,"featured_media":6106,"comment_status":"open","ping_status":"open","sticky":false,"template":"","format":"standard","meta":{"_acf_changed":false,"site-sidebar-layout":"default","site-content-layout":"","ast-site-content-layout":"default","site-content-style":"default","site-sidebar-style":"default","ast-global-header-display":"","ast-banner-title-visibility":"","ast-main-header-display":"","ast-hfb-above-header-display":"","ast-hfb-below-header-display":"","ast-hfb-mobile-header-display":"","site-post-title":"","ast-breadcrumbs-content":"","ast-featured-img":"","footer-sml-layout":"","ast-disable-related-posts":"","theme-transparent-header-meta":"","adv-header-id-meta":"","stick-header-meta":"","header-above-stick-meta":"","header-main-stick-meta":"","header-below-stick-meta":"","astra-migrate-meta-layouts":"default","ast-page-background-enabled":"default","ast-page-background-meta":{"desktop":{"background-color":"var(--ast-global-color-5)","background-image":"","background-repeat":"repeat","background-position":"center center","background-size":"auto","background-attachment":"scroll","background-type":"","background-media":"","overlay-type":"","overlay-color":"","overlay-opacity":"","overlay-gradient":""},"tablet":{"background-color":"","background-image":"","background-repeat":"repeat","background-position":"center center","background-size":"auto","background-attachment":"scroll","background-type":"","background-media":"","overlay-type":"","overlay-color":"","overlay-opacity":"","overlay-gradient":""},"mobile":{"background-color":"","background-image":"","background-repeat":"repeat","background-position":"center center","background-size":"auto","background-attachment":"scroll","background-type":"","background-media":"","overlay-type":"","overlay-color":"","overlay-opacity":"","overlay-gradient":""}},"ast-content-background-meta":{"desktop":{"background-color":"var(--ast-global-color-4)","background-image":"","background-repeat":"repeat","background-position":"center center","background-size":"auto","background-attachment":"scroll","background-type":"","background-media":"","overlay-type":"","overlay-color":"","overlay-opacity":"","overlay-gradient":""},"tablet":{"background-color":"var(--ast-global-color-4)","background-image":"","background-repeat":"repeat","background-position":"center center","background-size":"auto","background-attachment":"scroll","background-type":"","background-media":"","overlay-type":"","overlay-color":"","overlay-opacity":"","overlay-gradient":""},"mobile":{"background-color":"var(--ast-global-color-4)","background-image":"","background-repeat":"repeat","background-position":"center center","background-size":"auto","background-attachment":"scroll","background-type":"","background-media":"","overlay-type":"","overlay-color":"","overlay-opacity":"","overlay-gradient":""}},"footnotes":""},"categories":[50,8],"tags":[],"class_list":["post-6105","post","type-post","status-publish","format-standard","has-post-thumbnail","hentry","category-consultoria","category-noticias"],"acf":[],"yoast_head":"<!-- This site is optimized with the Yoast SEO plugin v26.9 - https:\/\/yoast.com\/product\/yoast-seo-wordpress\/ -->\n<title>Real Decreto-Ley 30\/2020, de 29 de septiembre, de medidas sociales en defensa del empleo. - AJE Ja\u00e9n<\/title>\n<meta name=\"robots\" content=\"index, follow, max-snippet:-1, max-image-preview:large, max-video-preview:-1\" \/>\n<link rel=\"canonical\" href=\"https:\/\/ajeandalucia.org\/jaen\/2020\/10\/09\/real-decreto-ley-30-2020-de-29-de-septiembre-de-medidas-sociales-en-defensa-del-empleo\/\" \/>\n<meta property=\"og:locale\" content=\"es_ES\" \/>\n<meta property=\"og:type\" content=\"article\" \/>\n<meta property=\"og:title\" content=\"Real Decreto-Ley 30\/2020, de 29 de septiembre, de medidas sociales en defensa del empleo. - AJE Ja\u00e9n\" \/>\n<meta property=\"og:description\" content=\"Tras la publicaci\u00f3n del Real Decreto-ley 30\/2020, de 29 de septiembre, de medidas sociales en defensa del empleo,\u00a0puedes consultar:\u00a0\" \/>\n<meta property=\"og:url\" content=\"https:\/\/ajeandalucia.org\/jaen\/2020\/10\/09\/real-decreto-ley-30-2020-de-29-de-septiembre-de-medidas-sociales-en-defensa-del-empleo\/\" \/>\n<meta property=\"og:site_name\" content=\"AJE Ja\u00e9n\" \/>\n<meta property=\"article:published_time\" content=\"2020-10-09T09:04:59+00:00\" \/>\n<meta property=\"og:image\" content=\"https:\/\/ajeandalucia.org\/jaen\/wp-content\/uploads\/sites\/9\/2020\/10\/CONDICIONES-DE-LOS-NUEVOS-ERTES.jpg\" \/>\n\t<meta property=\"og:image:width\" content=\"960\" \/>\n\t<meta property=\"og:image:height\" content=\"840\" \/>\n\t<meta property=\"og:image:type\" content=\"image\/jpeg\" \/>\n<meta name=\"author\" content=\"jaen\" \/>\n<meta name=\"twitter:card\" content=\"summary_large_image\" \/>\n<meta name=\"twitter:label1\" content=\"Escrito por\" \/>\n\t<meta name=\"twitter:data1\" content=\"jaen\" \/>\n<script type=\"application\/ld+json\" class=\"yoast-schema-graph\">{\"@context\":\"https:\/\/schema.org\",\"@graph\":[{\"@type\":\"Article\",\"@id\":\"https:\/\/ajeandalucia.org\/jaen\/2020\/10\/09\/real-decreto-ley-30-2020-de-29-de-septiembre-de-medidas-sociales-en-defensa-del-empleo\/#article\",\"isPartOf\":{\"@id\":\"https:\/\/ajeandalucia.org\/jaen\/2020\/10\/09\/real-decreto-ley-30-2020-de-29-de-septiembre-de-medidas-sociales-en-defensa-del-empleo\/\"},\"author\":{\"name\":\"jaen\",\"@id\":\"https:\/\/ajeandalucia.org\/jaen\/#\/schema\/person\/cde0c877dad85cce36ef3275c9cdba8c\"},\"headline\":\"Real Decreto-Ley 30\/2020, de 29 de septiembre, de medidas sociales en defensa del empleo.\",\"datePublished\":\"2020-10-09T09:04:59+00:00\",\"mainEntityOfPage\":{\"@id\":\"https:\/\/ajeandalucia.org\/jaen\/2020\/10\/09\/real-decreto-ley-30-2020-de-29-de-septiembre-de-medidas-sociales-en-defensa-del-empleo\/\"},\"wordCount\":100,\"commentCount\":0,\"publisher\":{\"@id\":\"https:\/\/ajeandalucia.org\/jaen\/#organization\"},\"image\":{\"@id\":\"https:\/\/ajeandalucia.org\/jaen\/2020\/10\/09\/real-decreto-ley-30-2020-de-29-de-septiembre-de-medidas-sociales-en-defensa-del-empleo\/#primaryimage\"},\"thumbnailUrl\":\"https:\/\/ajeandalucia.org\/jaen\/wp-content\/uploads\/sites\/9\/2020\/10\/CONDICIONES-DE-LOS-NUEVOS-ERTES.jpg\",\"articleSection\":[\"Consultor\u00eda\",\"Noticias\"],\"inLanguage\":\"es\",\"potentialAction\":[{\"@type\":\"CommentAction\",\"name\":\"Comment\",\"target\":[\"https:\/\/ajeandalucia.org\/jaen\/2020\/10\/09\/real-decreto-ley-30-2020-de-29-de-septiembre-de-medidas-sociales-en-defensa-del-empleo\/#respond\"]}]},{\"@type\":\"WebPage\",\"@id\":\"https:\/\/ajeandalucia.org\/jaen\/2020\/10\/09\/real-decreto-ley-30-2020-de-29-de-septiembre-de-medidas-sociales-en-defensa-del-empleo\/\",\"url\":\"https:\/\/ajeandalucia.org\/jaen\/2020\/10\/09\/real-decreto-ley-30-2020-de-29-de-septiembre-de-medidas-sociales-en-defensa-del-empleo\/\",\"name\":\"Real Decreto-Ley 30\/2020, de 29 de septiembre, de medidas sociales en defensa del empleo. - AJE Ja\u00e9n\",\"isPartOf\":{\"@id\":\"https:\/\/ajeandalucia.org\/jaen\/#website\"},\"primaryImageOfPage\":{\"@id\":\"https:\/\/ajeandalucia.org\/jaen\/2020\/10\/09\/real-decreto-ley-30-2020-de-29-de-septiembre-de-medidas-sociales-en-defensa-del-empleo\/#primaryimage\"},\"image\":{\"@id\":\"https:\/\/ajeandalucia.org\/jaen\/2020\/10\/09\/real-decreto-ley-30-2020-de-29-de-septiembre-de-medidas-sociales-en-defensa-del-empleo\/#primaryimage\"},\"thumbnailUrl\":\"https:\/\/ajeandalucia.org\/jaen\/wp-content\/uploads\/sites\/9\/2020\/10\/CONDICIONES-DE-LOS-NUEVOS-ERTES.jpg\",\"datePublished\":\"2020-10-09T09:04:59+00:00\",\"breadcrumb\":{\"@id\":\"https:\/\/ajeandalucia.org\/jaen\/2020\/10\/09\/real-decreto-ley-30-2020-de-29-de-septiembre-de-medidas-sociales-en-defensa-del-empleo\/#breadcrumb\"},\"inLanguage\":\"es\",\"potentialAction\":[{\"@type\":\"ReadAction\",\"target\":[\"https:\/\/ajeandalucia.org\/jaen\/2020\/10\/09\/real-decreto-ley-30-2020-de-29-de-septiembre-de-medidas-sociales-en-defensa-del-empleo\/\"]}]},{\"@type\":\"ImageObject\",\"inLanguage\":\"es\",\"@id\":\"https:\/\/ajeandalucia.org\/jaen\/2020\/10\/09\/real-decreto-ley-30-2020-de-29-de-septiembre-de-medidas-sociales-en-defensa-del-empleo\/#primaryimage\",\"url\":\"https:\/\/ajeandalucia.org\/jaen\/wp-content\/uploads\/sites\/9\/2020\/10\/CONDICIONES-DE-LOS-NUEVOS-ERTES.jpg\",\"contentUrl\":\"https:\/\/ajeandalucia.org\/jaen\/wp-content\/uploads\/sites\/9\/2020\/10\/CONDICIONES-DE-LOS-NUEVOS-ERTES.jpg\",\"width\":960,\"height\":840},{\"@type\":\"BreadcrumbList\",\"@id\":\"https:\/\/ajeandalucia.org\/jaen\/2020\/10\/09\/real-decreto-ley-30-2020-de-29-de-septiembre-de-medidas-sociales-en-defensa-del-empleo\/#breadcrumb\",\"itemListElement\":[{\"@type\":\"ListItem\",\"position\":1,\"name\":\"Portada\",\"item\":\"https:\/\/ajeandalucia.org\/jaen\/\"},{\"@type\":\"ListItem\",\"position\":2,\"name\":\"Real Decreto-Ley 30\/2020, de 29 de septiembre, de medidas sociales en defensa del empleo.\"}]},{\"@type\":\"WebSite\",\"@id\":\"https:\/\/ajeandalucia.org\/jaen\/#website\",\"url\":\"https:\/\/ajeandalucia.org\/jaen\/\",\"name\":\"AJE Ja\u00e9n\",\"description\":\"Otro sitio m\u00e1s de AJE Andaluc\u00eda\",\"publisher\":{\"@id\":\"https:\/\/ajeandalucia.org\/jaen\/#organization\"},\"potentialAction\":[{\"@type\":\"SearchAction\",\"target\":{\"@type\":\"EntryPoint\",\"urlTemplate\":\"https:\/\/ajeandalucia.org\/jaen\/?s={search_term_string}\"},\"query-input\":{\"@type\":\"PropertyValueSpecification\",\"valueRequired\":true,\"valueName\":\"search_term_string\"}}],\"inLanguage\":\"es\"},{\"@type\":\"Organization\",\"@id\":\"https:\/\/ajeandalucia.org\/jaen\/#organization\",\"name\":\"AJE Ja\u00e9n\",\"url\":\"https:\/\/ajeandalucia.org\/jaen\/\",\"logo\":{\"@type\":\"ImageObject\",\"inLanguage\":\"es\",\"@id\":\"https:\/\/ajeandalucia.org\/jaen\/#\/schema\/logo\/image\/\",\"url\":\"https:\/\/ajeandalucia.org\/jaen\/wp-content\/uploads\/sites\/9\/2025\/01\/logotipo-aje-andalucia-jovenes-empresarios-1.png\",\"contentUrl\":\"https:\/\/ajeandalucia.org\/jaen\/wp-content\/uploads\/sites\/9\/2025\/01\/logotipo-aje-andalucia-jovenes-empresarios-1.png\",\"width\":1129,\"height\":207,\"caption\":\"AJE Ja\u00e9n\"},\"image\":{\"@id\":\"https:\/\/ajeandalucia.org\/jaen\/#\/schema\/logo\/image\/\"}},{\"@type\":\"Person\",\"@id\":\"https:\/\/ajeandalucia.org\/jaen\/#\/schema\/person\/cde0c877dad85cce36ef3275c9cdba8c\",\"name\":\"jaen\",\"image\":{\"@type\":\"ImageObject\",\"inLanguage\":\"es\",\"@id\":\"https:\/\/ajeandalucia.org\/jaen\/#\/schema\/person\/image\/\",\"url\":\"https:\/\/secure.gravatar.com\/avatar\/ed67a5b3285e30f3be2c8daa2d1ea5569f263bccad21503d9b9c7a970f13f7a4?s=96&d=mm&r=g\",\"contentUrl\":\"https:\/\/secure.gravatar.com\/avatar\/ed67a5b3285e30f3be2c8daa2d1ea5569f263bccad21503d9b9c7a970f13f7a4?s=96&d=mm&r=g\",\"caption\":\"jaen\"},\"url\":\"https:\/\/ajeandalucia.org\/jaen\/author\/jaen\/\"}]}<\/script>\n<!-- \/ Yoast SEO plugin. -->","yoast_head_json":{"title":"Real Decreto-Ley 30\/2020, de 29 de septiembre, de medidas sociales en defensa del empleo. - AJE Ja\u00e9n","robots":{"index":"index","follow":"follow","max-snippet":"max-snippet:-1","max-image-preview":"max-image-preview:large","max-video-preview":"max-video-preview:-1"},"canonical":"https:\/\/ajeandalucia.org\/jaen\/2020\/10\/09\/real-decreto-ley-30-2020-de-29-de-septiembre-de-medidas-sociales-en-defensa-del-empleo\/","og_locale":"es_ES","og_type":"article","og_title":"Real Decreto-Ley 30\/2020, de 29 de septiembre, de medidas sociales en defensa del empleo. - AJE Ja\u00e9n","og_description":"Tras la publicaci\u00f3n del Real Decreto-ley 30\/2020, de 29 de septiembre, de medidas sociales en defensa del empleo,\u00a0puedes consultar:\u00a0","og_url":"https:\/\/ajeandalucia.org\/jaen\/2020\/10\/09\/real-decreto-ley-30-2020-de-29-de-septiembre-de-medidas-sociales-en-defensa-del-empleo\/","og_site_name":"AJE Ja\u00e9n","article_published_time":"2020-10-09T09:04:59+00:00","og_image":[{"width":960,"height":840,"url":"https:\/\/ajeandalucia.org\/jaen\/wp-content\/uploads\/sites\/9\/2020\/10\/CONDICIONES-DE-LOS-NUEVOS-ERTES.jpg","type":"image\/jpeg"}],"author":"jaen","twitter_card":"summary_large_image","twitter_misc":{"Escrito por":"jaen"},"schema":{"@context":"https:\/\/schema.org","@graph":[{"@type":"Article","@id":"https:\/\/ajeandalucia.org\/jaen\/2020\/10\/09\/real-decreto-ley-30-2020-de-29-de-septiembre-de-medidas-sociales-en-defensa-del-empleo\/#article","isPartOf":{"@id":"https:\/\/ajeandalucia.org\/jaen\/2020\/10\/09\/real-decreto-ley-30-2020-de-29-de-septiembre-de-medidas-sociales-en-defensa-del-empleo\/"},"author":{"name":"jaen","@id":"https:\/\/ajeandalucia.org\/jaen\/#\/schema\/person\/cde0c877dad85cce36ef3275c9cdba8c"},"headline":"Real Decreto-Ley 30\/2020, de 29 de septiembre, de medidas sociales en defensa del empleo.","datePublished":"2020-10-09T09:04:59+00:00","mainEntityOfPage":{"@id":"https:\/\/ajeandalucia.org\/jaen\/2020\/10\/09\/real-decreto-ley-30-2020-de-29-de-septiembre-de-medidas-sociales-en-defensa-del-empleo\/"},"wordCount":100,"commentCount":0,"publisher":{"@id":"https:\/\/ajeandalucia.org\/jaen\/#organization"},"image":{"@id":"https:\/\/ajeandalucia.org\/jaen\/2020\/10\/09\/real-decreto-ley-30-2020-de-29-de-septiembre-de-medidas-sociales-en-defensa-del-empleo\/#primaryimage"},"thumbnailUrl":"https:\/\/ajeandalucia.org\/jaen\/wp-content\/uploads\/sites\/9\/2020\/10\/CONDICIONES-DE-LOS-NUEVOS-ERTES.jpg","articleSection":["Consultor\u00eda","Noticias"],"inLanguage":"es","potentialAction":[{"@type":"CommentAction","name":"Comment","target":["https:\/\/ajeandalucia.org\/jaen\/2020\/10\/09\/real-decreto-ley-30-2020-de-29-de-septiembre-de-medidas-sociales-en-defensa-del-empleo\/#respond"]}]},{"@type":"WebPage","@id":"https:\/\/ajeandalucia.org\/jaen\/2020\/10\/09\/real-decreto-ley-30-2020-de-29-de-septiembre-de-medidas-sociales-en-defensa-del-empleo\/","url":"https:\/\/ajeandalucia.org\/jaen\/2020\/10\/09\/real-decreto-ley-30-2020-de-29-de-septiembre-de-medidas-sociales-en-defensa-del-empleo\/","name":"Real Decreto-Ley 30\/2020, de 29 de septiembre, de medidas sociales en defensa del empleo. - AJE Ja\u00e9n","isPartOf":{"@id":"https:\/\/ajeandalucia.org\/jaen\/#website"},"primaryImageOfPage":{"@id":"https:\/\/ajeandalucia.org\/jaen\/2020\/10\/09\/real-decreto-ley-30-2020-de-29-de-septiembre-de-medidas-sociales-en-defensa-del-empleo\/#primaryimage"},"image":{"@id":"https:\/\/ajeandalucia.org\/jaen\/2020\/10\/09\/real-decreto-ley-30-2020-de-29-de-septiembre-de-medidas-sociales-en-defensa-del-empleo\/#primaryimage"},"thumbnailUrl":"https:\/\/ajeandalucia.org\/jaen\/wp-content\/uploads\/sites\/9\/2020\/10\/CONDICIONES-DE-LOS-NUEVOS-ERTES.jpg","datePublished":"2020-10-09T09:04:59+00:00","breadcrumb":{"@id":"https:\/\/ajeandalucia.org\/jaen\/2020\/10\/09\/real-decreto-ley-30-2020-de-29-de-septiembre-de-medidas-sociales-en-defensa-del-empleo\/#breadcrumb"},"inLanguage":"es","potentialAction":[{"@type":"ReadAction","target":["https:\/\/ajeandalucia.org\/jaen\/2020\/10\/09\/real-decreto-ley-30-2020-de-29-de-septiembre-de-medidas-sociales-en-defensa-del-empleo\/"]}]},{"@type":"ImageObject","inLanguage":"es","@id":"https:\/\/ajeandalucia.org\/jaen\/2020\/10\/09\/real-decreto-ley-30-2020-de-29-de-septiembre-de-medidas-sociales-en-defensa-del-empleo\/#primaryimage","url":"https:\/\/ajeandalucia.org\/jaen\/wp-content\/uploads\/sites\/9\/2020\/10\/CONDICIONES-DE-LOS-NUEVOS-ERTES.jpg","contentUrl":"https:\/\/ajeandalucia.org\/jaen\/wp-content\/uploads\/sites\/9\/2020\/10\/CONDICIONES-DE-LOS-NUEVOS-ERTES.jpg","width":960,"height":840},{"@type":"BreadcrumbList","@id":"https:\/\/ajeandalucia.org\/jaen\/2020\/10\/09\/real-decreto-ley-30-2020-de-29-de-septiembre-de-medidas-sociales-en-defensa-del-empleo\/#breadcrumb","itemListElement":[{"@type":"ListItem","position":1,"name":"Portada","item":"https:\/\/ajeandalucia.org\/jaen\/"},{"@type":"ListItem","position":2,"name":"Real Decreto-Ley 30\/2020, de 29 de septiembre, de medidas sociales en defensa del empleo."}]},{"@type":"WebSite","@id":"https:\/\/ajeandalucia.org\/jaen\/#website","url":"https:\/\/ajeandalucia.org\/jaen\/","name":"AJE Ja\u00e9n","description":"Otro sitio m\u00e1s de AJE Andaluc\u00eda","publisher":{"@id":"https:\/\/ajeandalucia.org\/jaen\/#organization"},"potentialAction":[{"@type":"SearchAction","target":{"@type":"EntryPoint","urlTemplate":"https:\/\/ajeandalucia.org\/jaen\/?s={search_term_string}"},"query-input":{"@type":"PropertyValueSpecification","valueRequired":true,"valueName":"search_term_string"}}],"inLanguage":"es"},{"@type":"Organization","@id":"https:\/\/ajeandalucia.org\/jaen\/#organization","name":"AJE Ja\u00e9n","url":"https:\/\/ajeandalucia.org\/jaen\/","logo":{"@type":"ImageObject","inLanguage":"es","@id":"https:\/\/ajeandalucia.org\/jaen\/#\/schema\/logo\/image\/","url":"https:\/\/ajeandalucia.org\/jaen\/wp-content\/uploads\/sites\/9\/2025\/01\/logotipo-aje-andalucia-jovenes-empresarios-1.png","contentUrl":"https:\/\/ajeandalucia.org\/jaen\/wp-content\/uploads\/sites\/9\/2025\/01\/logotipo-aje-andalucia-jovenes-empresarios-1.png","width":1129,"height":207,"caption":"AJE Ja\u00e9n"},"image":{"@id":"https:\/\/ajeandalucia.org\/jaen\/#\/schema\/logo\/image\/"}},{"@type":"Person","@id":"https:\/\/ajeandalucia.org\/jaen\/#\/schema\/person\/cde0c877dad85cce36ef3275c9cdba8c","name":"jaen","image":{"@type":"ImageObject","inLanguage":"es","@id":"https:\/\/ajeandalucia.org\/jaen\/#\/schema\/person\/image\/","url":"https:\/\/secure.gravatar.com\/avatar\/ed67a5b3285e30f3be2c8daa2d1ea5569f263bccad21503d9b9c7a970f13f7a4?s=96&d=mm&r=g","contentUrl":"https:\/\/secure.gravatar.com\/avatar\/ed67a5b3285e30f3be2c8daa2d1ea5569f263bccad21503d9b9c7a970f13f7a4?s=96&d=mm&r=g","caption":"jaen"},"url":"https:\/\/ajeandalucia.org\/jaen\/author\/jaen\/"}]}},"_links":{"self":[{"href":"https:\/\/ajeandalucia.org\/jaen\/wp-json\/wp\/v2\/posts\/6105","targetHints":{"allow":["GET"]}}],"collection":[{"href":"https:\/\/ajeandalucia.org\/jaen\/wp-json\/wp\/v2\/posts"}],"about":[{"href":"https:\/\/ajeandalucia.org\/jaen\/wp-json\/wp\/v2\/types\/post"}],"author":[{"embeddable":true,"href":"https:\/\/ajeandalucia.org\/jaen\/wp-json\/wp\/v2\/users\/8"}],"replies":[{"embeddable":true,"href":"https:\/\/ajeandalucia.org\/jaen\/wp-json\/wp\/v2\/comments?post=6105"}],"version-history":[{"count":2,"href":"https:\/\/ajeandalucia.org\/jaen\/wp-json\/wp\/v2\/posts\/6105\/revisions"}],"predecessor-version":[{"id":6114,"href":"https:\/\/ajeandalucia.org\/jaen\/wp-json\/wp\/v2\/posts\/6105\/revisions\/6114"}],"wp:featuredmedia":[{"embeddable":true,"href":"https:\/\/ajeandalucia.org\/jaen\/wp-json\/wp\/v2\/media\/6106"}],"wp:attachment":[{"href":"https:\/\/ajeandalucia.org\/jaen\/wp-json\/wp\/v2\/media?parent=6105"}],"wp:term":[{"taxonomy":"category","embeddable":true,"href":"https:\/\/ajeandalucia.org\/jaen\/wp-json\/wp\/v2\/categories?post=6105"},{"taxonomy":"post_tag","embeddable":true,"href":"https:\/\/ajeandalucia.org\/jaen\/wp-json\/wp\/v2\/tags?post=6105"}],"curies":[{"name":"wp","href":"https:\/\/api.w.org\/{rel}","templated":true}]}}