{"id":6173,"date":"2020-10-22 10:56:38","date_gmt":"2020-10-22T08:56:38","guid":{"rendered":"https:\/\/www.ajeandalucia.org\/jaen\/?p=6173"},"modified":"2020-10-30T12:13:07","modified_gmt":"2020-10-30T12:13:07","slug":"convocatoria-de-ayudas-previstas-en-las-estrategias-de-desarrollo-local-leader-en-el-marco-de-la-submedida-19-2-del-programa-de-desarrollo-rural-de-andalucia-2014-2020-submedida-19-2","status":"publish","type":"post","link":"https:\/\/ajeandalucia.org\/jaen\/2020\/10\/22\/convocatoria-de-ayudas-previstas-en-las-estrategias-de-desarrollo-local-leader-en-el-marco-de-la-submedida-19-2-del-programa-de-desarrollo-rural-de-andalucia-2014-2020-submedida-19-2\/","title":{"rendered":"Ayudas previstas en las Estrategias de Desarrollo Local Leader"},"content":{"rendered":"<h3 style=\"text-align: center\">Concesi\u00f3n de las Ayudas de la Submedida 19.2 LEADER<\/h3>\n<p><!--more--><\/p>\n<p><span style=\"color: #000000\">Publicado en<\/span> <a href=\"https:\/\/www.juntadeandalucia.es\/boja\/2020\/203\/3\">BOJA 203 Resoluci\u00f3n de 13 de octubre de 2020, de la Direcci\u00f3n General de Industrias, Innovaci\u00f3n y Cadena Agroalimentaria<\/a>, <span style=\"color: #000000\">por la que se convocan las ayudas previstas en la Orden de 23 de noviembre de 2017, por la que se aprueban las bases reguladoras para la concesi\u00f3n de las ayudas de la <strong><u>submedida 19.2 LEADER<\/u><\/strong> correspondientes a la <strong>CONVOCATORIA ANUALIDAD 2020 \u2013 1\u00ba PERIODO <\/strong>(3\u00aa que se convoca en este Marco Comunitario 2014-20).<\/span><\/p>\n<p><span style=\"color: #000000\">La\u00a0<strong>submedida 19.2<\/strong>\u00a0est\u00e1 destinada a conceder subvenciones para apoyar la ejecuci\u00f3n de proyectos en el marco de las l\u00edneas de ayudas incluidas en los\u00a0<strong>Planes de Acci\u00f3n definidos de las Estrategias de Desarrollo Local (EDL) de las Zonas Rurales Leader.<\/strong><\/span><\/p>\n<p><span style=\"color: #000000\">Las ayudas van dirigidas al desarrollo de\u00a0<strong>proyectos de gran diversidad para el fomento del empleo, el crecimiento econ\u00f3mico, la innovaci\u00f3n, la conservaci\u00f3n y protecci\u00f3n medioambiental y patrimonial, y a la mejora de la calidad de vida, repercutiendo de manera directa en el desarrollo integral de los territorios rurales de Andaluc\u00eda<\/strong>. Las personas beneficiarias pueden ser personas f\u00edsicas o empresas, p\u00fablicas o privadas, adem\u00e1s de los propios<\/span><strong><a href=\"https:\/\/www.juntadeandalucia.es\/organismos\/agriculturaganaderiapescaydesarrollosostenible\/areas\/desarrollo-rural\/paginas\/ayudas-leader-submedida-19-2-gdr-jaen.html\"> Grupos de Desarrollo Rural.<\/a><\/strong><\/p>\n<p><span style=\"color: #000000\">Puedes consultar<\/span> <strong><a href=\"https:\/\/www.ajeandalucia.org\/jaen\/wp-content\/uploads\/sites\/9\/2020\/10\/PRESUPUESTO-CONVOCADO-2020_ayudas.pdf\">AQU\u00cd las l\u00edneas de ayudas<\/a>\u00a0<\/strong><span style=\"color: #000000\">convocadas y la dotaci\u00f3n presupuestaria de cada una de ellas en la provincia de Ja\u00e9n.<\/span><\/p>\n<p><strong><br \/>\n<span style=\"color: #000000\">Las entidades\/personas BENEFICIARIAS<\/span><\/strong><span style=\"color: #000000\"> de estas ayudas son:<\/span><\/p>\n<ul>\n<li><span style=\"color: #000000\">En el caso de <strong><u>proyectos PRODUCTIVOS:<\/u><\/strong> las <strong><u>PYMES o personas que vayan a iniciar una actividad econ\u00f3mica mediante la puesta en marcha de una PYME<\/u><\/strong>, intensidad m\u00e1xima del incentivo <strong>50%<\/strong> sobre coste elegible (IVA no elegible si es recuperable).<\/span><\/li>\n<li><span style=\"color: #000000\">En el caso de <strong><u>proyectos NO PRODUCTIVOS<\/u><\/strong>: ser\u00e1n <strong><u>entidades p\u00fablicas o privadas sin \u00e1nimo de lucro<\/u><\/strong>, intensidad m\u00e1xima del incentivo <strong>90%<\/strong> entidades privadas sin \u00e1nimo de lucro, <strong>100%<\/strong> entidades p\u00fablicas sobre coste elegible (IVA elegible si NO es recuperable).<\/span><\/li>\n<\/ul>\n<p><span style=\"color: #000000\"><strong><u>PLAZO DE PRESENTACI\u00d3N DE SOLICITUDES<\/u><\/strong> \u2013 desde el <strong><u>20 de octubre hasta el 19 de diciembre de 2020<\/u><\/strong><\/span><\/p>\n<p><span style=\"color: #000000\"><strong>\u00a0<\/strong><\/span><\/p>\n<p><strong><u>TRAMITACI\u00d3N ELECTR\u00d3NICA<\/u><\/strong>\u00a0pulsando <a href=\"https:\/\/www.juntadeandalucia.es\/organismos\/agriculturaganaderiapescaydesarrollosostenible\/servicios\/procedimientos\/detalle\/22738\/como-solicitar.html\"><strong>AQU\u00cd.\u00a0<\/strong><\/a><\/p>\n","protected":false},"excerpt":{"rendered":"<p>Concesi\u00f3n de las Ayudas de la Submedida 19.2 LEADER<\/p>\n","protected":false},"author":8,"featured_media":6174,"comment_status":"open","ping_status":"open","sticky":false,"template":"","format":"standard","meta":{"_acf_changed":false,"site-sidebar-layout":"default","site-content-layout":"","ast-site-content-layout":"default","site-content-style":"default","site-sidebar-style":"default","ast-global-header-display":"","ast-banner-title-visibility":"","ast-main-header-display":"","ast-hfb-above-header-display":"","ast-hfb-below-header-display":"","ast-hfb-mobile-header-display":"","site-post-title":"","ast-breadcrumbs-content":"","ast-featured-img":"","footer-sml-layout":"","ast-disable-related-posts":"","theme-transparent-header-meta":"","adv-header-id-meta":"","stick-header-meta":"","header-above-stick-meta":"","header-main-stick-meta":"","header-below-stick-meta":"","astra-migrate-meta-layouts":"default","ast-page-background-enabled":"default","ast-page-background-meta":{"desktop":{"background-color":"var(--ast-global-color-5)","background-image":"","background-repeat":"repeat","background-position":"center center","background-size":"auto","background-attachment":"scroll","background-type":"","background-media":"","overlay-type":"","overlay-color":"","overlay-opacity":"","overlay-gradient":""},"tablet":{"background-color":"","background-image":"","background-repeat":"repeat","background-position":"center center","background-size":"auto","background-attachment":"scroll","background-type":"","background-media":"","overlay-type":"","overlay-color":"","overlay-opacity":"","overlay-gradient":""},"mobile":{"background-color":"","background-image":"","background-repeat":"repeat","background-position":"center center","background-size":"auto","background-attachment":"scroll","background-type":"","background-media":"","overlay-type":"","overlay-color":"","overlay-opacity":"","overlay-gradient":""}},"ast-content-background-meta":{"desktop":{"background-color":"var(--ast-global-color-4)","background-image":"","background-repeat":"repeat","background-position":"center center","background-size":"auto","background-attachment":"scroll","background-type":"","background-media":"","overlay-type":"","overlay-color":"","overlay-opacity":"","overlay-gradient":""},"tablet":{"background-color":"var(--ast-global-color-4)","background-image":"","background-repeat":"repeat","background-position":"center center","background-size":"auto","background-attachment":"scroll","background-type":"","background-media":"","overlay-type":"","overlay-color":"","overlay-opacity":"","overlay-gradient":""},"mobile":{"background-color":"var(--ast-global-color-4)","background-image":"","background-repeat":"repeat","background-position":"center center","background-size":"auto","background-attachment":"scroll","background-type":"","background-media":"","overlay-type":"","overlay-color":"","overlay-opacity":"","overlay-gradient":""}},"footnotes":""},"categories":[60,50,8,53],"tags":[],"class_list":["post-6173","post","type-post","status-publish","format-standard","has-post-thumbnail","hentry","category-actividades","category-consultoria","category-noticias","category-servicios"],"acf":[],"yoast_head":"<!-- This site is optimized with the Yoast SEO plugin v26.9 - https:\/\/yoast.com\/product\/yoast-seo-wordpress\/ -->\n<title>Ayudas previstas en las Estrategias de Desarrollo Local Leader - AJE Ja\u00e9n<\/title>\n<meta name=\"robots\" content=\"index, follow, max-snippet:-1, max-image-preview:large, max-video-preview:-1\" \/>\n<link rel=\"canonical\" href=\"https:\/\/ajeandalucia.org\/jaen\/2020\/10\/22\/convocatoria-de-ayudas-previstas-en-las-estrategias-de-desarrollo-local-leader-en-el-marco-de-la-submedida-19-2-del-programa-de-desarrollo-rural-de-andalucia-2014-2020-submedida-19-2\/\" \/>\n<meta property=\"og:locale\" content=\"es_ES\" \/>\n<meta property=\"og:type\" content=\"article\" \/>\n<meta property=\"og:title\" content=\"Ayudas previstas en las Estrategias de Desarrollo Local Leader - AJE Ja\u00e9n\" \/>\n<meta property=\"og:description\" content=\"Concesi\u00f3n de las Ayudas de la Submedida 19.2 LEADER\" \/>\n<meta property=\"og:url\" content=\"https:\/\/ajeandalucia.org\/jaen\/2020\/10\/22\/convocatoria-de-ayudas-previstas-en-las-estrategias-de-desarrollo-local-leader-en-el-marco-de-la-submedida-19-2-del-programa-de-desarrollo-rural-de-andalucia-2014-2020-submedida-19-2\/\" \/>\n<meta property=\"og:site_name\" content=\"AJE Ja\u00e9n\" \/>\n<meta property=\"article:published_time\" content=\"2020-10-22T08:56:38+00:00\" \/>\n<meta property=\"article:modified_time\" content=\"2020-10-30T12:13:07+00:00\" \/>\n<meta property=\"og:image\" content=\"https:\/\/ajeandalucia.org\/jaen\/wp-content\/uploads\/sites\/9\/2020\/10\/23.09.19_collage_19.2.jpg\" \/>\n\t<meta property=\"og:image:width\" content=\"1200\" \/>\n\t<meta property=\"og:image:height\" content=\"1200\" \/>\n\t<meta property=\"og:image:type\" content=\"image\/jpeg\" \/>\n<meta name=\"author\" content=\"jaen\" \/>\n<meta name=\"twitter:card\" content=\"summary_large_image\" \/>\n<meta name=\"twitter:label1\" content=\"Escrito por\" \/>\n\t<meta name=\"twitter:data1\" content=\"jaen\" \/>\n\t<meta name=\"twitter:label2\" content=\"Tiempo de lectura\" \/>\n\t<meta name=\"twitter:data2\" content=\"2 minutos\" \/>\n<script type=\"application\/ld+json\" class=\"yoast-schema-graph\">{\"@context\":\"https:\/\/schema.org\",\"@graph\":[{\"@type\":\"Article\",\"@id\":\"https:\/\/ajeandalucia.org\/jaen\/2020\/10\/22\/convocatoria-de-ayudas-previstas-en-las-estrategias-de-desarrollo-local-leader-en-el-marco-de-la-submedida-19-2-del-programa-de-desarrollo-rural-de-andalucia-2014-2020-submedida-19-2\/#article\",\"isPartOf\":{\"@id\":\"https:\/\/ajeandalucia.org\/jaen\/2020\/10\/22\/convocatoria-de-ayudas-previstas-en-las-estrategias-de-desarrollo-local-leader-en-el-marco-de-la-submedida-19-2-del-programa-de-desarrollo-rural-de-andalucia-2014-2020-submedida-19-2\/\"},\"author\":{\"name\":\"jaen\",\"@id\":\"https:\/\/ajeandalucia.org\/jaen\/#\/schema\/person\/cde0c877dad85cce36ef3275c9cdba8c\"},\"headline\":\"Ayudas previstas en las Estrategias de Desarrollo Local Leader\",\"datePublished\":\"2020-10-22T08:56:38+00:00\",\"dateModified\":\"2020-10-30T12:13:07+00:00\",\"mainEntityOfPage\":{\"@id\":\"https:\/\/ajeandalucia.org\/jaen\/2020\/10\/22\/convocatoria-de-ayudas-previstas-en-las-estrategias-de-desarrollo-local-leader-en-el-marco-de-la-submedida-19-2-del-programa-de-desarrollo-rural-de-andalucia-2014-2020-submedida-19-2\/\"},\"wordCount\":344,\"commentCount\":0,\"publisher\":{\"@id\":\"https:\/\/ajeandalucia.org\/jaen\/#organization\"},\"image\":{\"@id\":\"https:\/\/ajeandalucia.org\/jaen\/2020\/10\/22\/convocatoria-de-ayudas-previstas-en-las-estrategias-de-desarrollo-local-leader-en-el-marco-de-la-submedida-19-2-del-programa-de-desarrollo-rural-de-andalucia-2014-2020-submedida-19-2\/#primaryimage\"},\"thumbnailUrl\":\"https:\/\/ajeandalucia.org\/jaen\/wp-content\/uploads\/sites\/9\/2020\/10\/23.09.19_collage_19.2.jpg\",\"articleSection\":[\"Actividades\",\"Consultor\u00eda\",\"Noticias\",\"Servicios\"],\"inLanguage\":\"es\",\"potentialAction\":[{\"@type\":\"CommentAction\",\"name\":\"Comment\",\"target\":[\"https:\/\/ajeandalucia.org\/jaen\/2020\/10\/22\/convocatoria-de-ayudas-previstas-en-las-estrategias-de-desarrollo-local-leader-en-el-marco-de-la-submedida-19-2-del-programa-de-desarrollo-rural-de-andalucia-2014-2020-submedida-19-2\/#respond\"]}]},{\"@type\":\"WebPage\",\"@id\":\"https:\/\/ajeandalucia.org\/jaen\/2020\/10\/22\/convocatoria-de-ayudas-previstas-en-las-estrategias-de-desarrollo-local-leader-en-el-marco-de-la-submedida-19-2-del-programa-de-desarrollo-rural-de-andalucia-2014-2020-submedida-19-2\/\",\"url\":\"https:\/\/ajeandalucia.org\/jaen\/2020\/10\/22\/convocatoria-de-ayudas-previstas-en-las-estrategias-de-desarrollo-local-leader-en-el-marco-de-la-submedida-19-2-del-programa-de-desarrollo-rural-de-andalucia-2014-2020-submedida-19-2\/\",\"name\":\"Ayudas previstas en las Estrategias de Desarrollo Local Leader - AJE Ja\u00e9n\",\"isPartOf\":{\"@id\":\"https:\/\/ajeandalucia.org\/jaen\/#website\"},\"primaryImageOfPage\":{\"@id\":\"https:\/\/ajeandalucia.org\/jaen\/2020\/10\/22\/convocatoria-de-ayudas-previstas-en-las-estrategias-de-desarrollo-local-leader-en-el-marco-de-la-submedida-19-2-del-programa-de-desarrollo-rural-de-andalucia-2014-2020-submedida-19-2\/#primaryimage\"},\"image\":{\"@id\":\"https:\/\/ajeandalucia.org\/jaen\/2020\/10\/22\/convocatoria-de-ayudas-previstas-en-las-estrategias-de-desarrollo-local-leader-en-el-marco-de-la-submedida-19-2-del-programa-de-desarrollo-rural-de-andalucia-2014-2020-submedida-19-2\/#primaryimage\"},\"thumbnailUrl\":\"https:\/\/ajeandalucia.org\/jaen\/wp-content\/uploads\/sites\/9\/2020\/10\/23.09.19_collage_19.2.jpg\",\"datePublished\":\"2020-10-22T08:56:38+00:00\",\"dateModified\":\"2020-10-30T12:13:07+00:00\",\"breadcrumb\":{\"@id\":\"https:\/\/ajeandalucia.org\/jaen\/2020\/10\/22\/convocatoria-de-ayudas-previstas-en-las-estrategias-de-desarrollo-local-leader-en-el-marco-de-la-submedida-19-2-del-programa-de-desarrollo-rural-de-andalucia-2014-2020-submedida-19-2\/#breadcrumb\"},\"inLanguage\":\"es\",\"potentialAction\":[{\"@type\":\"ReadAction\",\"target\":[\"https:\/\/ajeandalucia.org\/jaen\/2020\/10\/22\/convocatoria-de-ayudas-previstas-en-las-estrategias-de-desarrollo-local-leader-en-el-marco-de-la-submedida-19-2-del-programa-de-desarrollo-rural-de-andalucia-2014-2020-submedida-19-2\/\"]}]},{\"@type\":\"ImageObject\",\"inLanguage\":\"es\",\"@id\":\"https:\/\/ajeandalucia.org\/jaen\/2020\/10\/22\/convocatoria-de-ayudas-previstas-en-las-estrategias-de-desarrollo-local-leader-en-el-marco-de-la-submedida-19-2-del-programa-de-desarrollo-rural-de-andalucia-2014-2020-submedida-19-2\/#primaryimage\",\"url\":\"https:\/\/ajeandalucia.org\/jaen\/wp-content\/uploads\/sites\/9\/2020\/10\/23.09.19_collage_19.2.jpg\",\"contentUrl\":\"https:\/\/ajeandalucia.org\/jaen\/wp-content\/uploads\/sites\/9\/2020\/10\/23.09.19_collage_19.2.jpg\",\"width\":1200,\"height\":1200},{\"@type\":\"BreadcrumbList\",\"@id\":\"https:\/\/ajeandalucia.org\/jaen\/2020\/10\/22\/convocatoria-de-ayudas-previstas-en-las-estrategias-de-desarrollo-local-leader-en-el-marco-de-la-submedida-19-2-del-programa-de-desarrollo-rural-de-andalucia-2014-2020-submedida-19-2\/#breadcrumb\",\"itemListElement\":[{\"@type\":\"ListItem\",\"position\":1,\"name\":\"Portada\",\"item\":\"https:\/\/ajeandalucia.org\/jaen\/\"},{\"@type\":\"ListItem\",\"position\":2,\"name\":\"Ayudas previstas en las Estrategias de Desarrollo Local Leader\"}]},{\"@type\":\"WebSite\",\"@id\":\"https:\/\/ajeandalucia.org\/jaen\/#website\",\"url\":\"https:\/\/ajeandalucia.org\/jaen\/\",\"name\":\"AJE Ja\u00e9n\",\"description\":\"Otro sitio m\u00e1s de AJE Andaluc\u00eda\",\"publisher\":{\"@id\":\"https:\/\/ajeandalucia.org\/jaen\/#organization\"},\"potentialAction\":[{\"@type\":\"SearchAction\",\"target\":{\"@type\":\"EntryPoint\",\"urlTemplate\":\"https:\/\/ajeandalucia.org\/jaen\/?s={search_term_string}\"},\"query-input\":{\"@type\":\"PropertyValueSpecification\",\"valueRequired\":true,\"valueName\":\"search_term_string\"}}],\"inLanguage\":\"es\"},{\"@type\":\"Organization\",\"@id\":\"https:\/\/ajeandalucia.org\/jaen\/#organization\",\"name\":\"AJE Ja\u00e9n\",\"url\":\"https:\/\/ajeandalucia.org\/jaen\/\",\"logo\":{\"@type\":\"ImageObject\",\"inLanguage\":\"es\",\"@id\":\"https:\/\/ajeandalucia.org\/jaen\/#\/schema\/logo\/image\/\",\"url\":\"https:\/\/ajeandalucia.org\/jaen\/wp-content\/uploads\/sites\/9\/2025\/01\/logotipo-aje-andalucia-jovenes-empresarios-1.png\",\"contentUrl\":\"https:\/\/ajeandalucia.org\/jaen\/wp-content\/uploads\/sites\/9\/2025\/01\/logotipo-aje-andalucia-jovenes-empresarios-1.png\",\"width\":1129,\"height\":207,\"caption\":\"AJE Ja\u00e9n\"},\"image\":{\"@id\":\"https:\/\/ajeandalucia.org\/jaen\/#\/schema\/logo\/image\/\"}},{\"@type\":\"Person\",\"@id\":\"https:\/\/ajeandalucia.org\/jaen\/#\/schema\/person\/cde0c877dad85cce36ef3275c9cdba8c\",\"name\":\"jaen\",\"image\":{\"@type\":\"ImageObject\",\"inLanguage\":\"es\",\"@id\":\"https:\/\/ajeandalucia.org\/jaen\/#\/schema\/person\/image\/\",\"url\":\"https:\/\/secure.gravatar.com\/avatar\/ed67a5b3285e30f3be2c8daa2d1ea5569f263bccad21503d9b9c7a970f13f7a4?s=96&d=mm&r=g\",\"contentUrl\":\"https:\/\/secure.gravatar.com\/avatar\/ed67a5b3285e30f3be2c8daa2d1ea5569f263bccad21503d9b9c7a970f13f7a4?s=96&d=mm&r=g\",\"caption\":\"jaen\"},\"url\":\"https:\/\/ajeandalucia.org\/jaen\/author\/jaen\/\"}]}<\/script>\n<!-- \/ Yoast SEO plugin. -->","yoast_head_json":{"title":"Ayudas previstas en las Estrategias de Desarrollo Local Leader - AJE Ja\u00e9n","robots":{"index":"index","follow":"follow","max-snippet":"max-snippet:-1","max-image-preview":"max-image-preview:large","max-video-preview":"max-video-preview:-1"},"canonical":"https:\/\/ajeandalucia.org\/jaen\/2020\/10\/22\/convocatoria-de-ayudas-previstas-en-las-estrategias-de-desarrollo-local-leader-en-el-marco-de-la-submedida-19-2-del-programa-de-desarrollo-rural-de-andalucia-2014-2020-submedida-19-2\/","og_locale":"es_ES","og_type":"article","og_title":"Ayudas previstas en las Estrategias de Desarrollo Local Leader - AJE Ja\u00e9n","og_description":"Concesi\u00f3n de las Ayudas de la Submedida 19.2 LEADER","og_url":"https:\/\/ajeandalucia.org\/jaen\/2020\/10\/22\/convocatoria-de-ayudas-previstas-en-las-estrategias-de-desarrollo-local-leader-en-el-marco-de-la-submedida-19-2-del-programa-de-desarrollo-rural-de-andalucia-2014-2020-submedida-19-2\/","og_site_name":"AJE Ja\u00e9n","article_published_time":"2020-10-22T08:56:38+00:00","article_modified_time":"2020-10-30T12:13:07+00:00","og_image":[{"width":1200,"height":1200,"url":"https:\/\/ajeandalucia.org\/jaen\/wp-content\/uploads\/sites\/9\/2020\/10\/23.09.19_collage_19.2.jpg","type":"image\/jpeg"}],"author":"jaen","twitter_card":"summary_large_image","twitter_misc":{"Escrito por":"jaen","Tiempo de lectura":"2 minutos"},"schema":{"@context":"https:\/\/schema.org","@graph":[{"@type":"Article","@id":"https:\/\/ajeandalucia.org\/jaen\/2020\/10\/22\/convocatoria-de-ayudas-previstas-en-las-estrategias-de-desarrollo-local-leader-en-el-marco-de-la-submedida-19-2-del-programa-de-desarrollo-rural-de-andalucia-2014-2020-submedida-19-2\/#article","isPartOf":{"@id":"https:\/\/ajeandalucia.org\/jaen\/2020\/10\/22\/convocatoria-de-ayudas-previstas-en-las-estrategias-de-desarrollo-local-leader-en-el-marco-de-la-submedida-19-2-del-programa-de-desarrollo-rural-de-andalucia-2014-2020-submedida-19-2\/"},"author":{"name":"jaen","@id":"https:\/\/ajeandalucia.org\/jaen\/#\/schema\/person\/cde0c877dad85cce36ef3275c9cdba8c"},"headline":"Ayudas previstas en las Estrategias de Desarrollo Local Leader","datePublished":"2020-10-22T08:56:38+00:00","dateModified":"2020-10-30T12:13:07+00:00","mainEntityOfPage":{"@id":"https:\/\/ajeandalucia.org\/jaen\/2020\/10\/22\/convocatoria-de-ayudas-previstas-en-las-estrategias-de-desarrollo-local-leader-en-el-marco-de-la-submedida-19-2-del-programa-de-desarrollo-rural-de-andalucia-2014-2020-submedida-19-2\/"},"wordCount":344,"commentCount":0,"publisher":{"@id":"https:\/\/ajeandalucia.org\/jaen\/#organization"},"image":{"@id":"https:\/\/ajeandalucia.org\/jaen\/2020\/10\/22\/convocatoria-de-ayudas-previstas-en-las-estrategias-de-desarrollo-local-leader-en-el-marco-de-la-submedida-19-2-del-programa-de-desarrollo-rural-de-andalucia-2014-2020-submedida-19-2\/#primaryimage"},"thumbnailUrl":"https:\/\/ajeandalucia.org\/jaen\/wp-content\/uploads\/sites\/9\/2020\/10\/23.09.19_collage_19.2.jpg","articleSection":["Actividades","Consultor\u00eda","Noticias","Servicios"],"inLanguage":"es","potentialAction":[{"@type":"CommentAction","name":"Comment","target":["https:\/\/ajeandalucia.org\/jaen\/2020\/10\/22\/convocatoria-de-ayudas-previstas-en-las-estrategias-de-desarrollo-local-leader-en-el-marco-de-la-submedida-19-2-del-programa-de-desarrollo-rural-de-andalucia-2014-2020-submedida-19-2\/#respond"]}]},{"@type":"WebPage","@id":"https:\/\/ajeandalucia.org\/jaen\/2020\/10\/22\/convocatoria-de-ayudas-previstas-en-las-estrategias-de-desarrollo-local-leader-en-el-marco-de-la-submedida-19-2-del-programa-de-desarrollo-rural-de-andalucia-2014-2020-submedida-19-2\/","url":"https:\/\/ajeandalucia.org\/jaen\/2020\/10\/22\/convocatoria-de-ayudas-previstas-en-las-estrategias-de-desarrollo-local-leader-en-el-marco-de-la-submedida-19-2-del-programa-de-desarrollo-rural-de-andalucia-2014-2020-submedida-19-2\/","name":"Ayudas previstas en las Estrategias de Desarrollo Local Leader - AJE Ja\u00e9n","isPartOf":{"@id":"https:\/\/ajeandalucia.org\/jaen\/#website"},"primaryImageOfPage":{"@id":"https:\/\/ajeandalucia.org\/jaen\/2020\/10\/22\/convocatoria-de-ayudas-previstas-en-las-estrategias-de-desarrollo-local-leader-en-el-marco-de-la-submedida-19-2-del-programa-de-desarrollo-rural-de-andalucia-2014-2020-submedida-19-2\/#primaryimage"},"image":{"@id":"https:\/\/ajeandalucia.org\/jaen\/2020\/10\/22\/convocatoria-de-ayudas-previstas-en-las-estrategias-de-desarrollo-local-leader-en-el-marco-de-la-submedida-19-2-del-programa-de-desarrollo-rural-de-andalucia-2014-2020-submedida-19-2\/#primaryimage"},"thumbnailUrl":"https:\/\/ajeandalucia.org\/jaen\/wp-content\/uploads\/sites\/9\/2020\/10\/23.09.19_collage_19.2.jpg","datePublished":"2020-10-22T08:56:38+00:00","dateModified":"2020-10-30T12:13:07+00:00","breadcrumb":{"@id":"https:\/\/ajeandalucia.org\/jaen\/2020\/10\/22\/convocatoria-de-ayudas-previstas-en-las-estrategias-de-desarrollo-local-leader-en-el-marco-de-la-submedida-19-2-del-programa-de-desarrollo-rural-de-andalucia-2014-2020-submedida-19-2\/#breadcrumb"},"inLanguage":"es","potentialAction":[{"@type":"ReadAction","target":["https:\/\/ajeandalucia.org\/jaen\/2020\/10\/22\/convocatoria-de-ayudas-previstas-en-las-estrategias-de-desarrollo-local-leader-en-el-marco-de-la-submedida-19-2-del-programa-de-desarrollo-rural-de-andalucia-2014-2020-submedida-19-2\/"]}]},{"@type":"ImageObject","inLanguage":"es","@id":"https:\/\/ajeandalucia.org\/jaen\/2020\/10\/22\/convocatoria-de-ayudas-previstas-en-las-estrategias-de-desarrollo-local-leader-en-el-marco-de-la-submedida-19-2-del-programa-de-desarrollo-rural-de-andalucia-2014-2020-submedida-19-2\/#primaryimage","url":"https:\/\/ajeandalucia.org\/jaen\/wp-content\/uploads\/sites\/9\/2020\/10\/23.09.19_collage_19.2.jpg","contentUrl":"https:\/\/ajeandalucia.org\/jaen\/wp-content\/uploads\/sites\/9\/2020\/10\/23.09.19_collage_19.2.jpg","width":1200,"height":1200},{"@type":"BreadcrumbList","@id":"https:\/\/ajeandalucia.org\/jaen\/2020\/10\/22\/convocatoria-de-ayudas-previstas-en-las-estrategias-de-desarrollo-local-leader-en-el-marco-de-la-submedida-19-2-del-programa-de-desarrollo-rural-de-andalucia-2014-2020-submedida-19-2\/#breadcrumb","itemListElement":[{"@type":"ListItem","position":1,"name":"Portada","item":"https:\/\/ajeandalucia.org\/jaen\/"},{"@type":"ListItem","position":2,"name":"Ayudas previstas en las Estrategias de Desarrollo Local Leader"}]},{"@type":"WebSite","@id":"https:\/\/ajeandalucia.org\/jaen\/#website","url":"https:\/\/ajeandalucia.org\/jaen\/","name":"AJE Ja\u00e9n","description":"Otro sitio m\u00e1s de AJE Andaluc\u00eda","publisher":{"@id":"https:\/\/ajeandalucia.org\/jaen\/#organization"},"potentialAction":[{"@type":"SearchAction","target":{"@type":"EntryPoint","urlTemplate":"https:\/\/ajeandalucia.org\/jaen\/?s={search_term_string}"},"query-input":{"@type":"PropertyValueSpecification","valueRequired":true,"valueName":"search_term_string"}}],"inLanguage":"es"},{"@type":"Organization","@id":"https:\/\/ajeandalucia.org\/jaen\/#organization","name":"AJE Ja\u00e9n","url":"https:\/\/ajeandalucia.org\/jaen\/","logo":{"@type":"ImageObject","inLanguage":"es","@id":"https:\/\/ajeandalucia.org\/jaen\/#\/schema\/logo\/image\/","url":"https:\/\/ajeandalucia.org\/jaen\/wp-content\/uploads\/sites\/9\/2025\/01\/logotipo-aje-andalucia-jovenes-empresarios-1.png","contentUrl":"https:\/\/ajeandalucia.org\/jaen\/wp-content\/uploads\/sites\/9\/2025\/01\/logotipo-aje-andalucia-jovenes-empresarios-1.png","width":1129,"height":207,"caption":"AJE Ja\u00e9n"},"image":{"@id":"https:\/\/ajeandalucia.org\/jaen\/#\/schema\/logo\/image\/"}},{"@type":"Person","@id":"https:\/\/ajeandalucia.org\/jaen\/#\/schema\/person\/cde0c877dad85cce36ef3275c9cdba8c","name":"jaen","image":{"@type":"ImageObject","inLanguage":"es","@id":"https:\/\/ajeandalucia.org\/jaen\/#\/schema\/person\/image\/","url":"https:\/\/secure.gravatar.com\/avatar\/ed67a5b3285e30f3be2c8daa2d1ea5569f263bccad21503d9b9c7a970f13f7a4?s=96&d=mm&r=g","contentUrl":"https:\/\/secure.gravatar.com\/avatar\/ed67a5b3285e30f3be2c8daa2d1ea5569f263bccad21503d9b9c7a970f13f7a4?s=96&d=mm&r=g","caption":"jaen"},"url":"https:\/\/ajeandalucia.org\/jaen\/author\/jaen\/"}]}},"_links":{"self":[{"href":"https:\/\/ajeandalucia.org\/jaen\/wp-json\/wp\/v2\/posts\/6173","targetHints":{"allow":["GET"]}}],"collection":[{"href":"https:\/\/ajeandalucia.org\/jaen\/wp-json\/wp\/v2\/posts"}],"about":[{"href":"https:\/\/ajeandalucia.org\/jaen\/wp-json\/wp\/v2\/types\/post"}],"author":[{"embeddable":true,"href":"https:\/\/ajeandalucia.org\/jaen\/wp-json\/wp\/v2\/users\/8"}],"replies":[{"embeddable":true,"href":"https:\/\/ajeandalucia.org\/jaen\/wp-json\/wp\/v2\/comments?post=6173"}],"version-history":[{"count":5,"href":"https:\/\/ajeandalucia.org\/jaen\/wp-json\/wp\/v2\/posts\/6173\/revisions"}],"predecessor-version":[{"id":6248,"href":"https:\/\/ajeandalucia.org\/jaen\/wp-json\/wp\/v2\/posts\/6173\/revisions\/6248"}],"wp:featuredmedia":[{"embeddable":true,"href":"https:\/\/ajeandalucia.org\/jaen\/wp-json\/wp\/v2\/media\/6174"}],"wp:attachment":[{"href":"https:\/\/ajeandalucia.org\/jaen\/wp-json\/wp\/v2\/media?parent=6173"}],"wp:term":[{"taxonomy":"category","embeddable":true,"href":"https:\/\/ajeandalucia.org\/jaen\/wp-json\/wp\/v2\/categories?post=6173"},{"taxonomy":"post_tag","embeddable":true,"href":"https:\/\/ajeandalucia.org\/jaen\/wp-json\/wp\/v2\/tags?post=6173"}],"curies":[{"name":"wp","href":"https:\/\/api.w.org\/{rel}","templated":true}]}}