{"id":7171,"date":"2021-05-10 15:29:47","date_gmt":"2021-05-10T11:29:47","guid":{"rendered":"https:\/\/www.ajeandalucia.org\/jaen\/?p=7171"},"modified":"2021-05-17T18:38:04","modified_gmt":"2021-05-17T16:38:04","slug":"reto-demografico-2021-2022-diputacion-de-jaen","status":"publish","type":"post","link":"https:\/\/ajeandalucia.org\/jaen\/2021\/05\/10\/reto-demografico-2021-2022-diputacion-de-jaen\/","title":{"rendered":"Reto Demogr\u00e1fico 2021-2022 || Diputaci\u00f3n de Ja\u00e9n"},"content":{"rendered":"<p class=\"AAtexto\"><span style=\"color: #000000\">\u00a0El\u00a0<strong>programa RETO DEMOGR\u00c1FICO de la Diputaci\u00f3n Provincial de Ja\u00e9n<\/strong>\u00a0facilita los siguientes instrumentos a j\u00f3venes que deseen tener un proyecto empresarial, profesional y de vida en los 78 municipios de la provincia menores de 10.000 habitantes que han perdido poblaci\u00f3n en la \u00faltima d\u00e9cada:<!--more--><\/span><\/p>\n<ul>\n<li><span style=\"color: #000000\">Ayudas econ\u00f3micas para proyectos empresariales y de aut\u00f3nomos.<\/span><\/li>\n<li><span style=\"color: #000000\">Ayudas econ\u00f3micas para proyectos empresariales de econom\u00eda social.<\/span><\/li>\n<li><span style=\"color: #000000\">Ayudas econ\u00f3micas a las empresas y a las entidades sin \u00e1nimo de lucro\u00a0para contratar j\u00f3venes.<\/span><\/li>\n<li><span style=\"color: #000000\">Formaci\u00f3n para el emprendimiento.<\/span><\/li>\n<\/ul>\n<p>&nbsp;<\/p>\n<p class=\"JustifyFull\"><span style=\"color: #000000\"><span class=\"textoVerdeClaro\">Tiene un\u00a0<strong>triple objetivo<\/strong><\/span>: combatir la despoblaci\u00f3n rural, favorecer el empleo juvenil y fortalecer las capacidades emprendedoras en los citados municipios.\u00a0\u00a0<\/span><\/p>\n<p>&nbsp;<\/p>\n<p class=\"enlaceDescargaVerde\"><strong><a href=\"https:\/\/www.dipujaen.es\/export\/sites\/default\/galerias\/galeriaDescargas\/diputacion\/dipujaen\/micro-reto-demografico\/pdf\/RetoD-folleto-BR.PDF\">Descarga el folleto informativo de RETO DEMOGR\u00c1FICO 2021.<\/a><\/strong><\/p>\n<hr \/>\n<div><\/div>\n<ul>\n<li><strong><a href=\"https:\/\/www.dipujaen.es\/microsites\/reto-demografico\/autoempleo.html\">PROYECTO \u201cAYUDAS AL AUTOEMPLEO\u201d<\/a><\/strong><\/li>\n<\/ul>\n<p>&nbsp;<\/p>\n<div class=\"texto_grande_negrita\"><span class=\"textoVerdeOscuro\" style=\"color: #000000\"><strong>Objetivo:\u00a0<\/strong><\/span><span style=\"color: #000000\">Fomentar la creaci\u00f3n de empresas entre j\u00f3venes.<\/span><\/div>\n<div><\/div>\n<div class=\"texto_grande_negrita\"><span class=\"textoVerdeOscuro\" style=\"color: #000000\"><strong>\u00bfQui\u00e9n puede solicitar la ayuda?:\u00a0<\/strong><\/span><span style=\"color: #000000\">Cualquier persona f\u00edsica que re\u00fana los requisitos comunes de RETO DEMOGR\u00c1FICO, con alta en el RETA durante el plazo de solicitudes y con centro de trabajo en alguno de los 78 municipios participantes.<\/span><\/div>\n<p class=\"AAtexto\"><span class=\"textoVerdeOscuro\" style=\"color: #000000\"><strong>\u00bfQu\u00e9 subvenciona el proyecto?:\u00a0<\/strong><\/span><span style=\"color: #000000\">El alta como aut\u00f3nomo durante 12 meses ininterrumpidos en el R\u00e9gimen Especial de Trabajadores Aut\u00f3nomos (RETA) o R\u00e9gimen que legal o estatutariamente corresponda y actividad efectiva durante dicho periodo.<\/span><\/p>\n<hr \/>\n<ul>\n<li><strong><a href=\"https:\/\/www.dipujaen.es\/diputacion\/dipujaen\/microsites\/reto-demografico\/incorporate.html\">PROYECTO \u201cINCORP\u00d3RATE\u201d<\/a><\/strong><\/li>\n<\/ul>\n<p>&nbsp;<\/p>\n<div class=\"texto_grande_negrita\"><span style=\"color: #000000\"><span class=\"textoDorado\"><strong>Objetivo:\u00a0<\/strong><\/span>Fomentar la creaci\u00f3n de empresas de econom\u00eda social (cooperativas y sociedades laborales) entre j\u00f3venes y hacer m\u00e1s competitivas las existentes.<\/span><\/div>\n<div><\/div>\n<div class=\"texto_grande_negrita\"><span style=\"color: #000000\"><span class=\"textoDorado\"><strong>\u00bfQui\u00e9n puede solicitar la ayuda?:\u00a0<\/strong><\/span>Cualquier persona f\u00edsica que re\u00fana los requisitos comunes de RETO DEMOGR\u00c1FICO con alta en el RETA durante el plazo de solicitudes y con centro de trabajo en alguno de los 78 municipios participantes.<\/span><\/div>\n<p class=\"JustifyFull\"><span style=\"color: #000000\"><span class=\"textoDorado\"><strong>\u00bfQu\u00e9 subvenciona el proyecto?:\u00a0<\/strong><\/span>La constituci\u00f3n por parte del solicitante de una empresa de econom\u00eda social o la incorporaci\u00f3n del mismo a una ya constituida como nuevo socio trabajador, mediante alta en el RETA, en el R\u00e9gimen General de la Seguridad Social o en el que legal o estatutariamente corresponda, durante un periodo ininterrumpido de 12 meses, y con actividad efectiva de la empresa de econom\u00eda social durante dicho periodo.<\/span><\/p>\n<hr \/>\n<ul>\n<li><a href=\"https:\/\/www.dipujaen.es\/diputacion\/dipujaen\/microsites\/reto-demografico\/emplea-jaen-rural.html\"><strong>PROYECTO \u201cEMPLE@JA\u00c9NRURAL\u201d\u00a0<\/strong><\/a><\/li>\n<\/ul>\n<p>&nbsp;<\/p>\n<div class=\"texto_grande_negrita\"><span style=\"color: #000000\"><span class=\"textoVerdeOscuro\"><strong>Objetivo:\u00a0<\/strong><\/span>Fomento de la contrataci\u00f3n de j\u00f3venes por parte de empresas.<\/span><\/div>\n<div><\/div>\n<div class=\"texto_grande_negrita\"><span style=\"color: #000000\"><span class=\"textoVerdeOscuro\"><strong>\u00bfQui\u00e9n puede solicitar la ayuda?:\u00a0<\/strong><\/span>Cualquier empresa de naturaleza privada o persona trabajadora aut\u00f3noma, con centro de trabajo situado en alguno de los 78 municipios de RETO DEMOGR\u00c1FICO, que contrate a j\u00f3venes que cumplan con los requisitos comunes de RETO DEMOGR\u00c1FICO.<\/span><\/div>\n<p class=\"JustifyFull\"><span style=\"color: #000000\"><span class=\"textoVerdeOscuro\"><strong>\u00bfQu\u00e9 subvenciona el proyecto?:\u00a0<\/strong><\/span>Contrataci\u00f3n efectiva y por cuenta ajena, con car\u00e1cter indefinido y a jornada completa, de j\u00f3venes que cumplan los requisitos comunes de RETO DEMOGR\u00c1FICO durante un per\u00edodo de 12 meses ininterrumpidos. Se admitir\u00e1n contrataciones realizadas durante el plazo de solicitudes.<\/span><\/p>\n<hr \/>\n<ul>\n<li><strong><a href=\"https:\/\/www.dipujaen.es\/diputacion\/dipujaen\/microsites\/reto-demografico\/formacion-emprendimiento.html\">PROYECTO \u201cFORMACI\u00d3N PARA EL EMPRENDIMIENTO\u201d\u00a0<\/a><\/strong><\/li>\n<\/ul>\n<p>&nbsp;<\/p>\n<div class=\"texto_grande_negrita\"><span style=\"color: #000000\"><span class=\"textoVerdeOscuro\"><strong>Objetivo:\u00a0<\/strong><\/span>Formaci\u00f3n de j\u00f3venes para el emprendimiento en sectores clave para la provincia.\u00a0<\/span><\/div>\n<div><\/div>\n<div class=\"texto_grande_negrita\"><span style=\"color: #000000\"><span class=\"textoVerdeOscuro\"><strong>\u00bfQui\u00e9n puede solicitar ambas?:\u00a0<\/strong><\/span>Cualquier joven que cumpla con los requisitos comunes de participaci\u00f3n en RETO DEMOGR\u00c1FICO.<\/span><\/div>\n<p class=\"AAtexto\"><span style=\"color: #000000\"><span class=\"textoVerdeOscuro\"><strong>\u00bfQu\u00e9 subvenciona el proyecto?:\u00a0<\/strong><\/span>La formaci\u00f3n necesaria a j\u00f3venes que quieran emprender, y posteriormente, un certificado de aprovechamiento y una ayuda econ\u00f3mica si se adquiere la condici\u00f3n de \u201cpersona formada\u201d, entendida como aquella que ha asistido a un m\u00ednimo del 90% de las horas totales de la acci\u00f3n formativa para la que ha sido previamente seleccionado, admiti\u00e9ndose ausencias justificadas hasta el 10% de las horas totales.<\/span><\/p>\n<hr \/>\n<h4><span style=\"color: #000000\"><strong>CONSULTA:\u00a0<\/strong><\/span><\/h4>\n<ul>\n<li><a href=\"https:\/\/www.dipujaen.es\/microsites\/reto-demografico\/requisitos.html\">Requisitos\u00a0<\/a><\/li>\n<li><a href=\"https:\/\/www.dipujaen.es\/microsites\/reto-demografico\/municipios.html\">78 municipios de la actuaci\u00f3n de Reto Demogr\u00e1fico<\/a><\/li>\n<li><a href=\"https:\/\/www.dipujaen.es\/microsites\/reto-demografico\/convocatorias\/\">Convocatorias<\/a><\/li>\n<\/ul>\n<hr \/>\n<h4><span style=\"color: #000000\">CONTACTO:<\/span><\/h4>\n<h5><span style=\"color: #000000\">\u00c1rea de Empleo y Empresa<\/span><\/h5>\n<ul>\n<li><span style=\"color: #000000\"><strong>Direcci\u00f3n:<\/strong> Calle Hurtado, 29 &#8211; 23071 Ja\u00e9n<\/span><\/li>\n<li><span style=\"color: #000000\"><strong>Tel\u00e9fono:<\/strong> 953248000, extensiones 1462 y 1463<\/span><\/li>\n<li><span style=\"color: #000000\"><strong>Correo electr\u00f3nico:<\/strong><\/span> <a href=\"mailto:empleo@dipujaen.es\">empleo@dipujaen.es<\/a><\/li>\n<\/ul>\n","protected":false},"excerpt":{"rendered":"<p>\u00a0El\u00a0programa RETO DEMOGR\u00c1FICO de la Diputaci\u00f3n Provincial de Ja\u00e9n\u00a0facilita los siguientes instrumentos a j\u00f3venes que deseen tener un proyecto empresarial, [&hellip;]<\/p>\n","protected":false},"author":8,"featured_media":7172,"comment_status":"open","ping_status":"open","sticky":false,"template":"","format":"standard","meta":{"_acf_changed":false,"site-sidebar-layout":"default","site-content-layout":"","ast-site-content-layout":"default","site-content-style":"default","site-sidebar-style":"default","ast-global-header-display":"","ast-banner-title-visibility":"","ast-main-header-display":"","ast-hfb-above-header-display":"","ast-hfb-below-header-display":"","ast-hfb-mobile-header-display":"","site-post-title":"","ast-breadcrumbs-content":"","ast-featured-img":"","footer-sml-layout":"","ast-disable-related-posts":"","theme-transparent-header-meta":"","adv-header-id-meta":"","stick-header-meta":"","header-above-stick-meta":"","header-main-stick-meta":"","header-below-stick-meta":"","astra-migrate-meta-layouts":"default","ast-page-background-enabled":"default","ast-page-background-meta":{"desktop":{"background-color":"var(--ast-global-color-5)","background-image":"","background-repeat":"repeat","background-position":"center center","background-size":"auto","background-attachment":"scroll","background-type":"","background-media":"","overlay-type":"","overlay-color":"","overlay-opacity":"","overlay-gradient":""},"tablet":{"background-color":"","background-image":"","background-repeat":"repeat","background-position":"center center","background-size":"auto","background-attachment":"scroll","background-type":"","background-media":"","overlay-type":"","overlay-color":"","overlay-opacity":"","overlay-gradient":""},"mobile":{"background-color":"","background-image":"","background-repeat":"repeat","background-position":"center center","background-size":"auto","background-attachment":"scroll","background-type":"","background-media":"","overlay-type":"","overlay-color":"","overlay-opacity":"","overlay-gradient":""}},"ast-content-background-meta":{"desktop":{"background-color":"var(--ast-global-color-4)","background-image":"","background-repeat":"repeat","background-position":"center center","background-size":"auto","background-attachment":"scroll","background-type":"","background-media":"","overlay-type":"","overlay-color":"","overlay-opacity":"","overlay-gradient":""},"tablet":{"background-color":"var(--ast-global-color-4)","background-image":"","background-repeat":"repeat","background-position":"center center","background-size":"auto","background-attachment":"scroll","background-type":"","background-media":"","overlay-type":"","overlay-color":"","overlay-opacity":"","overlay-gradient":""},"mobile":{"background-color":"var(--ast-global-color-4)","background-image":"","background-repeat":"repeat","background-position":"center center","background-size":"auto","background-attachment":"scroll","background-type":"","background-media":"","overlay-type":"","overlay-color":"","overlay-opacity":"","overlay-gradient":""}},"footnotes":""},"categories":[50,8],"tags":[],"class_list":["post-7171","post","type-post","status-publish","format-standard","has-post-thumbnail","hentry","category-consultoria","category-noticias"],"acf":[],"yoast_head":"<!-- This site is optimized with the Yoast SEO plugin v26.9 - https:\/\/yoast.com\/product\/yoast-seo-wordpress\/ -->\n<title>Reto Demogr\u00e1fico 2021-2022 || Diputaci\u00f3n de Ja\u00e9n - AJE Ja\u00e9n<\/title>\n<meta name=\"robots\" content=\"index, follow, max-snippet:-1, max-image-preview:large, max-video-preview:-1\" \/>\n<link rel=\"canonical\" href=\"https:\/\/ajeandalucia.org\/jaen\/2021\/05\/10\/reto-demografico-2021-2022-diputacion-de-jaen\/\" \/>\n<meta property=\"og:locale\" content=\"es_ES\" \/>\n<meta property=\"og:type\" content=\"article\" \/>\n<meta property=\"og:title\" content=\"Reto Demogr\u00e1fico 2021-2022 || Diputaci\u00f3n de Ja\u00e9n - AJE Ja\u00e9n\" \/>\n<meta property=\"og:description\" content=\"\u00a0El\u00a0programa RETO DEMOGR\u00c1FICO de la Diputaci\u00f3n Provincial de Ja\u00e9n\u00a0facilita los siguientes instrumentos a j\u00f3venes que deseen tener un proyecto empresarial, [&hellip;]\" \/>\n<meta property=\"og:url\" content=\"https:\/\/ajeandalucia.org\/jaen\/2021\/05\/10\/reto-demografico-2021-2022-diputacion-de-jaen\/\" \/>\n<meta property=\"og:site_name\" content=\"AJE Ja\u00e9n\" \/>\n<meta property=\"article:published_time\" content=\"2021-05-10T11:29:47+00:00\" \/>\n<meta property=\"article:modified_time\" content=\"2021-05-17T16:38:04+00:00\" \/>\n<meta property=\"og:image\" content=\"https:\/\/ajeandalucia.org\/jaen\/wp-content\/uploads\/sites\/9\/2021\/05\/RetoD-folleto-BR-ABRIL-21_P\u00e1gina_01.jpg\" \/>\n\t<meta property=\"og:image:width\" content=\"1766\" \/>\n\t<meta property=\"og:image:height\" content=\"1249\" \/>\n\t<meta property=\"og:image:type\" content=\"image\/jpeg\" \/>\n<meta name=\"author\" content=\"jaen\" \/>\n<meta name=\"twitter:card\" content=\"summary_large_image\" \/>\n<meta name=\"twitter:label1\" content=\"Escrito por\" \/>\n\t<meta name=\"twitter:data1\" content=\"jaen\" \/>\n\t<meta name=\"twitter:label2\" content=\"Tiempo de lectura\" \/>\n\t<meta name=\"twitter:data2\" content=\"3 minutos\" \/>\n<script type=\"application\/ld+json\" class=\"yoast-schema-graph\">{\"@context\":\"https:\/\/schema.org\",\"@graph\":[{\"@type\":\"Article\",\"@id\":\"https:\/\/ajeandalucia.org\/jaen\/2021\/05\/10\/reto-demografico-2021-2022-diputacion-de-jaen\/#article\",\"isPartOf\":{\"@id\":\"https:\/\/ajeandalucia.org\/jaen\/2021\/05\/10\/reto-demografico-2021-2022-diputacion-de-jaen\/\"},\"author\":{\"name\":\"jaen\",\"@id\":\"https:\/\/ajeandalucia.org\/jaen\/#\/schema\/person\/cde0c877dad85cce36ef3275c9cdba8c\"},\"headline\":\"Reto Demogr\u00e1fico 2021-2022 || Diputaci\u00f3n de Ja\u00e9n\",\"datePublished\":\"2021-05-10T11:29:47+00:00\",\"dateModified\":\"2021-05-17T16:38:04+00:00\",\"mainEntityOfPage\":{\"@id\":\"https:\/\/ajeandalucia.org\/jaen\/2021\/05\/10\/reto-demografico-2021-2022-diputacion-de-jaen\/\"},\"wordCount\":628,\"commentCount\":0,\"publisher\":{\"@id\":\"https:\/\/ajeandalucia.org\/jaen\/#organization\"},\"image\":{\"@id\":\"https:\/\/ajeandalucia.org\/jaen\/2021\/05\/10\/reto-demografico-2021-2022-diputacion-de-jaen\/#primaryimage\"},\"thumbnailUrl\":\"https:\/\/ajeandalucia.org\/jaen\/wp-content\/uploads\/sites\/9\/2021\/05\/RetoD-folleto-BR-ABRIL-21_P\u00e1gina_01.jpg\",\"articleSection\":[\"Consultor\u00eda\",\"Noticias\"],\"inLanguage\":\"es\",\"potentialAction\":[{\"@type\":\"CommentAction\",\"name\":\"Comment\",\"target\":[\"https:\/\/ajeandalucia.org\/jaen\/2021\/05\/10\/reto-demografico-2021-2022-diputacion-de-jaen\/#respond\"]}]},{\"@type\":\"WebPage\",\"@id\":\"https:\/\/ajeandalucia.org\/jaen\/2021\/05\/10\/reto-demografico-2021-2022-diputacion-de-jaen\/\",\"url\":\"https:\/\/ajeandalucia.org\/jaen\/2021\/05\/10\/reto-demografico-2021-2022-diputacion-de-jaen\/\",\"name\":\"Reto Demogr\u00e1fico 2021-2022 || Diputaci\u00f3n de Ja\u00e9n - AJE Ja\u00e9n\",\"isPartOf\":{\"@id\":\"https:\/\/ajeandalucia.org\/jaen\/#website\"},\"primaryImageOfPage\":{\"@id\":\"https:\/\/ajeandalucia.org\/jaen\/2021\/05\/10\/reto-demografico-2021-2022-diputacion-de-jaen\/#primaryimage\"},\"image\":{\"@id\":\"https:\/\/ajeandalucia.org\/jaen\/2021\/05\/10\/reto-demografico-2021-2022-diputacion-de-jaen\/#primaryimage\"},\"thumbnailUrl\":\"https:\/\/ajeandalucia.org\/jaen\/wp-content\/uploads\/sites\/9\/2021\/05\/RetoD-folleto-BR-ABRIL-21_P\u00e1gina_01.jpg\",\"datePublished\":\"2021-05-10T11:29:47+00:00\",\"dateModified\":\"2021-05-17T16:38:04+00:00\",\"breadcrumb\":{\"@id\":\"https:\/\/ajeandalucia.org\/jaen\/2021\/05\/10\/reto-demografico-2021-2022-diputacion-de-jaen\/#breadcrumb\"},\"inLanguage\":\"es\",\"potentialAction\":[{\"@type\":\"ReadAction\",\"target\":[\"https:\/\/ajeandalucia.org\/jaen\/2021\/05\/10\/reto-demografico-2021-2022-diputacion-de-jaen\/\"]}]},{\"@type\":\"ImageObject\",\"inLanguage\":\"es\",\"@id\":\"https:\/\/ajeandalucia.org\/jaen\/2021\/05\/10\/reto-demografico-2021-2022-diputacion-de-jaen\/#primaryimage\",\"url\":\"https:\/\/ajeandalucia.org\/jaen\/wp-content\/uploads\/sites\/9\/2021\/05\/RetoD-folleto-BR-ABRIL-21_P\u00e1gina_01.jpg\",\"contentUrl\":\"https:\/\/ajeandalucia.org\/jaen\/wp-content\/uploads\/sites\/9\/2021\/05\/RetoD-folleto-BR-ABRIL-21_P\u00e1gina_01.jpg\",\"width\":1766,\"height\":1249},{\"@type\":\"BreadcrumbList\",\"@id\":\"https:\/\/ajeandalucia.org\/jaen\/2021\/05\/10\/reto-demografico-2021-2022-diputacion-de-jaen\/#breadcrumb\",\"itemListElement\":[{\"@type\":\"ListItem\",\"position\":1,\"name\":\"Portada\",\"item\":\"https:\/\/ajeandalucia.org\/jaen\/\"},{\"@type\":\"ListItem\",\"position\":2,\"name\":\"Reto Demogr\u00e1fico 2021-2022 || Diputaci\u00f3n de Ja\u00e9n\"}]},{\"@type\":\"WebSite\",\"@id\":\"https:\/\/ajeandalucia.org\/jaen\/#website\",\"url\":\"https:\/\/ajeandalucia.org\/jaen\/\",\"name\":\"AJE Ja\u00e9n\",\"description\":\"Otro sitio m\u00e1s de AJE Andaluc\u00eda\",\"publisher\":{\"@id\":\"https:\/\/ajeandalucia.org\/jaen\/#organization\"},\"potentialAction\":[{\"@type\":\"SearchAction\",\"target\":{\"@type\":\"EntryPoint\",\"urlTemplate\":\"https:\/\/ajeandalucia.org\/jaen\/?s={search_term_string}\"},\"query-input\":{\"@type\":\"PropertyValueSpecification\",\"valueRequired\":true,\"valueName\":\"search_term_string\"}}],\"inLanguage\":\"es\"},{\"@type\":\"Organization\",\"@id\":\"https:\/\/ajeandalucia.org\/jaen\/#organization\",\"name\":\"AJE Ja\u00e9n\",\"url\":\"https:\/\/ajeandalucia.org\/jaen\/\",\"logo\":{\"@type\":\"ImageObject\",\"inLanguage\":\"es\",\"@id\":\"https:\/\/ajeandalucia.org\/jaen\/#\/schema\/logo\/image\/\",\"url\":\"https:\/\/ajeandalucia.org\/jaen\/wp-content\/uploads\/sites\/9\/2025\/01\/logotipo-aje-andalucia-jovenes-empresarios-1.png\",\"contentUrl\":\"https:\/\/ajeandalucia.org\/jaen\/wp-content\/uploads\/sites\/9\/2025\/01\/logotipo-aje-andalucia-jovenes-empresarios-1.png\",\"width\":1129,\"height\":207,\"caption\":\"AJE Ja\u00e9n\"},\"image\":{\"@id\":\"https:\/\/ajeandalucia.org\/jaen\/#\/schema\/logo\/image\/\"}},{\"@type\":\"Person\",\"@id\":\"https:\/\/ajeandalucia.org\/jaen\/#\/schema\/person\/cde0c877dad85cce36ef3275c9cdba8c\",\"name\":\"jaen\",\"image\":{\"@type\":\"ImageObject\",\"inLanguage\":\"es\",\"@id\":\"https:\/\/ajeandalucia.org\/jaen\/#\/schema\/person\/image\/\",\"url\":\"https:\/\/secure.gravatar.com\/avatar\/ed67a5b3285e30f3be2c8daa2d1ea5569f263bccad21503d9b9c7a970f13f7a4?s=96&d=mm&r=g\",\"contentUrl\":\"https:\/\/secure.gravatar.com\/avatar\/ed67a5b3285e30f3be2c8daa2d1ea5569f263bccad21503d9b9c7a970f13f7a4?s=96&d=mm&r=g\",\"caption\":\"jaen\"},\"url\":\"https:\/\/ajeandalucia.org\/jaen\/author\/jaen\/\"}]}<\/script>\n<!-- \/ Yoast SEO plugin. -->","yoast_head_json":{"title":"Reto Demogr\u00e1fico 2021-2022 || Diputaci\u00f3n de Ja\u00e9n - AJE Ja\u00e9n","robots":{"index":"index","follow":"follow","max-snippet":"max-snippet:-1","max-image-preview":"max-image-preview:large","max-video-preview":"max-video-preview:-1"},"canonical":"https:\/\/ajeandalucia.org\/jaen\/2021\/05\/10\/reto-demografico-2021-2022-diputacion-de-jaen\/","og_locale":"es_ES","og_type":"article","og_title":"Reto Demogr\u00e1fico 2021-2022 || Diputaci\u00f3n de Ja\u00e9n - AJE Ja\u00e9n","og_description":"\u00a0El\u00a0programa RETO DEMOGR\u00c1FICO de la Diputaci\u00f3n Provincial de Ja\u00e9n\u00a0facilita los siguientes instrumentos a j\u00f3venes que deseen tener un proyecto empresarial, [&hellip;]","og_url":"https:\/\/ajeandalucia.org\/jaen\/2021\/05\/10\/reto-demografico-2021-2022-diputacion-de-jaen\/","og_site_name":"AJE Ja\u00e9n","article_published_time":"2021-05-10T11:29:47+00:00","article_modified_time":"2021-05-17T16:38:04+00:00","og_image":[{"width":1766,"height":1249,"url":"https:\/\/ajeandalucia.org\/jaen\/wp-content\/uploads\/sites\/9\/2021\/05\/RetoD-folleto-BR-ABRIL-21_P\u00e1gina_01.jpg","type":"image\/jpeg"}],"author":"jaen","twitter_card":"summary_large_image","twitter_misc":{"Escrito por":"jaen","Tiempo de lectura":"3 minutos"},"schema":{"@context":"https:\/\/schema.org","@graph":[{"@type":"Article","@id":"https:\/\/ajeandalucia.org\/jaen\/2021\/05\/10\/reto-demografico-2021-2022-diputacion-de-jaen\/#article","isPartOf":{"@id":"https:\/\/ajeandalucia.org\/jaen\/2021\/05\/10\/reto-demografico-2021-2022-diputacion-de-jaen\/"},"author":{"name":"jaen","@id":"https:\/\/ajeandalucia.org\/jaen\/#\/schema\/person\/cde0c877dad85cce36ef3275c9cdba8c"},"headline":"Reto Demogr\u00e1fico 2021-2022 || Diputaci\u00f3n de Ja\u00e9n","datePublished":"2021-05-10T11:29:47+00:00","dateModified":"2021-05-17T16:38:04+00:00","mainEntityOfPage":{"@id":"https:\/\/ajeandalucia.org\/jaen\/2021\/05\/10\/reto-demografico-2021-2022-diputacion-de-jaen\/"},"wordCount":628,"commentCount":0,"publisher":{"@id":"https:\/\/ajeandalucia.org\/jaen\/#organization"},"image":{"@id":"https:\/\/ajeandalucia.org\/jaen\/2021\/05\/10\/reto-demografico-2021-2022-diputacion-de-jaen\/#primaryimage"},"thumbnailUrl":"https:\/\/ajeandalucia.org\/jaen\/wp-content\/uploads\/sites\/9\/2021\/05\/RetoD-folleto-BR-ABRIL-21_P\u00e1gina_01.jpg","articleSection":["Consultor\u00eda","Noticias"],"inLanguage":"es","potentialAction":[{"@type":"CommentAction","name":"Comment","target":["https:\/\/ajeandalucia.org\/jaen\/2021\/05\/10\/reto-demografico-2021-2022-diputacion-de-jaen\/#respond"]}]},{"@type":"WebPage","@id":"https:\/\/ajeandalucia.org\/jaen\/2021\/05\/10\/reto-demografico-2021-2022-diputacion-de-jaen\/","url":"https:\/\/ajeandalucia.org\/jaen\/2021\/05\/10\/reto-demografico-2021-2022-diputacion-de-jaen\/","name":"Reto Demogr\u00e1fico 2021-2022 || Diputaci\u00f3n de Ja\u00e9n - AJE Ja\u00e9n","isPartOf":{"@id":"https:\/\/ajeandalucia.org\/jaen\/#website"},"primaryImageOfPage":{"@id":"https:\/\/ajeandalucia.org\/jaen\/2021\/05\/10\/reto-demografico-2021-2022-diputacion-de-jaen\/#primaryimage"},"image":{"@id":"https:\/\/ajeandalucia.org\/jaen\/2021\/05\/10\/reto-demografico-2021-2022-diputacion-de-jaen\/#primaryimage"},"thumbnailUrl":"https:\/\/ajeandalucia.org\/jaen\/wp-content\/uploads\/sites\/9\/2021\/05\/RetoD-folleto-BR-ABRIL-21_P\u00e1gina_01.jpg","datePublished":"2021-05-10T11:29:47+00:00","dateModified":"2021-05-17T16:38:04+00:00","breadcrumb":{"@id":"https:\/\/ajeandalucia.org\/jaen\/2021\/05\/10\/reto-demografico-2021-2022-diputacion-de-jaen\/#breadcrumb"},"inLanguage":"es","potentialAction":[{"@type":"ReadAction","target":["https:\/\/ajeandalucia.org\/jaen\/2021\/05\/10\/reto-demografico-2021-2022-diputacion-de-jaen\/"]}]},{"@type":"ImageObject","inLanguage":"es","@id":"https:\/\/ajeandalucia.org\/jaen\/2021\/05\/10\/reto-demografico-2021-2022-diputacion-de-jaen\/#primaryimage","url":"https:\/\/ajeandalucia.org\/jaen\/wp-content\/uploads\/sites\/9\/2021\/05\/RetoD-folleto-BR-ABRIL-21_P\u00e1gina_01.jpg","contentUrl":"https:\/\/ajeandalucia.org\/jaen\/wp-content\/uploads\/sites\/9\/2021\/05\/RetoD-folleto-BR-ABRIL-21_P\u00e1gina_01.jpg","width":1766,"height":1249},{"@type":"BreadcrumbList","@id":"https:\/\/ajeandalucia.org\/jaen\/2021\/05\/10\/reto-demografico-2021-2022-diputacion-de-jaen\/#breadcrumb","itemListElement":[{"@type":"ListItem","position":1,"name":"Portada","item":"https:\/\/ajeandalucia.org\/jaen\/"},{"@type":"ListItem","position":2,"name":"Reto Demogr\u00e1fico 2021-2022 || Diputaci\u00f3n de Ja\u00e9n"}]},{"@type":"WebSite","@id":"https:\/\/ajeandalucia.org\/jaen\/#website","url":"https:\/\/ajeandalucia.org\/jaen\/","name":"AJE Ja\u00e9n","description":"Otro sitio m\u00e1s de AJE Andaluc\u00eda","publisher":{"@id":"https:\/\/ajeandalucia.org\/jaen\/#organization"},"potentialAction":[{"@type":"SearchAction","target":{"@type":"EntryPoint","urlTemplate":"https:\/\/ajeandalucia.org\/jaen\/?s={search_term_string}"},"query-input":{"@type":"PropertyValueSpecification","valueRequired":true,"valueName":"search_term_string"}}],"inLanguage":"es"},{"@type":"Organization","@id":"https:\/\/ajeandalucia.org\/jaen\/#organization","name":"AJE Ja\u00e9n","url":"https:\/\/ajeandalucia.org\/jaen\/","logo":{"@type":"ImageObject","inLanguage":"es","@id":"https:\/\/ajeandalucia.org\/jaen\/#\/schema\/logo\/image\/","url":"https:\/\/ajeandalucia.org\/jaen\/wp-content\/uploads\/sites\/9\/2025\/01\/logotipo-aje-andalucia-jovenes-empresarios-1.png","contentUrl":"https:\/\/ajeandalucia.org\/jaen\/wp-content\/uploads\/sites\/9\/2025\/01\/logotipo-aje-andalucia-jovenes-empresarios-1.png","width":1129,"height":207,"caption":"AJE Ja\u00e9n"},"image":{"@id":"https:\/\/ajeandalucia.org\/jaen\/#\/schema\/logo\/image\/"}},{"@type":"Person","@id":"https:\/\/ajeandalucia.org\/jaen\/#\/schema\/person\/cde0c877dad85cce36ef3275c9cdba8c","name":"jaen","image":{"@type":"ImageObject","inLanguage":"es","@id":"https:\/\/ajeandalucia.org\/jaen\/#\/schema\/person\/image\/","url":"https:\/\/secure.gravatar.com\/avatar\/ed67a5b3285e30f3be2c8daa2d1ea5569f263bccad21503d9b9c7a970f13f7a4?s=96&d=mm&r=g","contentUrl":"https:\/\/secure.gravatar.com\/avatar\/ed67a5b3285e30f3be2c8daa2d1ea5569f263bccad21503d9b9c7a970f13f7a4?s=96&d=mm&r=g","caption":"jaen"},"url":"https:\/\/ajeandalucia.org\/jaen\/author\/jaen\/"}]}},"_links":{"self":[{"href":"https:\/\/ajeandalucia.org\/jaen\/wp-json\/wp\/v2\/posts\/7171","targetHints":{"allow":["GET"]}}],"collection":[{"href":"https:\/\/ajeandalucia.org\/jaen\/wp-json\/wp\/v2\/posts"}],"about":[{"href":"https:\/\/ajeandalucia.org\/jaen\/wp-json\/wp\/v2\/types\/post"}],"author":[{"embeddable":true,"href":"https:\/\/ajeandalucia.org\/jaen\/wp-json\/wp\/v2\/users\/8"}],"replies":[{"embeddable":true,"href":"https:\/\/ajeandalucia.org\/jaen\/wp-json\/wp\/v2\/comments?post=7171"}],"version-history":[{"count":4,"href":"https:\/\/ajeandalucia.org\/jaen\/wp-json\/wp\/v2\/posts\/7171\/revisions"}],"predecessor-version":[{"id":7176,"href":"https:\/\/ajeandalucia.org\/jaen\/wp-json\/wp\/v2\/posts\/7171\/revisions\/7176"}],"wp:featuredmedia":[{"embeddable":true,"href":"https:\/\/ajeandalucia.org\/jaen\/wp-json\/wp\/v2\/media\/7172"}],"wp:attachment":[{"href":"https:\/\/ajeandalucia.org\/jaen\/wp-json\/wp\/v2\/media?parent=7171"}],"wp:term":[{"taxonomy":"category","embeddable":true,"href":"https:\/\/ajeandalucia.org\/jaen\/wp-json\/wp\/v2\/categories?post=7171"},{"taxonomy":"post_tag","embeddable":true,"href":"https:\/\/ajeandalucia.org\/jaen\/wp-json\/wp\/v2\/tags?post=7171"}],"curies":[{"name":"wp","href":"https:\/\/api.w.org\/{rel}","templated":true}]}}