{"id":7744,"date":"2022-02-14 14:24:58","date_gmt":"2022-02-14T12:24:58","guid":{"rendered":"https:\/\/www.ajeandalucia.org\/jaen\/?p=7744"},"modified":"2025-05-22T11:16:54","modified_gmt":"2025-05-22T09:16:54","slug":"promocion-asisa-hasta-el-28-de-febrero","status":"publish","type":"post","link":"https:\/\/ajeandalucia.org\/jaen\/2022\/02\/14\/promocion-asisa-hasta-el-28-de-febrero\/","title":{"rendered":"Cuida tu salud con ASISA y benef\u00edciate de las promociones activas hasta el 28 de febrero"},"content":{"rendered":"<div id='gallery-1' class='gallery galleryid-7744 gallery-columns-3 gallery-size-medium'><figure class='gallery-item'>\n\t\t\t<div class='gallery-icon portrait'>\n\t\t\t\t<a href='https:\/\/ajeandalucia.org\/jaen\/wp-content\/uploads\/sites\/9\/2022\/02\/ASISA-DENTAL-PROMOCION-AJE-FEBRERO22.jpg'><img loading=\"lazy\" decoding=\"async\" width=\"212\" height=\"300\" src=\"https:\/\/ajeandalucia.org\/jaen\/wp-content\/uploads\/sites\/9\/2022\/02\/ASISA-DENTAL-PROMOCION-AJE-FEBRERO22-212x300.jpg\" class=\"attachment-medium size-medium\" alt=\"\" aria-describedby=\"gallery-1-7745\" srcset=\"https:\/\/ajeandalucia.org\/jaen\/wp-content\/uploads\/sites\/9\/2022\/02\/ASISA-DENTAL-PROMOCION-AJE-FEBRERO22-212x300.jpg 212w, https:\/\/ajeandalucia.org\/jaen\/wp-content\/uploads\/sites\/9\/2022\/02\/ASISA-DENTAL-PROMOCION-AJE-FEBRERO22-768x1087.jpg 768w, https:\/\/ajeandalucia.org\/jaen\/wp-content\/uploads\/sites\/9\/2022\/02\/ASISA-DENTAL-PROMOCION-AJE-FEBRERO22-724x1024.jpg 724w, https:\/\/ajeandalucia.org\/jaen\/wp-content\/uploads\/sites\/9\/2022\/02\/ASISA-DENTAL-PROMOCION-AJE-FEBRERO22.jpg 997w\" sizes=\"auto, (max-width: 212px) 100vw, 212px\" \/><\/a>\n\t\t\t<\/div>\n\t\t\t\t<figcaption class='wp-caption-text gallery-caption' id='gallery-1-7745'>\n\t\t\t\tASISA Dental Pymes\n\t\t\t\t<\/figcaption><\/figure><figure class='gallery-item'>\n\t\t\t<div class='gallery-icon portrait'>\n\t\t\t\t<a href='https:\/\/ajeandalucia.org\/jaen\/wp-content\/uploads\/sites\/9\/2022\/02\/ASISA-SALUD-PROMOCION-AJE-FEBRERO22.jpg'><img loading=\"lazy\" decoding=\"async\" width=\"212\" height=\"300\" src=\"https:\/\/ajeandalucia.org\/jaen\/wp-content\/uploads\/sites\/9\/2022\/02\/ASISA-SALUD-PROMOCION-AJE-FEBRERO22-212x300.jpg\" class=\"attachment-medium size-medium\" alt=\"\" aria-describedby=\"gallery-1-7746\" srcset=\"https:\/\/ajeandalucia.org\/jaen\/wp-content\/uploads\/sites\/9\/2022\/02\/ASISA-SALUD-PROMOCION-AJE-FEBRERO22-212x300.jpg 212w, https:\/\/ajeandalucia.org\/jaen\/wp-content\/uploads\/sites\/9\/2022\/02\/ASISA-SALUD-PROMOCION-AJE-FEBRERO22-768x1085.jpg 768w, https:\/\/ajeandalucia.org\/jaen\/wp-content\/uploads\/sites\/9\/2022\/02\/ASISA-SALUD-PROMOCION-AJE-FEBRERO22-725x1024.jpg 725w, https:\/\/ajeandalucia.org\/jaen\/wp-content\/uploads\/sites\/9\/2022\/02\/ASISA-SALUD-PROMOCION-AJE-FEBRERO22.jpg 999w\" sizes=\"auto, (max-width: 212px) 100vw, 212px\" \/><\/a>\n\t\t\t<\/div>\n\t\t\t\t<figcaption class='wp-caption-text gallery-caption' id='gallery-1-7746'>\n\t\t\t\tASISA Pr\u00f3xima Pymes\n\t\t\t\t<\/figcaption><\/figure><figure class='gallery-item'>\n\t\t\t<div class='gallery-icon portrait'>\n\t\t\t\t<a href='https:\/\/ajeandalucia.org\/jaen\/wp-content\/uploads\/sites\/9\/2022\/02\/ASISA-VIDA-PRIMA-2022-PROFESION-SIN-RIESGO.jpg'><img loading=\"lazy\" decoding=\"async\" width=\"212\" height=\"300\" src=\"https:\/\/ajeandalucia.org\/jaen\/wp-content\/uploads\/sites\/9\/2022\/02\/ASISA-VIDA-PRIMA-2022-PROFESION-SIN-RIESGO-212x300.jpg\" class=\"attachment-medium size-medium\" alt=\"\" aria-describedby=\"gallery-1-7747\" srcset=\"https:\/\/ajeandalucia.org\/jaen\/wp-content\/uploads\/sites\/9\/2022\/02\/ASISA-VIDA-PRIMA-2022-PROFESION-SIN-RIESGO-212x300.jpg 212w, https:\/\/ajeandalucia.org\/jaen\/wp-content\/uploads\/sites\/9\/2022\/02\/ASISA-VIDA-PRIMA-2022-PROFESION-SIN-RIESGO-768x1086.jpg 768w, https:\/\/ajeandalucia.org\/jaen\/wp-content\/uploads\/sites\/9\/2022\/02\/ASISA-VIDA-PRIMA-2022-PROFESION-SIN-RIESGO-724x1024.jpg 724w, https:\/\/ajeandalucia.org\/jaen\/wp-content\/uploads\/sites\/9\/2022\/02\/ASISA-VIDA-PRIMA-2022-PROFESION-SIN-RIESGO.jpg 1042w\" sizes=\"auto, (max-width: 212px) 100vw, 212px\" \/><\/a>\n\t\t\t<\/div>\n\t\t\t\t<figcaption class='wp-caption-text gallery-caption' id='gallery-1-7747'>\n\t\t\t\tASISA VIda Tranquilidad\n\t\t\t\t<\/figcaption><\/figure>\n\t\t<\/div>\n\n<p><a href=\"https:\/\/www.asisa.es\/seguros-de-salud\">ASISA<\/a> <span style=\"color: #000000\">ampl\u00eda la promoci\u00f3n para los asociad@s hasta el 28 de febrero<\/span><\/p>\n<p><!--more--><\/p>\n<ul>\n<li><span style=\"color: #000000\">Seguro de <strong>ASISA VIDA TRANQUILIDAD<\/strong> desde 30\u20ac al a\u00f1o con la mejor prima del mercado en cobertura de fallecimiento e incapacidad. Presupuesto\u00a0personalizado sin compromiso.\u00a0\u00a0<\/span><\/li>\n<\/ul>\n<p>&nbsp;<\/p>\n<ul>\n<li><span style=\"color: #000000\"><strong>SALUD COBERTURA CONSULTAS Y PRUEBAS CON Y SIN COPAGOS.<\/strong> Para que accedas a las ventajas de la sanidad privada. Con ASSISA Pr\u00f3xima Pyme o Pr\u00f3xima Pyme Plus tanto si eres aut\u00f3nomo, empleado o familiar dispondr\u00e1s de la mayor atenci\u00f3n extra hospitalaria. <\/span><\/li>\n<\/ul>\n<p>&nbsp;<\/p>\n<ul>\n<li><span style=\"color: #000000\">Seguro <strong>DENTAL INDIVIDUAL O FAMILIAR<\/strong> desde 6.89\u20ac\/mes\/persona. Con tu seguro ASISA Pymes t\u00fa, tu familia y todas las personas que forman parte de tu empresa ten\u00e9is acceso a la asistencia bucodental m\u00e1s completa:\u00a0 50 cl\u00ednicas de ASISA dental, m\u00e1s\u00a0de 1.700 especialistas de referencia las tecnolog\u00edas m\u00e1s avanzadas en salud bucodental.\u00a0<\/span><\/li>\n<\/ul>\n<p>&nbsp;<\/p>\n<p><span style=\"color: #000000\">Datos de contacto:\u00a0<\/span><\/p>\n<ul>\n<li><span style=\"color: #000000\">Gema Mat\u00ednez, Asesora Comercial\u00a0<\/span><\/li>\n<li><span style=\"color: #000000\">Tel\u00e9fono: 617 567 277<\/span><\/li>\n<li><span style=\"color: #000000\"><span style=\"color: #000000\">Correo:\u00a0<strong style=\"color: #333333\">\u00a0<\/strong><strong style=\"color: #333333\"><a href=\"mailto:gemaasisajaen@gmail.com\">gmartinez@tuasesorasisa.es<\/a><\/strong><br \/>\n<\/span><\/span><span style=\"color: #000000\">\u00a0<\/span><\/li>\n<\/ul>\n<p>&nbsp;<\/p>\n<p>&nbsp;<\/p>\n","protected":false},"excerpt":{"rendered":"<p>ASISA ampl\u00eda la promoci\u00f3n para los asociad@s hasta el 28 de febrero<\/p>\n","protected":false},"author":8,"featured_media":7746,"comment_status":"open","ping_status":"open","sticky":false,"template":"","format":"standard","meta":{"_acf_changed":false,"site-sidebar-layout":"default","site-content-layout":"","ast-site-content-layout":"default","site-content-style":"default","site-sidebar-style":"default","ast-global-header-display":"","ast-banner-title-visibility":"","ast-main-header-display":"","ast-hfb-above-header-display":"","ast-hfb-below-header-display":"","ast-hfb-mobile-header-display":"","site-post-title":"","ast-breadcrumbs-content":"","ast-featured-img":"","footer-sml-layout":"","ast-disable-related-posts":"","theme-transparent-header-meta":"","adv-header-id-meta":"","stick-header-meta":"","header-above-stick-meta":"","header-main-stick-meta":"","header-below-stick-meta":"","astra-migrate-meta-layouts":"default","ast-page-background-enabled":"default","ast-page-background-meta":{"desktop":{"background-color":"var(--ast-global-color-5)","background-image":"","background-repeat":"repeat","background-position":"center center","background-size":"auto","background-attachment":"scroll","background-type":"","background-media":"","overlay-type":"","overlay-color":"","overlay-opacity":"","overlay-gradient":""},"tablet":{"background-color":"","background-image":"","background-repeat":"repeat","background-position":"center center","background-size":"auto","background-attachment":"scroll","background-type":"","background-media":"","overlay-type":"","overlay-color":"","overlay-opacity":"","overlay-gradient":""},"mobile":{"background-color":"","background-image":"","background-repeat":"repeat","background-position":"center center","background-size":"auto","background-attachment":"scroll","background-type":"","background-media":"","overlay-type":"","overlay-color":"","overlay-opacity":"","overlay-gradient":""}},"ast-content-background-meta":{"desktop":{"background-color":"var(--ast-global-color-4)","background-image":"","background-repeat":"repeat","background-position":"center center","background-size":"auto","background-attachment":"scroll","background-type":"","background-media":"","overlay-type":"","overlay-color":"","overlay-opacity":"","overlay-gradient":""},"tablet":{"background-color":"var(--ast-global-color-4)","background-image":"","background-repeat":"repeat","background-position":"center center","background-size":"auto","background-attachment":"scroll","background-type":"","background-media":"","overlay-type":"","overlay-color":"","overlay-opacity":"","overlay-gradient":""},"mobile":{"background-color":"var(--ast-global-color-4)","background-image":"","background-repeat":"repeat","background-position":"center center","background-size":"auto","background-attachment":"scroll","background-type":"","background-media":"","overlay-type":"","overlay-color":"","overlay-opacity":"","overlay-gradient":""}},"footnotes":""},"categories":[8],"tags":[],"class_list":["post-7744","post","type-post","status-publish","format-standard","has-post-thumbnail","hentry","category-noticias"],"acf":[],"yoast_head":"<!-- This site is optimized with the Yoast SEO plugin v26.9 - https:\/\/yoast.com\/product\/yoast-seo-wordpress\/ -->\n<title>Cuida tu salud con ASISA y benef\u00edciate de las promociones activas hasta el 28 de febrero - AJE Ja\u00e9n<\/title>\n<meta name=\"robots\" content=\"index, follow, max-snippet:-1, max-image-preview:large, max-video-preview:-1\" \/>\n<link rel=\"canonical\" href=\"https:\/\/ajeandalucia.org\/jaen\/2022\/02\/14\/promocion-asisa-hasta-el-28-de-febrero\/\" \/>\n<meta property=\"og:locale\" content=\"es_ES\" \/>\n<meta property=\"og:type\" content=\"article\" \/>\n<meta property=\"og:title\" content=\"Cuida tu salud con ASISA y benef\u00edciate de las promociones activas hasta el 28 de febrero - AJE Ja\u00e9n\" \/>\n<meta property=\"og:description\" content=\"ASISA ampl\u00eda la promoci\u00f3n para los asociad@s hasta el 28 de febrero\" \/>\n<meta property=\"og:url\" content=\"https:\/\/ajeandalucia.org\/jaen\/2022\/02\/14\/promocion-asisa-hasta-el-28-de-febrero\/\" \/>\n<meta property=\"og:site_name\" content=\"AJE Ja\u00e9n\" \/>\n<meta property=\"article:published_time\" content=\"2022-02-14T12:24:58+00:00\" \/>\n<meta property=\"article:modified_time\" content=\"2025-05-22T09:16:54+00:00\" \/>\n<meta property=\"og:image\" content=\"https:\/\/ajeandalucia.org\/jaen\/wp-content\/uploads\/sites\/9\/2022\/02\/ASISA-SALUD-PROMOCION-AJE-FEBRERO22.jpg\" \/>\n\t<meta property=\"og:image:width\" content=\"999\" \/>\n\t<meta property=\"og:image:height\" content=\"1411\" \/>\n\t<meta property=\"og:image:type\" content=\"image\/jpeg\" \/>\n<meta name=\"author\" content=\"jaen\" \/>\n<meta name=\"twitter:card\" content=\"summary_large_image\" \/>\n<meta name=\"twitter:label1\" content=\"Escrito por\" \/>\n\t<meta name=\"twitter:data1\" content=\"jaen\" \/>\n\t<meta name=\"twitter:label2\" content=\"Tiempo de lectura\" \/>\n\t<meta name=\"twitter:data2\" content=\"1 minuto\" \/>\n<script type=\"application\/ld+json\" class=\"yoast-schema-graph\">{\"@context\":\"https:\/\/schema.org\",\"@graph\":[{\"@type\":\"Article\",\"@id\":\"https:\/\/ajeandalucia.org\/jaen\/2022\/02\/14\/promocion-asisa-hasta-el-28-de-febrero\/#article\",\"isPartOf\":{\"@id\":\"https:\/\/ajeandalucia.org\/jaen\/2022\/02\/14\/promocion-asisa-hasta-el-28-de-febrero\/\"},\"author\":{\"name\":\"jaen\",\"@id\":\"https:\/\/ajeandalucia.org\/jaen\/#\/schema\/person\/cde0c877dad85cce36ef3275c9cdba8c\"},\"headline\":\"Cuida tu salud con ASISA y benef\u00edciate de las promociones activas hasta el 28 de febrero\",\"datePublished\":\"2022-02-14T12:24:58+00:00\",\"dateModified\":\"2025-05-22T09:16:54+00:00\",\"mainEntityOfPage\":{\"@id\":\"https:\/\/ajeandalucia.org\/jaen\/2022\/02\/14\/promocion-asisa-hasta-el-28-de-febrero\/\"},\"wordCount\":182,\"commentCount\":0,\"publisher\":{\"@id\":\"https:\/\/ajeandalucia.org\/jaen\/#organization\"},\"image\":{\"@id\":\"https:\/\/ajeandalucia.org\/jaen\/2022\/02\/14\/promocion-asisa-hasta-el-28-de-febrero\/#primaryimage\"},\"thumbnailUrl\":\"https:\/\/ajeandalucia.org\/jaen\/wp-content\/uploads\/sites\/9\/2022\/02\/ASISA-SALUD-PROMOCION-AJE-FEBRERO22.jpg\",\"articleSection\":[\"Noticias\"],\"inLanguage\":\"es\",\"potentialAction\":[{\"@type\":\"CommentAction\",\"name\":\"Comment\",\"target\":[\"https:\/\/ajeandalucia.org\/jaen\/2022\/02\/14\/promocion-asisa-hasta-el-28-de-febrero\/#respond\"]}]},{\"@type\":\"WebPage\",\"@id\":\"https:\/\/ajeandalucia.org\/jaen\/2022\/02\/14\/promocion-asisa-hasta-el-28-de-febrero\/\",\"url\":\"https:\/\/ajeandalucia.org\/jaen\/2022\/02\/14\/promocion-asisa-hasta-el-28-de-febrero\/\",\"name\":\"Cuida tu salud con ASISA y benef\u00edciate de las promociones activas hasta el 28 de febrero - AJE Ja\u00e9n\",\"isPartOf\":{\"@id\":\"https:\/\/ajeandalucia.org\/jaen\/#website\"},\"primaryImageOfPage\":{\"@id\":\"https:\/\/ajeandalucia.org\/jaen\/2022\/02\/14\/promocion-asisa-hasta-el-28-de-febrero\/#primaryimage\"},\"image\":{\"@id\":\"https:\/\/ajeandalucia.org\/jaen\/2022\/02\/14\/promocion-asisa-hasta-el-28-de-febrero\/#primaryimage\"},\"thumbnailUrl\":\"https:\/\/ajeandalucia.org\/jaen\/wp-content\/uploads\/sites\/9\/2022\/02\/ASISA-SALUD-PROMOCION-AJE-FEBRERO22.jpg\",\"datePublished\":\"2022-02-14T12:24:58+00:00\",\"dateModified\":\"2025-05-22T09:16:54+00:00\",\"breadcrumb\":{\"@id\":\"https:\/\/ajeandalucia.org\/jaen\/2022\/02\/14\/promocion-asisa-hasta-el-28-de-febrero\/#breadcrumb\"},\"inLanguage\":\"es\",\"potentialAction\":[{\"@type\":\"ReadAction\",\"target\":[\"https:\/\/ajeandalucia.org\/jaen\/2022\/02\/14\/promocion-asisa-hasta-el-28-de-febrero\/\"]}]},{\"@type\":\"ImageObject\",\"inLanguage\":\"es\",\"@id\":\"https:\/\/ajeandalucia.org\/jaen\/2022\/02\/14\/promocion-asisa-hasta-el-28-de-febrero\/#primaryimage\",\"url\":\"https:\/\/ajeandalucia.org\/jaen\/wp-content\/uploads\/sites\/9\/2022\/02\/ASISA-SALUD-PROMOCION-AJE-FEBRERO22.jpg\",\"contentUrl\":\"https:\/\/ajeandalucia.org\/jaen\/wp-content\/uploads\/sites\/9\/2022\/02\/ASISA-SALUD-PROMOCION-AJE-FEBRERO22.jpg\",\"width\":999,\"height\":1411,\"caption\":\"ASISA Pr\u00f3xima Pymes\"},{\"@type\":\"BreadcrumbList\",\"@id\":\"https:\/\/ajeandalucia.org\/jaen\/2022\/02\/14\/promocion-asisa-hasta-el-28-de-febrero\/#breadcrumb\",\"itemListElement\":[{\"@type\":\"ListItem\",\"position\":1,\"name\":\"Portada\",\"item\":\"https:\/\/ajeandalucia.org\/jaen\/\"},{\"@type\":\"ListItem\",\"position\":2,\"name\":\"Cuida tu salud con ASISA y benef\u00edciate de las promociones activas hasta el 28 de febrero\"}]},{\"@type\":\"WebSite\",\"@id\":\"https:\/\/ajeandalucia.org\/jaen\/#website\",\"url\":\"https:\/\/ajeandalucia.org\/jaen\/\",\"name\":\"AJE Ja\u00e9n\",\"description\":\"Otro sitio m\u00e1s de AJE Andaluc\u00eda\",\"publisher\":{\"@id\":\"https:\/\/ajeandalucia.org\/jaen\/#organization\"},\"potentialAction\":[{\"@type\":\"SearchAction\",\"target\":{\"@type\":\"EntryPoint\",\"urlTemplate\":\"https:\/\/ajeandalucia.org\/jaen\/?s={search_term_string}\"},\"query-input\":{\"@type\":\"PropertyValueSpecification\",\"valueRequired\":true,\"valueName\":\"search_term_string\"}}],\"inLanguage\":\"es\"},{\"@type\":\"Organization\",\"@id\":\"https:\/\/ajeandalucia.org\/jaen\/#organization\",\"name\":\"AJE Ja\u00e9n\",\"url\":\"https:\/\/ajeandalucia.org\/jaen\/\",\"logo\":{\"@type\":\"ImageObject\",\"inLanguage\":\"es\",\"@id\":\"https:\/\/ajeandalucia.org\/jaen\/#\/schema\/logo\/image\/\",\"url\":\"https:\/\/ajeandalucia.org\/jaen\/wp-content\/uploads\/sites\/9\/2025\/01\/logotipo-aje-andalucia-jovenes-empresarios-1.png\",\"contentUrl\":\"https:\/\/ajeandalucia.org\/jaen\/wp-content\/uploads\/sites\/9\/2025\/01\/logotipo-aje-andalucia-jovenes-empresarios-1.png\",\"width\":1129,\"height\":207,\"caption\":\"AJE Ja\u00e9n\"},\"image\":{\"@id\":\"https:\/\/ajeandalucia.org\/jaen\/#\/schema\/logo\/image\/\"}},{\"@type\":\"Person\",\"@id\":\"https:\/\/ajeandalucia.org\/jaen\/#\/schema\/person\/cde0c877dad85cce36ef3275c9cdba8c\",\"name\":\"jaen\",\"image\":{\"@type\":\"ImageObject\",\"inLanguage\":\"es\",\"@id\":\"https:\/\/ajeandalucia.org\/jaen\/#\/schema\/person\/image\/\",\"url\":\"https:\/\/secure.gravatar.com\/avatar\/ed67a5b3285e30f3be2c8daa2d1ea5569f263bccad21503d9b9c7a970f13f7a4?s=96&d=mm&r=g\",\"contentUrl\":\"https:\/\/secure.gravatar.com\/avatar\/ed67a5b3285e30f3be2c8daa2d1ea5569f263bccad21503d9b9c7a970f13f7a4?s=96&d=mm&r=g\",\"caption\":\"jaen\"},\"url\":\"https:\/\/ajeandalucia.org\/jaen\/author\/jaen\/\"}]}<\/script>\n<!-- \/ Yoast SEO plugin. -->","yoast_head_json":{"title":"Cuida tu salud con ASISA y benef\u00edciate de las promociones activas hasta el 28 de febrero - AJE Ja\u00e9n","robots":{"index":"index","follow":"follow","max-snippet":"max-snippet:-1","max-image-preview":"max-image-preview:large","max-video-preview":"max-video-preview:-1"},"canonical":"https:\/\/ajeandalucia.org\/jaen\/2022\/02\/14\/promocion-asisa-hasta-el-28-de-febrero\/","og_locale":"es_ES","og_type":"article","og_title":"Cuida tu salud con ASISA y benef\u00edciate de las promociones activas hasta el 28 de febrero - AJE Ja\u00e9n","og_description":"ASISA ampl\u00eda la promoci\u00f3n para los asociad@s hasta el 28 de febrero","og_url":"https:\/\/ajeandalucia.org\/jaen\/2022\/02\/14\/promocion-asisa-hasta-el-28-de-febrero\/","og_site_name":"AJE Ja\u00e9n","article_published_time":"2022-02-14T12:24:58+00:00","article_modified_time":"2025-05-22T09:16:54+00:00","og_image":[{"width":999,"height":1411,"url":"https:\/\/ajeandalucia.org\/jaen\/wp-content\/uploads\/sites\/9\/2022\/02\/ASISA-SALUD-PROMOCION-AJE-FEBRERO22.jpg","type":"image\/jpeg"}],"author":"jaen","twitter_card":"summary_large_image","twitter_misc":{"Escrito por":"jaen","Tiempo de lectura":"1 minuto"},"schema":{"@context":"https:\/\/schema.org","@graph":[{"@type":"Article","@id":"https:\/\/ajeandalucia.org\/jaen\/2022\/02\/14\/promocion-asisa-hasta-el-28-de-febrero\/#article","isPartOf":{"@id":"https:\/\/ajeandalucia.org\/jaen\/2022\/02\/14\/promocion-asisa-hasta-el-28-de-febrero\/"},"author":{"name":"jaen","@id":"https:\/\/ajeandalucia.org\/jaen\/#\/schema\/person\/cde0c877dad85cce36ef3275c9cdba8c"},"headline":"Cuida tu salud con ASISA y benef\u00edciate de las promociones activas hasta el 28 de febrero","datePublished":"2022-02-14T12:24:58+00:00","dateModified":"2025-05-22T09:16:54+00:00","mainEntityOfPage":{"@id":"https:\/\/ajeandalucia.org\/jaen\/2022\/02\/14\/promocion-asisa-hasta-el-28-de-febrero\/"},"wordCount":182,"commentCount":0,"publisher":{"@id":"https:\/\/ajeandalucia.org\/jaen\/#organization"},"image":{"@id":"https:\/\/ajeandalucia.org\/jaen\/2022\/02\/14\/promocion-asisa-hasta-el-28-de-febrero\/#primaryimage"},"thumbnailUrl":"https:\/\/ajeandalucia.org\/jaen\/wp-content\/uploads\/sites\/9\/2022\/02\/ASISA-SALUD-PROMOCION-AJE-FEBRERO22.jpg","articleSection":["Noticias"],"inLanguage":"es","potentialAction":[{"@type":"CommentAction","name":"Comment","target":["https:\/\/ajeandalucia.org\/jaen\/2022\/02\/14\/promocion-asisa-hasta-el-28-de-febrero\/#respond"]}]},{"@type":"WebPage","@id":"https:\/\/ajeandalucia.org\/jaen\/2022\/02\/14\/promocion-asisa-hasta-el-28-de-febrero\/","url":"https:\/\/ajeandalucia.org\/jaen\/2022\/02\/14\/promocion-asisa-hasta-el-28-de-febrero\/","name":"Cuida tu salud con ASISA y benef\u00edciate de las promociones activas hasta el 28 de febrero - AJE Ja\u00e9n","isPartOf":{"@id":"https:\/\/ajeandalucia.org\/jaen\/#website"},"primaryImageOfPage":{"@id":"https:\/\/ajeandalucia.org\/jaen\/2022\/02\/14\/promocion-asisa-hasta-el-28-de-febrero\/#primaryimage"},"image":{"@id":"https:\/\/ajeandalucia.org\/jaen\/2022\/02\/14\/promocion-asisa-hasta-el-28-de-febrero\/#primaryimage"},"thumbnailUrl":"https:\/\/ajeandalucia.org\/jaen\/wp-content\/uploads\/sites\/9\/2022\/02\/ASISA-SALUD-PROMOCION-AJE-FEBRERO22.jpg","datePublished":"2022-02-14T12:24:58+00:00","dateModified":"2025-05-22T09:16:54+00:00","breadcrumb":{"@id":"https:\/\/ajeandalucia.org\/jaen\/2022\/02\/14\/promocion-asisa-hasta-el-28-de-febrero\/#breadcrumb"},"inLanguage":"es","potentialAction":[{"@type":"ReadAction","target":["https:\/\/ajeandalucia.org\/jaen\/2022\/02\/14\/promocion-asisa-hasta-el-28-de-febrero\/"]}]},{"@type":"ImageObject","inLanguage":"es","@id":"https:\/\/ajeandalucia.org\/jaen\/2022\/02\/14\/promocion-asisa-hasta-el-28-de-febrero\/#primaryimage","url":"https:\/\/ajeandalucia.org\/jaen\/wp-content\/uploads\/sites\/9\/2022\/02\/ASISA-SALUD-PROMOCION-AJE-FEBRERO22.jpg","contentUrl":"https:\/\/ajeandalucia.org\/jaen\/wp-content\/uploads\/sites\/9\/2022\/02\/ASISA-SALUD-PROMOCION-AJE-FEBRERO22.jpg","width":999,"height":1411,"caption":"ASISA Pr\u00f3xima Pymes"},{"@type":"BreadcrumbList","@id":"https:\/\/ajeandalucia.org\/jaen\/2022\/02\/14\/promocion-asisa-hasta-el-28-de-febrero\/#breadcrumb","itemListElement":[{"@type":"ListItem","position":1,"name":"Portada","item":"https:\/\/ajeandalucia.org\/jaen\/"},{"@type":"ListItem","position":2,"name":"Cuida tu salud con ASISA y benef\u00edciate de las promociones activas hasta el 28 de febrero"}]},{"@type":"WebSite","@id":"https:\/\/ajeandalucia.org\/jaen\/#website","url":"https:\/\/ajeandalucia.org\/jaen\/","name":"AJE Ja\u00e9n","description":"Otro sitio m\u00e1s de AJE Andaluc\u00eda","publisher":{"@id":"https:\/\/ajeandalucia.org\/jaen\/#organization"},"potentialAction":[{"@type":"SearchAction","target":{"@type":"EntryPoint","urlTemplate":"https:\/\/ajeandalucia.org\/jaen\/?s={search_term_string}"},"query-input":{"@type":"PropertyValueSpecification","valueRequired":true,"valueName":"search_term_string"}}],"inLanguage":"es"},{"@type":"Organization","@id":"https:\/\/ajeandalucia.org\/jaen\/#organization","name":"AJE Ja\u00e9n","url":"https:\/\/ajeandalucia.org\/jaen\/","logo":{"@type":"ImageObject","inLanguage":"es","@id":"https:\/\/ajeandalucia.org\/jaen\/#\/schema\/logo\/image\/","url":"https:\/\/ajeandalucia.org\/jaen\/wp-content\/uploads\/sites\/9\/2025\/01\/logotipo-aje-andalucia-jovenes-empresarios-1.png","contentUrl":"https:\/\/ajeandalucia.org\/jaen\/wp-content\/uploads\/sites\/9\/2025\/01\/logotipo-aje-andalucia-jovenes-empresarios-1.png","width":1129,"height":207,"caption":"AJE Ja\u00e9n"},"image":{"@id":"https:\/\/ajeandalucia.org\/jaen\/#\/schema\/logo\/image\/"}},{"@type":"Person","@id":"https:\/\/ajeandalucia.org\/jaen\/#\/schema\/person\/cde0c877dad85cce36ef3275c9cdba8c","name":"jaen","image":{"@type":"ImageObject","inLanguage":"es","@id":"https:\/\/ajeandalucia.org\/jaen\/#\/schema\/person\/image\/","url":"https:\/\/secure.gravatar.com\/avatar\/ed67a5b3285e30f3be2c8daa2d1ea5569f263bccad21503d9b9c7a970f13f7a4?s=96&d=mm&r=g","contentUrl":"https:\/\/secure.gravatar.com\/avatar\/ed67a5b3285e30f3be2c8daa2d1ea5569f263bccad21503d9b9c7a970f13f7a4?s=96&d=mm&r=g","caption":"jaen"},"url":"https:\/\/ajeandalucia.org\/jaen\/author\/jaen\/"}]}},"_links":{"self":[{"href":"https:\/\/ajeandalucia.org\/jaen\/wp-json\/wp\/v2\/posts\/7744","targetHints":{"allow":["GET"]}}],"collection":[{"href":"https:\/\/ajeandalucia.org\/jaen\/wp-json\/wp\/v2\/posts"}],"about":[{"href":"https:\/\/ajeandalucia.org\/jaen\/wp-json\/wp\/v2\/types\/post"}],"author":[{"embeddable":true,"href":"https:\/\/ajeandalucia.org\/jaen\/wp-json\/wp\/v2\/users\/8"}],"replies":[{"embeddable":true,"href":"https:\/\/ajeandalucia.org\/jaen\/wp-json\/wp\/v2\/comments?post=7744"}],"version-history":[{"count":9,"href":"https:\/\/ajeandalucia.org\/jaen\/wp-json\/wp\/v2\/posts\/7744\/revisions"}],"predecessor-version":[{"id":7757,"href":"https:\/\/ajeandalucia.org\/jaen\/wp-json\/wp\/v2\/posts\/7744\/revisions\/7757"}],"wp:featuredmedia":[{"embeddable":true,"href":"https:\/\/ajeandalucia.org\/jaen\/wp-json\/wp\/v2\/media\/7746"}],"wp:attachment":[{"href":"https:\/\/ajeandalucia.org\/jaen\/wp-json\/wp\/v2\/media?parent=7744"}],"wp:term":[{"taxonomy":"category","embeddable":true,"href":"https:\/\/ajeandalucia.org\/jaen\/wp-json\/wp\/v2\/categories?post=7744"},{"taxonomy":"post_tag","embeddable":true,"href":"https:\/\/ajeandalucia.org\/jaen\/wp-json\/wp\/v2\/tags?post=7744"}],"curies":[{"name":"wp","href":"https:\/\/api.w.org\/{rel}","templated":true}]}}