{"id":8397,"date":"2022-06-30 15:16:36","date_gmt":"2022-06-30T11:16:36","guid":{"rendered":"https:\/\/www.ajeandalucia.org\/jaen\/?p=8397"},"modified":"2022-06-30T13:16:36","modified_gmt":"2022-06-30T11:16:36","slug":"empleo-y-transicion-productiva-hacia-la-economia-verde-o-la-economia-digital","status":"publish","type":"post","link":"https:\/\/ajeandalucia.org\/jaen\/2022\/06\/30\/empleo-y-transicion-productiva-hacia-la-economia-verde-o-la-economia-digital\/","title":{"rendered":"Empleo y transici\u00f3n productiva hac\u00eda la econom\u00eda verde o la econom\u00eda digital"},"content":{"rendered":"<p>De acuerdo con lo dispuesto en el art\u00edculo 52 del Decreto-ley 27\/2021, de 14 de diciembre, por el que se aprueban con caracter urgente medidas de empleo en el marco del Plan de Recuperaci\u00f3n, Transformaci\u00f3n y Resiliencia para Andaluc\u00eda, el objeto de esta l\u00ednea de actuaci\u00f3n es el mantenimiento del empleo de personas trabajadoras por cuenta ajena contratadas por microempresas y personas trabajadoras aut\u00f3nomas, as\u00ed como el de las personas socias-trabajadoras y de trabajo de empresas de emprendimiento colectivo, para facilitar la transici\u00f3n productiva de su actividad hacia la econom\u00eda verde y la econom\u00eda digital.<\/p>\n<div class=\"views-field views-field-descripcion-d block pl-2\">\n<div class=\"field-content field__item\">\n<p>Las convocatorias podr\u00e1n establecer otras acciones de apoyo.<\/p>\n<p>Estas actuaciones se adec\u00faan a la etiqueta clim\u00e1tica, que se corresponde con el campo de intervenci\u00f3n \u00ab047 Apoyo a procesos de producci\u00f3n respetuosos con el medio ambiente y eficiencia en el uso de recursos en las pymes\u00bb del Anexo VI del Reglamento (UE) 2021\/241 (LCEur 2021, 209) del Parlamento Europeo y del Consejo, de 12 de febrero de 2021, y a la etiqueta digital, que se corresponde con el campo de intervenci\u00f3n \u00ab100 Apoyo al trabajo por cuenta propia y a la creaci\u00f3n de empresas\u00bb del Anexo VII del mismo Reglamento.<\/p>\n<p>Los fondos disponibles para estas subvenciones se distribuir\u00e1n de forma que se garantice, al menos:<\/p>\n<p>a) Un 25% del cr\u00e9dito convocado para el mantenimiento del empleo y la transici\u00f3n de su actividad hacia la econom\u00eda verde.<\/p>\n<p>b) Un 25% del cr\u00e9dito convocado para el mantenimiento del empleo y la transformaci\u00f3n digital.<\/p>\n<\/div>\n<\/div>\n<div class=\"block pl-2\">\n<h3 class=\"field__label\">Plazo de solicitud<\/h3>\n<div class=\"field__item\">\n<div class=\"item-list\">\n<ul class=\"list-group\">\n<li class=\"list-group-item\">13\/05\/2022 &#8211; 12\/07\/2022 (El plazo de presentaci\u00f3n de solicitudes ser\u00e1 de 2 meses a partir del d\u00eda siguiente a que se publique en el Bolet\u00edn Oficial de la Junta de Andaluc\u00eda el extracto previsto en el art\u00edculo 20.8.a) de la Ley 38\/2003, de 17 de noviembre.).<\/li>\n<\/ul>\n<\/div>\n<\/div>\n<\/div>\n<p>&nbsp;<\/p>\n<p>Obt\u00e9n m\u00e1s informaci\u00f3n aqu\u00ed:\u00a0<a href=\"https:\/\/bit.ly\/3by3l7T\">https:\/\/bit.ly\/3by3l7T\u00a0<\/a><\/p>\n","protected":false},"excerpt":{"rendered":"<p>De acuerdo con lo dispuesto en el art\u00edculo 52 del Decreto-ley 27\/2021, de 14 de diciembre, por el que se [&hellip;]<\/p>\n","protected":false},"author":8,"featured_media":8398,"comment_status":"open","ping_status":"open","sticky":false,"template":"","format":"standard","meta":{"_acf_changed":false,"site-sidebar-layout":"default","site-content-layout":"","ast-site-content-layout":"default","site-content-style":"default","site-sidebar-style":"default","ast-global-header-display":"","ast-banner-title-visibility":"","ast-main-header-display":"","ast-hfb-above-header-display":"","ast-hfb-below-header-display":"","ast-hfb-mobile-header-display":"","site-post-title":"","ast-breadcrumbs-content":"","ast-featured-img":"","footer-sml-layout":"","ast-disable-related-posts":"","theme-transparent-header-meta":"","adv-header-id-meta":"","stick-header-meta":"","header-above-stick-meta":"","header-main-stick-meta":"","header-below-stick-meta":"","astra-migrate-meta-layouts":"default","ast-page-background-enabled":"default","ast-page-background-meta":{"desktop":{"background-color":"var(--ast-global-color-5)","background-image":"","background-repeat":"repeat","background-position":"center center","background-size":"auto","background-attachment":"scroll","background-type":"","background-media":"","overlay-type":"","overlay-color":"","overlay-opacity":"","overlay-gradient":""},"tablet":{"background-color":"","background-image":"","background-repeat":"repeat","background-position":"center center","background-size":"auto","background-attachment":"scroll","background-type":"","background-media":"","overlay-type":"","overlay-color":"","overlay-opacity":"","overlay-gradient":""},"mobile":{"background-color":"","background-image":"","background-repeat":"repeat","background-position":"center center","background-size":"auto","background-attachment":"scroll","background-type":"","background-media":"","overlay-type":"","overlay-color":"","overlay-opacity":"","overlay-gradient":""}},"ast-content-background-meta":{"desktop":{"background-color":"var(--ast-global-color-4)","background-image":"","background-repeat":"repeat","background-position":"center center","background-size":"auto","background-attachment":"scroll","background-type":"","background-media":"","overlay-type":"","overlay-color":"","overlay-opacity":"","overlay-gradient":""},"tablet":{"background-color":"var(--ast-global-color-4)","background-image":"","background-repeat":"repeat","background-position":"center center","background-size":"auto","background-attachment":"scroll","background-type":"","background-media":"","overlay-type":"","overlay-color":"","overlay-opacity":"","overlay-gradient":""},"mobile":{"background-color":"var(--ast-global-color-4)","background-image":"","background-repeat":"repeat","background-position":"center center","background-size":"auto","background-attachment":"scroll","background-type":"","background-media":"","overlay-type":"","overlay-color":"","overlay-opacity":"","overlay-gradient":""}},"footnotes":""},"categories":[1],"tags":[],"class_list":["post-8397","post","type-post","status-publish","format-standard","has-post-thumbnail","hentry","category-sin-categoria"],"acf":[],"yoast_head":"<!-- This site is optimized with the Yoast SEO plugin v26.9 - https:\/\/yoast.com\/product\/yoast-seo-wordpress\/ -->\n<title>Empleo y transici\u00f3n productiva hac\u00eda la econom\u00eda verde o la econom\u00eda digital - AJE Ja\u00e9n<\/title>\n<meta name=\"robots\" content=\"index, follow, max-snippet:-1, max-image-preview:large, max-video-preview:-1\" \/>\n<link rel=\"canonical\" href=\"https:\/\/ajeandalucia.org\/jaen\/2022\/06\/30\/empleo-y-transicion-productiva-hacia-la-economia-verde-o-la-economia-digital\/\" \/>\n<meta property=\"og:locale\" content=\"es_ES\" \/>\n<meta property=\"og:type\" content=\"article\" \/>\n<meta property=\"og:title\" content=\"Empleo y transici\u00f3n productiva hac\u00eda la econom\u00eda verde o la econom\u00eda digital - AJE Ja\u00e9n\" \/>\n<meta property=\"og:description\" content=\"De acuerdo con lo dispuesto en el art\u00edculo 52 del Decreto-ley 27\/2021, de 14 de diciembre, por el que se [&hellip;]\" \/>\n<meta property=\"og:url\" content=\"https:\/\/ajeandalucia.org\/jaen\/2022\/06\/30\/empleo-y-transicion-productiva-hacia-la-economia-verde-o-la-economia-digital\/\" \/>\n<meta property=\"og:site_name\" content=\"AJE Ja\u00e9n\" \/>\n<meta property=\"article:published_time\" content=\"2022-06-30T11:16:36+00:00\" \/>\n<meta property=\"og:image\" content=\"https:\/\/ajeandalucia.org\/jaen\/wp-content\/uploads\/sites\/9\/2022\/06\/240_F_488928993_GoLFObqWRqrCJV9mnAKtcmO2xM7SMFlh.jpg\" \/>\n\t<meta property=\"og:image:width\" content=\"426\" \/>\n\t<meta property=\"og:image:height\" content=\"240\" \/>\n\t<meta property=\"og:image:type\" content=\"image\/jpeg\" \/>\n<meta name=\"author\" content=\"jaen\" \/>\n<meta name=\"twitter:card\" content=\"summary_large_image\" \/>\n<meta name=\"twitter:label1\" content=\"Escrito por\" \/>\n\t<meta name=\"twitter:data1\" content=\"jaen\" \/>\n\t<meta name=\"twitter:label2\" content=\"Tiempo de lectura\" \/>\n\t<meta name=\"twitter:data2\" content=\"2 minutos\" \/>\n<script type=\"application\/ld+json\" class=\"yoast-schema-graph\">{\"@context\":\"https:\/\/schema.org\",\"@graph\":[{\"@type\":\"Article\",\"@id\":\"https:\/\/ajeandalucia.org\/jaen\/2022\/06\/30\/empleo-y-transicion-productiva-hacia-la-economia-verde-o-la-economia-digital\/#article\",\"isPartOf\":{\"@id\":\"https:\/\/ajeandalucia.org\/jaen\/2022\/06\/30\/empleo-y-transicion-productiva-hacia-la-economia-verde-o-la-economia-digital\/\"},\"author\":{\"name\":\"jaen\",\"@id\":\"https:\/\/ajeandalucia.org\/jaen\/#\/schema\/person\/cde0c877dad85cce36ef3275c9cdba8c\"},\"headline\":\"Empleo y transici\u00f3n productiva hac\u00eda la econom\u00eda verde o la econom\u00eda digital\",\"datePublished\":\"2022-06-30T11:16:36+00:00\",\"mainEntityOfPage\":{\"@id\":\"https:\/\/ajeandalucia.org\/jaen\/2022\/06\/30\/empleo-y-transicion-productiva-hacia-la-economia-verde-o-la-economia-digital\/\"},\"wordCount\":335,\"commentCount\":0,\"publisher\":{\"@id\":\"https:\/\/ajeandalucia.org\/jaen\/#organization\"},\"image\":{\"@id\":\"https:\/\/ajeandalucia.org\/jaen\/2022\/06\/30\/empleo-y-transicion-productiva-hacia-la-economia-verde-o-la-economia-digital\/#primaryimage\"},\"thumbnailUrl\":\"https:\/\/ajeandalucia.org\/jaen\/wp-content\/uploads\/sites\/9\/2022\/06\/240_F_488928993_GoLFObqWRqrCJV9mnAKtcmO2xM7SMFlh.jpg\",\"inLanguage\":\"es\",\"potentialAction\":[{\"@type\":\"CommentAction\",\"name\":\"Comment\",\"target\":[\"https:\/\/ajeandalucia.org\/jaen\/2022\/06\/30\/empleo-y-transicion-productiva-hacia-la-economia-verde-o-la-economia-digital\/#respond\"]}]},{\"@type\":\"WebPage\",\"@id\":\"https:\/\/ajeandalucia.org\/jaen\/2022\/06\/30\/empleo-y-transicion-productiva-hacia-la-economia-verde-o-la-economia-digital\/\",\"url\":\"https:\/\/ajeandalucia.org\/jaen\/2022\/06\/30\/empleo-y-transicion-productiva-hacia-la-economia-verde-o-la-economia-digital\/\",\"name\":\"Empleo y transici\u00f3n productiva hac\u00eda la econom\u00eda verde o la econom\u00eda digital - AJE Ja\u00e9n\",\"isPartOf\":{\"@id\":\"https:\/\/ajeandalucia.org\/jaen\/#website\"},\"primaryImageOfPage\":{\"@id\":\"https:\/\/ajeandalucia.org\/jaen\/2022\/06\/30\/empleo-y-transicion-productiva-hacia-la-economia-verde-o-la-economia-digital\/#primaryimage\"},\"image\":{\"@id\":\"https:\/\/ajeandalucia.org\/jaen\/2022\/06\/30\/empleo-y-transicion-productiva-hacia-la-economia-verde-o-la-economia-digital\/#primaryimage\"},\"thumbnailUrl\":\"https:\/\/ajeandalucia.org\/jaen\/wp-content\/uploads\/sites\/9\/2022\/06\/240_F_488928993_GoLFObqWRqrCJV9mnAKtcmO2xM7SMFlh.jpg\",\"datePublished\":\"2022-06-30T11:16:36+00:00\",\"breadcrumb\":{\"@id\":\"https:\/\/ajeandalucia.org\/jaen\/2022\/06\/30\/empleo-y-transicion-productiva-hacia-la-economia-verde-o-la-economia-digital\/#breadcrumb\"},\"inLanguage\":\"es\",\"potentialAction\":[{\"@type\":\"ReadAction\",\"target\":[\"https:\/\/ajeandalucia.org\/jaen\/2022\/06\/30\/empleo-y-transicion-productiva-hacia-la-economia-verde-o-la-economia-digital\/\"]}]},{\"@type\":\"ImageObject\",\"inLanguage\":\"es\",\"@id\":\"https:\/\/ajeandalucia.org\/jaen\/2022\/06\/30\/empleo-y-transicion-productiva-hacia-la-economia-verde-o-la-economia-digital\/#primaryimage\",\"url\":\"https:\/\/ajeandalucia.org\/jaen\/wp-content\/uploads\/sites\/9\/2022\/06\/240_F_488928993_GoLFObqWRqrCJV9mnAKtcmO2xM7SMFlh.jpg\",\"contentUrl\":\"https:\/\/ajeandalucia.org\/jaen\/wp-content\/uploads\/sites\/9\/2022\/06\/240_F_488928993_GoLFObqWRqrCJV9mnAKtcmO2xM7SMFlh.jpg\",\"width\":426,\"height\":240},{\"@type\":\"BreadcrumbList\",\"@id\":\"https:\/\/ajeandalucia.org\/jaen\/2022\/06\/30\/empleo-y-transicion-productiva-hacia-la-economia-verde-o-la-economia-digital\/#breadcrumb\",\"itemListElement\":[{\"@type\":\"ListItem\",\"position\":1,\"name\":\"Portada\",\"item\":\"https:\/\/ajeandalucia.org\/jaen\/\"},{\"@type\":\"ListItem\",\"position\":2,\"name\":\"Empleo y transici\u00f3n productiva hac\u00eda la econom\u00eda verde o la econom\u00eda digital\"}]},{\"@type\":\"WebSite\",\"@id\":\"https:\/\/ajeandalucia.org\/jaen\/#website\",\"url\":\"https:\/\/ajeandalucia.org\/jaen\/\",\"name\":\"AJE Ja\u00e9n\",\"description\":\"Otro sitio m\u00e1s de AJE Andaluc\u00eda\",\"publisher\":{\"@id\":\"https:\/\/ajeandalucia.org\/jaen\/#organization\"},\"potentialAction\":[{\"@type\":\"SearchAction\",\"target\":{\"@type\":\"EntryPoint\",\"urlTemplate\":\"https:\/\/ajeandalucia.org\/jaen\/?s={search_term_string}\"},\"query-input\":{\"@type\":\"PropertyValueSpecification\",\"valueRequired\":true,\"valueName\":\"search_term_string\"}}],\"inLanguage\":\"es\"},{\"@type\":\"Organization\",\"@id\":\"https:\/\/ajeandalucia.org\/jaen\/#organization\",\"name\":\"AJE Ja\u00e9n\",\"url\":\"https:\/\/ajeandalucia.org\/jaen\/\",\"logo\":{\"@type\":\"ImageObject\",\"inLanguage\":\"es\",\"@id\":\"https:\/\/ajeandalucia.org\/jaen\/#\/schema\/logo\/image\/\",\"url\":\"https:\/\/ajeandalucia.org\/jaen\/wp-content\/uploads\/sites\/9\/2025\/01\/logotipo-aje-andalucia-jovenes-empresarios-1.png\",\"contentUrl\":\"https:\/\/ajeandalucia.org\/jaen\/wp-content\/uploads\/sites\/9\/2025\/01\/logotipo-aje-andalucia-jovenes-empresarios-1.png\",\"width\":1129,\"height\":207,\"caption\":\"AJE Ja\u00e9n\"},\"image\":{\"@id\":\"https:\/\/ajeandalucia.org\/jaen\/#\/schema\/logo\/image\/\"}},{\"@type\":\"Person\",\"@id\":\"https:\/\/ajeandalucia.org\/jaen\/#\/schema\/person\/cde0c877dad85cce36ef3275c9cdba8c\",\"name\":\"jaen\",\"image\":{\"@type\":\"ImageObject\",\"inLanguage\":\"es\",\"@id\":\"https:\/\/ajeandalucia.org\/jaen\/#\/schema\/person\/image\/\",\"url\":\"https:\/\/secure.gravatar.com\/avatar\/ed67a5b3285e30f3be2c8daa2d1ea5569f263bccad21503d9b9c7a970f13f7a4?s=96&d=mm&r=g\",\"contentUrl\":\"https:\/\/secure.gravatar.com\/avatar\/ed67a5b3285e30f3be2c8daa2d1ea5569f263bccad21503d9b9c7a970f13f7a4?s=96&d=mm&r=g\",\"caption\":\"jaen\"},\"url\":\"https:\/\/ajeandalucia.org\/jaen\/author\/jaen\/\"}]}<\/script>\n<!-- \/ Yoast SEO plugin. -->","yoast_head_json":{"title":"Empleo y transici\u00f3n productiva hac\u00eda la econom\u00eda verde o la econom\u00eda digital - AJE Ja\u00e9n","robots":{"index":"index","follow":"follow","max-snippet":"max-snippet:-1","max-image-preview":"max-image-preview:large","max-video-preview":"max-video-preview:-1"},"canonical":"https:\/\/ajeandalucia.org\/jaen\/2022\/06\/30\/empleo-y-transicion-productiva-hacia-la-economia-verde-o-la-economia-digital\/","og_locale":"es_ES","og_type":"article","og_title":"Empleo y transici\u00f3n productiva hac\u00eda la econom\u00eda verde o la econom\u00eda digital - AJE Ja\u00e9n","og_description":"De acuerdo con lo dispuesto en el art\u00edculo 52 del Decreto-ley 27\/2021, de 14 de diciembre, por el que se [&hellip;]","og_url":"https:\/\/ajeandalucia.org\/jaen\/2022\/06\/30\/empleo-y-transicion-productiva-hacia-la-economia-verde-o-la-economia-digital\/","og_site_name":"AJE Ja\u00e9n","article_published_time":"2022-06-30T11:16:36+00:00","og_image":[{"width":426,"height":240,"url":"https:\/\/ajeandalucia.org\/jaen\/wp-content\/uploads\/sites\/9\/2022\/06\/240_F_488928993_GoLFObqWRqrCJV9mnAKtcmO2xM7SMFlh.jpg","type":"image\/jpeg"}],"author":"jaen","twitter_card":"summary_large_image","twitter_misc":{"Escrito por":"jaen","Tiempo de lectura":"2 minutos"},"schema":{"@context":"https:\/\/schema.org","@graph":[{"@type":"Article","@id":"https:\/\/ajeandalucia.org\/jaen\/2022\/06\/30\/empleo-y-transicion-productiva-hacia-la-economia-verde-o-la-economia-digital\/#article","isPartOf":{"@id":"https:\/\/ajeandalucia.org\/jaen\/2022\/06\/30\/empleo-y-transicion-productiva-hacia-la-economia-verde-o-la-economia-digital\/"},"author":{"name":"jaen","@id":"https:\/\/ajeandalucia.org\/jaen\/#\/schema\/person\/cde0c877dad85cce36ef3275c9cdba8c"},"headline":"Empleo y transici\u00f3n productiva hac\u00eda la econom\u00eda verde o la econom\u00eda digital","datePublished":"2022-06-30T11:16:36+00:00","mainEntityOfPage":{"@id":"https:\/\/ajeandalucia.org\/jaen\/2022\/06\/30\/empleo-y-transicion-productiva-hacia-la-economia-verde-o-la-economia-digital\/"},"wordCount":335,"commentCount":0,"publisher":{"@id":"https:\/\/ajeandalucia.org\/jaen\/#organization"},"image":{"@id":"https:\/\/ajeandalucia.org\/jaen\/2022\/06\/30\/empleo-y-transicion-productiva-hacia-la-economia-verde-o-la-economia-digital\/#primaryimage"},"thumbnailUrl":"https:\/\/ajeandalucia.org\/jaen\/wp-content\/uploads\/sites\/9\/2022\/06\/240_F_488928993_GoLFObqWRqrCJV9mnAKtcmO2xM7SMFlh.jpg","inLanguage":"es","potentialAction":[{"@type":"CommentAction","name":"Comment","target":["https:\/\/ajeandalucia.org\/jaen\/2022\/06\/30\/empleo-y-transicion-productiva-hacia-la-economia-verde-o-la-economia-digital\/#respond"]}]},{"@type":"WebPage","@id":"https:\/\/ajeandalucia.org\/jaen\/2022\/06\/30\/empleo-y-transicion-productiva-hacia-la-economia-verde-o-la-economia-digital\/","url":"https:\/\/ajeandalucia.org\/jaen\/2022\/06\/30\/empleo-y-transicion-productiva-hacia-la-economia-verde-o-la-economia-digital\/","name":"Empleo y transici\u00f3n productiva hac\u00eda la econom\u00eda verde o la econom\u00eda digital - AJE Ja\u00e9n","isPartOf":{"@id":"https:\/\/ajeandalucia.org\/jaen\/#website"},"primaryImageOfPage":{"@id":"https:\/\/ajeandalucia.org\/jaen\/2022\/06\/30\/empleo-y-transicion-productiva-hacia-la-economia-verde-o-la-economia-digital\/#primaryimage"},"image":{"@id":"https:\/\/ajeandalucia.org\/jaen\/2022\/06\/30\/empleo-y-transicion-productiva-hacia-la-economia-verde-o-la-economia-digital\/#primaryimage"},"thumbnailUrl":"https:\/\/ajeandalucia.org\/jaen\/wp-content\/uploads\/sites\/9\/2022\/06\/240_F_488928993_GoLFObqWRqrCJV9mnAKtcmO2xM7SMFlh.jpg","datePublished":"2022-06-30T11:16:36+00:00","breadcrumb":{"@id":"https:\/\/ajeandalucia.org\/jaen\/2022\/06\/30\/empleo-y-transicion-productiva-hacia-la-economia-verde-o-la-economia-digital\/#breadcrumb"},"inLanguage":"es","potentialAction":[{"@type":"ReadAction","target":["https:\/\/ajeandalucia.org\/jaen\/2022\/06\/30\/empleo-y-transicion-productiva-hacia-la-economia-verde-o-la-economia-digital\/"]}]},{"@type":"ImageObject","inLanguage":"es","@id":"https:\/\/ajeandalucia.org\/jaen\/2022\/06\/30\/empleo-y-transicion-productiva-hacia-la-economia-verde-o-la-economia-digital\/#primaryimage","url":"https:\/\/ajeandalucia.org\/jaen\/wp-content\/uploads\/sites\/9\/2022\/06\/240_F_488928993_GoLFObqWRqrCJV9mnAKtcmO2xM7SMFlh.jpg","contentUrl":"https:\/\/ajeandalucia.org\/jaen\/wp-content\/uploads\/sites\/9\/2022\/06\/240_F_488928993_GoLFObqWRqrCJV9mnAKtcmO2xM7SMFlh.jpg","width":426,"height":240},{"@type":"BreadcrumbList","@id":"https:\/\/ajeandalucia.org\/jaen\/2022\/06\/30\/empleo-y-transicion-productiva-hacia-la-economia-verde-o-la-economia-digital\/#breadcrumb","itemListElement":[{"@type":"ListItem","position":1,"name":"Portada","item":"https:\/\/ajeandalucia.org\/jaen\/"},{"@type":"ListItem","position":2,"name":"Empleo y transici\u00f3n productiva hac\u00eda la econom\u00eda verde o la econom\u00eda digital"}]},{"@type":"WebSite","@id":"https:\/\/ajeandalucia.org\/jaen\/#website","url":"https:\/\/ajeandalucia.org\/jaen\/","name":"AJE Ja\u00e9n","description":"Otro sitio m\u00e1s de AJE Andaluc\u00eda","publisher":{"@id":"https:\/\/ajeandalucia.org\/jaen\/#organization"},"potentialAction":[{"@type":"SearchAction","target":{"@type":"EntryPoint","urlTemplate":"https:\/\/ajeandalucia.org\/jaen\/?s={search_term_string}"},"query-input":{"@type":"PropertyValueSpecification","valueRequired":true,"valueName":"search_term_string"}}],"inLanguage":"es"},{"@type":"Organization","@id":"https:\/\/ajeandalucia.org\/jaen\/#organization","name":"AJE Ja\u00e9n","url":"https:\/\/ajeandalucia.org\/jaen\/","logo":{"@type":"ImageObject","inLanguage":"es","@id":"https:\/\/ajeandalucia.org\/jaen\/#\/schema\/logo\/image\/","url":"https:\/\/ajeandalucia.org\/jaen\/wp-content\/uploads\/sites\/9\/2025\/01\/logotipo-aje-andalucia-jovenes-empresarios-1.png","contentUrl":"https:\/\/ajeandalucia.org\/jaen\/wp-content\/uploads\/sites\/9\/2025\/01\/logotipo-aje-andalucia-jovenes-empresarios-1.png","width":1129,"height":207,"caption":"AJE Ja\u00e9n"},"image":{"@id":"https:\/\/ajeandalucia.org\/jaen\/#\/schema\/logo\/image\/"}},{"@type":"Person","@id":"https:\/\/ajeandalucia.org\/jaen\/#\/schema\/person\/cde0c877dad85cce36ef3275c9cdba8c","name":"jaen","image":{"@type":"ImageObject","inLanguage":"es","@id":"https:\/\/ajeandalucia.org\/jaen\/#\/schema\/person\/image\/","url":"https:\/\/secure.gravatar.com\/avatar\/ed67a5b3285e30f3be2c8daa2d1ea5569f263bccad21503d9b9c7a970f13f7a4?s=96&d=mm&r=g","contentUrl":"https:\/\/secure.gravatar.com\/avatar\/ed67a5b3285e30f3be2c8daa2d1ea5569f263bccad21503d9b9c7a970f13f7a4?s=96&d=mm&r=g","caption":"jaen"},"url":"https:\/\/ajeandalucia.org\/jaen\/author\/jaen\/"}]}},"_links":{"self":[{"href":"https:\/\/ajeandalucia.org\/jaen\/wp-json\/wp\/v2\/posts\/8397","targetHints":{"allow":["GET"]}}],"collection":[{"href":"https:\/\/ajeandalucia.org\/jaen\/wp-json\/wp\/v2\/posts"}],"about":[{"href":"https:\/\/ajeandalucia.org\/jaen\/wp-json\/wp\/v2\/types\/post"}],"author":[{"embeddable":true,"href":"https:\/\/ajeandalucia.org\/jaen\/wp-json\/wp\/v2\/users\/8"}],"replies":[{"embeddable":true,"href":"https:\/\/ajeandalucia.org\/jaen\/wp-json\/wp\/v2\/comments?post=8397"}],"version-history":[{"count":1,"href":"https:\/\/ajeandalucia.org\/jaen\/wp-json\/wp\/v2\/posts\/8397\/revisions"}],"predecessor-version":[{"id":8399,"href":"https:\/\/ajeandalucia.org\/jaen\/wp-json\/wp\/v2\/posts\/8397\/revisions\/8399"}],"wp:featuredmedia":[{"embeddable":true,"href":"https:\/\/ajeandalucia.org\/jaen\/wp-json\/wp\/v2\/media\/8398"}],"wp:attachment":[{"href":"https:\/\/ajeandalucia.org\/jaen\/wp-json\/wp\/v2\/media?parent=8397"}],"wp:term":[{"taxonomy":"category","embeddable":true,"href":"https:\/\/ajeandalucia.org\/jaen\/wp-json\/wp\/v2\/categories?post=8397"},{"taxonomy":"post_tag","embeddable":true,"href":"https:\/\/ajeandalucia.org\/jaen\/wp-json\/wp\/v2\/tags?post=8397"}],"curies":[{"name":"wp","href":"https:\/\/api.w.org\/{rel}","templated":true}]}}