{"id":12605,"date":"2026-04-27T09:54:37","date_gmt":"2026-04-27T07:54:37","guid":{"rendered":"https:\/\/ajeandalucia.org\/sevilla\/?p=12605"},"modified":"2026-04-27T10:04:32","modified_gmt":"2026-04-27T08:04:32","slug":"%f0%9f%9a%80-ayer-celebramos-relevo-360-en-gines-un-encuentro-centrado-en-el-relevo-generacional-como-motor-de-futuro-para-las-empresas-de-la-provincia-de-sevilla-durante-la-jornada-conocimo","status":"publish","type":"post","link":"https:\/\/ajeandalucia.org\/sevilla\/2026\/04\/27\/%f0%9f%9a%80-ayer-celebramos-relevo-360-en-gines-un-encuentro-centrado-en-el-relevo-generacional-como-motor-de-futuro-para-las-empresas-de-la-provincia-de-sevilla-durante-la-jornada-conocimo\/","title":{"rendered":"&#x1f534;&#x1f680; Ayer celebramos Relevo 360\u00b0 en Gines, un encuentro centrado en el relevo generacional como motor de futuro para las empresas de la provincia de Sevilla.  Durante la jornada, conocimos de primera mano casos reales que reflejan c\u00f3mo tradici\u00f3n, innovaci\u00f3n y continuidad pueden ir de la mano &#x1f4bc;&#x2728;  Contamos con la participaci\u00f3n de:  &#x1f539; Antonio Aguilar Magari\u00f1o, jefe de cocina y encargado de Bar Casa Carriles, negocio familiar con origen en 1925 en El Arenal y hoy consolidado en Gines como referente gastron\u00f3mico. Un ejemplo de evoluci\u00f3n, formaci\u00f3n y apuesta por la innovaci\u00f3n tras asumir el relevo generacional.  &#x1f539; Jos\u00e9 Luis Pascual-Terrats Murube, arquitecto y gerente de Gines Plaza Parque Comercial, representante de la tercera generaci\u00f3n de este espacio comercial de referencia en el Aljarafe, en constante crecimiento y expansi\u00f3n.  &#x1f539; Miguel Rodr\u00edguez Pav\u00f3n, de Autoescuela Gines, empresa familiar fundada en 1985, que ya trabaja en la modernizaci\u00f3n y digitalizaci\u00f3n del negocio y que asumir\u00e1 su direcci\u00f3n en los pr\u00f3ximos a\u00f1os, garantizando su continuidad.  &#x1f539; Salvador Olivares, segunda generaci\u00f3n de una empresa con m\u00e1s de 40 a\u00f1os de trayectoria dedicada al alquiler de menaje de hosteler\u00eda, destacando por su compromiso, experiencia y capacidad para afrontar grandes proyectos.  El encuentro finaliz\u00f3 con un espacio de networking donde los asistentes pudieron compartir experiencias y generar nuevas oportunidades &#x1f91d;  &#x1f44f; Gracias a todos los ponentes por compartir su experiencia y a los asistentes por formar parte de esta jornada.  &#x1f91d; Agradecemos la colaboraci\u00f3n del Ayuntamiento de Gines y la subvenci\u00f3n de la Diputaci\u00f3n de Sevilla para hacer posible este encuentro."},"content":{"rendered":"","protected":false},"excerpt":{"rendered":"","protected":false},"author":10,"featured_media":12597,"comment_status":"closed","ping_status":"open","sticky":false,"template":"","format":"standard","meta":{"_acf_changed":false,"site-sidebar-layout":"default","site-content-layout":"","ast-site-content-layout":"default","site-content-style":"default","site-sidebar-style":"default","ast-global-header-display":"","ast-banner-title-visibility":"","ast-main-header-display":"","ast-hfb-above-header-display":"","ast-hfb-below-header-display":"","ast-hfb-mobile-header-display":"","site-post-title":"","ast-breadcrumbs-content":"","ast-featured-img":"","footer-sml-layout":"","ast-disable-related-posts":"","theme-transparent-header-meta":"default","adv-header-id-meta":"","stick-header-meta":"","header-above-stick-meta":"","header-main-stick-meta":"","header-below-stick-meta":"","astra-migrate-meta-layouts":"set","ast-page-background-enabled":"default","ast-page-background-meta":{"desktop":{"background-color":"var(--ast-global-color-5)","background-image":"","background-repeat":"repeat","background-position":"center center","background-size":"auto","background-attachment":"scroll","background-type":"","background-media":"","overlay-type":"","overlay-color":"","overlay-opacity":"","overlay-gradient":""},"tablet":{"background-color":"","background-image":"","background-repeat":"repeat","background-position":"center center","background-size":"auto","background-attachment":"scroll","background-type":"","background-media":"","overlay-type":"","overlay-color":"","overlay-opacity":"","overlay-gradient":""},"mobile":{"background-color":"","background-image":"","background-repeat":"repeat","background-position":"center center","background-size":"auto","background-attachment":"scroll","background-type":"","background-media":"","overlay-type":"","overlay-color":"","overlay-opacity":"","overlay-gradient":""}},"ast-content-background-meta":{"desktop":{"background-color":"var(--ast-global-color-4)","background-image":"","background-repeat":"repeat","background-position":"center center","background-size":"auto","background-attachment":"scroll","background-type":"","background-media":"","overlay-type":"","overlay-color":"","overlay-opacity":"","overlay-gradient":""},"tablet":{"background-color":"var(--ast-global-color-4)","background-image":"","background-repeat":"repeat","background-position":"center center","background-size":"auto","background-attachment":"scroll","background-type":"","background-media":"","overlay-type":"","overlay-color":"","overlay-opacity":"","overlay-gradient":""},"mobile":{"background-color":"var(--ast-global-color-4)","background-image":"","background-repeat":"repeat","background-position":"center center","background-size":"auto","background-attachment":"scroll","background-type":"","background-media":"","overlay-type":"","overlay-color":"","overlay-opacity":"","overlay-gradient":""}},"footnotes":""},"categories":[8],"tags":[],"class_list":["post-12605","post","type-post","status-publish","format-standard","has-post-thumbnail","hentry","category-noticias"],"acf":[],"yoast_head":"<!-- This site is optimized with the Yoast SEO plugin v26.9 - https:\/\/yoast.com\/product\/yoast-seo-wordpress\/ -->\n<title>&#x1f534;&#x1f680; Ayer celebramos Relevo 360\u00b0 en Gines, un encuentro centrado en el relevo generacional como motor de futuro para las empresas de la provincia de Sevilla. Durante la jornada, conocimos de primera mano casos reales que reflejan c\u00f3mo tradici\u00f3n, innovaci\u00f3n y continuidad pueden ir de la mano &#x1f4bc;&#x2728; Contamos con la participaci\u00f3n de: &#x1f539; Antonio Aguilar Magari\u00f1o, jefe de cocina y encargado de Bar Casa Carriles, negocio familiar con origen en 1925 en El Arenal y hoy consolidado en Gines como referente gastron\u00f3mico. Un ejemplo de evoluci\u00f3n, formaci\u00f3n y apuesta por la innovaci\u00f3n tras asumir el relevo generacional. &#x1f539; Jos\u00e9 Luis Pascual-Terrats Murube, arquitecto y gerente de Gines Plaza Parque Comercial, representante de la tercera generaci\u00f3n de este espacio comercial de referencia en el Aljarafe, en constante crecimiento y expansi\u00f3n. &#x1f539; Miguel Rodr\u00edguez Pav\u00f3n, de Autoescuela Gines, empresa familiar fundada en 1985, que ya trabaja en la modernizaci\u00f3n y digitalizaci\u00f3n del negocio y que asumir\u00e1 su direcci\u00f3n en los pr\u00f3ximos a\u00f1os, garantizando su continuidad. &#x1f539; Salvador Olivares, segunda generaci\u00f3n de una empresa con m\u00e1s de 40 a\u00f1os de trayectoria dedicada al alquiler de menaje de hosteler\u00eda, destacando por su compromiso, experiencia y capacidad para afrontar grandes proyectos. El encuentro finaliz\u00f3 con un espacio de networking donde los asistentes pudieron compartir experiencias y generar nuevas oportunidades &#x1f91d; &#x1f44f; Gracias a todos los ponentes por compartir su experiencia y a los asistentes por formar parte de esta jornada. &#x1f91d; Agradecemos la colaboraci\u00f3n del Ayuntamiento de Gines y la subvenci\u00f3n de la Diputaci\u00f3n de Sevilla para hacer posible este encuentro. - AJE Sevilla<\/title>\n<meta name=\"robots\" content=\"index, follow, max-snippet:-1, max-image-preview:large, max-video-preview:-1\" \/>\n<link rel=\"canonical\" href=\"https:\/\/ajeandalucia.org\/sevilla\/2026\/04\/27\/\ud83d\ude80-ayer-celebramos-relevo-360-en-gines-un-encuentro-centrado-en-el-relevo-generacional-como-motor-de-futuro-para-las-empresas-de-la-provincia-de-sevilla-durante-la-jornada-conocimo\/\" \/>\n<meta property=\"og:locale\" content=\"es_ES\" \/>\n<meta property=\"og:type\" content=\"article\" \/>\n<meta property=\"og:title\" content=\"&#x1f534;&#x1f680; Ayer celebramos Relevo 360\u00b0 en Gines, un encuentro centrado en el relevo generacional como motor de futuro para las empresas de la provincia de Sevilla. Durante la jornada, conocimos de primera mano casos reales que reflejan c\u00f3mo tradici\u00f3n, innovaci\u00f3n y continuidad pueden ir de la mano &#x1f4bc;&#x2728; Contamos con la participaci\u00f3n de: &#x1f539; Antonio Aguilar Magari\u00f1o, jefe de cocina y encargado de Bar Casa Carriles, negocio familiar con origen en 1925 en El Arenal y hoy consolidado en Gines como referente gastron\u00f3mico. Un ejemplo de evoluci\u00f3n, formaci\u00f3n y apuesta por la innovaci\u00f3n tras asumir el relevo generacional. &#x1f539; Jos\u00e9 Luis Pascual-Terrats Murube, arquitecto y gerente de Gines Plaza Parque Comercial, representante de la tercera generaci\u00f3n de este espacio comercial de referencia en el Aljarafe, en constante crecimiento y expansi\u00f3n. &#x1f539; Miguel Rodr\u00edguez Pav\u00f3n, de Autoescuela Gines, empresa familiar fundada en 1985, que ya trabaja en la modernizaci\u00f3n y digitalizaci\u00f3n del negocio y que asumir\u00e1 su direcci\u00f3n en los pr\u00f3ximos a\u00f1os, garantizando su continuidad. &#x1f539; Salvador Olivares, segunda generaci\u00f3n de una empresa con m\u00e1s de 40 a\u00f1os de trayectoria dedicada al alquiler de menaje de hosteler\u00eda, destacando por su compromiso, experiencia y capacidad para afrontar grandes proyectos. El encuentro finaliz\u00f3 con un espacio de networking donde los asistentes pudieron compartir experiencias y generar nuevas oportunidades &#x1f91d; &#x1f44f; Gracias a todos los ponentes por compartir su experiencia y a los asistentes por formar parte de esta jornada. &#x1f91d; Agradecemos la colaboraci\u00f3n del Ayuntamiento de Gines y la subvenci\u00f3n de la Diputaci\u00f3n de Sevilla para hacer posible este encuentro. - AJE Sevilla\" \/>\n<meta property=\"og:url\" content=\"https:\/\/ajeandalucia.org\/sevilla\/2026\/04\/27\/\ud83d\ude80-ayer-celebramos-relevo-360-en-gines-un-encuentro-centrado-en-el-relevo-generacional-como-motor-de-futuro-para-las-empresas-de-la-provincia-de-sevilla-durante-la-jornada-conocimo\/\" \/>\n<meta property=\"og:site_name\" content=\"AJE Sevilla\" \/>\n<meta property=\"article:published_time\" content=\"2026-04-27T07:54:37+00:00\" \/>\n<meta property=\"article:modified_time\" content=\"2026-04-27T08:04:32+00:00\" \/>\n<meta property=\"og:image\" content=\"http:\/\/ajeandalucia.org\/sevilla\/wp-content\/uploads\/sites\/11\/2026\/04\/Captura-de-pantalla-2026-04-27-a-las-9.45.27.png\" \/>\n\t<meta property=\"og:image:width\" content=\"1448\" \/>\n\t<meta property=\"og:image:height\" content=\"702\" \/>\n\t<meta property=\"og:image:type\" content=\"image\/png\" \/>\n<meta name=\"author\" content=\"sevilla\" \/>\n<meta name=\"twitter:card\" content=\"summary_large_image\" \/>\n<meta name=\"twitter:label1\" content=\"Escrito por\" \/>\n\t<meta name=\"twitter:data1\" content=\"sevilla\" \/>\n\t<meta name=\"twitter:label2\" content=\"Tiempo de lectura\" \/>\n\t<meta name=\"twitter:data2\" content=\"1 minuto\" \/>\n<script type=\"application\/ld+json\" class=\"yoast-schema-graph\">{\"@context\":\"https:\/\/schema.org\",\"@graph\":[{\"@type\":\"Article\",\"@id\":\"https:\/\/ajeandalucia.org\/sevilla\/2026\/04\/27\/%f0%9f%9a%80-ayer-celebramos-relevo-360-en-gines-un-encuentro-centrado-en-el-relevo-generacional-como-motor-de-futuro-para-las-empresas-de-la-provincia-de-sevilla-durante-la-jornada-conocimo\/#article\",\"isPartOf\":{\"@id\":\"https:\/\/ajeandalucia.org\/sevilla\/2026\/04\/27\/%f0%9f%9a%80-ayer-celebramos-relevo-360-en-gines-un-encuentro-centrado-en-el-relevo-generacional-como-motor-de-futuro-para-las-empresas-de-la-provincia-de-sevilla-durante-la-jornada-conocimo\/\"},\"author\":{\"name\":\"sevilla\",\"@id\":\"https:\/\/ajeandalucia.org\/sevilla\/#\/schema\/person\/0d17a62ec6ae5659110c772926e45151\"},\"headline\":\"&#x1f534;&#x1f680; Ayer celebramos Relevo 360\u00b0 en Gines, un encuentro centrado en el relevo generacional como motor de futuro para las empresas de la provincia de Sevilla. Durante la jornada, conocimos de primera mano casos reales que reflejan c\u00f3mo tradici\u00f3n, innovaci\u00f3n y continuidad pueden ir de la mano &#x1f4bc;&#x2728; Contamos con la participaci\u00f3n de: &#x1f539; Antonio Aguilar Magari\u00f1o, jefe de cocina y encargado de Bar Casa Carriles, negocio familiar con origen en 1925 en El Arenal y hoy consolidado en Gines como referente gastron\u00f3mico. Un ejemplo de evoluci\u00f3n, formaci\u00f3n y apuesta por la innovaci\u00f3n tras asumir el relevo generacional. &#x1f539; Jos\u00e9 Luis Pascual-Terrats Murube, arquitecto y gerente de Gines Plaza Parque Comercial, representante de la tercera generaci\u00f3n de este espacio comercial de referencia en el Aljarafe, en constante crecimiento y expansi\u00f3n. &#x1f539; Miguel Rodr\u00edguez Pav\u00f3n, de Autoescuela Gines, empresa familiar fundada en 1985, que ya trabaja en la modernizaci\u00f3n y digitalizaci\u00f3n del negocio y que asumir\u00e1 su direcci\u00f3n en los pr\u00f3ximos a\u00f1os, garantizando su continuidad. &#x1f539; Salvador Olivares, segunda generaci\u00f3n de una empresa con m\u00e1s de 40 a\u00f1os de trayectoria dedicada al alquiler de menaje de hosteler\u00eda, destacando por su compromiso, experiencia y capacidad para afrontar grandes proyectos. El encuentro finaliz\u00f3 con un espacio de networking donde los asistentes pudieron compartir experiencias y generar nuevas oportunidades &#x1f91d; &#x1f44f; Gracias a todos los ponentes por compartir su experiencia y a los asistentes por formar parte de esta jornada. &#x1f91d; Agradecemos la colaboraci\u00f3n del Ayuntamiento de Gines y la subvenci\u00f3n de la Diputaci\u00f3n de Sevilla para hacer posible este encuentro.\",\"datePublished\":\"2026-04-27T07:54:37+00:00\",\"dateModified\":\"2026-04-27T08:04:32+00:00\",\"mainEntityOfPage\":{\"@id\":\"https:\/\/ajeandalucia.org\/sevilla\/2026\/04\/27\/%f0%9f%9a%80-ayer-celebramos-relevo-360-en-gines-un-encuentro-centrado-en-el-relevo-generacional-como-motor-de-futuro-para-las-empresas-de-la-provincia-de-sevilla-durante-la-jornada-conocimo\/\"},\"wordCount\":294,\"publisher\":{\"@id\":\"https:\/\/ajeandalucia.org\/sevilla\/#organization\"},\"image\":{\"@id\":\"https:\/\/ajeandalucia.org\/sevilla\/2026\/04\/27\/%f0%9f%9a%80-ayer-celebramos-relevo-360-en-gines-un-encuentro-centrado-en-el-relevo-generacional-como-motor-de-futuro-para-las-empresas-de-la-provincia-de-sevilla-durante-la-jornada-conocimo\/#primaryimage\"},\"thumbnailUrl\":\"https:\/\/ajeandalucia.org\/sevilla\/wp-content\/uploads\/sites\/11\/2026\/04\/Captura-de-pantalla-2026-04-27-a-las-9.45.27.png\",\"articleSection\":[\"Noticias\"],\"inLanguage\":\"es\"},{\"@type\":\"WebPage\",\"@id\":\"https:\/\/ajeandalucia.org\/sevilla\/2026\/04\/27\/%f0%9f%9a%80-ayer-celebramos-relevo-360-en-gines-un-encuentro-centrado-en-el-relevo-generacional-como-motor-de-futuro-para-las-empresas-de-la-provincia-de-sevilla-durante-la-jornada-conocimo\/\",\"url\":\"https:\/\/ajeandalucia.org\/sevilla\/2026\/04\/27\/%f0%9f%9a%80-ayer-celebramos-relevo-360-en-gines-un-encuentro-centrado-en-el-relevo-generacional-como-motor-de-futuro-para-las-empresas-de-la-provincia-de-sevilla-durante-la-jornada-conocimo\/\",\"name\":\"&#x1f534;&#x1f680; Ayer celebramos Relevo 360\u00b0 en Gines, un encuentro centrado en el relevo generacional como motor de futuro para las empresas de la provincia de Sevilla. Durante la jornada, conocimos de primera mano casos reales que reflejan c\u00f3mo tradici\u00f3n, innovaci\u00f3n y continuidad pueden ir de la mano &#x1f4bc;&#x2728; Contamos con la participaci\u00f3n de: &#x1f539; Antonio Aguilar Magari\u00f1o, jefe de cocina y encargado de Bar Casa Carriles, negocio familiar con origen en 1925 en El Arenal y hoy consolidado en Gines como referente gastron\u00f3mico. Un ejemplo de evoluci\u00f3n, formaci\u00f3n y apuesta por la innovaci\u00f3n tras asumir el relevo generacional. &#x1f539; Jos\u00e9 Luis Pascual-Terrats Murube, arquitecto y gerente de Gines Plaza Parque Comercial, representante de la tercera generaci\u00f3n de este espacio comercial de referencia en el Aljarafe, en constante crecimiento y expansi\u00f3n. &#x1f539; Miguel Rodr\u00edguez Pav\u00f3n, de Autoescuela Gines, empresa familiar fundada en 1985, que ya trabaja en la modernizaci\u00f3n y digitalizaci\u00f3n del negocio y que asumir\u00e1 su direcci\u00f3n en los pr\u00f3ximos a\u00f1os, garantizando su continuidad. &#x1f539; Salvador Olivares, segunda generaci\u00f3n de una empresa con m\u00e1s de 40 a\u00f1os de trayectoria dedicada al alquiler de menaje de hosteler\u00eda, destacando por su compromiso, experiencia y capacidad para afrontar grandes proyectos. El encuentro finaliz\u00f3 con un espacio de networking donde los asistentes pudieron compartir experiencias y generar nuevas oportunidades &#x1f91d; &#x1f44f; Gracias a todos los ponentes por compartir su experiencia y a los asistentes por formar parte de esta jornada. &#x1f91d; Agradecemos la colaboraci\u00f3n del Ayuntamiento de Gines y la subvenci\u00f3n de la Diputaci\u00f3n de Sevilla para hacer posible este encuentro. - AJE Sevilla\",\"isPartOf\":{\"@id\":\"https:\/\/ajeandalucia.org\/sevilla\/#website\"},\"primaryImageOfPage\":{\"@id\":\"https:\/\/ajeandalucia.org\/sevilla\/2026\/04\/27\/%f0%9f%9a%80-ayer-celebramos-relevo-360-en-gines-un-encuentro-centrado-en-el-relevo-generacional-como-motor-de-futuro-para-las-empresas-de-la-provincia-de-sevilla-durante-la-jornada-conocimo\/#primaryimage\"},\"image\":{\"@id\":\"https:\/\/ajeandalucia.org\/sevilla\/2026\/04\/27\/%f0%9f%9a%80-ayer-celebramos-relevo-360-en-gines-un-encuentro-centrado-en-el-relevo-generacional-como-motor-de-futuro-para-las-empresas-de-la-provincia-de-sevilla-durante-la-jornada-conocimo\/#primaryimage\"},\"thumbnailUrl\":\"https:\/\/ajeandalucia.org\/sevilla\/wp-content\/uploads\/sites\/11\/2026\/04\/Captura-de-pantalla-2026-04-27-a-las-9.45.27.png\",\"datePublished\":\"2026-04-27T07:54:37+00:00\",\"dateModified\":\"2026-04-27T08:04:32+00:00\",\"breadcrumb\":{\"@id\":\"https:\/\/ajeandalucia.org\/sevilla\/2026\/04\/27\/%f0%9f%9a%80-ayer-celebramos-relevo-360-en-gines-un-encuentro-centrado-en-el-relevo-generacional-como-motor-de-futuro-para-las-empresas-de-la-provincia-de-sevilla-durante-la-jornada-conocimo\/#breadcrumb\"},\"inLanguage\":\"es\",\"potentialAction\":[{\"@type\":\"ReadAction\",\"target\":[\"https:\/\/ajeandalucia.org\/sevilla\/2026\/04\/27\/%f0%9f%9a%80-ayer-celebramos-relevo-360-en-gines-un-encuentro-centrado-en-el-relevo-generacional-como-motor-de-futuro-para-las-empresas-de-la-provincia-de-sevilla-durante-la-jornada-conocimo\/\"]}]},{\"@type\":\"ImageObject\",\"inLanguage\":\"es\",\"@id\":\"https:\/\/ajeandalucia.org\/sevilla\/2026\/04\/27\/%f0%9f%9a%80-ayer-celebramos-relevo-360-en-gines-un-encuentro-centrado-en-el-relevo-generacional-como-motor-de-futuro-para-las-empresas-de-la-provincia-de-sevilla-durante-la-jornada-conocimo\/#primaryimage\",\"url\":\"https:\/\/ajeandalucia.org\/sevilla\/wp-content\/uploads\/sites\/11\/2026\/04\/Captura-de-pantalla-2026-04-27-a-las-9.45.27.png\",\"contentUrl\":\"https:\/\/ajeandalucia.org\/sevilla\/wp-content\/uploads\/sites\/11\/2026\/04\/Captura-de-pantalla-2026-04-27-a-las-9.45.27.png\",\"width\":1448,\"height\":702},{\"@type\":\"BreadcrumbList\",\"@id\":\"https:\/\/ajeandalucia.org\/sevilla\/2026\/04\/27\/%f0%9f%9a%80-ayer-celebramos-relevo-360-en-gines-un-encuentro-centrado-en-el-relevo-generacional-como-motor-de-futuro-para-las-empresas-de-la-provincia-de-sevilla-durante-la-jornada-conocimo\/#breadcrumb\",\"itemListElement\":[{\"@type\":\"ListItem\",\"position\":1,\"name\":\"Portada\",\"item\":\"https:\/\/ajeandalucia.org\/sevilla\/\"},{\"@type\":\"ListItem\",\"position\":2,\"name\":\"&#x1f534;&#x1f680; Ayer celebramos Relevo 360\u00b0 en Gines, un encuentro centrado en el relevo generacional como motor de futuro para las empresas de la provincia de Sevilla. Durante la jornada, conocimos de primera mano casos reales que reflejan c\u00f3mo tradici\u00f3n, innovaci\u00f3n y continuidad pueden ir de la mano &#x1f4bc;&#x2728; Contamos con la participaci\u00f3n de: &#x1f539; Antonio Aguilar Magari\u00f1o, jefe de cocina y encargado de Bar Casa Carriles, negocio familiar con origen en 1925 en El Arenal y hoy consolidado en Gines como referente gastron\u00f3mico. Un ejemplo de evoluci\u00f3n, formaci\u00f3n y apuesta por la innovaci\u00f3n tras asumir el relevo generacional. &#x1f539; Jos\u00e9 Luis Pascual-Terrats Murube, arquitecto y gerente de Gines Plaza Parque Comercial, representante de la tercera generaci\u00f3n de este espacio comercial de referencia en el Aljarafe, en constante crecimiento y expansi\u00f3n. &#x1f539; Miguel Rodr\u00edguez Pav\u00f3n, de Autoescuela Gines, empresa familiar fundada en 1985, que ya trabaja en la modernizaci\u00f3n y digitalizaci\u00f3n del negocio y que asumir\u00e1 su direcci\u00f3n en los pr\u00f3ximos a\u00f1os, garantizando su continuidad. &#x1f539; Salvador Olivares, segunda generaci\u00f3n de una empresa con m\u00e1s de 40 a\u00f1os de trayectoria dedicada al alquiler de menaje de hosteler\u00eda, destacando por su compromiso, experiencia y capacidad para afrontar grandes proyectos. El encuentro finaliz\u00f3 con un espacio de networking donde los asistentes pudieron compartir experiencias y generar nuevas oportunidades &#x1f91d; &#x1f44f; Gracias a todos los ponentes por compartir su experiencia y a los asistentes por formar parte de esta jornada. &#x1f91d; Agradecemos la colaboraci\u00f3n del Ayuntamiento de Gines y la subvenci\u00f3n de la Diputaci\u00f3n de Sevilla para hacer posible este encuentro.\"}]},{\"@type\":\"WebSite\",\"@id\":\"https:\/\/ajeandalucia.org\/sevilla\/#website\",\"url\":\"https:\/\/ajeandalucia.org\/sevilla\/\",\"name\":\"AJE Sevilla\",\"description\":\"Asociaci\u00f3n de J\u00f3venes Empresarios de Sevilla\",\"publisher\":{\"@id\":\"https:\/\/ajeandalucia.org\/sevilla\/#organization\"},\"potentialAction\":[{\"@type\":\"SearchAction\",\"target\":{\"@type\":\"EntryPoint\",\"urlTemplate\":\"https:\/\/ajeandalucia.org\/sevilla\/?s={search_term_string}\"},\"query-input\":{\"@type\":\"PropertyValueSpecification\",\"valueRequired\":true,\"valueName\":\"search_term_string\"}}],\"inLanguage\":\"es\"},{\"@type\":\"Organization\",\"@id\":\"https:\/\/ajeandalucia.org\/sevilla\/#organization\",\"name\":\"AJE Sevilla\",\"url\":\"https:\/\/ajeandalucia.org\/sevilla\/\",\"logo\":{\"@type\":\"ImageObject\",\"inLanguage\":\"es\",\"@id\":\"https:\/\/ajeandalucia.org\/sevilla\/#\/schema\/logo\/image\/\",\"url\":\"https:\/\/ajeandalucia.org\/sevilla\/wp-content\/uploads\/sites\/11\/2025\/02\/AJE-SEVILLA-horizontal.png\",\"contentUrl\":\"https:\/\/ajeandalucia.org\/sevilla\/wp-content\/uploads\/sites\/11\/2025\/02\/AJE-SEVILLA-horizontal.png\",\"width\":612,\"height\":200,\"caption\":\"AJE Sevilla\"},\"image\":{\"@id\":\"https:\/\/ajeandalucia.org\/sevilla\/#\/schema\/logo\/image\/\"}},{\"@type\":\"Person\",\"@id\":\"https:\/\/ajeandalucia.org\/sevilla\/#\/schema\/person\/0d17a62ec6ae5659110c772926e45151\",\"name\":\"sevilla\",\"image\":{\"@type\":\"ImageObject\",\"inLanguage\":\"es\",\"@id\":\"https:\/\/ajeandalucia.org\/sevilla\/#\/schema\/person\/image\/\",\"url\":\"https:\/\/secure.gravatar.com\/avatar\/cade70fd47d0edc1a5b43a03b1093a39e149ff5361a81f13e9c7b090c17c4b94?s=96&d=mm&r=g\",\"contentUrl\":\"https:\/\/secure.gravatar.com\/avatar\/cade70fd47d0edc1a5b43a03b1093a39e149ff5361a81f13e9c7b090c17c4b94?s=96&d=mm&r=g\",\"caption\":\"sevilla\"},\"url\":\"https:\/\/ajeandalucia.org\/sevilla\/author\/sevilla\/\"}]}<\/script>\n<!-- \/ Yoast SEO plugin. -->","yoast_head_json":{"title":"&#x1f534;&#x1f680; Ayer celebramos Relevo 360\u00b0 en Gines, un encuentro centrado en el relevo generacional como motor de futuro para las empresas de la provincia de Sevilla. Durante la jornada, conocimos de primera mano casos reales que reflejan c\u00f3mo tradici\u00f3n, innovaci\u00f3n y continuidad pueden ir de la mano &#x1f4bc;&#x2728; Contamos con la participaci\u00f3n de: &#x1f539; Antonio Aguilar Magari\u00f1o, jefe de cocina y encargado de Bar Casa Carriles, negocio familiar con origen en 1925 en El Arenal y hoy consolidado en Gines como referente gastron\u00f3mico. Un ejemplo de evoluci\u00f3n, formaci\u00f3n y apuesta por la innovaci\u00f3n tras asumir el relevo generacional. &#x1f539; Jos\u00e9 Luis Pascual-Terrats Murube, arquitecto y gerente de Gines Plaza Parque Comercial, representante de la tercera generaci\u00f3n de este espacio comercial de referencia en el Aljarafe, en constante crecimiento y expansi\u00f3n. &#x1f539; Miguel Rodr\u00edguez Pav\u00f3n, de Autoescuela Gines, empresa familiar fundada en 1985, que ya trabaja en la modernizaci\u00f3n y digitalizaci\u00f3n del negocio y que asumir\u00e1 su direcci\u00f3n en los pr\u00f3ximos a\u00f1os, garantizando su continuidad. &#x1f539; Salvador Olivares, segunda generaci\u00f3n de una empresa con m\u00e1s de 40 a\u00f1os de trayectoria dedicada al alquiler de menaje de hosteler\u00eda, destacando por su compromiso, experiencia y capacidad para afrontar grandes proyectos. El encuentro finaliz\u00f3 con un espacio de networking donde los asistentes pudieron compartir experiencias y generar nuevas oportunidades &#x1f91d; &#x1f44f; Gracias a todos los ponentes por compartir su experiencia y a los asistentes por formar parte de esta jornada. &#x1f91d; Agradecemos la colaboraci\u00f3n del Ayuntamiento de Gines y la subvenci\u00f3n de la Diputaci\u00f3n de Sevilla para hacer posible este encuentro. - AJE Sevilla","robots":{"index":"index","follow":"follow","max-snippet":"max-snippet:-1","max-image-preview":"max-image-preview:large","max-video-preview":"max-video-preview:-1"},"canonical":"https:\/\/ajeandalucia.org\/sevilla\/2026\/04\/27\/\ud83d\ude80-ayer-celebramos-relevo-360-en-gines-un-encuentro-centrado-en-el-relevo-generacional-como-motor-de-futuro-para-las-empresas-de-la-provincia-de-sevilla-durante-la-jornada-conocimo\/","og_locale":"es_ES","og_type":"article","og_title":"&#x1f534;&#x1f680; Ayer celebramos Relevo 360\u00b0 en Gines, un encuentro centrado en el relevo generacional como motor de futuro para las empresas de la provincia de Sevilla. Durante la jornada, conocimos de primera mano casos reales que reflejan c\u00f3mo tradici\u00f3n, innovaci\u00f3n y continuidad pueden ir de la mano &#x1f4bc;&#x2728; Contamos con la participaci\u00f3n de: &#x1f539; Antonio Aguilar Magari\u00f1o, jefe de cocina y encargado de Bar Casa Carriles, negocio familiar con origen en 1925 en El Arenal y hoy consolidado en Gines como referente gastron\u00f3mico. Un ejemplo de evoluci\u00f3n, formaci\u00f3n y apuesta por la innovaci\u00f3n tras asumir el relevo generacional. &#x1f539; Jos\u00e9 Luis Pascual-Terrats Murube, arquitecto y gerente de Gines Plaza Parque Comercial, representante de la tercera generaci\u00f3n de este espacio comercial de referencia en el Aljarafe, en constante crecimiento y expansi\u00f3n. &#x1f539; Miguel Rodr\u00edguez Pav\u00f3n, de Autoescuela Gines, empresa familiar fundada en 1985, que ya trabaja en la modernizaci\u00f3n y digitalizaci\u00f3n del negocio y que asumir\u00e1 su direcci\u00f3n en los pr\u00f3ximos a\u00f1os, garantizando su continuidad. &#x1f539; Salvador Olivares, segunda generaci\u00f3n de una empresa con m\u00e1s de 40 a\u00f1os de trayectoria dedicada al alquiler de menaje de hosteler\u00eda, destacando por su compromiso, experiencia y capacidad para afrontar grandes proyectos. El encuentro finaliz\u00f3 con un espacio de networking donde los asistentes pudieron compartir experiencias y generar nuevas oportunidades &#x1f91d; &#x1f44f; Gracias a todos los ponentes por compartir su experiencia y a los asistentes por formar parte de esta jornada. &#x1f91d; Agradecemos la colaboraci\u00f3n del Ayuntamiento de Gines y la subvenci\u00f3n de la Diputaci\u00f3n de Sevilla para hacer posible este encuentro. - AJE Sevilla","og_url":"https:\/\/ajeandalucia.org\/sevilla\/2026\/04\/27\/\ud83d\ude80-ayer-celebramos-relevo-360-en-gines-un-encuentro-centrado-en-el-relevo-generacional-como-motor-de-futuro-para-las-empresas-de-la-provincia-de-sevilla-durante-la-jornada-conocimo\/","og_site_name":"AJE Sevilla","article_published_time":"2026-04-27T07:54:37+00:00","article_modified_time":"2026-04-27T08:04:32+00:00","og_image":[{"width":1448,"height":702,"url":"http:\/\/ajeandalucia.org\/sevilla\/wp-content\/uploads\/sites\/11\/2026\/04\/Captura-de-pantalla-2026-04-27-a-las-9.45.27.png","type":"image\/png"}],"author":"sevilla","twitter_card":"summary_large_image","twitter_misc":{"Escrito por":"sevilla","Tiempo de lectura":"1 minuto"},"schema":{"@context":"https:\/\/schema.org","@graph":[{"@type":"Article","@id":"https:\/\/ajeandalucia.org\/sevilla\/2026\/04\/27\/%f0%9f%9a%80-ayer-celebramos-relevo-360-en-gines-un-encuentro-centrado-en-el-relevo-generacional-como-motor-de-futuro-para-las-empresas-de-la-provincia-de-sevilla-durante-la-jornada-conocimo\/#article","isPartOf":{"@id":"https:\/\/ajeandalucia.org\/sevilla\/2026\/04\/27\/%f0%9f%9a%80-ayer-celebramos-relevo-360-en-gines-un-encuentro-centrado-en-el-relevo-generacional-como-motor-de-futuro-para-las-empresas-de-la-provincia-de-sevilla-durante-la-jornada-conocimo\/"},"author":{"name":"sevilla","@id":"https:\/\/ajeandalucia.org\/sevilla\/#\/schema\/person\/0d17a62ec6ae5659110c772926e45151"},"headline":"&#x1f534;&#x1f680; Ayer celebramos Relevo 360\u00b0 en Gines, un encuentro centrado en el relevo generacional como motor de futuro para las empresas de la provincia de Sevilla. Durante la jornada, conocimos de primera mano casos reales que reflejan c\u00f3mo tradici\u00f3n, innovaci\u00f3n y continuidad pueden ir de la mano &#x1f4bc;&#x2728; Contamos con la participaci\u00f3n de: &#x1f539; Antonio Aguilar Magari\u00f1o, jefe de cocina y encargado de Bar Casa Carriles, negocio familiar con origen en 1925 en El Arenal y hoy consolidado en Gines como referente gastron\u00f3mico. Un ejemplo de evoluci\u00f3n, formaci\u00f3n y apuesta por la innovaci\u00f3n tras asumir el relevo generacional. &#x1f539; Jos\u00e9 Luis Pascual-Terrats Murube, arquitecto y gerente de Gines Plaza Parque Comercial, representante de la tercera generaci\u00f3n de este espacio comercial de referencia en el Aljarafe, en constante crecimiento y expansi\u00f3n. &#x1f539; Miguel Rodr\u00edguez Pav\u00f3n, de Autoescuela Gines, empresa familiar fundada en 1985, que ya trabaja en la modernizaci\u00f3n y digitalizaci\u00f3n del negocio y que asumir\u00e1 su direcci\u00f3n en los pr\u00f3ximos a\u00f1os, garantizando su continuidad. &#x1f539; Salvador Olivares, segunda generaci\u00f3n de una empresa con m\u00e1s de 40 a\u00f1os de trayectoria dedicada al alquiler de menaje de hosteler\u00eda, destacando por su compromiso, experiencia y capacidad para afrontar grandes proyectos. El encuentro finaliz\u00f3 con un espacio de networking donde los asistentes pudieron compartir experiencias y generar nuevas oportunidades &#x1f91d; &#x1f44f; Gracias a todos los ponentes por compartir su experiencia y a los asistentes por formar parte de esta jornada. &#x1f91d; Agradecemos la colaboraci\u00f3n del Ayuntamiento de Gines y la subvenci\u00f3n de la Diputaci\u00f3n de Sevilla para hacer posible este encuentro.","datePublished":"2026-04-27T07:54:37+00:00","dateModified":"2026-04-27T08:04:32+00:00","mainEntityOfPage":{"@id":"https:\/\/ajeandalucia.org\/sevilla\/2026\/04\/27\/%f0%9f%9a%80-ayer-celebramos-relevo-360-en-gines-un-encuentro-centrado-en-el-relevo-generacional-como-motor-de-futuro-para-las-empresas-de-la-provincia-de-sevilla-durante-la-jornada-conocimo\/"},"wordCount":294,"publisher":{"@id":"https:\/\/ajeandalucia.org\/sevilla\/#organization"},"image":{"@id":"https:\/\/ajeandalucia.org\/sevilla\/2026\/04\/27\/%f0%9f%9a%80-ayer-celebramos-relevo-360-en-gines-un-encuentro-centrado-en-el-relevo-generacional-como-motor-de-futuro-para-las-empresas-de-la-provincia-de-sevilla-durante-la-jornada-conocimo\/#primaryimage"},"thumbnailUrl":"https:\/\/ajeandalucia.org\/sevilla\/wp-content\/uploads\/sites\/11\/2026\/04\/Captura-de-pantalla-2026-04-27-a-las-9.45.27.png","articleSection":["Noticias"],"inLanguage":"es"},{"@type":"WebPage","@id":"https:\/\/ajeandalucia.org\/sevilla\/2026\/04\/27\/%f0%9f%9a%80-ayer-celebramos-relevo-360-en-gines-un-encuentro-centrado-en-el-relevo-generacional-como-motor-de-futuro-para-las-empresas-de-la-provincia-de-sevilla-durante-la-jornada-conocimo\/","url":"https:\/\/ajeandalucia.org\/sevilla\/2026\/04\/27\/%f0%9f%9a%80-ayer-celebramos-relevo-360-en-gines-un-encuentro-centrado-en-el-relevo-generacional-como-motor-de-futuro-para-las-empresas-de-la-provincia-de-sevilla-durante-la-jornada-conocimo\/","name":"&#x1f534;&#x1f680; Ayer celebramos Relevo 360\u00b0 en Gines, un encuentro centrado en el relevo generacional como motor de futuro para las empresas de la provincia de Sevilla. Durante la jornada, conocimos de primera mano casos reales que reflejan c\u00f3mo tradici\u00f3n, innovaci\u00f3n y continuidad pueden ir de la mano &#x1f4bc;&#x2728; Contamos con la participaci\u00f3n de: &#x1f539; Antonio Aguilar Magari\u00f1o, jefe de cocina y encargado de Bar Casa Carriles, negocio familiar con origen en 1925 en El Arenal y hoy consolidado en Gines como referente gastron\u00f3mico. Un ejemplo de evoluci\u00f3n, formaci\u00f3n y apuesta por la innovaci\u00f3n tras asumir el relevo generacional. &#x1f539; Jos\u00e9 Luis Pascual-Terrats Murube, arquitecto y gerente de Gines Plaza Parque Comercial, representante de la tercera generaci\u00f3n de este espacio comercial de referencia en el Aljarafe, en constante crecimiento y expansi\u00f3n. &#x1f539; Miguel Rodr\u00edguez Pav\u00f3n, de Autoescuela Gines, empresa familiar fundada en 1985, que ya trabaja en la modernizaci\u00f3n y digitalizaci\u00f3n del negocio y que asumir\u00e1 su direcci\u00f3n en los pr\u00f3ximos a\u00f1os, garantizando su continuidad. &#x1f539; Salvador Olivares, segunda generaci\u00f3n de una empresa con m\u00e1s de 40 a\u00f1os de trayectoria dedicada al alquiler de menaje de hosteler\u00eda, destacando por su compromiso, experiencia y capacidad para afrontar grandes proyectos. El encuentro finaliz\u00f3 con un espacio de networking donde los asistentes pudieron compartir experiencias y generar nuevas oportunidades &#x1f91d; &#x1f44f; Gracias a todos los ponentes por compartir su experiencia y a los asistentes por formar parte de esta jornada. &#x1f91d; Agradecemos la colaboraci\u00f3n del Ayuntamiento de Gines y la subvenci\u00f3n de la Diputaci\u00f3n de Sevilla para hacer posible este encuentro. - AJE Sevilla","isPartOf":{"@id":"https:\/\/ajeandalucia.org\/sevilla\/#website"},"primaryImageOfPage":{"@id":"https:\/\/ajeandalucia.org\/sevilla\/2026\/04\/27\/%f0%9f%9a%80-ayer-celebramos-relevo-360-en-gines-un-encuentro-centrado-en-el-relevo-generacional-como-motor-de-futuro-para-las-empresas-de-la-provincia-de-sevilla-durante-la-jornada-conocimo\/#primaryimage"},"image":{"@id":"https:\/\/ajeandalucia.org\/sevilla\/2026\/04\/27\/%f0%9f%9a%80-ayer-celebramos-relevo-360-en-gines-un-encuentro-centrado-en-el-relevo-generacional-como-motor-de-futuro-para-las-empresas-de-la-provincia-de-sevilla-durante-la-jornada-conocimo\/#primaryimage"},"thumbnailUrl":"https:\/\/ajeandalucia.org\/sevilla\/wp-content\/uploads\/sites\/11\/2026\/04\/Captura-de-pantalla-2026-04-27-a-las-9.45.27.png","datePublished":"2026-04-27T07:54:37+00:00","dateModified":"2026-04-27T08:04:32+00:00","breadcrumb":{"@id":"https:\/\/ajeandalucia.org\/sevilla\/2026\/04\/27\/%f0%9f%9a%80-ayer-celebramos-relevo-360-en-gines-un-encuentro-centrado-en-el-relevo-generacional-como-motor-de-futuro-para-las-empresas-de-la-provincia-de-sevilla-durante-la-jornada-conocimo\/#breadcrumb"},"inLanguage":"es","potentialAction":[{"@type":"ReadAction","target":["https:\/\/ajeandalucia.org\/sevilla\/2026\/04\/27\/%f0%9f%9a%80-ayer-celebramos-relevo-360-en-gines-un-encuentro-centrado-en-el-relevo-generacional-como-motor-de-futuro-para-las-empresas-de-la-provincia-de-sevilla-durante-la-jornada-conocimo\/"]}]},{"@type":"ImageObject","inLanguage":"es","@id":"https:\/\/ajeandalucia.org\/sevilla\/2026\/04\/27\/%f0%9f%9a%80-ayer-celebramos-relevo-360-en-gines-un-encuentro-centrado-en-el-relevo-generacional-como-motor-de-futuro-para-las-empresas-de-la-provincia-de-sevilla-durante-la-jornada-conocimo\/#primaryimage","url":"https:\/\/ajeandalucia.org\/sevilla\/wp-content\/uploads\/sites\/11\/2026\/04\/Captura-de-pantalla-2026-04-27-a-las-9.45.27.png","contentUrl":"https:\/\/ajeandalucia.org\/sevilla\/wp-content\/uploads\/sites\/11\/2026\/04\/Captura-de-pantalla-2026-04-27-a-las-9.45.27.png","width":1448,"height":702},{"@type":"BreadcrumbList","@id":"https:\/\/ajeandalucia.org\/sevilla\/2026\/04\/27\/%f0%9f%9a%80-ayer-celebramos-relevo-360-en-gines-un-encuentro-centrado-en-el-relevo-generacional-como-motor-de-futuro-para-las-empresas-de-la-provincia-de-sevilla-durante-la-jornada-conocimo\/#breadcrumb","itemListElement":[{"@type":"ListItem","position":1,"name":"Portada","item":"https:\/\/ajeandalucia.org\/sevilla\/"},{"@type":"ListItem","position":2,"name":"&#x1f534;&#x1f680; Ayer celebramos Relevo 360\u00b0 en Gines, un encuentro centrado en el relevo generacional como motor de futuro para las empresas de la provincia de Sevilla. Durante la jornada, conocimos de primera mano casos reales que reflejan c\u00f3mo tradici\u00f3n, innovaci\u00f3n y continuidad pueden ir de la mano &#x1f4bc;&#x2728; Contamos con la participaci\u00f3n de: &#x1f539; Antonio Aguilar Magari\u00f1o, jefe de cocina y encargado de Bar Casa Carriles, negocio familiar con origen en 1925 en El Arenal y hoy consolidado en Gines como referente gastron\u00f3mico. Un ejemplo de evoluci\u00f3n, formaci\u00f3n y apuesta por la innovaci\u00f3n tras asumir el relevo generacional. &#x1f539; Jos\u00e9 Luis Pascual-Terrats Murube, arquitecto y gerente de Gines Plaza Parque Comercial, representante de la tercera generaci\u00f3n de este espacio comercial de referencia en el Aljarafe, en constante crecimiento y expansi\u00f3n. &#x1f539; Miguel Rodr\u00edguez Pav\u00f3n, de Autoescuela Gines, empresa familiar fundada en 1985, que ya trabaja en la modernizaci\u00f3n y digitalizaci\u00f3n del negocio y que asumir\u00e1 su direcci\u00f3n en los pr\u00f3ximos a\u00f1os, garantizando su continuidad. &#x1f539; Salvador Olivares, segunda generaci\u00f3n de una empresa con m\u00e1s de 40 a\u00f1os de trayectoria dedicada al alquiler de menaje de hosteler\u00eda, destacando por su compromiso, experiencia y capacidad para afrontar grandes proyectos. El encuentro finaliz\u00f3 con un espacio de networking donde los asistentes pudieron compartir experiencias y generar nuevas oportunidades &#x1f91d; &#x1f44f; Gracias a todos los ponentes por compartir su experiencia y a los asistentes por formar parte de esta jornada. &#x1f91d; Agradecemos la colaboraci\u00f3n del Ayuntamiento de Gines y la subvenci\u00f3n de la Diputaci\u00f3n de Sevilla para hacer posible este encuentro."}]},{"@type":"WebSite","@id":"https:\/\/ajeandalucia.org\/sevilla\/#website","url":"https:\/\/ajeandalucia.org\/sevilla\/","name":"AJE Sevilla","description":"Asociaci\u00f3n de J\u00f3venes Empresarios de Sevilla","publisher":{"@id":"https:\/\/ajeandalucia.org\/sevilla\/#organization"},"potentialAction":[{"@type":"SearchAction","target":{"@type":"EntryPoint","urlTemplate":"https:\/\/ajeandalucia.org\/sevilla\/?s={search_term_string}"},"query-input":{"@type":"PropertyValueSpecification","valueRequired":true,"valueName":"search_term_string"}}],"inLanguage":"es"},{"@type":"Organization","@id":"https:\/\/ajeandalucia.org\/sevilla\/#organization","name":"AJE Sevilla","url":"https:\/\/ajeandalucia.org\/sevilla\/","logo":{"@type":"ImageObject","inLanguage":"es","@id":"https:\/\/ajeandalucia.org\/sevilla\/#\/schema\/logo\/image\/","url":"https:\/\/ajeandalucia.org\/sevilla\/wp-content\/uploads\/sites\/11\/2025\/02\/AJE-SEVILLA-horizontal.png","contentUrl":"https:\/\/ajeandalucia.org\/sevilla\/wp-content\/uploads\/sites\/11\/2025\/02\/AJE-SEVILLA-horizontal.png","width":612,"height":200,"caption":"AJE Sevilla"},"image":{"@id":"https:\/\/ajeandalucia.org\/sevilla\/#\/schema\/logo\/image\/"}},{"@type":"Person","@id":"https:\/\/ajeandalucia.org\/sevilla\/#\/schema\/person\/0d17a62ec6ae5659110c772926e45151","name":"sevilla","image":{"@type":"ImageObject","inLanguage":"es","@id":"https:\/\/ajeandalucia.org\/sevilla\/#\/schema\/person\/image\/","url":"https:\/\/secure.gravatar.com\/avatar\/cade70fd47d0edc1a5b43a03b1093a39e149ff5361a81f13e9c7b090c17c4b94?s=96&d=mm&r=g","contentUrl":"https:\/\/secure.gravatar.com\/avatar\/cade70fd47d0edc1a5b43a03b1093a39e149ff5361a81f13e9c7b090c17c4b94?s=96&d=mm&r=g","caption":"sevilla"},"url":"https:\/\/ajeandalucia.org\/sevilla\/author\/sevilla\/"}]}},"_links":{"self":[{"href":"https:\/\/ajeandalucia.org\/sevilla\/wp-json\/wp\/v2\/posts\/12605","targetHints":{"allow":["GET"]}}],"collection":[{"href":"https:\/\/ajeandalucia.org\/sevilla\/wp-json\/wp\/v2\/posts"}],"about":[{"href":"https:\/\/ajeandalucia.org\/sevilla\/wp-json\/wp\/v2\/types\/post"}],"author":[{"embeddable":true,"href":"https:\/\/ajeandalucia.org\/sevilla\/wp-json\/wp\/v2\/users\/10"}],"replies":[{"embeddable":true,"href":"https:\/\/ajeandalucia.org\/sevilla\/wp-json\/wp\/v2\/comments?post=12605"}],"version-history":[{"count":2,"href":"https:\/\/ajeandalucia.org\/sevilla\/wp-json\/wp\/v2\/posts\/12605\/revisions"}],"predecessor-version":[{"id":12619,"href":"https:\/\/ajeandalucia.org\/sevilla\/wp-json\/wp\/v2\/posts\/12605\/revisions\/12619"}],"wp:featuredmedia":[{"embeddable":true,"href":"https:\/\/ajeandalucia.org\/sevilla\/wp-json\/wp\/v2\/media\/12597"}],"wp:attachment":[{"href":"https:\/\/ajeandalucia.org\/sevilla\/wp-json\/wp\/v2\/media?parent=12605"}],"wp:term":[{"taxonomy":"category","embeddable":true,"href":"https:\/\/ajeandalucia.org\/sevilla\/wp-json\/wp\/v2\/categories?post=12605"},{"taxonomy":"post_tag","embeddable":true,"href":"https:\/\/ajeandalucia.org\/sevilla\/wp-json\/wp\/v2\/tags?post=12605"}],"curies":[{"name":"wp","href":"https:\/\/api.w.org\/{rel}","templated":true}]}}